{"id":12748,"date":"2017-09-19T10:01:35","date_gmt":"2017-09-19T14:01:35","guid":{"rendered":"http:\/\/www.mpppst.gob.ve\/mpppstweb\/?p=12748"},"modified":"2017-09-19T10:01:35","modified_gmt":"2017-09-19T14:01:35","slug":"ministro-ovalles-se-impone-un-esfuerzo-por-liberar-y-desarrollar-las-fuerzas-productivas","status":"publish","type":"post","link":"https:\/\/www.mpppst.gob.ve\/mpppstweb\/index.php\/2017\/09\/19\/ministro-ovalles-se-impone-un-esfuerzo-por-liberar-y-desarrollar-las-fuerzas-productivas\/","title":{"rendered":"Ministro Ovalles: \u201cse impone un esfuerzo por liberar y desarrollar las fuerzas productivas\u201d"},"content":{"rendered":"<p>Por Gina Garc\u00eda<\/p>\n<p>En el Instituto Nacional de Capacitaci\u00f3n y Recreaci\u00f3n de los Trabajadores (INCRET) ubicado en la Ciudad Vacacional Los Caracas, estado Vargas, se llev\u00f3 a cabo un Encuentro\u00a0 Nacional de la Clase Obrera Trabajadora Productiva, Contraofensiva Econ\u00f3mica de Paz. Dicho evento estuvo presidido por el Ministro del Poder Popular para el Proceso Social del Trabajo, N\u00e9stor Valent\u00edn Ovalles, quien estuvo acompa\u00f1ado por los Constituyentes Carlos L\u00f3pez, Oswaldo Vera, Orlando Castillo, Marco Tulio D\u00edaz, entre otros.<\/p>\n<p>El ministro Ovalles present\u00f3 los lineamientos de la Contraofensiva Econ\u00f3mica de Paz, trazados por el presidente de la Rep\u00fablica Bolivariana de Venezuela, Nicol\u00e1s Maduro Moros el pasado 7 de septiembre del presente a\u00f1o en el seno de la Asamblea Nacional Constituyente (ANC).<\/p>\n<p>Tambi\u00e9n se\u00f1al\u00f3 que en las circunstancias de guerra econ\u00f3mica en la que se encuentra el pa\u00eds, se impone un esfuerzo por liberar y desarrollar las fuerzas productivas de nuestra sociedad.<\/p>\n<p>Para finalizar, dijo lo siguiente: \u201cNos hemos enfrentado a tres huracanes: el modelo econ\u00f3mico distorsionado del capitalismo neoliberal, la guerra econ\u00f3mica del capitalismo neoliberal y el bachaquerismo, la especulaci\u00f3n, el acaparamiento y la crisis estructural de los precios del petr\u00f3leo en el mercado internacional\u201d.<\/p>\n<p>&nbsp;<\/p>\n","protected":false},"excerpt":{"rendered":"<p>Por Gina Garc\u00eda En el Instituto Nacional de Capacitaci\u00f3n y Recreaci\u00f3n de los Trabajadores (INCRET) ubicado &hellip; <a title=\"Ministro Ovalles: \u201cse impone un esfuerzo por liberar y desarrollar las fuerzas productivas\u201d\" class=\"hm-read-more\" href=\"https:\/\/www.mpppst.gob.ve\/mpppstweb\/index.php\/2017\/09\/19\/ministro-ovalles-se-impone-un-esfuerzo-por-liberar-y-desarrollar-las-fuerzas-productivas\/\"><span class=\"screen-reader-text\">Ministro Ovalles: \u201cse impone un esfuerzo por liberar y desarrollar las fuerzas productivas\u201d<\/span>Read more<\/a><\/p>\n","protected":false},"author":25,"featured_media":12749,"comment_status":"closed","ping_status":"closed","sticky":false,"template":"","format":"standard","meta":{"footnotes":""},"categories":[82,163],"tags":[],"yoast_head":"<!-- This site is optimized with the Yoast SEO plugin v22.5 - https:\/\/yoast.com\/wordpress\/plugins\/seo\/ -->\n<title>Ministro Ovalles: \u201cse impone un esfuerzo por liberar y desarrollar las fuerzas productivas\u201d - MPPPST<\/title>\n<meta name=\"robots\" content=\"index, follow, max-snippet:-1, max-image-preview:large, max-video-preview:-1\" \/>\n<link rel=\"canonical\" href=\"https:\/\/www.mpppst.gob.ve\/mpppstweb\/index.php\/2017\/09\/19\/ministro-ovalles-se-impone-un-esfuerzo-por-liberar-y-desarrollar-las-fuerzas-productivas\/\" \/>\n<meta property=\"og:locale\" content=\"es_ES\" \/>\n<meta property=\"og:type\" content=\"article\" \/>\n<meta property=\"og:title\" content=\"Ministro Ovalles: \u201cse impone un esfuerzo por liberar y desarrollar las fuerzas productivas\u201d - MPPPST\" \/>\n<meta property=\"og:description\" content=\"Por Gina Garc\u00eda En el Instituto Nacional de Capacitaci\u00f3n y Recreaci\u00f3n de los Trabajadores (INCRET) ubicado &hellip; Ministro Ovalles: \u201cse impone un esfuerzo por liberar y desarrollar las fuerzas productivas\u201dRead more\" \/>\n<meta property=\"og:url\" content=\"https:\/\/www.mpppst.gob.ve\/mpppstweb\/index.php\/2017\/09\/19\/ministro-ovalles-se-impone-un-esfuerzo-por-liberar-y-desarrollar-las-fuerzas-productivas\/\" \/>\n<meta property=\"og:site_name\" content=\"MPPPST\" \/>\n<meta property=\"article:published_time\" content=\"2017-09-19T14:01:35+00:00\" \/>\n<meta property=\"og:image\" content=\"https:\/\/www.mpppst.gob.ve\/mpppstweb\/wp-content\/uploads\/2017\/09\/800x445-INCRET.jpg\" \/>\n\t<meta property=\"og:image:width\" content=\"800\" \/>\n\t<meta property=\"og:image:height\" content=\"445\" \/>\n\t<meta property=\"og:image:type\" content=\"image\/jpeg\" \/>\n<meta name=\"author\" content=\"MPPPST Prensa\" \/>\n<meta name=\"twitter:card\" content=\"summary_large_image\" \/>\n<meta name=\"twitter:label1\" content=\"Escrito por\" \/>\n\t<meta name=\"twitter:data1\" content=\"MPPPST Prensa\" \/>\n\t<meta name=\"twitter:label2\" content=\"Tiempo de lectura\" \/>\n\t<meta name=\"twitter:data2\" content=\"1 minuto\" \/>\n<script type=\"application\/ld+json\" class=\"yoast-schema-graph\">{\"@context\":\"https:\/\/schema.org\",\"@graph\":[{\"@type\":\"Article\",\"@id\":\"https:\/\/www.mpppst.gob.ve\/mpppstweb\/index.php\/2017\/09\/19\/ministro-ovalles-se-impone-un-esfuerzo-por-liberar-y-desarrollar-las-fuerzas-productivas\/#article\",\"isPartOf\":{\"@id\":\"https:\/\/www.mpppst.gob.ve\/mpppstweb\/index.php\/2017\/09\/19\/ministro-ovalles-se-impone-un-esfuerzo-por-liberar-y-desarrollar-las-fuerzas-productivas\/\"},\"author\":{\"name\":\"MPPPST Prensa\",\"@id\":\"https:\/\/www.mpppst.gob.ve\/mpppstweb\/#\/schema\/person\/fc187ee8ead412bd4c9304b62f900ea4\"},\"headline\":\"Ministro Ovalles: \u201cse impone un esfuerzo por liberar y desarrollar las fuerzas productivas\u201d\",\"datePublished\":\"2017-09-19T14:01:35+00:00\",\"dateModified\":\"2017-09-19T14:01:35+00:00\",\"mainEntityOfPage\":{\"@id\":\"https:\/\/www.mpppst.gob.ve\/mpppstweb\/index.php\/2017\/09\/19\/ministro-ovalles-se-impone-un-esfuerzo-por-liberar-y-desarrollar-las-fuerzas-productivas\/\"},\"wordCount\":227,\"publisher\":{\"@id\":\"https:\/\/www.mpppst.gob.ve\/mpppstweb\/#organization\"},\"image\":{\"@id\":\"https:\/\/www.mpppst.gob.ve\/mpppstweb\/index.php\/2017\/09\/19\/ministro-ovalles-se-impone-un-esfuerzo-por-liberar-y-desarrollar-las-fuerzas-productivas\/#primaryimage\"},\"thumbnailUrl\":\"https:\/\/www.mpppst.gob.ve\/mpppstweb\/wp-content\/uploads\/2017\/09\/800x445-INCRET.jpg\",\"articleSection\":[\"Gobierno Nacional\",\"Noticias\"],\"inLanguage\":\"es\"},{\"@type\":\"WebPage\",\"@id\":\"https:\/\/www.mpppst.gob.ve\/mpppstweb\/index.php\/2017\/09\/19\/ministro-ovalles-se-impone-un-esfuerzo-por-liberar-y-desarrollar-las-fuerzas-productivas\/\",\"url\":\"https:\/\/www.mpppst.gob.ve\/mpppstweb\/index.php\/2017\/09\/19\/ministro-ovalles-se-impone-un-esfuerzo-por-liberar-y-desarrollar-las-fuerzas-productivas\/\",\"name\":\"Ministro Ovalles: \u201cse impone un esfuerzo por liberar y desarrollar las fuerzas productivas\u201d - MPPPST\",\"isPartOf\":{\"@id\":\"https:\/\/www.mpppst.gob.ve\/mpppstweb\/#website\"},\"primaryImageOfPage\":{\"@id\":\"https:\/\/www.mpppst.gob.ve\/mpppstweb\/index.php\/2017\/09\/19\/ministro-ovalles-se-impone-un-esfuerzo-por-liberar-y-desarrollar-las-fuerzas-productivas\/#primaryimage\"},\"image\":{\"@id\":\"https:\/\/www.mpppst.gob.ve\/mpppstweb\/index.php\/2017\/09\/19\/ministro-ovalles-se-impone-un-esfuerzo-por-liberar-y-desarrollar-las-fuerzas-productivas\/#primaryimage\"},\"thumbnailUrl\":\"https:\/\/www.mpppst.gob.ve\/mpppstweb\/wp-content\/uploads\/2017\/09\/800x445-INCRET.jpg\",\"datePublished\":\"2017-09-19T14:01:35+00:00\",\"dateModified\":\"2017-09-19T14:01:35+00:00\",\"breadcrumb\":{\"@id\":\"https:\/\/www.mpppst.gob.ve\/mpppstweb\/index.php\/2017\/09\/19\/ministro-ovalles-se-impone-un-esfuerzo-por-liberar-y-desarrollar-las-fuerzas-productivas\/#breadcrumb\"},\"inLanguage\":\"es\",\"potentialAction\":[{\"@type\":\"ReadAction\",\"target\":[\"https:\/\/www.mpppst.gob.ve\/mpppstweb\/index.php\/2017\/09\/19\/ministro-ovalles-se-impone-un-esfuerzo-por-liberar-y-desarrollar-las-fuerzas-productivas\/\"]}]},{\"@type\":\"ImageObject\",\"inLanguage\":\"es\",\"@id\":\"https:\/\/www.mpppst.gob.ve\/mpppstweb\/index.php\/2017\/09\/19\/ministro-ovalles-se-impone-un-esfuerzo-por-liberar-y-desarrollar-las-fuerzas-productivas\/#primaryimage\",\"url\":\"https:\/\/www.mpppst.gob.ve\/mpppstweb\/wp-content\/uploads\/2017\/09\/800x445-INCRET.jpg\",\"contentUrl\":\"https:\/\/www.mpppst.gob.ve\/mpppstweb\/wp-content\/uploads\/2017\/09\/800x445-INCRET.jpg\",\"width\":800,\"height\":445},{\"@type\":\"BreadcrumbList\",\"@id\":\"https:\/\/www.mpppst.gob.ve\/mpppstweb\/index.php\/2017\/09\/19\/ministro-ovalles-se-impone-un-esfuerzo-por-liberar-y-desarrollar-las-fuerzas-productivas\/#breadcrumb\",\"itemListElement\":[{\"@type\":\"ListItem\",\"position\":1,\"name\":\"Home\",\"item\":\"https:\/\/www.mpppst.gob.ve\/mpppstweb\/\"},{\"@type\":\"ListItem\",\"position\":2,\"name\":\"Ministro Ovalles: \u201cse impone un esfuerzo por liberar y desarrollar las fuerzas productivas\u201d\"}]},{\"@type\":\"WebSite\",\"@id\":\"https:\/\/www.mpppst.gob.ve\/mpppstweb\/#website\",\"url\":\"https:\/\/www.mpppst.gob.ve\/mpppstweb\/\",\"name\":\"MPPPST\",\"description\":\"Ministerio del Poder Popular para el Proceso Social de Trabajo\",\"publisher\":{\"@id\":\"https:\/\/www.mpppst.gob.ve\/mpppstweb\/#organization\"},\"potentialAction\":[{\"@type\":\"SearchAction\",\"target\":{\"@type\":\"EntryPoint\",\"urlTemplate\":\"https:\/\/www.mpppst.gob.ve\/mpppstweb\/?s={search_term_string}\"},\"query-input\":\"required name=search_term_string\"}],\"inLanguage\":\"es\"},{\"@type\":\"Organization\",\"@id\":\"https:\/\/www.mpppst.gob.ve\/mpppstweb\/#organization\",\"name\":\"mpppst\",\"url\":\"https:\/\/www.mpppst.gob.ve\/mpppstweb\/\",\"logo\":{\"@type\":\"ImageObject\",\"inLanguage\":\"es\",\"@id\":\"https:\/\/www.mpppst.gob.ve\/mpppstweb\/#\/schema\/logo\/image\/\",\"url\":\"https:\/\/www.mpppst.gob.ve\/mpppstweb\/wp-content\/uploads\/2025\/07\/cropped-cropped-g910.png\",\"contentUrl\":\"https:\/\/www.mpppst.gob.ve\/mpppstweb\/wp-content\/uploads\/2025\/07\/cropped-cropped-g910.png\",\"width\":1080,\"height\":241,\"caption\":\"mpppst\"},\"image\":{\"@id\":\"https:\/\/www.mpppst.gob.ve\/mpppstweb\/#\/schema\/logo\/image\/\"}},{\"@type\":\"Person\",\"@id\":\"https:\/\/www.mpppst.gob.ve\/mpppstweb\/#\/schema\/person\/fc187ee8ead412bd4c9304b62f900ea4\",\"name\":\"MPPPST Prensa\",\"url\":\"https:\/\/www.mpppst.gob.ve\/mpppstweb\/index.php\/author\/prensa-mpppst\/\"}]}<\/script>\n<!-- \/ Yoast SEO plugin. -->","yoast_head_json":{"title":"Ministro Ovalles: \u201cse impone un esfuerzo por liberar y desarrollar las fuerzas productivas\u201d - MPPPST","robots":{"index":"index","follow":"follow","max-snippet":"max-snippet:-1","max-image-preview":"max-image-preview:large","max-video-preview":"max-video-preview:-1"},"canonical":"https:\/\/www.mpppst.gob.ve\/mpppstweb\/index.php\/2017\/09\/19\/ministro-ovalles-se-impone-un-esfuerzo-por-liberar-y-desarrollar-las-fuerzas-productivas\/","og_locale":"es_ES","og_type":"article","og_title":"Ministro Ovalles: \u201cse impone un esfuerzo por liberar y desarrollar las fuerzas productivas\u201d - MPPPST","og_description":"Por Gina Garc\u00eda En el Instituto Nacional de Capacitaci\u00f3n y Recreaci\u00f3n de los Trabajadores (INCRET) ubicado &hellip; Ministro Ovalles: \u201cse impone un esfuerzo por liberar y desarrollar las fuerzas productivas\u201dRead more","og_url":"https:\/\/www.mpppst.gob.ve\/mpppstweb\/index.php\/2017\/09\/19\/ministro-ovalles-se-impone-un-esfuerzo-por-liberar-y-desarrollar-las-fuerzas-productivas\/","og_site_name":"MPPPST","article_published_time":"2017-09-19T14:01:35+00:00","og_image":[{"width":800,"height":445,"url":"https:\/\/www.mpppst.gob.ve\/mpppstweb\/wp-content\/uploads\/2017\/09\/800x445-INCRET.jpg","type":"image\/jpeg"}],"author":"MPPPST Prensa","twitter_card":"summary_large_image","twitter_misc":{"Escrito por":"MPPPST Prensa","Tiempo de lectura":"1 minuto"},"schema":{"@context":"https:\/\/schema.org","@graph":[{"@type":"Article","@id":"https:\/\/www.mpppst.gob.ve\/mpppstweb\/index.php\/2017\/09\/19\/ministro-ovalles-se-impone-un-esfuerzo-por-liberar-y-desarrollar-las-fuerzas-productivas\/#article","isPartOf":{"@id":"https:\/\/www.mpppst.gob.ve\/mpppstweb\/index.php\/2017\/09\/19\/ministro-ovalles-se-impone-un-esfuerzo-por-liberar-y-desarrollar-las-fuerzas-productivas\/"},"author":{"name":"MPPPST Prensa","@id":"https:\/\/www.mpppst.gob.ve\/mpppstweb\/#\/schema\/person\/fc187ee8ead412bd4c9304b62f900ea4"},"headline":"Ministro Ovalles: \u201cse impone un esfuerzo por liberar y desarrollar las fuerzas productivas\u201d","datePublished":"2017-09-19T14:01:35+00:00","dateModified":"2017-09-19T14:01:35+00:00","mainEntityOfPage":{"@id":"https:\/\/www.mpppst.gob.ve\/mpppstweb\/index.php\/2017\/09\/19\/ministro-ovalles-se-impone-un-esfuerzo-por-liberar-y-desarrollar-las-fuerzas-productivas\/"},"wordCount":227,"publisher":{"@id":"https:\/\/www.mpppst.gob.ve\/mpppstweb\/#organization"},"image":{"@id":"https:\/\/www.mpppst.gob.ve\/mpppstweb\/index.php\/2017\/09\/19\/ministro-ovalles-se-impone-un-esfuerzo-por-liberar-y-desarrollar-las-fuerzas-productivas\/#primaryimage"},"thumbnailUrl":"https:\/\/www.mpppst.gob.ve\/mpppstweb\/wp-content\/uploads\/2017\/09\/800x445-INCRET.jpg","articleSection":["Gobierno Nacional","Noticias"],"inLanguage":"es"},{"@type":"WebPage","@id":"https:\/\/www.mpppst.gob.ve\/mpppstweb\/index.php\/2017\/09\/19\/ministro-ovalles-se-impone-un-esfuerzo-por-liberar-y-desarrollar-las-fuerzas-productivas\/","url":"https:\/\/www.mpppst.gob.ve\/mpppstweb\/index.php\/2017\/09\/19\/ministro-ovalles-se-impone-un-esfuerzo-por-liberar-y-desarrollar-las-fuerzas-productivas\/","name":"Ministro Ovalles: \u201cse impone un esfuerzo por liberar y desarrollar las fuerzas productivas\u201d - MPPPST","isPartOf":{"@id":"https:\/\/www.mpppst.gob.ve\/mpppstweb\/#website"},"primaryImageOfPage":{"@id":"https:\/\/www.mpppst.gob.ve\/mpppstweb\/index.php\/2017\/09\/19\/ministro-ovalles-se-impone-un-esfuerzo-por-liberar-y-desarrollar-las-fuerzas-productivas\/#primaryimage"},"image":{"@id":"https:\/\/www.mpppst.gob.ve\/mpppstweb\/index.php\/2017\/09\/19\/ministro-ovalles-se-impone-un-esfuerzo-por-liberar-y-desarrollar-las-fuerzas-productivas\/#primaryimage"},"thumbnailUrl":"https:\/\/www.mpppst.gob.ve\/mpppstweb\/wp-content\/uploads\/2017\/09\/800x445-INCRET.jpg","datePublished":"2017-09-19T14:01:35+00:00","dateModified":"2017-09-19T14:01:35+00:00","breadcrumb":{"@id":"https:\/\/www.mpppst.gob.ve\/mpppstweb\/index.php\/2017\/09\/19\/ministro-ovalles-se-impone-un-esfuerzo-por-liberar-y-desarrollar-las-fuerzas-productivas\/#breadcrumb"},"inLanguage":"es","potentialAction":[{"@type":"ReadAction","target":["https:\/\/www.mpppst.gob.ve\/mpppstweb\/index.php\/2017\/09\/19\/ministro-ovalles-se-impone-un-esfuerzo-por-liberar-y-desarrollar-las-fuerzas-productivas\/"]}]},{"@type":"ImageObject","inLanguage":"es","@id":"https:\/\/www.mpppst.gob.ve\/mpppstweb\/index.php\/2017\/09\/19\/ministro-ovalles-se-impone-un-esfuerzo-por-liberar-y-desarrollar-las-fuerzas-productivas\/#primaryimage","url":"https:\/\/www.mpppst.gob.ve\/mpppstweb\/wp-content\/uploads\/2017\/09\/800x445-INCRET.jpg","contentUrl":"https:\/\/www.mpppst.gob.ve\/mpppstweb\/wp-content\/uploads\/2017\/09\/800x445-INCRET.jpg","width":800,"height":445},{"@type":"BreadcrumbList","@id":"https:\/\/www.mpppst.gob.ve\/mpppstweb\/index.php\/2017\/09\/19\/ministro-ovalles-se-impone-un-esfuerzo-por-liberar-y-desarrollar-las-fuerzas-productivas\/#breadcrumb","itemListElement":[{"@type":"ListItem","position":1,"name":"Home","item":"https:\/\/www.mpppst.gob.ve\/mpppstweb\/"},{"@type":"ListItem","position":2,"name":"Ministro Ovalles: \u201cse impone un esfuerzo por liberar y desarrollar las fuerzas productivas\u201d"}]},{"@type":"WebSite","@id":"https:\/\/www.mpppst.gob.ve\/mpppstweb\/#website","url":"https:\/\/www.mpppst.gob.ve\/mpppstweb\/","name":"MPPPST","description":"Ministerio del Poder Popular para el Proceso Social de Trabajo","publisher":{"@id":"https:\/\/www.mpppst.gob.ve\/mpppstweb\/#organization"},"potentialAction":[{"@type":"SearchAction","target":{"@type":"EntryPoint","urlTemplate":"https:\/\/www.mpppst.gob.ve\/mpppstweb\/?s={search_term_string}"},"query-input":"required name=search_term_string"}],"inLanguage":"es"},{"@type":"Organization","@id":"https:\/\/www.mpppst.gob.ve\/mpppstweb\/#organization","name":"mpppst","url":"https:\/\/www.mpppst.gob.ve\/mpppstweb\/","logo":{"@type":"ImageObject","inLanguage":"es","@id":"https:\/\/www.mpppst.gob.ve\/mpppstweb\/#\/schema\/logo\/image\/","url":"https:\/\/www.mpppst.gob.ve\/mpppstweb\/wp-content\/uploads\/2025\/07\/cropped-cropped-g910.png","contentUrl":"https:\/\/www.mpppst.gob.ve\/mpppstweb\/wp-content\/uploads\/2025\/07\/cropped-cropped-g910.png","width":1080,"height":241,"caption":"mpppst"},"image":{"@id":"https:\/\/www.mpppst.gob.ve\/mpppstweb\/#\/schema\/logo\/image\/"}},{"@type":"Person","@id":"https:\/\/www.mpppst.gob.ve\/mpppstweb\/#\/schema\/person\/fc187ee8ead412bd4c9304b62f900ea4","name":"MPPPST Prensa","url":"https:\/\/www.mpppst.gob.ve\/mpppstweb\/index.php\/author\/prensa-mpppst\/"}]}},"_links":{"self":[{"href":"https:\/\/www.mpppst.gob.ve\/mpppstweb\/index.php\/wp-json\/wp\/v2\/posts\/12748"}],"collection":[{"href":"https:\/\/www.mpppst.gob.ve\/mpppstweb\/index.php\/wp-json\/wp\/v2\/posts"}],"about":[{"href":"https:\/\/www.mpppst.gob.ve\/mpppstweb\/index.php\/wp-json\/wp\/v2\/types\/post"}],"author":[{"embeddable":true,"href":"https:\/\/www.mpppst.gob.ve\/mpppstweb\/index.php\/wp-json\/wp\/v2\/users\/25"}],"replies":[{"embeddable":true,"href":"https:\/\/www.mpppst.gob.ve\/mpppstweb\/index.php\/wp-json\/wp\/v2\/comments?post=12748"}],"version-history":[{"count":1,"href":"https:\/\/www.mpppst.gob.ve\/mpppstweb\/index.php\/wp-json\/wp\/v2\/posts\/12748\/revisions"}],"predecessor-version":[{"id":12750,"href":"https:\/\/www.mpppst.gob.ve\/mpppstweb\/index.php\/wp-json\/wp\/v2\/posts\/12748\/revisions\/12750"}],"wp:featuredmedia":[{"embeddable":true,"href":"https:\/\/www.mpppst.gob.ve\/mpppstweb\/index.php\/wp-json\/wp\/v2\/media\/12749"}],"wp:attachment":[{"href":"https:\/\/www.mpppst.gob.ve\/mpppstweb\/index.php\/wp-json\/wp\/v2\/media?parent=12748"}],"wp:term":[{"taxonomy":"category","embeddable":true,"href":"https:\/\/www.mpppst.gob.ve\/mpppstweb\/index.php\/wp-json\/wp\/v2\/categories?post=12748"},{"taxonomy":"post_tag","embeddable":true,"href":"https:\/\/www.mpppst.gob.ve\/mpppstweb\/index.php\/wp-json\/wp\/v2\/tags?post=12748"}],"curies":[{"name":"wp","href":"https:\/\/api.w.org\/{rel}","templated":true}]}}