{"id":12752,"date":"2017-09-19T15:07:53","date_gmt":"2017-09-19T19:07:53","guid":{"rendered":"http:\/\/www.mpppst.gob.ve\/mpppstweb\/?p=12752"},"modified":"2017-09-19T15:07:53","modified_gmt":"2017-09-19T19:07:53","slug":"ministro-ovalles-con-motivo-del-inicio-de-clases-el-pueblo-no-renuncia-a-emanciparse","status":"publish","type":"post","link":"https:\/\/www.mpppst.gob.ve\/mpppstweb\/index.php\/2017\/09\/19\/ministro-ovalles-con-motivo-del-inicio-de-clases-el-pueblo-no-renuncia-a-emanciparse\/","title":{"rendered":"Ministro Ovalles con motivo del inicio de clases:  \u00abEl pueblo no renuncia a emanciparse\u201d"},"content":{"rendered":"<p>Marbelys Mav\u00e1rez Laguna<\/p>\n<p>Con motivo del inicio de las clases en Venezuela, el ministro del Poder Popular para el Proceso Social de Trabajo, N\u00e9stor Ovalles, realiz\u00f3 un programa dedicado al significado, alcance, sentido de lo que representa estudiar en Venezuela en el marco de una pol\u00edtica inclusiva que garantiza en primer lugar la incorporaci\u00f3n y prosecuci\u00f3n de los estudiantes en este sistema que, no est\u00e1 de m\u00e1s decir, \u00a0en Venezuela tiene unas caracter\u00edsticas muy peculiares.<\/p>\n<p>En primer lugar \u00a0se refiri\u00f3 a una sentencia o pensamiento que se atribuye a Horacio Zeballos, quien habr\u00eda se\u00f1alado lo siguiente: \u201cmaestro, en tu libro de lucha he aprendido que no traicionar es un mandamiento\u201d. Esto lo dijo en franca alusi\u00f3n al modelo educativo del pa\u00eds, el cual debe ser garante de inculcar lealtad y sentimiento patrio.<\/p>\n<p>\u201cSe ha desatado una jaur\u00eda contra Venezuela\u201d, espet\u00f3 al tiempo que se\u00f1alaba que el inicio del a\u00f1o escolar ocurre en medio de dificultades y del gran asedio de algunas potencias que se han propuesto dominar la Patria por cualquier v\u00eda, incluso la factual. No obstante, \u201cel pueblo no renuncia a emanciparse\u201d. Y la educaci\u00f3n es una de las formas m\u00e1s sublimes para lograrlo.<\/p>\n<p>Omar Hurtado, profesor del Pedag\u00f3gico y quien adem\u00e1s fue profesor del ministro Ovalles, dijo que \u201ces significativo que en medio del acoso contra la Revoluci\u00f3n Bolivariana empiece un a\u00f1o escolar con tantas expectativas. M\u00e1s de 6 millones se incorporan esta pr\u00f3xima semana y con la puesta en marcha \u00a0del inicio de clases en las Universidades ser\u00e1n m\u00e1s de 10 millones de escolarizados con dotaci\u00f3n de uniformes, con el Programa de Alimentaci\u00f3n Escolar, las Canaimitas, los incrementos salariales de los maestros y profesores\u2026 No es poca cosa poner en marcha el motor m\u00e1s esperanzador que es la educaci\u00f3n\u201d, dijo Hurtado al tiempo que agregaba que en la ONU vuelve a oler a azufre y que el Imperio de los Estados Unidos ha enfocado sus bater\u00edas contra la Revoluci\u00f3n Bolivariana.<\/p>\n<p><strong>Las m\u00e1s hermosas pedagog\u00edas <\/strong><\/p>\n<p>Asimismo, Hurtado manifest\u00f3 que desde Am\u00e9rica Latina han florecido las m\u00e1s hermosas pedagog\u00edas. Aludi\u00f3 a pedagogos como Jos\u00e9 Carlos Mari\u00e1tegui, Bel\u00e9n San Juan, Gabriela Mistral, Sim\u00f3n Rodr\u00edguez, Elio G\u00f3mez Grillo, Miguel \u00c1ngel Caro, Luis Beltr\u00e1n Prieto Figueroa, entre tantos otros.<\/p>\n<p>Asimismo, Marcos Tello, del Movimiento de Liberaci\u00f3n Nacional (M\u00e9xico), quien es historiador, economista y ha trabajado en la Universidad Obrera de M\u00e9xico, manifest\u00f3 que en su pa\u00eds se ha propugnado una reformado educativa que est\u00e1 sustentada sobre bases endebles y que en el modelo capitalista de explotaci\u00f3n no hay lugar para nosotros, el pueblo.<\/p>\n<p>Explic\u00f3 adem\u00e1s que el pueblo mexicano se ha movilizado en miles de batallas y que las movilizaciones que se han dado en Am\u00e9rica Latina hablan de la necesidad de otro imaginario y otra realidad. En este sentido, cit\u00f3 lo ocurrido en Venezuela en las elecciones para la Asamblea Nacional Constituyente, donde m\u00e1s de 8 millones de venezolanos\u00a0 votaron por una ideolog\u00eda y por un imaginario.<\/p>\n<p>Foto: F\u00e9lix Ordaz<\/p>\n","protected":false},"excerpt":{"rendered":"<p>Marbelys Mav\u00e1rez Laguna Con motivo del inicio de las clases en Venezuela, el ministro del Poder &hellip; <a title=\"Ministro Ovalles con motivo del inicio de clases:  \u00abEl pueblo no renuncia a emanciparse\u201d\" class=\"hm-read-more\" href=\"https:\/\/www.mpppst.gob.ve\/mpppstweb\/index.php\/2017\/09\/19\/ministro-ovalles-con-motivo-del-inicio-de-clases-el-pueblo-no-renuncia-a-emanciparse\/\"><span class=\"screen-reader-text\">Ministro Ovalles con motivo del inicio de clases:  \u00abEl pueblo no renuncia a emanciparse\u201d<\/span>Read more<\/a><\/p>\n","protected":false},"author":25,"featured_media":12754,"comment_status":"closed","ping_status":"closed","sticky":false,"template":"","format":"standard","meta":{"footnotes":""},"categories":[82,360,163],"tags":[],"yoast_head":"<!-- This site is optimized with the Yoast SEO plugin v22.5 - https:\/\/yoast.com\/wordpress\/plugins\/seo\/ -->\n<title>Ministro Ovalles con motivo del inicio de clases: &quot;El pueblo no renuncia a emanciparse\u201d - MPPPST<\/title>\n<meta name=\"robots\" content=\"index, follow, max-snippet:-1, max-image-preview:large, max-video-preview:-1\" \/>\n<link rel=\"canonical\" href=\"https:\/\/www.mpppst.gob.ve\/mpppstweb\/index.php\/2017\/09\/19\/ministro-ovalles-con-motivo-del-inicio-de-clases-el-pueblo-no-renuncia-a-emanciparse\/\" \/>\n<meta property=\"og:locale\" content=\"es_ES\" \/>\n<meta property=\"og:type\" content=\"article\" \/>\n<meta property=\"og:title\" content=\"Ministro Ovalles con motivo del inicio de clases: &quot;El pueblo no renuncia a emanciparse\u201d - MPPPST\" \/>\n<meta property=\"og:description\" content=\"Marbelys Mav\u00e1rez Laguna Con motivo del inicio de las clases en Venezuela, el ministro del Poder &hellip; Ministro Ovalles con motivo del inicio de clases: \u00abEl pueblo no renuncia a emanciparse\u201dRead more\" \/>\n<meta property=\"og:url\" content=\"https:\/\/www.mpppst.gob.ve\/mpppstweb\/index.php\/2017\/09\/19\/ministro-ovalles-con-motivo-del-inicio-de-clases-el-pueblo-no-renuncia-a-emanciparse\/\" \/>\n<meta property=\"og:site_name\" content=\"MPPPST\" \/>\n<meta property=\"article:published_time\" content=\"2017-09-19T19:07:53+00:00\" \/>\n<meta property=\"og:image\" content=\"https:\/\/www.mpppst.gob.ve\/mpppstweb\/wp-content\/uploads\/2017\/09\/Radio-Miraflores.jpg\" \/>\n\t<meta property=\"og:image:width\" content=\"800\" \/>\n\t<meta property=\"og:image:height\" content=\"445\" \/>\n\t<meta property=\"og:image:type\" content=\"image\/jpeg\" \/>\n<meta name=\"author\" content=\"MPPPST Prensa\" \/>\n<meta name=\"twitter:card\" content=\"summary_large_image\" \/>\n<meta name=\"twitter:label1\" content=\"Escrito por\" \/>\n\t<meta name=\"twitter:data1\" content=\"MPPPST Prensa\" \/>\n\t<meta name=\"twitter:label2\" content=\"Tiempo de lectura\" \/>\n\t<meta name=\"twitter:data2\" content=\"3 minutos\" \/>\n<script type=\"application\/ld+json\" class=\"yoast-schema-graph\">{\"@context\":\"https:\/\/schema.org\",\"@graph\":[{\"@type\":\"Article\",\"@id\":\"https:\/\/www.mpppst.gob.ve\/mpppstweb\/index.php\/2017\/09\/19\/ministro-ovalles-con-motivo-del-inicio-de-clases-el-pueblo-no-renuncia-a-emanciparse\/#article\",\"isPartOf\":{\"@id\":\"https:\/\/www.mpppst.gob.ve\/mpppstweb\/index.php\/2017\/09\/19\/ministro-ovalles-con-motivo-del-inicio-de-clases-el-pueblo-no-renuncia-a-emanciparse\/\"},\"author\":{\"name\":\"MPPPST Prensa\",\"@id\":\"https:\/\/www.mpppst.gob.ve\/mpppstweb\/#\/schema\/person\/fc187ee8ead412bd4c9304b62f900ea4\"},\"headline\":\"Ministro Ovalles con motivo del inicio de clases: \u00abEl pueblo no renuncia a emanciparse\u201d\",\"datePublished\":\"2017-09-19T19:07:53+00:00\",\"dateModified\":\"2017-09-19T19:07:53+00:00\",\"mainEntityOfPage\":{\"@id\":\"https:\/\/www.mpppst.gob.ve\/mpppstweb\/index.php\/2017\/09\/19\/ministro-ovalles-con-motivo-del-inicio-de-clases-el-pueblo-no-renuncia-a-emanciparse\/\"},\"wordCount\":552,\"publisher\":{\"@id\":\"https:\/\/www.mpppst.gob.ve\/mpppstweb\/#organization\"},\"image\":{\"@id\":\"https:\/\/www.mpppst.gob.ve\/mpppstweb\/index.php\/2017\/09\/19\/ministro-ovalles-con-motivo-del-inicio-de-clases-el-pueblo-no-renuncia-a-emanciparse\/#primaryimage\"},\"thumbnailUrl\":\"https:\/\/www.mpppst.gob.ve\/mpppstweb\/wp-content\/uploads\/2017\/09\/Radio-Miraflores.jpg\",\"articleSection\":[\"Gobierno Nacional\",\"Movimientos Sociales\",\"Noticias\"],\"inLanguage\":\"es\"},{\"@type\":\"WebPage\",\"@id\":\"https:\/\/www.mpppst.gob.ve\/mpppstweb\/index.php\/2017\/09\/19\/ministro-ovalles-con-motivo-del-inicio-de-clases-el-pueblo-no-renuncia-a-emanciparse\/\",\"url\":\"https:\/\/www.mpppst.gob.ve\/mpppstweb\/index.php\/2017\/09\/19\/ministro-ovalles-con-motivo-del-inicio-de-clases-el-pueblo-no-renuncia-a-emanciparse\/\",\"name\":\"Ministro Ovalles con motivo del inicio de clases: \\\"El pueblo no renuncia a emanciparse\u201d - MPPPST\",\"isPartOf\":{\"@id\":\"https:\/\/www.mpppst.gob.ve\/mpppstweb\/#website\"},\"primaryImageOfPage\":{\"@id\":\"https:\/\/www.mpppst.gob.ve\/mpppstweb\/index.php\/2017\/09\/19\/ministro-ovalles-con-motivo-del-inicio-de-clases-el-pueblo-no-renuncia-a-emanciparse\/#primaryimage\"},\"image\":{\"@id\":\"https:\/\/www.mpppst.gob.ve\/mpppstweb\/index.php\/2017\/09\/19\/ministro-ovalles-con-motivo-del-inicio-de-clases-el-pueblo-no-renuncia-a-emanciparse\/#primaryimage\"},\"thumbnailUrl\":\"https:\/\/www.mpppst.gob.ve\/mpppstweb\/wp-content\/uploads\/2017\/09\/Radio-Miraflores.jpg\",\"datePublished\":\"2017-09-19T19:07:53+00:00\",\"dateModified\":\"2017-09-19T19:07:53+00:00\",\"breadcrumb\":{\"@id\":\"https:\/\/www.mpppst.gob.ve\/mpppstweb\/index.php\/2017\/09\/19\/ministro-ovalles-con-motivo-del-inicio-de-clases-el-pueblo-no-renuncia-a-emanciparse\/#breadcrumb\"},\"inLanguage\":\"es\",\"potentialAction\":[{\"@type\":\"ReadAction\",\"target\":[\"https:\/\/www.mpppst.gob.ve\/mpppstweb\/index.php\/2017\/09\/19\/ministro-ovalles-con-motivo-del-inicio-de-clases-el-pueblo-no-renuncia-a-emanciparse\/\"]}]},{\"@type\":\"ImageObject\",\"inLanguage\":\"es\",\"@id\":\"https:\/\/www.mpppst.gob.ve\/mpppstweb\/index.php\/2017\/09\/19\/ministro-ovalles-con-motivo-del-inicio-de-clases-el-pueblo-no-renuncia-a-emanciparse\/#primaryimage\",\"url\":\"https:\/\/www.mpppst.gob.ve\/mpppstweb\/wp-content\/uploads\/2017\/09\/Radio-Miraflores.jpg\",\"contentUrl\":\"https:\/\/www.mpppst.gob.ve\/mpppstweb\/wp-content\/uploads\/2017\/09\/Radio-Miraflores.jpg\",\"width\":800,\"height\":445},{\"@type\":\"BreadcrumbList\",\"@id\":\"https:\/\/www.mpppst.gob.ve\/mpppstweb\/index.php\/2017\/09\/19\/ministro-ovalles-con-motivo-del-inicio-de-clases-el-pueblo-no-renuncia-a-emanciparse\/#breadcrumb\",\"itemListElement\":[{\"@type\":\"ListItem\",\"position\":1,\"name\":\"Home\",\"item\":\"https:\/\/www.mpppst.gob.ve\/mpppstweb\/\"},{\"@type\":\"ListItem\",\"position\":2,\"name\":\"Ministro Ovalles con motivo del inicio de clases: \u00abEl pueblo no renuncia a emanciparse\u201d\"}]},{\"@type\":\"WebSite\",\"@id\":\"https:\/\/www.mpppst.gob.ve\/mpppstweb\/#website\",\"url\":\"https:\/\/www.mpppst.gob.ve\/mpppstweb\/\",\"name\":\"MPPPST\",\"description\":\"Ministerio del Poder Popular para el Proceso Social de Trabajo\",\"publisher\":{\"@id\":\"https:\/\/www.mpppst.gob.ve\/mpppstweb\/#organization\"},\"potentialAction\":[{\"@type\":\"SearchAction\",\"target\":{\"@type\":\"EntryPoint\",\"urlTemplate\":\"https:\/\/www.mpppst.gob.ve\/mpppstweb\/?s={search_term_string}\"},\"query-input\":\"required name=search_term_string\"}],\"inLanguage\":\"es\"},{\"@type\":\"Organization\",\"@id\":\"https:\/\/www.mpppst.gob.ve\/mpppstweb\/#organization\",\"name\":\"mpppst\",\"url\":\"https:\/\/www.mpppst.gob.ve\/mpppstweb\/\",\"logo\":{\"@type\":\"ImageObject\",\"inLanguage\":\"es\",\"@id\":\"https:\/\/www.mpppst.gob.ve\/mpppstweb\/#\/schema\/logo\/image\/\",\"url\":\"https:\/\/www.mpppst.gob.ve\/mpppstweb\/wp-content\/uploads\/2025\/07\/cropped-cropped-g910.png\",\"contentUrl\":\"https:\/\/www.mpppst.gob.ve\/mpppstweb\/wp-content\/uploads\/2025\/07\/cropped-cropped-g910.png\",\"width\":1080,\"height\":241,\"caption\":\"mpppst\"},\"image\":{\"@id\":\"https:\/\/www.mpppst.gob.ve\/mpppstweb\/#\/schema\/logo\/image\/\"}},{\"@type\":\"Person\",\"@id\":\"https:\/\/www.mpppst.gob.ve\/mpppstweb\/#\/schema\/person\/fc187ee8ead412bd4c9304b62f900ea4\",\"name\":\"MPPPST Prensa\",\"url\":\"https:\/\/www.mpppst.gob.ve\/mpppstweb\/index.php\/author\/prensa-mpppst\/\"}]}<\/script>\n<!-- \/ Yoast SEO plugin. -->","yoast_head_json":{"title":"Ministro Ovalles con motivo del inicio de clases: \"El pueblo no renuncia a emanciparse\u201d - MPPPST","robots":{"index":"index","follow":"follow","max-snippet":"max-snippet:-1","max-image-preview":"max-image-preview:large","max-video-preview":"max-video-preview:-1"},"canonical":"https:\/\/www.mpppst.gob.ve\/mpppstweb\/index.php\/2017\/09\/19\/ministro-ovalles-con-motivo-del-inicio-de-clases-el-pueblo-no-renuncia-a-emanciparse\/","og_locale":"es_ES","og_type":"article","og_title":"Ministro Ovalles con motivo del inicio de clases: \"El pueblo no renuncia a emanciparse\u201d - MPPPST","og_description":"Marbelys Mav\u00e1rez Laguna Con motivo del inicio de las clases en Venezuela, el ministro del Poder &hellip; Ministro Ovalles con motivo del inicio de clases: \u00abEl pueblo no renuncia a emanciparse\u201dRead more","og_url":"https:\/\/www.mpppst.gob.ve\/mpppstweb\/index.php\/2017\/09\/19\/ministro-ovalles-con-motivo-del-inicio-de-clases-el-pueblo-no-renuncia-a-emanciparse\/","og_site_name":"MPPPST","article_published_time":"2017-09-19T19:07:53+00:00","og_image":[{"width":800,"height":445,"url":"https:\/\/www.mpppst.gob.ve\/mpppstweb\/wp-content\/uploads\/2017\/09\/Radio-Miraflores.jpg","type":"image\/jpeg"}],"author":"MPPPST Prensa","twitter_card":"summary_large_image","twitter_misc":{"Escrito por":"MPPPST Prensa","Tiempo de lectura":"3 minutos"},"schema":{"@context":"https:\/\/schema.org","@graph":[{"@type":"Article","@id":"https:\/\/www.mpppst.gob.ve\/mpppstweb\/index.php\/2017\/09\/19\/ministro-ovalles-con-motivo-del-inicio-de-clases-el-pueblo-no-renuncia-a-emanciparse\/#article","isPartOf":{"@id":"https:\/\/www.mpppst.gob.ve\/mpppstweb\/index.php\/2017\/09\/19\/ministro-ovalles-con-motivo-del-inicio-de-clases-el-pueblo-no-renuncia-a-emanciparse\/"},"author":{"name":"MPPPST Prensa","@id":"https:\/\/www.mpppst.gob.ve\/mpppstweb\/#\/schema\/person\/fc187ee8ead412bd4c9304b62f900ea4"},"headline":"Ministro Ovalles con motivo del inicio de clases: \u00abEl pueblo no renuncia a emanciparse\u201d","datePublished":"2017-09-19T19:07:53+00:00","dateModified":"2017-09-19T19:07:53+00:00","mainEntityOfPage":{"@id":"https:\/\/www.mpppst.gob.ve\/mpppstweb\/index.php\/2017\/09\/19\/ministro-ovalles-con-motivo-del-inicio-de-clases-el-pueblo-no-renuncia-a-emanciparse\/"},"wordCount":552,"publisher":{"@id":"https:\/\/www.mpppst.gob.ve\/mpppstweb\/#organization"},"image":{"@id":"https:\/\/www.mpppst.gob.ve\/mpppstweb\/index.php\/2017\/09\/19\/ministro-ovalles-con-motivo-del-inicio-de-clases-el-pueblo-no-renuncia-a-emanciparse\/#primaryimage"},"thumbnailUrl":"https:\/\/www.mpppst.gob.ve\/mpppstweb\/wp-content\/uploads\/2017\/09\/Radio-Miraflores.jpg","articleSection":["Gobierno Nacional","Movimientos Sociales","Noticias"],"inLanguage":"es"},{"@type":"WebPage","@id":"https:\/\/www.mpppst.gob.ve\/mpppstweb\/index.php\/2017\/09\/19\/ministro-ovalles-con-motivo-del-inicio-de-clases-el-pueblo-no-renuncia-a-emanciparse\/","url":"https:\/\/www.mpppst.gob.ve\/mpppstweb\/index.php\/2017\/09\/19\/ministro-ovalles-con-motivo-del-inicio-de-clases-el-pueblo-no-renuncia-a-emanciparse\/","name":"Ministro Ovalles con motivo del inicio de clases: \"El pueblo no renuncia a emanciparse\u201d - MPPPST","isPartOf":{"@id":"https:\/\/www.mpppst.gob.ve\/mpppstweb\/#website"},"primaryImageOfPage":{"@id":"https:\/\/www.mpppst.gob.ve\/mpppstweb\/index.php\/2017\/09\/19\/ministro-ovalles-con-motivo-del-inicio-de-clases-el-pueblo-no-renuncia-a-emanciparse\/#primaryimage"},"image":{"@id":"https:\/\/www.mpppst.gob.ve\/mpppstweb\/index.php\/2017\/09\/19\/ministro-ovalles-con-motivo-del-inicio-de-clases-el-pueblo-no-renuncia-a-emanciparse\/#primaryimage"},"thumbnailUrl":"https:\/\/www.mpppst.gob.ve\/mpppstweb\/wp-content\/uploads\/2017\/09\/Radio-Miraflores.jpg","datePublished":"2017-09-19T19:07:53+00:00","dateModified":"2017-09-19T19:07:53+00:00","breadcrumb":{"@id":"https:\/\/www.mpppst.gob.ve\/mpppstweb\/index.php\/2017\/09\/19\/ministro-ovalles-con-motivo-del-inicio-de-clases-el-pueblo-no-renuncia-a-emanciparse\/#breadcrumb"},"inLanguage":"es","potentialAction":[{"@type":"ReadAction","target":["https:\/\/www.mpppst.gob.ve\/mpppstweb\/index.php\/2017\/09\/19\/ministro-ovalles-con-motivo-del-inicio-de-clases-el-pueblo-no-renuncia-a-emanciparse\/"]}]},{"@type":"ImageObject","inLanguage":"es","@id":"https:\/\/www.mpppst.gob.ve\/mpppstweb\/index.php\/2017\/09\/19\/ministro-ovalles-con-motivo-del-inicio-de-clases-el-pueblo-no-renuncia-a-emanciparse\/#primaryimage","url":"https:\/\/www.mpppst.gob.ve\/mpppstweb\/wp-content\/uploads\/2017\/09\/Radio-Miraflores.jpg","contentUrl":"https:\/\/www.mpppst.gob.ve\/mpppstweb\/wp-content\/uploads\/2017\/09\/Radio-Miraflores.jpg","width":800,"height":445},{"@type":"BreadcrumbList","@id":"https:\/\/www.mpppst.gob.ve\/mpppstweb\/index.php\/2017\/09\/19\/ministro-ovalles-con-motivo-del-inicio-de-clases-el-pueblo-no-renuncia-a-emanciparse\/#breadcrumb","itemListElement":[{"@type":"ListItem","position":1,"name":"Home","item":"https:\/\/www.mpppst.gob.ve\/mpppstweb\/"},{"@type":"ListItem","position":2,"name":"Ministro Ovalles con motivo del inicio de clases: \u00abEl pueblo no renuncia a emanciparse\u201d"}]},{"@type":"WebSite","@id":"https:\/\/www.mpppst.gob.ve\/mpppstweb\/#website","url":"https:\/\/www.mpppst.gob.ve\/mpppstweb\/","name":"MPPPST","description":"Ministerio del Poder Popular para el Proceso Social de Trabajo","publisher":{"@id":"https:\/\/www.mpppst.gob.ve\/mpppstweb\/#organization"},"potentialAction":[{"@type":"SearchAction","target":{"@type":"EntryPoint","urlTemplate":"https:\/\/www.mpppst.gob.ve\/mpppstweb\/?s={search_term_string}"},"query-input":"required name=search_term_string"}],"inLanguage":"es"},{"@type":"Organization","@id":"https:\/\/www.mpppst.gob.ve\/mpppstweb\/#organization","name":"mpppst","url":"https:\/\/www.mpppst.gob.ve\/mpppstweb\/","logo":{"@type":"ImageObject","inLanguage":"es","@id":"https:\/\/www.mpppst.gob.ve\/mpppstweb\/#\/schema\/logo\/image\/","url":"https:\/\/www.mpppst.gob.ve\/mpppstweb\/wp-content\/uploads\/2025\/07\/cropped-cropped-g910.png","contentUrl":"https:\/\/www.mpppst.gob.ve\/mpppstweb\/wp-content\/uploads\/2025\/07\/cropped-cropped-g910.png","width":1080,"height":241,"caption":"mpppst"},"image":{"@id":"https:\/\/www.mpppst.gob.ve\/mpppstweb\/#\/schema\/logo\/image\/"}},{"@type":"Person","@id":"https:\/\/www.mpppst.gob.ve\/mpppstweb\/#\/schema\/person\/fc187ee8ead412bd4c9304b62f900ea4","name":"MPPPST Prensa","url":"https:\/\/www.mpppst.gob.ve\/mpppstweb\/index.php\/author\/prensa-mpppst\/"}]}},"_links":{"self":[{"href":"https:\/\/www.mpppst.gob.ve\/mpppstweb\/index.php\/wp-json\/wp\/v2\/posts\/12752"}],"collection":[{"href":"https:\/\/www.mpppst.gob.ve\/mpppstweb\/index.php\/wp-json\/wp\/v2\/posts"}],"about":[{"href":"https:\/\/www.mpppst.gob.ve\/mpppstweb\/index.php\/wp-json\/wp\/v2\/types\/post"}],"author":[{"embeddable":true,"href":"https:\/\/www.mpppst.gob.ve\/mpppstweb\/index.php\/wp-json\/wp\/v2\/users\/25"}],"replies":[{"embeddable":true,"href":"https:\/\/www.mpppst.gob.ve\/mpppstweb\/index.php\/wp-json\/wp\/v2\/comments?post=12752"}],"version-history":[{"count":2,"href":"https:\/\/www.mpppst.gob.ve\/mpppstweb\/index.php\/wp-json\/wp\/v2\/posts\/12752\/revisions"}],"predecessor-version":[{"id":12755,"href":"https:\/\/www.mpppst.gob.ve\/mpppstweb\/index.php\/wp-json\/wp\/v2\/posts\/12752\/revisions\/12755"}],"wp:featuredmedia":[{"embeddable":true,"href":"https:\/\/www.mpppst.gob.ve\/mpppstweb\/index.php\/wp-json\/wp\/v2\/media\/12754"}],"wp:attachment":[{"href":"https:\/\/www.mpppst.gob.ve\/mpppstweb\/index.php\/wp-json\/wp\/v2\/media?parent=12752"}],"wp:term":[{"taxonomy":"category","embeddable":true,"href":"https:\/\/www.mpppst.gob.ve\/mpppstweb\/index.php\/wp-json\/wp\/v2\/categories?post=12752"},{"taxonomy":"post_tag","embeddable":true,"href":"https:\/\/www.mpppst.gob.ve\/mpppstweb\/index.php\/wp-json\/wp\/v2\/tags?post=12752"}],"curies":[{"name":"wp","href":"https:\/\/api.w.org\/{rel}","templated":true}]}}