{"id":12756,"date":"2017-09-19T16:01:39","date_gmt":"2017-09-19T20:01:39","guid":{"rendered":"http:\/\/www.mpppst.gob.ve\/mpppstweb\/?p=12756"},"modified":"2017-09-20T09:58:26","modified_gmt":"2017-09-20T13:58:26","slug":"que-pelicula-recomendo-el-ministro-ovalles-la-noche-de-los-lapices-y-cual-texto-crisis-mundial-proteccion-social-y-empleo-de-joseph-stiglitz","status":"publish","type":"post","link":"https:\/\/www.mpppst.gob.ve\/mpppstweb\/index.php\/2017\/09\/19\/que-pelicula-recomendo-el-ministro-ovalles-la-noche-de-los-lapices-y-cual-texto-crisis-mundial-proteccion-social-y-empleo-de-joseph-stiglitz\/","title":{"rendered":"\u00bfQu\u00e9 pel\u00edcula recomend\u00f3 el ministro Ovalles?: La noche de los l\u00e1pices  \u00bfY cu\u00e1l texto? Crisis mundial, protecci\u00f3n social y empleo"},"content":{"rendered":"<p>Marbelys Mav\u00e1rez Laguna<\/p>\n<p>En el programa n\u00famero 7 de <em>El mundo del trabajo<\/em>, el ministro del Poder Popular para el Proceso Social de Trabajo, N\u00e9stor Valent\u00edn Ovalles, hizo una serie de recomendaciones a su audiencia. En primer lugar sugiri\u00f3 la pel\u00edcula <em>La noche de los l\u00e1pices. <\/em>Se trata de un relato audiovisual\u00a0 sobre una serie de secuestros y asesinatos de estudiantes de secundaria, ocurridos durante la noche del 16 de septiembre del a\u00f1o 1976 en la ciudad de la plata (capital de la provincia de Buenos Aires).<\/p>\n<p>Vale destacar que este suceso fue uno de los m\u00e1s conocidos entre los actos de represi\u00f3n cometidos por la \u00faltima dictadura c\u00edvico-militar argentina (1976-1983), ya que los desaparecidos eran estudiantes. En su mayor\u00eda se trataba de adolescentes menores de 18 a\u00f1os, quienes fueron torturados antes de ser asesinados.<\/p>\n<p>\u00bfQu\u00e9 reclamaban los estudiantes? Los j\u00f3venes hab\u00edan reclamado en 1975, ante el Ministerio de Obras P\u00fablicas, el otorgamiento del boleto de autob\u00fas con descuento estudiantil.<\/p>\n<p>Asimismo, el Ministro Ovalles recomend\u00f3 el texto (ensayo) Crisis mundial, protecci\u00f3n social y empleo, de Joseph Stiglitz, premio nobel de Econom\u00eda del a\u00f1o 2001. En el citado trabajo Stiglitz se refiere a la crisis global como una crisis <em>made in USA<\/em>, pues los Estados Unidos, adem\u00e1s de sus hipotecas t\u00f3xicas, exportaron el esp\u00edritu de la desreglamentaci\u00f3n<\/p>\n<p>Vale destacar que Stiglitz fue el economista que devel\u00f3 el impacto que tuvieron las pol\u00edticas de los organismos financieros internacionales en los pa\u00edses asi\u00e1ticos que ven\u00edan experimentando tres d\u00e9cadas de crecimiento sostenido. Y luego de la aplicaci\u00f3n de las medidas del Banco Mundial y del Fondo Monetario Internacional, en el a\u00f1o 1997,\u00a0 sobrevino el desplome del llamado milagro asi\u00e1tico\u2026<\/p>\n","protected":false},"excerpt":{"rendered":"<p>Marbelys Mav\u00e1rez Laguna En el programa n\u00famero 7 de El mundo del trabajo, el ministro del &hellip; <a title=\"\u00bfQu\u00e9 pel\u00edcula recomend\u00f3 el ministro Ovalles?: La noche de los l\u00e1pices  \u00bfY cu\u00e1l texto? Crisis mundial, protecci\u00f3n social y empleo\" class=\"hm-read-more\" href=\"https:\/\/www.mpppst.gob.ve\/mpppstweb\/index.php\/2017\/09\/19\/que-pelicula-recomendo-el-ministro-ovalles-la-noche-de-los-lapices-y-cual-texto-crisis-mundial-proteccion-social-y-empleo-de-joseph-stiglitz\/\"><span class=\"screen-reader-text\">\u00bfQu\u00e9 pel\u00edcula recomend\u00f3 el ministro Ovalles?: La noche de los l\u00e1pices  \u00bfY cu\u00e1l texto? Crisis mundial, protecci\u00f3n social y empleo<\/span>Read more<\/a><\/p>\n","protected":false},"author":25,"featured_media":12758,"comment_status":"closed","ping_status":"closed","sticky":false,"template":"","format":"standard","meta":{"footnotes":""},"categories":[82,83,163],"tags":[],"yoast_head":"<!-- This site is optimized with the Yoast SEO plugin v22.5 - https:\/\/yoast.com\/wordpress\/plugins\/seo\/ -->\n<title>\u00bfQu\u00e9 pel\u00edcula recomend\u00f3 el ministro Ovalles?: La noche de los l\u00e1pices \u00bfY cu\u00e1l texto? Crisis mundial, protecci\u00f3n social y empleo - MPPPST<\/title>\n<meta name=\"robots\" content=\"index, follow, max-snippet:-1, max-image-preview:large, max-video-preview:-1\" \/>\n<link rel=\"canonical\" href=\"https:\/\/www.mpppst.gob.ve\/mpppstweb\/index.php\/2017\/09\/19\/que-pelicula-recomendo-el-ministro-ovalles-la-noche-de-los-lapices-y-cual-texto-crisis-mundial-proteccion-social-y-empleo-de-joseph-stiglitz\/\" \/>\n<meta property=\"og:locale\" content=\"es_ES\" \/>\n<meta property=\"og:type\" content=\"article\" \/>\n<meta property=\"og:title\" content=\"\u00bfQu\u00e9 pel\u00edcula recomend\u00f3 el ministro Ovalles?: La noche de los l\u00e1pices \u00bfY cu\u00e1l texto? Crisis mundial, protecci\u00f3n social y empleo - MPPPST\" \/>\n<meta property=\"og:description\" content=\"Marbelys Mav\u00e1rez Laguna En el programa n\u00famero 7 de El mundo del trabajo, el ministro del &hellip; \u00bfQu\u00e9 pel\u00edcula recomend\u00f3 el ministro Ovalles?: La noche de los l\u00e1pices \u00bfY cu\u00e1l texto? Crisis mundial, protecci\u00f3n social y empleoRead more\" \/>\n<meta property=\"og:url\" content=\"https:\/\/www.mpppst.gob.ve\/mpppstweb\/index.php\/2017\/09\/19\/que-pelicula-recomendo-el-ministro-ovalles-la-noche-de-los-lapices-y-cual-texto-crisis-mundial-proteccion-social-y-empleo-de-joseph-stiglitz\/\" \/>\n<meta property=\"og:site_name\" content=\"MPPPST\" \/>\n<meta property=\"article:published_time\" content=\"2017-09-19T20:01:39+00:00\" \/>\n<meta property=\"article:modified_time\" content=\"2017-09-20T13:58:26+00:00\" \/>\n<meta property=\"og:image\" content=\"https:\/\/www.mpppst.gob.ve\/mpppstweb\/wp-content\/uploads\/2017\/09\/MINISTRO-EN-PROGRAMA-DE-RADIO-RECOMENDACIONES.jpg\" \/>\n\t<meta property=\"og:image:width\" content=\"800\" \/>\n\t<meta property=\"og:image:height\" content=\"445\" \/>\n\t<meta property=\"og:image:type\" content=\"image\/jpeg\" \/>\n<meta name=\"author\" content=\"MPPPST Prensa\" \/>\n<meta name=\"twitter:card\" content=\"summary_large_image\" \/>\n<meta name=\"twitter:label1\" content=\"Escrito por\" \/>\n\t<meta name=\"twitter:data1\" content=\"MPPPST Prensa\" \/>\n\t<meta name=\"twitter:label2\" content=\"Tiempo de lectura\" \/>\n\t<meta name=\"twitter:data2\" content=\"1 minuto\" \/>\n<script type=\"application\/ld+json\" class=\"yoast-schema-graph\">{\"@context\":\"https:\/\/schema.org\",\"@graph\":[{\"@type\":\"Article\",\"@id\":\"https:\/\/www.mpppst.gob.ve\/mpppstweb\/index.php\/2017\/09\/19\/que-pelicula-recomendo-el-ministro-ovalles-la-noche-de-los-lapices-y-cual-texto-crisis-mundial-proteccion-social-y-empleo-de-joseph-stiglitz\/#article\",\"isPartOf\":{\"@id\":\"https:\/\/www.mpppst.gob.ve\/mpppstweb\/index.php\/2017\/09\/19\/que-pelicula-recomendo-el-ministro-ovalles-la-noche-de-los-lapices-y-cual-texto-crisis-mundial-proteccion-social-y-empleo-de-joseph-stiglitz\/\"},\"author\":{\"name\":\"MPPPST Prensa\",\"@id\":\"https:\/\/www.mpppst.gob.ve\/mpppstweb\/#\/schema\/person\/fc187ee8ead412bd4c9304b62f900ea4\"},\"headline\":\"\u00bfQu\u00e9 pel\u00edcula recomend\u00f3 el ministro Ovalles?: La noche de los l\u00e1pices \u00bfY cu\u00e1l texto? Crisis mundial, protecci\u00f3n social y empleo\",\"datePublished\":\"2017-09-19T20:01:39+00:00\",\"dateModified\":\"2017-09-20T13:58:26+00:00\",\"mainEntityOfPage\":{\"@id\":\"https:\/\/www.mpppst.gob.ve\/mpppstweb\/index.php\/2017\/09\/19\/que-pelicula-recomendo-el-ministro-ovalles-la-noche-de-los-lapices-y-cual-texto-crisis-mundial-proteccion-social-y-empleo-de-joseph-stiglitz\/\"},\"wordCount\":323,\"publisher\":{\"@id\":\"https:\/\/www.mpppst.gob.ve\/mpppstweb\/#organization\"},\"image\":{\"@id\":\"https:\/\/www.mpppst.gob.ve\/mpppstweb\/index.php\/2017\/09\/19\/que-pelicula-recomendo-el-ministro-ovalles-la-noche-de-los-lapices-y-cual-texto-crisis-mundial-proteccion-social-y-empleo-de-joseph-stiglitz\/#primaryimage\"},\"thumbnailUrl\":\"https:\/\/www.mpppst.gob.ve\/mpppstweb\/wp-content\/uploads\/2017\/09\/MINISTRO-EN-PROGRAMA-DE-RADIO-RECOMENDACIONES.jpg\",\"articleSection\":[\"Gobierno Nacional\",\"Ministerio\",\"Noticias\"],\"inLanguage\":\"es\"},{\"@type\":\"WebPage\",\"@id\":\"https:\/\/www.mpppst.gob.ve\/mpppstweb\/index.php\/2017\/09\/19\/que-pelicula-recomendo-el-ministro-ovalles-la-noche-de-los-lapices-y-cual-texto-crisis-mundial-proteccion-social-y-empleo-de-joseph-stiglitz\/\",\"url\":\"https:\/\/www.mpppst.gob.ve\/mpppstweb\/index.php\/2017\/09\/19\/que-pelicula-recomendo-el-ministro-ovalles-la-noche-de-los-lapices-y-cual-texto-crisis-mundial-proteccion-social-y-empleo-de-joseph-stiglitz\/\",\"name\":\"\u00bfQu\u00e9 pel\u00edcula recomend\u00f3 el ministro Ovalles?: La noche de los l\u00e1pices \u00bfY cu\u00e1l texto? Crisis mundial, protecci\u00f3n social y empleo - MPPPST\",\"isPartOf\":{\"@id\":\"https:\/\/www.mpppst.gob.ve\/mpppstweb\/#website\"},\"primaryImageOfPage\":{\"@id\":\"https:\/\/www.mpppst.gob.ve\/mpppstweb\/index.php\/2017\/09\/19\/que-pelicula-recomendo-el-ministro-ovalles-la-noche-de-los-lapices-y-cual-texto-crisis-mundial-proteccion-social-y-empleo-de-joseph-stiglitz\/#primaryimage\"},\"image\":{\"@id\":\"https:\/\/www.mpppst.gob.ve\/mpppstweb\/index.php\/2017\/09\/19\/que-pelicula-recomendo-el-ministro-ovalles-la-noche-de-los-lapices-y-cual-texto-crisis-mundial-proteccion-social-y-empleo-de-joseph-stiglitz\/#primaryimage\"},\"thumbnailUrl\":\"https:\/\/www.mpppst.gob.ve\/mpppstweb\/wp-content\/uploads\/2017\/09\/MINISTRO-EN-PROGRAMA-DE-RADIO-RECOMENDACIONES.jpg\",\"datePublished\":\"2017-09-19T20:01:39+00:00\",\"dateModified\":\"2017-09-20T13:58:26+00:00\",\"breadcrumb\":{\"@id\":\"https:\/\/www.mpppst.gob.ve\/mpppstweb\/index.php\/2017\/09\/19\/que-pelicula-recomendo-el-ministro-ovalles-la-noche-de-los-lapices-y-cual-texto-crisis-mundial-proteccion-social-y-empleo-de-joseph-stiglitz\/#breadcrumb\"},\"inLanguage\":\"es\",\"potentialAction\":[{\"@type\":\"ReadAction\",\"target\":[\"https:\/\/www.mpppst.gob.ve\/mpppstweb\/index.php\/2017\/09\/19\/que-pelicula-recomendo-el-ministro-ovalles-la-noche-de-los-lapices-y-cual-texto-crisis-mundial-proteccion-social-y-empleo-de-joseph-stiglitz\/\"]}]},{\"@type\":\"ImageObject\",\"inLanguage\":\"es\",\"@id\":\"https:\/\/www.mpppst.gob.ve\/mpppstweb\/index.php\/2017\/09\/19\/que-pelicula-recomendo-el-ministro-ovalles-la-noche-de-los-lapices-y-cual-texto-crisis-mundial-proteccion-social-y-empleo-de-joseph-stiglitz\/#primaryimage\",\"url\":\"https:\/\/www.mpppst.gob.ve\/mpppstweb\/wp-content\/uploads\/2017\/09\/MINISTRO-EN-PROGRAMA-DE-RADIO-RECOMENDACIONES.jpg\",\"contentUrl\":\"https:\/\/www.mpppst.gob.ve\/mpppstweb\/wp-content\/uploads\/2017\/09\/MINISTRO-EN-PROGRAMA-DE-RADIO-RECOMENDACIONES.jpg\",\"width\":800,\"height\":445},{\"@type\":\"BreadcrumbList\",\"@id\":\"https:\/\/www.mpppst.gob.ve\/mpppstweb\/index.php\/2017\/09\/19\/que-pelicula-recomendo-el-ministro-ovalles-la-noche-de-los-lapices-y-cual-texto-crisis-mundial-proteccion-social-y-empleo-de-joseph-stiglitz\/#breadcrumb\",\"itemListElement\":[{\"@type\":\"ListItem\",\"position\":1,\"name\":\"Home\",\"item\":\"https:\/\/www.mpppst.gob.ve\/mpppstweb\/\"},{\"@type\":\"ListItem\",\"position\":2,\"name\":\"\u00bfQu\u00e9 pel\u00edcula recomend\u00f3 el ministro Ovalles?: La noche de los l\u00e1pices \u00bfY cu\u00e1l texto? Crisis mundial, protecci\u00f3n social y empleo\"}]},{\"@type\":\"WebSite\",\"@id\":\"https:\/\/www.mpppst.gob.ve\/mpppstweb\/#website\",\"url\":\"https:\/\/www.mpppst.gob.ve\/mpppstweb\/\",\"name\":\"MPPPST\",\"description\":\"Ministerio del Poder Popular para el Proceso Social de Trabajo\",\"publisher\":{\"@id\":\"https:\/\/www.mpppst.gob.ve\/mpppstweb\/#organization\"},\"potentialAction\":[{\"@type\":\"SearchAction\",\"target\":{\"@type\":\"EntryPoint\",\"urlTemplate\":\"https:\/\/www.mpppst.gob.ve\/mpppstweb\/?s={search_term_string}\"},\"query-input\":\"required name=search_term_string\"}],\"inLanguage\":\"es\"},{\"@type\":\"Organization\",\"@id\":\"https:\/\/www.mpppst.gob.ve\/mpppstweb\/#organization\",\"name\":\"mpppst\",\"url\":\"https:\/\/www.mpppst.gob.ve\/mpppstweb\/\",\"logo\":{\"@type\":\"ImageObject\",\"inLanguage\":\"es\",\"@id\":\"https:\/\/www.mpppst.gob.ve\/mpppstweb\/#\/schema\/logo\/image\/\",\"url\":\"https:\/\/www.mpppst.gob.ve\/mpppstweb\/wp-content\/uploads\/2025\/07\/cropped-cropped-g910.png\",\"contentUrl\":\"https:\/\/www.mpppst.gob.ve\/mpppstweb\/wp-content\/uploads\/2025\/07\/cropped-cropped-g910.png\",\"width\":1080,\"height\":241,\"caption\":\"mpppst\"},\"image\":{\"@id\":\"https:\/\/www.mpppst.gob.ve\/mpppstweb\/#\/schema\/logo\/image\/\"}},{\"@type\":\"Person\",\"@id\":\"https:\/\/www.mpppst.gob.ve\/mpppstweb\/#\/schema\/person\/fc187ee8ead412bd4c9304b62f900ea4\",\"name\":\"MPPPST Prensa\",\"url\":\"https:\/\/www.mpppst.gob.ve\/mpppstweb\/index.php\/author\/prensa-mpppst\/\"}]}<\/script>\n<!-- \/ Yoast SEO plugin. -->","yoast_head_json":{"title":"\u00bfQu\u00e9 pel\u00edcula recomend\u00f3 el ministro Ovalles?: La noche de los l\u00e1pices \u00bfY cu\u00e1l texto? Crisis mundial, protecci\u00f3n social y empleo - MPPPST","robots":{"index":"index","follow":"follow","max-snippet":"max-snippet:-1","max-image-preview":"max-image-preview:large","max-video-preview":"max-video-preview:-1"},"canonical":"https:\/\/www.mpppst.gob.ve\/mpppstweb\/index.php\/2017\/09\/19\/que-pelicula-recomendo-el-ministro-ovalles-la-noche-de-los-lapices-y-cual-texto-crisis-mundial-proteccion-social-y-empleo-de-joseph-stiglitz\/","og_locale":"es_ES","og_type":"article","og_title":"\u00bfQu\u00e9 pel\u00edcula recomend\u00f3 el ministro Ovalles?: La noche de los l\u00e1pices \u00bfY cu\u00e1l texto? Crisis mundial, protecci\u00f3n social y empleo - MPPPST","og_description":"Marbelys Mav\u00e1rez Laguna En el programa n\u00famero 7 de El mundo del trabajo, el ministro del &hellip; \u00bfQu\u00e9 pel\u00edcula recomend\u00f3 el ministro Ovalles?: La noche de los l\u00e1pices \u00bfY cu\u00e1l texto? Crisis mundial, protecci\u00f3n social y empleoRead more","og_url":"https:\/\/www.mpppst.gob.ve\/mpppstweb\/index.php\/2017\/09\/19\/que-pelicula-recomendo-el-ministro-ovalles-la-noche-de-los-lapices-y-cual-texto-crisis-mundial-proteccion-social-y-empleo-de-joseph-stiglitz\/","og_site_name":"MPPPST","article_published_time":"2017-09-19T20:01:39+00:00","article_modified_time":"2017-09-20T13:58:26+00:00","og_image":[{"width":800,"height":445,"url":"https:\/\/www.mpppst.gob.ve\/mpppstweb\/wp-content\/uploads\/2017\/09\/MINISTRO-EN-PROGRAMA-DE-RADIO-RECOMENDACIONES.jpg","type":"image\/jpeg"}],"author":"MPPPST Prensa","twitter_card":"summary_large_image","twitter_misc":{"Escrito por":"MPPPST Prensa","Tiempo de lectura":"1 minuto"},"schema":{"@context":"https:\/\/schema.org","@graph":[{"@type":"Article","@id":"https:\/\/www.mpppst.gob.ve\/mpppstweb\/index.php\/2017\/09\/19\/que-pelicula-recomendo-el-ministro-ovalles-la-noche-de-los-lapices-y-cual-texto-crisis-mundial-proteccion-social-y-empleo-de-joseph-stiglitz\/#article","isPartOf":{"@id":"https:\/\/www.mpppst.gob.ve\/mpppstweb\/index.php\/2017\/09\/19\/que-pelicula-recomendo-el-ministro-ovalles-la-noche-de-los-lapices-y-cual-texto-crisis-mundial-proteccion-social-y-empleo-de-joseph-stiglitz\/"},"author":{"name":"MPPPST Prensa","@id":"https:\/\/www.mpppst.gob.ve\/mpppstweb\/#\/schema\/person\/fc187ee8ead412bd4c9304b62f900ea4"},"headline":"\u00bfQu\u00e9 pel\u00edcula recomend\u00f3 el ministro Ovalles?: La noche de los l\u00e1pices \u00bfY cu\u00e1l texto? Crisis mundial, protecci\u00f3n social y empleo","datePublished":"2017-09-19T20:01:39+00:00","dateModified":"2017-09-20T13:58:26+00:00","mainEntityOfPage":{"@id":"https:\/\/www.mpppst.gob.ve\/mpppstweb\/index.php\/2017\/09\/19\/que-pelicula-recomendo-el-ministro-ovalles-la-noche-de-los-lapices-y-cual-texto-crisis-mundial-proteccion-social-y-empleo-de-joseph-stiglitz\/"},"wordCount":323,"publisher":{"@id":"https:\/\/www.mpppst.gob.ve\/mpppstweb\/#organization"},"image":{"@id":"https:\/\/www.mpppst.gob.ve\/mpppstweb\/index.php\/2017\/09\/19\/que-pelicula-recomendo-el-ministro-ovalles-la-noche-de-los-lapices-y-cual-texto-crisis-mundial-proteccion-social-y-empleo-de-joseph-stiglitz\/#primaryimage"},"thumbnailUrl":"https:\/\/www.mpppst.gob.ve\/mpppstweb\/wp-content\/uploads\/2017\/09\/MINISTRO-EN-PROGRAMA-DE-RADIO-RECOMENDACIONES.jpg","articleSection":["Gobierno Nacional","Ministerio","Noticias"],"inLanguage":"es"},{"@type":"WebPage","@id":"https:\/\/www.mpppst.gob.ve\/mpppstweb\/index.php\/2017\/09\/19\/que-pelicula-recomendo-el-ministro-ovalles-la-noche-de-los-lapices-y-cual-texto-crisis-mundial-proteccion-social-y-empleo-de-joseph-stiglitz\/","url":"https:\/\/www.mpppst.gob.ve\/mpppstweb\/index.php\/2017\/09\/19\/que-pelicula-recomendo-el-ministro-ovalles-la-noche-de-los-lapices-y-cual-texto-crisis-mundial-proteccion-social-y-empleo-de-joseph-stiglitz\/","name":"\u00bfQu\u00e9 pel\u00edcula recomend\u00f3 el ministro Ovalles?: La noche de los l\u00e1pices \u00bfY cu\u00e1l texto? Crisis mundial, protecci\u00f3n social y empleo - MPPPST","isPartOf":{"@id":"https:\/\/www.mpppst.gob.ve\/mpppstweb\/#website"},"primaryImageOfPage":{"@id":"https:\/\/www.mpppst.gob.ve\/mpppstweb\/index.php\/2017\/09\/19\/que-pelicula-recomendo-el-ministro-ovalles-la-noche-de-los-lapices-y-cual-texto-crisis-mundial-proteccion-social-y-empleo-de-joseph-stiglitz\/#primaryimage"},"image":{"@id":"https:\/\/www.mpppst.gob.ve\/mpppstweb\/index.php\/2017\/09\/19\/que-pelicula-recomendo-el-ministro-ovalles-la-noche-de-los-lapices-y-cual-texto-crisis-mundial-proteccion-social-y-empleo-de-joseph-stiglitz\/#primaryimage"},"thumbnailUrl":"https:\/\/www.mpppst.gob.ve\/mpppstweb\/wp-content\/uploads\/2017\/09\/MINISTRO-EN-PROGRAMA-DE-RADIO-RECOMENDACIONES.jpg","datePublished":"2017-09-19T20:01:39+00:00","dateModified":"2017-09-20T13:58:26+00:00","breadcrumb":{"@id":"https:\/\/www.mpppst.gob.ve\/mpppstweb\/index.php\/2017\/09\/19\/que-pelicula-recomendo-el-ministro-ovalles-la-noche-de-los-lapices-y-cual-texto-crisis-mundial-proteccion-social-y-empleo-de-joseph-stiglitz\/#breadcrumb"},"inLanguage":"es","potentialAction":[{"@type":"ReadAction","target":["https:\/\/www.mpppst.gob.ve\/mpppstweb\/index.php\/2017\/09\/19\/que-pelicula-recomendo-el-ministro-ovalles-la-noche-de-los-lapices-y-cual-texto-crisis-mundial-proteccion-social-y-empleo-de-joseph-stiglitz\/"]}]},{"@type":"ImageObject","inLanguage":"es","@id":"https:\/\/www.mpppst.gob.ve\/mpppstweb\/index.php\/2017\/09\/19\/que-pelicula-recomendo-el-ministro-ovalles-la-noche-de-los-lapices-y-cual-texto-crisis-mundial-proteccion-social-y-empleo-de-joseph-stiglitz\/#primaryimage","url":"https:\/\/www.mpppst.gob.ve\/mpppstweb\/wp-content\/uploads\/2017\/09\/MINISTRO-EN-PROGRAMA-DE-RADIO-RECOMENDACIONES.jpg","contentUrl":"https:\/\/www.mpppst.gob.ve\/mpppstweb\/wp-content\/uploads\/2017\/09\/MINISTRO-EN-PROGRAMA-DE-RADIO-RECOMENDACIONES.jpg","width":800,"height":445},{"@type":"BreadcrumbList","@id":"https:\/\/www.mpppst.gob.ve\/mpppstweb\/index.php\/2017\/09\/19\/que-pelicula-recomendo-el-ministro-ovalles-la-noche-de-los-lapices-y-cual-texto-crisis-mundial-proteccion-social-y-empleo-de-joseph-stiglitz\/#breadcrumb","itemListElement":[{"@type":"ListItem","position":1,"name":"Home","item":"https:\/\/www.mpppst.gob.ve\/mpppstweb\/"},{"@type":"ListItem","position":2,"name":"\u00bfQu\u00e9 pel\u00edcula recomend\u00f3 el ministro Ovalles?: La noche de los l\u00e1pices \u00bfY cu\u00e1l texto? Crisis mundial, protecci\u00f3n social y empleo"}]},{"@type":"WebSite","@id":"https:\/\/www.mpppst.gob.ve\/mpppstweb\/#website","url":"https:\/\/www.mpppst.gob.ve\/mpppstweb\/","name":"MPPPST","description":"Ministerio del Poder Popular para el Proceso Social de Trabajo","publisher":{"@id":"https:\/\/www.mpppst.gob.ve\/mpppstweb\/#organization"},"potentialAction":[{"@type":"SearchAction","target":{"@type":"EntryPoint","urlTemplate":"https:\/\/www.mpppst.gob.ve\/mpppstweb\/?s={search_term_string}"},"query-input":"required name=search_term_string"}],"inLanguage":"es"},{"@type":"Organization","@id":"https:\/\/www.mpppst.gob.ve\/mpppstweb\/#organization","name":"mpppst","url":"https:\/\/www.mpppst.gob.ve\/mpppstweb\/","logo":{"@type":"ImageObject","inLanguage":"es","@id":"https:\/\/www.mpppst.gob.ve\/mpppstweb\/#\/schema\/logo\/image\/","url":"https:\/\/www.mpppst.gob.ve\/mpppstweb\/wp-content\/uploads\/2025\/07\/cropped-cropped-g910.png","contentUrl":"https:\/\/www.mpppst.gob.ve\/mpppstweb\/wp-content\/uploads\/2025\/07\/cropped-cropped-g910.png","width":1080,"height":241,"caption":"mpppst"},"image":{"@id":"https:\/\/www.mpppst.gob.ve\/mpppstweb\/#\/schema\/logo\/image\/"}},{"@type":"Person","@id":"https:\/\/www.mpppst.gob.ve\/mpppstweb\/#\/schema\/person\/fc187ee8ead412bd4c9304b62f900ea4","name":"MPPPST Prensa","url":"https:\/\/www.mpppst.gob.ve\/mpppstweb\/index.php\/author\/prensa-mpppst\/"}]}},"_links":{"self":[{"href":"https:\/\/www.mpppst.gob.ve\/mpppstweb\/index.php\/wp-json\/wp\/v2\/posts\/12756"}],"collection":[{"href":"https:\/\/www.mpppst.gob.ve\/mpppstweb\/index.php\/wp-json\/wp\/v2\/posts"}],"about":[{"href":"https:\/\/www.mpppst.gob.ve\/mpppstweb\/index.php\/wp-json\/wp\/v2\/types\/post"}],"author":[{"embeddable":true,"href":"https:\/\/www.mpppst.gob.ve\/mpppstweb\/index.php\/wp-json\/wp\/v2\/users\/25"}],"replies":[{"embeddable":true,"href":"https:\/\/www.mpppst.gob.ve\/mpppstweb\/index.php\/wp-json\/wp\/v2\/comments?post=12756"}],"version-history":[{"count":4,"href":"https:\/\/www.mpppst.gob.ve\/mpppstweb\/index.php\/wp-json\/wp\/v2\/posts\/12756\/revisions"}],"predecessor-version":[{"id":12769,"href":"https:\/\/www.mpppst.gob.ve\/mpppstweb\/index.php\/wp-json\/wp\/v2\/posts\/12756\/revisions\/12769"}],"wp:featuredmedia":[{"embeddable":true,"href":"https:\/\/www.mpppst.gob.ve\/mpppstweb\/index.php\/wp-json\/wp\/v2\/media\/12758"}],"wp:attachment":[{"href":"https:\/\/www.mpppst.gob.ve\/mpppstweb\/index.php\/wp-json\/wp\/v2\/media?parent=12756"}],"wp:term":[{"taxonomy":"category","embeddable":true,"href":"https:\/\/www.mpppst.gob.ve\/mpppstweb\/index.php\/wp-json\/wp\/v2\/categories?post=12756"},{"taxonomy":"post_tag","embeddable":true,"href":"https:\/\/www.mpppst.gob.ve\/mpppstweb\/index.php\/wp-json\/wp\/v2\/tags?post=12756"}],"curies":[{"name":"wp","href":"https:\/\/api.w.org\/{rel}","templated":true}]}}