{"id":12763,"date":"2017-09-20T09:50:45","date_gmt":"2017-09-20T13:50:45","guid":{"rendered":"http:\/\/www.mpppst.gob.ve\/mpppstweb\/?p=12763"},"modified":"2017-09-20T09:50:45","modified_gmt":"2017-09-20T13:50:45","slug":"maduro-llama-a-seguir-en-batalla-y-en-victoria-frente-al-asedio-de-agentes-imperiales","status":"publish","type":"post","link":"https:\/\/www.mpppst.gob.ve\/mpppstweb\/index.php\/2017\/09\/20\/maduro-llama-a-seguir-en-batalla-y-en-victoria-frente-al-asedio-de-agentes-imperiales\/","title":{"rendered":"Maduro llama a seguir en batalla y en victoria frente al asedio de agentes imperiales"},"content":{"rendered":"<p>La\u00a0<strong>movilizaci\u00f3n permanente<\/strong>, el fomento de la\u00a0<strong>solidaridad<\/strong>, la\u00a0<strong>consolidaci\u00f3n del socialismo<\/strong>\u00a0venezolano como herramienta liberadora y el fortalecimiento de la conciencia antiimperialista son las\u00a0<strong>herramientas<\/strong>\u00a0con las que\u00a0<strong>Venezuela<\/strong>\u00a0seguir\u00e1 de pie y en victoria ante las maniobras promovidas por Estados Unidos (EEUU).<\/p>\n<p>\u00abVenezuela no se rinde, Venezuela va a seguir en batalla, va a seguir luchando, en victoria y<a href=\"http:\/\/www.avn.info.ve\/contenido\/presidente-maduro-convoca-al-trabajo-unitario-como-herramienta-antiimperial\" target=\"_blank\" rel=\"noopener\">\u00a0va a seguir de pie<\/a>\u00ab, indic\u00f3 el presidente de la Rep\u00fablica, Nicol\u00e1s Maduro, en el Palacio de Miraflores, Caracas, a donde lleg\u00f3 una\u00a0<a href=\"http:\/\/www.avn.info.ve\/contenido\/pueblo-antiimperialista-colm%C3%B3-calles-del-centro-caracas-paz-y-soberan%C3%ADa-nacional\" target=\"_blank\" rel=\"noopener\">movilizaci\u00f3n antiimperialista<\/a>\u00a0por el cierre de la jornada\u00a0<em><strong>Todos Somos Venezuela<\/strong>: di\u00e1logo mundial por la paz, la soberan\u00eda y la democracia bolivariana<\/em>.<\/p>\n<p>Ante voceros populares y los delegados que acudieron al encuentro, que comenz\u00f3 el pasado s\u00e1bado, el jefe de Estado llam\u00f3 a seguir con la\u00a0<strong>moral en alto<\/strong>\u00a0ante las amenazas de\u00a0<strong>nuevas sanciones<\/strong>\u00a0por parte del mandatario de Estados Unidos (EEUU), Donald Trump, quien us\u00f3 el foro de la Organizaci\u00f3n de Naciones Unidas (ONU) para arremeter contra Venezuela.<\/p>\n<p>Maduro alert\u00f3 que las declaraciones de su hom\u00f3logo buscan se\u00f1alar al pa\u00eds suramericano como una\u00a0<strong>Estado fallido<\/strong>\u00a0para justificar\u00a0<strong>golpes a la institucionalidad<\/strong>\u00a0venezolana, sanciones e, incluso, acciones contra la vida del propio Presidente venezolano.<\/p>\n<p>\u00abLa supremac\u00eda imperial hoy se expres\u00f3, el magnate (Donald Trump) se cree due\u00f1o del mundo, pero a Venezuela no la amenaza nadie y nadie es due\u00f1o de Venezuela, solo el pueblo soberano de esta patria hist\u00f3rica\u00bb, a\u00f1adi\u00f3 Maduro, quien emplaz\u00f3 a su hom\u00f3logo a debatir sobre derechos humanos y sobre el socialismo.<\/p>\n<p>En ese sentido, reiter\u00f3 que Venezuela construye un\u00a0<strong><a href=\"http:\/\/www.avn.info.ve\/contenido\/maduro-nadie-le-levanta-voz-venezuela-bolivariana\" target=\"_blank\" rel=\"noopener\">socialismo de corte latinoamericano<\/a><\/strong>, mestizo, para la libertad de los pueblos de la regi\u00f3n, nacido \u00abde las catacumbas, de la tradici\u00f3n y el patrimonio de los pueblos ind\u00edgenas. Es un\u00a0<a href=\"http:\/\/www.avn.info.ve\/contenido\/maduro-venezuela-construye-socialismo-para-libertad\" target=\"_blank\" rel=\"noopener\">socialismo para la libertad<\/a>, que se rebela a todas las formas de dominaci\u00f3n\u00bb.<\/p>\n<p>Amparada en esa visi\u00f3n, Venezuela exige a EEUU relaciones de altura y de igualdad. \u00ab<a href=\"http:\/\/www.avn.info.ve\/contenido\/maduro-pide-respeto-eeuu-y-ratifica-que-no-aceptar%C3%A1-relaciones-sumisi%C3%B3n\" target=\"_blank\" rel=\"noopener\">No aceptamos relaciones de subordinaci\u00f3n<\/a>, de sumisi\u00f3n, no aceptamos ser esclavos de nadie, no nos importa el poder que tenga el imperio estadounidense\u00bb, expres\u00f3.<\/p>\n<p><strong>La solidaridad, bandera integradora<\/strong><\/p>\n<p>El presidente Maduro reiter\u00f3 que el norte del pa\u00eds es la\u00a0<a href=\"http:\/\/www.avn.info.ve\/contenido\/presidente-maduro-se-solidariza-pueblo-dominica-tras-paso-del-hurac%C3%A1n-mar%C3%ADa\" target=\"_blank\" rel=\"noopener\">solidaridad<\/a>\u00a0como herramienta integradora. En ese sentido, expres\u00f3 el apoyo de Venezuela al pueblo de\u00a0<strong><a href=\"http:\/\/www.avn.info.ve\/contenido\/venezuela-llama-solidaridad-mundial-dominica-tras-estragos-hurac%C3%A1n-mar%C3%ADa\" target=\"_blank\" rel=\"noopener\">Dominica<\/a><\/strong>, afectado por el paso del\u00a0<strong>hurac\u00e1n Mar\u00eda<\/strong>, isla a la que fueron enviados\u00a0<a href=\"http:\/\/www.avn.info.ve\/contenido\/40-venezolanos-viajan-dominica-para-brindar-asistencia-humanitaria\" target=\"_blank\" rel=\"noopener\">40 expertos venezolanos<\/a>\u00a0y 18 toneladas en insumos de primera necesidad en esta contingencia.<\/p>\n<p>Tambi\u00e9n, manifest\u00f3 su disposici\u00f3n de brindar ayuda al pueblo de\u00a0<strong><a href=\"http:\/\/www.avn.info.ve\/contenido\/terremoto-m%C3%A9xico-caus%C3%B3-severos-da%C3%B1os-capital-puebla-y-morelos\" target=\"_blank\" rel=\"noopener\">M\u00e9xico<\/a><\/strong>, donde se registr\u00f3 un\u00a0<strong>sismo de magnitud 7,1<\/strong>\u00a0que afect\u00f3 a la capital de ese pa\u00eds, a Puebla y a Morelos.<\/p>\n<p>\u00abTodo lo que podamos, desde nuestro amor y humildad, se lo daremos.\u00a0<a href=\"http:\/\/www.avn.info.ve\/contenido\/presidente-maduro-m%C3%A9xico-cuenta-venezuerla-este-momento-dificultades\" target=\"_blank\" rel=\"noopener\">M\u00e9xico cuenta con Venezuela<\/a>\u00a0en este momento de dificultades que le toca vivir\u00bb, indic\u00f3 Maduro.<\/p>\n<p><strong>Llamado a la \u00e9tica y la eficiencia<\/strong><\/p>\n<p>El Presidente tambi\u00e9n hizo un llamado este martes para que la\u00a0<strong>\u00e9tica<\/strong>\u00a0y la\u00a0<strong>moral<\/strong>\u00a0se conviertan en pilares fundamentales en la construcci\u00f3n del\u00a0<strong>socialismo bolivariano<\/strong>, que debe ser\u00a0<a href=\"http:\/\/www.avn.info.ve\/contenido\/presidente-maduro-llama-m%C3%A1xima-eficiencia-para-combate-burocratismo\" target=\"_blank\" rel=\"noopener\">m\u00e1s eficiente y menos burocr\u00e1tico<\/a>.<\/p>\n<p>\u00abYo les pido que renovemos por dentro nuestra moral, nuestra fe, compromiso y que cada quien en la trinchera que le toque lo haga bien, mejor, con amor. Yo pido que obremos de buena voluntad, de buena fe y rememos este barco de la patria hacia el mismo puerto, el de la paz y la democracia\u00bb, expres\u00f3.<\/p>\n<p>Se trata de afianzar el modelo socialista venezolano como referente cuando \u00abestamos viviendo el momento m\u00e1s glorioso de la historia de esta Venezuela, que ha luchado en m\u00e1s de 500 a\u00f1os contra todas las formas de anticolonialismo y esclavismo. Estamos viniendo un tiempo de historia \u00fanica\u00bb.<\/p>\n<p>&nbsp;<\/p>\n","protected":false},"excerpt":{"rendered":"<p>La\u00a0movilizaci\u00f3n permanente, el fomento de la\u00a0solidaridad, la\u00a0consolidaci\u00f3n del socialismo\u00a0venezolano como herramienta liberadora y el fortalecimiento de &hellip; <a title=\"Maduro llama a seguir en batalla y en victoria frente al asedio de agentes imperiales\" class=\"hm-read-more\" href=\"https:\/\/www.mpppst.gob.ve\/mpppstweb\/index.php\/2017\/09\/20\/maduro-llama-a-seguir-en-batalla-y-en-victoria-frente-al-asedio-de-agentes-imperiales\/\"><span class=\"screen-reader-text\">Maduro llama a seguir en batalla y en victoria frente al asedio de agentes imperiales<\/span>Read more<\/a><\/p>\n","protected":false},"author":25,"featured_media":12764,"comment_status":"closed","ping_status":"closed","sticky":false,"template":"","format":"standard","meta":{"footnotes":""},"categories":[82,163],"tags":[],"yoast_head":"<!-- This site is optimized with the Yoast SEO plugin v22.5 - https:\/\/yoast.com\/wordpress\/plugins\/seo\/ -->\n<title>Maduro llama a seguir en batalla y en victoria frente al asedio de agentes imperiales - MPPPST<\/title>\n<meta name=\"robots\" content=\"index, follow, max-snippet:-1, max-image-preview:large, max-video-preview:-1\" \/>\n<link rel=\"canonical\" href=\"https:\/\/www.mpppst.gob.ve\/mpppstweb\/index.php\/2017\/09\/20\/maduro-llama-a-seguir-en-batalla-y-en-victoria-frente-al-asedio-de-agentes-imperiales\/\" \/>\n<meta property=\"og:locale\" content=\"es_ES\" \/>\n<meta property=\"og:type\" content=\"article\" \/>\n<meta property=\"og:title\" content=\"Maduro llama a seguir en batalla y en victoria frente al asedio de agentes imperiales - MPPPST\" \/>\n<meta property=\"og:description\" content=\"La\u00a0movilizaci\u00f3n permanente, el fomento de la\u00a0solidaridad, la\u00a0consolidaci\u00f3n del socialismo\u00a0venezolano como herramienta liberadora y el fortalecimiento de &hellip; Maduro llama a seguir en batalla y en victoria frente al asedio de agentes imperialesRead more\" \/>\n<meta property=\"og:url\" content=\"https:\/\/www.mpppst.gob.ve\/mpppstweb\/index.php\/2017\/09\/20\/maduro-llama-a-seguir-en-batalla-y-en-victoria-frente-al-asedio-de-agentes-imperiales\/\" \/>\n<meta property=\"og:site_name\" content=\"MPPPST\" \/>\n<meta property=\"article:published_time\" content=\"2017-09-20T13:50:45+00:00\" \/>\n<meta property=\"og:image\" content=\"https:\/\/www.mpppst.gob.ve\/mpppstweb\/wp-content\/uploads\/2017\/09\/003_mg2121_1505856116.jpg\" \/>\n\t<meta property=\"og:image:width\" content=\"800\" \/>\n\t<meta property=\"og:image:height\" content=\"445\" \/>\n\t<meta property=\"og:image:type\" content=\"image\/jpeg\" \/>\n<meta name=\"author\" content=\"MPPPST Prensa\" \/>\n<meta name=\"twitter:card\" content=\"summary_large_image\" \/>\n<meta name=\"twitter:label1\" content=\"Escrito por\" \/>\n\t<meta name=\"twitter:data1\" content=\"MPPPST Prensa\" \/>\n\t<meta name=\"twitter:label2\" content=\"Tiempo de lectura\" \/>\n\t<meta name=\"twitter:data2\" content=\"3 minutos\" \/>\n<script type=\"application\/ld+json\" class=\"yoast-schema-graph\">{\"@context\":\"https:\/\/schema.org\",\"@graph\":[{\"@type\":\"Article\",\"@id\":\"https:\/\/www.mpppst.gob.ve\/mpppstweb\/index.php\/2017\/09\/20\/maduro-llama-a-seguir-en-batalla-y-en-victoria-frente-al-asedio-de-agentes-imperiales\/#article\",\"isPartOf\":{\"@id\":\"https:\/\/www.mpppst.gob.ve\/mpppstweb\/index.php\/2017\/09\/20\/maduro-llama-a-seguir-en-batalla-y-en-victoria-frente-al-asedio-de-agentes-imperiales\/\"},\"author\":{\"name\":\"MPPPST Prensa\",\"@id\":\"https:\/\/www.mpppst.gob.ve\/mpppstweb\/#\/schema\/person\/fc187ee8ead412bd4c9304b62f900ea4\"},\"headline\":\"Maduro llama a seguir en batalla y en victoria frente al asedio de agentes imperiales\",\"datePublished\":\"2017-09-20T13:50:45+00:00\",\"dateModified\":\"2017-09-20T13:50:45+00:00\",\"mainEntityOfPage\":{\"@id\":\"https:\/\/www.mpppst.gob.ve\/mpppstweb\/index.php\/2017\/09\/20\/maduro-llama-a-seguir-en-batalla-y-en-victoria-frente-al-asedio-de-agentes-imperiales\/\"},\"wordCount\":653,\"publisher\":{\"@id\":\"https:\/\/www.mpppst.gob.ve\/mpppstweb\/#organization\"},\"image\":{\"@id\":\"https:\/\/www.mpppst.gob.ve\/mpppstweb\/index.php\/2017\/09\/20\/maduro-llama-a-seguir-en-batalla-y-en-victoria-frente-al-asedio-de-agentes-imperiales\/#primaryimage\"},\"thumbnailUrl\":\"https:\/\/www.mpppst.gob.ve\/mpppstweb\/wp-content\/uploads\/2017\/09\/003_mg2121_1505856116.jpg\",\"articleSection\":[\"Gobierno Nacional\",\"Noticias\"],\"inLanguage\":\"es\"},{\"@type\":\"WebPage\",\"@id\":\"https:\/\/www.mpppst.gob.ve\/mpppstweb\/index.php\/2017\/09\/20\/maduro-llama-a-seguir-en-batalla-y-en-victoria-frente-al-asedio-de-agentes-imperiales\/\",\"url\":\"https:\/\/www.mpppst.gob.ve\/mpppstweb\/index.php\/2017\/09\/20\/maduro-llama-a-seguir-en-batalla-y-en-victoria-frente-al-asedio-de-agentes-imperiales\/\",\"name\":\"Maduro llama a seguir en batalla y en victoria frente al asedio de agentes imperiales - MPPPST\",\"isPartOf\":{\"@id\":\"https:\/\/www.mpppst.gob.ve\/mpppstweb\/#website\"},\"primaryImageOfPage\":{\"@id\":\"https:\/\/www.mpppst.gob.ve\/mpppstweb\/index.php\/2017\/09\/20\/maduro-llama-a-seguir-en-batalla-y-en-victoria-frente-al-asedio-de-agentes-imperiales\/#primaryimage\"},\"image\":{\"@id\":\"https:\/\/www.mpppst.gob.ve\/mpppstweb\/index.php\/2017\/09\/20\/maduro-llama-a-seguir-en-batalla-y-en-victoria-frente-al-asedio-de-agentes-imperiales\/#primaryimage\"},\"thumbnailUrl\":\"https:\/\/www.mpppst.gob.ve\/mpppstweb\/wp-content\/uploads\/2017\/09\/003_mg2121_1505856116.jpg\",\"datePublished\":\"2017-09-20T13:50:45+00:00\",\"dateModified\":\"2017-09-20T13:50:45+00:00\",\"breadcrumb\":{\"@id\":\"https:\/\/www.mpppst.gob.ve\/mpppstweb\/index.php\/2017\/09\/20\/maduro-llama-a-seguir-en-batalla-y-en-victoria-frente-al-asedio-de-agentes-imperiales\/#breadcrumb\"},\"inLanguage\":\"es\",\"potentialAction\":[{\"@type\":\"ReadAction\",\"target\":[\"https:\/\/www.mpppst.gob.ve\/mpppstweb\/index.php\/2017\/09\/20\/maduro-llama-a-seguir-en-batalla-y-en-victoria-frente-al-asedio-de-agentes-imperiales\/\"]}]},{\"@type\":\"ImageObject\",\"inLanguage\":\"es\",\"@id\":\"https:\/\/www.mpppst.gob.ve\/mpppstweb\/index.php\/2017\/09\/20\/maduro-llama-a-seguir-en-batalla-y-en-victoria-frente-al-asedio-de-agentes-imperiales\/#primaryimage\",\"url\":\"https:\/\/www.mpppst.gob.ve\/mpppstweb\/wp-content\/uploads\/2017\/09\/003_mg2121_1505856116.jpg\",\"contentUrl\":\"https:\/\/www.mpppst.gob.ve\/mpppstweb\/wp-content\/uploads\/2017\/09\/003_mg2121_1505856116.jpg\",\"width\":800,\"height\":445},{\"@type\":\"BreadcrumbList\",\"@id\":\"https:\/\/www.mpppst.gob.ve\/mpppstweb\/index.php\/2017\/09\/20\/maduro-llama-a-seguir-en-batalla-y-en-victoria-frente-al-asedio-de-agentes-imperiales\/#breadcrumb\",\"itemListElement\":[{\"@type\":\"ListItem\",\"position\":1,\"name\":\"Home\",\"item\":\"https:\/\/www.mpppst.gob.ve\/mpppstweb\/\"},{\"@type\":\"ListItem\",\"position\":2,\"name\":\"Maduro llama a seguir en batalla y en victoria frente al asedio de agentes imperiales\"}]},{\"@type\":\"WebSite\",\"@id\":\"https:\/\/www.mpppst.gob.ve\/mpppstweb\/#website\",\"url\":\"https:\/\/www.mpppst.gob.ve\/mpppstweb\/\",\"name\":\"MPPPST\",\"description\":\"Ministerio del Poder Popular para el Proceso Social de Trabajo\",\"publisher\":{\"@id\":\"https:\/\/www.mpppst.gob.ve\/mpppstweb\/#organization\"},\"potentialAction\":[{\"@type\":\"SearchAction\",\"target\":{\"@type\":\"EntryPoint\",\"urlTemplate\":\"https:\/\/www.mpppst.gob.ve\/mpppstweb\/?s={search_term_string}\"},\"query-input\":\"required name=search_term_string\"}],\"inLanguage\":\"es\"},{\"@type\":\"Organization\",\"@id\":\"https:\/\/www.mpppst.gob.ve\/mpppstweb\/#organization\",\"name\":\"mpppst\",\"url\":\"https:\/\/www.mpppst.gob.ve\/mpppstweb\/\",\"logo\":{\"@type\":\"ImageObject\",\"inLanguage\":\"es\",\"@id\":\"https:\/\/www.mpppst.gob.ve\/mpppstweb\/#\/schema\/logo\/image\/\",\"url\":\"https:\/\/www.mpppst.gob.ve\/mpppstweb\/wp-content\/uploads\/2025\/07\/cropped-cropped-g910.png\",\"contentUrl\":\"https:\/\/www.mpppst.gob.ve\/mpppstweb\/wp-content\/uploads\/2025\/07\/cropped-cropped-g910.png\",\"width\":1080,\"height\":241,\"caption\":\"mpppst\"},\"image\":{\"@id\":\"https:\/\/www.mpppst.gob.ve\/mpppstweb\/#\/schema\/logo\/image\/\"}},{\"@type\":\"Person\",\"@id\":\"https:\/\/www.mpppst.gob.ve\/mpppstweb\/#\/schema\/person\/fc187ee8ead412bd4c9304b62f900ea4\",\"name\":\"MPPPST Prensa\",\"url\":\"https:\/\/www.mpppst.gob.ve\/mpppstweb\/index.php\/author\/prensa-mpppst\/\"}]}<\/script>\n<!-- \/ Yoast SEO plugin. -->","yoast_head_json":{"title":"Maduro llama a seguir en batalla y en victoria frente al asedio de agentes imperiales - MPPPST","robots":{"index":"index","follow":"follow","max-snippet":"max-snippet:-1","max-image-preview":"max-image-preview:large","max-video-preview":"max-video-preview:-1"},"canonical":"https:\/\/www.mpppst.gob.ve\/mpppstweb\/index.php\/2017\/09\/20\/maduro-llama-a-seguir-en-batalla-y-en-victoria-frente-al-asedio-de-agentes-imperiales\/","og_locale":"es_ES","og_type":"article","og_title":"Maduro llama a seguir en batalla y en victoria frente al asedio de agentes imperiales - MPPPST","og_description":"La\u00a0movilizaci\u00f3n permanente, el fomento de la\u00a0solidaridad, la\u00a0consolidaci\u00f3n del socialismo\u00a0venezolano como herramienta liberadora y el fortalecimiento de &hellip; Maduro llama a seguir en batalla y en victoria frente al asedio de agentes imperialesRead more","og_url":"https:\/\/www.mpppst.gob.ve\/mpppstweb\/index.php\/2017\/09\/20\/maduro-llama-a-seguir-en-batalla-y-en-victoria-frente-al-asedio-de-agentes-imperiales\/","og_site_name":"MPPPST","article_published_time":"2017-09-20T13:50:45+00:00","og_image":[{"width":800,"height":445,"url":"https:\/\/www.mpppst.gob.ve\/mpppstweb\/wp-content\/uploads\/2017\/09\/003_mg2121_1505856116.jpg","type":"image\/jpeg"}],"author":"MPPPST Prensa","twitter_card":"summary_large_image","twitter_misc":{"Escrito por":"MPPPST Prensa","Tiempo de lectura":"3 minutos"},"schema":{"@context":"https:\/\/schema.org","@graph":[{"@type":"Article","@id":"https:\/\/www.mpppst.gob.ve\/mpppstweb\/index.php\/2017\/09\/20\/maduro-llama-a-seguir-en-batalla-y-en-victoria-frente-al-asedio-de-agentes-imperiales\/#article","isPartOf":{"@id":"https:\/\/www.mpppst.gob.ve\/mpppstweb\/index.php\/2017\/09\/20\/maduro-llama-a-seguir-en-batalla-y-en-victoria-frente-al-asedio-de-agentes-imperiales\/"},"author":{"name":"MPPPST Prensa","@id":"https:\/\/www.mpppst.gob.ve\/mpppstweb\/#\/schema\/person\/fc187ee8ead412bd4c9304b62f900ea4"},"headline":"Maduro llama a seguir en batalla y en victoria frente al asedio de agentes imperiales","datePublished":"2017-09-20T13:50:45+00:00","dateModified":"2017-09-20T13:50:45+00:00","mainEntityOfPage":{"@id":"https:\/\/www.mpppst.gob.ve\/mpppstweb\/index.php\/2017\/09\/20\/maduro-llama-a-seguir-en-batalla-y-en-victoria-frente-al-asedio-de-agentes-imperiales\/"},"wordCount":653,"publisher":{"@id":"https:\/\/www.mpppst.gob.ve\/mpppstweb\/#organization"},"image":{"@id":"https:\/\/www.mpppst.gob.ve\/mpppstweb\/index.php\/2017\/09\/20\/maduro-llama-a-seguir-en-batalla-y-en-victoria-frente-al-asedio-de-agentes-imperiales\/#primaryimage"},"thumbnailUrl":"https:\/\/www.mpppst.gob.ve\/mpppstweb\/wp-content\/uploads\/2017\/09\/003_mg2121_1505856116.jpg","articleSection":["Gobierno Nacional","Noticias"],"inLanguage":"es"},{"@type":"WebPage","@id":"https:\/\/www.mpppst.gob.ve\/mpppstweb\/index.php\/2017\/09\/20\/maduro-llama-a-seguir-en-batalla-y-en-victoria-frente-al-asedio-de-agentes-imperiales\/","url":"https:\/\/www.mpppst.gob.ve\/mpppstweb\/index.php\/2017\/09\/20\/maduro-llama-a-seguir-en-batalla-y-en-victoria-frente-al-asedio-de-agentes-imperiales\/","name":"Maduro llama a seguir en batalla y en victoria frente al asedio de agentes imperiales - MPPPST","isPartOf":{"@id":"https:\/\/www.mpppst.gob.ve\/mpppstweb\/#website"},"primaryImageOfPage":{"@id":"https:\/\/www.mpppst.gob.ve\/mpppstweb\/index.php\/2017\/09\/20\/maduro-llama-a-seguir-en-batalla-y-en-victoria-frente-al-asedio-de-agentes-imperiales\/#primaryimage"},"image":{"@id":"https:\/\/www.mpppst.gob.ve\/mpppstweb\/index.php\/2017\/09\/20\/maduro-llama-a-seguir-en-batalla-y-en-victoria-frente-al-asedio-de-agentes-imperiales\/#primaryimage"},"thumbnailUrl":"https:\/\/www.mpppst.gob.ve\/mpppstweb\/wp-content\/uploads\/2017\/09\/003_mg2121_1505856116.jpg","datePublished":"2017-09-20T13:50:45+00:00","dateModified":"2017-09-20T13:50:45+00:00","breadcrumb":{"@id":"https:\/\/www.mpppst.gob.ve\/mpppstweb\/index.php\/2017\/09\/20\/maduro-llama-a-seguir-en-batalla-y-en-victoria-frente-al-asedio-de-agentes-imperiales\/#breadcrumb"},"inLanguage":"es","potentialAction":[{"@type":"ReadAction","target":["https:\/\/www.mpppst.gob.ve\/mpppstweb\/index.php\/2017\/09\/20\/maduro-llama-a-seguir-en-batalla-y-en-victoria-frente-al-asedio-de-agentes-imperiales\/"]}]},{"@type":"ImageObject","inLanguage":"es","@id":"https:\/\/www.mpppst.gob.ve\/mpppstweb\/index.php\/2017\/09\/20\/maduro-llama-a-seguir-en-batalla-y-en-victoria-frente-al-asedio-de-agentes-imperiales\/#primaryimage","url":"https:\/\/www.mpppst.gob.ve\/mpppstweb\/wp-content\/uploads\/2017\/09\/003_mg2121_1505856116.jpg","contentUrl":"https:\/\/www.mpppst.gob.ve\/mpppstweb\/wp-content\/uploads\/2017\/09\/003_mg2121_1505856116.jpg","width":800,"height":445},{"@type":"BreadcrumbList","@id":"https:\/\/www.mpppst.gob.ve\/mpppstweb\/index.php\/2017\/09\/20\/maduro-llama-a-seguir-en-batalla-y-en-victoria-frente-al-asedio-de-agentes-imperiales\/#breadcrumb","itemListElement":[{"@type":"ListItem","position":1,"name":"Home","item":"https:\/\/www.mpppst.gob.ve\/mpppstweb\/"},{"@type":"ListItem","position":2,"name":"Maduro llama a seguir en batalla y en victoria frente al asedio de agentes imperiales"}]},{"@type":"WebSite","@id":"https:\/\/www.mpppst.gob.ve\/mpppstweb\/#website","url":"https:\/\/www.mpppst.gob.ve\/mpppstweb\/","name":"MPPPST","description":"Ministerio del Poder Popular para el Proceso Social de Trabajo","publisher":{"@id":"https:\/\/www.mpppst.gob.ve\/mpppstweb\/#organization"},"potentialAction":[{"@type":"SearchAction","target":{"@type":"EntryPoint","urlTemplate":"https:\/\/www.mpppst.gob.ve\/mpppstweb\/?s={search_term_string}"},"query-input":"required name=search_term_string"}],"inLanguage":"es"},{"@type":"Organization","@id":"https:\/\/www.mpppst.gob.ve\/mpppstweb\/#organization","name":"mpppst","url":"https:\/\/www.mpppst.gob.ve\/mpppstweb\/","logo":{"@type":"ImageObject","inLanguage":"es","@id":"https:\/\/www.mpppst.gob.ve\/mpppstweb\/#\/schema\/logo\/image\/","url":"https:\/\/www.mpppst.gob.ve\/mpppstweb\/wp-content\/uploads\/2025\/07\/cropped-cropped-g910.png","contentUrl":"https:\/\/www.mpppst.gob.ve\/mpppstweb\/wp-content\/uploads\/2025\/07\/cropped-cropped-g910.png","width":1080,"height":241,"caption":"mpppst"},"image":{"@id":"https:\/\/www.mpppst.gob.ve\/mpppstweb\/#\/schema\/logo\/image\/"}},{"@type":"Person","@id":"https:\/\/www.mpppst.gob.ve\/mpppstweb\/#\/schema\/person\/fc187ee8ead412bd4c9304b62f900ea4","name":"MPPPST Prensa","url":"https:\/\/www.mpppst.gob.ve\/mpppstweb\/index.php\/author\/prensa-mpppst\/"}]}},"_links":{"self":[{"href":"https:\/\/www.mpppst.gob.ve\/mpppstweb\/index.php\/wp-json\/wp\/v2\/posts\/12763"}],"collection":[{"href":"https:\/\/www.mpppst.gob.ve\/mpppstweb\/index.php\/wp-json\/wp\/v2\/posts"}],"about":[{"href":"https:\/\/www.mpppst.gob.ve\/mpppstweb\/index.php\/wp-json\/wp\/v2\/types\/post"}],"author":[{"embeddable":true,"href":"https:\/\/www.mpppst.gob.ve\/mpppstweb\/index.php\/wp-json\/wp\/v2\/users\/25"}],"replies":[{"embeddable":true,"href":"https:\/\/www.mpppst.gob.ve\/mpppstweb\/index.php\/wp-json\/wp\/v2\/comments?post=12763"}],"version-history":[{"count":1,"href":"https:\/\/www.mpppst.gob.ve\/mpppstweb\/index.php\/wp-json\/wp\/v2\/posts\/12763\/revisions"}],"predecessor-version":[{"id":12765,"href":"https:\/\/www.mpppst.gob.ve\/mpppstweb\/index.php\/wp-json\/wp\/v2\/posts\/12763\/revisions\/12765"}],"wp:featuredmedia":[{"embeddable":true,"href":"https:\/\/www.mpppst.gob.ve\/mpppstweb\/index.php\/wp-json\/wp\/v2\/media\/12764"}],"wp:attachment":[{"href":"https:\/\/www.mpppst.gob.ve\/mpppstweb\/index.php\/wp-json\/wp\/v2\/media?parent=12763"}],"wp:term":[{"taxonomy":"category","embeddable":true,"href":"https:\/\/www.mpppst.gob.ve\/mpppstweb\/index.php\/wp-json\/wp\/v2\/categories?post=12763"},{"taxonomy":"post_tag","embeddable":true,"href":"https:\/\/www.mpppst.gob.ve\/mpppstweb\/index.php\/wp-json\/wp\/v2\/tags?post=12763"}],"curies":[{"name":"wp","href":"https:\/\/api.w.org\/{rel}","templated":true}]}}