{"id":12804,"date":"2017-09-25T09:33:14","date_gmt":"2017-09-25T13:33:14","guid":{"rendered":"http:\/\/www.mpppst.gob.ve\/mpppstweb\/?p=12804"},"modified":"2017-09-25T09:33:14","modified_gmt":"2017-09-25T13:33:14","slug":"escarra-sanciones-de-eeuu-y-canada-afectan-la-politica-internacional-de-venezuela","status":"publish","type":"post","link":"https:\/\/www.mpppst.gob.ve\/mpppstweb\/index.php\/2017\/09\/25\/escarra-sanciones-de-eeuu-y-canada-afectan-la-politica-internacional-de-venezuela\/","title":{"rendered":"Escarr\u00e1: Sanciones de EEUU y Canad\u00e1 afectan la pol\u00edtica internacional de Venezuela"},"content":{"rendered":"<p>El\u00a0<span id=\"IL_AD3\" class=\"IL_AD\">constituyente<\/span>\u00a0Hermann Escarr\u00e1 rechaz\u00f3 las recientes sanciones de Estados Unidos y Canad\u00e1 contra funcionarios, que asegura \u201cafectan la pol\u00edtica internacional de Venezuela\u201d.<span id=\"more-1318536\"><\/span><\/p>\n<p>Este domingo el gobierno de\u00a0<span id=\"IL_AD6\" class=\"IL_AD\">Donald Trump<\/span>\u00a0anunci\u00f3 veto migratorio para oficiales\u00a0<span id=\"IL_AD5\" class=\"IL_AD\">del gobierno<\/span>\u00a0de Nicol\u00e1s Maduro y sus familias. En el caso de Canad\u00e1, la semana pasada se public\u00f3 una lista de funcionarios sancionados, al igual que hizo su pa\u00eds vecino.<\/p>\n<p>Escarr\u00e1 se\u00f1al\u00f3 que se deben tomar acciones contra opositores que han solicitado o propiciado invasi\u00f3n militar y medidas econ\u00f3micas. Considera que han incurrido en delitos de traici\u00f3n a la patria, y afectan el acceso de los venezolanos a alimentos y medicinas.<\/p>\n<p>Ante la posibilidad de que Venezuela decidiera salir de la Organizaci\u00f3n de Naciones Unidas (ONU), Escarr\u00e1 considera que seria inconveniente, pues tal escenario permite que el pa\u00eds se mantenga\u00a0<span id=\"IL_AD8\" class=\"IL_AD\">e la<\/span>palestra internacional.<\/p>\n<p>\u201cNo olvidemos que el Presidente (Nicolas Maduro) es el representante de los no alineados, que son como 88 pa\u00edses. Participamos en organismos especializados de la ONU, y estamos en el\u00a0<span id=\"IL_AD2\" class=\"IL_AD\">Consejo<\/span>\u00a0de Seguridad, donde est\u00e1 el embajador Rafael Ram\u00edrez\u201d, resalt\u00f3, quien concluy\u00f3 que \u201cser\u00eda un g&lt;rav\u00edsimo error\u201d.<\/p>\n<p>Se\u00f1al\u00f3 que en relaci\u00f3n a lo ocurrido en la Organizaci\u00f3n de Estados Americanos (OEA), es diferente. \u201cPorque viene delegitim\u00e1ndose. Tenemos al se\u00f1or (Luis)\u00a0<span id=\"IL_AD1\" class=\"IL_AD\">Almagro<\/span>\u00a0que ha\u00a0<span id=\"IL_AD4\" class=\"IL_AD\">dado<\/span>\u00a0demostraci\u00f3n de su ignorancia y su car\u00e1cter de tarifado\u201d.<\/p>\n<p>Resalt\u00f3 que el actual secretario de la ONU, Antonio Guterres, se ha manifestado en favor de la negociaci\u00f3n, el di\u00e1logo, de la democracia, \u201cque\u00a0<span id=\"IL_AD9\" class=\"IL_AD\">es en<\/span>\u00a0lo que ha insistido el presidente Maduro\u201d.<\/p>\n","protected":false},"excerpt":{"rendered":"<p>El\u00a0constituyente\u00a0Hermann Escarr\u00e1 rechaz\u00f3 las recientes sanciones de Estados Unidos y Canad\u00e1 contra funcionarios, que asegura \u201cafectan &hellip; <a title=\"Escarr\u00e1: Sanciones de EEUU y Canad\u00e1 afectan la pol\u00edtica internacional de Venezuela\" class=\"hm-read-more\" href=\"https:\/\/www.mpppst.gob.ve\/mpppstweb\/index.php\/2017\/09\/25\/escarra-sanciones-de-eeuu-y-canada-afectan-la-politica-internacional-de-venezuela\/\"><span class=\"screen-reader-text\">Escarr\u00e1: Sanciones de EEUU y Canad\u00e1 afectan la pol\u00edtica internacional de Venezuela<\/span>Read more<\/a><\/p>\n","protected":false},"author":25,"featured_media":12805,"comment_status":"closed","ping_status":"closed","sticky":false,"template":"","format":"standard","meta":{"footnotes":""},"categories":[82,163],"tags":[],"yoast_head":"<!-- This site is optimized with the Yoast SEO plugin v22.5 - https:\/\/yoast.com\/wordpress\/plugins\/seo\/ -->\n<title>Escarr\u00e1: Sanciones de EEUU y Canad\u00e1 afectan la pol\u00edtica internacional de Venezuela - MPPPST<\/title>\n<meta name=\"robots\" content=\"index, follow, max-snippet:-1, max-image-preview:large, max-video-preview:-1\" \/>\n<link rel=\"canonical\" href=\"https:\/\/www.mpppst.gob.ve\/mpppstweb\/index.php\/2017\/09\/25\/escarra-sanciones-de-eeuu-y-canada-afectan-la-politica-internacional-de-venezuela\/\" \/>\n<meta property=\"og:locale\" content=\"es_ES\" \/>\n<meta property=\"og:type\" content=\"article\" \/>\n<meta property=\"og:title\" content=\"Escarr\u00e1: Sanciones de EEUU y Canad\u00e1 afectan la pol\u00edtica internacional de Venezuela - MPPPST\" \/>\n<meta property=\"og:description\" content=\"El\u00a0constituyente\u00a0Hermann Escarr\u00e1 rechaz\u00f3 las recientes sanciones de Estados Unidos y Canad\u00e1 contra funcionarios, que asegura \u201cafectan &hellip; Escarr\u00e1: Sanciones de EEUU y Canad\u00e1 afectan la pol\u00edtica internacional de VenezuelaRead more\" \/>\n<meta property=\"og:url\" content=\"https:\/\/www.mpppst.gob.ve\/mpppstweb\/index.php\/2017\/09\/25\/escarra-sanciones-de-eeuu-y-canada-afectan-la-politica-internacional-de-venezuela\/\" \/>\n<meta property=\"og:site_name\" content=\"MPPPST\" \/>\n<meta property=\"article:published_time\" content=\"2017-09-25T13:33:14+00:00\" \/>\n<meta property=\"og:image\" content=\"https:\/\/www.mpppst.gob.ve\/mpppstweb\/wp-content\/uploads\/2017\/09\/bb99ef19ee03482584172bd18e770ee6.jpg\" \/>\n\t<meta property=\"og:image:width\" content=\"800\" \/>\n\t<meta property=\"og:image:height\" content=\"445\" \/>\n\t<meta property=\"og:image:type\" content=\"image\/jpeg\" \/>\n<meta name=\"author\" content=\"MPPPST Prensa\" \/>\n<meta name=\"twitter:card\" content=\"summary_large_image\" \/>\n<meta name=\"twitter:label1\" content=\"Escrito por\" \/>\n\t<meta name=\"twitter:data1\" content=\"MPPPST Prensa\" \/>\n\t<meta name=\"twitter:label2\" content=\"Tiempo de lectura\" \/>\n\t<meta name=\"twitter:data2\" content=\"1 minuto\" \/>\n<script type=\"application\/ld+json\" class=\"yoast-schema-graph\">{\"@context\":\"https:\/\/schema.org\",\"@graph\":[{\"@type\":\"Article\",\"@id\":\"https:\/\/www.mpppst.gob.ve\/mpppstweb\/index.php\/2017\/09\/25\/escarra-sanciones-de-eeuu-y-canada-afectan-la-politica-internacional-de-venezuela\/#article\",\"isPartOf\":{\"@id\":\"https:\/\/www.mpppst.gob.ve\/mpppstweb\/index.php\/2017\/09\/25\/escarra-sanciones-de-eeuu-y-canada-afectan-la-politica-internacional-de-venezuela\/\"},\"author\":{\"name\":\"MPPPST Prensa\",\"@id\":\"https:\/\/www.mpppst.gob.ve\/mpppstweb\/#\/schema\/person\/fc187ee8ead412bd4c9304b62f900ea4\"},\"headline\":\"Escarr\u00e1: Sanciones de EEUU y Canad\u00e1 afectan la pol\u00edtica internacional de Venezuela\",\"datePublished\":\"2017-09-25T13:33:14+00:00\",\"dateModified\":\"2017-09-25T13:33:14+00:00\",\"mainEntityOfPage\":{\"@id\":\"https:\/\/www.mpppst.gob.ve\/mpppstweb\/index.php\/2017\/09\/25\/escarra-sanciones-de-eeuu-y-canada-afectan-la-politica-internacional-de-venezuela\/\"},\"wordCount\":290,\"publisher\":{\"@id\":\"https:\/\/www.mpppst.gob.ve\/mpppstweb\/#organization\"},\"image\":{\"@id\":\"https:\/\/www.mpppst.gob.ve\/mpppstweb\/index.php\/2017\/09\/25\/escarra-sanciones-de-eeuu-y-canada-afectan-la-politica-internacional-de-venezuela\/#primaryimage\"},\"thumbnailUrl\":\"https:\/\/www.mpppst.gob.ve\/mpppstweb\/wp-content\/uploads\/2017\/09\/bb99ef19ee03482584172bd18e770ee6.jpg\",\"articleSection\":[\"Gobierno Nacional\",\"Noticias\"],\"inLanguage\":\"es\"},{\"@type\":\"WebPage\",\"@id\":\"https:\/\/www.mpppst.gob.ve\/mpppstweb\/index.php\/2017\/09\/25\/escarra-sanciones-de-eeuu-y-canada-afectan-la-politica-internacional-de-venezuela\/\",\"url\":\"https:\/\/www.mpppst.gob.ve\/mpppstweb\/index.php\/2017\/09\/25\/escarra-sanciones-de-eeuu-y-canada-afectan-la-politica-internacional-de-venezuela\/\",\"name\":\"Escarr\u00e1: Sanciones de EEUU y Canad\u00e1 afectan la pol\u00edtica internacional de Venezuela - MPPPST\",\"isPartOf\":{\"@id\":\"https:\/\/www.mpppst.gob.ve\/mpppstweb\/#website\"},\"primaryImageOfPage\":{\"@id\":\"https:\/\/www.mpppst.gob.ve\/mpppstweb\/index.php\/2017\/09\/25\/escarra-sanciones-de-eeuu-y-canada-afectan-la-politica-internacional-de-venezuela\/#primaryimage\"},\"image\":{\"@id\":\"https:\/\/www.mpppst.gob.ve\/mpppstweb\/index.php\/2017\/09\/25\/escarra-sanciones-de-eeuu-y-canada-afectan-la-politica-internacional-de-venezuela\/#primaryimage\"},\"thumbnailUrl\":\"https:\/\/www.mpppst.gob.ve\/mpppstweb\/wp-content\/uploads\/2017\/09\/bb99ef19ee03482584172bd18e770ee6.jpg\",\"datePublished\":\"2017-09-25T13:33:14+00:00\",\"dateModified\":\"2017-09-25T13:33:14+00:00\",\"breadcrumb\":{\"@id\":\"https:\/\/www.mpppst.gob.ve\/mpppstweb\/index.php\/2017\/09\/25\/escarra-sanciones-de-eeuu-y-canada-afectan-la-politica-internacional-de-venezuela\/#breadcrumb\"},\"inLanguage\":\"es\",\"potentialAction\":[{\"@type\":\"ReadAction\",\"target\":[\"https:\/\/www.mpppst.gob.ve\/mpppstweb\/index.php\/2017\/09\/25\/escarra-sanciones-de-eeuu-y-canada-afectan-la-politica-internacional-de-venezuela\/\"]}]},{\"@type\":\"ImageObject\",\"inLanguage\":\"es\",\"@id\":\"https:\/\/www.mpppst.gob.ve\/mpppstweb\/index.php\/2017\/09\/25\/escarra-sanciones-de-eeuu-y-canada-afectan-la-politica-internacional-de-venezuela\/#primaryimage\",\"url\":\"https:\/\/www.mpppst.gob.ve\/mpppstweb\/wp-content\/uploads\/2017\/09\/bb99ef19ee03482584172bd18e770ee6.jpg\",\"contentUrl\":\"https:\/\/www.mpppst.gob.ve\/mpppstweb\/wp-content\/uploads\/2017\/09\/bb99ef19ee03482584172bd18e770ee6.jpg\",\"width\":800,\"height\":445},{\"@type\":\"BreadcrumbList\",\"@id\":\"https:\/\/www.mpppst.gob.ve\/mpppstweb\/index.php\/2017\/09\/25\/escarra-sanciones-de-eeuu-y-canada-afectan-la-politica-internacional-de-venezuela\/#breadcrumb\",\"itemListElement\":[{\"@type\":\"ListItem\",\"position\":1,\"name\":\"Home\",\"item\":\"https:\/\/www.mpppst.gob.ve\/mpppstweb\/\"},{\"@type\":\"ListItem\",\"position\":2,\"name\":\"Escarr\u00e1: Sanciones de EEUU y Canad\u00e1 afectan la pol\u00edtica internacional de Venezuela\"}]},{\"@type\":\"WebSite\",\"@id\":\"https:\/\/www.mpppst.gob.ve\/mpppstweb\/#website\",\"url\":\"https:\/\/www.mpppst.gob.ve\/mpppstweb\/\",\"name\":\"MPPPST\",\"description\":\"Ministerio del Poder Popular para el Proceso Social de Trabajo\",\"publisher\":{\"@id\":\"https:\/\/www.mpppst.gob.ve\/mpppstweb\/#organization\"},\"potentialAction\":[{\"@type\":\"SearchAction\",\"target\":{\"@type\":\"EntryPoint\",\"urlTemplate\":\"https:\/\/www.mpppst.gob.ve\/mpppstweb\/?s={search_term_string}\"},\"query-input\":\"required name=search_term_string\"}],\"inLanguage\":\"es\"},{\"@type\":\"Organization\",\"@id\":\"https:\/\/www.mpppst.gob.ve\/mpppstweb\/#organization\",\"name\":\"mpppst\",\"url\":\"https:\/\/www.mpppst.gob.ve\/mpppstweb\/\",\"logo\":{\"@type\":\"ImageObject\",\"inLanguage\":\"es\",\"@id\":\"https:\/\/www.mpppst.gob.ve\/mpppstweb\/#\/schema\/logo\/image\/\",\"url\":\"https:\/\/www.mpppst.gob.ve\/mpppstweb\/wp-content\/uploads\/2025\/07\/cropped-cropped-g910.png\",\"contentUrl\":\"https:\/\/www.mpppst.gob.ve\/mpppstweb\/wp-content\/uploads\/2025\/07\/cropped-cropped-g910.png\",\"width\":1080,\"height\":241,\"caption\":\"mpppst\"},\"image\":{\"@id\":\"https:\/\/www.mpppst.gob.ve\/mpppstweb\/#\/schema\/logo\/image\/\"}},{\"@type\":\"Person\",\"@id\":\"https:\/\/www.mpppst.gob.ve\/mpppstweb\/#\/schema\/person\/fc187ee8ead412bd4c9304b62f900ea4\",\"name\":\"MPPPST Prensa\",\"url\":\"https:\/\/www.mpppst.gob.ve\/mpppstweb\/index.php\/author\/prensa-mpppst\/\"}]}<\/script>\n<!-- \/ Yoast SEO plugin. -->","yoast_head_json":{"title":"Escarr\u00e1: Sanciones de EEUU y Canad\u00e1 afectan la pol\u00edtica internacional de Venezuela - MPPPST","robots":{"index":"index","follow":"follow","max-snippet":"max-snippet:-1","max-image-preview":"max-image-preview:large","max-video-preview":"max-video-preview:-1"},"canonical":"https:\/\/www.mpppst.gob.ve\/mpppstweb\/index.php\/2017\/09\/25\/escarra-sanciones-de-eeuu-y-canada-afectan-la-politica-internacional-de-venezuela\/","og_locale":"es_ES","og_type":"article","og_title":"Escarr\u00e1: Sanciones de EEUU y Canad\u00e1 afectan la pol\u00edtica internacional de Venezuela - MPPPST","og_description":"El\u00a0constituyente\u00a0Hermann Escarr\u00e1 rechaz\u00f3 las recientes sanciones de Estados Unidos y Canad\u00e1 contra funcionarios, que asegura \u201cafectan &hellip; Escarr\u00e1: Sanciones de EEUU y Canad\u00e1 afectan la pol\u00edtica internacional de VenezuelaRead more","og_url":"https:\/\/www.mpppst.gob.ve\/mpppstweb\/index.php\/2017\/09\/25\/escarra-sanciones-de-eeuu-y-canada-afectan-la-politica-internacional-de-venezuela\/","og_site_name":"MPPPST","article_published_time":"2017-09-25T13:33:14+00:00","og_image":[{"width":800,"height":445,"url":"https:\/\/www.mpppst.gob.ve\/mpppstweb\/wp-content\/uploads\/2017\/09\/bb99ef19ee03482584172bd18e770ee6.jpg","type":"image\/jpeg"}],"author":"MPPPST Prensa","twitter_card":"summary_large_image","twitter_misc":{"Escrito por":"MPPPST Prensa","Tiempo de lectura":"1 minuto"},"schema":{"@context":"https:\/\/schema.org","@graph":[{"@type":"Article","@id":"https:\/\/www.mpppst.gob.ve\/mpppstweb\/index.php\/2017\/09\/25\/escarra-sanciones-de-eeuu-y-canada-afectan-la-politica-internacional-de-venezuela\/#article","isPartOf":{"@id":"https:\/\/www.mpppst.gob.ve\/mpppstweb\/index.php\/2017\/09\/25\/escarra-sanciones-de-eeuu-y-canada-afectan-la-politica-internacional-de-venezuela\/"},"author":{"name":"MPPPST Prensa","@id":"https:\/\/www.mpppst.gob.ve\/mpppstweb\/#\/schema\/person\/fc187ee8ead412bd4c9304b62f900ea4"},"headline":"Escarr\u00e1: Sanciones de EEUU y Canad\u00e1 afectan la pol\u00edtica internacional de Venezuela","datePublished":"2017-09-25T13:33:14+00:00","dateModified":"2017-09-25T13:33:14+00:00","mainEntityOfPage":{"@id":"https:\/\/www.mpppst.gob.ve\/mpppstweb\/index.php\/2017\/09\/25\/escarra-sanciones-de-eeuu-y-canada-afectan-la-politica-internacional-de-venezuela\/"},"wordCount":290,"publisher":{"@id":"https:\/\/www.mpppst.gob.ve\/mpppstweb\/#organization"},"image":{"@id":"https:\/\/www.mpppst.gob.ve\/mpppstweb\/index.php\/2017\/09\/25\/escarra-sanciones-de-eeuu-y-canada-afectan-la-politica-internacional-de-venezuela\/#primaryimage"},"thumbnailUrl":"https:\/\/www.mpppst.gob.ve\/mpppstweb\/wp-content\/uploads\/2017\/09\/bb99ef19ee03482584172bd18e770ee6.jpg","articleSection":["Gobierno Nacional","Noticias"],"inLanguage":"es"},{"@type":"WebPage","@id":"https:\/\/www.mpppst.gob.ve\/mpppstweb\/index.php\/2017\/09\/25\/escarra-sanciones-de-eeuu-y-canada-afectan-la-politica-internacional-de-venezuela\/","url":"https:\/\/www.mpppst.gob.ve\/mpppstweb\/index.php\/2017\/09\/25\/escarra-sanciones-de-eeuu-y-canada-afectan-la-politica-internacional-de-venezuela\/","name":"Escarr\u00e1: Sanciones de EEUU y Canad\u00e1 afectan la pol\u00edtica internacional de Venezuela - MPPPST","isPartOf":{"@id":"https:\/\/www.mpppst.gob.ve\/mpppstweb\/#website"},"primaryImageOfPage":{"@id":"https:\/\/www.mpppst.gob.ve\/mpppstweb\/index.php\/2017\/09\/25\/escarra-sanciones-de-eeuu-y-canada-afectan-la-politica-internacional-de-venezuela\/#primaryimage"},"image":{"@id":"https:\/\/www.mpppst.gob.ve\/mpppstweb\/index.php\/2017\/09\/25\/escarra-sanciones-de-eeuu-y-canada-afectan-la-politica-internacional-de-venezuela\/#primaryimage"},"thumbnailUrl":"https:\/\/www.mpppst.gob.ve\/mpppstweb\/wp-content\/uploads\/2017\/09\/bb99ef19ee03482584172bd18e770ee6.jpg","datePublished":"2017-09-25T13:33:14+00:00","dateModified":"2017-09-25T13:33:14+00:00","breadcrumb":{"@id":"https:\/\/www.mpppst.gob.ve\/mpppstweb\/index.php\/2017\/09\/25\/escarra-sanciones-de-eeuu-y-canada-afectan-la-politica-internacional-de-venezuela\/#breadcrumb"},"inLanguage":"es","potentialAction":[{"@type":"ReadAction","target":["https:\/\/www.mpppst.gob.ve\/mpppstweb\/index.php\/2017\/09\/25\/escarra-sanciones-de-eeuu-y-canada-afectan-la-politica-internacional-de-venezuela\/"]}]},{"@type":"ImageObject","inLanguage":"es","@id":"https:\/\/www.mpppst.gob.ve\/mpppstweb\/index.php\/2017\/09\/25\/escarra-sanciones-de-eeuu-y-canada-afectan-la-politica-internacional-de-venezuela\/#primaryimage","url":"https:\/\/www.mpppst.gob.ve\/mpppstweb\/wp-content\/uploads\/2017\/09\/bb99ef19ee03482584172bd18e770ee6.jpg","contentUrl":"https:\/\/www.mpppst.gob.ve\/mpppstweb\/wp-content\/uploads\/2017\/09\/bb99ef19ee03482584172bd18e770ee6.jpg","width":800,"height":445},{"@type":"BreadcrumbList","@id":"https:\/\/www.mpppst.gob.ve\/mpppstweb\/index.php\/2017\/09\/25\/escarra-sanciones-de-eeuu-y-canada-afectan-la-politica-internacional-de-venezuela\/#breadcrumb","itemListElement":[{"@type":"ListItem","position":1,"name":"Home","item":"https:\/\/www.mpppst.gob.ve\/mpppstweb\/"},{"@type":"ListItem","position":2,"name":"Escarr\u00e1: Sanciones de EEUU y Canad\u00e1 afectan la pol\u00edtica internacional de Venezuela"}]},{"@type":"WebSite","@id":"https:\/\/www.mpppst.gob.ve\/mpppstweb\/#website","url":"https:\/\/www.mpppst.gob.ve\/mpppstweb\/","name":"MPPPST","description":"Ministerio del Poder Popular para el Proceso Social de Trabajo","publisher":{"@id":"https:\/\/www.mpppst.gob.ve\/mpppstweb\/#organization"},"potentialAction":[{"@type":"SearchAction","target":{"@type":"EntryPoint","urlTemplate":"https:\/\/www.mpppst.gob.ve\/mpppstweb\/?s={search_term_string}"},"query-input":"required name=search_term_string"}],"inLanguage":"es"},{"@type":"Organization","@id":"https:\/\/www.mpppst.gob.ve\/mpppstweb\/#organization","name":"mpppst","url":"https:\/\/www.mpppst.gob.ve\/mpppstweb\/","logo":{"@type":"ImageObject","inLanguage":"es","@id":"https:\/\/www.mpppst.gob.ve\/mpppstweb\/#\/schema\/logo\/image\/","url":"https:\/\/www.mpppst.gob.ve\/mpppstweb\/wp-content\/uploads\/2025\/07\/cropped-cropped-g910.png","contentUrl":"https:\/\/www.mpppst.gob.ve\/mpppstweb\/wp-content\/uploads\/2025\/07\/cropped-cropped-g910.png","width":1080,"height":241,"caption":"mpppst"},"image":{"@id":"https:\/\/www.mpppst.gob.ve\/mpppstweb\/#\/schema\/logo\/image\/"}},{"@type":"Person","@id":"https:\/\/www.mpppst.gob.ve\/mpppstweb\/#\/schema\/person\/fc187ee8ead412bd4c9304b62f900ea4","name":"MPPPST Prensa","url":"https:\/\/www.mpppst.gob.ve\/mpppstweb\/index.php\/author\/prensa-mpppst\/"}]}},"_links":{"self":[{"href":"https:\/\/www.mpppst.gob.ve\/mpppstweb\/index.php\/wp-json\/wp\/v2\/posts\/12804"}],"collection":[{"href":"https:\/\/www.mpppst.gob.ve\/mpppstweb\/index.php\/wp-json\/wp\/v2\/posts"}],"about":[{"href":"https:\/\/www.mpppst.gob.ve\/mpppstweb\/index.php\/wp-json\/wp\/v2\/types\/post"}],"author":[{"embeddable":true,"href":"https:\/\/www.mpppst.gob.ve\/mpppstweb\/index.php\/wp-json\/wp\/v2\/users\/25"}],"replies":[{"embeddable":true,"href":"https:\/\/www.mpppst.gob.ve\/mpppstweb\/index.php\/wp-json\/wp\/v2\/comments?post=12804"}],"version-history":[{"count":1,"href":"https:\/\/www.mpppst.gob.ve\/mpppstweb\/index.php\/wp-json\/wp\/v2\/posts\/12804\/revisions"}],"predecessor-version":[{"id":12806,"href":"https:\/\/www.mpppst.gob.ve\/mpppstweb\/index.php\/wp-json\/wp\/v2\/posts\/12804\/revisions\/12806"}],"wp:featuredmedia":[{"embeddable":true,"href":"https:\/\/www.mpppst.gob.ve\/mpppstweb\/index.php\/wp-json\/wp\/v2\/media\/12805"}],"wp:attachment":[{"href":"https:\/\/www.mpppst.gob.ve\/mpppstweb\/index.php\/wp-json\/wp\/v2\/media?parent=12804"}],"wp:term":[{"taxonomy":"category","embeddable":true,"href":"https:\/\/www.mpppst.gob.ve\/mpppstweb\/index.php\/wp-json\/wp\/v2\/categories?post=12804"},{"taxonomy":"post_tag","embeddable":true,"href":"https:\/\/www.mpppst.gob.ve\/mpppstweb\/index.php\/wp-json\/wp\/v2\/tags?post=12804"}],"curies":[{"name":"wp","href":"https:\/\/api.w.org\/{rel}","templated":true}]}}