{"id":12816,"date":"2017-09-26T09:54:13","date_gmt":"2017-09-26T13:54:13","guid":{"rendered":"http:\/\/www.mpppst.gob.ve\/mpppstweb\/?p=12816"},"modified":"2017-09-26T09:54:13","modified_gmt":"2017-09-26T13:54:13","slug":"venezuela-llama-a-defender-la-onu-de-poderes-que-amenazan-con-imponer-la-guerra","status":"publish","type":"post","link":"https:\/\/www.mpppst.gob.ve\/mpppstweb\/index.php\/2017\/09\/26\/venezuela-llama-a-defender-la-onu-de-poderes-que-amenazan-con-imponer-la-guerra\/","title":{"rendered":"Venezuela llama a defender la ONU de poderes que amenazan con imponer la guerra"},"content":{"rendered":"<p>AVN.- El canciller de la Rep\u00fablica,\u00a0<strong>Jorge Arreaza<\/strong>, hizo un llamado ante la\u00a0<strong>Asamblea General\u00a0<\/strong>de la Organizaci\u00f3n de las Naciones Unidas (<strong>ONU<\/strong>) a\u00a0<a href=\"http:\/\/www.avn.info.ve\/contenido\/venezuela-pide-onu-dar-respuestas-multilaterales-para-evitar-imposici%C3%B3n-medidas-coercitiva\" target=\"_blank\" rel=\"noopener\"><strong>defender<\/strong>\u00a0la organizaci\u00f3n<\/a>\u00a0\u00a0de los\u00a0<strong>poderes<\/strong>\u00a0que amenazan con\u00a0<strong>imponer la guerra y el dolor\u00a0<\/strong>mediante medidas unilaterales y coercitivas hacia los pueblos que luchan contra la hegemon\u00eda capitalista.<\/p>\n<p>\u00abEsta casa, la del\u00a0<a href=\"http:\/\/www.avn.info.ve\/contenido\/arreaza-desde-onu-decimos-que-viva-multilaterismo-justicia-y-paz\" target=\"_blank\" rel=\"noopener\">multilateralismo<\/a>\u00a0y el respeto a la igualdad de los pueblos y los Estados, ha sido profanada, irrespetada y ofendida por poderes arrogantes que pretenden imponer su reglas de juego unilaterales, de la guerra, el sufrimiento y el dolor\u00bb, dijo el canciller venezolano en su intervenci\u00f3n dentro del 72\u00ba per\u00edodo ordinario de sesiones.<\/p>\n<p>\u00abLa Organizaci\u00f3n de las Naciones Unidas es una tribuna casi sagrada para los pueblos que apuestan a la paz y el entendimiento\u00bb, destac\u00f3 desde Nueva York, donde se\u00f1al\u00f3 que la ONU es utilizada por fuerzas cuyo prop\u00f3sito es forzar cambios de gobierno en pa\u00edses soberanos.<\/p>\n<p>Denunci\u00f3 que dichas maniobras se evidenciaron en el discurso del presidente de Estados Unidos,\u00a0<a href=\"http:\/\/www.avn.info.ve\/contenido\/arreaza-donald-trump-utiliz%C3%B3-tribuna-onu-para-llamar-guerra\" target=\"_blank\" rel=\"noopener\">Donald Trump<\/a>, ante el organismo el pasado 20 de septiembre, la cual vulner\u00f3 los principios del organismo multilateral al promover la guerra y destrucci\u00f3n.<\/p>\n<p>\u00abUn alarde de descaro e hipocres\u00eda pol\u00edtica de Donald Trump, que fundament\u00f3 sus ataques a la humanidad sobre los valores de la paz y la prosperidad\u00bb, se\u00f1al\u00f3.<\/p>\n<p>Las medidas coercitivas unilaterales de la administraci\u00f3n Trump han sido enfiladas contra Venezuela, Ir\u00e1n y Siria, entre otros pa\u00edses no obedientes a Washington. Al respecto, Arreaza destac\u00f3 que los 120 integrantes del Movimiento de Pa\u00edses no Alineados (Mnoal) aprobaron un\u00a0<a href=\"http:\/\/www.avn.info.ve\/contenido\/120-pa%C3%ADses-del-mundo-rechazan-uso-medidas-unilaterales-contra-naciones-soberanas\" target=\"_blank\" rel=\"noopener\">documento<\/a>\u00a0contra las medidas aplicadas contra el pueblo venezolano.<\/p>\n<p>Resalt\u00f3 que el magnate norteamericano amenaz\u00f3 a los venezolanos con el uso de la fuerza militar m\u00e1s poderosa del mundo y que las\u00a0<a href=\"http:\/\/www.avn.info.ve\/contenido\/eeuu-arrecia-ataques-econ%C3%B3micos-contra-pueblo-venezolano-resistir-injerencia\" target=\"_blank\" rel=\"noopener\">sanciones econ\u00f3micas<\/a>\u00a0ilegales impuestas contra el pa\u00eds caribe\u00f1o tienen como prop\u00f3sito \u00abforzar cambios no democr\u00e1ticos en el sistema de Gobierno de Venezuela\u00bb.<\/p>\n<p>Record\u00f3 el canciller venezolano que en 2006 el presidente Hugo Ch\u00e1vez advirti\u00f3 en el seno de esa organizaci\u00f3n sobre la necesaria\u00a0<a href=\"http:\/\/www.avn.info.ve\/contenido\/arreaza-2006-comandante-ch%C3%A1vez-llam%C3%B3-contener-amenazas-paz-mundial\" target=\"_blank\" rel=\"noopener\">contenci\u00f3n de las amenazas a la paz mundial<\/a>, ante la actuaci\u00f3n del entonces presidente de EE. UU, George W. Bush.<\/p>\n<p><strong>EE.UU no merece estar en el Consejo de DDHH de la ONU<\/strong><\/p>\n<p>Denunci\u00f3 que el gobierno estadounidense no merece estar en el Consejo de Derechos Humanos de la ONU porque no ha ratificado 72% de los acuerdos internacionales en dicha materia, lo que lo convierte en el principal violador de la norma, \u00abno solo en su propio pa\u00eds, sino en el mundo\u00bb, acot\u00f3.<\/p>\n<p>Asimismo, record\u00f3 que EE.UU es el \u00fanico pa\u00eds del planeta que se ha atrevido a utilizar armas nucleares contra otros pueblos.<\/p>\n<p>\u00ab<a href=\"http:\/\/www.avn.info.ve\/contenido\/venezuela-convoca-al-di%C3%A1logo-para-resolver-crisis-nuclear\" target=\"_blank\" rel=\"noopener\">Venezuela se opone tajantemente a las armas nucleares<\/a>. Por eso hemos firmado el tratado de no proliferaci\u00f3n\u00bb, acot\u00f3.<\/p>\n<p>El portavoz de Venezuela enumer\u00f3 algunos indicadores negativos que evidencian la precariedad en la asistencia m\u00e9dica de los pobre en EE.UU, la falta de independencia de los poderes p\u00fablicos, las condenas a cadenas perpetuas a menores de edad (principalmente afroamericanos) y el impulso a la segregaci\u00f3n racial, durante el gobierno de Donald Trump.<\/p>\n<p>Adem\u00e1s, consider\u00f3 hostil que el mayor contaminante del mundo, Estados Unidos, se retire del acuerdo de Par\u00eds. Dijo que Venezuela adhiere la premisa de los movimientos ambientalistas del mundo \u00abno cambiemos el clima, cambiemos el sistema\u00bb.<\/p>\n<p>En otro orden de ideas, el canciller venezolano\u00a0<a href=\"http:\/\/www.avn.info.ve\/contenido\/venezuela-llama-onu-condenar-terrorismo-todas-sus-formas\" target=\"_blank\" rel=\"noopener\">rechaz\u00f3 las\u00a0<strong>guerras inducidas<\/strong>, sangrientas y prefabricadas<\/a>, como las de Siria y Libia. Adem\u00e1s, enfatiz\u00f3 la necesidad de reconocer al Estado de Palestina y sus fronteras de 1967.<\/p>\n<p>Tambi\u00e9n se refiri\u00f3 al tema de la\u00a0<strong>migraci\u00f3n europea<\/strong>\u00a0y los altos \u00edndices de muertes por desplazamientos forzados. \u00abVemos con dolor como el mar Meditarr\u00e1neo se ha convertido en un cementerio\u00bb, dijo.<\/p>\n<p>Felicit\u00f3 el acuerdo de paz entre las Farc y el gobierno colombiano y recalc\u00f3 que el pa\u00eds caribe\u00f1o seguir\u00e1 apoyando el proceso ahora con el Ej\u00e9rcito de Liberaci\u00f3n Nacional.<\/p>\n<p>Tambi\u00e9n, envi\u00f3 palabras de\u00a0<strong>condolencias<\/strong>\u00a0y reiter\u00f3 el apoyo material de Venezuela a los pa\u00edses que sufrieron la furia de los fen\u00f3menos naturales recientes. Denunci\u00f3 que los pa\u00edses peque\u00f1os est\u00e1n poniendo los muertos en una guerra de los pa\u00edses desarrollados y el sistema capitalista contra la madre tierra.<\/p>\n<p>Finalmente, Arreaza, ratific\u00f3 que Venezuela defiende la construcci\u00f3n de un\u00a0<strong><a href=\"http:\/\/www.avn.info.ve\/contenido\/arreaza-desde-onu-decimos-que-viva-multilaterismo-justicia-y-paz\" target=\"_blank\" rel=\"noopener\">nuevo mundo multic\u00e9ntrico y pluripolar<\/a><\/strong>\u00a0para promover la paz entre los pueblos bajo una pol\u00edtica de respeto a la soberan\u00eda.<\/p>\n","protected":false},"excerpt":{"rendered":"<p>AVN.- El canciller de la Rep\u00fablica,\u00a0Jorge Arreaza, hizo un llamado ante la\u00a0Asamblea General\u00a0de la Organizaci\u00f3n de &hellip; <a title=\"Venezuela llama a defender la ONU de poderes que amenazan con imponer la guerra\" class=\"hm-read-more\" href=\"https:\/\/www.mpppst.gob.ve\/mpppstweb\/index.php\/2017\/09\/26\/venezuela-llama-a-defender-la-onu-de-poderes-que-amenazan-con-imponer-la-guerra\/\"><span class=\"screen-reader-text\">Venezuela llama a defender la ONU de poderes que amenazan con imponer la guerra<\/span>Read more<\/a><\/p>\n","protected":false},"author":25,"featured_media":12817,"comment_status":"closed","ping_status":"closed","sticky":false,"template":"","format":"standard","meta":{"footnotes":""},"categories":[82],"tags":[],"yoast_head":"<!-- This site is optimized with the Yoast SEO plugin v22.5 - https:\/\/yoast.com\/wordpress\/plugins\/seo\/ -->\n<title>Venezuela llama a defender la ONU de poderes que amenazan con imponer la guerra - MPPPST<\/title>\n<meta name=\"robots\" content=\"index, follow, max-snippet:-1, max-image-preview:large, max-video-preview:-1\" \/>\n<link rel=\"canonical\" href=\"https:\/\/www.mpppst.gob.ve\/mpppstweb\/index.php\/2017\/09\/26\/venezuela-llama-a-defender-la-onu-de-poderes-que-amenazan-con-imponer-la-guerra\/\" \/>\n<meta property=\"og:locale\" content=\"es_ES\" \/>\n<meta property=\"og:type\" content=\"article\" \/>\n<meta property=\"og:title\" content=\"Venezuela llama a defender la ONU de poderes que amenazan con imponer la guerra - MPPPST\" \/>\n<meta property=\"og:description\" content=\"AVN.- El canciller de la Rep\u00fablica,\u00a0Jorge Arreaza, hizo un llamado ante la\u00a0Asamblea General\u00a0de la Organizaci\u00f3n de &hellip; Venezuela llama a defender la ONU de poderes que amenazan con imponer la guerraRead more\" \/>\n<meta property=\"og:url\" content=\"https:\/\/www.mpppst.gob.ve\/mpppstweb\/index.php\/2017\/09\/26\/venezuela-llama-a-defender-la-onu-de-poderes-que-amenazan-con-imponer-la-guerra\/\" \/>\n<meta property=\"og:site_name\" content=\"MPPPST\" \/>\n<meta property=\"article:published_time\" content=\"2017-09-26T13:54:13+00:00\" \/>\n<meta property=\"og:image\" content=\"https:\/\/www.mpppst.gob.ve\/mpppstweb\/wp-content\/uploads\/2017\/09\/arreazaonu1506352441.jpg\" \/>\n\t<meta property=\"og:image:width\" content=\"800\" \/>\n\t<meta property=\"og:image:height\" content=\"445\" \/>\n\t<meta property=\"og:image:type\" content=\"image\/jpeg\" \/>\n<meta name=\"author\" content=\"MPPPST Prensa\" \/>\n<meta name=\"twitter:card\" content=\"summary_large_image\" \/>\n<meta name=\"twitter:label1\" content=\"Escrito por\" \/>\n\t<meta name=\"twitter:data1\" content=\"MPPPST Prensa\" \/>\n\t<meta name=\"twitter:label2\" content=\"Tiempo de lectura\" \/>\n\t<meta name=\"twitter:data2\" content=\"4 minutos\" \/>\n<script type=\"application\/ld+json\" class=\"yoast-schema-graph\">{\"@context\":\"https:\/\/schema.org\",\"@graph\":[{\"@type\":\"Article\",\"@id\":\"https:\/\/www.mpppst.gob.ve\/mpppstweb\/index.php\/2017\/09\/26\/venezuela-llama-a-defender-la-onu-de-poderes-que-amenazan-con-imponer-la-guerra\/#article\",\"isPartOf\":{\"@id\":\"https:\/\/www.mpppst.gob.ve\/mpppstweb\/index.php\/2017\/09\/26\/venezuela-llama-a-defender-la-onu-de-poderes-que-amenazan-con-imponer-la-guerra\/\"},\"author\":{\"name\":\"MPPPST Prensa\",\"@id\":\"https:\/\/www.mpppst.gob.ve\/mpppstweb\/#\/schema\/person\/fc187ee8ead412bd4c9304b62f900ea4\"},\"headline\":\"Venezuela llama a defender la ONU de poderes que amenazan con imponer la guerra\",\"datePublished\":\"2017-09-26T13:54:13+00:00\",\"dateModified\":\"2017-09-26T13:54:13+00:00\",\"mainEntityOfPage\":{\"@id\":\"https:\/\/www.mpppst.gob.ve\/mpppstweb\/index.php\/2017\/09\/26\/venezuela-llama-a-defender-la-onu-de-poderes-que-amenazan-con-imponer-la-guerra\/\"},\"wordCount\":787,\"publisher\":{\"@id\":\"https:\/\/www.mpppst.gob.ve\/mpppstweb\/#organization\"},\"image\":{\"@id\":\"https:\/\/www.mpppst.gob.ve\/mpppstweb\/index.php\/2017\/09\/26\/venezuela-llama-a-defender-la-onu-de-poderes-que-amenazan-con-imponer-la-guerra\/#primaryimage\"},\"thumbnailUrl\":\"https:\/\/www.mpppst.gob.ve\/mpppstweb\/wp-content\/uploads\/2017\/09\/arreazaonu1506352441.jpg\",\"articleSection\":[\"Gobierno Nacional\"],\"inLanguage\":\"es\"},{\"@type\":\"WebPage\",\"@id\":\"https:\/\/www.mpppst.gob.ve\/mpppstweb\/index.php\/2017\/09\/26\/venezuela-llama-a-defender-la-onu-de-poderes-que-amenazan-con-imponer-la-guerra\/\",\"url\":\"https:\/\/www.mpppst.gob.ve\/mpppstweb\/index.php\/2017\/09\/26\/venezuela-llama-a-defender-la-onu-de-poderes-que-amenazan-con-imponer-la-guerra\/\",\"name\":\"Venezuela llama a defender la ONU de poderes que amenazan con imponer la guerra - MPPPST\",\"isPartOf\":{\"@id\":\"https:\/\/www.mpppst.gob.ve\/mpppstweb\/#website\"},\"primaryImageOfPage\":{\"@id\":\"https:\/\/www.mpppst.gob.ve\/mpppstweb\/index.php\/2017\/09\/26\/venezuela-llama-a-defender-la-onu-de-poderes-que-amenazan-con-imponer-la-guerra\/#primaryimage\"},\"image\":{\"@id\":\"https:\/\/www.mpppst.gob.ve\/mpppstweb\/index.php\/2017\/09\/26\/venezuela-llama-a-defender-la-onu-de-poderes-que-amenazan-con-imponer-la-guerra\/#primaryimage\"},\"thumbnailUrl\":\"https:\/\/www.mpppst.gob.ve\/mpppstweb\/wp-content\/uploads\/2017\/09\/arreazaonu1506352441.jpg\",\"datePublished\":\"2017-09-26T13:54:13+00:00\",\"dateModified\":\"2017-09-26T13:54:13+00:00\",\"breadcrumb\":{\"@id\":\"https:\/\/www.mpppst.gob.ve\/mpppstweb\/index.php\/2017\/09\/26\/venezuela-llama-a-defender-la-onu-de-poderes-que-amenazan-con-imponer-la-guerra\/#breadcrumb\"},\"inLanguage\":\"es\",\"potentialAction\":[{\"@type\":\"ReadAction\",\"target\":[\"https:\/\/www.mpppst.gob.ve\/mpppstweb\/index.php\/2017\/09\/26\/venezuela-llama-a-defender-la-onu-de-poderes-que-amenazan-con-imponer-la-guerra\/\"]}]},{\"@type\":\"ImageObject\",\"inLanguage\":\"es\",\"@id\":\"https:\/\/www.mpppst.gob.ve\/mpppstweb\/index.php\/2017\/09\/26\/venezuela-llama-a-defender-la-onu-de-poderes-que-amenazan-con-imponer-la-guerra\/#primaryimage\",\"url\":\"https:\/\/www.mpppst.gob.ve\/mpppstweb\/wp-content\/uploads\/2017\/09\/arreazaonu1506352441.jpg\",\"contentUrl\":\"https:\/\/www.mpppst.gob.ve\/mpppstweb\/wp-content\/uploads\/2017\/09\/arreazaonu1506352441.jpg\",\"width\":800,\"height\":445},{\"@type\":\"BreadcrumbList\",\"@id\":\"https:\/\/www.mpppst.gob.ve\/mpppstweb\/index.php\/2017\/09\/26\/venezuela-llama-a-defender-la-onu-de-poderes-que-amenazan-con-imponer-la-guerra\/#breadcrumb\",\"itemListElement\":[{\"@type\":\"ListItem\",\"position\":1,\"name\":\"Home\",\"item\":\"https:\/\/www.mpppst.gob.ve\/mpppstweb\/\"},{\"@type\":\"ListItem\",\"position\":2,\"name\":\"Venezuela llama a defender la ONU de poderes que amenazan con imponer la guerra\"}]},{\"@type\":\"WebSite\",\"@id\":\"https:\/\/www.mpppst.gob.ve\/mpppstweb\/#website\",\"url\":\"https:\/\/www.mpppst.gob.ve\/mpppstweb\/\",\"name\":\"MPPPST\",\"description\":\"Ministerio del Poder Popular para el Proceso Social de Trabajo\",\"publisher\":{\"@id\":\"https:\/\/www.mpppst.gob.ve\/mpppstweb\/#organization\"},\"potentialAction\":[{\"@type\":\"SearchAction\",\"target\":{\"@type\":\"EntryPoint\",\"urlTemplate\":\"https:\/\/www.mpppst.gob.ve\/mpppstweb\/?s={search_term_string}\"},\"query-input\":\"required name=search_term_string\"}],\"inLanguage\":\"es\"},{\"@type\":\"Organization\",\"@id\":\"https:\/\/www.mpppst.gob.ve\/mpppstweb\/#organization\",\"name\":\"mpppst\",\"url\":\"https:\/\/www.mpppst.gob.ve\/mpppstweb\/\",\"logo\":{\"@type\":\"ImageObject\",\"inLanguage\":\"es\",\"@id\":\"https:\/\/www.mpppst.gob.ve\/mpppstweb\/#\/schema\/logo\/image\/\",\"url\":\"https:\/\/www.mpppst.gob.ve\/mpppstweb\/wp-content\/uploads\/2025\/07\/cropped-cropped-g910.png\",\"contentUrl\":\"https:\/\/www.mpppst.gob.ve\/mpppstweb\/wp-content\/uploads\/2025\/07\/cropped-cropped-g910.png\",\"width\":1080,\"height\":241,\"caption\":\"mpppst\"},\"image\":{\"@id\":\"https:\/\/www.mpppst.gob.ve\/mpppstweb\/#\/schema\/logo\/image\/\"}},{\"@type\":\"Person\",\"@id\":\"https:\/\/www.mpppst.gob.ve\/mpppstweb\/#\/schema\/person\/fc187ee8ead412bd4c9304b62f900ea4\",\"name\":\"MPPPST Prensa\",\"url\":\"https:\/\/www.mpppst.gob.ve\/mpppstweb\/index.php\/author\/prensa-mpppst\/\"}]}<\/script>\n<!-- \/ Yoast SEO plugin. -->","yoast_head_json":{"title":"Venezuela llama a defender la ONU de poderes que amenazan con imponer la guerra - MPPPST","robots":{"index":"index","follow":"follow","max-snippet":"max-snippet:-1","max-image-preview":"max-image-preview:large","max-video-preview":"max-video-preview:-1"},"canonical":"https:\/\/www.mpppst.gob.ve\/mpppstweb\/index.php\/2017\/09\/26\/venezuela-llama-a-defender-la-onu-de-poderes-que-amenazan-con-imponer-la-guerra\/","og_locale":"es_ES","og_type":"article","og_title":"Venezuela llama a defender la ONU de poderes que amenazan con imponer la guerra - MPPPST","og_description":"AVN.- El canciller de la Rep\u00fablica,\u00a0Jorge Arreaza, hizo un llamado ante la\u00a0Asamblea General\u00a0de la Organizaci\u00f3n de &hellip; Venezuela llama a defender la ONU de poderes que amenazan con imponer la guerraRead more","og_url":"https:\/\/www.mpppst.gob.ve\/mpppstweb\/index.php\/2017\/09\/26\/venezuela-llama-a-defender-la-onu-de-poderes-que-amenazan-con-imponer-la-guerra\/","og_site_name":"MPPPST","article_published_time":"2017-09-26T13:54:13+00:00","og_image":[{"width":800,"height":445,"url":"https:\/\/www.mpppst.gob.ve\/mpppstweb\/wp-content\/uploads\/2017\/09\/arreazaonu1506352441.jpg","type":"image\/jpeg"}],"author":"MPPPST Prensa","twitter_card":"summary_large_image","twitter_misc":{"Escrito por":"MPPPST Prensa","Tiempo de lectura":"4 minutos"},"schema":{"@context":"https:\/\/schema.org","@graph":[{"@type":"Article","@id":"https:\/\/www.mpppst.gob.ve\/mpppstweb\/index.php\/2017\/09\/26\/venezuela-llama-a-defender-la-onu-de-poderes-que-amenazan-con-imponer-la-guerra\/#article","isPartOf":{"@id":"https:\/\/www.mpppst.gob.ve\/mpppstweb\/index.php\/2017\/09\/26\/venezuela-llama-a-defender-la-onu-de-poderes-que-amenazan-con-imponer-la-guerra\/"},"author":{"name":"MPPPST Prensa","@id":"https:\/\/www.mpppst.gob.ve\/mpppstweb\/#\/schema\/person\/fc187ee8ead412bd4c9304b62f900ea4"},"headline":"Venezuela llama a defender la ONU de poderes que amenazan con imponer la guerra","datePublished":"2017-09-26T13:54:13+00:00","dateModified":"2017-09-26T13:54:13+00:00","mainEntityOfPage":{"@id":"https:\/\/www.mpppst.gob.ve\/mpppstweb\/index.php\/2017\/09\/26\/venezuela-llama-a-defender-la-onu-de-poderes-que-amenazan-con-imponer-la-guerra\/"},"wordCount":787,"publisher":{"@id":"https:\/\/www.mpppst.gob.ve\/mpppstweb\/#organization"},"image":{"@id":"https:\/\/www.mpppst.gob.ve\/mpppstweb\/index.php\/2017\/09\/26\/venezuela-llama-a-defender-la-onu-de-poderes-que-amenazan-con-imponer-la-guerra\/#primaryimage"},"thumbnailUrl":"https:\/\/www.mpppst.gob.ve\/mpppstweb\/wp-content\/uploads\/2017\/09\/arreazaonu1506352441.jpg","articleSection":["Gobierno Nacional"],"inLanguage":"es"},{"@type":"WebPage","@id":"https:\/\/www.mpppst.gob.ve\/mpppstweb\/index.php\/2017\/09\/26\/venezuela-llama-a-defender-la-onu-de-poderes-que-amenazan-con-imponer-la-guerra\/","url":"https:\/\/www.mpppst.gob.ve\/mpppstweb\/index.php\/2017\/09\/26\/venezuela-llama-a-defender-la-onu-de-poderes-que-amenazan-con-imponer-la-guerra\/","name":"Venezuela llama a defender la ONU de poderes que amenazan con imponer la guerra - MPPPST","isPartOf":{"@id":"https:\/\/www.mpppst.gob.ve\/mpppstweb\/#website"},"primaryImageOfPage":{"@id":"https:\/\/www.mpppst.gob.ve\/mpppstweb\/index.php\/2017\/09\/26\/venezuela-llama-a-defender-la-onu-de-poderes-que-amenazan-con-imponer-la-guerra\/#primaryimage"},"image":{"@id":"https:\/\/www.mpppst.gob.ve\/mpppstweb\/index.php\/2017\/09\/26\/venezuela-llama-a-defender-la-onu-de-poderes-que-amenazan-con-imponer-la-guerra\/#primaryimage"},"thumbnailUrl":"https:\/\/www.mpppst.gob.ve\/mpppstweb\/wp-content\/uploads\/2017\/09\/arreazaonu1506352441.jpg","datePublished":"2017-09-26T13:54:13+00:00","dateModified":"2017-09-26T13:54:13+00:00","breadcrumb":{"@id":"https:\/\/www.mpppst.gob.ve\/mpppstweb\/index.php\/2017\/09\/26\/venezuela-llama-a-defender-la-onu-de-poderes-que-amenazan-con-imponer-la-guerra\/#breadcrumb"},"inLanguage":"es","potentialAction":[{"@type":"ReadAction","target":["https:\/\/www.mpppst.gob.ve\/mpppstweb\/index.php\/2017\/09\/26\/venezuela-llama-a-defender-la-onu-de-poderes-que-amenazan-con-imponer-la-guerra\/"]}]},{"@type":"ImageObject","inLanguage":"es","@id":"https:\/\/www.mpppst.gob.ve\/mpppstweb\/index.php\/2017\/09\/26\/venezuela-llama-a-defender-la-onu-de-poderes-que-amenazan-con-imponer-la-guerra\/#primaryimage","url":"https:\/\/www.mpppst.gob.ve\/mpppstweb\/wp-content\/uploads\/2017\/09\/arreazaonu1506352441.jpg","contentUrl":"https:\/\/www.mpppst.gob.ve\/mpppstweb\/wp-content\/uploads\/2017\/09\/arreazaonu1506352441.jpg","width":800,"height":445},{"@type":"BreadcrumbList","@id":"https:\/\/www.mpppst.gob.ve\/mpppstweb\/index.php\/2017\/09\/26\/venezuela-llama-a-defender-la-onu-de-poderes-que-amenazan-con-imponer-la-guerra\/#breadcrumb","itemListElement":[{"@type":"ListItem","position":1,"name":"Home","item":"https:\/\/www.mpppst.gob.ve\/mpppstweb\/"},{"@type":"ListItem","position":2,"name":"Venezuela llama a defender la ONU de poderes que amenazan con imponer la guerra"}]},{"@type":"WebSite","@id":"https:\/\/www.mpppst.gob.ve\/mpppstweb\/#website","url":"https:\/\/www.mpppst.gob.ve\/mpppstweb\/","name":"MPPPST","description":"Ministerio del Poder Popular para el Proceso Social de Trabajo","publisher":{"@id":"https:\/\/www.mpppst.gob.ve\/mpppstweb\/#organization"},"potentialAction":[{"@type":"SearchAction","target":{"@type":"EntryPoint","urlTemplate":"https:\/\/www.mpppst.gob.ve\/mpppstweb\/?s={search_term_string}"},"query-input":"required name=search_term_string"}],"inLanguage":"es"},{"@type":"Organization","@id":"https:\/\/www.mpppst.gob.ve\/mpppstweb\/#organization","name":"mpppst","url":"https:\/\/www.mpppst.gob.ve\/mpppstweb\/","logo":{"@type":"ImageObject","inLanguage":"es","@id":"https:\/\/www.mpppst.gob.ve\/mpppstweb\/#\/schema\/logo\/image\/","url":"https:\/\/www.mpppst.gob.ve\/mpppstweb\/wp-content\/uploads\/2025\/07\/cropped-cropped-g910.png","contentUrl":"https:\/\/www.mpppst.gob.ve\/mpppstweb\/wp-content\/uploads\/2025\/07\/cropped-cropped-g910.png","width":1080,"height":241,"caption":"mpppst"},"image":{"@id":"https:\/\/www.mpppst.gob.ve\/mpppstweb\/#\/schema\/logo\/image\/"}},{"@type":"Person","@id":"https:\/\/www.mpppst.gob.ve\/mpppstweb\/#\/schema\/person\/fc187ee8ead412bd4c9304b62f900ea4","name":"MPPPST Prensa","url":"https:\/\/www.mpppst.gob.ve\/mpppstweb\/index.php\/author\/prensa-mpppst\/"}]}},"_links":{"self":[{"href":"https:\/\/www.mpppst.gob.ve\/mpppstweb\/index.php\/wp-json\/wp\/v2\/posts\/12816"}],"collection":[{"href":"https:\/\/www.mpppst.gob.ve\/mpppstweb\/index.php\/wp-json\/wp\/v2\/posts"}],"about":[{"href":"https:\/\/www.mpppst.gob.ve\/mpppstweb\/index.php\/wp-json\/wp\/v2\/types\/post"}],"author":[{"embeddable":true,"href":"https:\/\/www.mpppst.gob.ve\/mpppstweb\/index.php\/wp-json\/wp\/v2\/users\/25"}],"replies":[{"embeddable":true,"href":"https:\/\/www.mpppst.gob.ve\/mpppstweb\/index.php\/wp-json\/wp\/v2\/comments?post=12816"}],"version-history":[{"count":1,"href":"https:\/\/www.mpppst.gob.ve\/mpppstweb\/index.php\/wp-json\/wp\/v2\/posts\/12816\/revisions"}],"predecessor-version":[{"id":12818,"href":"https:\/\/www.mpppst.gob.ve\/mpppstweb\/index.php\/wp-json\/wp\/v2\/posts\/12816\/revisions\/12818"}],"wp:featuredmedia":[{"embeddable":true,"href":"https:\/\/www.mpppst.gob.ve\/mpppstweb\/index.php\/wp-json\/wp\/v2\/media\/12817"}],"wp:attachment":[{"href":"https:\/\/www.mpppst.gob.ve\/mpppstweb\/index.php\/wp-json\/wp\/v2\/media?parent=12816"}],"wp:term":[{"taxonomy":"category","embeddable":true,"href":"https:\/\/www.mpppst.gob.ve\/mpppstweb\/index.php\/wp-json\/wp\/v2\/categories?post=12816"},{"taxonomy":"post_tag","embeddable":true,"href":"https:\/\/www.mpppst.gob.ve\/mpppstweb\/index.php\/wp-json\/wp\/v2\/tags?post=12816"}],"curies":[{"name":"wp","href":"https:\/\/api.w.org\/{rel}","templated":true}]}}