{"id":13140,"date":"2017-11-02T14:49:49","date_gmt":"2017-11-02T18:49:49","guid":{"rendered":"http:\/\/www.mpppst.gob.ve\/mpppstweb\/?p=13140"},"modified":"2017-11-02T14:49:49","modified_gmt":"2017-11-02T18:49:49","slug":"ministro-ovalles-el-quinto-aumento-del-salario-en-2017-cumple-con-el-mandato-constitucional-y-se-inscribe-en-la-justicia-social","status":"publish","type":"post","link":"https:\/\/www.mpppst.gob.ve\/mpppstweb\/index.php\/2017\/11\/02\/ministro-ovalles-el-quinto-aumento-del-salario-en-2017-cumple-con-el-mandato-constitucional-y-se-inscribe-en-la-justicia-social\/","title":{"rendered":"Ministro Ovalles: El quinto aumento del salario  en 2017 \u201ccumple con el mandato constitucional\u201d y se inscribe en la justicia social"},"content":{"rendered":"<p>Marbelys\u00a0 Mav\u00e1rez Laguna<\/p>\n<p>El ministro del Poder Popular para el Proceso Social de Trabajo, N\u00e9stor Valent\u00edn Ovalles, explic\u00f3 el nuevo aumento del salario m\u00ednimo anunciado\u00a0 por el Presidente de la Rep\u00fablica el d\u00eda mi\u00e9rcoles 1 de noviembre en el marco del inicio de la navidad. En tal sentido, dijo que los 5 aumentos salariales implementados este a\u00f1o cumplen con el mandato de la Constituci\u00f3n de la Rep\u00fablica Bolivariana de Venezuela y se inscriben en el criterio de la justicia social.<\/p>\n<p>\u201cDe un salario m\u00ednimo que estaba en 136 mil 544 bol\u00edvares pasamos a 177 mil 507 con este aumento del 30%\u201d, decretado por el Presidente Nicol\u00e1s Maduro.\u00a0 Agreg\u00f3\u00a0 que el ingreso m\u00ednimo nacional, sumando el cesta ticket, se ubica en la actualidad en \u00a0456 mil 507,44. Vale destacar que el ticket de alimentaci\u00f3n estaba en un monto equivalente a los 189 mil bol\u00edvares (21 unidades tributarias) y pas\u00f3 a 279 mil bol\u00edvares (31 unidades tributarias).<\/p>\n<p>En el caso de los pensionados\u00a0 precis\u00f3 que aplica un bono de guerra equivalente a 53 mil 252,24, lo que da un total de 230.759. Una vez explicados estos aspectos concluy\u00f3: \u201cnosotros no vamos a abandonar al pueblo\u201d, al tiempo que agregaba que la Ley Org\u00e1nica del Trabajo, los Trabajadores y las Trabajadoras (LOTTT) establece la protecci\u00f3n del ingreso de la familia, ingreso que se refuerza, tal como lo explic\u00f3 el titular del Despacho del Trabajo, con el Programa de Alimentaci\u00f3n Escolar (PAE), el otorgamiento de los \u00fatiles escolares a las familias m\u00e1s vulnerables,\u00a0 con las Canaimitas, las becas, la tarjeta de Hogares de la Patria, con las Misiones&#8230; En tal sentido, precis\u00f3 que las Tarjetas Hogares de la Patria pasaron de 140 mil a 190 mil bol\u00edvares, lo cual aplica tambi\u00e9n en el caso del Plan Chamba Juvenil, las cuales se ubicaron tambi\u00e9n en 190 mil bol\u00edvares.<\/p>\n<p>El bono navide\u00f1o, a trav\u00e9s del carnet de la patria, beneficiar\u00e1 a 4 millones de familias \u00bfEl monto? Bs. 500.000,00. Finalmente, dijo que el aumento del salario aplica a partir del 1 de noviembre. De manera tal que la primera quincena de los trabajadores podr\u00e1n disfrutar del decreto presidencial.<\/p>\n<p>&nbsp;<\/p>\n<p>&nbsp;<\/p>\n","protected":false},"excerpt":{"rendered":"<p>Marbelys\u00a0 Mav\u00e1rez Laguna El ministro del Poder Popular para el Proceso Social de Trabajo, N\u00e9stor Valent\u00edn &hellip; <a title=\"Ministro Ovalles: El quinto aumento del salario  en 2017 \u201ccumple con el mandato constitucional\u201d y se inscribe en la justicia social\" class=\"hm-read-more\" href=\"https:\/\/www.mpppst.gob.ve\/mpppstweb\/index.php\/2017\/11\/02\/ministro-ovalles-el-quinto-aumento-del-salario-en-2017-cumple-con-el-mandato-constitucional-y-se-inscribe-en-la-justicia-social\/\"><span class=\"screen-reader-text\">Ministro Ovalles: El quinto aumento del salario  en 2017 \u201ccumple con el mandato constitucional\u201d y se inscribe en la justicia social<\/span>Read more<\/a><\/p>\n","protected":false},"author":25,"featured_media":13141,"comment_status":"closed","ping_status":"closed","sticky":false,"template":"","format":"standard","meta":{"footnotes":""},"categories":[82,163],"tags":[],"yoast_head":"<!-- This site is optimized with the Yoast SEO plugin v22.5 - https:\/\/yoast.com\/wordpress\/plugins\/seo\/ -->\n<title>Ministro Ovalles: El quinto aumento del salario en 2017 \u201ccumple con el mandato constitucional\u201d y se inscribe en la justicia social - MPPPST<\/title>\n<meta name=\"robots\" content=\"index, follow, max-snippet:-1, max-image-preview:large, max-video-preview:-1\" \/>\n<link rel=\"canonical\" href=\"https:\/\/www.mpppst.gob.ve\/mpppstweb\/index.php\/2017\/11\/02\/ministro-ovalles-el-quinto-aumento-del-salario-en-2017-cumple-con-el-mandato-constitucional-y-se-inscribe-en-la-justicia-social\/\" \/>\n<meta property=\"og:locale\" content=\"es_ES\" \/>\n<meta property=\"og:type\" content=\"article\" \/>\n<meta property=\"og:title\" content=\"Ministro Ovalles: El quinto aumento del salario en 2017 \u201ccumple con el mandato constitucional\u201d y se inscribe en la justicia social - MPPPST\" \/>\n<meta property=\"og:description\" content=\"Marbelys\u00a0 Mav\u00e1rez Laguna El ministro del Poder Popular para el Proceso Social de Trabajo, N\u00e9stor Valent\u00edn &hellip; Ministro Ovalles: El quinto aumento del salario en 2017 \u201ccumple con el mandato constitucional\u201d y se inscribe en la justicia socialRead more\" \/>\n<meta property=\"og:url\" content=\"https:\/\/www.mpppst.gob.ve\/mpppstweb\/index.php\/2017\/11\/02\/ministro-ovalles-el-quinto-aumento-del-salario-en-2017-cumple-con-el-mandato-constitucional-y-se-inscribe-en-la-justicia-social\/\" \/>\n<meta property=\"og:site_name\" content=\"MPPPST\" \/>\n<meta property=\"article:published_time\" content=\"2017-11-02T18:49:49+00:00\" \/>\n<meta property=\"og:image\" content=\"https:\/\/www.mpppst.gob.ve\/mpppstweb\/wp-content\/uploads\/2017\/11\/1111.jpg\" \/>\n\t<meta property=\"og:image:width\" content=\"800\" \/>\n\t<meta property=\"og:image:height\" content=\"445\" \/>\n\t<meta property=\"og:image:type\" content=\"image\/jpeg\" \/>\n<meta name=\"author\" content=\"MPPPST Prensa\" \/>\n<meta name=\"twitter:card\" content=\"summary_large_image\" \/>\n<meta name=\"twitter:label1\" content=\"Escrito por\" \/>\n\t<meta name=\"twitter:data1\" content=\"MPPPST Prensa\" \/>\n\t<meta name=\"twitter:label2\" content=\"Tiempo de lectura\" \/>\n\t<meta name=\"twitter:data2\" content=\"2 minutos\" \/>\n<script type=\"application\/ld+json\" class=\"yoast-schema-graph\">{\"@context\":\"https:\/\/schema.org\",\"@graph\":[{\"@type\":\"Article\",\"@id\":\"https:\/\/www.mpppst.gob.ve\/mpppstweb\/index.php\/2017\/11\/02\/ministro-ovalles-el-quinto-aumento-del-salario-en-2017-cumple-con-el-mandato-constitucional-y-se-inscribe-en-la-justicia-social\/#article\",\"isPartOf\":{\"@id\":\"https:\/\/www.mpppst.gob.ve\/mpppstweb\/index.php\/2017\/11\/02\/ministro-ovalles-el-quinto-aumento-del-salario-en-2017-cumple-con-el-mandato-constitucional-y-se-inscribe-en-la-justicia-social\/\"},\"author\":{\"name\":\"MPPPST Prensa\",\"@id\":\"https:\/\/www.mpppst.gob.ve\/mpppstweb\/#\/schema\/person\/fc187ee8ead412bd4c9304b62f900ea4\"},\"headline\":\"Ministro Ovalles: El quinto aumento del salario en 2017 \u201ccumple con el mandato constitucional\u201d y se inscribe en la justicia social\",\"datePublished\":\"2017-11-02T18:49:49+00:00\",\"dateModified\":\"2017-11-02T18:49:49+00:00\",\"mainEntityOfPage\":{\"@id\":\"https:\/\/www.mpppst.gob.ve\/mpppstweb\/index.php\/2017\/11\/02\/ministro-ovalles-el-quinto-aumento-del-salario-en-2017-cumple-con-el-mandato-constitucional-y-se-inscribe-en-la-justicia-social\/\"},\"wordCount\":380,\"publisher\":{\"@id\":\"https:\/\/www.mpppst.gob.ve\/mpppstweb\/#organization\"},\"image\":{\"@id\":\"https:\/\/www.mpppst.gob.ve\/mpppstweb\/index.php\/2017\/11\/02\/ministro-ovalles-el-quinto-aumento-del-salario-en-2017-cumple-con-el-mandato-constitucional-y-se-inscribe-en-la-justicia-social\/#primaryimage\"},\"thumbnailUrl\":\"https:\/\/www.mpppst.gob.ve\/mpppstweb\/wp-content\/uploads\/2017\/11\/1111.jpg\",\"articleSection\":[\"Gobierno Nacional\",\"Noticias\"],\"inLanguage\":\"es\"},{\"@type\":\"WebPage\",\"@id\":\"https:\/\/www.mpppst.gob.ve\/mpppstweb\/index.php\/2017\/11\/02\/ministro-ovalles-el-quinto-aumento-del-salario-en-2017-cumple-con-el-mandato-constitucional-y-se-inscribe-en-la-justicia-social\/\",\"url\":\"https:\/\/www.mpppst.gob.ve\/mpppstweb\/index.php\/2017\/11\/02\/ministro-ovalles-el-quinto-aumento-del-salario-en-2017-cumple-con-el-mandato-constitucional-y-se-inscribe-en-la-justicia-social\/\",\"name\":\"Ministro Ovalles: El quinto aumento del salario en 2017 \u201ccumple con el mandato constitucional\u201d y se inscribe en la justicia social - MPPPST\",\"isPartOf\":{\"@id\":\"https:\/\/www.mpppst.gob.ve\/mpppstweb\/#website\"},\"primaryImageOfPage\":{\"@id\":\"https:\/\/www.mpppst.gob.ve\/mpppstweb\/index.php\/2017\/11\/02\/ministro-ovalles-el-quinto-aumento-del-salario-en-2017-cumple-con-el-mandato-constitucional-y-se-inscribe-en-la-justicia-social\/#primaryimage\"},\"image\":{\"@id\":\"https:\/\/www.mpppst.gob.ve\/mpppstweb\/index.php\/2017\/11\/02\/ministro-ovalles-el-quinto-aumento-del-salario-en-2017-cumple-con-el-mandato-constitucional-y-se-inscribe-en-la-justicia-social\/#primaryimage\"},\"thumbnailUrl\":\"https:\/\/www.mpppst.gob.ve\/mpppstweb\/wp-content\/uploads\/2017\/11\/1111.jpg\",\"datePublished\":\"2017-11-02T18:49:49+00:00\",\"dateModified\":\"2017-11-02T18:49:49+00:00\",\"breadcrumb\":{\"@id\":\"https:\/\/www.mpppst.gob.ve\/mpppstweb\/index.php\/2017\/11\/02\/ministro-ovalles-el-quinto-aumento-del-salario-en-2017-cumple-con-el-mandato-constitucional-y-se-inscribe-en-la-justicia-social\/#breadcrumb\"},\"inLanguage\":\"es\",\"potentialAction\":[{\"@type\":\"ReadAction\",\"target\":[\"https:\/\/www.mpppst.gob.ve\/mpppstweb\/index.php\/2017\/11\/02\/ministro-ovalles-el-quinto-aumento-del-salario-en-2017-cumple-con-el-mandato-constitucional-y-se-inscribe-en-la-justicia-social\/\"]}]},{\"@type\":\"ImageObject\",\"inLanguage\":\"es\",\"@id\":\"https:\/\/www.mpppst.gob.ve\/mpppstweb\/index.php\/2017\/11\/02\/ministro-ovalles-el-quinto-aumento-del-salario-en-2017-cumple-con-el-mandato-constitucional-y-se-inscribe-en-la-justicia-social\/#primaryimage\",\"url\":\"https:\/\/www.mpppst.gob.ve\/mpppstweb\/wp-content\/uploads\/2017\/11\/1111.jpg\",\"contentUrl\":\"https:\/\/www.mpppst.gob.ve\/mpppstweb\/wp-content\/uploads\/2017\/11\/1111.jpg\",\"width\":800,\"height\":445},{\"@type\":\"BreadcrumbList\",\"@id\":\"https:\/\/www.mpppst.gob.ve\/mpppstweb\/index.php\/2017\/11\/02\/ministro-ovalles-el-quinto-aumento-del-salario-en-2017-cumple-con-el-mandato-constitucional-y-se-inscribe-en-la-justicia-social\/#breadcrumb\",\"itemListElement\":[{\"@type\":\"ListItem\",\"position\":1,\"name\":\"Home\",\"item\":\"https:\/\/www.mpppst.gob.ve\/mpppstweb\/\"},{\"@type\":\"ListItem\",\"position\":2,\"name\":\"Ministro Ovalles: El quinto aumento del salario en 2017 \u201ccumple con el mandato constitucional\u201d y se inscribe en la justicia social\"}]},{\"@type\":\"WebSite\",\"@id\":\"https:\/\/www.mpppst.gob.ve\/mpppstweb\/#website\",\"url\":\"https:\/\/www.mpppst.gob.ve\/mpppstweb\/\",\"name\":\"MPPPST\",\"description\":\"Ministerio del Poder Popular para el Proceso Social de Trabajo\",\"publisher\":{\"@id\":\"https:\/\/www.mpppst.gob.ve\/mpppstweb\/#organization\"},\"potentialAction\":[{\"@type\":\"SearchAction\",\"target\":{\"@type\":\"EntryPoint\",\"urlTemplate\":\"https:\/\/www.mpppst.gob.ve\/mpppstweb\/?s={search_term_string}\"},\"query-input\":\"required name=search_term_string\"}],\"inLanguage\":\"es\"},{\"@type\":\"Organization\",\"@id\":\"https:\/\/www.mpppst.gob.ve\/mpppstweb\/#organization\",\"name\":\"mpppst\",\"url\":\"https:\/\/www.mpppst.gob.ve\/mpppstweb\/\",\"logo\":{\"@type\":\"ImageObject\",\"inLanguage\":\"es\",\"@id\":\"https:\/\/www.mpppst.gob.ve\/mpppstweb\/#\/schema\/logo\/image\/\",\"url\":\"https:\/\/www.mpppst.gob.ve\/mpppstweb\/wp-content\/uploads\/2025\/07\/cropped-cropped-g910.png\",\"contentUrl\":\"https:\/\/www.mpppst.gob.ve\/mpppstweb\/wp-content\/uploads\/2025\/07\/cropped-cropped-g910.png\",\"width\":1080,\"height\":241,\"caption\":\"mpppst\"},\"image\":{\"@id\":\"https:\/\/www.mpppst.gob.ve\/mpppstweb\/#\/schema\/logo\/image\/\"}},{\"@type\":\"Person\",\"@id\":\"https:\/\/www.mpppst.gob.ve\/mpppstweb\/#\/schema\/person\/fc187ee8ead412bd4c9304b62f900ea4\",\"name\":\"MPPPST Prensa\",\"url\":\"https:\/\/www.mpppst.gob.ve\/mpppstweb\/index.php\/author\/prensa-mpppst\/\"}]}<\/script>\n<!-- \/ Yoast SEO plugin. -->","yoast_head_json":{"title":"Ministro Ovalles: El quinto aumento del salario en 2017 \u201ccumple con el mandato constitucional\u201d y se inscribe en la justicia social - MPPPST","robots":{"index":"index","follow":"follow","max-snippet":"max-snippet:-1","max-image-preview":"max-image-preview:large","max-video-preview":"max-video-preview:-1"},"canonical":"https:\/\/www.mpppst.gob.ve\/mpppstweb\/index.php\/2017\/11\/02\/ministro-ovalles-el-quinto-aumento-del-salario-en-2017-cumple-con-el-mandato-constitucional-y-se-inscribe-en-la-justicia-social\/","og_locale":"es_ES","og_type":"article","og_title":"Ministro Ovalles: El quinto aumento del salario en 2017 \u201ccumple con el mandato constitucional\u201d y se inscribe en la justicia social - MPPPST","og_description":"Marbelys\u00a0 Mav\u00e1rez Laguna El ministro del Poder Popular para el Proceso Social de Trabajo, N\u00e9stor Valent\u00edn &hellip; Ministro Ovalles: El quinto aumento del salario en 2017 \u201ccumple con el mandato constitucional\u201d y se inscribe en la justicia socialRead more","og_url":"https:\/\/www.mpppst.gob.ve\/mpppstweb\/index.php\/2017\/11\/02\/ministro-ovalles-el-quinto-aumento-del-salario-en-2017-cumple-con-el-mandato-constitucional-y-se-inscribe-en-la-justicia-social\/","og_site_name":"MPPPST","article_published_time":"2017-11-02T18:49:49+00:00","og_image":[{"width":800,"height":445,"url":"https:\/\/www.mpppst.gob.ve\/mpppstweb\/wp-content\/uploads\/2017\/11\/1111.jpg","type":"image\/jpeg"}],"author":"MPPPST Prensa","twitter_card":"summary_large_image","twitter_misc":{"Escrito por":"MPPPST Prensa","Tiempo de lectura":"2 minutos"},"schema":{"@context":"https:\/\/schema.org","@graph":[{"@type":"Article","@id":"https:\/\/www.mpppst.gob.ve\/mpppstweb\/index.php\/2017\/11\/02\/ministro-ovalles-el-quinto-aumento-del-salario-en-2017-cumple-con-el-mandato-constitucional-y-se-inscribe-en-la-justicia-social\/#article","isPartOf":{"@id":"https:\/\/www.mpppst.gob.ve\/mpppstweb\/index.php\/2017\/11\/02\/ministro-ovalles-el-quinto-aumento-del-salario-en-2017-cumple-con-el-mandato-constitucional-y-se-inscribe-en-la-justicia-social\/"},"author":{"name":"MPPPST Prensa","@id":"https:\/\/www.mpppst.gob.ve\/mpppstweb\/#\/schema\/person\/fc187ee8ead412bd4c9304b62f900ea4"},"headline":"Ministro Ovalles: El quinto aumento del salario en 2017 \u201ccumple con el mandato constitucional\u201d y se inscribe en la justicia social","datePublished":"2017-11-02T18:49:49+00:00","dateModified":"2017-11-02T18:49:49+00:00","mainEntityOfPage":{"@id":"https:\/\/www.mpppst.gob.ve\/mpppstweb\/index.php\/2017\/11\/02\/ministro-ovalles-el-quinto-aumento-del-salario-en-2017-cumple-con-el-mandato-constitucional-y-se-inscribe-en-la-justicia-social\/"},"wordCount":380,"publisher":{"@id":"https:\/\/www.mpppst.gob.ve\/mpppstweb\/#organization"},"image":{"@id":"https:\/\/www.mpppst.gob.ve\/mpppstweb\/index.php\/2017\/11\/02\/ministro-ovalles-el-quinto-aumento-del-salario-en-2017-cumple-con-el-mandato-constitucional-y-se-inscribe-en-la-justicia-social\/#primaryimage"},"thumbnailUrl":"https:\/\/www.mpppst.gob.ve\/mpppstweb\/wp-content\/uploads\/2017\/11\/1111.jpg","articleSection":["Gobierno Nacional","Noticias"],"inLanguage":"es"},{"@type":"WebPage","@id":"https:\/\/www.mpppst.gob.ve\/mpppstweb\/index.php\/2017\/11\/02\/ministro-ovalles-el-quinto-aumento-del-salario-en-2017-cumple-con-el-mandato-constitucional-y-se-inscribe-en-la-justicia-social\/","url":"https:\/\/www.mpppst.gob.ve\/mpppstweb\/index.php\/2017\/11\/02\/ministro-ovalles-el-quinto-aumento-del-salario-en-2017-cumple-con-el-mandato-constitucional-y-se-inscribe-en-la-justicia-social\/","name":"Ministro Ovalles: El quinto aumento del salario en 2017 \u201ccumple con el mandato constitucional\u201d y se inscribe en la justicia social - MPPPST","isPartOf":{"@id":"https:\/\/www.mpppst.gob.ve\/mpppstweb\/#website"},"primaryImageOfPage":{"@id":"https:\/\/www.mpppst.gob.ve\/mpppstweb\/index.php\/2017\/11\/02\/ministro-ovalles-el-quinto-aumento-del-salario-en-2017-cumple-con-el-mandato-constitucional-y-se-inscribe-en-la-justicia-social\/#primaryimage"},"image":{"@id":"https:\/\/www.mpppst.gob.ve\/mpppstweb\/index.php\/2017\/11\/02\/ministro-ovalles-el-quinto-aumento-del-salario-en-2017-cumple-con-el-mandato-constitucional-y-se-inscribe-en-la-justicia-social\/#primaryimage"},"thumbnailUrl":"https:\/\/www.mpppst.gob.ve\/mpppstweb\/wp-content\/uploads\/2017\/11\/1111.jpg","datePublished":"2017-11-02T18:49:49+00:00","dateModified":"2017-11-02T18:49:49+00:00","breadcrumb":{"@id":"https:\/\/www.mpppst.gob.ve\/mpppstweb\/index.php\/2017\/11\/02\/ministro-ovalles-el-quinto-aumento-del-salario-en-2017-cumple-con-el-mandato-constitucional-y-se-inscribe-en-la-justicia-social\/#breadcrumb"},"inLanguage":"es","potentialAction":[{"@type":"ReadAction","target":["https:\/\/www.mpppst.gob.ve\/mpppstweb\/index.php\/2017\/11\/02\/ministro-ovalles-el-quinto-aumento-del-salario-en-2017-cumple-con-el-mandato-constitucional-y-se-inscribe-en-la-justicia-social\/"]}]},{"@type":"ImageObject","inLanguage":"es","@id":"https:\/\/www.mpppst.gob.ve\/mpppstweb\/index.php\/2017\/11\/02\/ministro-ovalles-el-quinto-aumento-del-salario-en-2017-cumple-con-el-mandato-constitucional-y-se-inscribe-en-la-justicia-social\/#primaryimage","url":"https:\/\/www.mpppst.gob.ve\/mpppstweb\/wp-content\/uploads\/2017\/11\/1111.jpg","contentUrl":"https:\/\/www.mpppst.gob.ve\/mpppstweb\/wp-content\/uploads\/2017\/11\/1111.jpg","width":800,"height":445},{"@type":"BreadcrumbList","@id":"https:\/\/www.mpppst.gob.ve\/mpppstweb\/index.php\/2017\/11\/02\/ministro-ovalles-el-quinto-aumento-del-salario-en-2017-cumple-con-el-mandato-constitucional-y-se-inscribe-en-la-justicia-social\/#breadcrumb","itemListElement":[{"@type":"ListItem","position":1,"name":"Home","item":"https:\/\/www.mpppst.gob.ve\/mpppstweb\/"},{"@type":"ListItem","position":2,"name":"Ministro Ovalles: El quinto aumento del salario en 2017 \u201ccumple con el mandato constitucional\u201d y se inscribe en la justicia social"}]},{"@type":"WebSite","@id":"https:\/\/www.mpppst.gob.ve\/mpppstweb\/#website","url":"https:\/\/www.mpppst.gob.ve\/mpppstweb\/","name":"MPPPST","description":"Ministerio del Poder Popular para el Proceso Social de Trabajo","publisher":{"@id":"https:\/\/www.mpppst.gob.ve\/mpppstweb\/#organization"},"potentialAction":[{"@type":"SearchAction","target":{"@type":"EntryPoint","urlTemplate":"https:\/\/www.mpppst.gob.ve\/mpppstweb\/?s={search_term_string}"},"query-input":"required name=search_term_string"}],"inLanguage":"es"},{"@type":"Organization","@id":"https:\/\/www.mpppst.gob.ve\/mpppstweb\/#organization","name":"mpppst","url":"https:\/\/www.mpppst.gob.ve\/mpppstweb\/","logo":{"@type":"ImageObject","inLanguage":"es","@id":"https:\/\/www.mpppst.gob.ve\/mpppstweb\/#\/schema\/logo\/image\/","url":"https:\/\/www.mpppst.gob.ve\/mpppstweb\/wp-content\/uploads\/2025\/07\/cropped-cropped-g910.png","contentUrl":"https:\/\/www.mpppst.gob.ve\/mpppstweb\/wp-content\/uploads\/2025\/07\/cropped-cropped-g910.png","width":1080,"height":241,"caption":"mpppst"},"image":{"@id":"https:\/\/www.mpppst.gob.ve\/mpppstweb\/#\/schema\/logo\/image\/"}},{"@type":"Person","@id":"https:\/\/www.mpppst.gob.ve\/mpppstweb\/#\/schema\/person\/fc187ee8ead412bd4c9304b62f900ea4","name":"MPPPST Prensa","url":"https:\/\/www.mpppst.gob.ve\/mpppstweb\/index.php\/author\/prensa-mpppst\/"}]}},"_links":{"self":[{"href":"https:\/\/www.mpppst.gob.ve\/mpppstweb\/index.php\/wp-json\/wp\/v2\/posts\/13140"}],"collection":[{"href":"https:\/\/www.mpppst.gob.ve\/mpppstweb\/index.php\/wp-json\/wp\/v2\/posts"}],"about":[{"href":"https:\/\/www.mpppst.gob.ve\/mpppstweb\/index.php\/wp-json\/wp\/v2\/types\/post"}],"author":[{"embeddable":true,"href":"https:\/\/www.mpppst.gob.ve\/mpppstweb\/index.php\/wp-json\/wp\/v2\/users\/25"}],"replies":[{"embeddable":true,"href":"https:\/\/www.mpppst.gob.ve\/mpppstweb\/index.php\/wp-json\/wp\/v2\/comments?post=13140"}],"version-history":[{"count":1,"href":"https:\/\/www.mpppst.gob.ve\/mpppstweb\/index.php\/wp-json\/wp\/v2\/posts\/13140\/revisions"}],"predecessor-version":[{"id":13142,"href":"https:\/\/www.mpppst.gob.ve\/mpppstweb\/index.php\/wp-json\/wp\/v2\/posts\/13140\/revisions\/13142"}],"wp:featuredmedia":[{"embeddable":true,"href":"https:\/\/www.mpppst.gob.ve\/mpppstweb\/index.php\/wp-json\/wp\/v2\/media\/13141"}],"wp:attachment":[{"href":"https:\/\/www.mpppst.gob.ve\/mpppstweb\/index.php\/wp-json\/wp\/v2\/media?parent=13140"}],"wp:term":[{"taxonomy":"category","embeddable":true,"href":"https:\/\/www.mpppst.gob.ve\/mpppstweb\/index.php\/wp-json\/wp\/v2\/categories?post=13140"},{"taxonomy":"post_tag","embeddable":true,"href":"https:\/\/www.mpppst.gob.ve\/mpppstweb\/index.php\/wp-json\/wp\/v2\/tags?post=13140"}],"curies":[{"name":"wp","href":"https:\/\/api.w.org\/{rel}","templated":true}]}}