{"id":13143,"date":"2017-11-03T20:00:00","date_gmt":"2017-11-04T00:00:00","guid":{"rendered":"http:\/\/www.mpppst.gob.ve\/mpppstweb\/?p=13143"},"modified":"2017-11-03T20:00:39","modified_gmt":"2017-11-04T00:00:39","slug":"lennina-galindo-no-es-cierto-que-el-aumento-del-salario-sea-inflacionario","status":"publish","type":"post","link":"https:\/\/www.mpppst.gob.ve\/mpppstweb\/index.php\/2017\/11\/03\/lennina-galindo-no-es-cierto-que-el-aumento-del-salario-sea-inflacionario\/","title":{"rendered":"Leninna Galindo: \u201cno es cierto que el aumento del salario sea inflacionario\u201d"},"content":{"rendered":"<p>Marbelys Mav\u00e1rez Laguna<\/p>\n<p>La Viceministra para Derechos y Relaciones Laborales del Ministerio del Poder Popular para el Proceso Social de Trabajo, Leninna Galindo, manifest\u00f3 \u00a0que fueron beneficiados 11 millones de trabajadores y trabajadoras del sector p\u00fablico y privado con el aumento del salario m\u00ednimo. Agreg\u00f3 que muchos de estos trabajadores se encuentran amparados en convenciones colectivas del trabajo. Tales declaraciones las ofreci\u00f3 \u00a0en el marco del Programa en <em>Tres y Dos<\/em>, transmitido por Venezolana de Televisi\u00f3n (VTV)<\/p>\n<p>Asimismo, dio al traste con el planteamiento seg\u00fan el cual el impacto del aumento salario de los trabajadores \u00a0sea inflacionario. Tambi\u00e9n explic\u00f3 que se est\u00e1 trabajando con las organizaciones sindicales y los Consejos Productivos de Trabajadores (CPT), instancias con las cuales se vienen afinando estrategias con el fin de avanzar de forma positiva contra la guerra econ\u00f3mica y desde el punto de vista institucional.<\/p>\n<p><strong>A controlar <\/strong><\/p>\n<p>La Viceministra se refiri\u00f3 a la necesidad de controlar el incremento de los precios. \u201cDebemos hacer el llamado a la clase obrera que es la vanguardia de la Revoluci\u00f3n\u201d a los fines de impulsar los mecanismos de control que exige la realidad actual.<\/p>\n<p>Galindo precis\u00f3 que durante el Gobierno del Presidente Nicol\u00e1s Maduro Moros, se han producido 21 aumentos. Y entre ambos presidentes (Ch\u00e1vez y Maduro) los aumentos rondan la cifra total de 40. El salario m\u00ednimo sube a 177 mil 507,44. Y el ticket alimentaci\u00f3n los 279 mil, \u00a0para un ingreso total de \u00a0456 mil 507 bol\u00edvares fuertes.<\/p>\n<p>&nbsp;<\/p>\n","protected":false},"excerpt":{"rendered":"<p>Marbelys Mav\u00e1rez Laguna La Viceministra para Derechos y Relaciones Laborales del Ministerio del Poder Popular para &hellip; <a title=\"Leninna Galindo: \u201cno es cierto que el aumento del salario sea inflacionario\u201d\" class=\"hm-read-more\" href=\"https:\/\/www.mpppst.gob.ve\/mpppstweb\/index.php\/2017\/11\/03\/lennina-galindo-no-es-cierto-que-el-aumento-del-salario-sea-inflacionario\/\"><span class=\"screen-reader-text\">Leninna Galindo: \u201cno es cierto que el aumento del salario sea inflacionario\u201d<\/span>Read more<\/a><\/p>\n","protected":false},"author":25,"featured_media":0,"comment_status":"closed","ping_status":"closed","sticky":false,"template":"","format":"standard","meta":{"footnotes":""},"categories":[82,83],"tags":[],"yoast_head":"<!-- This site is optimized with the Yoast SEO plugin v22.5 - https:\/\/yoast.com\/wordpress\/plugins\/seo\/ -->\n<title>Leninna Galindo: \u201cno es cierto que el aumento del salario sea inflacionario\u201d - MPPPST<\/title>\n<meta name=\"robots\" content=\"index, follow, max-snippet:-1, max-image-preview:large, max-video-preview:-1\" \/>\n<link rel=\"canonical\" href=\"https:\/\/www.mpppst.gob.ve\/mpppstweb\/index.php\/2017\/11\/03\/lennina-galindo-no-es-cierto-que-el-aumento-del-salario-sea-inflacionario\/\" \/>\n<meta property=\"og:locale\" content=\"es_ES\" \/>\n<meta property=\"og:type\" content=\"article\" \/>\n<meta property=\"og:title\" content=\"Leninna Galindo: \u201cno es cierto que el aumento del salario sea inflacionario\u201d - MPPPST\" \/>\n<meta property=\"og:description\" content=\"Marbelys Mav\u00e1rez Laguna La Viceministra para Derechos y Relaciones Laborales del Ministerio del Poder Popular para &hellip; Leninna Galindo: \u201cno es cierto que el aumento del salario sea inflacionario\u201dRead more\" \/>\n<meta property=\"og:url\" content=\"https:\/\/www.mpppst.gob.ve\/mpppstweb\/index.php\/2017\/11\/03\/lennina-galindo-no-es-cierto-que-el-aumento-del-salario-sea-inflacionario\/\" \/>\n<meta property=\"og:site_name\" content=\"MPPPST\" \/>\n<meta property=\"article:published_time\" content=\"2017-11-04T00:00:00+00:00\" \/>\n<meta property=\"article:modified_time\" content=\"2017-11-04T00:00:39+00:00\" \/>\n<meta name=\"author\" content=\"MPPPST Prensa\" \/>\n<meta name=\"twitter:card\" content=\"summary_large_image\" \/>\n<meta name=\"twitter:label1\" content=\"Escrito por\" \/>\n\t<meta name=\"twitter:data1\" content=\"MPPPST Prensa\" \/>\n\t<meta name=\"twitter:label2\" content=\"Tiempo de lectura\" \/>\n\t<meta name=\"twitter:data2\" content=\"1 minuto\" \/>\n<script type=\"application\/ld+json\" class=\"yoast-schema-graph\">{\"@context\":\"https:\/\/schema.org\",\"@graph\":[{\"@type\":\"Article\",\"@id\":\"https:\/\/www.mpppst.gob.ve\/mpppstweb\/index.php\/2017\/11\/03\/lennina-galindo-no-es-cierto-que-el-aumento-del-salario-sea-inflacionario\/#article\",\"isPartOf\":{\"@id\":\"https:\/\/www.mpppst.gob.ve\/mpppstweb\/index.php\/2017\/11\/03\/lennina-galindo-no-es-cierto-que-el-aumento-del-salario-sea-inflacionario\/\"},\"author\":{\"name\":\"MPPPST Prensa\",\"@id\":\"https:\/\/www.mpppst.gob.ve\/mpppstweb\/#\/schema\/person\/fc187ee8ead412bd4c9304b62f900ea4\"},\"headline\":\"Leninna Galindo: \u201cno es cierto que el aumento del salario sea inflacionario\u201d\",\"datePublished\":\"2017-11-04T00:00:00+00:00\",\"dateModified\":\"2017-11-04T00:00:39+00:00\",\"mainEntityOfPage\":{\"@id\":\"https:\/\/www.mpppst.gob.ve\/mpppstweb\/index.php\/2017\/11\/03\/lennina-galindo-no-es-cierto-que-el-aumento-del-salario-sea-inflacionario\/\"},\"wordCount\":260,\"publisher\":{\"@id\":\"https:\/\/www.mpppst.gob.ve\/mpppstweb\/#organization\"},\"articleSection\":[\"Gobierno Nacional\",\"Ministerio\"],\"inLanguage\":\"es\"},{\"@type\":\"WebPage\",\"@id\":\"https:\/\/www.mpppst.gob.ve\/mpppstweb\/index.php\/2017\/11\/03\/lennina-galindo-no-es-cierto-que-el-aumento-del-salario-sea-inflacionario\/\",\"url\":\"https:\/\/www.mpppst.gob.ve\/mpppstweb\/index.php\/2017\/11\/03\/lennina-galindo-no-es-cierto-que-el-aumento-del-salario-sea-inflacionario\/\",\"name\":\"Leninna Galindo: \u201cno es cierto que el aumento del salario sea inflacionario\u201d - MPPPST\",\"isPartOf\":{\"@id\":\"https:\/\/www.mpppst.gob.ve\/mpppstweb\/#website\"},\"datePublished\":\"2017-11-04T00:00:00+00:00\",\"dateModified\":\"2017-11-04T00:00:39+00:00\",\"breadcrumb\":{\"@id\":\"https:\/\/www.mpppst.gob.ve\/mpppstweb\/index.php\/2017\/11\/03\/lennina-galindo-no-es-cierto-que-el-aumento-del-salario-sea-inflacionario\/#breadcrumb\"},\"inLanguage\":\"es\",\"potentialAction\":[{\"@type\":\"ReadAction\",\"target\":[\"https:\/\/www.mpppst.gob.ve\/mpppstweb\/index.php\/2017\/11\/03\/lennina-galindo-no-es-cierto-que-el-aumento-del-salario-sea-inflacionario\/\"]}]},{\"@type\":\"BreadcrumbList\",\"@id\":\"https:\/\/www.mpppst.gob.ve\/mpppstweb\/index.php\/2017\/11\/03\/lennina-galindo-no-es-cierto-que-el-aumento-del-salario-sea-inflacionario\/#breadcrumb\",\"itemListElement\":[{\"@type\":\"ListItem\",\"position\":1,\"name\":\"Home\",\"item\":\"https:\/\/www.mpppst.gob.ve\/mpppstweb\/\"},{\"@type\":\"ListItem\",\"position\":2,\"name\":\"Leninna Galindo: \u201cno es cierto que el aumento del salario sea inflacionario\u201d\"}]},{\"@type\":\"WebSite\",\"@id\":\"https:\/\/www.mpppst.gob.ve\/mpppstweb\/#website\",\"url\":\"https:\/\/www.mpppst.gob.ve\/mpppstweb\/\",\"name\":\"MPPPST\",\"description\":\"Ministerio del Poder Popular para el Proceso Social de Trabajo\",\"publisher\":{\"@id\":\"https:\/\/www.mpppst.gob.ve\/mpppstweb\/#organization\"},\"potentialAction\":[{\"@type\":\"SearchAction\",\"target\":{\"@type\":\"EntryPoint\",\"urlTemplate\":\"https:\/\/www.mpppst.gob.ve\/mpppstweb\/?s={search_term_string}\"},\"query-input\":\"required name=search_term_string\"}],\"inLanguage\":\"es\"},{\"@type\":\"Organization\",\"@id\":\"https:\/\/www.mpppst.gob.ve\/mpppstweb\/#organization\",\"name\":\"mpppst\",\"url\":\"https:\/\/www.mpppst.gob.ve\/mpppstweb\/\",\"logo\":{\"@type\":\"ImageObject\",\"inLanguage\":\"es\",\"@id\":\"https:\/\/www.mpppst.gob.ve\/mpppstweb\/#\/schema\/logo\/image\/\",\"url\":\"https:\/\/www.mpppst.gob.ve\/mpppstweb\/wp-content\/uploads\/2025\/07\/cropped-cropped-g910.png\",\"contentUrl\":\"https:\/\/www.mpppst.gob.ve\/mpppstweb\/wp-content\/uploads\/2025\/07\/cropped-cropped-g910.png\",\"width\":1080,\"height\":241,\"caption\":\"mpppst\"},\"image\":{\"@id\":\"https:\/\/www.mpppst.gob.ve\/mpppstweb\/#\/schema\/logo\/image\/\"}},{\"@type\":\"Person\",\"@id\":\"https:\/\/www.mpppst.gob.ve\/mpppstweb\/#\/schema\/person\/fc187ee8ead412bd4c9304b62f900ea4\",\"name\":\"MPPPST Prensa\",\"url\":\"https:\/\/www.mpppst.gob.ve\/mpppstweb\/index.php\/author\/prensa-mpppst\/\"}]}<\/script>\n<!-- \/ Yoast SEO plugin. -->","yoast_head_json":{"title":"Leninna Galindo: \u201cno es cierto que el aumento del salario sea inflacionario\u201d - MPPPST","robots":{"index":"index","follow":"follow","max-snippet":"max-snippet:-1","max-image-preview":"max-image-preview:large","max-video-preview":"max-video-preview:-1"},"canonical":"https:\/\/www.mpppst.gob.ve\/mpppstweb\/index.php\/2017\/11\/03\/lennina-galindo-no-es-cierto-que-el-aumento-del-salario-sea-inflacionario\/","og_locale":"es_ES","og_type":"article","og_title":"Leninna Galindo: \u201cno es cierto que el aumento del salario sea inflacionario\u201d - MPPPST","og_description":"Marbelys Mav\u00e1rez Laguna La Viceministra para Derechos y Relaciones Laborales del Ministerio del Poder Popular para &hellip; Leninna Galindo: \u201cno es cierto que el aumento del salario sea inflacionario\u201dRead more","og_url":"https:\/\/www.mpppst.gob.ve\/mpppstweb\/index.php\/2017\/11\/03\/lennina-galindo-no-es-cierto-que-el-aumento-del-salario-sea-inflacionario\/","og_site_name":"MPPPST","article_published_time":"2017-11-04T00:00:00+00:00","article_modified_time":"2017-11-04T00:00:39+00:00","author":"MPPPST Prensa","twitter_card":"summary_large_image","twitter_misc":{"Escrito por":"MPPPST Prensa","Tiempo de lectura":"1 minuto"},"schema":{"@context":"https:\/\/schema.org","@graph":[{"@type":"Article","@id":"https:\/\/www.mpppst.gob.ve\/mpppstweb\/index.php\/2017\/11\/03\/lennina-galindo-no-es-cierto-que-el-aumento-del-salario-sea-inflacionario\/#article","isPartOf":{"@id":"https:\/\/www.mpppst.gob.ve\/mpppstweb\/index.php\/2017\/11\/03\/lennina-galindo-no-es-cierto-que-el-aumento-del-salario-sea-inflacionario\/"},"author":{"name":"MPPPST Prensa","@id":"https:\/\/www.mpppst.gob.ve\/mpppstweb\/#\/schema\/person\/fc187ee8ead412bd4c9304b62f900ea4"},"headline":"Leninna Galindo: \u201cno es cierto que el aumento del salario sea inflacionario\u201d","datePublished":"2017-11-04T00:00:00+00:00","dateModified":"2017-11-04T00:00:39+00:00","mainEntityOfPage":{"@id":"https:\/\/www.mpppst.gob.ve\/mpppstweb\/index.php\/2017\/11\/03\/lennina-galindo-no-es-cierto-que-el-aumento-del-salario-sea-inflacionario\/"},"wordCount":260,"publisher":{"@id":"https:\/\/www.mpppst.gob.ve\/mpppstweb\/#organization"},"articleSection":["Gobierno Nacional","Ministerio"],"inLanguage":"es"},{"@type":"WebPage","@id":"https:\/\/www.mpppst.gob.ve\/mpppstweb\/index.php\/2017\/11\/03\/lennina-galindo-no-es-cierto-que-el-aumento-del-salario-sea-inflacionario\/","url":"https:\/\/www.mpppst.gob.ve\/mpppstweb\/index.php\/2017\/11\/03\/lennina-galindo-no-es-cierto-que-el-aumento-del-salario-sea-inflacionario\/","name":"Leninna Galindo: \u201cno es cierto que el aumento del salario sea inflacionario\u201d - MPPPST","isPartOf":{"@id":"https:\/\/www.mpppst.gob.ve\/mpppstweb\/#website"},"datePublished":"2017-11-04T00:00:00+00:00","dateModified":"2017-11-04T00:00:39+00:00","breadcrumb":{"@id":"https:\/\/www.mpppst.gob.ve\/mpppstweb\/index.php\/2017\/11\/03\/lennina-galindo-no-es-cierto-que-el-aumento-del-salario-sea-inflacionario\/#breadcrumb"},"inLanguage":"es","potentialAction":[{"@type":"ReadAction","target":["https:\/\/www.mpppst.gob.ve\/mpppstweb\/index.php\/2017\/11\/03\/lennina-galindo-no-es-cierto-que-el-aumento-del-salario-sea-inflacionario\/"]}]},{"@type":"BreadcrumbList","@id":"https:\/\/www.mpppst.gob.ve\/mpppstweb\/index.php\/2017\/11\/03\/lennina-galindo-no-es-cierto-que-el-aumento-del-salario-sea-inflacionario\/#breadcrumb","itemListElement":[{"@type":"ListItem","position":1,"name":"Home","item":"https:\/\/www.mpppst.gob.ve\/mpppstweb\/"},{"@type":"ListItem","position":2,"name":"Leninna Galindo: \u201cno es cierto que el aumento del salario sea inflacionario\u201d"}]},{"@type":"WebSite","@id":"https:\/\/www.mpppst.gob.ve\/mpppstweb\/#website","url":"https:\/\/www.mpppst.gob.ve\/mpppstweb\/","name":"MPPPST","description":"Ministerio del Poder Popular para el Proceso Social de Trabajo","publisher":{"@id":"https:\/\/www.mpppst.gob.ve\/mpppstweb\/#organization"},"potentialAction":[{"@type":"SearchAction","target":{"@type":"EntryPoint","urlTemplate":"https:\/\/www.mpppst.gob.ve\/mpppstweb\/?s={search_term_string}"},"query-input":"required name=search_term_string"}],"inLanguage":"es"},{"@type":"Organization","@id":"https:\/\/www.mpppst.gob.ve\/mpppstweb\/#organization","name":"mpppst","url":"https:\/\/www.mpppst.gob.ve\/mpppstweb\/","logo":{"@type":"ImageObject","inLanguage":"es","@id":"https:\/\/www.mpppst.gob.ve\/mpppstweb\/#\/schema\/logo\/image\/","url":"https:\/\/www.mpppst.gob.ve\/mpppstweb\/wp-content\/uploads\/2025\/07\/cropped-cropped-g910.png","contentUrl":"https:\/\/www.mpppst.gob.ve\/mpppstweb\/wp-content\/uploads\/2025\/07\/cropped-cropped-g910.png","width":1080,"height":241,"caption":"mpppst"},"image":{"@id":"https:\/\/www.mpppst.gob.ve\/mpppstweb\/#\/schema\/logo\/image\/"}},{"@type":"Person","@id":"https:\/\/www.mpppst.gob.ve\/mpppstweb\/#\/schema\/person\/fc187ee8ead412bd4c9304b62f900ea4","name":"MPPPST Prensa","url":"https:\/\/www.mpppst.gob.ve\/mpppstweb\/index.php\/author\/prensa-mpppst\/"}]}},"_links":{"self":[{"href":"https:\/\/www.mpppst.gob.ve\/mpppstweb\/index.php\/wp-json\/wp\/v2\/posts\/13143"}],"collection":[{"href":"https:\/\/www.mpppst.gob.ve\/mpppstweb\/index.php\/wp-json\/wp\/v2\/posts"}],"about":[{"href":"https:\/\/www.mpppst.gob.ve\/mpppstweb\/index.php\/wp-json\/wp\/v2\/types\/post"}],"author":[{"embeddable":true,"href":"https:\/\/www.mpppst.gob.ve\/mpppstweb\/index.php\/wp-json\/wp\/v2\/users\/25"}],"replies":[{"embeddable":true,"href":"https:\/\/www.mpppst.gob.ve\/mpppstweb\/index.php\/wp-json\/wp\/v2\/comments?post=13143"}],"version-history":[{"count":3,"href":"https:\/\/www.mpppst.gob.ve\/mpppstweb\/index.php\/wp-json\/wp\/v2\/posts\/13143\/revisions"}],"predecessor-version":[{"id":13146,"href":"https:\/\/www.mpppst.gob.ve\/mpppstweb\/index.php\/wp-json\/wp\/v2\/posts\/13143\/revisions\/13146"}],"wp:attachment":[{"href":"https:\/\/www.mpppst.gob.ve\/mpppstweb\/index.php\/wp-json\/wp\/v2\/media?parent=13143"}],"wp:term":[{"taxonomy":"category","embeddable":true,"href":"https:\/\/www.mpppst.gob.ve\/mpppstweb\/index.php\/wp-json\/wp\/v2\/categories?post=13143"},{"taxonomy":"post_tag","embeddable":true,"href":"https:\/\/www.mpppst.gob.ve\/mpppstweb\/index.php\/wp-json\/wp\/v2\/tags?post=13143"}],"curies":[{"name":"wp","href":"https:\/\/api.w.org\/{rel}","templated":true}]}}