{"id":13150,"date":"2017-11-08T09:37:57","date_gmt":"2017-11-08T13:37:57","guid":{"rendered":"http:\/\/www.mpppst.gob.ve\/mpppstweb\/?p=13150"},"modified":"2017-11-08T09:40:06","modified_gmt":"2017-11-08T13:40:06","slug":"hace-100-anos-la-revolucion-rusa-dio-nacimiento-a-la-primera-nacion-socialista","status":"publish","type":"post","link":"https:\/\/www.mpppst.gob.ve\/mpppstweb\/index.php\/2017\/11\/08\/hace-100-anos-la-revolucion-rusa-dio-nacimiento-a-la-primera-nacion-socialista\/","title":{"rendered":"Hace 100 a\u00f1os la Revoluci\u00f3n rusa dio nacimiento a la primera naci\u00f3n socialista"},"content":{"rendered":"<p>Caracas, 07 de noviembre de 2017.- Este siete de noviembre se conmemora el centenario de la Revoluci\u00f3n Rusa, un acontecimiento clave en el \u00e1mbito mundial, pues este hecho hist\u00f3rico demostr\u00f3 que los campesinos, los trabajadores, los pobres de Rusia pod\u00edan desprenderse de 300 a\u00f1os de opresi\u00f3n y humillaci\u00f3n zarista, y acabar con el poder de la burgues\u00eda y los terratenientes.<br \/>\nLa Revoluci\u00f3n rusa pas\u00f3 a establecer las bases para una nueva sociedad, una que abri\u00f3 los tiempos del socialismo pronosticado por Karl Marx y Friedrich Engels, en respuesta al sistema capitalista, de acuerdo a un trabajo publicado en el sitio de la Agencia Venezolana de Noticias (AVN).<br \/>\nOcurrida el 25 de octubre de 1917 de acuerdo al calendario juliano, vigente en aquel a\u00f1o; la Revoluci\u00f3n Rusa pas\u00f3 a celebrarse el 7 de noviembre debido a que en 1918 los bolcheviques (comunistas) adoptaron el calendario gregoriano. Esta gesta hist\u00f3rica permiti\u00f3 a Rusia alcanzar grandes avances en lo pol\u00edtico, deportivo, cultural y cient\u00edfico.<br \/>\nUn febrero de esperanza<br \/>\nLa Revoluci\u00f3n de febrero de 1917 en el imperio ruso marcar\u00eda la primera etapa de la Revoluci\u00f3n de Octubre, para aquel momento Rusia se encontraba sumida en crisis producto de la autocracia del Zar Nicol\u00e1s II, quien tres a\u00f1os antes hab\u00eda lanzado a su pueblo a la guerra contra Alemania y Austria-Hungr\u00eda, sum\u00e1ndose as\u00ed a ser parte de la Primera Guerra Mundial.<br \/>\nSeg\u00fan cifras reflejada en diversos medios, se estima que el Zar Nicol\u00e1s II moviliz\u00f3 alrededor de 15 millones de hombres a la guerra dejando as\u00ed un n\u00famero insuficiente de trabajadores en las f\u00e1bricas y las granjas, lo que generar\u00eda una escasez generalizada de alimentos y otros rubros.<br \/>\nPara 1917 los rusos trabajaban m\u00e1s de 14 horas al d\u00eda con bajos salarios y condiciones de trabajo precarias, estas situaciones ser\u00e1n uno de los detonantes del lanzamiento a las calles de San Petersburgo de miles de mujeres, el 8 de marzo, d\u00eda Internacional de la Mujer, quien al grito de \u201cpaz y pan\u201d, protestaron ante la crisis generada por el Zar.<br \/>\nLas tropas no reprimieron a la poblaci\u00f3n sino que se sumaron a la huelga. Ante esta situaci\u00f3n, el 15 de marzo, el Zar Nicol\u00e1s II abdica, ante la falta de apoyo del Ej\u00e9rcito.<br \/>\nEl fin de la dinast\u00eda Romanov, que hab\u00eda reinado 300 a\u00f1os, dio paso a un gobierno provisional presidido por Aleksandr K\u00e9renski y un grupo de mencheviques (la clase burguesa). En otras palabras, la Revoluci\u00f3n de febrero solo derrib\u00f3 al zarismo, pero el poder qued\u00f3 en manos de la burgues\u00eda.<br \/>\nEl regreso a la Patria de Lenin y Trostky<br \/>\nLos dos grandes protagonistas de la Revoluci\u00f3n Rusa son: Vladimir Ilyich Ulyanov, m\u00e1s conocido como Lenin; y Le\u00f3n Trotsky, quienes se encontraban exiliados en el momento que ocurre la Revoluci\u00f3n de febrero.<br \/>\nTras conocer los hechos, Lenin decide regresar a Rusia, desde Z\u00farich, Suiza de donde parte el 9 de abril de 1917, para llegar a su tierra natal siete d\u00edas despu\u00e9s, donde es recibido por una multitud.<br \/>\nA su llegada a San Petersburgo, Lenin pronunci\u00f3 un discurso clave para entender el devenir de Rusia. \u201cEl pueblo necesita paz, el pueblo necesita pan, el pueblo necesita tierra. Y ellos le dan guerra, hambre, no pan y dejan a los terratenientes con la tierra. Debemos luchar por la revoluci\u00f3n social, luchar hasta el final, hasta la victoria completa del proletariado. Larga vida a la revoluci\u00f3n social internacional\u201d, dijo, record\u00f3 en abril de este a\u00f1o la BBC.<br \/>\nUnos d\u00edas despu\u00e9s, Lenin desarroll\u00f3 estas ideas en sus Tesis de Abril que, seg\u00fan los historiadores, servir\u00e1n de hoja de ruta para la Revoluci\u00f3n de Octubre, agrega el citado medio.<br \/>\nUn mes despu\u00e9s, llegar\u00eda Trosky a Rusia, luego de 12 a\u00f1os de exilio por el mundo.<br \/>\nA su llegada lo primero que pregunta es qu\u00e9 posici\u00f3n ten\u00eda Lenin y le informan de la orientaci\u00f3n que \u00e9ste le imprime al Partido Bolchevique, bajo la consigna \u201c\u00a1Todo el poder a los Soviets!\u201d. La confluencia entre ambos se da en torno a la estrategia; es decir unir a los trabajadores con los soldados \u2013de origen campesino- y plantear que la resoluci\u00f3n \u00edntegra y efectiva de las demandas del pueblo vendr\u00eda de un gobierno obrero y campesino.<br \/>\nLenin y Trosky encontraron un gobierno provisional que segu\u00eda sin adelantar la reforma agraria, y que tampoco hab\u00eda sacado al pueblo ruso de la I Guerra Mundial, que eran parte de las exigencias del pueblo ruso.<br \/>\nC\u00f3mo fueron los hechos<br \/>\nEl 24 de octubre el Comit\u00e9 Revolucionario Militar, presidido por Lev Trotski, ejecutando el plan de Lenin, mand\u00f3 a los destacamentos de los marineros de la flota del B\u00e1ltico y a los guardias rojos a ocupar estaciones ferroviarias, correos y tel\u00e9grafos centrales, estaciones telef\u00f3nicas, bancos y puentes levadizos. Los insurgentes no encontraron resistencia organizada. La guarnici\u00f3n militar de la ciudad mantuvo la neutralidad o se uni\u00f3 a la revoluci\u00f3n, narra el sitio rusopedia.rt.com<br \/>\nEn la madrugada entre el 24 al 25 de octubre, los bolcheviques toman el poder sin derramamiento de sangre. El gobierno, o lo que queda de \u00e9l, se atrinchera en el Palacio de Invierno. Pero el crucero Aurora desde el r\u00edo Neva lo bombardea con salvas de ca\u00f1\u00f3n sin munici\u00f3n, lo que es suficiente para que sean r\u00e1pidamente derrotados. Kerensky escapa hacia el extranjero, agrega por su parte el portal web La Izquierda Diario.<br \/>\nHora despu\u00e9s de estos acontecimientos, Lenin pronuncia un discurso en el Congreso, en donde propone a los pa\u00edses que se encuentran en Guerra la paz, que era uno de los deseos del pueblo ruso.<br \/>\n\u201cEl Gobierno obrero y campesino instituido por la revoluci\u00f3n del 24-25 de octubre (6-7 de noviembre) y apoy\u00e1ndose en los Soviets de Diputados obreros, soldados y campesinos, propone a todos los pueblos en guerra y a sus gobiernos entablar inmediatamente conversaciones con vistas a una paz democr\u00e1tica y equitativa\u201d, expres\u00f3.<br \/>\n\u201cEl Gobierno considera como una paz equitativa o democr\u00e1tica, tal como la desea la inmensa mayor\u00eda de los obreros y las clases trabajadoras agotadas, abrumadas y martirizadas por la guerra en todos los pa\u00edses beligerantes, paz que los obreros y los campesinos rusos han reclamado de la manera m\u00e1s categ\u00f3rica y tenaz desde el derrocamiento de la monarqu\u00eda zarista (\u2026)\u201d, exclam\u00f3 Lenin, as\u00ed lo cita el periodista estadounidense John Reed en su libro Diez d\u00edas que estremecieron el mundo.<br \/>\nLenin quien quedar\u00eda al frente del nuevo gobierno, concluye su discurso exclamando: \u201cLa revoluci\u00f3n de los d\u00edas 6 y 7 ha abierto la era de la revoluci\u00f3n social\u201d, y m\u00e1s adelantes expresa que \u201cEl movimiento obrero, en nombre de la paz y el socialismo, vencer\u00e1 y cumplir\u00e1 su destino\u201d.<br \/>\nDe esta forma, el mundo fue testigo del nacimiento del primer Estado socialista.<\/p>\n","protected":false},"excerpt":{"rendered":"<p>Caracas, 07 de noviembre de 2017.- Este siete de noviembre se conmemora el centenario de la &hellip; <a title=\"Hace 100 a\u00f1os la Revoluci\u00f3n rusa dio nacimiento a la primera naci\u00f3n socialista\" class=\"hm-read-more\" href=\"https:\/\/www.mpppst.gob.ve\/mpppstweb\/index.php\/2017\/11\/08\/hace-100-anos-la-revolucion-rusa-dio-nacimiento-a-la-primera-nacion-socialista\/\"><span class=\"screen-reader-text\">Hace 100 a\u00f1os la Revoluci\u00f3n rusa dio nacimiento a la primera naci\u00f3n socialista<\/span>Read more<\/a><\/p>\n","protected":false},"author":25,"featured_media":13153,"comment_status":"closed","ping_status":"closed","sticky":false,"template":"","format":"standard","meta":{"footnotes":""},"categories":[82,83,163,267,166],"tags":[],"yoast_head":"<!-- This site is optimized with the Yoast SEO plugin v22.5 - https:\/\/yoast.com\/wordpress\/plugins\/seo\/ -->\n<title>Hace 100 a\u00f1os la Revoluci\u00f3n rusa dio nacimiento a la primera naci\u00f3n socialista - MPPPST<\/title>\n<meta name=\"robots\" content=\"index, follow, max-snippet:-1, max-image-preview:large, max-video-preview:-1\" \/>\n<link rel=\"canonical\" href=\"https:\/\/www.mpppst.gob.ve\/mpppstweb\/index.php\/2017\/11\/08\/hace-100-anos-la-revolucion-rusa-dio-nacimiento-a-la-primera-nacion-socialista\/\" \/>\n<meta property=\"og:locale\" content=\"es_ES\" \/>\n<meta property=\"og:type\" content=\"article\" \/>\n<meta property=\"og:title\" content=\"Hace 100 a\u00f1os la Revoluci\u00f3n rusa dio nacimiento a la primera naci\u00f3n socialista - MPPPST\" \/>\n<meta property=\"og:description\" content=\"Caracas, 07 de noviembre de 2017.- Este siete de noviembre se conmemora el centenario de la &hellip; Hace 100 a\u00f1os la Revoluci\u00f3n rusa dio nacimiento a la primera naci\u00f3n socialistaRead more\" \/>\n<meta property=\"og:url\" content=\"https:\/\/www.mpppst.gob.ve\/mpppstweb\/index.php\/2017\/11\/08\/hace-100-anos-la-revolucion-rusa-dio-nacimiento-a-la-primera-nacion-socialista\/\" \/>\n<meta property=\"og:site_name\" content=\"MPPPST\" \/>\n<meta property=\"article:published_time\" content=\"2017-11-08T13:37:57+00:00\" \/>\n<meta property=\"article:modified_time\" content=\"2017-11-08T13:40:06+00:00\" \/>\n<meta property=\"og:image\" content=\"https:\/\/www.mpppst.gob.ve\/mpppstweb\/wp-content\/uploads\/2017\/11\/Lenin-final-1.jpg\" \/>\n\t<meta property=\"og:image:width\" content=\"800\" \/>\n\t<meta property=\"og:image:height\" content=\"445\" \/>\n\t<meta property=\"og:image:type\" content=\"image\/jpeg\" \/>\n<meta name=\"author\" content=\"MPPPST Prensa\" \/>\n<meta name=\"twitter:card\" content=\"summary_large_image\" \/>\n<meta name=\"twitter:label1\" content=\"Escrito por\" \/>\n\t<meta name=\"twitter:data1\" content=\"MPPPST Prensa\" \/>\n\t<meta name=\"twitter:label2\" content=\"Tiempo de lectura\" \/>\n\t<meta name=\"twitter:data2\" content=\"6 minutos\" \/>\n<script type=\"application\/ld+json\" class=\"yoast-schema-graph\">{\"@context\":\"https:\/\/schema.org\",\"@graph\":[{\"@type\":\"Article\",\"@id\":\"https:\/\/www.mpppst.gob.ve\/mpppstweb\/index.php\/2017\/11\/08\/hace-100-anos-la-revolucion-rusa-dio-nacimiento-a-la-primera-nacion-socialista\/#article\",\"isPartOf\":{\"@id\":\"https:\/\/www.mpppst.gob.ve\/mpppstweb\/index.php\/2017\/11\/08\/hace-100-anos-la-revolucion-rusa-dio-nacimiento-a-la-primera-nacion-socialista\/\"},\"author\":{\"name\":\"MPPPST Prensa\",\"@id\":\"https:\/\/www.mpppst.gob.ve\/mpppstweb\/#\/schema\/person\/fc187ee8ead412bd4c9304b62f900ea4\"},\"headline\":\"Hace 100 a\u00f1os la Revoluci\u00f3n rusa dio nacimiento a la primera naci\u00f3n socialista\",\"datePublished\":\"2017-11-08T13:37:57+00:00\",\"dateModified\":\"2017-11-08T13:40:06+00:00\",\"mainEntityOfPage\":{\"@id\":\"https:\/\/www.mpppst.gob.ve\/mpppstweb\/index.php\/2017\/11\/08\/hace-100-anos-la-revolucion-rusa-dio-nacimiento-a-la-primera-nacion-socialista\/\"},\"wordCount\":1194,\"publisher\":{\"@id\":\"https:\/\/www.mpppst.gob.ve\/mpppstweb\/#organization\"},\"image\":{\"@id\":\"https:\/\/www.mpppst.gob.ve\/mpppstweb\/index.php\/2017\/11\/08\/hace-100-anos-la-revolucion-rusa-dio-nacimiento-a-la-primera-nacion-socialista\/#primaryimage\"},\"thumbnailUrl\":\"https:\/\/www.mpppst.gob.ve\/mpppstweb\/wp-content\/uploads\/2017\/11\/Lenin-final-1.jpg\",\"articleSection\":[\"Gobierno Nacional\",\"Ministerio\",\"Noticias\",\"Rusia\",\"Venezuela y el Mundo\"],\"inLanguage\":\"es\"},{\"@type\":\"WebPage\",\"@id\":\"https:\/\/www.mpppst.gob.ve\/mpppstweb\/index.php\/2017\/11\/08\/hace-100-anos-la-revolucion-rusa-dio-nacimiento-a-la-primera-nacion-socialista\/\",\"url\":\"https:\/\/www.mpppst.gob.ve\/mpppstweb\/index.php\/2017\/11\/08\/hace-100-anos-la-revolucion-rusa-dio-nacimiento-a-la-primera-nacion-socialista\/\",\"name\":\"Hace 100 a\u00f1os la Revoluci\u00f3n rusa dio nacimiento a la primera naci\u00f3n socialista - MPPPST\",\"isPartOf\":{\"@id\":\"https:\/\/www.mpppst.gob.ve\/mpppstweb\/#website\"},\"primaryImageOfPage\":{\"@id\":\"https:\/\/www.mpppst.gob.ve\/mpppstweb\/index.php\/2017\/11\/08\/hace-100-anos-la-revolucion-rusa-dio-nacimiento-a-la-primera-nacion-socialista\/#primaryimage\"},\"image\":{\"@id\":\"https:\/\/www.mpppst.gob.ve\/mpppstweb\/index.php\/2017\/11\/08\/hace-100-anos-la-revolucion-rusa-dio-nacimiento-a-la-primera-nacion-socialista\/#primaryimage\"},\"thumbnailUrl\":\"https:\/\/www.mpppst.gob.ve\/mpppstweb\/wp-content\/uploads\/2017\/11\/Lenin-final-1.jpg\",\"datePublished\":\"2017-11-08T13:37:57+00:00\",\"dateModified\":\"2017-11-08T13:40:06+00:00\",\"breadcrumb\":{\"@id\":\"https:\/\/www.mpppst.gob.ve\/mpppstweb\/index.php\/2017\/11\/08\/hace-100-anos-la-revolucion-rusa-dio-nacimiento-a-la-primera-nacion-socialista\/#breadcrumb\"},\"inLanguage\":\"es\",\"potentialAction\":[{\"@type\":\"ReadAction\",\"target\":[\"https:\/\/www.mpppst.gob.ve\/mpppstweb\/index.php\/2017\/11\/08\/hace-100-anos-la-revolucion-rusa-dio-nacimiento-a-la-primera-nacion-socialista\/\"]}]},{\"@type\":\"ImageObject\",\"inLanguage\":\"es\",\"@id\":\"https:\/\/www.mpppst.gob.ve\/mpppstweb\/index.php\/2017\/11\/08\/hace-100-anos-la-revolucion-rusa-dio-nacimiento-a-la-primera-nacion-socialista\/#primaryimage\",\"url\":\"https:\/\/www.mpppst.gob.ve\/mpppstweb\/wp-content\/uploads\/2017\/11\/Lenin-final-1.jpg\",\"contentUrl\":\"https:\/\/www.mpppst.gob.ve\/mpppstweb\/wp-content\/uploads\/2017\/11\/Lenin-final-1.jpg\",\"width\":800,\"height\":445},{\"@type\":\"BreadcrumbList\",\"@id\":\"https:\/\/www.mpppst.gob.ve\/mpppstweb\/index.php\/2017\/11\/08\/hace-100-anos-la-revolucion-rusa-dio-nacimiento-a-la-primera-nacion-socialista\/#breadcrumb\",\"itemListElement\":[{\"@type\":\"ListItem\",\"position\":1,\"name\":\"Home\",\"item\":\"https:\/\/www.mpppst.gob.ve\/mpppstweb\/\"},{\"@type\":\"ListItem\",\"position\":2,\"name\":\"Hace 100 a\u00f1os la Revoluci\u00f3n rusa dio nacimiento a la primera naci\u00f3n socialista\"}]},{\"@type\":\"WebSite\",\"@id\":\"https:\/\/www.mpppst.gob.ve\/mpppstweb\/#website\",\"url\":\"https:\/\/www.mpppst.gob.ve\/mpppstweb\/\",\"name\":\"MPPPST\",\"description\":\"Ministerio del Poder Popular para el Proceso Social de Trabajo\",\"publisher\":{\"@id\":\"https:\/\/www.mpppst.gob.ve\/mpppstweb\/#organization\"},\"potentialAction\":[{\"@type\":\"SearchAction\",\"target\":{\"@type\":\"EntryPoint\",\"urlTemplate\":\"https:\/\/www.mpppst.gob.ve\/mpppstweb\/?s={search_term_string}\"},\"query-input\":\"required name=search_term_string\"}],\"inLanguage\":\"es\"},{\"@type\":\"Organization\",\"@id\":\"https:\/\/www.mpppst.gob.ve\/mpppstweb\/#organization\",\"name\":\"mpppst\",\"url\":\"https:\/\/www.mpppst.gob.ve\/mpppstweb\/\",\"logo\":{\"@type\":\"ImageObject\",\"inLanguage\":\"es\",\"@id\":\"https:\/\/www.mpppst.gob.ve\/mpppstweb\/#\/schema\/logo\/image\/\",\"url\":\"https:\/\/www.mpppst.gob.ve\/mpppstweb\/wp-content\/uploads\/2025\/07\/cropped-cropped-g910.png\",\"contentUrl\":\"https:\/\/www.mpppst.gob.ve\/mpppstweb\/wp-content\/uploads\/2025\/07\/cropped-cropped-g910.png\",\"width\":1080,\"height\":241,\"caption\":\"mpppst\"},\"image\":{\"@id\":\"https:\/\/www.mpppst.gob.ve\/mpppstweb\/#\/schema\/logo\/image\/\"}},{\"@type\":\"Person\",\"@id\":\"https:\/\/www.mpppst.gob.ve\/mpppstweb\/#\/schema\/person\/fc187ee8ead412bd4c9304b62f900ea4\",\"name\":\"MPPPST Prensa\",\"url\":\"https:\/\/www.mpppst.gob.ve\/mpppstweb\/index.php\/author\/prensa-mpppst\/\"}]}<\/script>\n<!-- \/ Yoast SEO plugin. -->","yoast_head_json":{"title":"Hace 100 a\u00f1os la Revoluci\u00f3n rusa dio nacimiento a la primera naci\u00f3n socialista - MPPPST","robots":{"index":"index","follow":"follow","max-snippet":"max-snippet:-1","max-image-preview":"max-image-preview:large","max-video-preview":"max-video-preview:-1"},"canonical":"https:\/\/www.mpppst.gob.ve\/mpppstweb\/index.php\/2017\/11\/08\/hace-100-anos-la-revolucion-rusa-dio-nacimiento-a-la-primera-nacion-socialista\/","og_locale":"es_ES","og_type":"article","og_title":"Hace 100 a\u00f1os la Revoluci\u00f3n rusa dio nacimiento a la primera naci\u00f3n socialista - MPPPST","og_description":"Caracas, 07 de noviembre de 2017.- Este siete de noviembre se conmemora el centenario de la &hellip; Hace 100 a\u00f1os la Revoluci\u00f3n rusa dio nacimiento a la primera naci\u00f3n socialistaRead more","og_url":"https:\/\/www.mpppst.gob.ve\/mpppstweb\/index.php\/2017\/11\/08\/hace-100-anos-la-revolucion-rusa-dio-nacimiento-a-la-primera-nacion-socialista\/","og_site_name":"MPPPST","article_published_time":"2017-11-08T13:37:57+00:00","article_modified_time":"2017-11-08T13:40:06+00:00","og_image":[{"width":800,"height":445,"url":"https:\/\/www.mpppst.gob.ve\/mpppstweb\/wp-content\/uploads\/2017\/11\/Lenin-final-1.jpg","type":"image\/jpeg"}],"author":"MPPPST Prensa","twitter_card":"summary_large_image","twitter_misc":{"Escrito por":"MPPPST Prensa","Tiempo de lectura":"6 minutos"},"schema":{"@context":"https:\/\/schema.org","@graph":[{"@type":"Article","@id":"https:\/\/www.mpppst.gob.ve\/mpppstweb\/index.php\/2017\/11\/08\/hace-100-anos-la-revolucion-rusa-dio-nacimiento-a-la-primera-nacion-socialista\/#article","isPartOf":{"@id":"https:\/\/www.mpppst.gob.ve\/mpppstweb\/index.php\/2017\/11\/08\/hace-100-anos-la-revolucion-rusa-dio-nacimiento-a-la-primera-nacion-socialista\/"},"author":{"name":"MPPPST Prensa","@id":"https:\/\/www.mpppst.gob.ve\/mpppstweb\/#\/schema\/person\/fc187ee8ead412bd4c9304b62f900ea4"},"headline":"Hace 100 a\u00f1os la Revoluci\u00f3n rusa dio nacimiento a la primera naci\u00f3n socialista","datePublished":"2017-11-08T13:37:57+00:00","dateModified":"2017-11-08T13:40:06+00:00","mainEntityOfPage":{"@id":"https:\/\/www.mpppst.gob.ve\/mpppstweb\/index.php\/2017\/11\/08\/hace-100-anos-la-revolucion-rusa-dio-nacimiento-a-la-primera-nacion-socialista\/"},"wordCount":1194,"publisher":{"@id":"https:\/\/www.mpppst.gob.ve\/mpppstweb\/#organization"},"image":{"@id":"https:\/\/www.mpppst.gob.ve\/mpppstweb\/index.php\/2017\/11\/08\/hace-100-anos-la-revolucion-rusa-dio-nacimiento-a-la-primera-nacion-socialista\/#primaryimage"},"thumbnailUrl":"https:\/\/www.mpppst.gob.ve\/mpppstweb\/wp-content\/uploads\/2017\/11\/Lenin-final-1.jpg","articleSection":["Gobierno Nacional","Ministerio","Noticias","Rusia","Venezuela y el Mundo"],"inLanguage":"es"},{"@type":"WebPage","@id":"https:\/\/www.mpppst.gob.ve\/mpppstweb\/index.php\/2017\/11\/08\/hace-100-anos-la-revolucion-rusa-dio-nacimiento-a-la-primera-nacion-socialista\/","url":"https:\/\/www.mpppst.gob.ve\/mpppstweb\/index.php\/2017\/11\/08\/hace-100-anos-la-revolucion-rusa-dio-nacimiento-a-la-primera-nacion-socialista\/","name":"Hace 100 a\u00f1os la Revoluci\u00f3n rusa dio nacimiento a la primera naci\u00f3n socialista - MPPPST","isPartOf":{"@id":"https:\/\/www.mpppst.gob.ve\/mpppstweb\/#website"},"primaryImageOfPage":{"@id":"https:\/\/www.mpppst.gob.ve\/mpppstweb\/index.php\/2017\/11\/08\/hace-100-anos-la-revolucion-rusa-dio-nacimiento-a-la-primera-nacion-socialista\/#primaryimage"},"image":{"@id":"https:\/\/www.mpppst.gob.ve\/mpppstweb\/index.php\/2017\/11\/08\/hace-100-anos-la-revolucion-rusa-dio-nacimiento-a-la-primera-nacion-socialista\/#primaryimage"},"thumbnailUrl":"https:\/\/www.mpppst.gob.ve\/mpppstweb\/wp-content\/uploads\/2017\/11\/Lenin-final-1.jpg","datePublished":"2017-11-08T13:37:57+00:00","dateModified":"2017-11-08T13:40:06+00:00","breadcrumb":{"@id":"https:\/\/www.mpppst.gob.ve\/mpppstweb\/index.php\/2017\/11\/08\/hace-100-anos-la-revolucion-rusa-dio-nacimiento-a-la-primera-nacion-socialista\/#breadcrumb"},"inLanguage":"es","potentialAction":[{"@type":"ReadAction","target":["https:\/\/www.mpppst.gob.ve\/mpppstweb\/index.php\/2017\/11\/08\/hace-100-anos-la-revolucion-rusa-dio-nacimiento-a-la-primera-nacion-socialista\/"]}]},{"@type":"ImageObject","inLanguage":"es","@id":"https:\/\/www.mpppst.gob.ve\/mpppstweb\/index.php\/2017\/11\/08\/hace-100-anos-la-revolucion-rusa-dio-nacimiento-a-la-primera-nacion-socialista\/#primaryimage","url":"https:\/\/www.mpppst.gob.ve\/mpppstweb\/wp-content\/uploads\/2017\/11\/Lenin-final-1.jpg","contentUrl":"https:\/\/www.mpppst.gob.ve\/mpppstweb\/wp-content\/uploads\/2017\/11\/Lenin-final-1.jpg","width":800,"height":445},{"@type":"BreadcrumbList","@id":"https:\/\/www.mpppst.gob.ve\/mpppstweb\/index.php\/2017\/11\/08\/hace-100-anos-la-revolucion-rusa-dio-nacimiento-a-la-primera-nacion-socialista\/#breadcrumb","itemListElement":[{"@type":"ListItem","position":1,"name":"Home","item":"https:\/\/www.mpppst.gob.ve\/mpppstweb\/"},{"@type":"ListItem","position":2,"name":"Hace 100 a\u00f1os la Revoluci\u00f3n rusa dio nacimiento a la primera naci\u00f3n socialista"}]},{"@type":"WebSite","@id":"https:\/\/www.mpppst.gob.ve\/mpppstweb\/#website","url":"https:\/\/www.mpppst.gob.ve\/mpppstweb\/","name":"MPPPST","description":"Ministerio del Poder Popular para el Proceso Social de Trabajo","publisher":{"@id":"https:\/\/www.mpppst.gob.ve\/mpppstweb\/#organization"},"potentialAction":[{"@type":"SearchAction","target":{"@type":"EntryPoint","urlTemplate":"https:\/\/www.mpppst.gob.ve\/mpppstweb\/?s={search_term_string}"},"query-input":"required name=search_term_string"}],"inLanguage":"es"},{"@type":"Organization","@id":"https:\/\/www.mpppst.gob.ve\/mpppstweb\/#organization","name":"mpppst","url":"https:\/\/www.mpppst.gob.ve\/mpppstweb\/","logo":{"@type":"ImageObject","inLanguage":"es","@id":"https:\/\/www.mpppst.gob.ve\/mpppstweb\/#\/schema\/logo\/image\/","url":"https:\/\/www.mpppst.gob.ve\/mpppstweb\/wp-content\/uploads\/2025\/07\/cropped-cropped-g910.png","contentUrl":"https:\/\/www.mpppst.gob.ve\/mpppstweb\/wp-content\/uploads\/2025\/07\/cropped-cropped-g910.png","width":1080,"height":241,"caption":"mpppst"},"image":{"@id":"https:\/\/www.mpppst.gob.ve\/mpppstweb\/#\/schema\/logo\/image\/"}},{"@type":"Person","@id":"https:\/\/www.mpppst.gob.ve\/mpppstweb\/#\/schema\/person\/fc187ee8ead412bd4c9304b62f900ea4","name":"MPPPST Prensa","url":"https:\/\/www.mpppst.gob.ve\/mpppstweb\/index.php\/author\/prensa-mpppst\/"}]}},"_links":{"self":[{"href":"https:\/\/www.mpppst.gob.ve\/mpppstweb\/index.php\/wp-json\/wp\/v2\/posts\/13150"}],"collection":[{"href":"https:\/\/www.mpppst.gob.ve\/mpppstweb\/index.php\/wp-json\/wp\/v2\/posts"}],"about":[{"href":"https:\/\/www.mpppst.gob.ve\/mpppstweb\/index.php\/wp-json\/wp\/v2\/types\/post"}],"author":[{"embeddable":true,"href":"https:\/\/www.mpppst.gob.ve\/mpppstweb\/index.php\/wp-json\/wp\/v2\/users\/25"}],"replies":[{"embeddable":true,"href":"https:\/\/www.mpppst.gob.ve\/mpppstweb\/index.php\/wp-json\/wp\/v2\/comments?post=13150"}],"version-history":[{"count":1,"href":"https:\/\/www.mpppst.gob.ve\/mpppstweb\/index.php\/wp-json\/wp\/v2\/posts\/13150\/revisions"}],"predecessor-version":[{"id":13152,"href":"https:\/\/www.mpppst.gob.ve\/mpppstweb\/index.php\/wp-json\/wp\/v2\/posts\/13150\/revisions\/13152"}],"wp:featuredmedia":[{"embeddable":true,"href":"https:\/\/www.mpppst.gob.ve\/mpppstweb\/index.php\/wp-json\/wp\/v2\/media\/13153"}],"wp:attachment":[{"href":"https:\/\/www.mpppst.gob.ve\/mpppstweb\/index.php\/wp-json\/wp\/v2\/media?parent=13150"}],"wp:term":[{"taxonomy":"category","embeddable":true,"href":"https:\/\/www.mpppst.gob.ve\/mpppstweb\/index.php\/wp-json\/wp\/v2\/categories?post=13150"},{"taxonomy":"post_tag","embeddable":true,"href":"https:\/\/www.mpppst.gob.ve\/mpppstweb\/index.php\/wp-json\/wp\/v2\/tags?post=13150"}],"curies":[{"name":"wp","href":"https:\/\/api.w.org\/{rel}","templated":true}]}}