{"id":13154,"date":"2017-11-08T09:52:03","date_gmt":"2017-11-08T13:52:03","guid":{"rendered":"http:\/\/www.mpppst.gob.ve\/mpppstweb\/?p=13154"},"modified":"2017-11-08T09:52:03","modified_gmt":"2017-11-08T13:52:03","slug":"trabajadores-de-800-empresas-presentaran-en-congreso-plan-productivo","status":"publish","type":"post","link":"https:\/\/www.mpppst.gob.ve\/mpppstweb\/index.php\/2017\/11\/08\/trabajadores-de-800-empresas-presentaran-en-congreso-plan-productivo\/","title":{"rendered":"Trabajadores de 800 empresas presentar\u00e1n en congreso plan productivo"},"content":{"rendered":"<p>Caracas, 07 Nov. AVN.- El presidente de la Rep\u00fablica, Nicol\u00e1s Maduro, recibi\u00f3 este martes a una marea roja que march\u00f3 desde la sede de la Cantv hasta las afueras del Palacio de Miraflores, Caracas, para conmemorar el centenario de la Revoluci\u00f3n Bolchevique, proceso de gran influencia en las Revoluciones del siglo XX.<br \/>\nFrente a una multitud, Maduro reflexion\u00f3 sobre la importancia de este acontecimiento que influy\u00f3 a la Revoluci\u00f3n Bolivariana, proyecto socialista impulsado por el comandante Hugo Ch\u00e1vez, quien adem\u00e1s plante\u00f3 reforzar cinco dimensiones del socialismo.<br \/>\nEntre esas dimensiones, est\u00e1 el aspecto econ\u00f3mico, refiri\u00f3 Maduro, raz\u00f3n por la que llam\u00f3 a la clase obrera del pa\u00eds, agrupada en los Consejos Productivos de los Trabajadores (CPT), a un encuentro nacional que se realizar\u00e1 la pr\u00f3xima semana y en el que se presentar\u00e1 un plan de desarrollo de 800 empresas fundamentales.<br \/>\n\u00abEl gran instrumento de la construcci\u00f3n de esta segunda dimensi\u00f3n del socialismo en lo econ\u00f3mico, el gran instrumento que tenemos, son los Consejos Productivos de los Trabajadores y las Trabajadoras, y ah\u00ed tenemos que afianzarnos\u00bb, dijo.<br \/>\nIndic\u00f3 que esta tarea estar\u00e1 en manos del ministro para el Proceso Social del Trabajo, N\u00e9stor Ovalles.<br \/>\nElecciones del 10-D<br \/>\nEn el acto, transmitido por Venezolana de Televisi\u00f3n, el Presidente destac\u00f3 como un dimensi\u00f3n del socialismo, la democracia participativa y protag\u00f3nica ejercida por el pueblo.<\/p>\n<p>En este sentido, llam\u00f3 a las fuerzas chavistas a consolidar una gran victoria en las pr\u00f3ximas elecciones de alcaldes y alcaldesas, a realizarse este 10 de diciembre, evento electoral n\u00famero 23 en 18 a\u00f1os de Revoluci\u00f3n.<br \/>\nSocialismo territorial<br \/>\nComo otra dimensi\u00f3n del socialismo resalt\u00f3 reforzar el trabajo en lo territorial. \u00abCuando Ch\u00e1vez hablo del socialismo territorial habl\u00f3 de la construcci\u00f3n del sistema comunal, de las ciudades comunales, de las comunas, de los consejos comunales\u00bb y el gran aporte de esta etapa de guerra econ\u00f3mica est\u00e1 la constituci\u00f3n de los Comit\u00e9s Locales de Abastecimiento y Producci\u00f3n (Clap), instancias de producci\u00f3n y distribuci\u00f3n de alimentos locales.<br \/>\n\u00abNosotros pensamos en grande, pero tenemos que seguir transformando. Hasta la fecha hemos constituido m\u00e1s de 31 mil Clap que atienden a m\u00e1s de seis millones de familias\u00bb, sostuvo. \u00abLos Comit\u00e9s Locales de Abastecimiento y Producci\u00f3n son el gran poder comunal, la gran base de apoyo para esta revoluci\u00f3n socialista del poder comunal que queremos\u00bb, expres\u00f3.<br \/>\nEn este sentido, anunci\u00f3 que el mi\u00e9rcoles de la pr\u00f3xima semana se realizar\u00e1 una asamblea general de l\u00edderes de las comunas para afinar planes con los Clap.<br \/>\nEn cuanto a la dimensi\u00f3n social, esta contempla la construcci\u00f3n de un Estado de Bienestar, raz\u00f3n por la que orden\u00f3 al Tren Ejecutivo a fortalecer toda la atenci\u00f3n en las Misiones Sociales, dirigidas al bienestar del pueblo con el sistema Carnet de la Patria.<br \/>\nOtro aspecto del socialismo al que hac\u00eda referencia Ch\u00e1vez es el espiritual y moral para afianzar al hombre y mujer nueva. \u00abAh\u00ed cabe la dimensi\u00f3n cristiana del socialismo nuestroamericano. La honestidad en todos los aspectos de la vida social, los valores de la lealtad y el amor a la patria. El socialismo en lo espiritual que busca una sociedad de hombres y mujeres libres\u00bb, dijo.<br \/>\nPara ello, el Mandatario llam\u00f3 a construir un nuevo sistema de valores en el que prive la solidaridad, la lealtad y se acabe con el individualismo y la corrupci\u00f3n.<br \/>\nEn la actividad, el jefe de Estado record\u00f3 que la Revoluci\u00f3n de Octubre, que dio paso a un modelo de sociedad m\u00e1s justa, es el gran proceso que abri\u00f3 las puertas a las dem\u00e1s revoluciones en el mundo.<br \/>\n\u00abEn la vieja rusa zarista se unieron los obreros, las obreras, los campesinos que ven\u00edan de la guerra a decir basta de guerras imperialistas y se atrevieron a dar el primer paso de la historia de la humanidad para construir el primer estado socialista, que es la URSS\u00bb, record\u00f3.<br \/>\nCien a\u00f1os despu\u00e9s de la Revoluci\u00f3n de Octubre, \u00abdesde esta tierra heredera de los h\u00e9roes de Am\u00e9rica se levanta la bandera del socialismo del siglo XXI para construir una nueva sociedad, una nueva humanidad. Desde Am\u00e9rica Latina y el Caribe hemos retomado la idea del socialismo como idea de la humanidad\u00bb, manifest\u00f3.<br \/>\nIndic\u00f3 que el socialismo que se consolida en Venezuela \u00abse inspira en la lucha de resistencia y en la comunidad indoamericana que deja herencia igualitaria. Un socialismo libertario, independentista. Un socialismo que reivindica la sociedad de los pueblos como valor\u00bb.<\/p>\n","protected":false},"excerpt":{"rendered":"<p>Caracas, 07 Nov. AVN.- El presidente de la Rep\u00fablica, Nicol\u00e1s Maduro, recibi\u00f3 este martes a una &hellip; <a title=\"Trabajadores de 800 empresas presentar\u00e1n en congreso plan productivo\" class=\"hm-read-more\" href=\"https:\/\/www.mpppst.gob.ve\/mpppstweb\/index.php\/2017\/11\/08\/trabajadores-de-800-empresas-presentaran-en-congreso-plan-productivo\/\"><span class=\"screen-reader-text\">Trabajadores de 800 empresas presentar\u00e1n en congreso plan productivo<\/span>Read more<\/a><\/p>\n","protected":false},"author":25,"featured_media":13155,"comment_status":"closed","ping_status":"closed","sticky":false,"template":"","format":"standard","meta":{"footnotes":""},"categories":[82,83,163],"tags":[],"yoast_head":"<!-- This site is optimized with the Yoast SEO plugin v22.5 - https:\/\/yoast.com\/wordpress\/plugins\/seo\/ -->\n<title>Trabajadores de 800 empresas presentar\u00e1n en congreso plan productivo - MPPPST<\/title>\n<meta name=\"robots\" content=\"index, follow, max-snippet:-1, max-image-preview:large, max-video-preview:-1\" \/>\n<link rel=\"canonical\" href=\"https:\/\/www.mpppst.gob.ve\/mpppstweb\/index.php\/2017\/11\/08\/trabajadores-de-800-empresas-presentaran-en-congreso-plan-productivo\/\" \/>\n<meta property=\"og:locale\" content=\"es_ES\" \/>\n<meta property=\"og:type\" content=\"article\" \/>\n<meta property=\"og:title\" content=\"Trabajadores de 800 empresas presentar\u00e1n en congreso plan productivo - MPPPST\" \/>\n<meta property=\"og:description\" content=\"Caracas, 07 Nov. AVN.- El presidente de la Rep\u00fablica, Nicol\u00e1s Maduro, recibi\u00f3 este martes a una &hellip; Trabajadores de 800 empresas presentar\u00e1n en congreso plan productivoRead more\" \/>\n<meta property=\"og:url\" content=\"https:\/\/www.mpppst.gob.ve\/mpppstweb\/index.php\/2017\/11\/08\/trabajadores-de-800-empresas-presentaran-en-congreso-plan-productivo\/\" \/>\n<meta property=\"og:site_name\" content=\"MPPPST\" \/>\n<meta property=\"article:published_time\" content=\"2017-11-08T13:52:03+00:00\" \/>\n<meta property=\"og:image\" content=\"https:\/\/www.mpppst.gob.ve\/mpppstweb\/wp-content\/uploads\/2017\/11\/presidente-Maduro-en-marcha-de-los-traajadores.jpg\" \/>\n\t<meta property=\"og:image:width\" content=\"800\" \/>\n\t<meta property=\"og:image:height\" content=\"445\" \/>\n\t<meta property=\"og:image:type\" content=\"image\/jpeg\" \/>\n<meta name=\"author\" content=\"MPPPST Prensa\" \/>\n<meta name=\"twitter:card\" content=\"summary_large_image\" \/>\n<meta name=\"twitter:label1\" content=\"Escrito por\" \/>\n\t<meta name=\"twitter:data1\" content=\"MPPPST Prensa\" \/>\n\t<meta name=\"twitter:label2\" content=\"Tiempo de lectura\" \/>\n\t<meta name=\"twitter:data2\" content=\"4 minutos\" \/>\n<script type=\"application\/ld+json\" class=\"yoast-schema-graph\">{\"@context\":\"https:\/\/schema.org\",\"@graph\":[{\"@type\":\"Article\",\"@id\":\"https:\/\/www.mpppst.gob.ve\/mpppstweb\/index.php\/2017\/11\/08\/trabajadores-de-800-empresas-presentaran-en-congreso-plan-productivo\/#article\",\"isPartOf\":{\"@id\":\"https:\/\/www.mpppst.gob.ve\/mpppstweb\/index.php\/2017\/11\/08\/trabajadores-de-800-empresas-presentaran-en-congreso-plan-productivo\/\"},\"author\":{\"name\":\"MPPPST Prensa\",\"@id\":\"https:\/\/www.mpppst.gob.ve\/mpppstweb\/#\/schema\/person\/fc187ee8ead412bd4c9304b62f900ea4\"},\"headline\":\"Trabajadores de 800 empresas presentar\u00e1n en congreso plan productivo\",\"datePublished\":\"2017-11-08T13:52:03+00:00\",\"dateModified\":\"2017-11-08T13:52:03+00:00\",\"mainEntityOfPage\":{\"@id\":\"https:\/\/www.mpppst.gob.ve\/mpppstweb\/index.php\/2017\/11\/08\/trabajadores-de-800-empresas-presentaran-en-congreso-plan-productivo\/\"},\"wordCount\":784,\"publisher\":{\"@id\":\"https:\/\/www.mpppst.gob.ve\/mpppstweb\/#organization\"},\"image\":{\"@id\":\"https:\/\/www.mpppst.gob.ve\/mpppstweb\/index.php\/2017\/11\/08\/trabajadores-de-800-empresas-presentaran-en-congreso-plan-productivo\/#primaryimage\"},\"thumbnailUrl\":\"https:\/\/www.mpppst.gob.ve\/mpppstweb\/wp-content\/uploads\/2017\/11\/presidente-Maduro-en-marcha-de-los-traajadores.jpg\",\"articleSection\":[\"Gobierno Nacional\",\"Ministerio\",\"Noticias\"],\"inLanguage\":\"es\"},{\"@type\":\"WebPage\",\"@id\":\"https:\/\/www.mpppst.gob.ve\/mpppstweb\/index.php\/2017\/11\/08\/trabajadores-de-800-empresas-presentaran-en-congreso-plan-productivo\/\",\"url\":\"https:\/\/www.mpppst.gob.ve\/mpppstweb\/index.php\/2017\/11\/08\/trabajadores-de-800-empresas-presentaran-en-congreso-plan-productivo\/\",\"name\":\"Trabajadores de 800 empresas presentar\u00e1n en congreso plan productivo - MPPPST\",\"isPartOf\":{\"@id\":\"https:\/\/www.mpppst.gob.ve\/mpppstweb\/#website\"},\"primaryImageOfPage\":{\"@id\":\"https:\/\/www.mpppst.gob.ve\/mpppstweb\/index.php\/2017\/11\/08\/trabajadores-de-800-empresas-presentaran-en-congreso-plan-productivo\/#primaryimage\"},\"image\":{\"@id\":\"https:\/\/www.mpppst.gob.ve\/mpppstweb\/index.php\/2017\/11\/08\/trabajadores-de-800-empresas-presentaran-en-congreso-plan-productivo\/#primaryimage\"},\"thumbnailUrl\":\"https:\/\/www.mpppst.gob.ve\/mpppstweb\/wp-content\/uploads\/2017\/11\/presidente-Maduro-en-marcha-de-los-traajadores.jpg\",\"datePublished\":\"2017-11-08T13:52:03+00:00\",\"dateModified\":\"2017-11-08T13:52:03+00:00\",\"breadcrumb\":{\"@id\":\"https:\/\/www.mpppst.gob.ve\/mpppstweb\/index.php\/2017\/11\/08\/trabajadores-de-800-empresas-presentaran-en-congreso-plan-productivo\/#breadcrumb\"},\"inLanguage\":\"es\",\"potentialAction\":[{\"@type\":\"ReadAction\",\"target\":[\"https:\/\/www.mpppst.gob.ve\/mpppstweb\/index.php\/2017\/11\/08\/trabajadores-de-800-empresas-presentaran-en-congreso-plan-productivo\/\"]}]},{\"@type\":\"ImageObject\",\"inLanguage\":\"es\",\"@id\":\"https:\/\/www.mpppst.gob.ve\/mpppstweb\/index.php\/2017\/11\/08\/trabajadores-de-800-empresas-presentaran-en-congreso-plan-productivo\/#primaryimage\",\"url\":\"https:\/\/www.mpppst.gob.ve\/mpppstweb\/wp-content\/uploads\/2017\/11\/presidente-Maduro-en-marcha-de-los-traajadores.jpg\",\"contentUrl\":\"https:\/\/www.mpppst.gob.ve\/mpppstweb\/wp-content\/uploads\/2017\/11\/presidente-Maduro-en-marcha-de-los-traajadores.jpg\",\"width\":800,\"height\":445},{\"@type\":\"BreadcrumbList\",\"@id\":\"https:\/\/www.mpppst.gob.ve\/mpppstweb\/index.php\/2017\/11\/08\/trabajadores-de-800-empresas-presentaran-en-congreso-plan-productivo\/#breadcrumb\",\"itemListElement\":[{\"@type\":\"ListItem\",\"position\":1,\"name\":\"Home\",\"item\":\"https:\/\/www.mpppst.gob.ve\/mpppstweb\/\"},{\"@type\":\"ListItem\",\"position\":2,\"name\":\"Trabajadores de 800 empresas presentar\u00e1n en congreso plan productivo\"}]},{\"@type\":\"WebSite\",\"@id\":\"https:\/\/www.mpppst.gob.ve\/mpppstweb\/#website\",\"url\":\"https:\/\/www.mpppst.gob.ve\/mpppstweb\/\",\"name\":\"MPPPST\",\"description\":\"Ministerio del Poder Popular para el Proceso Social de Trabajo\",\"publisher\":{\"@id\":\"https:\/\/www.mpppst.gob.ve\/mpppstweb\/#organization\"},\"potentialAction\":[{\"@type\":\"SearchAction\",\"target\":{\"@type\":\"EntryPoint\",\"urlTemplate\":\"https:\/\/www.mpppst.gob.ve\/mpppstweb\/?s={search_term_string}\"},\"query-input\":\"required name=search_term_string\"}],\"inLanguage\":\"es\"},{\"@type\":\"Organization\",\"@id\":\"https:\/\/www.mpppst.gob.ve\/mpppstweb\/#organization\",\"name\":\"mpppst\",\"url\":\"https:\/\/www.mpppst.gob.ve\/mpppstweb\/\",\"logo\":{\"@type\":\"ImageObject\",\"inLanguage\":\"es\",\"@id\":\"https:\/\/www.mpppst.gob.ve\/mpppstweb\/#\/schema\/logo\/image\/\",\"url\":\"https:\/\/www.mpppst.gob.ve\/mpppstweb\/wp-content\/uploads\/2025\/07\/cropped-cropped-g910.png\",\"contentUrl\":\"https:\/\/www.mpppst.gob.ve\/mpppstweb\/wp-content\/uploads\/2025\/07\/cropped-cropped-g910.png\",\"width\":1080,\"height\":241,\"caption\":\"mpppst\"},\"image\":{\"@id\":\"https:\/\/www.mpppst.gob.ve\/mpppstweb\/#\/schema\/logo\/image\/\"}},{\"@type\":\"Person\",\"@id\":\"https:\/\/www.mpppst.gob.ve\/mpppstweb\/#\/schema\/person\/fc187ee8ead412bd4c9304b62f900ea4\",\"name\":\"MPPPST Prensa\",\"url\":\"https:\/\/www.mpppst.gob.ve\/mpppstweb\/index.php\/author\/prensa-mpppst\/\"}]}<\/script>\n<!-- \/ Yoast SEO plugin. -->","yoast_head_json":{"title":"Trabajadores de 800 empresas presentar\u00e1n en congreso plan productivo - MPPPST","robots":{"index":"index","follow":"follow","max-snippet":"max-snippet:-1","max-image-preview":"max-image-preview:large","max-video-preview":"max-video-preview:-1"},"canonical":"https:\/\/www.mpppst.gob.ve\/mpppstweb\/index.php\/2017\/11\/08\/trabajadores-de-800-empresas-presentaran-en-congreso-plan-productivo\/","og_locale":"es_ES","og_type":"article","og_title":"Trabajadores de 800 empresas presentar\u00e1n en congreso plan productivo - MPPPST","og_description":"Caracas, 07 Nov. AVN.- El presidente de la Rep\u00fablica, Nicol\u00e1s Maduro, recibi\u00f3 este martes a una &hellip; Trabajadores de 800 empresas presentar\u00e1n en congreso plan productivoRead more","og_url":"https:\/\/www.mpppst.gob.ve\/mpppstweb\/index.php\/2017\/11\/08\/trabajadores-de-800-empresas-presentaran-en-congreso-plan-productivo\/","og_site_name":"MPPPST","article_published_time":"2017-11-08T13:52:03+00:00","og_image":[{"width":800,"height":445,"url":"https:\/\/www.mpppst.gob.ve\/mpppstweb\/wp-content\/uploads\/2017\/11\/presidente-Maduro-en-marcha-de-los-traajadores.jpg","type":"image\/jpeg"}],"author":"MPPPST Prensa","twitter_card":"summary_large_image","twitter_misc":{"Escrito por":"MPPPST Prensa","Tiempo de lectura":"4 minutos"},"schema":{"@context":"https:\/\/schema.org","@graph":[{"@type":"Article","@id":"https:\/\/www.mpppst.gob.ve\/mpppstweb\/index.php\/2017\/11\/08\/trabajadores-de-800-empresas-presentaran-en-congreso-plan-productivo\/#article","isPartOf":{"@id":"https:\/\/www.mpppst.gob.ve\/mpppstweb\/index.php\/2017\/11\/08\/trabajadores-de-800-empresas-presentaran-en-congreso-plan-productivo\/"},"author":{"name":"MPPPST Prensa","@id":"https:\/\/www.mpppst.gob.ve\/mpppstweb\/#\/schema\/person\/fc187ee8ead412bd4c9304b62f900ea4"},"headline":"Trabajadores de 800 empresas presentar\u00e1n en congreso plan productivo","datePublished":"2017-11-08T13:52:03+00:00","dateModified":"2017-11-08T13:52:03+00:00","mainEntityOfPage":{"@id":"https:\/\/www.mpppst.gob.ve\/mpppstweb\/index.php\/2017\/11\/08\/trabajadores-de-800-empresas-presentaran-en-congreso-plan-productivo\/"},"wordCount":784,"publisher":{"@id":"https:\/\/www.mpppst.gob.ve\/mpppstweb\/#organization"},"image":{"@id":"https:\/\/www.mpppst.gob.ve\/mpppstweb\/index.php\/2017\/11\/08\/trabajadores-de-800-empresas-presentaran-en-congreso-plan-productivo\/#primaryimage"},"thumbnailUrl":"https:\/\/www.mpppst.gob.ve\/mpppstweb\/wp-content\/uploads\/2017\/11\/presidente-Maduro-en-marcha-de-los-traajadores.jpg","articleSection":["Gobierno Nacional","Ministerio","Noticias"],"inLanguage":"es"},{"@type":"WebPage","@id":"https:\/\/www.mpppst.gob.ve\/mpppstweb\/index.php\/2017\/11\/08\/trabajadores-de-800-empresas-presentaran-en-congreso-plan-productivo\/","url":"https:\/\/www.mpppst.gob.ve\/mpppstweb\/index.php\/2017\/11\/08\/trabajadores-de-800-empresas-presentaran-en-congreso-plan-productivo\/","name":"Trabajadores de 800 empresas presentar\u00e1n en congreso plan productivo - MPPPST","isPartOf":{"@id":"https:\/\/www.mpppst.gob.ve\/mpppstweb\/#website"},"primaryImageOfPage":{"@id":"https:\/\/www.mpppst.gob.ve\/mpppstweb\/index.php\/2017\/11\/08\/trabajadores-de-800-empresas-presentaran-en-congreso-plan-productivo\/#primaryimage"},"image":{"@id":"https:\/\/www.mpppst.gob.ve\/mpppstweb\/index.php\/2017\/11\/08\/trabajadores-de-800-empresas-presentaran-en-congreso-plan-productivo\/#primaryimage"},"thumbnailUrl":"https:\/\/www.mpppst.gob.ve\/mpppstweb\/wp-content\/uploads\/2017\/11\/presidente-Maduro-en-marcha-de-los-traajadores.jpg","datePublished":"2017-11-08T13:52:03+00:00","dateModified":"2017-11-08T13:52:03+00:00","breadcrumb":{"@id":"https:\/\/www.mpppst.gob.ve\/mpppstweb\/index.php\/2017\/11\/08\/trabajadores-de-800-empresas-presentaran-en-congreso-plan-productivo\/#breadcrumb"},"inLanguage":"es","potentialAction":[{"@type":"ReadAction","target":["https:\/\/www.mpppst.gob.ve\/mpppstweb\/index.php\/2017\/11\/08\/trabajadores-de-800-empresas-presentaran-en-congreso-plan-productivo\/"]}]},{"@type":"ImageObject","inLanguage":"es","@id":"https:\/\/www.mpppst.gob.ve\/mpppstweb\/index.php\/2017\/11\/08\/trabajadores-de-800-empresas-presentaran-en-congreso-plan-productivo\/#primaryimage","url":"https:\/\/www.mpppst.gob.ve\/mpppstweb\/wp-content\/uploads\/2017\/11\/presidente-Maduro-en-marcha-de-los-traajadores.jpg","contentUrl":"https:\/\/www.mpppst.gob.ve\/mpppstweb\/wp-content\/uploads\/2017\/11\/presidente-Maduro-en-marcha-de-los-traajadores.jpg","width":800,"height":445},{"@type":"BreadcrumbList","@id":"https:\/\/www.mpppst.gob.ve\/mpppstweb\/index.php\/2017\/11\/08\/trabajadores-de-800-empresas-presentaran-en-congreso-plan-productivo\/#breadcrumb","itemListElement":[{"@type":"ListItem","position":1,"name":"Home","item":"https:\/\/www.mpppst.gob.ve\/mpppstweb\/"},{"@type":"ListItem","position":2,"name":"Trabajadores de 800 empresas presentar\u00e1n en congreso plan productivo"}]},{"@type":"WebSite","@id":"https:\/\/www.mpppst.gob.ve\/mpppstweb\/#website","url":"https:\/\/www.mpppst.gob.ve\/mpppstweb\/","name":"MPPPST","description":"Ministerio del Poder Popular para el Proceso Social de Trabajo","publisher":{"@id":"https:\/\/www.mpppst.gob.ve\/mpppstweb\/#organization"},"potentialAction":[{"@type":"SearchAction","target":{"@type":"EntryPoint","urlTemplate":"https:\/\/www.mpppst.gob.ve\/mpppstweb\/?s={search_term_string}"},"query-input":"required name=search_term_string"}],"inLanguage":"es"},{"@type":"Organization","@id":"https:\/\/www.mpppst.gob.ve\/mpppstweb\/#organization","name":"mpppst","url":"https:\/\/www.mpppst.gob.ve\/mpppstweb\/","logo":{"@type":"ImageObject","inLanguage":"es","@id":"https:\/\/www.mpppst.gob.ve\/mpppstweb\/#\/schema\/logo\/image\/","url":"https:\/\/www.mpppst.gob.ve\/mpppstweb\/wp-content\/uploads\/2025\/07\/cropped-cropped-g910.png","contentUrl":"https:\/\/www.mpppst.gob.ve\/mpppstweb\/wp-content\/uploads\/2025\/07\/cropped-cropped-g910.png","width":1080,"height":241,"caption":"mpppst"},"image":{"@id":"https:\/\/www.mpppst.gob.ve\/mpppstweb\/#\/schema\/logo\/image\/"}},{"@type":"Person","@id":"https:\/\/www.mpppst.gob.ve\/mpppstweb\/#\/schema\/person\/fc187ee8ead412bd4c9304b62f900ea4","name":"MPPPST Prensa","url":"https:\/\/www.mpppst.gob.ve\/mpppstweb\/index.php\/author\/prensa-mpppst\/"}]}},"_links":{"self":[{"href":"https:\/\/www.mpppst.gob.ve\/mpppstweb\/index.php\/wp-json\/wp\/v2\/posts\/13154"}],"collection":[{"href":"https:\/\/www.mpppst.gob.ve\/mpppstweb\/index.php\/wp-json\/wp\/v2\/posts"}],"about":[{"href":"https:\/\/www.mpppst.gob.ve\/mpppstweb\/index.php\/wp-json\/wp\/v2\/types\/post"}],"author":[{"embeddable":true,"href":"https:\/\/www.mpppst.gob.ve\/mpppstweb\/index.php\/wp-json\/wp\/v2\/users\/25"}],"replies":[{"embeddable":true,"href":"https:\/\/www.mpppst.gob.ve\/mpppstweb\/index.php\/wp-json\/wp\/v2\/comments?post=13154"}],"version-history":[{"count":1,"href":"https:\/\/www.mpppst.gob.ve\/mpppstweb\/index.php\/wp-json\/wp\/v2\/posts\/13154\/revisions"}],"predecessor-version":[{"id":13156,"href":"https:\/\/www.mpppst.gob.ve\/mpppstweb\/index.php\/wp-json\/wp\/v2\/posts\/13154\/revisions\/13156"}],"wp:featuredmedia":[{"embeddable":true,"href":"https:\/\/www.mpppst.gob.ve\/mpppstweb\/index.php\/wp-json\/wp\/v2\/media\/13155"}],"wp:attachment":[{"href":"https:\/\/www.mpppst.gob.ve\/mpppstweb\/index.php\/wp-json\/wp\/v2\/media?parent=13154"}],"wp:term":[{"taxonomy":"category","embeddable":true,"href":"https:\/\/www.mpppst.gob.ve\/mpppstweb\/index.php\/wp-json\/wp\/v2\/categories?post=13154"},{"taxonomy":"post_tag","embeddable":true,"href":"https:\/\/www.mpppst.gob.ve\/mpppstweb\/index.php\/wp-json\/wp\/v2\/tags?post=13154"}],"curies":[{"name":"wp","href":"https:\/\/api.w.org\/{rel}","templated":true}]}}