{"id":13161,"date":"2017-11-09T14:35:33","date_gmt":"2017-11-09T18:35:33","guid":{"rendered":"http:\/\/www.mpppst.gob.ve\/mpppstweb\/?p=13161"},"modified":"2017-11-09T14:36:14","modified_gmt":"2017-11-09T18:36:14","slug":"gas-comunal-firma-acta-de-acuerdos-para-mejorar-condiciones-economicas-de-sus-trabajadores-y-trabajadoras","status":"publish","type":"post","link":"https:\/\/www.mpppst.gob.ve\/mpppstweb\/index.php\/2017\/11\/09\/gas-comunal-firma-acta-de-acuerdos-para-mejorar-condiciones-economicas-de-sus-trabajadores-y-trabajadoras\/","title":{"rendered":"Gas Comunal firma acta de acuerdos para mejorar condiciones econ\u00f3micas de sus trabajadores y trabajadoras"},"content":{"rendered":"<p>Marbelys Mav\u00e1rez Laguna<\/p>\n<p>La Entidad de Trabajo Gas Comunal suscribi\u00f3 un acta de acuerdos con el firme prop\u00f3sito de mejorar las condiciones econ\u00f3micas de sus trabajadores y trabajadoras. El documento contempla 19 cl\u00e1usulas de naturaleza econ\u00f3mica, el cual ampara a 9 mil 500 trabajadores de todo el pa\u00eds. La informaci\u00f3n fue suministrada por el General Taylor Rodr\u00edguez, presidente de Gas Comunal, quien estuvo acompa\u00f1ado de la Junta Directiva constituida por Miguel Prepo, Jony Callender, Marta Otero, Easser Gamoule y Juan Sandoval, as\u00ed como de trabajadores y trabajadoras de la referida empresa.<\/p>\n<p>Entre las cl\u00e1usulas m\u00e1s importantes, consideradas como logros de los trabajadores y trabajadoras de la Entidad de Trabajo, se encuentran las siguientes:<\/p>\n<p>1) Incremento del salario en 30%, a partir del mes de mayo, independientemente de los aumentos de salario que realice el Ejecutivo Nacional.<\/p>\n<p>2) Bono de ayuda de \u00fatiles. Este bono estaba contemplado en 15 mil bol\u00edvares. Ahora los trabajadores y trabajadoras recibir\u00e1n una ayuda de 200 \u00a0mil bol\u00edvares por este concepto.<\/p>\n<p>3) \u00a0Bono de ayuda de juguetes. Por este concepto los trabajadores recib\u00edan la suma de 6 mil 500 bol\u00edvares. Ahora recibir\u00e1n 250 mil bol\u00edvares.<\/p>\n<p>4) Becas: Los trabajadores y trabajadoras recib\u00edan 4 mil 500 bol\u00edvares y a partir de la firma de este Acuerdo recibir\u00e1n 30 mil bol\u00edvares para todos los niveles de escolaridad: preescolar, primaria, bachillerato y para estudios universitarios.<\/p>\n<p>&nbsp;<\/p>\n","protected":false},"excerpt":{"rendered":"<p>Marbelys Mav\u00e1rez Laguna La Entidad de Trabajo Gas Comunal suscribi\u00f3 un acta de acuerdos con el &hellip; <a title=\"Gas Comunal firma acta de acuerdos para mejorar condiciones econ\u00f3micas de sus trabajadores y trabajadoras\" class=\"hm-read-more\" href=\"https:\/\/www.mpppst.gob.ve\/mpppstweb\/index.php\/2017\/11\/09\/gas-comunal-firma-acta-de-acuerdos-para-mejorar-condiciones-economicas-de-sus-trabajadores-y-trabajadoras\/\"><span class=\"screen-reader-text\">Gas Comunal firma acta de acuerdos para mejorar condiciones econ\u00f3micas de sus trabajadores y trabajadoras<\/span>Read more<\/a><\/p>\n","protected":false},"author":25,"featured_media":13163,"comment_status":"closed","ping_status":"closed","sticky":false,"template":"","format":"standard","meta":{"footnotes":""},"categories":[82,163],"tags":[],"yoast_head":"<!-- This site is optimized with the Yoast SEO plugin v22.5 - https:\/\/yoast.com\/wordpress\/plugins\/seo\/ -->\n<title>Gas Comunal firma acta de acuerdos para mejorar condiciones econ\u00f3micas de sus trabajadores y trabajadoras - MPPPST<\/title>\n<meta name=\"robots\" content=\"index, follow, max-snippet:-1, max-image-preview:large, max-video-preview:-1\" \/>\n<link rel=\"canonical\" href=\"https:\/\/www.mpppst.gob.ve\/mpppstweb\/index.php\/2017\/11\/09\/gas-comunal-firma-acta-de-acuerdos-para-mejorar-condiciones-economicas-de-sus-trabajadores-y-trabajadoras\/\" \/>\n<meta property=\"og:locale\" content=\"es_ES\" \/>\n<meta property=\"og:type\" content=\"article\" \/>\n<meta property=\"og:title\" content=\"Gas Comunal firma acta de acuerdos para mejorar condiciones econ\u00f3micas de sus trabajadores y trabajadoras - MPPPST\" \/>\n<meta property=\"og:description\" content=\"Marbelys Mav\u00e1rez Laguna La Entidad de Trabajo Gas Comunal suscribi\u00f3 un acta de acuerdos con el &hellip; Gas Comunal firma acta de acuerdos para mejorar condiciones econ\u00f3micas de sus trabajadores y trabajadorasRead more\" \/>\n<meta property=\"og:url\" content=\"https:\/\/www.mpppst.gob.ve\/mpppstweb\/index.php\/2017\/11\/09\/gas-comunal-firma-acta-de-acuerdos-para-mejorar-condiciones-economicas-de-sus-trabajadores-y-trabajadoras\/\" \/>\n<meta property=\"og:site_name\" content=\"MPPPST\" \/>\n<meta property=\"article:published_time\" content=\"2017-11-09T18:35:33+00:00\" \/>\n<meta property=\"article:modified_time\" content=\"2017-11-09T18:36:14+00:00\" \/>\n<meta property=\"og:image\" content=\"https:\/\/www.mpppst.gob.ve\/mpppstweb\/wp-content\/uploads\/2017\/11\/Taylor-Rodr\u00edguez.jpg\" \/>\n\t<meta property=\"og:image:width\" content=\"800\" \/>\n\t<meta property=\"og:image:height\" content=\"445\" \/>\n\t<meta property=\"og:image:type\" content=\"image\/jpeg\" \/>\n<meta name=\"author\" content=\"MPPPST Prensa\" \/>\n<meta name=\"twitter:card\" content=\"summary_large_image\" \/>\n<meta name=\"twitter:label1\" content=\"Escrito por\" \/>\n\t<meta name=\"twitter:data1\" content=\"MPPPST Prensa\" \/>\n\t<meta name=\"twitter:label2\" content=\"Tiempo de lectura\" \/>\n\t<meta name=\"twitter:data2\" content=\"1 minuto\" \/>\n<script type=\"application\/ld+json\" class=\"yoast-schema-graph\">{\"@context\":\"https:\/\/schema.org\",\"@graph\":[{\"@type\":\"Article\",\"@id\":\"https:\/\/www.mpppst.gob.ve\/mpppstweb\/index.php\/2017\/11\/09\/gas-comunal-firma-acta-de-acuerdos-para-mejorar-condiciones-economicas-de-sus-trabajadores-y-trabajadoras\/#article\",\"isPartOf\":{\"@id\":\"https:\/\/www.mpppst.gob.ve\/mpppstweb\/index.php\/2017\/11\/09\/gas-comunal-firma-acta-de-acuerdos-para-mejorar-condiciones-economicas-de-sus-trabajadores-y-trabajadoras\/\"},\"author\":{\"name\":\"MPPPST Prensa\",\"@id\":\"https:\/\/www.mpppst.gob.ve\/mpppstweb\/#\/schema\/person\/fc187ee8ead412bd4c9304b62f900ea4\"},\"headline\":\"Gas Comunal firma acta de acuerdos para mejorar condiciones econ\u00f3micas de sus trabajadores y trabajadoras\",\"datePublished\":\"2017-11-09T18:35:33+00:00\",\"dateModified\":\"2017-11-09T18:36:14+00:00\",\"mainEntityOfPage\":{\"@id\":\"https:\/\/www.mpppst.gob.ve\/mpppstweb\/index.php\/2017\/11\/09\/gas-comunal-firma-acta-de-acuerdos-para-mejorar-condiciones-economicas-de-sus-trabajadores-y-trabajadoras\/\"},\"wordCount\":249,\"publisher\":{\"@id\":\"https:\/\/www.mpppst.gob.ve\/mpppstweb\/#organization\"},\"image\":{\"@id\":\"https:\/\/www.mpppst.gob.ve\/mpppstweb\/index.php\/2017\/11\/09\/gas-comunal-firma-acta-de-acuerdos-para-mejorar-condiciones-economicas-de-sus-trabajadores-y-trabajadoras\/#primaryimage\"},\"thumbnailUrl\":\"https:\/\/www.mpppst.gob.ve\/mpppstweb\/wp-content\/uploads\/2017\/11\/Taylor-Rodr\u00edguez.jpg\",\"articleSection\":[\"Gobierno Nacional\",\"Noticias\"],\"inLanguage\":\"es\"},{\"@type\":\"WebPage\",\"@id\":\"https:\/\/www.mpppst.gob.ve\/mpppstweb\/index.php\/2017\/11\/09\/gas-comunal-firma-acta-de-acuerdos-para-mejorar-condiciones-economicas-de-sus-trabajadores-y-trabajadoras\/\",\"url\":\"https:\/\/www.mpppst.gob.ve\/mpppstweb\/index.php\/2017\/11\/09\/gas-comunal-firma-acta-de-acuerdos-para-mejorar-condiciones-economicas-de-sus-trabajadores-y-trabajadoras\/\",\"name\":\"Gas Comunal firma acta de acuerdos para mejorar condiciones econ\u00f3micas de sus trabajadores y trabajadoras - MPPPST\",\"isPartOf\":{\"@id\":\"https:\/\/www.mpppst.gob.ve\/mpppstweb\/#website\"},\"primaryImageOfPage\":{\"@id\":\"https:\/\/www.mpppst.gob.ve\/mpppstweb\/index.php\/2017\/11\/09\/gas-comunal-firma-acta-de-acuerdos-para-mejorar-condiciones-economicas-de-sus-trabajadores-y-trabajadoras\/#primaryimage\"},\"image\":{\"@id\":\"https:\/\/www.mpppst.gob.ve\/mpppstweb\/index.php\/2017\/11\/09\/gas-comunal-firma-acta-de-acuerdos-para-mejorar-condiciones-economicas-de-sus-trabajadores-y-trabajadoras\/#primaryimage\"},\"thumbnailUrl\":\"https:\/\/www.mpppst.gob.ve\/mpppstweb\/wp-content\/uploads\/2017\/11\/Taylor-Rodr\u00edguez.jpg\",\"datePublished\":\"2017-11-09T18:35:33+00:00\",\"dateModified\":\"2017-11-09T18:36:14+00:00\",\"breadcrumb\":{\"@id\":\"https:\/\/www.mpppst.gob.ve\/mpppstweb\/index.php\/2017\/11\/09\/gas-comunal-firma-acta-de-acuerdos-para-mejorar-condiciones-economicas-de-sus-trabajadores-y-trabajadoras\/#breadcrumb\"},\"inLanguage\":\"es\",\"potentialAction\":[{\"@type\":\"ReadAction\",\"target\":[\"https:\/\/www.mpppst.gob.ve\/mpppstweb\/index.php\/2017\/11\/09\/gas-comunal-firma-acta-de-acuerdos-para-mejorar-condiciones-economicas-de-sus-trabajadores-y-trabajadoras\/\"]}]},{\"@type\":\"ImageObject\",\"inLanguage\":\"es\",\"@id\":\"https:\/\/www.mpppst.gob.ve\/mpppstweb\/index.php\/2017\/11\/09\/gas-comunal-firma-acta-de-acuerdos-para-mejorar-condiciones-economicas-de-sus-trabajadores-y-trabajadoras\/#primaryimage\",\"url\":\"https:\/\/www.mpppst.gob.ve\/mpppstweb\/wp-content\/uploads\/2017\/11\/Taylor-Rodr\u00edguez.jpg\",\"contentUrl\":\"https:\/\/www.mpppst.gob.ve\/mpppstweb\/wp-content\/uploads\/2017\/11\/Taylor-Rodr\u00edguez.jpg\",\"width\":800,\"height\":445},{\"@type\":\"BreadcrumbList\",\"@id\":\"https:\/\/www.mpppst.gob.ve\/mpppstweb\/index.php\/2017\/11\/09\/gas-comunal-firma-acta-de-acuerdos-para-mejorar-condiciones-economicas-de-sus-trabajadores-y-trabajadoras\/#breadcrumb\",\"itemListElement\":[{\"@type\":\"ListItem\",\"position\":1,\"name\":\"Home\",\"item\":\"https:\/\/www.mpppst.gob.ve\/mpppstweb\/\"},{\"@type\":\"ListItem\",\"position\":2,\"name\":\"Gas Comunal firma acta de acuerdos para mejorar condiciones econ\u00f3micas de sus trabajadores y trabajadoras\"}]},{\"@type\":\"WebSite\",\"@id\":\"https:\/\/www.mpppst.gob.ve\/mpppstweb\/#website\",\"url\":\"https:\/\/www.mpppst.gob.ve\/mpppstweb\/\",\"name\":\"MPPPST\",\"description\":\"Ministerio del Poder Popular para el Proceso Social de Trabajo\",\"publisher\":{\"@id\":\"https:\/\/www.mpppst.gob.ve\/mpppstweb\/#organization\"},\"potentialAction\":[{\"@type\":\"SearchAction\",\"target\":{\"@type\":\"EntryPoint\",\"urlTemplate\":\"https:\/\/www.mpppst.gob.ve\/mpppstweb\/?s={search_term_string}\"},\"query-input\":\"required name=search_term_string\"}],\"inLanguage\":\"es\"},{\"@type\":\"Organization\",\"@id\":\"https:\/\/www.mpppst.gob.ve\/mpppstweb\/#organization\",\"name\":\"mpppst\",\"url\":\"https:\/\/www.mpppst.gob.ve\/mpppstweb\/\",\"logo\":{\"@type\":\"ImageObject\",\"inLanguage\":\"es\",\"@id\":\"https:\/\/www.mpppst.gob.ve\/mpppstweb\/#\/schema\/logo\/image\/\",\"url\":\"https:\/\/www.mpppst.gob.ve\/mpppstweb\/wp-content\/uploads\/2025\/07\/cropped-cropped-g910.png\",\"contentUrl\":\"https:\/\/www.mpppst.gob.ve\/mpppstweb\/wp-content\/uploads\/2025\/07\/cropped-cropped-g910.png\",\"width\":1080,\"height\":241,\"caption\":\"mpppst\"},\"image\":{\"@id\":\"https:\/\/www.mpppst.gob.ve\/mpppstweb\/#\/schema\/logo\/image\/\"}},{\"@type\":\"Person\",\"@id\":\"https:\/\/www.mpppst.gob.ve\/mpppstweb\/#\/schema\/person\/fc187ee8ead412bd4c9304b62f900ea4\",\"name\":\"MPPPST Prensa\",\"url\":\"https:\/\/www.mpppst.gob.ve\/mpppstweb\/index.php\/author\/prensa-mpppst\/\"}]}<\/script>\n<!-- \/ Yoast SEO plugin. -->","yoast_head_json":{"title":"Gas Comunal firma acta de acuerdos para mejorar condiciones econ\u00f3micas de sus trabajadores y trabajadoras - MPPPST","robots":{"index":"index","follow":"follow","max-snippet":"max-snippet:-1","max-image-preview":"max-image-preview:large","max-video-preview":"max-video-preview:-1"},"canonical":"https:\/\/www.mpppst.gob.ve\/mpppstweb\/index.php\/2017\/11\/09\/gas-comunal-firma-acta-de-acuerdos-para-mejorar-condiciones-economicas-de-sus-trabajadores-y-trabajadoras\/","og_locale":"es_ES","og_type":"article","og_title":"Gas Comunal firma acta de acuerdos para mejorar condiciones econ\u00f3micas de sus trabajadores y trabajadoras - MPPPST","og_description":"Marbelys Mav\u00e1rez Laguna La Entidad de Trabajo Gas Comunal suscribi\u00f3 un acta de acuerdos con el &hellip; Gas Comunal firma acta de acuerdos para mejorar condiciones econ\u00f3micas de sus trabajadores y trabajadorasRead more","og_url":"https:\/\/www.mpppst.gob.ve\/mpppstweb\/index.php\/2017\/11\/09\/gas-comunal-firma-acta-de-acuerdos-para-mejorar-condiciones-economicas-de-sus-trabajadores-y-trabajadoras\/","og_site_name":"MPPPST","article_published_time":"2017-11-09T18:35:33+00:00","article_modified_time":"2017-11-09T18:36:14+00:00","og_image":[{"width":800,"height":445,"url":"https:\/\/www.mpppst.gob.ve\/mpppstweb\/wp-content\/uploads\/2017\/11\/Taylor-Rodr\u00edguez.jpg","type":"image\/jpeg"}],"author":"MPPPST Prensa","twitter_card":"summary_large_image","twitter_misc":{"Escrito por":"MPPPST Prensa","Tiempo de lectura":"1 minuto"},"schema":{"@context":"https:\/\/schema.org","@graph":[{"@type":"Article","@id":"https:\/\/www.mpppst.gob.ve\/mpppstweb\/index.php\/2017\/11\/09\/gas-comunal-firma-acta-de-acuerdos-para-mejorar-condiciones-economicas-de-sus-trabajadores-y-trabajadoras\/#article","isPartOf":{"@id":"https:\/\/www.mpppst.gob.ve\/mpppstweb\/index.php\/2017\/11\/09\/gas-comunal-firma-acta-de-acuerdos-para-mejorar-condiciones-economicas-de-sus-trabajadores-y-trabajadoras\/"},"author":{"name":"MPPPST Prensa","@id":"https:\/\/www.mpppst.gob.ve\/mpppstweb\/#\/schema\/person\/fc187ee8ead412bd4c9304b62f900ea4"},"headline":"Gas Comunal firma acta de acuerdos para mejorar condiciones econ\u00f3micas de sus trabajadores y trabajadoras","datePublished":"2017-11-09T18:35:33+00:00","dateModified":"2017-11-09T18:36:14+00:00","mainEntityOfPage":{"@id":"https:\/\/www.mpppst.gob.ve\/mpppstweb\/index.php\/2017\/11\/09\/gas-comunal-firma-acta-de-acuerdos-para-mejorar-condiciones-economicas-de-sus-trabajadores-y-trabajadoras\/"},"wordCount":249,"publisher":{"@id":"https:\/\/www.mpppst.gob.ve\/mpppstweb\/#organization"},"image":{"@id":"https:\/\/www.mpppst.gob.ve\/mpppstweb\/index.php\/2017\/11\/09\/gas-comunal-firma-acta-de-acuerdos-para-mejorar-condiciones-economicas-de-sus-trabajadores-y-trabajadoras\/#primaryimage"},"thumbnailUrl":"https:\/\/www.mpppst.gob.ve\/mpppstweb\/wp-content\/uploads\/2017\/11\/Taylor-Rodr\u00edguez.jpg","articleSection":["Gobierno Nacional","Noticias"],"inLanguage":"es"},{"@type":"WebPage","@id":"https:\/\/www.mpppst.gob.ve\/mpppstweb\/index.php\/2017\/11\/09\/gas-comunal-firma-acta-de-acuerdos-para-mejorar-condiciones-economicas-de-sus-trabajadores-y-trabajadoras\/","url":"https:\/\/www.mpppst.gob.ve\/mpppstweb\/index.php\/2017\/11\/09\/gas-comunal-firma-acta-de-acuerdos-para-mejorar-condiciones-economicas-de-sus-trabajadores-y-trabajadoras\/","name":"Gas Comunal firma acta de acuerdos para mejorar condiciones econ\u00f3micas de sus trabajadores y trabajadoras - MPPPST","isPartOf":{"@id":"https:\/\/www.mpppst.gob.ve\/mpppstweb\/#website"},"primaryImageOfPage":{"@id":"https:\/\/www.mpppst.gob.ve\/mpppstweb\/index.php\/2017\/11\/09\/gas-comunal-firma-acta-de-acuerdos-para-mejorar-condiciones-economicas-de-sus-trabajadores-y-trabajadoras\/#primaryimage"},"image":{"@id":"https:\/\/www.mpppst.gob.ve\/mpppstweb\/index.php\/2017\/11\/09\/gas-comunal-firma-acta-de-acuerdos-para-mejorar-condiciones-economicas-de-sus-trabajadores-y-trabajadoras\/#primaryimage"},"thumbnailUrl":"https:\/\/www.mpppst.gob.ve\/mpppstweb\/wp-content\/uploads\/2017\/11\/Taylor-Rodr\u00edguez.jpg","datePublished":"2017-11-09T18:35:33+00:00","dateModified":"2017-11-09T18:36:14+00:00","breadcrumb":{"@id":"https:\/\/www.mpppst.gob.ve\/mpppstweb\/index.php\/2017\/11\/09\/gas-comunal-firma-acta-de-acuerdos-para-mejorar-condiciones-economicas-de-sus-trabajadores-y-trabajadoras\/#breadcrumb"},"inLanguage":"es","potentialAction":[{"@type":"ReadAction","target":["https:\/\/www.mpppst.gob.ve\/mpppstweb\/index.php\/2017\/11\/09\/gas-comunal-firma-acta-de-acuerdos-para-mejorar-condiciones-economicas-de-sus-trabajadores-y-trabajadoras\/"]}]},{"@type":"ImageObject","inLanguage":"es","@id":"https:\/\/www.mpppst.gob.ve\/mpppstweb\/index.php\/2017\/11\/09\/gas-comunal-firma-acta-de-acuerdos-para-mejorar-condiciones-economicas-de-sus-trabajadores-y-trabajadoras\/#primaryimage","url":"https:\/\/www.mpppst.gob.ve\/mpppstweb\/wp-content\/uploads\/2017\/11\/Taylor-Rodr\u00edguez.jpg","contentUrl":"https:\/\/www.mpppst.gob.ve\/mpppstweb\/wp-content\/uploads\/2017\/11\/Taylor-Rodr\u00edguez.jpg","width":800,"height":445},{"@type":"BreadcrumbList","@id":"https:\/\/www.mpppst.gob.ve\/mpppstweb\/index.php\/2017\/11\/09\/gas-comunal-firma-acta-de-acuerdos-para-mejorar-condiciones-economicas-de-sus-trabajadores-y-trabajadoras\/#breadcrumb","itemListElement":[{"@type":"ListItem","position":1,"name":"Home","item":"https:\/\/www.mpppst.gob.ve\/mpppstweb\/"},{"@type":"ListItem","position":2,"name":"Gas Comunal firma acta de acuerdos para mejorar condiciones econ\u00f3micas de sus trabajadores y trabajadoras"}]},{"@type":"WebSite","@id":"https:\/\/www.mpppst.gob.ve\/mpppstweb\/#website","url":"https:\/\/www.mpppst.gob.ve\/mpppstweb\/","name":"MPPPST","description":"Ministerio del Poder Popular para el Proceso Social de Trabajo","publisher":{"@id":"https:\/\/www.mpppst.gob.ve\/mpppstweb\/#organization"},"potentialAction":[{"@type":"SearchAction","target":{"@type":"EntryPoint","urlTemplate":"https:\/\/www.mpppst.gob.ve\/mpppstweb\/?s={search_term_string}"},"query-input":"required name=search_term_string"}],"inLanguage":"es"},{"@type":"Organization","@id":"https:\/\/www.mpppst.gob.ve\/mpppstweb\/#organization","name":"mpppst","url":"https:\/\/www.mpppst.gob.ve\/mpppstweb\/","logo":{"@type":"ImageObject","inLanguage":"es","@id":"https:\/\/www.mpppst.gob.ve\/mpppstweb\/#\/schema\/logo\/image\/","url":"https:\/\/www.mpppst.gob.ve\/mpppstweb\/wp-content\/uploads\/2025\/07\/cropped-cropped-g910.png","contentUrl":"https:\/\/www.mpppst.gob.ve\/mpppstweb\/wp-content\/uploads\/2025\/07\/cropped-cropped-g910.png","width":1080,"height":241,"caption":"mpppst"},"image":{"@id":"https:\/\/www.mpppst.gob.ve\/mpppstweb\/#\/schema\/logo\/image\/"}},{"@type":"Person","@id":"https:\/\/www.mpppst.gob.ve\/mpppstweb\/#\/schema\/person\/fc187ee8ead412bd4c9304b62f900ea4","name":"MPPPST Prensa","url":"https:\/\/www.mpppst.gob.ve\/mpppstweb\/index.php\/author\/prensa-mpppst\/"}]}},"_links":{"self":[{"href":"https:\/\/www.mpppst.gob.ve\/mpppstweb\/index.php\/wp-json\/wp\/v2\/posts\/13161"}],"collection":[{"href":"https:\/\/www.mpppst.gob.ve\/mpppstweb\/index.php\/wp-json\/wp\/v2\/posts"}],"about":[{"href":"https:\/\/www.mpppst.gob.ve\/mpppstweb\/index.php\/wp-json\/wp\/v2\/types\/post"}],"author":[{"embeddable":true,"href":"https:\/\/www.mpppst.gob.ve\/mpppstweb\/index.php\/wp-json\/wp\/v2\/users\/25"}],"replies":[{"embeddable":true,"href":"https:\/\/www.mpppst.gob.ve\/mpppstweb\/index.php\/wp-json\/wp\/v2\/comments?post=13161"}],"version-history":[{"count":1,"href":"https:\/\/www.mpppst.gob.ve\/mpppstweb\/index.php\/wp-json\/wp\/v2\/posts\/13161\/revisions"}],"predecessor-version":[{"id":13164,"href":"https:\/\/www.mpppst.gob.ve\/mpppstweb\/index.php\/wp-json\/wp\/v2\/posts\/13161\/revisions\/13164"}],"wp:featuredmedia":[{"embeddable":true,"href":"https:\/\/www.mpppst.gob.ve\/mpppstweb\/index.php\/wp-json\/wp\/v2\/media\/13163"}],"wp:attachment":[{"href":"https:\/\/www.mpppst.gob.ve\/mpppstweb\/index.php\/wp-json\/wp\/v2\/media?parent=13161"}],"wp:term":[{"taxonomy":"category","embeddable":true,"href":"https:\/\/www.mpppst.gob.ve\/mpppstweb\/index.php\/wp-json\/wp\/v2\/categories?post=13161"},{"taxonomy":"post_tag","embeddable":true,"href":"https:\/\/www.mpppst.gob.ve\/mpppstweb\/index.php\/wp-json\/wp\/v2\/tags?post=13161"}],"curies":[{"name":"wp","href":"https:\/\/api.w.org\/{rel}","templated":true}]}}