{"id":13165,"date":"2017-11-11T14:11:47","date_gmt":"2017-11-11T18:11:47","guid":{"rendered":"http:\/\/www.mpppst.gob.ve\/mpppstweb\/?p=13165"},"modified":"2017-11-17T15:05:35","modified_gmt":"2017-11-17T19:05:35","slug":"conforman-sindicato-unico-nacional-de-los-trabajadores-y-las-trabajadoras-de-la-alimentacion-escolar","status":"publish","type":"post","link":"https:\/\/www.mpppst.gob.ve\/mpppstweb\/index.php\/2017\/11\/11\/conforman-sindicato-unico-nacional-de-los-trabajadores-y-las-trabajadoras-de-la-alimentacion-escolar\/","title":{"rendered":"Conforman Sindicato \u00danico Nacional de los Trabajadores y las Trabajadoras de la Alimentaci\u00f3n Escolar"},"content":{"rendered":"<p>Marbelys Mav\u00e1rez Laguna<\/p>\n<p>El Ministro del Poder Popular para el Proceso Social de Trabajo, N\u00e9stor Ovalles, recibi\u00f3 a mujeres y hombres procesadores de alimentos, quienes hacen posible que los \u00a0nutrientes y la carga cal\u00f3rica llegue a los ni\u00f1os y ni\u00f1as en educaci\u00f3n escolar. Fue un acto realizado en la Plaza Caracas. Tambi\u00e9n cont\u00f3 con la presencia del ministro del Poder Popular para la Educaci\u00f3n, El\u00edas Jaua, luchador incondicional en este tema.<\/p>\n<p>El titular del Despacho del Trabajo, Ovalles, destac\u00f3 la organizaci\u00f3n de estas mujeres y hombres que ahora garantizan la prosecuci\u00f3n de \u00a0ni\u00f1os y ni\u00f1as en medio de la guerra econ\u00f3mica y record\u00f3 la \u00e9poca de la IV Rep\u00fablica cuando los ni\u00f1os ca\u00edan en los pavimentos de las estructuras de las escuelas porque no ten\u00edan acceso a una alimentaci\u00f3n adecuada. Estos cocineros y cocineras, acot\u00f3, har\u00e1n posible que la poblaci\u00f3n infantil y adolescente contin\u00fae desarrollando sus estudios.<\/p>\n<p>Explic\u00f3 adem\u00e1s que \u201cla Ley Org\u00e1nica del Trabajo, los Trabajadores y las Trabajadoras (LOTTT) contempla los elementos para que cualquier venezolano o venezolana pueda organizarse sindicalmente\u201d, tal como lo hicieron \u00a0estos trabajadores y \u00a0trabajadoras que est\u00e1n consignando su Proyecto de organizaci\u00f3n sindical. \u00a0Y en este sentido precis\u00f3 que solo en el contexto de la Revoluci\u00f3n\u00a0 se han registrado, en total, \u00a06 mil 623 organizaciones sindicales.<\/p>\n<p>Por lo tanto, dijo como corolario, la LOTTT posibilita que estas personas se organicen\u00a0 en sindicatos para velar\u00a0 por los ni\u00f1os y ni\u00f1as que son el sost\u00e9n seguro de que vamos a seguir teniendo Patria.<\/p>\n<p><strong>\u00a1Profundamente chavista! <\/strong><\/p>\n<p>Por su parte, Erika Mart\u00ednez, Presidenta del Sindicato \u00danico de los Trabajadores y Trabajadoras de la Alimentaci\u00f3n Escolar, puso de manifiesto que esta organizaci\u00f3n propone avanzar en el tema productivo para garantizar de forma soberana lo que comen nuestros estudiantes, pero adem\u00e1s se refiri\u00f3 a la imperiosa necesidad de contribuir a producir los alimentos a precios justos para la poblaci\u00f3n venezolana y de esta forma combatir la guerra econ\u00f3mica. \u201cMientras en Venezuela avance la Revoluci\u00f3n nos dedicaremos a nuestros muchachos y sus alimentos\u201d, dijo al tiempo que se\u00f1alaba que este sindicato es profundamente chavista, am\u00e9n de revolucionario.<\/p>\n<p>El ministro del Poder Popular para la Educaci\u00f3n, El\u00edas Jaua, describi\u00f3 al Sindicato de la siguiente forma: \u201cde clase, revolucionario, patriota, socialista\u201d, adem\u00e1s de ser una organizaci\u00f3n para el tema reivindicativo. Explic\u00f3 lo siguiente: \u201cpertenecer a una clase trabajadora es para defender el poder pol\u00edtico de los trabajadores y las trabajadoras que representan\u201d. Se trata adem\u00e1s de un sindicato revolucionario en tanto defienden los intereses del pueblo venezolano que busca transformar la sociedad. Y es un sindicato patriota porque defiende los intereses de la Patria y de la soberan\u00eda.<\/p>\n<p>Finalmente, precis\u00f3 que el Gobierno Revolucionario aprob\u00f3 94 mil 602 millones de bol\u00edvares para construir\u00a0 el servicio de comedor \u00a0en 74 nuevos planteles en situaci\u00f3n de pobreza.<\/p>\n<p>&nbsp;<\/p>\n<p>&nbsp;<\/p>\n<p>&nbsp;<\/p>\n","protected":false},"excerpt":{"rendered":"<p>Marbelys Mav\u00e1rez Laguna El Ministro del Poder Popular para el Proceso Social de Trabajo, N\u00e9stor Ovalles, &hellip; <a title=\"Conforman Sindicato \u00danico Nacional de los Trabajadores y las Trabajadoras de la Alimentaci\u00f3n Escolar\" class=\"hm-read-more\" href=\"https:\/\/www.mpppst.gob.ve\/mpppstweb\/index.php\/2017\/11\/11\/conforman-sindicato-unico-nacional-de-los-trabajadores-y-las-trabajadoras-de-la-alimentacion-escolar\/\"><span class=\"screen-reader-text\">Conforman Sindicato \u00danico Nacional de los Trabajadores y las Trabajadoras de la Alimentaci\u00f3n Escolar<\/span>Read more<\/a><\/p>\n","protected":false},"author":25,"featured_media":13168,"comment_status":"closed","ping_status":"closed","sticky":false,"template":"","format":"standard","meta":{"footnotes":""},"categories":[82,83,163,191],"tags":[],"yoast_head":"<!-- This site is optimized with the Yoast SEO plugin v22.5 - https:\/\/yoast.com\/wordpress\/plugins\/seo\/ -->\n<title>Conforman Sindicato \u00danico Nacional de los Trabajadores y las Trabajadoras de la Alimentaci\u00f3n Escolar - MPPPST<\/title>\n<meta name=\"robots\" content=\"index, follow, max-snippet:-1, max-image-preview:large, max-video-preview:-1\" \/>\n<link rel=\"canonical\" href=\"https:\/\/www.mpppst.gob.ve\/mpppstweb\/index.php\/2017\/11\/11\/conforman-sindicato-unico-nacional-de-los-trabajadores-y-las-trabajadoras-de-la-alimentacion-escolar\/\" \/>\n<meta property=\"og:locale\" content=\"es_ES\" \/>\n<meta property=\"og:type\" content=\"article\" \/>\n<meta property=\"og:title\" content=\"Conforman Sindicato \u00danico Nacional de los Trabajadores y las Trabajadoras de la Alimentaci\u00f3n Escolar - MPPPST\" \/>\n<meta property=\"og:description\" content=\"Marbelys Mav\u00e1rez Laguna El Ministro del Poder Popular para el Proceso Social de Trabajo, N\u00e9stor Ovalles, &hellip; Conforman Sindicato \u00danico Nacional de los Trabajadores y las Trabajadoras de la Alimentaci\u00f3n EscolarRead more\" \/>\n<meta property=\"og:url\" content=\"https:\/\/www.mpppst.gob.ve\/mpppstweb\/index.php\/2017\/11\/11\/conforman-sindicato-unico-nacional-de-los-trabajadores-y-las-trabajadoras-de-la-alimentacion-escolar\/\" \/>\n<meta property=\"og:site_name\" content=\"MPPPST\" \/>\n<meta property=\"article:published_time\" content=\"2017-11-11T18:11:47+00:00\" \/>\n<meta property=\"article:modified_time\" content=\"2017-11-17T19:05:35+00:00\" \/>\n<meta property=\"og:image\" content=\"https:\/\/www.mpppst.gob.ve\/mpppstweb\/wp-content\/uploads\/2017\/11\/IMG_1207.jpg\" \/>\n\t<meta property=\"og:image:width\" content=\"800\" \/>\n\t<meta property=\"og:image:height\" content=\"445\" \/>\n\t<meta property=\"og:image:type\" content=\"image\/jpeg\" \/>\n<meta name=\"author\" content=\"MPPPST Prensa\" \/>\n<meta name=\"twitter:card\" content=\"summary_large_image\" \/>\n<meta name=\"twitter:label1\" content=\"Escrito por\" \/>\n\t<meta name=\"twitter:data1\" content=\"MPPPST Prensa\" \/>\n\t<meta name=\"twitter:label2\" content=\"Tiempo de lectura\" \/>\n\t<meta name=\"twitter:data2\" content=\"3 minutos\" \/>\n<script type=\"application\/ld+json\" class=\"yoast-schema-graph\">{\"@context\":\"https:\/\/schema.org\",\"@graph\":[{\"@type\":\"Article\",\"@id\":\"https:\/\/www.mpppst.gob.ve\/mpppstweb\/index.php\/2017\/11\/11\/conforman-sindicato-unico-nacional-de-los-trabajadores-y-las-trabajadoras-de-la-alimentacion-escolar\/#article\",\"isPartOf\":{\"@id\":\"https:\/\/www.mpppst.gob.ve\/mpppstweb\/index.php\/2017\/11\/11\/conforman-sindicato-unico-nacional-de-los-trabajadores-y-las-trabajadoras-de-la-alimentacion-escolar\/\"},\"author\":{\"name\":\"MPPPST Prensa\",\"@id\":\"https:\/\/www.mpppst.gob.ve\/mpppstweb\/#\/schema\/person\/fc187ee8ead412bd4c9304b62f900ea4\"},\"headline\":\"Conforman Sindicato \u00danico Nacional de los Trabajadores y las Trabajadoras de la Alimentaci\u00f3n Escolar\",\"datePublished\":\"2017-11-11T18:11:47+00:00\",\"dateModified\":\"2017-11-17T19:05:35+00:00\",\"mainEntityOfPage\":{\"@id\":\"https:\/\/www.mpppst.gob.ve\/mpppstweb\/index.php\/2017\/11\/11\/conforman-sindicato-unico-nacional-de-los-trabajadores-y-las-trabajadoras-de-la-alimentacion-escolar\/\"},\"wordCount\":523,\"publisher\":{\"@id\":\"https:\/\/www.mpppst.gob.ve\/mpppstweb\/#organization\"},\"image\":{\"@id\":\"https:\/\/www.mpppst.gob.ve\/mpppstweb\/index.php\/2017\/11\/11\/conforman-sindicato-unico-nacional-de-los-trabajadores-y-las-trabajadoras-de-la-alimentacion-escolar\/#primaryimage\"},\"thumbnailUrl\":\"https:\/\/www.mpppst.gob.ve\/mpppstweb\/wp-content\/uploads\/2017\/11\/IMG_1207.jpg\",\"articleSection\":[\"Gobierno Nacional\",\"Ministerio\",\"Noticias\",\"Sindicatos\"],\"inLanguage\":\"es\"},{\"@type\":\"WebPage\",\"@id\":\"https:\/\/www.mpppst.gob.ve\/mpppstweb\/index.php\/2017\/11\/11\/conforman-sindicato-unico-nacional-de-los-trabajadores-y-las-trabajadoras-de-la-alimentacion-escolar\/\",\"url\":\"https:\/\/www.mpppst.gob.ve\/mpppstweb\/index.php\/2017\/11\/11\/conforman-sindicato-unico-nacional-de-los-trabajadores-y-las-trabajadoras-de-la-alimentacion-escolar\/\",\"name\":\"Conforman Sindicato \u00danico Nacional de los Trabajadores y las Trabajadoras de la Alimentaci\u00f3n Escolar - MPPPST\",\"isPartOf\":{\"@id\":\"https:\/\/www.mpppst.gob.ve\/mpppstweb\/#website\"},\"primaryImageOfPage\":{\"@id\":\"https:\/\/www.mpppst.gob.ve\/mpppstweb\/index.php\/2017\/11\/11\/conforman-sindicato-unico-nacional-de-los-trabajadores-y-las-trabajadoras-de-la-alimentacion-escolar\/#primaryimage\"},\"image\":{\"@id\":\"https:\/\/www.mpppst.gob.ve\/mpppstweb\/index.php\/2017\/11\/11\/conforman-sindicato-unico-nacional-de-los-trabajadores-y-las-trabajadoras-de-la-alimentacion-escolar\/#primaryimage\"},\"thumbnailUrl\":\"https:\/\/www.mpppst.gob.ve\/mpppstweb\/wp-content\/uploads\/2017\/11\/IMG_1207.jpg\",\"datePublished\":\"2017-11-11T18:11:47+00:00\",\"dateModified\":\"2017-11-17T19:05:35+00:00\",\"breadcrumb\":{\"@id\":\"https:\/\/www.mpppst.gob.ve\/mpppstweb\/index.php\/2017\/11\/11\/conforman-sindicato-unico-nacional-de-los-trabajadores-y-las-trabajadoras-de-la-alimentacion-escolar\/#breadcrumb\"},\"inLanguage\":\"es\",\"potentialAction\":[{\"@type\":\"ReadAction\",\"target\":[\"https:\/\/www.mpppst.gob.ve\/mpppstweb\/index.php\/2017\/11\/11\/conforman-sindicato-unico-nacional-de-los-trabajadores-y-las-trabajadoras-de-la-alimentacion-escolar\/\"]}]},{\"@type\":\"ImageObject\",\"inLanguage\":\"es\",\"@id\":\"https:\/\/www.mpppst.gob.ve\/mpppstweb\/index.php\/2017\/11\/11\/conforman-sindicato-unico-nacional-de-los-trabajadores-y-las-trabajadoras-de-la-alimentacion-escolar\/#primaryimage\",\"url\":\"https:\/\/www.mpppst.gob.ve\/mpppstweb\/wp-content\/uploads\/2017\/11\/IMG_1207.jpg\",\"contentUrl\":\"https:\/\/www.mpppst.gob.ve\/mpppstweb\/wp-content\/uploads\/2017\/11\/IMG_1207.jpg\",\"width\":800,\"height\":445},{\"@type\":\"BreadcrumbList\",\"@id\":\"https:\/\/www.mpppst.gob.ve\/mpppstweb\/index.php\/2017\/11\/11\/conforman-sindicato-unico-nacional-de-los-trabajadores-y-las-trabajadoras-de-la-alimentacion-escolar\/#breadcrumb\",\"itemListElement\":[{\"@type\":\"ListItem\",\"position\":1,\"name\":\"Home\",\"item\":\"https:\/\/www.mpppst.gob.ve\/mpppstweb\/\"},{\"@type\":\"ListItem\",\"position\":2,\"name\":\"Conforman Sindicato \u00danico Nacional de los Trabajadores y las Trabajadoras de la Alimentaci\u00f3n Escolar\"}]},{\"@type\":\"WebSite\",\"@id\":\"https:\/\/www.mpppst.gob.ve\/mpppstweb\/#website\",\"url\":\"https:\/\/www.mpppst.gob.ve\/mpppstweb\/\",\"name\":\"MPPPST\",\"description\":\"Ministerio del Poder Popular para el Proceso Social de Trabajo\",\"publisher\":{\"@id\":\"https:\/\/www.mpppst.gob.ve\/mpppstweb\/#organization\"},\"potentialAction\":[{\"@type\":\"SearchAction\",\"target\":{\"@type\":\"EntryPoint\",\"urlTemplate\":\"https:\/\/www.mpppst.gob.ve\/mpppstweb\/?s={search_term_string}\"},\"query-input\":\"required name=search_term_string\"}],\"inLanguage\":\"es\"},{\"@type\":\"Organization\",\"@id\":\"https:\/\/www.mpppst.gob.ve\/mpppstweb\/#organization\",\"name\":\"mpppst\",\"url\":\"https:\/\/www.mpppst.gob.ve\/mpppstweb\/\",\"logo\":{\"@type\":\"ImageObject\",\"inLanguage\":\"es\",\"@id\":\"https:\/\/www.mpppst.gob.ve\/mpppstweb\/#\/schema\/logo\/image\/\",\"url\":\"https:\/\/www.mpppst.gob.ve\/mpppstweb\/wp-content\/uploads\/2025\/07\/cropped-cropped-g910.png\",\"contentUrl\":\"https:\/\/www.mpppst.gob.ve\/mpppstweb\/wp-content\/uploads\/2025\/07\/cropped-cropped-g910.png\",\"width\":1080,\"height\":241,\"caption\":\"mpppst\"},\"image\":{\"@id\":\"https:\/\/www.mpppst.gob.ve\/mpppstweb\/#\/schema\/logo\/image\/\"}},{\"@type\":\"Person\",\"@id\":\"https:\/\/www.mpppst.gob.ve\/mpppstweb\/#\/schema\/person\/fc187ee8ead412bd4c9304b62f900ea4\",\"name\":\"MPPPST Prensa\",\"url\":\"https:\/\/www.mpppst.gob.ve\/mpppstweb\/index.php\/author\/prensa-mpppst\/\"}]}<\/script>\n<!-- \/ Yoast SEO plugin. -->","yoast_head_json":{"title":"Conforman Sindicato \u00danico Nacional de los Trabajadores y las Trabajadoras de la Alimentaci\u00f3n Escolar - MPPPST","robots":{"index":"index","follow":"follow","max-snippet":"max-snippet:-1","max-image-preview":"max-image-preview:large","max-video-preview":"max-video-preview:-1"},"canonical":"https:\/\/www.mpppst.gob.ve\/mpppstweb\/index.php\/2017\/11\/11\/conforman-sindicato-unico-nacional-de-los-trabajadores-y-las-trabajadoras-de-la-alimentacion-escolar\/","og_locale":"es_ES","og_type":"article","og_title":"Conforman Sindicato \u00danico Nacional de los Trabajadores y las Trabajadoras de la Alimentaci\u00f3n Escolar - MPPPST","og_description":"Marbelys Mav\u00e1rez Laguna El Ministro del Poder Popular para el Proceso Social de Trabajo, N\u00e9stor Ovalles, &hellip; Conforman Sindicato \u00danico Nacional de los Trabajadores y las Trabajadoras de la Alimentaci\u00f3n EscolarRead more","og_url":"https:\/\/www.mpppst.gob.ve\/mpppstweb\/index.php\/2017\/11\/11\/conforman-sindicato-unico-nacional-de-los-trabajadores-y-las-trabajadoras-de-la-alimentacion-escolar\/","og_site_name":"MPPPST","article_published_time":"2017-11-11T18:11:47+00:00","article_modified_time":"2017-11-17T19:05:35+00:00","og_image":[{"width":800,"height":445,"url":"https:\/\/www.mpppst.gob.ve\/mpppstweb\/wp-content\/uploads\/2017\/11\/IMG_1207.jpg","type":"image\/jpeg"}],"author":"MPPPST Prensa","twitter_card":"summary_large_image","twitter_misc":{"Escrito por":"MPPPST Prensa","Tiempo de lectura":"3 minutos"},"schema":{"@context":"https:\/\/schema.org","@graph":[{"@type":"Article","@id":"https:\/\/www.mpppst.gob.ve\/mpppstweb\/index.php\/2017\/11\/11\/conforman-sindicato-unico-nacional-de-los-trabajadores-y-las-trabajadoras-de-la-alimentacion-escolar\/#article","isPartOf":{"@id":"https:\/\/www.mpppst.gob.ve\/mpppstweb\/index.php\/2017\/11\/11\/conforman-sindicato-unico-nacional-de-los-trabajadores-y-las-trabajadoras-de-la-alimentacion-escolar\/"},"author":{"name":"MPPPST Prensa","@id":"https:\/\/www.mpppst.gob.ve\/mpppstweb\/#\/schema\/person\/fc187ee8ead412bd4c9304b62f900ea4"},"headline":"Conforman Sindicato \u00danico Nacional de los Trabajadores y las Trabajadoras de la Alimentaci\u00f3n Escolar","datePublished":"2017-11-11T18:11:47+00:00","dateModified":"2017-11-17T19:05:35+00:00","mainEntityOfPage":{"@id":"https:\/\/www.mpppst.gob.ve\/mpppstweb\/index.php\/2017\/11\/11\/conforman-sindicato-unico-nacional-de-los-trabajadores-y-las-trabajadoras-de-la-alimentacion-escolar\/"},"wordCount":523,"publisher":{"@id":"https:\/\/www.mpppst.gob.ve\/mpppstweb\/#organization"},"image":{"@id":"https:\/\/www.mpppst.gob.ve\/mpppstweb\/index.php\/2017\/11\/11\/conforman-sindicato-unico-nacional-de-los-trabajadores-y-las-trabajadoras-de-la-alimentacion-escolar\/#primaryimage"},"thumbnailUrl":"https:\/\/www.mpppst.gob.ve\/mpppstweb\/wp-content\/uploads\/2017\/11\/IMG_1207.jpg","articleSection":["Gobierno Nacional","Ministerio","Noticias","Sindicatos"],"inLanguage":"es"},{"@type":"WebPage","@id":"https:\/\/www.mpppst.gob.ve\/mpppstweb\/index.php\/2017\/11\/11\/conforman-sindicato-unico-nacional-de-los-trabajadores-y-las-trabajadoras-de-la-alimentacion-escolar\/","url":"https:\/\/www.mpppst.gob.ve\/mpppstweb\/index.php\/2017\/11\/11\/conforman-sindicato-unico-nacional-de-los-trabajadores-y-las-trabajadoras-de-la-alimentacion-escolar\/","name":"Conforman Sindicato \u00danico Nacional de los Trabajadores y las Trabajadoras de la Alimentaci\u00f3n Escolar - MPPPST","isPartOf":{"@id":"https:\/\/www.mpppst.gob.ve\/mpppstweb\/#website"},"primaryImageOfPage":{"@id":"https:\/\/www.mpppst.gob.ve\/mpppstweb\/index.php\/2017\/11\/11\/conforman-sindicato-unico-nacional-de-los-trabajadores-y-las-trabajadoras-de-la-alimentacion-escolar\/#primaryimage"},"image":{"@id":"https:\/\/www.mpppst.gob.ve\/mpppstweb\/index.php\/2017\/11\/11\/conforman-sindicato-unico-nacional-de-los-trabajadores-y-las-trabajadoras-de-la-alimentacion-escolar\/#primaryimage"},"thumbnailUrl":"https:\/\/www.mpppst.gob.ve\/mpppstweb\/wp-content\/uploads\/2017\/11\/IMG_1207.jpg","datePublished":"2017-11-11T18:11:47+00:00","dateModified":"2017-11-17T19:05:35+00:00","breadcrumb":{"@id":"https:\/\/www.mpppst.gob.ve\/mpppstweb\/index.php\/2017\/11\/11\/conforman-sindicato-unico-nacional-de-los-trabajadores-y-las-trabajadoras-de-la-alimentacion-escolar\/#breadcrumb"},"inLanguage":"es","potentialAction":[{"@type":"ReadAction","target":["https:\/\/www.mpppst.gob.ve\/mpppstweb\/index.php\/2017\/11\/11\/conforman-sindicato-unico-nacional-de-los-trabajadores-y-las-trabajadoras-de-la-alimentacion-escolar\/"]}]},{"@type":"ImageObject","inLanguage":"es","@id":"https:\/\/www.mpppst.gob.ve\/mpppstweb\/index.php\/2017\/11\/11\/conforman-sindicato-unico-nacional-de-los-trabajadores-y-las-trabajadoras-de-la-alimentacion-escolar\/#primaryimage","url":"https:\/\/www.mpppst.gob.ve\/mpppstweb\/wp-content\/uploads\/2017\/11\/IMG_1207.jpg","contentUrl":"https:\/\/www.mpppst.gob.ve\/mpppstweb\/wp-content\/uploads\/2017\/11\/IMG_1207.jpg","width":800,"height":445},{"@type":"BreadcrumbList","@id":"https:\/\/www.mpppst.gob.ve\/mpppstweb\/index.php\/2017\/11\/11\/conforman-sindicato-unico-nacional-de-los-trabajadores-y-las-trabajadoras-de-la-alimentacion-escolar\/#breadcrumb","itemListElement":[{"@type":"ListItem","position":1,"name":"Home","item":"https:\/\/www.mpppst.gob.ve\/mpppstweb\/"},{"@type":"ListItem","position":2,"name":"Conforman Sindicato \u00danico Nacional de los Trabajadores y las Trabajadoras de la Alimentaci\u00f3n Escolar"}]},{"@type":"WebSite","@id":"https:\/\/www.mpppst.gob.ve\/mpppstweb\/#website","url":"https:\/\/www.mpppst.gob.ve\/mpppstweb\/","name":"MPPPST","description":"Ministerio del Poder Popular para el Proceso Social de Trabajo","publisher":{"@id":"https:\/\/www.mpppst.gob.ve\/mpppstweb\/#organization"},"potentialAction":[{"@type":"SearchAction","target":{"@type":"EntryPoint","urlTemplate":"https:\/\/www.mpppst.gob.ve\/mpppstweb\/?s={search_term_string}"},"query-input":"required name=search_term_string"}],"inLanguage":"es"},{"@type":"Organization","@id":"https:\/\/www.mpppst.gob.ve\/mpppstweb\/#organization","name":"mpppst","url":"https:\/\/www.mpppst.gob.ve\/mpppstweb\/","logo":{"@type":"ImageObject","inLanguage":"es","@id":"https:\/\/www.mpppst.gob.ve\/mpppstweb\/#\/schema\/logo\/image\/","url":"https:\/\/www.mpppst.gob.ve\/mpppstweb\/wp-content\/uploads\/2025\/07\/cropped-cropped-g910.png","contentUrl":"https:\/\/www.mpppst.gob.ve\/mpppstweb\/wp-content\/uploads\/2025\/07\/cropped-cropped-g910.png","width":1080,"height":241,"caption":"mpppst"},"image":{"@id":"https:\/\/www.mpppst.gob.ve\/mpppstweb\/#\/schema\/logo\/image\/"}},{"@type":"Person","@id":"https:\/\/www.mpppst.gob.ve\/mpppstweb\/#\/schema\/person\/fc187ee8ead412bd4c9304b62f900ea4","name":"MPPPST Prensa","url":"https:\/\/www.mpppst.gob.ve\/mpppstweb\/index.php\/author\/prensa-mpppst\/"}]}},"_links":{"self":[{"href":"https:\/\/www.mpppst.gob.ve\/mpppstweb\/index.php\/wp-json\/wp\/v2\/posts\/13165"}],"collection":[{"href":"https:\/\/www.mpppst.gob.ve\/mpppstweb\/index.php\/wp-json\/wp\/v2\/posts"}],"about":[{"href":"https:\/\/www.mpppst.gob.ve\/mpppstweb\/index.php\/wp-json\/wp\/v2\/types\/post"}],"author":[{"embeddable":true,"href":"https:\/\/www.mpppst.gob.ve\/mpppstweb\/index.php\/wp-json\/wp\/v2\/users\/25"}],"replies":[{"embeddable":true,"href":"https:\/\/www.mpppst.gob.ve\/mpppstweb\/index.php\/wp-json\/wp\/v2\/comments?post=13165"}],"version-history":[{"count":3,"href":"https:\/\/www.mpppst.gob.ve\/mpppstweb\/index.php\/wp-json\/wp\/v2\/posts\/13165\/revisions"}],"predecessor-version":[{"id":13193,"href":"https:\/\/www.mpppst.gob.ve\/mpppstweb\/index.php\/wp-json\/wp\/v2\/posts\/13165\/revisions\/13193"}],"wp:featuredmedia":[{"embeddable":true,"href":"https:\/\/www.mpppst.gob.ve\/mpppstweb\/index.php\/wp-json\/wp\/v2\/media\/13168"}],"wp:attachment":[{"href":"https:\/\/www.mpppst.gob.ve\/mpppstweb\/index.php\/wp-json\/wp\/v2\/media?parent=13165"}],"wp:term":[{"taxonomy":"category","embeddable":true,"href":"https:\/\/www.mpppst.gob.ve\/mpppstweb\/index.php\/wp-json\/wp\/v2\/categories?post=13165"},{"taxonomy":"post_tag","embeddable":true,"href":"https:\/\/www.mpppst.gob.ve\/mpppstweb\/index.php\/wp-json\/wp\/v2\/tags?post=13165"}],"curies":[{"name":"wp","href":"https:\/\/api.w.org\/{rel}","templated":true}]}}