{"id":13170,"date":"2017-11-15T13:27:45","date_gmt":"2017-11-15T17:27:45","guid":{"rendered":"http:\/\/www.mpppst.gob.ve\/mpppstweb\/?p=13170"},"modified":"2017-11-16T13:54:46","modified_gmt":"2017-11-16T17:54:46","slug":"cpt-construiran-agenda-de-accion-para-los-sectores-productivos","status":"publish","type":"post","link":"https:\/\/www.mpppst.gob.ve\/mpppstweb\/index.php\/2017\/11\/15\/cpt-construiran-agenda-de-accion-para-los-sectores-productivos\/","title":{"rendered":"CPT construir\u00e1n agenda de acci\u00f3n para los sectores productivos"},"content":{"rendered":"<p>Caracas, 15 Nov. AVN.- Este martes fue instalado el congreso nacional de los Consejos Productivos de Trabajadores (CPT), instancia que tiene como misi\u00f3n construir una agenda de acci\u00f3n para buscar soluciones a cada sector productivo del pa\u00eds.<br \/>\nEl acto se realiz\u00f3 en Fuerte Tiuna, en Caracas, con la participaci\u00f3n de los representantes de 662 CPT y fue liderado por el presidente de la Rep\u00fablica, Nicol\u00e1s Maduro, quien estuvo acompa\u00f1ado por el vicepresidente Ejecutivo, Tareck El Aissami; el ministro para la Defensa, Vladimir Padrino L\u00f3pez, el ministro para el Proceso Social de Trabajo, N\u00e9stor Ovalles, as\u00ed como el constituyente Wills Rangel, entre otros l\u00edderes sindicales.<br \/>\nEn la jornada, el Presidente llam\u00f3 a los CPT a construir una agenda de acci\u00f3n para buscar soluciones a cada sector productivo del pa\u00eds; anunci\u00f3 la creaci\u00f3n de un plan de formaci\u00f3n y educaci\u00f3n para optimizar todos los procesos productivos en las empresas y tambi\u00e9n inform\u00f3 la activaci\u00f3n de un plan especial para elevar la producci\u00f3n de az\u00facar.<br \/>\nAdem\u00e1s, en la jornada, Maduro pidi\u00f3 a los CPT a trabajar en conjunto con el sistema 0800 Salud, y llam\u00f3 a los trabajadores a presentar un proyecto de reforma de ley de patentes de medicamentos para elevar la producci\u00f3n de medicinas gen\u00e9ricas en el pa\u00eds, uno de los sectores afectados por el contrabando y sabotaje por parte de factores de la derecha internacional.<br \/>\n<strong>Fuerza laboral para la nueva econom\u00eda<\/strong><br \/>\nDurante la instalaci\u00f3n de este congreso, transmitida por VTV, Maduro valor\u00f3 a los CPT como la vanguardia en la construcci\u00f3n de la nueva econom\u00eda productiva, tras el agotamiento del sistema rentista petrolero.<br \/>\n\u00abLos CPT son la columna vertebral del esfuerzo de construcci\u00f3n de la nueva econom\u00eda productiva integrada de la Venezuela potencia. Son ustedes, la columna vertebral de la nueva econom\u00eda socialista productiva, que integra al empresariado privado con el esfuerzo nacional de las empresas sociales\u00bb, dijo.<br \/>\nSe\u00f1al\u00f3 que solos trabajadores pueden hacer una revoluci\u00f3n econ\u00f3mica para satisfacer las necesidades del pueblo. \u00abVenezuela necesita una gran revoluci\u00f3n econ\u00f3mica y los \u00fanicos que pueden darle esa revoluci\u00f3n econ\u00f3mica al pa\u00eds son los trabajadores, trabajadoras, el pueblo, la mujer, el hombre que aman esta patria y que apuestan a seguir invirtiendo en el desarrollo. Venezuela tiene la capacidad productiva para satisfacer las necesidades crecientes de un pueblo que aspira al bienestar y la igualdad\u00bb, enfatiz\u00f3.<br \/>\nEs por ello que consider\u00f3 que para la superaci\u00f3n de las dificultades econ\u00f3micas es necesario fortalecer a la clase obrera y garantizar para ella todos los recursos posibles para estimular la producci\u00f3n nacional.<br \/>\n\u00abSin la clase obrera no hay socialismo y sin socialismo no hay independencia, ni patria ni desarrollo. No hay soluci\u00f3n a los problemas del pa\u00eds sino es a trav\u00e9s de la clase obrera: as\u00ed de sencillo\u00bb, expres\u00f3.<br \/>\nLas propuestas que nazcan del sector obrero, \u00abdeben ser tomadas por la Asamblea Nacional Constituyente hasta convertir toda esta fuerza en una ley constitucional de los Consejos Productivos de Trabajadores\u00bb, pues solo de esta manera \u00abhabr\u00e1 un desarrollo econ\u00f3mico real, verdadero, liderado por quienes asumir\u00e1n las riendas de nuestro presente y futuro\u00bb.<br \/>\n<strong>Programa de formaci\u00f3n socialista<\/strong><br \/>\nPara optimizar la producci\u00f3n en las empresas, Maduro anunci\u00f3 la creaci\u00f3n de \u00abun plan ambicioso de formaci\u00f3n y educaci\u00f3n para la construcci\u00f3n del socialismo\u00bb, que se activar\u00e1 entre la Universidad Militar Bolivariana y la Universidad de los Trabajadores Jes\u00fas Rivero.<br \/>\n\u00abDesde el presidente de la Rep\u00fablica hasta el \u00faltimo de los dirigentes de las empresas tienen que pasar por esa escuela\u00bb, expres\u00f3 Maduro. \u00abVamos a aprender los principios administrativos y contables, productivos y tecnol\u00f3gicos, para aprender educarnos y tener una clase obrera de vanguardia\u00bb.<br \/>\nEl Presidente inform\u00f3 que cada trabajador tiene derecho a acceder a los referentes hist\u00f3ricos de las luchas obreras del mundo, entre ellas la Revoluci\u00f3n Bolchevique.<br \/>\n<strong>Atenci\u00f3n en materia de insumos<\/strong><br \/>\nEl jefe de Estado instruy\u00f3 a los ministros Padrino L\u00f3pez y Ovalles con la finalidad de atender las demandas de importaci\u00f3n de 700 empresas industriales y agroindustriales, con el fin de facilitar el acceso a la materia prima y elevar la producci\u00f3n en el pa\u00eds, a trav\u00e9s de las alianzas con las que cuenta el pa\u00eds con Rusia, Ir\u00e1n e India.<\/p>\n","protected":false},"excerpt":{"rendered":"<p>Caracas, 15 Nov. AVN.- Este martes fue instalado el congreso nacional de los Consejos Productivos de &hellip; <a title=\"CPT construir\u00e1n agenda de acci\u00f3n para los sectores productivos\" class=\"hm-read-more\" href=\"https:\/\/www.mpppst.gob.ve\/mpppstweb\/index.php\/2017\/11\/15\/cpt-construiran-agenda-de-accion-para-los-sectores-productivos\/\"><span class=\"screen-reader-text\">CPT construir\u00e1n agenda de acci\u00f3n para los sectores productivos<\/span>Read more<\/a><\/p>\n","protected":false},"author":25,"featured_media":13171,"comment_status":"closed","ping_status":"closed","sticky":false,"template":"","format":"standard","meta":{"footnotes":""},"categories":[82,163,84],"tags":[],"yoast_head":"<!-- This site is optimized with the Yoast SEO plugin v22.5 - https:\/\/yoast.com\/wordpress\/plugins\/seo\/ -->\n<title>CPT construir\u00e1n agenda de acci\u00f3n para los sectores productivos - MPPPST<\/title>\n<meta name=\"robots\" content=\"index, follow, max-snippet:-1, max-image-preview:large, max-video-preview:-1\" \/>\n<link rel=\"canonical\" href=\"https:\/\/www.mpppst.gob.ve\/mpppstweb\/index.php\/2017\/11\/15\/cpt-construiran-agenda-de-accion-para-los-sectores-productivos\/\" \/>\n<meta property=\"og:locale\" content=\"es_ES\" \/>\n<meta property=\"og:type\" content=\"article\" \/>\n<meta property=\"og:title\" content=\"CPT construir\u00e1n agenda de acci\u00f3n para los sectores productivos - MPPPST\" \/>\n<meta property=\"og:description\" content=\"Caracas, 15 Nov. AVN.- Este martes fue instalado el congreso nacional de los Consejos Productivos de &hellip; CPT construir\u00e1n agenda de acci\u00f3n para los sectores productivosRead more\" \/>\n<meta property=\"og:url\" content=\"https:\/\/www.mpppst.gob.ve\/mpppstweb\/index.php\/2017\/11\/15\/cpt-construiran-agenda-de-accion-para-los-sectores-productivos\/\" \/>\n<meta property=\"og:site_name\" content=\"MPPPST\" \/>\n<meta property=\"article:published_time\" content=\"2017-11-15T17:27:45+00:00\" \/>\n<meta property=\"article:modified_time\" content=\"2017-11-16T17:54:46+00:00\" \/>\n<meta property=\"og:image\" content=\"https:\/\/www.mpppst.gob.ve\/mpppstweb\/wp-content\/uploads\/2017\/11\/Congreso-de-los-CPT.jpg\" \/>\n\t<meta property=\"og:image:width\" content=\"800\" \/>\n\t<meta property=\"og:image:height\" content=\"445\" \/>\n\t<meta property=\"og:image:type\" content=\"image\/jpeg\" \/>\n<meta name=\"author\" content=\"MPPPST Prensa\" \/>\n<meta name=\"twitter:card\" content=\"summary_large_image\" \/>\n<meta name=\"twitter:label1\" content=\"Escrito por\" \/>\n\t<meta name=\"twitter:data1\" content=\"MPPPST Prensa\" \/>\n\t<meta name=\"twitter:label2\" content=\"Tiempo de lectura\" \/>\n\t<meta name=\"twitter:data2\" content=\"4 minutos\" \/>\n<script type=\"application\/ld+json\" class=\"yoast-schema-graph\">{\"@context\":\"https:\/\/schema.org\",\"@graph\":[{\"@type\":\"Article\",\"@id\":\"https:\/\/www.mpppst.gob.ve\/mpppstweb\/index.php\/2017\/11\/15\/cpt-construiran-agenda-de-accion-para-los-sectores-productivos\/#article\",\"isPartOf\":{\"@id\":\"https:\/\/www.mpppst.gob.ve\/mpppstweb\/index.php\/2017\/11\/15\/cpt-construiran-agenda-de-accion-para-los-sectores-productivos\/\"},\"author\":{\"name\":\"MPPPST Prensa\",\"@id\":\"https:\/\/www.mpppst.gob.ve\/mpppstweb\/#\/schema\/person\/fc187ee8ead412bd4c9304b62f900ea4\"},\"headline\":\"CPT construir\u00e1n agenda de acci\u00f3n para los sectores productivos\",\"datePublished\":\"2017-11-15T17:27:45+00:00\",\"dateModified\":\"2017-11-16T17:54:46+00:00\",\"mainEntityOfPage\":{\"@id\":\"https:\/\/www.mpppst.gob.ve\/mpppstweb\/index.php\/2017\/11\/15\/cpt-construiran-agenda-de-accion-para-los-sectores-productivos\/\"},\"wordCount\":758,\"publisher\":{\"@id\":\"https:\/\/www.mpppst.gob.ve\/mpppstweb\/#organization\"},\"image\":{\"@id\":\"https:\/\/www.mpppst.gob.ve\/mpppstweb\/index.php\/2017\/11\/15\/cpt-construiran-agenda-de-accion-para-los-sectores-productivos\/#primaryimage\"},\"thumbnailUrl\":\"https:\/\/www.mpppst.gob.ve\/mpppstweb\/wp-content\/uploads\/2017\/11\/Congreso-de-los-CPT.jpg\",\"articleSection\":[\"Gobierno Nacional\",\"Noticias\",\"Vida Laboral y Sindical\"],\"inLanguage\":\"es\"},{\"@type\":\"WebPage\",\"@id\":\"https:\/\/www.mpppst.gob.ve\/mpppstweb\/index.php\/2017\/11\/15\/cpt-construiran-agenda-de-accion-para-los-sectores-productivos\/\",\"url\":\"https:\/\/www.mpppst.gob.ve\/mpppstweb\/index.php\/2017\/11\/15\/cpt-construiran-agenda-de-accion-para-los-sectores-productivos\/\",\"name\":\"CPT construir\u00e1n agenda de acci\u00f3n para los sectores productivos - MPPPST\",\"isPartOf\":{\"@id\":\"https:\/\/www.mpppst.gob.ve\/mpppstweb\/#website\"},\"primaryImageOfPage\":{\"@id\":\"https:\/\/www.mpppst.gob.ve\/mpppstweb\/index.php\/2017\/11\/15\/cpt-construiran-agenda-de-accion-para-los-sectores-productivos\/#primaryimage\"},\"image\":{\"@id\":\"https:\/\/www.mpppst.gob.ve\/mpppstweb\/index.php\/2017\/11\/15\/cpt-construiran-agenda-de-accion-para-los-sectores-productivos\/#primaryimage\"},\"thumbnailUrl\":\"https:\/\/www.mpppst.gob.ve\/mpppstweb\/wp-content\/uploads\/2017\/11\/Congreso-de-los-CPT.jpg\",\"datePublished\":\"2017-11-15T17:27:45+00:00\",\"dateModified\":\"2017-11-16T17:54:46+00:00\",\"breadcrumb\":{\"@id\":\"https:\/\/www.mpppst.gob.ve\/mpppstweb\/index.php\/2017\/11\/15\/cpt-construiran-agenda-de-accion-para-los-sectores-productivos\/#breadcrumb\"},\"inLanguage\":\"es\",\"potentialAction\":[{\"@type\":\"ReadAction\",\"target\":[\"https:\/\/www.mpppst.gob.ve\/mpppstweb\/index.php\/2017\/11\/15\/cpt-construiran-agenda-de-accion-para-los-sectores-productivos\/\"]}]},{\"@type\":\"ImageObject\",\"inLanguage\":\"es\",\"@id\":\"https:\/\/www.mpppst.gob.ve\/mpppstweb\/index.php\/2017\/11\/15\/cpt-construiran-agenda-de-accion-para-los-sectores-productivos\/#primaryimage\",\"url\":\"https:\/\/www.mpppst.gob.ve\/mpppstweb\/wp-content\/uploads\/2017\/11\/Congreso-de-los-CPT.jpg\",\"contentUrl\":\"https:\/\/www.mpppst.gob.ve\/mpppstweb\/wp-content\/uploads\/2017\/11\/Congreso-de-los-CPT.jpg\",\"width\":800,\"height\":445},{\"@type\":\"BreadcrumbList\",\"@id\":\"https:\/\/www.mpppst.gob.ve\/mpppstweb\/index.php\/2017\/11\/15\/cpt-construiran-agenda-de-accion-para-los-sectores-productivos\/#breadcrumb\",\"itemListElement\":[{\"@type\":\"ListItem\",\"position\":1,\"name\":\"Home\",\"item\":\"https:\/\/www.mpppst.gob.ve\/mpppstweb\/\"},{\"@type\":\"ListItem\",\"position\":2,\"name\":\"CPT construir\u00e1n agenda de acci\u00f3n para los sectores productivos\"}]},{\"@type\":\"WebSite\",\"@id\":\"https:\/\/www.mpppst.gob.ve\/mpppstweb\/#website\",\"url\":\"https:\/\/www.mpppst.gob.ve\/mpppstweb\/\",\"name\":\"MPPPST\",\"description\":\"Ministerio del Poder Popular para el Proceso Social de Trabajo\",\"publisher\":{\"@id\":\"https:\/\/www.mpppst.gob.ve\/mpppstweb\/#organization\"},\"potentialAction\":[{\"@type\":\"SearchAction\",\"target\":{\"@type\":\"EntryPoint\",\"urlTemplate\":\"https:\/\/www.mpppst.gob.ve\/mpppstweb\/?s={search_term_string}\"},\"query-input\":\"required name=search_term_string\"}],\"inLanguage\":\"es\"},{\"@type\":\"Organization\",\"@id\":\"https:\/\/www.mpppst.gob.ve\/mpppstweb\/#organization\",\"name\":\"mpppst\",\"url\":\"https:\/\/www.mpppst.gob.ve\/mpppstweb\/\",\"logo\":{\"@type\":\"ImageObject\",\"inLanguage\":\"es\",\"@id\":\"https:\/\/www.mpppst.gob.ve\/mpppstweb\/#\/schema\/logo\/image\/\",\"url\":\"https:\/\/www.mpppst.gob.ve\/mpppstweb\/wp-content\/uploads\/2025\/07\/cropped-cropped-g910.png\",\"contentUrl\":\"https:\/\/www.mpppst.gob.ve\/mpppstweb\/wp-content\/uploads\/2025\/07\/cropped-cropped-g910.png\",\"width\":1080,\"height\":241,\"caption\":\"mpppst\"},\"image\":{\"@id\":\"https:\/\/www.mpppst.gob.ve\/mpppstweb\/#\/schema\/logo\/image\/\"}},{\"@type\":\"Person\",\"@id\":\"https:\/\/www.mpppst.gob.ve\/mpppstweb\/#\/schema\/person\/fc187ee8ead412bd4c9304b62f900ea4\",\"name\":\"MPPPST Prensa\",\"url\":\"https:\/\/www.mpppst.gob.ve\/mpppstweb\/index.php\/author\/prensa-mpppst\/\"}]}<\/script>\n<!-- \/ Yoast SEO plugin. -->","yoast_head_json":{"title":"CPT construir\u00e1n agenda de acci\u00f3n para los sectores productivos - MPPPST","robots":{"index":"index","follow":"follow","max-snippet":"max-snippet:-1","max-image-preview":"max-image-preview:large","max-video-preview":"max-video-preview:-1"},"canonical":"https:\/\/www.mpppst.gob.ve\/mpppstweb\/index.php\/2017\/11\/15\/cpt-construiran-agenda-de-accion-para-los-sectores-productivos\/","og_locale":"es_ES","og_type":"article","og_title":"CPT construir\u00e1n agenda de acci\u00f3n para los sectores productivos - MPPPST","og_description":"Caracas, 15 Nov. AVN.- Este martes fue instalado el congreso nacional de los Consejos Productivos de &hellip; CPT construir\u00e1n agenda de acci\u00f3n para los sectores productivosRead more","og_url":"https:\/\/www.mpppst.gob.ve\/mpppstweb\/index.php\/2017\/11\/15\/cpt-construiran-agenda-de-accion-para-los-sectores-productivos\/","og_site_name":"MPPPST","article_published_time":"2017-11-15T17:27:45+00:00","article_modified_time":"2017-11-16T17:54:46+00:00","og_image":[{"width":800,"height":445,"url":"https:\/\/www.mpppst.gob.ve\/mpppstweb\/wp-content\/uploads\/2017\/11\/Congreso-de-los-CPT.jpg","type":"image\/jpeg"}],"author":"MPPPST Prensa","twitter_card":"summary_large_image","twitter_misc":{"Escrito por":"MPPPST Prensa","Tiempo de lectura":"4 minutos"},"schema":{"@context":"https:\/\/schema.org","@graph":[{"@type":"Article","@id":"https:\/\/www.mpppst.gob.ve\/mpppstweb\/index.php\/2017\/11\/15\/cpt-construiran-agenda-de-accion-para-los-sectores-productivos\/#article","isPartOf":{"@id":"https:\/\/www.mpppst.gob.ve\/mpppstweb\/index.php\/2017\/11\/15\/cpt-construiran-agenda-de-accion-para-los-sectores-productivos\/"},"author":{"name":"MPPPST Prensa","@id":"https:\/\/www.mpppst.gob.ve\/mpppstweb\/#\/schema\/person\/fc187ee8ead412bd4c9304b62f900ea4"},"headline":"CPT construir\u00e1n agenda de acci\u00f3n para los sectores productivos","datePublished":"2017-11-15T17:27:45+00:00","dateModified":"2017-11-16T17:54:46+00:00","mainEntityOfPage":{"@id":"https:\/\/www.mpppst.gob.ve\/mpppstweb\/index.php\/2017\/11\/15\/cpt-construiran-agenda-de-accion-para-los-sectores-productivos\/"},"wordCount":758,"publisher":{"@id":"https:\/\/www.mpppst.gob.ve\/mpppstweb\/#organization"},"image":{"@id":"https:\/\/www.mpppst.gob.ve\/mpppstweb\/index.php\/2017\/11\/15\/cpt-construiran-agenda-de-accion-para-los-sectores-productivos\/#primaryimage"},"thumbnailUrl":"https:\/\/www.mpppst.gob.ve\/mpppstweb\/wp-content\/uploads\/2017\/11\/Congreso-de-los-CPT.jpg","articleSection":["Gobierno Nacional","Noticias","Vida Laboral y Sindical"],"inLanguage":"es"},{"@type":"WebPage","@id":"https:\/\/www.mpppst.gob.ve\/mpppstweb\/index.php\/2017\/11\/15\/cpt-construiran-agenda-de-accion-para-los-sectores-productivos\/","url":"https:\/\/www.mpppst.gob.ve\/mpppstweb\/index.php\/2017\/11\/15\/cpt-construiran-agenda-de-accion-para-los-sectores-productivos\/","name":"CPT construir\u00e1n agenda de acci\u00f3n para los sectores productivos - MPPPST","isPartOf":{"@id":"https:\/\/www.mpppst.gob.ve\/mpppstweb\/#website"},"primaryImageOfPage":{"@id":"https:\/\/www.mpppst.gob.ve\/mpppstweb\/index.php\/2017\/11\/15\/cpt-construiran-agenda-de-accion-para-los-sectores-productivos\/#primaryimage"},"image":{"@id":"https:\/\/www.mpppst.gob.ve\/mpppstweb\/index.php\/2017\/11\/15\/cpt-construiran-agenda-de-accion-para-los-sectores-productivos\/#primaryimage"},"thumbnailUrl":"https:\/\/www.mpppst.gob.ve\/mpppstweb\/wp-content\/uploads\/2017\/11\/Congreso-de-los-CPT.jpg","datePublished":"2017-11-15T17:27:45+00:00","dateModified":"2017-11-16T17:54:46+00:00","breadcrumb":{"@id":"https:\/\/www.mpppst.gob.ve\/mpppstweb\/index.php\/2017\/11\/15\/cpt-construiran-agenda-de-accion-para-los-sectores-productivos\/#breadcrumb"},"inLanguage":"es","potentialAction":[{"@type":"ReadAction","target":["https:\/\/www.mpppst.gob.ve\/mpppstweb\/index.php\/2017\/11\/15\/cpt-construiran-agenda-de-accion-para-los-sectores-productivos\/"]}]},{"@type":"ImageObject","inLanguage":"es","@id":"https:\/\/www.mpppst.gob.ve\/mpppstweb\/index.php\/2017\/11\/15\/cpt-construiran-agenda-de-accion-para-los-sectores-productivos\/#primaryimage","url":"https:\/\/www.mpppst.gob.ve\/mpppstweb\/wp-content\/uploads\/2017\/11\/Congreso-de-los-CPT.jpg","contentUrl":"https:\/\/www.mpppst.gob.ve\/mpppstweb\/wp-content\/uploads\/2017\/11\/Congreso-de-los-CPT.jpg","width":800,"height":445},{"@type":"BreadcrumbList","@id":"https:\/\/www.mpppst.gob.ve\/mpppstweb\/index.php\/2017\/11\/15\/cpt-construiran-agenda-de-accion-para-los-sectores-productivos\/#breadcrumb","itemListElement":[{"@type":"ListItem","position":1,"name":"Home","item":"https:\/\/www.mpppst.gob.ve\/mpppstweb\/"},{"@type":"ListItem","position":2,"name":"CPT construir\u00e1n agenda de acci\u00f3n para los sectores productivos"}]},{"@type":"WebSite","@id":"https:\/\/www.mpppst.gob.ve\/mpppstweb\/#website","url":"https:\/\/www.mpppst.gob.ve\/mpppstweb\/","name":"MPPPST","description":"Ministerio del Poder Popular para el Proceso Social de Trabajo","publisher":{"@id":"https:\/\/www.mpppst.gob.ve\/mpppstweb\/#organization"},"potentialAction":[{"@type":"SearchAction","target":{"@type":"EntryPoint","urlTemplate":"https:\/\/www.mpppst.gob.ve\/mpppstweb\/?s={search_term_string}"},"query-input":"required name=search_term_string"}],"inLanguage":"es"},{"@type":"Organization","@id":"https:\/\/www.mpppst.gob.ve\/mpppstweb\/#organization","name":"mpppst","url":"https:\/\/www.mpppst.gob.ve\/mpppstweb\/","logo":{"@type":"ImageObject","inLanguage":"es","@id":"https:\/\/www.mpppst.gob.ve\/mpppstweb\/#\/schema\/logo\/image\/","url":"https:\/\/www.mpppst.gob.ve\/mpppstweb\/wp-content\/uploads\/2025\/07\/cropped-cropped-g910.png","contentUrl":"https:\/\/www.mpppst.gob.ve\/mpppstweb\/wp-content\/uploads\/2025\/07\/cropped-cropped-g910.png","width":1080,"height":241,"caption":"mpppst"},"image":{"@id":"https:\/\/www.mpppst.gob.ve\/mpppstweb\/#\/schema\/logo\/image\/"}},{"@type":"Person","@id":"https:\/\/www.mpppst.gob.ve\/mpppstweb\/#\/schema\/person\/fc187ee8ead412bd4c9304b62f900ea4","name":"MPPPST Prensa","url":"https:\/\/www.mpppst.gob.ve\/mpppstweb\/index.php\/author\/prensa-mpppst\/"}]}},"_links":{"self":[{"href":"https:\/\/www.mpppst.gob.ve\/mpppstweb\/index.php\/wp-json\/wp\/v2\/posts\/13170"}],"collection":[{"href":"https:\/\/www.mpppst.gob.ve\/mpppstweb\/index.php\/wp-json\/wp\/v2\/posts"}],"about":[{"href":"https:\/\/www.mpppst.gob.ve\/mpppstweb\/index.php\/wp-json\/wp\/v2\/types\/post"}],"author":[{"embeddable":true,"href":"https:\/\/www.mpppst.gob.ve\/mpppstweb\/index.php\/wp-json\/wp\/v2\/users\/25"}],"replies":[{"embeddable":true,"href":"https:\/\/www.mpppst.gob.ve\/mpppstweb\/index.php\/wp-json\/wp\/v2\/comments?post=13170"}],"version-history":[{"count":1,"href":"https:\/\/www.mpppst.gob.ve\/mpppstweb\/index.php\/wp-json\/wp\/v2\/posts\/13170\/revisions"}],"predecessor-version":[{"id":13172,"href":"https:\/\/www.mpppst.gob.ve\/mpppstweb\/index.php\/wp-json\/wp\/v2\/posts\/13170\/revisions\/13172"}],"wp:featuredmedia":[{"embeddable":true,"href":"https:\/\/www.mpppst.gob.ve\/mpppstweb\/index.php\/wp-json\/wp\/v2\/media\/13171"}],"wp:attachment":[{"href":"https:\/\/www.mpppst.gob.ve\/mpppstweb\/index.php\/wp-json\/wp\/v2\/media?parent=13170"}],"wp:term":[{"taxonomy":"category","embeddable":true,"href":"https:\/\/www.mpppst.gob.ve\/mpppstweb\/index.php\/wp-json\/wp\/v2\/categories?post=13170"},{"taxonomy":"post_tag","embeddable":true,"href":"https:\/\/www.mpppst.gob.ve\/mpppstweb\/index.php\/wp-json\/wp\/v2\/tags?post=13170"}],"curies":[{"name":"wp","href":"https:\/\/api.w.org\/{rel}","templated":true}]}}