{"id":13177,"date":"2017-11-15T19:09:37","date_gmt":"2017-11-15T23:09:37","guid":{"rendered":"http:\/\/www.mpppst.gob.ve\/mpppstweb\/?p=13177"},"modified":"2017-11-17T15:03:30","modified_gmt":"2017-11-17T19:03:30","slug":"clase-obrera-realizara-la-agenda-de-decisiones-y-soluciones-para-cada-uno-de-los-sectores-de-los-cpt","status":"publish","type":"post","link":"https:\/\/www.mpppst.gob.ve\/mpppstweb\/index.php\/2017\/11\/15\/clase-obrera-realizara-la-agenda-de-decisiones-y-soluciones-para-cada-uno-de-los-sectores-de-los-cpt\/","title":{"rendered":"Clase Obrera tomar\u00e1 decisiones y plantear\u00e1 soluciones en materia productiva"},"content":{"rendered":"<p>Marbelys Mav\u00e1rez Laguna<br \/>\nEn el marco del Primer Congreso de los Consejos Productivos de Trabajadores (CPT), el Presidente de la Rep\u00fablica, Nicol\u00e1s Maduro Moros, solicit\u00f3 al ministro del Poder Popular para el Proceso Social de Trabajo, N\u00e9stor Ovalles, realizar de forma conjunta con la clase obrera del pa\u00eds y con los miembros de los CPT organizar \u201cuna agenda de decisiones y soluciones para cada uno de los sectores presentes en este Congreso, decisiones en el campo del az\u00facar, del arroz, de la carne, de la leche, del sector textil, farmac\u00e9utico, de la industria pesada, sector por sector. Esto es un trabajo diario. El pa\u00eds necesita soluciones concretas\u201d, dijo al tiempo que agregaba la imperiosa necesidad de que el Congreso de los CPT cuente con dos dimensiones: en lo sectorial (que se encargar\u00eda de discutir la agenda de acciones) y en lo estatal: desplegado en los 23 estados del pa\u00eds y en el Distrito Capital para elegir los miembros de la referida estructura.<br \/>\nUno de los anuncios significativos realizados por el Primer Mandatario Nacional fue el relativo a la creaci\u00f3n de la Micro Misi\u00f3n Productiva del Sector Az\u00facar. Y en tal sentido puso de manifiesto a los trabajadores del sector az\u00facar que cuentan con toda la tierra, todas las hect\u00e1reas, toda la maquinaria, todos los recursos en bol\u00edvares y en d\u00f3lares para el plan especial de multiplicaci\u00f3n y aceleraci\u00f3n productiva de este rubro.<br \/>\nAsimismo, una de las ideas esbozadas por el Presidente fue que \u201clos CPT son la columna vertebral de la nueva econom\u00eda socialista. Me pongo al frente de la construcci\u00f3n de este socialismo productivo\u201d y solicit\u00f3 que se incorporara a los CPT en la Comisi\u00f3n de Precios Acordados de manera inmediata y que se constituya una instancia nacional de coordinaci\u00f3n y que en este periodo de 15 d\u00edas elijan una estructura nacional de coordinaci\u00f3n y liderazgo de los CPT.<\/p>\n<p><strong>\u00a1Resultados concretos!<\/strong><br \/>\nUno de los exhortos realizados por el Presidente Maduro fue que \u201clos CPT deben ir dando resultados y propuestas, primero, hacia la ANC\u201d. En esta t\u00f3nica solicit\u00f3 \u00abelegir una comisi\u00f3n de trabajo para que se re\u00fanan con los constituyentes obreros y la Junta Directiva en pleno y decidamos todas las leyes que hay que crear y reformar de inmediato\u00bb.<br \/>\nAdem\u00e1s, pidi\u00f3 identificar las necesidades de materia prima existentes en las 700 empresas, dentro del marco de la Agenda Econ\u00f3mica y la Gran Misi\u00f3n Abastecimiento Soberano. La finalidad es dar respuesta a tales necesidades con la inversi\u00f3n que el Estado venezolano realizar\u00e1 con pa\u00edses como Rusia, Ir\u00e1n y la India.<br \/>\nFinalmente, propuso como idea medular en el caso de los CPT que transiten por un plan ambicioso de formaci\u00f3n, educaci\u00f3n para la construcci\u00f3n del socialismo entre la Universidad Militar Bolivariana, en los cuarteles, las academias, escuelas militares y la Universidad de los Trabajadores Jes\u00fas Rivero. Todos, desde el presidente Nicol\u00e1s Maduro, ministros, hasta el dirigente de la \u00faltima f\u00e1brica, deben pasar por esa escuela para aprender los valores y principios del socialismo, de la historia de 100 a\u00f1os, los principios contables, tecnol\u00f3gicos, para utilizar los procesos productivos, distributivos, educarnos y tener una clase obrera de vanguardia.<\/p>\n<p>&nbsp;<\/p>\n","protected":false},"excerpt":{"rendered":"<p>Marbelys Mav\u00e1rez Laguna En el marco del Primer Congreso de los Consejos Productivos de Trabajadores (CPT), &hellip; <a title=\"Clase Obrera tomar\u00e1 decisiones y plantear\u00e1 soluciones en materia productiva\" class=\"hm-read-more\" href=\"https:\/\/www.mpppst.gob.ve\/mpppstweb\/index.php\/2017\/11\/15\/clase-obrera-realizara-la-agenda-de-decisiones-y-soluciones-para-cada-uno-de-los-sectores-de-los-cpt\/\"><span class=\"screen-reader-text\">Clase Obrera tomar\u00e1 decisiones y plantear\u00e1 soluciones en materia productiva<\/span>Read more<\/a><\/p>\n","protected":false},"author":25,"featured_media":13178,"comment_status":"closed","ping_status":"closed","sticky":false,"template":"","format":"standard","meta":{"footnotes":""},"categories":[82,163],"tags":[],"yoast_head":"<!-- This site is optimized with the Yoast SEO plugin v22.5 - https:\/\/yoast.com\/wordpress\/plugins\/seo\/ -->\n<title>Clase Obrera tomar\u00e1 decisiones y plantear\u00e1 soluciones en materia productiva - MPPPST<\/title>\n<meta name=\"robots\" content=\"index, follow, max-snippet:-1, max-image-preview:large, max-video-preview:-1\" \/>\n<link rel=\"canonical\" href=\"https:\/\/www.mpppst.gob.ve\/mpppstweb\/index.php\/2017\/11\/15\/clase-obrera-realizara-la-agenda-de-decisiones-y-soluciones-para-cada-uno-de-los-sectores-de-los-cpt\/\" \/>\n<meta property=\"og:locale\" content=\"es_ES\" \/>\n<meta property=\"og:type\" content=\"article\" \/>\n<meta property=\"og:title\" content=\"Clase Obrera tomar\u00e1 decisiones y plantear\u00e1 soluciones en materia productiva - MPPPST\" \/>\n<meta property=\"og:description\" content=\"Marbelys Mav\u00e1rez Laguna En el marco del Primer Congreso de los Consejos Productivos de Trabajadores (CPT), &hellip; Clase Obrera tomar\u00e1 decisiones y plantear\u00e1 soluciones en materia productivaRead more\" \/>\n<meta property=\"og:url\" content=\"https:\/\/www.mpppst.gob.ve\/mpppstweb\/index.php\/2017\/11\/15\/clase-obrera-realizara-la-agenda-de-decisiones-y-soluciones-para-cada-uno-de-los-sectores-de-los-cpt\/\" \/>\n<meta property=\"og:site_name\" content=\"MPPPST\" \/>\n<meta property=\"article:published_time\" content=\"2017-11-15T23:09:37+00:00\" \/>\n<meta property=\"article:modified_time\" content=\"2017-11-17T19:03:30+00:00\" \/>\n<meta property=\"og:image\" content=\"https:\/\/www.mpppst.gob.ve\/mpppstweb\/wp-content\/uploads\/2017\/11\/CPT-REALIZAR\u00c1N-AGENDA-DE-ACCIONES-Y-DECISIONES.jpg\" \/>\n\t<meta property=\"og:image:width\" content=\"800\" \/>\n\t<meta property=\"og:image:height\" content=\"445\" \/>\n\t<meta property=\"og:image:type\" content=\"image\/jpeg\" \/>\n<meta name=\"author\" content=\"MPPPST Prensa\" \/>\n<meta name=\"twitter:card\" content=\"summary_large_image\" \/>\n<meta name=\"twitter:label1\" content=\"Escrito por\" \/>\n\t<meta name=\"twitter:data1\" content=\"MPPPST Prensa\" \/>\n\t<meta name=\"twitter:label2\" content=\"Tiempo de lectura\" \/>\n\t<meta name=\"twitter:data2\" content=\"3 minutos\" \/>\n<script type=\"application\/ld+json\" class=\"yoast-schema-graph\">{\"@context\":\"https:\/\/schema.org\",\"@graph\":[{\"@type\":\"Article\",\"@id\":\"https:\/\/www.mpppst.gob.ve\/mpppstweb\/index.php\/2017\/11\/15\/clase-obrera-realizara-la-agenda-de-decisiones-y-soluciones-para-cada-uno-de-los-sectores-de-los-cpt\/#article\",\"isPartOf\":{\"@id\":\"https:\/\/www.mpppst.gob.ve\/mpppstweb\/index.php\/2017\/11\/15\/clase-obrera-realizara-la-agenda-de-decisiones-y-soluciones-para-cada-uno-de-los-sectores-de-los-cpt\/\"},\"author\":{\"name\":\"MPPPST Prensa\",\"@id\":\"https:\/\/www.mpppst.gob.ve\/mpppstweb\/#\/schema\/person\/fc187ee8ead412bd4c9304b62f900ea4\"},\"headline\":\"Clase Obrera tomar\u00e1 decisiones y plantear\u00e1 soluciones en materia productiva\",\"datePublished\":\"2017-11-15T23:09:37+00:00\",\"dateModified\":\"2017-11-17T19:03:30+00:00\",\"mainEntityOfPage\":{\"@id\":\"https:\/\/www.mpppst.gob.ve\/mpppstweb\/index.php\/2017\/11\/15\/clase-obrera-realizara-la-agenda-de-decisiones-y-soluciones-para-cada-uno-de-los-sectores-de-los-cpt\/\"},\"wordCount\":566,\"publisher\":{\"@id\":\"https:\/\/www.mpppst.gob.ve\/mpppstweb\/#organization\"},\"image\":{\"@id\":\"https:\/\/www.mpppst.gob.ve\/mpppstweb\/index.php\/2017\/11\/15\/clase-obrera-realizara-la-agenda-de-decisiones-y-soluciones-para-cada-uno-de-los-sectores-de-los-cpt\/#primaryimage\"},\"thumbnailUrl\":\"https:\/\/www.mpppst.gob.ve\/mpppstweb\/wp-content\/uploads\/2017\/11\/CPT-REALIZAR\u00c1N-AGENDA-DE-ACCIONES-Y-DECISIONES.jpg\",\"articleSection\":[\"Gobierno Nacional\",\"Noticias\"],\"inLanguage\":\"es\"},{\"@type\":\"WebPage\",\"@id\":\"https:\/\/www.mpppst.gob.ve\/mpppstweb\/index.php\/2017\/11\/15\/clase-obrera-realizara-la-agenda-de-decisiones-y-soluciones-para-cada-uno-de-los-sectores-de-los-cpt\/\",\"url\":\"https:\/\/www.mpppst.gob.ve\/mpppstweb\/index.php\/2017\/11\/15\/clase-obrera-realizara-la-agenda-de-decisiones-y-soluciones-para-cada-uno-de-los-sectores-de-los-cpt\/\",\"name\":\"Clase Obrera tomar\u00e1 decisiones y plantear\u00e1 soluciones en materia productiva - MPPPST\",\"isPartOf\":{\"@id\":\"https:\/\/www.mpppst.gob.ve\/mpppstweb\/#website\"},\"primaryImageOfPage\":{\"@id\":\"https:\/\/www.mpppst.gob.ve\/mpppstweb\/index.php\/2017\/11\/15\/clase-obrera-realizara-la-agenda-de-decisiones-y-soluciones-para-cada-uno-de-los-sectores-de-los-cpt\/#primaryimage\"},\"image\":{\"@id\":\"https:\/\/www.mpppst.gob.ve\/mpppstweb\/index.php\/2017\/11\/15\/clase-obrera-realizara-la-agenda-de-decisiones-y-soluciones-para-cada-uno-de-los-sectores-de-los-cpt\/#primaryimage\"},\"thumbnailUrl\":\"https:\/\/www.mpppst.gob.ve\/mpppstweb\/wp-content\/uploads\/2017\/11\/CPT-REALIZAR\u00c1N-AGENDA-DE-ACCIONES-Y-DECISIONES.jpg\",\"datePublished\":\"2017-11-15T23:09:37+00:00\",\"dateModified\":\"2017-11-17T19:03:30+00:00\",\"breadcrumb\":{\"@id\":\"https:\/\/www.mpppst.gob.ve\/mpppstweb\/index.php\/2017\/11\/15\/clase-obrera-realizara-la-agenda-de-decisiones-y-soluciones-para-cada-uno-de-los-sectores-de-los-cpt\/#breadcrumb\"},\"inLanguage\":\"es\",\"potentialAction\":[{\"@type\":\"ReadAction\",\"target\":[\"https:\/\/www.mpppst.gob.ve\/mpppstweb\/index.php\/2017\/11\/15\/clase-obrera-realizara-la-agenda-de-decisiones-y-soluciones-para-cada-uno-de-los-sectores-de-los-cpt\/\"]}]},{\"@type\":\"ImageObject\",\"inLanguage\":\"es\",\"@id\":\"https:\/\/www.mpppst.gob.ve\/mpppstweb\/index.php\/2017\/11\/15\/clase-obrera-realizara-la-agenda-de-decisiones-y-soluciones-para-cada-uno-de-los-sectores-de-los-cpt\/#primaryimage\",\"url\":\"https:\/\/www.mpppst.gob.ve\/mpppstweb\/wp-content\/uploads\/2017\/11\/CPT-REALIZAR\u00c1N-AGENDA-DE-ACCIONES-Y-DECISIONES.jpg\",\"contentUrl\":\"https:\/\/www.mpppst.gob.ve\/mpppstweb\/wp-content\/uploads\/2017\/11\/CPT-REALIZAR\u00c1N-AGENDA-DE-ACCIONES-Y-DECISIONES.jpg\",\"width\":800,\"height\":445},{\"@type\":\"BreadcrumbList\",\"@id\":\"https:\/\/www.mpppst.gob.ve\/mpppstweb\/index.php\/2017\/11\/15\/clase-obrera-realizara-la-agenda-de-decisiones-y-soluciones-para-cada-uno-de-los-sectores-de-los-cpt\/#breadcrumb\",\"itemListElement\":[{\"@type\":\"ListItem\",\"position\":1,\"name\":\"Home\",\"item\":\"https:\/\/www.mpppst.gob.ve\/mpppstweb\/\"},{\"@type\":\"ListItem\",\"position\":2,\"name\":\"Clase Obrera tomar\u00e1 decisiones y plantear\u00e1 soluciones en materia productiva\"}]},{\"@type\":\"WebSite\",\"@id\":\"https:\/\/www.mpppst.gob.ve\/mpppstweb\/#website\",\"url\":\"https:\/\/www.mpppst.gob.ve\/mpppstweb\/\",\"name\":\"MPPPST\",\"description\":\"Ministerio del Poder Popular para el Proceso Social de Trabajo\",\"publisher\":{\"@id\":\"https:\/\/www.mpppst.gob.ve\/mpppstweb\/#organization\"},\"potentialAction\":[{\"@type\":\"SearchAction\",\"target\":{\"@type\":\"EntryPoint\",\"urlTemplate\":\"https:\/\/www.mpppst.gob.ve\/mpppstweb\/?s={search_term_string}\"},\"query-input\":\"required name=search_term_string\"}],\"inLanguage\":\"es\"},{\"@type\":\"Organization\",\"@id\":\"https:\/\/www.mpppst.gob.ve\/mpppstweb\/#organization\",\"name\":\"mpppst\",\"url\":\"https:\/\/www.mpppst.gob.ve\/mpppstweb\/\",\"logo\":{\"@type\":\"ImageObject\",\"inLanguage\":\"es\",\"@id\":\"https:\/\/www.mpppst.gob.ve\/mpppstweb\/#\/schema\/logo\/image\/\",\"url\":\"https:\/\/www.mpppst.gob.ve\/mpppstweb\/wp-content\/uploads\/2025\/07\/cropped-cropped-g910.png\",\"contentUrl\":\"https:\/\/www.mpppst.gob.ve\/mpppstweb\/wp-content\/uploads\/2025\/07\/cropped-cropped-g910.png\",\"width\":1080,\"height\":241,\"caption\":\"mpppst\"},\"image\":{\"@id\":\"https:\/\/www.mpppst.gob.ve\/mpppstweb\/#\/schema\/logo\/image\/\"}},{\"@type\":\"Person\",\"@id\":\"https:\/\/www.mpppst.gob.ve\/mpppstweb\/#\/schema\/person\/fc187ee8ead412bd4c9304b62f900ea4\",\"name\":\"MPPPST Prensa\",\"url\":\"https:\/\/www.mpppst.gob.ve\/mpppstweb\/index.php\/author\/prensa-mpppst\/\"}]}<\/script>\n<!-- \/ Yoast SEO plugin. -->","yoast_head_json":{"title":"Clase Obrera tomar\u00e1 decisiones y plantear\u00e1 soluciones en materia productiva - MPPPST","robots":{"index":"index","follow":"follow","max-snippet":"max-snippet:-1","max-image-preview":"max-image-preview:large","max-video-preview":"max-video-preview:-1"},"canonical":"https:\/\/www.mpppst.gob.ve\/mpppstweb\/index.php\/2017\/11\/15\/clase-obrera-realizara-la-agenda-de-decisiones-y-soluciones-para-cada-uno-de-los-sectores-de-los-cpt\/","og_locale":"es_ES","og_type":"article","og_title":"Clase Obrera tomar\u00e1 decisiones y plantear\u00e1 soluciones en materia productiva - MPPPST","og_description":"Marbelys Mav\u00e1rez Laguna En el marco del Primer Congreso de los Consejos Productivos de Trabajadores (CPT), &hellip; Clase Obrera tomar\u00e1 decisiones y plantear\u00e1 soluciones en materia productivaRead more","og_url":"https:\/\/www.mpppst.gob.ve\/mpppstweb\/index.php\/2017\/11\/15\/clase-obrera-realizara-la-agenda-de-decisiones-y-soluciones-para-cada-uno-de-los-sectores-de-los-cpt\/","og_site_name":"MPPPST","article_published_time":"2017-11-15T23:09:37+00:00","article_modified_time":"2017-11-17T19:03:30+00:00","og_image":[{"width":800,"height":445,"url":"https:\/\/www.mpppst.gob.ve\/mpppstweb\/wp-content\/uploads\/2017\/11\/CPT-REALIZAR\u00c1N-AGENDA-DE-ACCIONES-Y-DECISIONES.jpg","type":"image\/jpeg"}],"author":"MPPPST Prensa","twitter_card":"summary_large_image","twitter_misc":{"Escrito por":"MPPPST Prensa","Tiempo de lectura":"3 minutos"},"schema":{"@context":"https:\/\/schema.org","@graph":[{"@type":"Article","@id":"https:\/\/www.mpppst.gob.ve\/mpppstweb\/index.php\/2017\/11\/15\/clase-obrera-realizara-la-agenda-de-decisiones-y-soluciones-para-cada-uno-de-los-sectores-de-los-cpt\/#article","isPartOf":{"@id":"https:\/\/www.mpppst.gob.ve\/mpppstweb\/index.php\/2017\/11\/15\/clase-obrera-realizara-la-agenda-de-decisiones-y-soluciones-para-cada-uno-de-los-sectores-de-los-cpt\/"},"author":{"name":"MPPPST Prensa","@id":"https:\/\/www.mpppst.gob.ve\/mpppstweb\/#\/schema\/person\/fc187ee8ead412bd4c9304b62f900ea4"},"headline":"Clase Obrera tomar\u00e1 decisiones y plantear\u00e1 soluciones en materia productiva","datePublished":"2017-11-15T23:09:37+00:00","dateModified":"2017-11-17T19:03:30+00:00","mainEntityOfPage":{"@id":"https:\/\/www.mpppst.gob.ve\/mpppstweb\/index.php\/2017\/11\/15\/clase-obrera-realizara-la-agenda-de-decisiones-y-soluciones-para-cada-uno-de-los-sectores-de-los-cpt\/"},"wordCount":566,"publisher":{"@id":"https:\/\/www.mpppst.gob.ve\/mpppstweb\/#organization"},"image":{"@id":"https:\/\/www.mpppst.gob.ve\/mpppstweb\/index.php\/2017\/11\/15\/clase-obrera-realizara-la-agenda-de-decisiones-y-soluciones-para-cada-uno-de-los-sectores-de-los-cpt\/#primaryimage"},"thumbnailUrl":"https:\/\/www.mpppst.gob.ve\/mpppstweb\/wp-content\/uploads\/2017\/11\/CPT-REALIZAR\u00c1N-AGENDA-DE-ACCIONES-Y-DECISIONES.jpg","articleSection":["Gobierno Nacional","Noticias"],"inLanguage":"es"},{"@type":"WebPage","@id":"https:\/\/www.mpppst.gob.ve\/mpppstweb\/index.php\/2017\/11\/15\/clase-obrera-realizara-la-agenda-de-decisiones-y-soluciones-para-cada-uno-de-los-sectores-de-los-cpt\/","url":"https:\/\/www.mpppst.gob.ve\/mpppstweb\/index.php\/2017\/11\/15\/clase-obrera-realizara-la-agenda-de-decisiones-y-soluciones-para-cada-uno-de-los-sectores-de-los-cpt\/","name":"Clase Obrera tomar\u00e1 decisiones y plantear\u00e1 soluciones en materia productiva - MPPPST","isPartOf":{"@id":"https:\/\/www.mpppst.gob.ve\/mpppstweb\/#website"},"primaryImageOfPage":{"@id":"https:\/\/www.mpppst.gob.ve\/mpppstweb\/index.php\/2017\/11\/15\/clase-obrera-realizara-la-agenda-de-decisiones-y-soluciones-para-cada-uno-de-los-sectores-de-los-cpt\/#primaryimage"},"image":{"@id":"https:\/\/www.mpppst.gob.ve\/mpppstweb\/index.php\/2017\/11\/15\/clase-obrera-realizara-la-agenda-de-decisiones-y-soluciones-para-cada-uno-de-los-sectores-de-los-cpt\/#primaryimage"},"thumbnailUrl":"https:\/\/www.mpppst.gob.ve\/mpppstweb\/wp-content\/uploads\/2017\/11\/CPT-REALIZAR\u00c1N-AGENDA-DE-ACCIONES-Y-DECISIONES.jpg","datePublished":"2017-11-15T23:09:37+00:00","dateModified":"2017-11-17T19:03:30+00:00","breadcrumb":{"@id":"https:\/\/www.mpppst.gob.ve\/mpppstweb\/index.php\/2017\/11\/15\/clase-obrera-realizara-la-agenda-de-decisiones-y-soluciones-para-cada-uno-de-los-sectores-de-los-cpt\/#breadcrumb"},"inLanguage":"es","potentialAction":[{"@type":"ReadAction","target":["https:\/\/www.mpppst.gob.ve\/mpppstweb\/index.php\/2017\/11\/15\/clase-obrera-realizara-la-agenda-de-decisiones-y-soluciones-para-cada-uno-de-los-sectores-de-los-cpt\/"]}]},{"@type":"ImageObject","inLanguage":"es","@id":"https:\/\/www.mpppst.gob.ve\/mpppstweb\/index.php\/2017\/11\/15\/clase-obrera-realizara-la-agenda-de-decisiones-y-soluciones-para-cada-uno-de-los-sectores-de-los-cpt\/#primaryimage","url":"https:\/\/www.mpppst.gob.ve\/mpppstweb\/wp-content\/uploads\/2017\/11\/CPT-REALIZAR\u00c1N-AGENDA-DE-ACCIONES-Y-DECISIONES.jpg","contentUrl":"https:\/\/www.mpppst.gob.ve\/mpppstweb\/wp-content\/uploads\/2017\/11\/CPT-REALIZAR\u00c1N-AGENDA-DE-ACCIONES-Y-DECISIONES.jpg","width":800,"height":445},{"@type":"BreadcrumbList","@id":"https:\/\/www.mpppst.gob.ve\/mpppstweb\/index.php\/2017\/11\/15\/clase-obrera-realizara-la-agenda-de-decisiones-y-soluciones-para-cada-uno-de-los-sectores-de-los-cpt\/#breadcrumb","itemListElement":[{"@type":"ListItem","position":1,"name":"Home","item":"https:\/\/www.mpppst.gob.ve\/mpppstweb\/"},{"@type":"ListItem","position":2,"name":"Clase Obrera tomar\u00e1 decisiones y plantear\u00e1 soluciones en materia productiva"}]},{"@type":"WebSite","@id":"https:\/\/www.mpppst.gob.ve\/mpppstweb\/#website","url":"https:\/\/www.mpppst.gob.ve\/mpppstweb\/","name":"MPPPST","description":"Ministerio del Poder Popular para el Proceso Social de Trabajo","publisher":{"@id":"https:\/\/www.mpppst.gob.ve\/mpppstweb\/#organization"},"potentialAction":[{"@type":"SearchAction","target":{"@type":"EntryPoint","urlTemplate":"https:\/\/www.mpppst.gob.ve\/mpppstweb\/?s={search_term_string}"},"query-input":"required name=search_term_string"}],"inLanguage":"es"},{"@type":"Organization","@id":"https:\/\/www.mpppst.gob.ve\/mpppstweb\/#organization","name":"mpppst","url":"https:\/\/www.mpppst.gob.ve\/mpppstweb\/","logo":{"@type":"ImageObject","inLanguage":"es","@id":"https:\/\/www.mpppst.gob.ve\/mpppstweb\/#\/schema\/logo\/image\/","url":"https:\/\/www.mpppst.gob.ve\/mpppstweb\/wp-content\/uploads\/2025\/07\/cropped-cropped-g910.png","contentUrl":"https:\/\/www.mpppst.gob.ve\/mpppstweb\/wp-content\/uploads\/2025\/07\/cropped-cropped-g910.png","width":1080,"height":241,"caption":"mpppst"},"image":{"@id":"https:\/\/www.mpppst.gob.ve\/mpppstweb\/#\/schema\/logo\/image\/"}},{"@type":"Person","@id":"https:\/\/www.mpppst.gob.ve\/mpppstweb\/#\/schema\/person\/fc187ee8ead412bd4c9304b62f900ea4","name":"MPPPST Prensa","url":"https:\/\/www.mpppst.gob.ve\/mpppstweb\/index.php\/author\/prensa-mpppst\/"}]}},"_links":{"self":[{"href":"https:\/\/www.mpppst.gob.ve\/mpppstweb\/index.php\/wp-json\/wp\/v2\/posts\/13177"}],"collection":[{"href":"https:\/\/www.mpppst.gob.ve\/mpppstweb\/index.php\/wp-json\/wp\/v2\/posts"}],"about":[{"href":"https:\/\/www.mpppst.gob.ve\/mpppstweb\/index.php\/wp-json\/wp\/v2\/types\/post"}],"author":[{"embeddable":true,"href":"https:\/\/www.mpppst.gob.ve\/mpppstweb\/index.php\/wp-json\/wp\/v2\/users\/25"}],"replies":[{"embeddable":true,"href":"https:\/\/www.mpppst.gob.ve\/mpppstweb\/index.php\/wp-json\/wp\/v2\/comments?post=13177"}],"version-history":[{"count":4,"href":"https:\/\/www.mpppst.gob.ve\/mpppstweb\/index.php\/wp-json\/wp\/v2\/posts\/13177\/revisions"}],"predecessor-version":[{"id":13191,"href":"https:\/\/www.mpppst.gob.ve\/mpppstweb\/index.php\/wp-json\/wp\/v2\/posts\/13177\/revisions\/13191"}],"wp:featuredmedia":[{"embeddable":true,"href":"https:\/\/www.mpppst.gob.ve\/mpppstweb\/index.php\/wp-json\/wp\/v2\/media\/13178"}],"wp:attachment":[{"href":"https:\/\/www.mpppst.gob.ve\/mpppstweb\/index.php\/wp-json\/wp\/v2\/media?parent=13177"}],"wp:term":[{"taxonomy":"category","embeddable":true,"href":"https:\/\/www.mpppst.gob.ve\/mpppstweb\/index.php\/wp-json\/wp\/v2\/categories?post=13177"},{"taxonomy":"post_tag","embeddable":true,"href":"https:\/\/www.mpppst.gob.ve\/mpppstweb\/index.php\/wp-json\/wp\/v2\/tags?post=13177"}],"curies":[{"name":"wp","href":"https:\/\/api.w.org\/{rel}","templated":true}]}}