{"id":13183,"date":"2017-11-17T14:12:01","date_gmt":"2017-11-17T18:12:01","guid":{"rendered":"http:\/\/www.mpppst.gob.ve\/mpppstweb\/?p=13183"},"modified":"2017-11-17T14:15:00","modified_gmt":"2017-11-17T18:15:00","slug":"cese-del-bloqueo-economico-y-respeto-a-los-derechos-politicos-son-temas-centrales-del-dialogo","status":"publish","type":"post","link":"https:\/\/www.mpppst.gob.ve\/mpppstweb\/index.php\/2017\/11\/17\/cese-del-bloqueo-economico-y-respeto-a-los-derechos-politicos-son-temas-centrales-del-dialogo\/","title":{"rendered":"Cese del bloqueo econ\u00f3mico y respeto a los derechos pol\u00edticos son temas centrales del di\u00e1logo"},"content":{"rendered":"<p>AVN.- El Gobierno de la Rep\u00fablica Bolivariana de Venezuela y representantes de la oposici\u00f3n pol\u00edtica venezolana tendr\u00e1n una pr\u00f3xima reuni\u00f3n a inicios de diciembre, encuentro que se centrar\u00e1 en dos temas puntuales: cese del bloqueo econ\u00f3mico y el respeto a los derechos pol\u00edticos, destac\u00f3 este jueves Jorge Rodr\u00edguez G\u00f3mez, jefe de la delegaci\u00f3n del Gobierno Nacional para el di\u00e1logo pol\u00edtico.<\/p>\n<p>\u00abPunto fundamental de discusi\u00f3n que traemos es que se respete, cuando vayamos a las elecciones presidenciales en el a\u00f1o 2018, que se respeten los derechos pol\u00edticos y tambi\u00e9n las garant\u00edas econ\u00f3micas: cese al sabotaje econ\u00f3mico, cese a cualquier forma de sanci\u00f3n en contra del pueblo de Venezuela, cese al bloqueo financiero y a la apropiaci\u00f3n indebida de los recursos que le pertenecen a Venezuela y que se apropian bancos o instituciones financieras en el extranjero. Ese punto lo traemos y lo traemos con mucha fuerza a la discusi\u00f3n de di\u00e1logo de paz de los d\u00edas 1\u00ba y 2 de diciembre\u00bb, dijo desde Santo Domingo, Rep\u00fablica Dominicana.<\/p>\n<p>Tras una reuni\u00f3n preparatoria de seis horas con la oposici\u00f3n venezolana para continuar con la fase exploratoria del di\u00e1logo como v\u00eda para consolidar la paz, mencion\u00f3 que otro de los temas que se elevar\u00e1n en ese pr\u00f3ximo encuentro \u2014donde estar\u00e1n presentes seis cancilleres: tres invitados en calidad de acompa\u00f1ante por el Gobierno Nacional y tres por la oposici\u00f3n\u2014 es el reconocimiento a la Asamblea Nacional Constituyente, cuyos miembros fueron electos por los venezolanos el pasado 30 de julio en elecciones universales, secretas y directas.<\/p>\n<p>De igual manera, se tratar\u00e1 el equilibrio de los Poderes P\u00fablicos, el trabajo conjunto para el desarrollo de la Comisi\u00f3n de la Verdad y de los derechos pol\u00edticos en Venezuela, y la soluci\u00f3n de los problemas con el cese de la violencia externa contra Venezuela, agreg\u00f3 Rodr\u00edguez en declaraciones a los medios.<\/p>\n<p>Por su parte, el canciller de Rep\u00fablica Dominicana, Miguel Vargas, especific\u00f3 que para la reuni\u00f3n de diciembre los cancilleres que estar\u00e1n presentes son de los pa\u00edses M\u00e9xico, Chile, Paraguay, Bolivia, Nicaragua y un sexto pa\u00eds que ser\u00e1 anunciado por el Gobierno venezolano este viernes.<\/p>\n<p>Vargas anunci\u00f3 adem\u00e1s que esas reuniones ser\u00e1n presididas por el presidente de Rep\u00fablica Dominicana, Danilo Medina, con la participaci\u00f3n del expresidente del gobierno espa\u00f1ol Jos\u00e9 Luis Rodr\u00edguez Zapatero.<\/p>\n<p>Se\u00f1al\u00f3 que la reuni\u00f3n preparatoria de este jueves se desarroll\u00f3 de manera positiva y se ratificaron las agendas, metodolog\u00edas y reglas para seguir avanzando en un di\u00e1logo \u00abpor la paz, la democracia y el bienestar del pueblo de Venezuela desde el respeto a su soberan\u00eda\u00bb.<\/p>\n<p><strong>Di\u00e1logo, v\u00eda para la paz<\/strong><\/p>\n<p>El representante del Gobierno Nacional para el di\u00e1logo por la paz destac\u00f3 asimismo su satisfacci\u00f3n por este encuentro. \u00abEstamos muy cerca de un acuerdo definitivo por la convivencia y la paz. Hemos avanzado mucho\u00bb, expres\u00f3 en declaraciones a los medios.<\/p>\n<p>Record\u00f3 que por la v\u00eda del di\u00e1logo se derrotar\u00e1 la violencia que se gesta contra Venezuela y su pueblo, y agreg\u00f3 que es tambi\u00e9n el camino \u00fanico para dirimir las diferencias en favor del bienestar de los venezolanos, raz\u00f3n por la cual \u2014recalc\u00f3 Rodr\u00edguez\u2014 el Presidente Maduro ha sido insistente en esta convocatoria desde 2014.<\/p>\n<p>\u00abDios concede la victoria a la constancia, porque pocas veces un pa\u00eds ha sido agredido por poderes f\u00e1cticos imperiales del mundo entero como es el caso de Venezuela, del pueblo de Venezuela y del Gobierno de Venezuela; pocas veces se han perpetrado campa\u00f1as tan brutales en emporios comunicacionales de Europa y Estados Unidos de Norteam\u00e9rica como el que se ha perpetrado contra Venezuela y ahora logramos derrotar la violencia dentro de Venezuela y por la v\u00eda del di\u00e1logo vamos a derrotar la violencia contra Venezuela que viene del exterior, la violencia en forma de bloqueo financiero, econ\u00f3mico\u00bb, dijo.<\/p>\n<p>En ese sentido, declar\u00f3 que el Gobierno Nacional \u00abtiene una gran esperanza de que el di\u00e1logo cristalice en acuerdos concretos que redunden en el bienestar del pueblo venezolano\u00bb, y que no tributen a fomentar un clima de violencia y desestabilizaci\u00f3n como el que sectores de la oposici\u00f3n generaron en el pa\u00eds, en los meses de abril a julio de este a\u00f1o.<\/p>\n<p>El cese de sanciones arbitrarias y del ataque a la moneda venezolana por parte de potencias extranjeras, fueron los principales temas puestos sobre la mesa en el encuentro de este jueves que transcurri\u00f3, principalmente, \u00abde afinamiento de la agenda y de las normas de discusi\u00f3n\u00bb.<\/p>\n<p>\u00abEs criminal que un banco alem\u00e1n, teniendo el dinero para que se cancelen lo correspondiente a alimentos, medicinas, se niegue a cancelarse a 39 proveedores de alimentos y medicinas por la sencilla raz\u00f3n de que es una forma de violencia contra Venezuela. Es criminal que varias de estas corresponsal\u00edas que tiene Venezuela para pagar a las empresas a las que estamos adquiriendo insumos para alimentos, para materia prima y medicamentos se nieguen a cumplir con sus funciones de corresponsal\u00eda. Nosotros llevamos con mucha fuerza este punto\u00bb, explic\u00f3 Rodr\u00edguez.<\/p>\n<p>Luego de seis horas de reuni\u00f3n \u00abtodos logramos un p\u00e1rrafo donde se pide respeto a nuestra soberan\u00eda nacional y, tambi\u00e9n, se le pide a la comunidad internacional que aliente este esfuerzo de di\u00e1logo en lugar de acciones agresivas contra Venezuela\u00bb, dijo.<\/p>\n<p>\u00abEs el Gobierno Bolivariano el que reitera su llamado a la comunidad internacional para que acompa\u00f1e el esfuerzo compartido que tiene como objetivo la paz y la democracia en Venezuela en respeto a su soberan\u00eda\u00bb, agreg\u00f3.<\/p>\n<p>El representante de la delegaci\u00f3n oposici\u00f3n en esta reuni\u00f3n, Gustavo Vel\u00e1sguez, calific\u00f3 como positivo el encuentro, que se inscribe en la cadena de reuniones que ha impulsado el Ejecutivo a favor del di\u00e1logo en los \u00faltimos tres a\u00f1os. \u00abPodemos considerar como positivo el balance de la reuni\u00f3n\u00bb, dijo en una transmisi\u00f3n de Venezolana de Televisi\u00f3n.<\/p>\n","protected":false},"excerpt":{"rendered":"<p>AVN.- El Gobierno de la Rep\u00fablica Bolivariana de Venezuela y representantes de la oposici\u00f3n pol\u00edtica venezolana &hellip; <a title=\"Cese del bloqueo econ\u00f3mico y respeto a los derechos pol\u00edticos son temas centrales del di\u00e1logo\" class=\"hm-read-more\" href=\"https:\/\/www.mpppst.gob.ve\/mpppstweb\/index.php\/2017\/11\/17\/cese-del-bloqueo-economico-y-respeto-a-los-derechos-politicos-son-temas-centrales-del-dialogo\/\"><span class=\"screen-reader-text\">Cese del bloqueo econ\u00f3mico y respeto a los derechos pol\u00edticos son temas centrales del di\u00e1logo<\/span>Read more<\/a><\/p>\n","protected":false},"author":25,"featured_media":13184,"comment_status":"closed","ping_status":"closed","sticky":false,"template":"","format":"standard","meta":{"footnotes":""},"categories":[82,163],"tags":[],"yoast_head":"<!-- This site is optimized with the Yoast SEO plugin v22.5 - https:\/\/yoast.com\/wordpress\/plugins\/seo\/ -->\n<title>Cese del bloqueo econ\u00f3mico y respeto a los derechos pol\u00edticos son temas centrales del di\u00e1logo - MPPPST<\/title>\n<meta name=\"robots\" content=\"index, follow, max-snippet:-1, max-image-preview:large, max-video-preview:-1\" \/>\n<link rel=\"canonical\" href=\"https:\/\/www.mpppst.gob.ve\/mpppstweb\/index.php\/2017\/11\/17\/cese-del-bloqueo-economico-y-respeto-a-los-derechos-politicos-son-temas-centrales-del-dialogo\/\" \/>\n<meta property=\"og:locale\" content=\"es_ES\" \/>\n<meta property=\"og:type\" content=\"article\" \/>\n<meta property=\"og:title\" content=\"Cese del bloqueo econ\u00f3mico y respeto a los derechos pol\u00edticos son temas centrales del di\u00e1logo - MPPPST\" \/>\n<meta property=\"og:description\" content=\"AVN.- El Gobierno de la Rep\u00fablica Bolivariana de Venezuela y representantes de la oposici\u00f3n pol\u00edtica venezolana &hellip; Cese del bloqueo econ\u00f3mico y respeto a los derechos pol\u00edticos son temas centrales del di\u00e1logoRead more\" \/>\n<meta property=\"og:url\" content=\"https:\/\/www.mpppst.gob.ve\/mpppstweb\/index.php\/2017\/11\/17\/cese-del-bloqueo-economico-y-respeto-a-los-derechos-politicos-son-temas-centrales-del-dialogo\/\" \/>\n<meta property=\"og:site_name\" content=\"MPPPST\" \/>\n<meta property=\"article:published_time\" content=\"2017-11-17T18:12:01+00:00\" \/>\n<meta property=\"article:modified_time\" content=\"2017-11-17T18:15:00+00:00\" \/>\n<meta property=\"og:image\" content=\"https:\/\/www.mpppst.gob.ve\/mpppstweb\/wp-content\/uploads\/2017\/11\/Jorge-Rodr\u00edguez.jpg\" \/>\n\t<meta property=\"og:image:width\" content=\"800\" \/>\n\t<meta property=\"og:image:height\" content=\"445\" \/>\n\t<meta property=\"og:image:type\" content=\"image\/jpeg\" \/>\n<meta name=\"author\" content=\"MPPPST Prensa\" \/>\n<meta name=\"twitter:card\" content=\"summary_large_image\" \/>\n<meta name=\"twitter:label1\" content=\"Escrito por\" \/>\n\t<meta name=\"twitter:data1\" content=\"MPPPST Prensa\" \/>\n\t<meta name=\"twitter:label2\" content=\"Tiempo de lectura\" \/>\n\t<meta name=\"twitter:data2\" content=\"5 minutos\" \/>\n<script type=\"application\/ld+json\" class=\"yoast-schema-graph\">{\"@context\":\"https:\/\/schema.org\",\"@graph\":[{\"@type\":\"Article\",\"@id\":\"https:\/\/www.mpppst.gob.ve\/mpppstweb\/index.php\/2017\/11\/17\/cese-del-bloqueo-economico-y-respeto-a-los-derechos-politicos-son-temas-centrales-del-dialogo\/#article\",\"isPartOf\":{\"@id\":\"https:\/\/www.mpppst.gob.ve\/mpppstweb\/index.php\/2017\/11\/17\/cese-del-bloqueo-economico-y-respeto-a-los-derechos-politicos-son-temas-centrales-del-dialogo\/\"},\"author\":{\"name\":\"MPPPST Prensa\",\"@id\":\"https:\/\/www.mpppst.gob.ve\/mpppstweb\/#\/schema\/person\/fc187ee8ead412bd4c9304b62f900ea4\"},\"headline\":\"Cese del bloqueo econ\u00f3mico y respeto a los derechos pol\u00edticos son temas centrales del di\u00e1logo\",\"datePublished\":\"2017-11-17T18:12:01+00:00\",\"dateModified\":\"2017-11-17T18:15:00+00:00\",\"mainEntityOfPage\":{\"@id\":\"https:\/\/www.mpppst.gob.ve\/mpppstweb\/index.php\/2017\/11\/17\/cese-del-bloqueo-economico-y-respeto-a-los-derechos-politicos-son-temas-centrales-del-dialogo\/\"},\"wordCount\":1056,\"publisher\":{\"@id\":\"https:\/\/www.mpppst.gob.ve\/mpppstweb\/#organization\"},\"image\":{\"@id\":\"https:\/\/www.mpppst.gob.ve\/mpppstweb\/index.php\/2017\/11\/17\/cese-del-bloqueo-economico-y-respeto-a-los-derechos-politicos-son-temas-centrales-del-dialogo\/#primaryimage\"},\"thumbnailUrl\":\"https:\/\/www.mpppst.gob.ve\/mpppstweb\/wp-content\/uploads\/2017\/11\/Jorge-Rodr\u00edguez.jpg\",\"articleSection\":[\"Gobierno Nacional\",\"Noticias\"],\"inLanguage\":\"es\"},{\"@type\":\"WebPage\",\"@id\":\"https:\/\/www.mpppst.gob.ve\/mpppstweb\/index.php\/2017\/11\/17\/cese-del-bloqueo-economico-y-respeto-a-los-derechos-politicos-son-temas-centrales-del-dialogo\/\",\"url\":\"https:\/\/www.mpppst.gob.ve\/mpppstweb\/index.php\/2017\/11\/17\/cese-del-bloqueo-economico-y-respeto-a-los-derechos-politicos-son-temas-centrales-del-dialogo\/\",\"name\":\"Cese del bloqueo econ\u00f3mico y respeto a los derechos pol\u00edticos son temas centrales del di\u00e1logo - MPPPST\",\"isPartOf\":{\"@id\":\"https:\/\/www.mpppst.gob.ve\/mpppstweb\/#website\"},\"primaryImageOfPage\":{\"@id\":\"https:\/\/www.mpppst.gob.ve\/mpppstweb\/index.php\/2017\/11\/17\/cese-del-bloqueo-economico-y-respeto-a-los-derechos-politicos-son-temas-centrales-del-dialogo\/#primaryimage\"},\"image\":{\"@id\":\"https:\/\/www.mpppst.gob.ve\/mpppstweb\/index.php\/2017\/11\/17\/cese-del-bloqueo-economico-y-respeto-a-los-derechos-politicos-son-temas-centrales-del-dialogo\/#primaryimage\"},\"thumbnailUrl\":\"https:\/\/www.mpppst.gob.ve\/mpppstweb\/wp-content\/uploads\/2017\/11\/Jorge-Rodr\u00edguez.jpg\",\"datePublished\":\"2017-11-17T18:12:01+00:00\",\"dateModified\":\"2017-11-17T18:15:00+00:00\",\"breadcrumb\":{\"@id\":\"https:\/\/www.mpppst.gob.ve\/mpppstweb\/index.php\/2017\/11\/17\/cese-del-bloqueo-economico-y-respeto-a-los-derechos-politicos-son-temas-centrales-del-dialogo\/#breadcrumb\"},\"inLanguage\":\"es\",\"potentialAction\":[{\"@type\":\"ReadAction\",\"target\":[\"https:\/\/www.mpppst.gob.ve\/mpppstweb\/index.php\/2017\/11\/17\/cese-del-bloqueo-economico-y-respeto-a-los-derechos-politicos-son-temas-centrales-del-dialogo\/\"]}]},{\"@type\":\"ImageObject\",\"inLanguage\":\"es\",\"@id\":\"https:\/\/www.mpppst.gob.ve\/mpppstweb\/index.php\/2017\/11\/17\/cese-del-bloqueo-economico-y-respeto-a-los-derechos-politicos-son-temas-centrales-del-dialogo\/#primaryimage\",\"url\":\"https:\/\/www.mpppst.gob.ve\/mpppstweb\/wp-content\/uploads\/2017\/11\/Jorge-Rodr\u00edguez.jpg\",\"contentUrl\":\"https:\/\/www.mpppst.gob.ve\/mpppstweb\/wp-content\/uploads\/2017\/11\/Jorge-Rodr\u00edguez.jpg\",\"width\":800,\"height\":445},{\"@type\":\"BreadcrumbList\",\"@id\":\"https:\/\/www.mpppst.gob.ve\/mpppstweb\/index.php\/2017\/11\/17\/cese-del-bloqueo-economico-y-respeto-a-los-derechos-politicos-son-temas-centrales-del-dialogo\/#breadcrumb\",\"itemListElement\":[{\"@type\":\"ListItem\",\"position\":1,\"name\":\"Home\",\"item\":\"https:\/\/www.mpppst.gob.ve\/mpppstweb\/\"},{\"@type\":\"ListItem\",\"position\":2,\"name\":\"Cese del bloqueo econ\u00f3mico y respeto a los derechos pol\u00edticos son temas centrales del di\u00e1logo\"}]},{\"@type\":\"WebSite\",\"@id\":\"https:\/\/www.mpppst.gob.ve\/mpppstweb\/#website\",\"url\":\"https:\/\/www.mpppst.gob.ve\/mpppstweb\/\",\"name\":\"MPPPST\",\"description\":\"Ministerio del Poder Popular para el Proceso Social de Trabajo\",\"publisher\":{\"@id\":\"https:\/\/www.mpppst.gob.ve\/mpppstweb\/#organization\"},\"potentialAction\":[{\"@type\":\"SearchAction\",\"target\":{\"@type\":\"EntryPoint\",\"urlTemplate\":\"https:\/\/www.mpppst.gob.ve\/mpppstweb\/?s={search_term_string}\"},\"query-input\":\"required name=search_term_string\"}],\"inLanguage\":\"es\"},{\"@type\":\"Organization\",\"@id\":\"https:\/\/www.mpppst.gob.ve\/mpppstweb\/#organization\",\"name\":\"mpppst\",\"url\":\"https:\/\/www.mpppst.gob.ve\/mpppstweb\/\",\"logo\":{\"@type\":\"ImageObject\",\"inLanguage\":\"es\",\"@id\":\"https:\/\/www.mpppst.gob.ve\/mpppstweb\/#\/schema\/logo\/image\/\",\"url\":\"https:\/\/www.mpppst.gob.ve\/mpppstweb\/wp-content\/uploads\/2025\/07\/cropped-cropped-g910.png\",\"contentUrl\":\"https:\/\/www.mpppst.gob.ve\/mpppstweb\/wp-content\/uploads\/2025\/07\/cropped-cropped-g910.png\",\"width\":1080,\"height\":241,\"caption\":\"mpppst\"},\"image\":{\"@id\":\"https:\/\/www.mpppst.gob.ve\/mpppstweb\/#\/schema\/logo\/image\/\"}},{\"@type\":\"Person\",\"@id\":\"https:\/\/www.mpppst.gob.ve\/mpppstweb\/#\/schema\/person\/fc187ee8ead412bd4c9304b62f900ea4\",\"name\":\"MPPPST Prensa\",\"url\":\"https:\/\/www.mpppst.gob.ve\/mpppstweb\/index.php\/author\/prensa-mpppst\/\"}]}<\/script>\n<!-- \/ Yoast SEO plugin. -->","yoast_head_json":{"title":"Cese del bloqueo econ\u00f3mico y respeto a los derechos pol\u00edticos son temas centrales del di\u00e1logo - MPPPST","robots":{"index":"index","follow":"follow","max-snippet":"max-snippet:-1","max-image-preview":"max-image-preview:large","max-video-preview":"max-video-preview:-1"},"canonical":"https:\/\/www.mpppst.gob.ve\/mpppstweb\/index.php\/2017\/11\/17\/cese-del-bloqueo-economico-y-respeto-a-los-derechos-politicos-son-temas-centrales-del-dialogo\/","og_locale":"es_ES","og_type":"article","og_title":"Cese del bloqueo econ\u00f3mico y respeto a los derechos pol\u00edticos son temas centrales del di\u00e1logo - MPPPST","og_description":"AVN.- El Gobierno de la Rep\u00fablica Bolivariana de Venezuela y representantes de la oposici\u00f3n pol\u00edtica venezolana &hellip; Cese del bloqueo econ\u00f3mico y respeto a los derechos pol\u00edticos son temas centrales del di\u00e1logoRead more","og_url":"https:\/\/www.mpppst.gob.ve\/mpppstweb\/index.php\/2017\/11\/17\/cese-del-bloqueo-economico-y-respeto-a-los-derechos-politicos-son-temas-centrales-del-dialogo\/","og_site_name":"MPPPST","article_published_time":"2017-11-17T18:12:01+00:00","article_modified_time":"2017-11-17T18:15:00+00:00","og_image":[{"width":800,"height":445,"url":"https:\/\/www.mpppst.gob.ve\/mpppstweb\/wp-content\/uploads\/2017\/11\/Jorge-Rodr\u00edguez.jpg","type":"image\/jpeg"}],"author":"MPPPST Prensa","twitter_card":"summary_large_image","twitter_misc":{"Escrito por":"MPPPST Prensa","Tiempo de lectura":"5 minutos"},"schema":{"@context":"https:\/\/schema.org","@graph":[{"@type":"Article","@id":"https:\/\/www.mpppst.gob.ve\/mpppstweb\/index.php\/2017\/11\/17\/cese-del-bloqueo-economico-y-respeto-a-los-derechos-politicos-son-temas-centrales-del-dialogo\/#article","isPartOf":{"@id":"https:\/\/www.mpppst.gob.ve\/mpppstweb\/index.php\/2017\/11\/17\/cese-del-bloqueo-economico-y-respeto-a-los-derechos-politicos-son-temas-centrales-del-dialogo\/"},"author":{"name":"MPPPST Prensa","@id":"https:\/\/www.mpppst.gob.ve\/mpppstweb\/#\/schema\/person\/fc187ee8ead412bd4c9304b62f900ea4"},"headline":"Cese del bloqueo econ\u00f3mico y respeto a los derechos pol\u00edticos son temas centrales del di\u00e1logo","datePublished":"2017-11-17T18:12:01+00:00","dateModified":"2017-11-17T18:15:00+00:00","mainEntityOfPage":{"@id":"https:\/\/www.mpppst.gob.ve\/mpppstweb\/index.php\/2017\/11\/17\/cese-del-bloqueo-economico-y-respeto-a-los-derechos-politicos-son-temas-centrales-del-dialogo\/"},"wordCount":1056,"publisher":{"@id":"https:\/\/www.mpppst.gob.ve\/mpppstweb\/#organization"},"image":{"@id":"https:\/\/www.mpppst.gob.ve\/mpppstweb\/index.php\/2017\/11\/17\/cese-del-bloqueo-economico-y-respeto-a-los-derechos-politicos-son-temas-centrales-del-dialogo\/#primaryimage"},"thumbnailUrl":"https:\/\/www.mpppst.gob.ve\/mpppstweb\/wp-content\/uploads\/2017\/11\/Jorge-Rodr\u00edguez.jpg","articleSection":["Gobierno Nacional","Noticias"],"inLanguage":"es"},{"@type":"WebPage","@id":"https:\/\/www.mpppst.gob.ve\/mpppstweb\/index.php\/2017\/11\/17\/cese-del-bloqueo-economico-y-respeto-a-los-derechos-politicos-son-temas-centrales-del-dialogo\/","url":"https:\/\/www.mpppst.gob.ve\/mpppstweb\/index.php\/2017\/11\/17\/cese-del-bloqueo-economico-y-respeto-a-los-derechos-politicos-son-temas-centrales-del-dialogo\/","name":"Cese del bloqueo econ\u00f3mico y respeto a los derechos pol\u00edticos son temas centrales del di\u00e1logo - MPPPST","isPartOf":{"@id":"https:\/\/www.mpppst.gob.ve\/mpppstweb\/#website"},"primaryImageOfPage":{"@id":"https:\/\/www.mpppst.gob.ve\/mpppstweb\/index.php\/2017\/11\/17\/cese-del-bloqueo-economico-y-respeto-a-los-derechos-politicos-son-temas-centrales-del-dialogo\/#primaryimage"},"image":{"@id":"https:\/\/www.mpppst.gob.ve\/mpppstweb\/index.php\/2017\/11\/17\/cese-del-bloqueo-economico-y-respeto-a-los-derechos-politicos-son-temas-centrales-del-dialogo\/#primaryimage"},"thumbnailUrl":"https:\/\/www.mpppst.gob.ve\/mpppstweb\/wp-content\/uploads\/2017\/11\/Jorge-Rodr\u00edguez.jpg","datePublished":"2017-11-17T18:12:01+00:00","dateModified":"2017-11-17T18:15:00+00:00","breadcrumb":{"@id":"https:\/\/www.mpppst.gob.ve\/mpppstweb\/index.php\/2017\/11\/17\/cese-del-bloqueo-economico-y-respeto-a-los-derechos-politicos-son-temas-centrales-del-dialogo\/#breadcrumb"},"inLanguage":"es","potentialAction":[{"@type":"ReadAction","target":["https:\/\/www.mpppst.gob.ve\/mpppstweb\/index.php\/2017\/11\/17\/cese-del-bloqueo-economico-y-respeto-a-los-derechos-politicos-son-temas-centrales-del-dialogo\/"]}]},{"@type":"ImageObject","inLanguage":"es","@id":"https:\/\/www.mpppst.gob.ve\/mpppstweb\/index.php\/2017\/11\/17\/cese-del-bloqueo-economico-y-respeto-a-los-derechos-politicos-son-temas-centrales-del-dialogo\/#primaryimage","url":"https:\/\/www.mpppst.gob.ve\/mpppstweb\/wp-content\/uploads\/2017\/11\/Jorge-Rodr\u00edguez.jpg","contentUrl":"https:\/\/www.mpppst.gob.ve\/mpppstweb\/wp-content\/uploads\/2017\/11\/Jorge-Rodr\u00edguez.jpg","width":800,"height":445},{"@type":"BreadcrumbList","@id":"https:\/\/www.mpppst.gob.ve\/mpppstweb\/index.php\/2017\/11\/17\/cese-del-bloqueo-economico-y-respeto-a-los-derechos-politicos-son-temas-centrales-del-dialogo\/#breadcrumb","itemListElement":[{"@type":"ListItem","position":1,"name":"Home","item":"https:\/\/www.mpppst.gob.ve\/mpppstweb\/"},{"@type":"ListItem","position":2,"name":"Cese del bloqueo econ\u00f3mico y respeto a los derechos pol\u00edticos son temas centrales del di\u00e1logo"}]},{"@type":"WebSite","@id":"https:\/\/www.mpppst.gob.ve\/mpppstweb\/#website","url":"https:\/\/www.mpppst.gob.ve\/mpppstweb\/","name":"MPPPST","description":"Ministerio del Poder Popular para el Proceso Social de Trabajo","publisher":{"@id":"https:\/\/www.mpppst.gob.ve\/mpppstweb\/#organization"},"potentialAction":[{"@type":"SearchAction","target":{"@type":"EntryPoint","urlTemplate":"https:\/\/www.mpppst.gob.ve\/mpppstweb\/?s={search_term_string}"},"query-input":"required name=search_term_string"}],"inLanguage":"es"},{"@type":"Organization","@id":"https:\/\/www.mpppst.gob.ve\/mpppstweb\/#organization","name":"mpppst","url":"https:\/\/www.mpppst.gob.ve\/mpppstweb\/","logo":{"@type":"ImageObject","inLanguage":"es","@id":"https:\/\/www.mpppst.gob.ve\/mpppstweb\/#\/schema\/logo\/image\/","url":"https:\/\/www.mpppst.gob.ve\/mpppstweb\/wp-content\/uploads\/2025\/07\/cropped-cropped-g910.png","contentUrl":"https:\/\/www.mpppst.gob.ve\/mpppstweb\/wp-content\/uploads\/2025\/07\/cropped-cropped-g910.png","width":1080,"height":241,"caption":"mpppst"},"image":{"@id":"https:\/\/www.mpppst.gob.ve\/mpppstweb\/#\/schema\/logo\/image\/"}},{"@type":"Person","@id":"https:\/\/www.mpppst.gob.ve\/mpppstweb\/#\/schema\/person\/fc187ee8ead412bd4c9304b62f900ea4","name":"MPPPST Prensa","url":"https:\/\/www.mpppst.gob.ve\/mpppstweb\/index.php\/author\/prensa-mpppst\/"}]}},"_links":{"self":[{"href":"https:\/\/www.mpppst.gob.ve\/mpppstweb\/index.php\/wp-json\/wp\/v2\/posts\/13183"}],"collection":[{"href":"https:\/\/www.mpppst.gob.ve\/mpppstweb\/index.php\/wp-json\/wp\/v2\/posts"}],"about":[{"href":"https:\/\/www.mpppst.gob.ve\/mpppstweb\/index.php\/wp-json\/wp\/v2\/types\/post"}],"author":[{"embeddable":true,"href":"https:\/\/www.mpppst.gob.ve\/mpppstweb\/index.php\/wp-json\/wp\/v2\/users\/25"}],"replies":[{"embeddable":true,"href":"https:\/\/www.mpppst.gob.ve\/mpppstweb\/index.php\/wp-json\/wp\/v2\/comments?post=13183"}],"version-history":[{"count":3,"href":"https:\/\/www.mpppst.gob.ve\/mpppstweb\/index.php\/wp-json\/wp\/v2\/posts\/13183\/revisions"}],"predecessor-version":[{"id":13187,"href":"https:\/\/www.mpppst.gob.ve\/mpppstweb\/index.php\/wp-json\/wp\/v2\/posts\/13183\/revisions\/13187"}],"wp:featuredmedia":[{"embeddable":true,"href":"https:\/\/www.mpppst.gob.ve\/mpppstweb\/index.php\/wp-json\/wp\/v2\/media\/13184"}],"wp:attachment":[{"href":"https:\/\/www.mpppst.gob.ve\/mpppstweb\/index.php\/wp-json\/wp\/v2\/media?parent=13183"}],"wp:term":[{"taxonomy":"category","embeddable":true,"href":"https:\/\/www.mpppst.gob.ve\/mpppstweb\/index.php\/wp-json\/wp\/v2\/categories?post=13183"},{"taxonomy":"post_tag","embeddable":true,"href":"https:\/\/www.mpppst.gob.ve\/mpppstweb\/index.php\/wp-json\/wp\/v2\/tags?post=13183"}],"curies":[{"name":"wp","href":"https:\/\/api.w.org\/{rel}","templated":true}]}}