{"id":13199,"date":"2017-11-17T17:33:59","date_gmt":"2017-11-17T21:33:59","guid":{"rendered":"http:\/\/www.mpppst.gob.ve\/mpppstweb\/?p=13199"},"modified":"2017-11-17T17:33:59","modified_gmt":"2017-11-17T21:33:59","slug":"ministro-ovalles-se-despliega-en-cotiza-en-el-marco-del-movimiento-somos-venezuela","status":"publish","type":"post","link":"https:\/\/www.mpppst.gob.ve\/mpppstweb\/index.php\/2017\/11\/17\/ministro-ovalles-se-despliega-en-cotiza-en-el-marco-del-movimiento-somos-venezuela\/","title":{"rendered":"Ministro Ovalles se despliega en Cotiza en el marco del Movimiento Somos Venezuela"},"content":{"rendered":"<p>G\u00e9nesis Castillo<\/p>\n<p>En el marco del Movimiento Somos Venezuela, el ministro del Poder Popular para el Proceso Social de Trabajo, N\u00e9stor Ovalles, realiz\u00f3 un recorrido por Cotiza, espec\u00edficamente en el sector Los Aliados, bloques de Cotiza, parroquia San Jos\u00e9. En dicho sector el titular del Despacho del Trabajo entreg\u00f3 \u00a07 tarjetas Hogares de la Patria a las siguientes personas:<\/p>\n<ol>\n<li>Raquel Barriento, quien tiene su esposo convaleciente<\/li>\n<li>Yasmelis Guzm\u00e1n Pern\u00eda<\/li>\n<li>Yenny Rosales<\/li>\n<li>V\u00edctor Oma\u00f1a<\/li>\n<li>Adelaida Guti\u00e9rrez<\/li>\n<li>Jackeline Ram\u00edrez<\/li>\n<li>Yendi Gonz\u00e1lez Flores<\/li>\n<\/ol>\n<p>Tambi\u00e9n atendi\u00f3 casos con necesidades de distinta \u00edndole, como el de la se\u00f1ora Bautista Josefina Campos.\u00a0 Unido a este recorrido el Ministro Ovalles visit\u00f3 tres escuelas, un ambulatorio y algunas viviendas con necesidades especiales. Asimismo, varias personas del sector solicitaron apoyo en materia de pensiones, empleo e insumos para viviendas.<\/p>\n<p>&nbsp;<\/p>\n","protected":false},"excerpt":{"rendered":"<p>G\u00e9nesis Castillo En el marco del Movimiento Somos Venezuela, el ministro del Poder Popular para el &hellip; <a title=\"Ministro Ovalles se despliega en Cotiza en el marco del Movimiento Somos Venezuela\" class=\"hm-read-more\" href=\"https:\/\/www.mpppst.gob.ve\/mpppstweb\/index.php\/2017\/11\/17\/ministro-ovalles-se-despliega-en-cotiza-en-el-marco-del-movimiento-somos-venezuela\/\"><span class=\"screen-reader-text\">Ministro Ovalles se despliega en Cotiza en el marco del Movimiento Somos Venezuela<\/span>Read more<\/a><\/p>\n","protected":false},"author":25,"featured_media":13200,"comment_status":"closed","ping_status":"closed","sticky":false,"template":"","format":"standard","meta":{"footnotes":""},"categories":[82,360,163],"tags":[],"yoast_head":"<!-- This site is optimized with the Yoast SEO plugin v22.5 - https:\/\/yoast.com\/wordpress\/plugins\/seo\/ -->\n<title>Ministro Ovalles se despliega en Cotiza en el marco del Movimiento Somos Venezuela - MPPPST<\/title>\n<meta name=\"robots\" content=\"index, follow, max-snippet:-1, max-image-preview:large, max-video-preview:-1\" \/>\n<link rel=\"canonical\" href=\"https:\/\/www.mpppst.gob.ve\/mpppstweb\/index.php\/2017\/11\/17\/ministro-ovalles-se-despliega-en-cotiza-en-el-marco-del-movimiento-somos-venezuela\/\" \/>\n<meta property=\"og:locale\" content=\"es_ES\" \/>\n<meta property=\"og:type\" content=\"article\" \/>\n<meta property=\"og:title\" content=\"Ministro Ovalles se despliega en Cotiza en el marco del Movimiento Somos Venezuela - MPPPST\" \/>\n<meta property=\"og:description\" content=\"G\u00e9nesis Castillo En el marco del Movimiento Somos Venezuela, el ministro del Poder Popular para el &hellip; Ministro Ovalles se despliega en Cotiza en el marco del Movimiento Somos VenezuelaRead more\" \/>\n<meta property=\"og:url\" content=\"https:\/\/www.mpppst.gob.ve\/mpppstweb\/index.php\/2017\/11\/17\/ministro-ovalles-se-despliega-en-cotiza-en-el-marco-del-movimiento-somos-venezuela\/\" \/>\n<meta property=\"og:site_name\" content=\"MPPPST\" \/>\n<meta property=\"article:published_time\" content=\"2017-11-17T21:33:59+00:00\" \/>\n<meta property=\"og:image\" content=\"https:\/\/www.mpppst.gob.ve\/mpppstweb\/wp-content\/uploads\/2017\/11\/Ministro-Ovalles-en-recorrido-por-Cotiza.jpg\" \/>\n\t<meta property=\"og:image:width\" content=\"3264\" \/>\n\t<meta property=\"og:image:height\" content=\"2448\" \/>\n\t<meta property=\"og:image:type\" content=\"image\/jpeg\" \/>\n<meta name=\"author\" content=\"MPPPST Prensa\" \/>\n<meta name=\"twitter:card\" content=\"summary_large_image\" \/>\n<meta name=\"twitter:label1\" content=\"Escrito por\" \/>\n\t<meta name=\"twitter:data1\" content=\"MPPPST Prensa\" \/>\n\t<meta name=\"twitter:label2\" content=\"Tiempo de lectura\" \/>\n\t<meta name=\"twitter:data2\" content=\"1 minuto\" \/>\n<script type=\"application\/ld+json\" class=\"yoast-schema-graph\">{\"@context\":\"https:\/\/schema.org\",\"@graph\":[{\"@type\":\"Article\",\"@id\":\"https:\/\/www.mpppst.gob.ve\/mpppstweb\/index.php\/2017\/11\/17\/ministro-ovalles-se-despliega-en-cotiza-en-el-marco-del-movimiento-somos-venezuela\/#article\",\"isPartOf\":{\"@id\":\"https:\/\/www.mpppst.gob.ve\/mpppstweb\/index.php\/2017\/11\/17\/ministro-ovalles-se-despliega-en-cotiza-en-el-marco-del-movimiento-somos-venezuela\/\"},\"author\":{\"name\":\"MPPPST Prensa\",\"@id\":\"https:\/\/www.mpppst.gob.ve\/mpppstweb\/#\/schema\/person\/fc187ee8ead412bd4c9304b62f900ea4\"},\"headline\":\"Ministro Ovalles se despliega en Cotiza en el marco del Movimiento Somos Venezuela\",\"datePublished\":\"2017-11-17T21:33:59+00:00\",\"dateModified\":\"2017-11-17T21:33:59+00:00\",\"mainEntityOfPage\":{\"@id\":\"https:\/\/www.mpppst.gob.ve\/mpppstweb\/index.php\/2017\/11\/17\/ministro-ovalles-se-despliega-en-cotiza-en-el-marco-del-movimiento-somos-venezuela\/\"},\"wordCount\":155,\"publisher\":{\"@id\":\"https:\/\/www.mpppst.gob.ve\/mpppstweb\/#organization\"},\"image\":{\"@id\":\"https:\/\/www.mpppst.gob.ve\/mpppstweb\/index.php\/2017\/11\/17\/ministro-ovalles-se-despliega-en-cotiza-en-el-marco-del-movimiento-somos-venezuela\/#primaryimage\"},\"thumbnailUrl\":\"https:\/\/www.mpppst.gob.ve\/mpppstweb\/wp-content\/uploads\/2017\/11\/Ministro-Ovalles-en-recorrido-por-Cotiza.jpg\",\"articleSection\":[\"Gobierno Nacional\",\"Movimientos Sociales\",\"Noticias\"],\"inLanguage\":\"es\"},{\"@type\":\"WebPage\",\"@id\":\"https:\/\/www.mpppst.gob.ve\/mpppstweb\/index.php\/2017\/11\/17\/ministro-ovalles-se-despliega-en-cotiza-en-el-marco-del-movimiento-somos-venezuela\/\",\"url\":\"https:\/\/www.mpppst.gob.ve\/mpppstweb\/index.php\/2017\/11\/17\/ministro-ovalles-se-despliega-en-cotiza-en-el-marco-del-movimiento-somos-venezuela\/\",\"name\":\"Ministro Ovalles se despliega en Cotiza en el marco del Movimiento Somos Venezuela - MPPPST\",\"isPartOf\":{\"@id\":\"https:\/\/www.mpppst.gob.ve\/mpppstweb\/#website\"},\"primaryImageOfPage\":{\"@id\":\"https:\/\/www.mpppst.gob.ve\/mpppstweb\/index.php\/2017\/11\/17\/ministro-ovalles-se-despliega-en-cotiza-en-el-marco-del-movimiento-somos-venezuela\/#primaryimage\"},\"image\":{\"@id\":\"https:\/\/www.mpppst.gob.ve\/mpppstweb\/index.php\/2017\/11\/17\/ministro-ovalles-se-despliega-en-cotiza-en-el-marco-del-movimiento-somos-venezuela\/#primaryimage\"},\"thumbnailUrl\":\"https:\/\/www.mpppst.gob.ve\/mpppstweb\/wp-content\/uploads\/2017\/11\/Ministro-Ovalles-en-recorrido-por-Cotiza.jpg\",\"datePublished\":\"2017-11-17T21:33:59+00:00\",\"dateModified\":\"2017-11-17T21:33:59+00:00\",\"breadcrumb\":{\"@id\":\"https:\/\/www.mpppst.gob.ve\/mpppstweb\/index.php\/2017\/11\/17\/ministro-ovalles-se-despliega-en-cotiza-en-el-marco-del-movimiento-somos-venezuela\/#breadcrumb\"},\"inLanguage\":\"es\",\"potentialAction\":[{\"@type\":\"ReadAction\",\"target\":[\"https:\/\/www.mpppst.gob.ve\/mpppstweb\/index.php\/2017\/11\/17\/ministro-ovalles-se-despliega-en-cotiza-en-el-marco-del-movimiento-somos-venezuela\/\"]}]},{\"@type\":\"ImageObject\",\"inLanguage\":\"es\",\"@id\":\"https:\/\/www.mpppst.gob.ve\/mpppstweb\/index.php\/2017\/11\/17\/ministro-ovalles-se-despliega-en-cotiza-en-el-marco-del-movimiento-somos-venezuela\/#primaryimage\",\"url\":\"https:\/\/www.mpppst.gob.ve\/mpppstweb\/wp-content\/uploads\/2017\/11\/Ministro-Ovalles-en-recorrido-por-Cotiza.jpg\",\"contentUrl\":\"https:\/\/www.mpppst.gob.ve\/mpppstweb\/wp-content\/uploads\/2017\/11\/Ministro-Ovalles-en-recorrido-por-Cotiza.jpg\",\"width\":3264,\"height\":2448},{\"@type\":\"BreadcrumbList\",\"@id\":\"https:\/\/www.mpppst.gob.ve\/mpppstweb\/index.php\/2017\/11\/17\/ministro-ovalles-se-despliega-en-cotiza-en-el-marco-del-movimiento-somos-venezuela\/#breadcrumb\",\"itemListElement\":[{\"@type\":\"ListItem\",\"position\":1,\"name\":\"Home\",\"item\":\"https:\/\/www.mpppst.gob.ve\/mpppstweb\/\"},{\"@type\":\"ListItem\",\"position\":2,\"name\":\"Ministro Ovalles se despliega en Cotiza en el marco del Movimiento Somos Venezuela\"}]},{\"@type\":\"WebSite\",\"@id\":\"https:\/\/www.mpppst.gob.ve\/mpppstweb\/#website\",\"url\":\"https:\/\/www.mpppst.gob.ve\/mpppstweb\/\",\"name\":\"MPPPST\",\"description\":\"Ministerio del Poder Popular para el Proceso Social de Trabajo\",\"publisher\":{\"@id\":\"https:\/\/www.mpppst.gob.ve\/mpppstweb\/#organization\"},\"potentialAction\":[{\"@type\":\"SearchAction\",\"target\":{\"@type\":\"EntryPoint\",\"urlTemplate\":\"https:\/\/www.mpppst.gob.ve\/mpppstweb\/?s={search_term_string}\"},\"query-input\":\"required name=search_term_string\"}],\"inLanguage\":\"es\"},{\"@type\":\"Organization\",\"@id\":\"https:\/\/www.mpppst.gob.ve\/mpppstweb\/#organization\",\"name\":\"mpppst\",\"url\":\"https:\/\/www.mpppst.gob.ve\/mpppstweb\/\",\"logo\":{\"@type\":\"ImageObject\",\"inLanguage\":\"es\",\"@id\":\"https:\/\/www.mpppst.gob.ve\/mpppstweb\/#\/schema\/logo\/image\/\",\"url\":\"https:\/\/www.mpppst.gob.ve\/mpppstweb\/wp-content\/uploads\/2025\/07\/cropped-cropped-g910.png\",\"contentUrl\":\"https:\/\/www.mpppst.gob.ve\/mpppstweb\/wp-content\/uploads\/2025\/07\/cropped-cropped-g910.png\",\"width\":1080,\"height\":241,\"caption\":\"mpppst\"},\"image\":{\"@id\":\"https:\/\/www.mpppst.gob.ve\/mpppstweb\/#\/schema\/logo\/image\/\"}},{\"@type\":\"Person\",\"@id\":\"https:\/\/www.mpppst.gob.ve\/mpppstweb\/#\/schema\/person\/fc187ee8ead412bd4c9304b62f900ea4\",\"name\":\"MPPPST Prensa\",\"url\":\"https:\/\/www.mpppst.gob.ve\/mpppstweb\/index.php\/author\/prensa-mpppst\/\"}]}<\/script>\n<!-- \/ Yoast SEO plugin. -->","yoast_head_json":{"title":"Ministro Ovalles se despliega en Cotiza en el marco del Movimiento Somos Venezuela - MPPPST","robots":{"index":"index","follow":"follow","max-snippet":"max-snippet:-1","max-image-preview":"max-image-preview:large","max-video-preview":"max-video-preview:-1"},"canonical":"https:\/\/www.mpppst.gob.ve\/mpppstweb\/index.php\/2017\/11\/17\/ministro-ovalles-se-despliega-en-cotiza-en-el-marco-del-movimiento-somos-venezuela\/","og_locale":"es_ES","og_type":"article","og_title":"Ministro Ovalles se despliega en Cotiza en el marco del Movimiento Somos Venezuela - MPPPST","og_description":"G\u00e9nesis Castillo En el marco del Movimiento Somos Venezuela, el ministro del Poder Popular para el &hellip; Ministro Ovalles se despliega en Cotiza en el marco del Movimiento Somos VenezuelaRead more","og_url":"https:\/\/www.mpppst.gob.ve\/mpppstweb\/index.php\/2017\/11\/17\/ministro-ovalles-se-despliega-en-cotiza-en-el-marco-del-movimiento-somos-venezuela\/","og_site_name":"MPPPST","article_published_time":"2017-11-17T21:33:59+00:00","og_image":[{"width":3264,"height":2448,"url":"https:\/\/www.mpppst.gob.ve\/mpppstweb\/wp-content\/uploads\/2017\/11\/Ministro-Ovalles-en-recorrido-por-Cotiza.jpg","type":"image\/jpeg"}],"author":"MPPPST Prensa","twitter_card":"summary_large_image","twitter_misc":{"Escrito por":"MPPPST Prensa","Tiempo de lectura":"1 minuto"},"schema":{"@context":"https:\/\/schema.org","@graph":[{"@type":"Article","@id":"https:\/\/www.mpppst.gob.ve\/mpppstweb\/index.php\/2017\/11\/17\/ministro-ovalles-se-despliega-en-cotiza-en-el-marco-del-movimiento-somos-venezuela\/#article","isPartOf":{"@id":"https:\/\/www.mpppst.gob.ve\/mpppstweb\/index.php\/2017\/11\/17\/ministro-ovalles-se-despliega-en-cotiza-en-el-marco-del-movimiento-somos-venezuela\/"},"author":{"name":"MPPPST Prensa","@id":"https:\/\/www.mpppst.gob.ve\/mpppstweb\/#\/schema\/person\/fc187ee8ead412bd4c9304b62f900ea4"},"headline":"Ministro Ovalles se despliega en Cotiza en el marco del Movimiento Somos Venezuela","datePublished":"2017-11-17T21:33:59+00:00","dateModified":"2017-11-17T21:33:59+00:00","mainEntityOfPage":{"@id":"https:\/\/www.mpppst.gob.ve\/mpppstweb\/index.php\/2017\/11\/17\/ministro-ovalles-se-despliega-en-cotiza-en-el-marco-del-movimiento-somos-venezuela\/"},"wordCount":155,"publisher":{"@id":"https:\/\/www.mpppst.gob.ve\/mpppstweb\/#organization"},"image":{"@id":"https:\/\/www.mpppst.gob.ve\/mpppstweb\/index.php\/2017\/11\/17\/ministro-ovalles-se-despliega-en-cotiza-en-el-marco-del-movimiento-somos-venezuela\/#primaryimage"},"thumbnailUrl":"https:\/\/www.mpppst.gob.ve\/mpppstweb\/wp-content\/uploads\/2017\/11\/Ministro-Ovalles-en-recorrido-por-Cotiza.jpg","articleSection":["Gobierno Nacional","Movimientos Sociales","Noticias"],"inLanguage":"es"},{"@type":"WebPage","@id":"https:\/\/www.mpppst.gob.ve\/mpppstweb\/index.php\/2017\/11\/17\/ministro-ovalles-se-despliega-en-cotiza-en-el-marco-del-movimiento-somos-venezuela\/","url":"https:\/\/www.mpppst.gob.ve\/mpppstweb\/index.php\/2017\/11\/17\/ministro-ovalles-se-despliega-en-cotiza-en-el-marco-del-movimiento-somos-venezuela\/","name":"Ministro Ovalles se despliega en Cotiza en el marco del Movimiento Somos Venezuela - MPPPST","isPartOf":{"@id":"https:\/\/www.mpppst.gob.ve\/mpppstweb\/#website"},"primaryImageOfPage":{"@id":"https:\/\/www.mpppst.gob.ve\/mpppstweb\/index.php\/2017\/11\/17\/ministro-ovalles-se-despliega-en-cotiza-en-el-marco-del-movimiento-somos-venezuela\/#primaryimage"},"image":{"@id":"https:\/\/www.mpppst.gob.ve\/mpppstweb\/index.php\/2017\/11\/17\/ministro-ovalles-se-despliega-en-cotiza-en-el-marco-del-movimiento-somos-venezuela\/#primaryimage"},"thumbnailUrl":"https:\/\/www.mpppst.gob.ve\/mpppstweb\/wp-content\/uploads\/2017\/11\/Ministro-Ovalles-en-recorrido-por-Cotiza.jpg","datePublished":"2017-11-17T21:33:59+00:00","dateModified":"2017-11-17T21:33:59+00:00","breadcrumb":{"@id":"https:\/\/www.mpppst.gob.ve\/mpppstweb\/index.php\/2017\/11\/17\/ministro-ovalles-se-despliega-en-cotiza-en-el-marco-del-movimiento-somos-venezuela\/#breadcrumb"},"inLanguage":"es","potentialAction":[{"@type":"ReadAction","target":["https:\/\/www.mpppst.gob.ve\/mpppstweb\/index.php\/2017\/11\/17\/ministro-ovalles-se-despliega-en-cotiza-en-el-marco-del-movimiento-somos-venezuela\/"]}]},{"@type":"ImageObject","inLanguage":"es","@id":"https:\/\/www.mpppst.gob.ve\/mpppstweb\/index.php\/2017\/11\/17\/ministro-ovalles-se-despliega-en-cotiza-en-el-marco-del-movimiento-somos-venezuela\/#primaryimage","url":"https:\/\/www.mpppst.gob.ve\/mpppstweb\/wp-content\/uploads\/2017\/11\/Ministro-Ovalles-en-recorrido-por-Cotiza.jpg","contentUrl":"https:\/\/www.mpppst.gob.ve\/mpppstweb\/wp-content\/uploads\/2017\/11\/Ministro-Ovalles-en-recorrido-por-Cotiza.jpg","width":3264,"height":2448},{"@type":"BreadcrumbList","@id":"https:\/\/www.mpppst.gob.ve\/mpppstweb\/index.php\/2017\/11\/17\/ministro-ovalles-se-despliega-en-cotiza-en-el-marco-del-movimiento-somos-venezuela\/#breadcrumb","itemListElement":[{"@type":"ListItem","position":1,"name":"Home","item":"https:\/\/www.mpppst.gob.ve\/mpppstweb\/"},{"@type":"ListItem","position":2,"name":"Ministro Ovalles se despliega en Cotiza en el marco del Movimiento Somos Venezuela"}]},{"@type":"WebSite","@id":"https:\/\/www.mpppst.gob.ve\/mpppstweb\/#website","url":"https:\/\/www.mpppst.gob.ve\/mpppstweb\/","name":"MPPPST","description":"Ministerio del Poder Popular para el Proceso Social de Trabajo","publisher":{"@id":"https:\/\/www.mpppst.gob.ve\/mpppstweb\/#organization"},"potentialAction":[{"@type":"SearchAction","target":{"@type":"EntryPoint","urlTemplate":"https:\/\/www.mpppst.gob.ve\/mpppstweb\/?s={search_term_string}"},"query-input":"required name=search_term_string"}],"inLanguage":"es"},{"@type":"Organization","@id":"https:\/\/www.mpppst.gob.ve\/mpppstweb\/#organization","name":"mpppst","url":"https:\/\/www.mpppst.gob.ve\/mpppstweb\/","logo":{"@type":"ImageObject","inLanguage":"es","@id":"https:\/\/www.mpppst.gob.ve\/mpppstweb\/#\/schema\/logo\/image\/","url":"https:\/\/www.mpppst.gob.ve\/mpppstweb\/wp-content\/uploads\/2025\/07\/cropped-cropped-g910.png","contentUrl":"https:\/\/www.mpppst.gob.ve\/mpppstweb\/wp-content\/uploads\/2025\/07\/cropped-cropped-g910.png","width":1080,"height":241,"caption":"mpppst"},"image":{"@id":"https:\/\/www.mpppst.gob.ve\/mpppstweb\/#\/schema\/logo\/image\/"}},{"@type":"Person","@id":"https:\/\/www.mpppst.gob.ve\/mpppstweb\/#\/schema\/person\/fc187ee8ead412bd4c9304b62f900ea4","name":"MPPPST Prensa","url":"https:\/\/www.mpppst.gob.ve\/mpppstweb\/index.php\/author\/prensa-mpppst\/"}]}},"_links":{"self":[{"href":"https:\/\/www.mpppst.gob.ve\/mpppstweb\/index.php\/wp-json\/wp\/v2\/posts\/13199"}],"collection":[{"href":"https:\/\/www.mpppst.gob.ve\/mpppstweb\/index.php\/wp-json\/wp\/v2\/posts"}],"about":[{"href":"https:\/\/www.mpppst.gob.ve\/mpppstweb\/index.php\/wp-json\/wp\/v2\/types\/post"}],"author":[{"embeddable":true,"href":"https:\/\/www.mpppst.gob.ve\/mpppstweb\/index.php\/wp-json\/wp\/v2\/users\/25"}],"replies":[{"embeddable":true,"href":"https:\/\/www.mpppst.gob.ve\/mpppstweb\/index.php\/wp-json\/wp\/v2\/comments?post=13199"}],"version-history":[{"count":1,"href":"https:\/\/www.mpppst.gob.ve\/mpppstweb\/index.php\/wp-json\/wp\/v2\/posts\/13199\/revisions"}],"predecessor-version":[{"id":13201,"href":"https:\/\/www.mpppst.gob.ve\/mpppstweb\/index.php\/wp-json\/wp\/v2\/posts\/13199\/revisions\/13201"}],"wp:featuredmedia":[{"embeddable":true,"href":"https:\/\/www.mpppst.gob.ve\/mpppstweb\/index.php\/wp-json\/wp\/v2\/media\/13200"}],"wp:attachment":[{"href":"https:\/\/www.mpppst.gob.ve\/mpppstweb\/index.php\/wp-json\/wp\/v2\/media?parent=13199"}],"wp:term":[{"taxonomy":"category","embeddable":true,"href":"https:\/\/www.mpppst.gob.ve\/mpppstweb\/index.php\/wp-json\/wp\/v2\/categories?post=13199"},{"taxonomy":"post_tag","embeddable":true,"href":"https:\/\/www.mpppst.gob.ve\/mpppstweb\/index.php\/wp-json\/wp\/v2\/tags?post=13199"}],"curies":[{"name":"wp","href":"https:\/\/api.w.org\/{rel}","templated":true}]}}