{"id":13203,"date":"2017-11-20T15:55:29","date_gmt":"2017-11-20T19:55:29","guid":{"rendered":"http:\/\/www.mpppst.gob.ve\/mpppstweb\/?p=13203"},"modified":"2017-11-20T15:55:29","modified_gmt":"2017-11-20T19:55:29","slug":"campana-y-ferias-electorales-inician-el-proximo-23-de-noviembre","status":"publish","type":"post","link":"https:\/\/www.mpppst.gob.ve\/mpppstweb\/index.php\/2017\/11\/20\/campana-y-ferias-electorales-inician-el-proximo-23-de-noviembre\/","title":{"rendered":"Campa\u00f1a y ferias electorales inician el pr\u00f3ximo 23 de noviembre"},"content":{"rendered":"<p>Minci<\/p>\n<p>El pr\u00f3ximo 23 de noviembre<strong>\u00a0inicia la campa\u00f1a y las ferias electorales<\/strong>\u00a0en todo el pa\u00eds, con la finalidad de que el pueblo venezolano se familiarice con la boleta electoral, as\u00ed lo inform\u00f3 a trav\u00e9s de un pase en vivo por Venezolana de Televisi\u00f3n, la Rectora del\u00a0<strong>Consejo Nacional Electoral<\/strong>\u00a0(CNE),<strong>\u00a0Sandra Oblitas<\/strong>.<\/p>\n<p>\u201cEl cronograma electoral avanza perfectamente, se han venido realizando las auditorias t\u00e9cnicas a todo el sistema electoral con la participaci\u00f3n de todas las organizaciones pol\u00edticas que postularon a candidatos y candidatas\u201d, dijo la Rectora del CNE.<\/p>\n<h4>Postulaciones<\/h4>\n<p>Indic\u00f3 que el proceso de\u00a0<strong>postulaciones<\/strong>\u00a0<strong>de los candidatos culmin\u00f3 sin ning\u00fan tipo de inquietudes<\/strong>\u00a0y que las\u00a0<strong>auditor\u00edas<\/strong>\u00a0<strong>han sido certificadas por las organizaciones pol\u00edticas<\/strong>\u00a0que participan en el proceso electoral.<\/p>\n<p>\u201cNo son ningunos espacios internacionales, ni medi\u00e1ticos, ni de ning\u00fan tipo los que van a determinar, ni valorar, ni ponderar la democracia venezolana. Es el pueblo de Venezuela todo\u201d, refiri\u00f3 la rectora.<\/p>\n","protected":false},"excerpt":{"rendered":"<p>Minci El pr\u00f3ximo 23 de noviembre\u00a0inicia la campa\u00f1a y las ferias electorales\u00a0en todo el pa\u00eds, con &hellip; <a title=\"Campa\u00f1a y ferias electorales inician el pr\u00f3ximo 23 de noviembre\" class=\"hm-read-more\" href=\"https:\/\/www.mpppst.gob.ve\/mpppstweb\/index.php\/2017\/11\/20\/campana-y-ferias-electorales-inician-el-proximo-23-de-noviembre\/\"><span class=\"screen-reader-text\">Campa\u00f1a y ferias electorales inician el pr\u00f3ximo 23 de noviembre<\/span>Read more<\/a><\/p>\n","protected":false},"author":25,"featured_media":13204,"comment_status":"closed","ping_status":"closed","sticky":false,"template":"","format":"standard","meta":{"footnotes":""},"categories":[82,163],"tags":[],"yoast_head":"<!-- This site is optimized with the Yoast SEO plugin v22.5 - https:\/\/yoast.com\/wordpress\/plugins\/seo\/ -->\n<title>Campa\u00f1a y ferias electorales inician el pr\u00f3ximo 23 de noviembre - MPPPST<\/title>\n<meta name=\"robots\" content=\"index, follow, max-snippet:-1, max-image-preview:large, max-video-preview:-1\" \/>\n<link rel=\"canonical\" href=\"https:\/\/www.mpppst.gob.ve\/mpppstweb\/index.php\/2017\/11\/20\/campana-y-ferias-electorales-inician-el-proximo-23-de-noviembre\/\" \/>\n<meta property=\"og:locale\" content=\"es_ES\" \/>\n<meta property=\"og:type\" content=\"article\" \/>\n<meta property=\"og:title\" content=\"Campa\u00f1a y ferias electorales inician el pr\u00f3ximo 23 de noviembre - MPPPST\" \/>\n<meta property=\"og:description\" content=\"Minci El pr\u00f3ximo 23 de noviembre\u00a0inicia la campa\u00f1a y las ferias electorales\u00a0en todo el pa\u00eds, con &hellip; Campa\u00f1a y ferias electorales inician el pr\u00f3ximo 23 de noviembreRead more\" \/>\n<meta property=\"og:url\" content=\"https:\/\/www.mpppst.gob.ve\/mpppstweb\/index.php\/2017\/11\/20\/campana-y-ferias-electorales-inician-el-proximo-23-de-noviembre\/\" \/>\n<meta property=\"og:site_name\" content=\"MPPPST\" \/>\n<meta property=\"article:published_time\" content=\"2017-11-20T19:55:29+00:00\" \/>\n<meta property=\"og:image\" content=\"https:\/\/www.mpppst.gob.ve\/mpppstweb\/wp-content\/uploads\/2017\/11\/oblitas.jpg\" \/>\n\t<meta property=\"og:image:width\" content=\"800\" \/>\n\t<meta property=\"og:image:height\" content=\"445\" \/>\n\t<meta property=\"og:image:type\" content=\"image\/jpeg\" \/>\n<meta name=\"author\" content=\"MPPPST Prensa\" \/>\n<meta name=\"twitter:card\" content=\"summary_large_image\" \/>\n<meta name=\"twitter:label1\" content=\"Escrito por\" \/>\n\t<meta name=\"twitter:data1\" content=\"MPPPST Prensa\" \/>\n\t<meta name=\"twitter:label2\" content=\"Tiempo de lectura\" \/>\n\t<meta name=\"twitter:data2\" content=\"1 minuto\" \/>\n<script type=\"application\/ld+json\" class=\"yoast-schema-graph\">{\"@context\":\"https:\/\/schema.org\",\"@graph\":[{\"@type\":\"Article\",\"@id\":\"https:\/\/www.mpppst.gob.ve\/mpppstweb\/index.php\/2017\/11\/20\/campana-y-ferias-electorales-inician-el-proximo-23-de-noviembre\/#article\",\"isPartOf\":{\"@id\":\"https:\/\/www.mpppst.gob.ve\/mpppstweb\/index.php\/2017\/11\/20\/campana-y-ferias-electorales-inician-el-proximo-23-de-noviembre\/\"},\"author\":{\"name\":\"MPPPST Prensa\",\"@id\":\"https:\/\/www.mpppst.gob.ve\/mpppstweb\/#\/schema\/person\/fc187ee8ead412bd4c9304b62f900ea4\"},\"headline\":\"Campa\u00f1a y ferias electorales inician el pr\u00f3ximo 23 de noviembre\",\"datePublished\":\"2017-11-20T19:55:29+00:00\",\"dateModified\":\"2017-11-20T19:55:29+00:00\",\"mainEntityOfPage\":{\"@id\":\"https:\/\/www.mpppst.gob.ve\/mpppstweb\/index.php\/2017\/11\/20\/campana-y-ferias-electorales-inician-el-proximo-23-de-noviembre\/\"},\"wordCount\":178,\"publisher\":{\"@id\":\"https:\/\/www.mpppst.gob.ve\/mpppstweb\/#organization\"},\"image\":{\"@id\":\"https:\/\/www.mpppst.gob.ve\/mpppstweb\/index.php\/2017\/11\/20\/campana-y-ferias-electorales-inician-el-proximo-23-de-noviembre\/#primaryimage\"},\"thumbnailUrl\":\"https:\/\/www.mpppst.gob.ve\/mpppstweb\/wp-content\/uploads\/2017\/11\/oblitas.jpg\",\"articleSection\":[\"Gobierno Nacional\",\"Noticias\"],\"inLanguage\":\"es\"},{\"@type\":\"WebPage\",\"@id\":\"https:\/\/www.mpppst.gob.ve\/mpppstweb\/index.php\/2017\/11\/20\/campana-y-ferias-electorales-inician-el-proximo-23-de-noviembre\/\",\"url\":\"https:\/\/www.mpppst.gob.ve\/mpppstweb\/index.php\/2017\/11\/20\/campana-y-ferias-electorales-inician-el-proximo-23-de-noviembre\/\",\"name\":\"Campa\u00f1a y ferias electorales inician el pr\u00f3ximo 23 de noviembre - MPPPST\",\"isPartOf\":{\"@id\":\"https:\/\/www.mpppst.gob.ve\/mpppstweb\/#website\"},\"primaryImageOfPage\":{\"@id\":\"https:\/\/www.mpppst.gob.ve\/mpppstweb\/index.php\/2017\/11\/20\/campana-y-ferias-electorales-inician-el-proximo-23-de-noviembre\/#primaryimage\"},\"image\":{\"@id\":\"https:\/\/www.mpppst.gob.ve\/mpppstweb\/index.php\/2017\/11\/20\/campana-y-ferias-electorales-inician-el-proximo-23-de-noviembre\/#primaryimage\"},\"thumbnailUrl\":\"https:\/\/www.mpppst.gob.ve\/mpppstweb\/wp-content\/uploads\/2017\/11\/oblitas.jpg\",\"datePublished\":\"2017-11-20T19:55:29+00:00\",\"dateModified\":\"2017-11-20T19:55:29+00:00\",\"breadcrumb\":{\"@id\":\"https:\/\/www.mpppst.gob.ve\/mpppstweb\/index.php\/2017\/11\/20\/campana-y-ferias-electorales-inician-el-proximo-23-de-noviembre\/#breadcrumb\"},\"inLanguage\":\"es\",\"potentialAction\":[{\"@type\":\"ReadAction\",\"target\":[\"https:\/\/www.mpppst.gob.ve\/mpppstweb\/index.php\/2017\/11\/20\/campana-y-ferias-electorales-inician-el-proximo-23-de-noviembre\/\"]}]},{\"@type\":\"ImageObject\",\"inLanguage\":\"es\",\"@id\":\"https:\/\/www.mpppst.gob.ve\/mpppstweb\/index.php\/2017\/11\/20\/campana-y-ferias-electorales-inician-el-proximo-23-de-noviembre\/#primaryimage\",\"url\":\"https:\/\/www.mpppst.gob.ve\/mpppstweb\/wp-content\/uploads\/2017\/11\/oblitas.jpg\",\"contentUrl\":\"https:\/\/www.mpppst.gob.ve\/mpppstweb\/wp-content\/uploads\/2017\/11\/oblitas.jpg\",\"width\":800,\"height\":445},{\"@type\":\"BreadcrumbList\",\"@id\":\"https:\/\/www.mpppst.gob.ve\/mpppstweb\/index.php\/2017\/11\/20\/campana-y-ferias-electorales-inician-el-proximo-23-de-noviembre\/#breadcrumb\",\"itemListElement\":[{\"@type\":\"ListItem\",\"position\":1,\"name\":\"Home\",\"item\":\"https:\/\/www.mpppst.gob.ve\/mpppstweb\/\"},{\"@type\":\"ListItem\",\"position\":2,\"name\":\"Campa\u00f1a y ferias electorales inician el pr\u00f3ximo 23 de noviembre\"}]},{\"@type\":\"WebSite\",\"@id\":\"https:\/\/www.mpppst.gob.ve\/mpppstweb\/#website\",\"url\":\"https:\/\/www.mpppst.gob.ve\/mpppstweb\/\",\"name\":\"MPPPST\",\"description\":\"Ministerio del Poder Popular para el Proceso Social de Trabajo\",\"publisher\":{\"@id\":\"https:\/\/www.mpppst.gob.ve\/mpppstweb\/#organization\"},\"potentialAction\":[{\"@type\":\"SearchAction\",\"target\":{\"@type\":\"EntryPoint\",\"urlTemplate\":\"https:\/\/www.mpppst.gob.ve\/mpppstweb\/?s={search_term_string}\"},\"query-input\":\"required name=search_term_string\"}],\"inLanguage\":\"es\"},{\"@type\":\"Organization\",\"@id\":\"https:\/\/www.mpppst.gob.ve\/mpppstweb\/#organization\",\"name\":\"mpppst\",\"url\":\"https:\/\/www.mpppst.gob.ve\/mpppstweb\/\",\"logo\":{\"@type\":\"ImageObject\",\"inLanguage\":\"es\",\"@id\":\"https:\/\/www.mpppst.gob.ve\/mpppstweb\/#\/schema\/logo\/image\/\",\"url\":\"https:\/\/www.mpppst.gob.ve\/mpppstweb\/wp-content\/uploads\/2025\/07\/cropped-cropped-g910.png\",\"contentUrl\":\"https:\/\/www.mpppst.gob.ve\/mpppstweb\/wp-content\/uploads\/2025\/07\/cropped-cropped-g910.png\",\"width\":1080,\"height\":241,\"caption\":\"mpppst\"},\"image\":{\"@id\":\"https:\/\/www.mpppst.gob.ve\/mpppstweb\/#\/schema\/logo\/image\/\"}},{\"@type\":\"Person\",\"@id\":\"https:\/\/www.mpppst.gob.ve\/mpppstweb\/#\/schema\/person\/fc187ee8ead412bd4c9304b62f900ea4\",\"name\":\"MPPPST Prensa\",\"url\":\"https:\/\/www.mpppst.gob.ve\/mpppstweb\/index.php\/author\/prensa-mpppst\/\"}]}<\/script>\n<!-- \/ Yoast SEO plugin. -->","yoast_head_json":{"title":"Campa\u00f1a y ferias electorales inician el pr\u00f3ximo 23 de noviembre - MPPPST","robots":{"index":"index","follow":"follow","max-snippet":"max-snippet:-1","max-image-preview":"max-image-preview:large","max-video-preview":"max-video-preview:-1"},"canonical":"https:\/\/www.mpppst.gob.ve\/mpppstweb\/index.php\/2017\/11\/20\/campana-y-ferias-electorales-inician-el-proximo-23-de-noviembre\/","og_locale":"es_ES","og_type":"article","og_title":"Campa\u00f1a y ferias electorales inician el pr\u00f3ximo 23 de noviembre - MPPPST","og_description":"Minci El pr\u00f3ximo 23 de noviembre\u00a0inicia la campa\u00f1a y las ferias electorales\u00a0en todo el pa\u00eds, con &hellip; Campa\u00f1a y ferias electorales inician el pr\u00f3ximo 23 de noviembreRead more","og_url":"https:\/\/www.mpppst.gob.ve\/mpppstweb\/index.php\/2017\/11\/20\/campana-y-ferias-electorales-inician-el-proximo-23-de-noviembre\/","og_site_name":"MPPPST","article_published_time":"2017-11-20T19:55:29+00:00","og_image":[{"width":800,"height":445,"url":"https:\/\/www.mpppst.gob.ve\/mpppstweb\/wp-content\/uploads\/2017\/11\/oblitas.jpg","type":"image\/jpeg"}],"author":"MPPPST Prensa","twitter_card":"summary_large_image","twitter_misc":{"Escrito por":"MPPPST Prensa","Tiempo de lectura":"1 minuto"},"schema":{"@context":"https:\/\/schema.org","@graph":[{"@type":"Article","@id":"https:\/\/www.mpppst.gob.ve\/mpppstweb\/index.php\/2017\/11\/20\/campana-y-ferias-electorales-inician-el-proximo-23-de-noviembre\/#article","isPartOf":{"@id":"https:\/\/www.mpppst.gob.ve\/mpppstweb\/index.php\/2017\/11\/20\/campana-y-ferias-electorales-inician-el-proximo-23-de-noviembre\/"},"author":{"name":"MPPPST Prensa","@id":"https:\/\/www.mpppst.gob.ve\/mpppstweb\/#\/schema\/person\/fc187ee8ead412bd4c9304b62f900ea4"},"headline":"Campa\u00f1a y ferias electorales inician el pr\u00f3ximo 23 de noviembre","datePublished":"2017-11-20T19:55:29+00:00","dateModified":"2017-11-20T19:55:29+00:00","mainEntityOfPage":{"@id":"https:\/\/www.mpppst.gob.ve\/mpppstweb\/index.php\/2017\/11\/20\/campana-y-ferias-electorales-inician-el-proximo-23-de-noviembre\/"},"wordCount":178,"publisher":{"@id":"https:\/\/www.mpppst.gob.ve\/mpppstweb\/#organization"},"image":{"@id":"https:\/\/www.mpppst.gob.ve\/mpppstweb\/index.php\/2017\/11\/20\/campana-y-ferias-electorales-inician-el-proximo-23-de-noviembre\/#primaryimage"},"thumbnailUrl":"https:\/\/www.mpppst.gob.ve\/mpppstweb\/wp-content\/uploads\/2017\/11\/oblitas.jpg","articleSection":["Gobierno Nacional","Noticias"],"inLanguage":"es"},{"@type":"WebPage","@id":"https:\/\/www.mpppst.gob.ve\/mpppstweb\/index.php\/2017\/11\/20\/campana-y-ferias-electorales-inician-el-proximo-23-de-noviembre\/","url":"https:\/\/www.mpppst.gob.ve\/mpppstweb\/index.php\/2017\/11\/20\/campana-y-ferias-electorales-inician-el-proximo-23-de-noviembre\/","name":"Campa\u00f1a y ferias electorales inician el pr\u00f3ximo 23 de noviembre - MPPPST","isPartOf":{"@id":"https:\/\/www.mpppst.gob.ve\/mpppstweb\/#website"},"primaryImageOfPage":{"@id":"https:\/\/www.mpppst.gob.ve\/mpppstweb\/index.php\/2017\/11\/20\/campana-y-ferias-electorales-inician-el-proximo-23-de-noviembre\/#primaryimage"},"image":{"@id":"https:\/\/www.mpppst.gob.ve\/mpppstweb\/index.php\/2017\/11\/20\/campana-y-ferias-electorales-inician-el-proximo-23-de-noviembre\/#primaryimage"},"thumbnailUrl":"https:\/\/www.mpppst.gob.ve\/mpppstweb\/wp-content\/uploads\/2017\/11\/oblitas.jpg","datePublished":"2017-11-20T19:55:29+00:00","dateModified":"2017-11-20T19:55:29+00:00","breadcrumb":{"@id":"https:\/\/www.mpppst.gob.ve\/mpppstweb\/index.php\/2017\/11\/20\/campana-y-ferias-electorales-inician-el-proximo-23-de-noviembre\/#breadcrumb"},"inLanguage":"es","potentialAction":[{"@type":"ReadAction","target":["https:\/\/www.mpppst.gob.ve\/mpppstweb\/index.php\/2017\/11\/20\/campana-y-ferias-electorales-inician-el-proximo-23-de-noviembre\/"]}]},{"@type":"ImageObject","inLanguage":"es","@id":"https:\/\/www.mpppst.gob.ve\/mpppstweb\/index.php\/2017\/11\/20\/campana-y-ferias-electorales-inician-el-proximo-23-de-noviembre\/#primaryimage","url":"https:\/\/www.mpppst.gob.ve\/mpppstweb\/wp-content\/uploads\/2017\/11\/oblitas.jpg","contentUrl":"https:\/\/www.mpppst.gob.ve\/mpppstweb\/wp-content\/uploads\/2017\/11\/oblitas.jpg","width":800,"height":445},{"@type":"BreadcrumbList","@id":"https:\/\/www.mpppst.gob.ve\/mpppstweb\/index.php\/2017\/11\/20\/campana-y-ferias-electorales-inician-el-proximo-23-de-noviembre\/#breadcrumb","itemListElement":[{"@type":"ListItem","position":1,"name":"Home","item":"https:\/\/www.mpppst.gob.ve\/mpppstweb\/"},{"@type":"ListItem","position":2,"name":"Campa\u00f1a y ferias electorales inician el pr\u00f3ximo 23 de noviembre"}]},{"@type":"WebSite","@id":"https:\/\/www.mpppst.gob.ve\/mpppstweb\/#website","url":"https:\/\/www.mpppst.gob.ve\/mpppstweb\/","name":"MPPPST","description":"Ministerio del Poder Popular para el Proceso Social de Trabajo","publisher":{"@id":"https:\/\/www.mpppst.gob.ve\/mpppstweb\/#organization"},"potentialAction":[{"@type":"SearchAction","target":{"@type":"EntryPoint","urlTemplate":"https:\/\/www.mpppst.gob.ve\/mpppstweb\/?s={search_term_string}"},"query-input":"required name=search_term_string"}],"inLanguage":"es"},{"@type":"Organization","@id":"https:\/\/www.mpppst.gob.ve\/mpppstweb\/#organization","name":"mpppst","url":"https:\/\/www.mpppst.gob.ve\/mpppstweb\/","logo":{"@type":"ImageObject","inLanguage":"es","@id":"https:\/\/www.mpppst.gob.ve\/mpppstweb\/#\/schema\/logo\/image\/","url":"https:\/\/www.mpppst.gob.ve\/mpppstweb\/wp-content\/uploads\/2025\/07\/cropped-cropped-g910.png","contentUrl":"https:\/\/www.mpppst.gob.ve\/mpppstweb\/wp-content\/uploads\/2025\/07\/cropped-cropped-g910.png","width":1080,"height":241,"caption":"mpppst"},"image":{"@id":"https:\/\/www.mpppst.gob.ve\/mpppstweb\/#\/schema\/logo\/image\/"}},{"@type":"Person","@id":"https:\/\/www.mpppst.gob.ve\/mpppstweb\/#\/schema\/person\/fc187ee8ead412bd4c9304b62f900ea4","name":"MPPPST Prensa","url":"https:\/\/www.mpppst.gob.ve\/mpppstweb\/index.php\/author\/prensa-mpppst\/"}]}},"_links":{"self":[{"href":"https:\/\/www.mpppst.gob.ve\/mpppstweb\/index.php\/wp-json\/wp\/v2\/posts\/13203"}],"collection":[{"href":"https:\/\/www.mpppst.gob.ve\/mpppstweb\/index.php\/wp-json\/wp\/v2\/posts"}],"about":[{"href":"https:\/\/www.mpppst.gob.ve\/mpppstweb\/index.php\/wp-json\/wp\/v2\/types\/post"}],"author":[{"embeddable":true,"href":"https:\/\/www.mpppst.gob.ve\/mpppstweb\/index.php\/wp-json\/wp\/v2\/users\/25"}],"replies":[{"embeddable":true,"href":"https:\/\/www.mpppst.gob.ve\/mpppstweb\/index.php\/wp-json\/wp\/v2\/comments?post=13203"}],"version-history":[{"count":1,"href":"https:\/\/www.mpppst.gob.ve\/mpppstweb\/index.php\/wp-json\/wp\/v2\/posts\/13203\/revisions"}],"predecessor-version":[{"id":13205,"href":"https:\/\/www.mpppst.gob.ve\/mpppstweb\/index.php\/wp-json\/wp\/v2\/posts\/13203\/revisions\/13205"}],"wp:featuredmedia":[{"embeddable":true,"href":"https:\/\/www.mpppst.gob.ve\/mpppstweb\/index.php\/wp-json\/wp\/v2\/media\/13204"}],"wp:attachment":[{"href":"https:\/\/www.mpppst.gob.ve\/mpppstweb\/index.php\/wp-json\/wp\/v2\/media?parent=13203"}],"wp:term":[{"taxonomy":"category","embeddable":true,"href":"https:\/\/www.mpppst.gob.ve\/mpppstweb\/index.php\/wp-json\/wp\/v2\/categories?post=13203"},{"taxonomy":"post_tag","embeddable":true,"href":"https:\/\/www.mpppst.gob.ve\/mpppstweb\/index.php\/wp-json\/wp\/v2\/tags?post=13203"}],"curies":[{"name":"wp","href":"https:\/\/api.w.org\/{rel}","templated":true}]}}