{"id":14181,"date":"2018-03-09T19:10:25","date_gmt":"2018-03-09T23:10:25","guid":{"rendered":"http:\/\/www.mpppst.gob.ve\/mpppstweb\/?p=14181"},"modified":"2018-03-09T19:10:25","modified_gmt":"2018-03-09T23:10:25","slug":"con-cine-foro-poesia-y-debate-el-mpppst-ofrece-homenaje-a-chavez","status":"publish","type":"post","link":"https:\/\/www.mpppst.gob.ve\/mpppstweb\/index.php\/2018\/03\/09\/con-cine-foro-poesia-y-debate-el-mpppst-ofrece-homenaje-a-chavez\/","title":{"rendered":"Con cine foro, poes\u00eda y debate el MPPPST ofrece homenaje a Ch\u00e1vez"},"content":{"rendered":"<p>Marbelys Mav\u00e1rez Laguna<\/p>\n<p>(Caracas, 06 de marzo de 2018).- Con motivo de cumplirse cinco a\u00f1os de la partida f\u00edsica del Comandante Hugo Ch\u00e1vez Fr\u00edas, el Ministerio del Poder Popular para el Proceso Social de Trabajo le rindi\u00f3 un homenaje con un <strong>cine-foro, poes\u00eda y debate, <\/strong>una de las formas de comunicaci\u00f3n m\u00e1s apreciadas del Comandante Ch\u00e1vez. Pero adem\u00e1s se celebr\u00f3 el D\u00eda Internacional de la Mujer, uno de los temas bandera asumido sin prurito alguno por quien lleg\u00f3 a autodefinirse como feminista.<\/p>\n<p>Tales actividades, instruidas \u00a0por \u00a0el ministro del Poder Popular para el Proceso Social de Trabajo, N\u00e9stor Ovalles, se realizaron con el firme prop\u00f3sito de promover la reflexi\u00f3n en torno a lo que est\u00e1 aconteciendo en Venezuela, pa\u00eds en el cual se ha querido dar al traste con la dimensi\u00f3n cultural y se ha intentado de m\u00faltiples formas socavar la discusi\u00f3n necesaria.<\/p>\n<p><strong>Poes\u00eda para Ch\u00e1vez\u00a0 <\/strong><\/p>\n<p>De esta forma, el actor Antonio Machuca ofreci\u00f3 un poema al Comandante Ch\u00e1vez. Se trat\u00f3 de una sesi\u00f3n cargada de energ\u00eda y de mucha pasi\u00f3n en torno a quien dio la pelea al llamado orden establecido, a quien enfrent\u00f3 al Imperio y gobern\u00f3 de la mano con el pueblo y para el pueblo. Al final de su intervenci\u00f3n, en su poes\u00eda, Machuca invit\u00f3 a la audiencia a promover, en el d\u00eda a d\u00eda, cada obra y pensamiento de Ch\u00e1vez.<\/p>\n<p>Posteriormente se llev\u00f3 a cabo el Cine Foro \u201cMaquilas, zonas de esclavitud\u201d, en el cual se pone de manifiesto\u00a0 \u00a0la acci\u00f3n de las empresas transnacionales que irrespetan la soberan\u00eda de los Estados y en no pocos casos los estamentos legales de los pa\u00edses para promover formas de trabajo esclavizantes, tal como lo se\u00f1al\u00f3 el trabajador Gustavo Rojas, quien agreg\u00f3 que Ch\u00e1vez promovi\u00f3 una Ley Org\u00e1nica de los Trabajadores y las Trabajadoras que respeta los derechos. Y alert\u00f3 sobre pa\u00edses muy cercanos a nosotros, como es el caso de Brasil, donde se est\u00e1n limitando \u00a0los derechos de los trabajadores. Tambi\u00e9n cit\u00f3 el caso de Argentina, pa\u00eds en el cual est\u00e1n incrementando la edad para las jubilaciones.<\/p>\n<p>Por su parte, Yajaira Soler (Siboney) trajo a colaci\u00f3n el caso de la periodista Rosita Caldera, quien denunci\u00f3 en nuestro pa\u00eds, en tiempos de la Cuarta Rep\u00fablica, \u00a0la violaci\u00f3n de los derechos humanos de las mujeres trabajadoras venezolanas por empresas como la Wrangler, Levis, Van Raalte, entre otras, pues estaban sometidas a realizar trabajos manuales extenuantes. Finalmente, recit\u00f3 la poes\u00eda \u201cEl Abrazo al Comandante\u201d.<\/p>\n<p>Foto: F\u00e9lix Ordaz<\/p>\n<p>&nbsp;<\/p>\n<p>&nbsp;<\/p>\n<p>&nbsp;<\/p>\n<p>&nbsp;<\/p>\n<p>&nbsp;<\/p>\n","protected":false},"excerpt":{"rendered":"<p>Marbelys Mav\u00e1rez Laguna (Caracas, 06 de marzo de 2018).- Con motivo de cumplirse cinco a\u00f1os de &hellip; <a title=\"Con cine foro, poes\u00eda y debate el MPPPST ofrece homenaje a Ch\u00e1vez\" class=\"hm-read-more\" href=\"https:\/\/www.mpppst.gob.ve\/mpppstweb\/index.php\/2018\/03\/09\/con-cine-foro-poesia-y-debate-el-mpppst-ofrece-homenaje-a-chavez\/\"><span class=\"screen-reader-text\">Con cine foro, poes\u00eda y debate el MPPPST ofrece homenaje a Ch\u00e1vez<\/span>Read more<\/a><\/p>\n","protected":false},"author":25,"featured_media":14182,"comment_status":"closed","ping_status":"closed","sticky":false,"template":"","format":"standard","meta":{"footnotes":""},"categories":[82,360,163],"tags":[],"yoast_head":"<!-- This site is optimized with the Yoast SEO plugin v22.5 - https:\/\/yoast.com\/wordpress\/plugins\/seo\/ -->\n<title>Con cine foro, poes\u00eda y debate el MPPPST ofrece homenaje a Ch\u00e1vez - MPPPST<\/title>\n<meta name=\"robots\" content=\"index, follow, max-snippet:-1, max-image-preview:large, max-video-preview:-1\" \/>\n<link rel=\"canonical\" href=\"https:\/\/www.mpppst.gob.ve\/mpppstweb\/index.php\/2018\/03\/09\/con-cine-foro-poesia-y-debate-el-mpppst-ofrece-homenaje-a-chavez\/\" \/>\n<meta property=\"og:locale\" content=\"es_ES\" \/>\n<meta property=\"og:type\" content=\"article\" \/>\n<meta property=\"og:title\" content=\"Con cine foro, poes\u00eda y debate el MPPPST ofrece homenaje a Ch\u00e1vez - MPPPST\" \/>\n<meta property=\"og:description\" content=\"Marbelys Mav\u00e1rez Laguna (Caracas, 06 de marzo de 2018).- Con motivo de cumplirse cinco a\u00f1os de &hellip; Con cine foro, poes\u00eda y debate el MPPPST ofrece homenaje a Ch\u00e1vezRead more\" \/>\n<meta property=\"og:url\" content=\"https:\/\/www.mpppst.gob.ve\/mpppstweb\/index.php\/2018\/03\/09\/con-cine-foro-poesia-y-debate-el-mpppst-ofrece-homenaje-a-chavez\/\" \/>\n<meta property=\"og:site_name\" content=\"MPPPST\" \/>\n<meta property=\"article:published_time\" content=\"2018-03-09T23:10:25+00:00\" \/>\n<meta property=\"og:image\" content=\"https:\/\/www.mpppst.gob.ve\/mpppstweb\/wp-content\/uploads\/2018\/03\/Machuca.jpg\" \/>\n\t<meta property=\"og:image:width\" content=\"800\" \/>\n\t<meta property=\"og:image:height\" content=\"445\" \/>\n\t<meta property=\"og:image:type\" content=\"image\/jpeg\" \/>\n<meta name=\"author\" content=\"MPPPST Prensa\" \/>\n<meta name=\"twitter:card\" content=\"summary_large_image\" \/>\n<meta name=\"twitter:label1\" content=\"Escrito por\" \/>\n\t<meta name=\"twitter:data1\" content=\"MPPPST Prensa\" \/>\n\t<meta name=\"twitter:label2\" content=\"Tiempo de lectura\" \/>\n\t<meta name=\"twitter:data2\" content=\"2 minutos\" \/>\n<script type=\"application\/ld+json\" class=\"yoast-schema-graph\">{\"@context\":\"https:\/\/schema.org\",\"@graph\":[{\"@type\":\"Article\",\"@id\":\"https:\/\/www.mpppst.gob.ve\/mpppstweb\/index.php\/2018\/03\/09\/con-cine-foro-poesia-y-debate-el-mpppst-ofrece-homenaje-a-chavez\/#article\",\"isPartOf\":{\"@id\":\"https:\/\/www.mpppst.gob.ve\/mpppstweb\/index.php\/2018\/03\/09\/con-cine-foro-poesia-y-debate-el-mpppst-ofrece-homenaje-a-chavez\/\"},\"author\":{\"name\":\"MPPPST Prensa\",\"@id\":\"https:\/\/www.mpppst.gob.ve\/mpppstweb\/#\/schema\/person\/fc187ee8ead412bd4c9304b62f900ea4\"},\"headline\":\"Con cine foro, poes\u00eda y debate el MPPPST ofrece homenaje a Ch\u00e1vez\",\"datePublished\":\"2018-03-09T23:10:25+00:00\",\"dateModified\":\"2018-03-09T23:10:25+00:00\",\"mainEntityOfPage\":{\"@id\":\"https:\/\/www.mpppst.gob.ve\/mpppstweb\/index.php\/2018\/03\/09\/con-cine-foro-poesia-y-debate-el-mpppst-ofrece-homenaje-a-chavez\/\"},\"wordCount\":471,\"publisher\":{\"@id\":\"https:\/\/www.mpppst.gob.ve\/mpppstweb\/#organization\"},\"image\":{\"@id\":\"https:\/\/www.mpppst.gob.ve\/mpppstweb\/index.php\/2018\/03\/09\/con-cine-foro-poesia-y-debate-el-mpppst-ofrece-homenaje-a-chavez\/#primaryimage\"},\"thumbnailUrl\":\"https:\/\/www.mpppst.gob.ve\/mpppstweb\/wp-content\/uploads\/2018\/03\/Machuca.jpg\",\"articleSection\":[\"Gobierno Nacional\",\"Movimientos Sociales\",\"Noticias\"],\"inLanguage\":\"es\"},{\"@type\":\"WebPage\",\"@id\":\"https:\/\/www.mpppst.gob.ve\/mpppstweb\/index.php\/2018\/03\/09\/con-cine-foro-poesia-y-debate-el-mpppst-ofrece-homenaje-a-chavez\/\",\"url\":\"https:\/\/www.mpppst.gob.ve\/mpppstweb\/index.php\/2018\/03\/09\/con-cine-foro-poesia-y-debate-el-mpppst-ofrece-homenaje-a-chavez\/\",\"name\":\"Con cine foro, poes\u00eda y debate el MPPPST ofrece homenaje a Ch\u00e1vez - MPPPST\",\"isPartOf\":{\"@id\":\"https:\/\/www.mpppst.gob.ve\/mpppstweb\/#website\"},\"primaryImageOfPage\":{\"@id\":\"https:\/\/www.mpppst.gob.ve\/mpppstweb\/index.php\/2018\/03\/09\/con-cine-foro-poesia-y-debate-el-mpppst-ofrece-homenaje-a-chavez\/#primaryimage\"},\"image\":{\"@id\":\"https:\/\/www.mpppst.gob.ve\/mpppstweb\/index.php\/2018\/03\/09\/con-cine-foro-poesia-y-debate-el-mpppst-ofrece-homenaje-a-chavez\/#primaryimage\"},\"thumbnailUrl\":\"https:\/\/www.mpppst.gob.ve\/mpppstweb\/wp-content\/uploads\/2018\/03\/Machuca.jpg\",\"datePublished\":\"2018-03-09T23:10:25+00:00\",\"dateModified\":\"2018-03-09T23:10:25+00:00\",\"breadcrumb\":{\"@id\":\"https:\/\/www.mpppst.gob.ve\/mpppstweb\/index.php\/2018\/03\/09\/con-cine-foro-poesia-y-debate-el-mpppst-ofrece-homenaje-a-chavez\/#breadcrumb\"},\"inLanguage\":\"es\",\"potentialAction\":[{\"@type\":\"ReadAction\",\"target\":[\"https:\/\/www.mpppst.gob.ve\/mpppstweb\/index.php\/2018\/03\/09\/con-cine-foro-poesia-y-debate-el-mpppst-ofrece-homenaje-a-chavez\/\"]}]},{\"@type\":\"ImageObject\",\"inLanguage\":\"es\",\"@id\":\"https:\/\/www.mpppst.gob.ve\/mpppstweb\/index.php\/2018\/03\/09\/con-cine-foro-poesia-y-debate-el-mpppst-ofrece-homenaje-a-chavez\/#primaryimage\",\"url\":\"https:\/\/www.mpppst.gob.ve\/mpppstweb\/wp-content\/uploads\/2018\/03\/Machuca.jpg\",\"contentUrl\":\"https:\/\/www.mpppst.gob.ve\/mpppstweb\/wp-content\/uploads\/2018\/03\/Machuca.jpg\",\"width\":800,\"height\":445},{\"@type\":\"BreadcrumbList\",\"@id\":\"https:\/\/www.mpppst.gob.ve\/mpppstweb\/index.php\/2018\/03\/09\/con-cine-foro-poesia-y-debate-el-mpppst-ofrece-homenaje-a-chavez\/#breadcrumb\",\"itemListElement\":[{\"@type\":\"ListItem\",\"position\":1,\"name\":\"Home\",\"item\":\"https:\/\/www.mpppst.gob.ve\/mpppstweb\/\"},{\"@type\":\"ListItem\",\"position\":2,\"name\":\"Con cine foro, poes\u00eda y debate el MPPPST ofrece homenaje a Ch\u00e1vez\"}]},{\"@type\":\"WebSite\",\"@id\":\"https:\/\/www.mpppst.gob.ve\/mpppstweb\/#website\",\"url\":\"https:\/\/www.mpppst.gob.ve\/mpppstweb\/\",\"name\":\"MPPPST\",\"description\":\"Ministerio del Poder Popular para el Proceso Social de Trabajo\",\"publisher\":{\"@id\":\"https:\/\/www.mpppst.gob.ve\/mpppstweb\/#organization\"},\"potentialAction\":[{\"@type\":\"SearchAction\",\"target\":{\"@type\":\"EntryPoint\",\"urlTemplate\":\"https:\/\/www.mpppst.gob.ve\/mpppstweb\/?s={search_term_string}\"},\"query-input\":\"required name=search_term_string\"}],\"inLanguage\":\"es\"},{\"@type\":\"Organization\",\"@id\":\"https:\/\/www.mpppst.gob.ve\/mpppstweb\/#organization\",\"name\":\"mpppst\",\"url\":\"https:\/\/www.mpppst.gob.ve\/mpppstweb\/\",\"logo\":{\"@type\":\"ImageObject\",\"inLanguage\":\"es\",\"@id\":\"https:\/\/www.mpppst.gob.ve\/mpppstweb\/#\/schema\/logo\/image\/\",\"url\":\"https:\/\/www.mpppst.gob.ve\/mpppstweb\/wp-content\/uploads\/2025\/07\/cropped-cropped-g910.png\",\"contentUrl\":\"https:\/\/www.mpppst.gob.ve\/mpppstweb\/wp-content\/uploads\/2025\/07\/cropped-cropped-g910.png\",\"width\":1080,\"height\":241,\"caption\":\"mpppst\"},\"image\":{\"@id\":\"https:\/\/www.mpppst.gob.ve\/mpppstweb\/#\/schema\/logo\/image\/\"}},{\"@type\":\"Person\",\"@id\":\"https:\/\/www.mpppst.gob.ve\/mpppstweb\/#\/schema\/person\/fc187ee8ead412bd4c9304b62f900ea4\",\"name\":\"MPPPST Prensa\",\"url\":\"https:\/\/www.mpppst.gob.ve\/mpppstweb\/index.php\/author\/prensa-mpppst\/\"}]}<\/script>\n<!-- \/ Yoast SEO plugin. -->","yoast_head_json":{"title":"Con cine foro, poes\u00eda y debate el MPPPST ofrece homenaje a Ch\u00e1vez - MPPPST","robots":{"index":"index","follow":"follow","max-snippet":"max-snippet:-1","max-image-preview":"max-image-preview:large","max-video-preview":"max-video-preview:-1"},"canonical":"https:\/\/www.mpppst.gob.ve\/mpppstweb\/index.php\/2018\/03\/09\/con-cine-foro-poesia-y-debate-el-mpppst-ofrece-homenaje-a-chavez\/","og_locale":"es_ES","og_type":"article","og_title":"Con cine foro, poes\u00eda y debate el MPPPST ofrece homenaje a Ch\u00e1vez - MPPPST","og_description":"Marbelys Mav\u00e1rez Laguna (Caracas, 06 de marzo de 2018).- Con motivo de cumplirse cinco a\u00f1os de &hellip; Con cine foro, poes\u00eda y debate el MPPPST ofrece homenaje a Ch\u00e1vezRead more","og_url":"https:\/\/www.mpppst.gob.ve\/mpppstweb\/index.php\/2018\/03\/09\/con-cine-foro-poesia-y-debate-el-mpppst-ofrece-homenaje-a-chavez\/","og_site_name":"MPPPST","article_published_time":"2018-03-09T23:10:25+00:00","og_image":[{"width":800,"height":445,"url":"https:\/\/www.mpppst.gob.ve\/mpppstweb\/wp-content\/uploads\/2018\/03\/Machuca.jpg","type":"image\/jpeg"}],"author":"MPPPST Prensa","twitter_card":"summary_large_image","twitter_misc":{"Escrito por":"MPPPST Prensa","Tiempo de lectura":"2 minutos"},"schema":{"@context":"https:\/\/schema.org","@graph":[{"@type":"Article","@id":"https:\/\/www.mpppst.gob.ve\/mpppstweb\/index.php\/2018\/03\/09\/con-cine-foro-poesia-y-debate-el-mpppst-ofrece-homenaje-a-chavez\/#article","isPartOf":{"@id":"https:\/\/www.mpppst.gob.ve\/mpppstweb\/index.php\/2018\/03\/09\/con-cine-foro-poesia-y-debate-el-mpppst-ofrece-homenaje-a-chavez\/"},"author":{"name":"MPPPST Prensa","@id":"https:\/\/www.mpppst.gob.ve\/mpppstweb\/#\/schema\/person\/fc187ee8ead412bd4c9304b62f900ea4"},"headline":"Con cine foro, poes\u00eda y debate el MPPPST ofrece homenaje a Ch\u00e1vez","datePublished":"2018-03-09T23:10:25+00:00","dateModified":"2018-03-09T23:10:25+00:00","mainEntityOfPage":{"@id":"https:\/\/www.mpppst.gob.ve\/mpppstweb\/index.php\/2018\/03\/09\/con-cine-foro-poesia-y-debate-el-mpppst-ofrece-homenaje-a-chavez\/"},"wordCount":471,"publisher":{"@id":"https:\/\/www.mpppst.gob.ve\/mpppstweb\/#organization"},"image":{"@id":"https:\/\/www.mpppst.gob.ve\/mpppstweb\/index.php\/2018\/03\/09\/con-cine-foro-poesia-y-debate-el-mpppst-ofrece-homenaje-a-chavez\/#primaryimage"},"thumbnailUrl":"https:\/\/www.mpppst.gob.ve\/mpppstweb\/wp-content\/uploads\/2018\/03\/Machuca.jpg","articleSection":["Gobierno Nacional","Movimientos Sociales","Noticias"],"inLanguage":"es"},{"@type":"WebPage","@id":"https:\/\/www.mpppst.gob.ve\/mpppstweb\/index.php\/2018\/03\/09\/con-cine-foro-poesia-y-debate-el-mpppst-ofrece-homenaje-a-chavez\/","url":"https:\/\/www.mpppst.gob.ve\/mpppstweb\/index.php\/2018\/03\/09\/con-cine-foro-poesia-y-debate-el-mpppst-ofrece-homenaje-a-chavez\/","name":"Con cine foro, poes\u00eda y debate el MPPPST ofrece homenaje a Ch\u00e1vez - MPPPST","isPartOf":{"@id":"https:\/\/www.mpppst.gob.ve\/mpppstweb\/#website"},"primaryImageOfPage":{"@id":"https:\/\/www.mpppst.gob.ve\/mpppstweb\/index.php\/2018\/03\/09\/con-cine-foro-poesia-y-debate-el-mpppst-ofrece-homenaje-a-chavez\/#primaryimage"},"image":{"@id":"https:\/\/www.mpppst.gob.ve\/mpppstweb\/index.php\/2018\/03\/09\/con-cine-foro-poesia-y-debate-el-mpppst-ofrece-homenaje-a-chavez\/#primaryimage"},"thumbnailUrl":"https:\/\/www.mpppst.gob.ve\/mpppstweb\/wp-content\/uploads\/2018\/03\/Machuca.jpg","datePublished":"2018-03-09T23:10:25+00:00","dateModified":"2018-03-09T23:10:25+00:00","breadcrumb":{"@id":"https:\/\/www.mpppst.gob.ve\/mpppstweb\/index.php\/2018\/03\/09\/con-cine-foro-poesia-y-debate-el-mpppst-ofrece-homenaje-a-chavez\/#breadcrumb"},"inLanguage":"es","potentialAction":[{"@type":"ReadAction","target":["https:\/\/www.mpppst.gob.ve\/mpppstweb\/index.php\/2018\/03\/09\/con-cine-foro-poesia-y-debate-el-mpppst-ofrece-homenaje-a-chavez\/"]}]},{"@type":"ImageObject","inLanguage":"es","@id":"https:\/\/www.mpppst.gob.ve\/mpppstweb\/index.php\/2018\/03\/09\/con-cine-foro-poesia-y-debate-el-mpppst-ofrece-homenaje-a-chavez\/#primaryimage","url":"https:\/\/www.mpppst.gob.ve\/mpppstweb\/wp-content\/uploads\/2018\/03\/Machuca.jpg","contentUrl":"https:\/\/www.mpppst.gob.ve\/mpppstweb\/wp-content\/uploads\/2018\/03\/Machuca.jpg","width":800,"height":445},{"@type":"BreadcrumbList","@id":"https:\/\/www.mpppst.gob.ve\/mpppstweb\/index.php\/2018\/03\/09\/con-cine-foro-poesia-y-debate-el-mpppst-ofrece-homenaje-a-chavez\/#breadcrumb","itemListElement":[{"@type":"ListItem","position":1,"name":"Home","item":"https:\/\/www.mpppst.gob.ve\/mpppstweb\/"},{"@type":"ListItem","position":2,"name":"Con cine foro, poes\u00eda y debate el MPPPST ofrece homenaje a Ch\u00e1vez"}]},{"@type":"WebSite","@id":"https:\/\/www.mpppst.gob.ve\/mpppstweb\/#website","url":"https:\/\/www.mpppst.gob.ve\/mpppstweb\/","name":"MPPPST","description":"Ministerio del Poder Popular para el Proceso Social de Trabajo","publisher":{"@id":"https:\/\/www.mpppst.gob.ve\/mpppstweb\/#organization"},"potentialAction":[{"@type":"SearchAction","target":{"@type":"EntryPoint","urlTemplate":"https:\/\/www.mpppst.gob.ve\/mpppstweb\/?s={search_term_string}"},"query-input":"required name=search_term_string"}],"inLanguage":"es"},{"@type":"Organization","@id":"https:\/\/www.mpppst.gob.ve\/mpppstweb\/#organization","name":"mpppst","url":"https:\/\/www.mpppst.gob.ve\/mpppstweb\/","logo":{"@type":"ImageObject","inLanguage":"es","@id":"https:\/\/www.mpppst.gob.ve\/mpppstweb\/#\/schema\/logo\/image\/","url":"https:\/\/www.mpppst.gob.ve\/mpppstweb\/wp-content\/uploads\/2025\/07\/cropped-cropped-g910.png","contentUrl":"https:\/\/www.mpppst.gob.ve\/mpppstweb\/wp-content\/uploads\/2025\/07\/cropped-cropped-g910.png","width":1080,"height":241,"caption":"mpppst"},"image":{"@id":"https:\/\/www.mpppst.gob.ve\/mpppstweb\/#\/schema\/logo\/image\/"}},{"@type":"Person","@id":"https:\/\/www.mpppst.gob.ve\/mpppstweb\/#\/schema\/person\/fc187ee8ead412bd4c9304b62f900ea4","name":"MPPPST Prensa","url":"https:\/\/www.mpppst.gob.ve\/mpppstweb\/index.php\/author\/prensa-mpppst\/"}]}},"_links":{"self":[{"href":"https:\/\/www.mpppst.gob.ve\/mpppstweb\/index.php\/wp-json\/wp\/v2\/posts\/14181"}],"collection":[{"href":"https:\/\/www.mpppst.gob.ve\/mpppstweb\/index.php\/wp-json\/wp\/v2\/posts"}],"about":[{"href":"https:\/\/www.mpppst.gob.ve\/mpppstweb\/index.php\/wp-json\/wp\/v2\/types\/post"}],"author":[{"embeddable":true,"href":"https:\/\/www.mpppst.gob.ve\/mpppstweb\/index.php\/wp-json\/wp\/v2\/users\/25"}],"replies":[{"embeddable":true,"href":"https:\/\/www.mpppst.gob.ve\/mpppstweb\/index.php\/wp-json\/wp\/v2\/comments?post=14181"}],"version-history":[{"count":1,"href":"https:\/\/www.mpppst.gob.ve\/mpppstweb\/index.php\/wp-json\/wp\/v2\/posts\/14181\/revisions"}],"predecessor-version":[{"id":14183,"href":"https:\/\/www.mpppst.gob.ve\/mpppstweb\/index.php\/wp-json\/wp\/v2\/posts\/14181\/revisions\/14183"}],"wp:featuredmedia":[{"embeddable":true,"href":"https:\/\/www.mpppst.gob.ve\/mpppstweb\/index.php\/wp-json\/wp\/v2\/media\/14182"}],"wp:attachment":[{"href":"https:\/\/www.mpppst.gob.ve\/mpppstweb\/index.php\/wp-json\/wp\/v2\/media?parent=14181"}],"wp:term":[{"taxonomy":"category","embeddable":true,"href":"https:\/\/www.mpppst.gob.ve\/mpppstweb\/index.php\/wp-json\/wp\/v2\/categories?post=14181"},{"taxonomy":"post_tag","embeddable":true,"href":"https:\/\/www.mpppst.gob.ve\/mpppstweb\/index.php\/wp-json\/wp\/v2\/tags?post=14181"}],"curies":[{"name":"wp","href":"https:\/\/api.w.org\/{rel}","templated":true}]}}