{"id":14207,"date":"2018-03-15T12:58:34","date_gmt":"2018-03-15T16:58:34","guid":{"rendered":"http:\/\/www.mpppst.gob.ve\/mpppstweb\/?p=14207"},"modified":"2018-03-15T12:58:34","modified_gmt":"2018-03-15T16:58:34","slug":"mis-dos-segundos-con-chavez","status":"publish","type":"post","link":"https:\/\/www.mpppst.gob.ve\/mpppstweb\/index.php\/2018\/03\/15\/mis-dos-segundos-con-chavez\/","title":{"rendered":"Mis dos segundos con Ch\u00e1vez"},"content":{"rendered":"<p>Por: Marbelys Mav\u00e1rez Laguna<\/p>\n<p>(Escrito el 17 de marzo de\u00a0 2013)<\/p>\n<p>El jueves 14 de marzo fui a verlo. La invitaci\u00f3n del menor de mis hermanos era la posibilidad real de encontrarme con ese hombre inolvidable\u2026 No hab\u00eda forma de evadir el deseo de toparnos con \u00e9l. Tampoco hab\u00eda posibilidad alguna de posponerlo\u2026<\/p>\n<p>Ese d\u00eda la ciudad estaba particularmente bulliciosa y ca\u00f3tica\u2026 Pero todo, todo cuanto se puedan imaginar, estuvo bendecido por la mano divina de Dios\u2026 Llegamos at\u00edpicamente de inmediato a El Valle y de all\u00ed entramos al Fuerte Tiuna tambi\u00e9n at\u00edpicamente pronto para incorporarnos a una cola que obligados por las circunstancias debimos abreviar\u2026. Fueron muchas horas las que comprimimos\u2026<\/p>\n<p>Una vez all\u00ed, en ese lugar, muy pr\u00f3ximo a la Casa de los Sue\u00f1os Azules, nos encontramos con personas que ten\u00edan los ojos muy peque\u00f1os, ojeras pronunciadas, mucha extenuaci\u00f3n a cuestas, miradas expectantes, profundo dolor interno\u2026 Una se\u00f1ora nos dijo: \u201cyo lo vine a ver porque todav\u00eda no lo puedo creer\u201d. Realmente estoy convencida de que no quer\u00eda aceptarlo. Fue lo que sent\u00ed el 05 de marzo, pasadas las 4 y 25 de la tarde. Ya cerca del Patio de Honor de la Academia Militar del Ej\u00e9rcito Bolivariano mi cuerpo empez\u00f3 a sollozar. Mi pecho comenz\u00f3 a temblar. Sent\u00eda como si me faltara el ox\u00edgeno\u2026 Mis piernas comenzaron a tambalear\u2026. Faltaba ya muy poco para verlo y si bien en la cola hubo advertencias de parte de algunas personas para poder verlo bien, ciertas recomendaciones para detallarlo, apreciarlo -como \u00e9l se lo merec\u00eda-, al llegar all\u00ed, la mente estuvo suspendida de todo. La mirada, mi pensamiento, atenci\u00f3n se dirigieron a ese hombre que dorm\u00eda.<\/p>\n<p>Frente a \u00e9l, transcurrieron en el mejor de los casos, dos segundos. Esos dos segundos me invitaron a fijar la mirada sobre quien nos gobern\u00f3 14 a\u00f1os: \u00bfcu\u00e1ntos segundos tienen 14 a\u00f1os? \u00bfCu\u00e1ntos segundos tienen 21 a\u00f1os? \u00bfCu\u00e1ntos segundos tienen cuarenta a\u00f1os? Fue el tiempo que el Comandante tuvo la mirada dirigida sobre Venezuela.<\/p>\n<p>El jueves 14 de marzo la historia me concedi\u00f3 esos dos segundos. Lo vi gallardo, con temple, enaltecido, con esa actitud propia de los hombres inmensos, con aplomo y decisi\u00f3n\u2026 Solo que esta vez se hallaba dormido, descansando (al parecer, la \u00fanica f\u00f3rmula que tuvo Ch\u00e1vez para poder reposar)\u2026 En esta oportunidad mi perplejidad no corr\u00eda el riesgo de verse desplazada por nada\u2026 Dos segundos con Ch\u00e1vez fueron como dos segundos con una historia que se empe\u00f1\u00f3 en borrar la otrora historia abominable. Esos dos segundos con Ch\u00e1vez fueron el encuentro para terminar de comprender su grandeza insistentemente minimizada por sectores que no comprendieron y no han comprendido la exhortaci\u00f3n que nos ha hecho la Historia\u2026 Dos segundos con quien levant\u00f3 la bandera de la libertad\u2026 Dos segundos con el hombre que encarn\u00f3 una ilimitada preocupaci\u00f3n por los excluidos de siempre. Que nos ense\u00f1\u00f3 el significado del perd\u00f3n incluso cuando lo consider\u00e1bamos inmerecido\u2026.<\/p>\n<p>Dos segundos que no fueron suficientes para detallarlo, pero fueron necesarios para aclarar lo absurdo de mis ideas, para esclarecer mi forzado autoenga\u00f1o: \u201c\u00a1no es posible\u00a1\u201d, \u201c\u00a1no lo puedo creer\u00a1\u201d. Esos dos segundos me permitieron confirmar que la historia tiene sus lados extra\u00f1os, a veces inexplicables por la l\u00f3gica\u2026<\/p>\n<p>Lo cierto es que esos dos segundos me hicieron reflexionar sobre la vida, sobre lo que podemos lograr cada d\u00eda, sobre lo que es posible que nosotros alcancemos (y lo hermoso es el plural)\u2026 Esos escasos dos segundos me hicieron concluir que podemos ser grandes a\u00fan cuando nuestras obras sean peque\u00f1as\u2026 Ese es un compromiso que posibilitar\u00e1 seguir teniendo Independencia y por lo tanto Patria para las futuras generaciones.<\/p>\n","protected":false},"excerpt":{"rendered":"<p>Por: Marbelys Mav\u00e1rez Laguna (Escrito el 17 de marzo de\u00a0 2013) El jueves 14 de marzo &hellip; <a title=\"Mis dos segundos con Ch\u00e1vez\" class=\"hm-read-more\" href=\"https:\/\/www.mpppst.gob.ve\/mpppstweb\/index.php\/2018\/03\/15\/mis-dos-segundos-con-chavez\/\"><span class=\"screen-reader-text\">Mis dos segundos con Ch\u00e1vez<\/span>Read more<\/a><\/p>\n","protected":false},"author":25,"featured_media":14208,"comment_status":"closed","ping_status":"closed","sticky":false,"template":"","format":"standard","meta":{"footnotes":""},"categories":[82,163],"tags":[],"yoast_head":"<!-- This site is optimized with the Yoast SEO plugin v22.5 - https:\/\/yoast.com\/wordpress\/plugins\/seo\/ -->\n<title>Mis dos segundos con Ch\u00e1vez - MPPPST<\/title>\n<meta name=\"robots\" content=\"index, follow, max-snippet:-1, max-image-preview:large, max-video-preview:-1\" \/>\n<link rel=\"canonical\" href=\"https:\/\/www.mpppst.gob.ve\/mpppstweb\/index.php\/2018\/03\/15\/mis-dos-segundos-con-chavez\/\" \/>\n<meta property=\"og:locale\" content=\"es_ES\" \/>\n<meta property=\"og:type\" content=\"article\" \/>\n<meta property=\"og:title\" content=\"Mis dos segundos con Ch\u00e1vez - MPPPST\" \/>\n<meta property=\"og:description\" content=\"Por: Marbelys Mav\u00e1rez Laguna (Escrito el 17 de marzo de\u00a0 2013) El jueves 14 de marzo &hellip; Mis dos segundos con Ch\u00e1vezRead more\" \/>\n<meta property=\"og:url\" content=\"https:\/\/www.mpppst.gob.ve\/mpppstweb\/index.php\/2018\/03\/15\/mis-dos-segundos-con-chavez\/\" \/>\n<meta property=\"og:site_name\" content=\"MPPPST\" \/>\n<meta property=\"article:published_time\" content=\"2018-03-15T16:58:34+00:00\" \/>\n<meta property=\"og:image\" content=\"https:\/\/www.mpppst.gob.ve\/mpppstweb\/wp-content\/uploads\/2018\/03\/chavez-mi-chavez.jpg\" \/>\n\t<meta property=\"og:image:width\" content=\"800\" \/>\n\t<meta property=\"og:image:height\" content=\"445\" \/>\n\t<meta property=\"og:image:type\" content=\"image\/jpeg\" \/>\n<meta name=\"author\" content=\"MPPPST Prensa\" \/>\n<meta name=\"twitter:card\" content=\"summary_large_image\" \/>\n<meta name=\"twitter:label1\" content=\"Escrito por\" \/>\n\t<meta name=\"twitter:data1\" content=\"MPPPST Prensa\" \/>\n\t<meta name=\"twitter:label2\" content=\"Tiempo de lectura\" \/>\n\t<meta name=\"twitter:data2\" content=\"3 minutos\" \/>\n<script type=\"application\/ld+json\" class=\"yoast-schema-graph\">{\"@context\":\"https:\/\/schema.org\",\"@graph\":[{\"@type\":\"Article\",\"@id\":\"https:\/\/www.mpppst.gob.ve\/mpppstweb\/index.php\/2018\/03\/15\/mis-dos-segundos-con-chavez\/#article\",\"isPartOf\":{\"@id\":\"https:\/\/www.mpppst.gob.ve\/mpppstweb\/index.php\/2018\/03\/15\/mis-dos-segundos-con-chavez\/\"},\"author\":{\"name\":\"MPPPST Prensa\",\"@id\":\"https:\/\/www.mpppst.gob.ve\/mpppstweb\/#\/schema\/person\/fc187ee8ead412bd4c9304b62f900ea4\"},\"headline\":\"Mis dos segundos con Ch\u00e1vez\",\"datePublished\":\"2018-03-15T16:58:34+00:00\",\"dateModified\":\"2018-03-15T16:58:34+00:00\",\"mainEntityOfPage\":{\"@id\":\"https:\/\/www.mpppst.gob.ve\/mpppstweb\/index.php\/2018\/03\/15\/mis-dos-segundos-con-chavez\/\"},\"wordCount\":643,\"publisher\":{\"@id\":\"https:\/\/www.mpppst.gob.ve\/mpppstweb\/#organization\"},\"image\":{\"@id\":\"https:\/\/www.mpppst.gob.ve\/mpppstweb\/index.php\/2018\/03\/15\/mis-dos-segundos-con-chavez\/#primaryimage\"},\"thumbnailUrl\":\"https:\/\/www.mpppst.gob.ve\/mpppstweb\/wp-content\/uploads\/2018\/03\/chavez-mi-chavez.jpg\",\"articleSection\":[\"Gobierno Nacional\",\"Noticias\"],\"inLanguage\":\"es\"},{\"@type\":\"WebPage\",\"@id\":\"https:\/\/www.mpppst.gob.ve\/mpppstweb\/index.php\/2018\/03\/15\/mis-dos-segundos-con-chavez\/\",\"url\":\"https:\/\/www.mpppst.gob.ve\/mpppstweb\/index.php\/2018\/03\/15\/mis-dos-segundos-con-chavez\/\",\"name\":\"Mis dos segundos con Ch\u00e1vez - MPPPST\",\"isPartOf\":{\"@id\":\"https:\/\/www.mpppst.gob.ve\/mpppstweb\/#website\"},\"primaryImageOfPage\":{\"@id\":\"https:\/\/www.mpppst.gob.ve\/mpppstweb\/index.php\/2018\/03\/15\/mis-dos-segundos-con-chavez\/#primaryimage\"},\"image\":{\"@id\":\"https:\/\/www.mpppst.gob.ve\/mpppstweb\/index.php\/2018\/03\/15\/mis-dos-segundos-con-chavez\/#primaryimage\"},\"thumbnailUrl\":\"https:\/\/www.mpppst.gob.ve\/mpppstweb\/wp-content\/uploads\/2018\/03\/chavez-mi-chavez.jpg\",\"datePublished\":\"2018-03-15T16:58:34+00:00\",\"dateModified\":\"2018-03-15T16:58:34+00:00\",\"breadcrumb\":{\"@id\":\"https:\/\/www.mpppst.gob.ve\/mpppstweb\/index.php\/2018\/03\/15\/mis-dos-segundos-con-chavez\/#breadcrumb\"},\"inLanguage\":\"es\",\"potentialAction\":[{\"@type\":\"ReadAction\",\"target\":[\"https:\/\/www.mpppst.gob.ve\/mpppstweb\/index.php\/2018\/03\/15\/mis-dos-segundos-con-chavez\/\"]}]},{\"@type\":\"ImageObject\",\"inLanguage\":\"es\",\"@id\":\"https:\/\/www.mpppst.gob.ve\/mpppstweb\/index.php\/2018\/03\/15\/mis-dos-segundos-con-chavez\/#primaryimage\",\"url\":\"https:\/\/www.mpppst.gob.ve\/mpppstweb\/wp-content\/uploads\/2018\/03\/chavez-mi-chavez.jpg\",\"contentUrl\":\"https:\/\/www.mpppst.gob.ve\/mpppstweb\/wp-content\/uploads\/2018\/03\/chavez-mi-chavez.jpg\",\"width\":800,\"height\":445},{\"@type\":\"BreadcrumbList\",\"@id\":\"https:\/\/www.mpppst.gob.ve\/mpppstweb\/index.php\/2018\/03\/15\/mis-dos-segundos-con-chavez\/#breadcrumb\",\"itemListElement\":[{\"@type\":\"ListItem\",\"position\":1,\"name\":\"Home\",\"item\":\"https:\/\/www.mpppst.gob.ve\/mpppstweb\/\"},{\"@type\":\"ListItem\",\"position\":2,\"name\":\"Mis dos segundos con Ch\u00e1vez\"}]},{\"@type\":\"WebSite\",\"@id\":\"https:\/\/www.mpppst.gob.ve\/mpppstweb\/#website\",\"url\":\"https:\/\/www.mpppst.gob.ve\/mpppstweb\/\",\"name\":\"MPPPST\",\"description\":\"Ministerio del Poder Popular para el Proceso Social de Trabajo\",\"publisher\":{\"@id\":\"https:\/\/www.mpppst.gob.ve\/mpppstweb\/#organization\"},\"potentialAction\":[{\"@type\":\"SearchAction\",\"target\":{\"@type\":\"EntryPoint\",\"urlTemplate\":\"https:\/\/www.mpppst.gob.ve\/mpppstweb\/?s={search_term_string}\"},\"query-input\":\"required name=search_term_string\"}],\"inLanguage\":\"es\"},{\"@type\":\"Organization\",\"@id\":\"https:\/\/www.mpppst.gob.ve\/mpppstweb\/#organization\",\"name\":\"mpppst\",\"url\":\"https:\/\/www.mpppst.gob.ve\/mpppstweb\/\",\"logo\":{\"@type\":\"ImageObject\",\"inLanguage\":\"es\",\"@id\":\"https:\/\/www.mpppst.gob.ve\/mpppstweb\/#\/schema\/logo\/image\/\",\"url\":\"https:\/\/www.mpppst.gob.ve\/mpppstweb\/wp-content\/uploads\/2025\/07\/cropped-cropped-g910.png\",\"contentUrl\":\"https:\/\/www.mpppst.gob.ve\/mpppstweb\/wp-content\/uploads\/2025\/07\/cropped-cropped-g910.png\",\"width\":1080,\"height\":241,\"caption\":\"mpppst\"},\"image\":{\"@id\":\"https:\/\/www.mpppst.gob.ve\/mpppstweb\/#\/schema\/logo\/image\/\"}},{\"@type\":\"Person\",\"@id\":\"https:\/\/www.mpppst.gob.ve\/mpppstweb\/#\/schema\/person\/fc187ee8ead412bd4c9304b62f900ea4\",\"name\":\"MPPPST Prensa\",\"url\":\"https:\/\/www.mpppst.gob.ve\/mpppstweb\/index.php\/author\/prensa-mpppst\/\"}]}<\/script>\n<!-- \/ Yoast SEO plugin. -->","yoast_head_json":{"title":"Mis dos segundos con Ch\u00e1vez - MPPPST","robots":{"index":"index","follow":"follow","max-snippet":"max-snippet:-1","max-image-preview":"max-image-preview:large","max-video-preview":"max-video-preview:-1"},"canonical":"https:\/\/www.mpppst.gob.ve\/mpppstweb\/index.php\/2018\/03\/15\/mis-dos-segundos-con-chavez\/","og_locale":"es_ES","og_type":"article","og_title":"Mis dos segundos con Ch\u00e1vez - MPPPST","og_description":"Por: Marbelys Mav\u00e1rez Laguna (Escrito el 17 de marzo de\u00a0 2013) El jueves 14 de marzo &hellip; Mis dos segundos con Ch\u00e1vezRead more","og_url":"https:\/\/www.mpppst.gob.ve\/mpppstweb\/index.php\/2018\/03\/15\/mis-dos-segundos-con-chavez\/","og_site_name":"MPPPST","article_published_time":"2018-03-15T16:58:34+00:00","og_image":[{"width":800,"height":445,"url":"https:\/\/www.mpppst.gob.ve\/mpppstweb\/wp-content\/uploads\/2018\/03\/chavez-mi-chavez.jpg","type":"image\/jpeg"}],"author":"MPPPST Prensa","twitter_card":"summary_large_image","twitter_misc":{"Escrito por":"MPPPST Prensa","Tiempo de lectura":"3 minutos"},"schema":{"@context":"https:\/\/schema.org","@graph":[{"@type":"Article","@id":"https:\/\/www.mpppst.gob.ve\/mpppstweb\/index.php\/2018\/03\/15\/mis-dos-segundos-con-chavez\/#article","isPartOf":{"@id":"https:\/\/www.mpppst.gob.ve\/mpppstweb\/index.php\/2018\/03\/15\/mis-dos-segundos-con-chavez\/"},"author":{"name":"MPPPST Prensa","@id":"https:\/\/www.mpppst.gob.ve\/mpppstweb\/#\/schema\/person\/fc187ee8ead412bd4c9304b62f900ea4"},"headline":"Mis dos segundos con Ch\u00e1vez","datePublished":"2018-03-15T16:58:34+00:00","dateModified":"2018-03-15T16:58:34+00:00","mainEntityOfPage":{"@id":"https:\/\/www.mpppst.gob.ve\/mpppstweb\/index.php\/2018\/03\/15\/mis-dos-segundos-con-chavez\/"},"wordCount":643,"publisher":{"@id":"https:\/\/www.mpppst.gob.ve\/mpppstweb\/#organization"},"image":{"@id":"https:\/\/www.mpppst.gob.ve\/mpppstweb\/index.php\/2018\/03\/15\/mis-dos-segundos-con-chavez\/#primaryimage"},"thumbnailUrl":"https:\/\/www.mpppst.gob.ve\/mpppstweb\/wp-content\/uploads\/2018\/03\/chavez-mi-chavez.jpg","articleSection":["Gobierno Nacional","Noticias"],"inLanguage":"es"},{"@type":"WebPage","@id":"https:\/\/www.mpppst.gob.ve\/mpppstweb\/index.php\/2018\/03\/15\/mis-dos-segundos-con-chavez\/","url":"https:\/\/www.mpppst.gob.ve\/mpppstweb\/index.php\/2018\/03\/15\/mis-dos-segundos-con-chavez\/","name":"Mis dos segundos con Ch\u00e1vez - MPPPST","isPartOf":{"@id":"https:\/\/www.mpppst.gob.ve\/mpppstweb\/#website"},"primaryImageOfPage":{"@id":"https:\/\/www.mpppst.gob.ve\/mpppstweb\/index.php\/2018\/03\/15\/mis-dos-segundos-con-chavez\/#primaryimage"},"image":{"@id":"https:\/\/www.mpppst.gob.ve\/mpppstweb\/index.php\/2018\/03\/15\/mis-dos-segundos-con-chavez\/#primaryimage"},"thumbnailUrl":"https:\/\/www.mpppst.gob.ve\/mpppstweb\/wp-content\/uploads\/2018\/03\/chavez-mi-chavez.jpg","datePublished":"2018-03-15T16:58:34+00:00","dateModified":"2018-03-15T16:58:34+00:00","breadcrumb":{"@id":"https:\/\/www.mpppst.gob.ve\/mpppstweb\/index.php\/2018\/03\/15\/mis-dos-segundos-con-chavez\/#breadcrumb"},"inLanguage":"es","potentialAction":[{"@type":"ReadAction","target":["https:\/\/www.mpppst.gob.ve\/mpppstweb\/index.php\/2018\/03\/15\/mis-dos-segundos-con-chavez\/"]}]},{"@type":"ImageObject","inLanguage":"es","@id":"https:\/\/www.mpppst.gob.ve\/mpppstweb\/index.php\/2018\/03\/15\/mis-dos-segundos-con-chavez\/#primaryimage","url":"https:\/\/www.mpppst.gob.ve\/mpppstweb\/wp-content\/uploads\/2018\/03\/chavez-mi-chavez.jpg","contentUrl":"https:\/\/www.mpppst.gob.ve\/mpppstweb\/wp-content\/uploads\/2018\/03\/chavez-mi-chavez.jpg","width":800,"height":445},{"@type":"BreadcrumbList","@id":"https:\/\/www.mpppst.gob.ve\/mpppstweb\/index.php\/2018\/03\/15\/mis-dos-segundos-con-chavez\/#breadcrumb","itemListElement":[{"@type":"ListItem","position":1,"name":"Home","item":"https:\/\/www.mpppst.gob.ve\/mpppstweb\/"},{"@type":"ListItem","position":2,"name":"Mis dos segundos con Ch\u00e1vez"}]},{"@type":"WebSite","@id":"https:\/\/www.mpppst.gob.ve\/mpppstweb\/#website","url":"https:\/\/www.mpppst.gob.ve\/mpppstweb\/","name":"MPPPST","description":"Ministerio del Poder Popular para el Proceso Social de Trabajo","publisher":{"@id":"https:\/\/www.mpppst.gob.ve\/mpppstweb\/#organization"},"potentialAction":[{"@type":"SearchAction","target":{"@type":"EntryPoint","urlTemplate":"https:\/\/www.mpppst.gob.ve\/mpppstweb\/?s={search_term_string}"},"query-input":"required name=search_term_string"}],"inLanguage":"es"},{"@type":"Organization","@id":"https:\/\/www.mpppst.gob.ve\/mpppstweb\/#organization","name":"mpppst","url":"https:\/\/www.mpppst.gob.ve\/mpppstweb\/","logo":{"@type":"ImageObject","inLanguage":"es","@id":"https:\/\/www.mpppst.gob.ve\/mpppstweb\/#\/schema\/logo\/image\/","url":"https:\/\/www.mpppst.gob.ve\/mpppstweb\/wp-content\/uploads\/2025\/07\/cropped-cropped-g910.png","contentUrl":"https:\/\/www.mpppst.gob.ve\/mpppstweb\/wp-content\/uploads\/2025\/07\/cropped-cropped-g910.png","width":1080,"height":241,"caption":"mpppst"},"image":{"@id":"https:\/\/www.mpppst.gob.ve\/mpppstweb\/#\/schema\/logo\/image\/"}},{"@type":"Person","@id":"https:\/\/www.mpppst.gob.ve\/mpppstweb\/#\/schema\/person\/fc187ee8ead412bd4c9304b62f900ea4","name":"MPPPST Prensa","url":"https:\/\/www.mpppst.gob.ve\/mpppstweb\/index.php\/author\/prensa-mpppst\/"}]}},"_links":{"self":[{"href":"https:\/\/www.mpppst.gob.ve\/mpppstweb\/index.php\/wp-json\/wp\/v2\/posts\/14207"}],"collection":[{"href":"https:\/\/www.mpppst.gob.ve\/mpppstweb\/index.php\/wp-json\/wp\/v2\/posts"}],"about":[{"href":"https:\/\/www.mpppst.gob.ve\/mpppstweb\/index.php\/wp-json\/wp\/v2\/types\/post"}],"author":[{"embeddable":true,"href":"https:\/\/www.mpppst.gob.ve\/mpppstweb\/index.php\/wp-json\/wp\/v2\/users\/25"}],"replies":[{"embeddable":true,"href":"https:\/\/www.mpppst.gob.ve\/mpppstweb\/index.php\/wp-json\/wp\/v2\/comments?post=14207"}],"version-history":[{"count":2,"href":"https:\/\/www.mpppst.gob.ve\/mpppstweb\/index.php\/wp-json\/wp\/v2\/posts\/14207\/revisions"}],"predecessor-version":[{"id":14267,"href":"https:\/\/www.mpppst.gob.ve\/mpppstweb\/index.php\/wp-json\/wp\/v2\/posts\/14207\/revisions\/14267"}],"wp:featuredmedia":[{"embeddable":true,"href":"https:\/\/www.mpppst.gob.ve\/mpppstweb\/index.php\/wp-json\/wp\/v2\/media\/14208"}],"wp:attachment":[{"href":"https:\/\/www.mpppst.gob.ve\/mpppstweb\/index.php\/wp-json\/wp\/v2\/media?parent=14207"}],"wp:term":[{"taxonomy":"category","embeddable":true,"href":"https:\/\/www.mpppst.gob.ve\/mpppstweb\/index.php\/wp-json\/wp\/v2\/categories?post=14207"},{"taxonomy":"post_tag","embeddable":true,"href":"https:\/\/www.mpppst.gob.ve\/mpppstweb\/index.php\/wp-json\/wp\/v2\/tags?post=14207"}],"curies":[{"name":"wp","href":"https:\/\/api.w.org\/{rel}","templated":true}]}}