{"id":14210,"date":"2018-03-16T11:22:26","date_gmt":"2018-03-16T15:22:26","guid":{"rendered":"http:\/\/www.mpppst.gob.ve\/mpppstweb\/?p=14210"},"modified":"2018-03-16T11:22:26","modified_gmt":"2018-03-16T15:22:26","slug":"presidente-maduro-conmemora-quinto-aniversario-de-la-siembra-del-comandante-supremo-hugo-chavez","status":"publish","type":"post","link":"https:\/\/www.mpppst.gob.ve\/mpppstweb\/index.php\/2018\/03\/16\/presidente-maduro-conmemora-quinto-aniversario-de-la-siembra-del-comandante-supremo-hugo-chavez\/","title":{"rendered":"Presidente Maduro conmemora quinto aniversario de la siembra del Comandante Supremo Hugo Ch\u00e1vez"},"content":{"rendered":"<p>Minci<\/p>\n<p>El presidente de la Rep\u00fablica Bolivariana de Venezuela, Nicol\u00e1s Maduro, llega a la Academia Militar del Ej\u00e9rcito, para la remembranza del Quinto Aniversario de la Siembra del Comandante Supremo, Hugo Ch\u00e1vez, quien desapareci\u00f3 f\u00edsicamente el 5 de marzo del a\u00f1o 2013.<\/p>\n<p>A su llegada a la instituci\u00f3n militar donde el l\u00edder de la Revoluci\u00f3n Bolivariana forj\u00f3 los sue\u00f1os de la Patria libre y soberana, el presidente Maduro recibi\u00f3 los honores correspondientes a su alta investidura.<\/p>\n<p>El Comandante Supremo, Hugo Ch\u00e1vez fue despedido por m\u00e1s de 6 millones de venezolanos, quienes de manera ininterrumpida asistieron a la Academia Militar del Ej\u00e9rcito para darle el \u00faltimo adi\u00f3s.<\/p>\n<p>Con la asistencia de m\u00e1s de de 53 delegaciones del mundo, el l\u00edder de la Revoluci\u00f3n Bolivariana, permaneci\u00f3 10 d\u00edas en el recinto militar. El 10 de marzo fueron trasladados sus retos inmortales al Cuartel de La Monta\u00f1a 4F, donde permanecen sembrados en La Flor de Los Cuatro Elementos.<\/p>\n","protected":false},"excerpt":{"rendered":"<p>Minci El presidente de la Rep\u00fablica Bolivariana de Venezuela, Nicol\u00e1s Maduro, llega a la Academia Militar &hellip; <a title=\"Presidente Maduro conmemora quinto aniversario de la siembra del Comandante Supremo Hugo Ch\u00e1vez\" class=\"hm-read-more\" href=\"https:\/\/www.mpppst.gob.ve\/mpppstweb\/index.php\/2018\/03\/16\/presidente-maduro-conmemora-quinto-aniversario-de-la-siembra-del-comandante-supremo-hugo-chavez\/\"><span class=\"screen-reader-text\">Presidente Maduro conmemora quinto aniversario de la siembra del Comandante Supremo Hugo Ch\u00e1vez<\/span>Read more<\/a><\/p>\n","protected":false},"author":25,"featured_media":14211,"comment_status":"closed","ping_status":"closed","sticky":false,"template":"","format":"standard","meta":{"footnotes":""},"categories":[82,163],"tags":[],"yoast_head":"<!-- This site is optimized with the Yoast SEO plugin v22.5 - https:\/\/yoast.com\/wordpress\/plugins\/seo\/ -->\n<title>Presidente Maduro conmemora quinto aniversario de la siembra del Comandante Supremo Hugo Ch\u00e1vez - MPPPST<\/title>\n<meta name=\"robots\" content=\"index, follow, max-snippet:-1, max-image-preview:large, max-video-preview:-1\" \/>\n<link rel=\"canonical\" href=\"https:\/\/www.mpppst.gob.ve\/mpppstweb\/index.php\/2018\/03\/16\/presidente-maduro-conmemora-quinto-aniversario-de-la-siembra-del-comandante-supremo-hugo-chavez\/\" \/>\n<meta property=\"og:locale\" content=\"es_ES\" \/>\n<meta property=\"og:type\" content=\"article\" \/>\n<meta property=\"og:title\" content=\"Presidente Maduro conmemora quinto aniversario de la siembra del Comandante Supremo Hugo Ch\u00e1vez - MPPPST\" \/>\n<meta property=\"og:description\" content=\"Minci El presidente de la Rep\u00fablica Bolivariana de Venezuela, Nicol\u00e1s Maduro, llega a la Academia Militar &hellip; Presidente Maduro conmemora quinto aniversario de la siembra del Comandante Supremo Hugo Ch\u00e1vezRead more\" \/>\n<meta property=\"og:url\" content=\"https:\/\/www.mpppst.gob.ve\/mpppstweb\/index.php\/2018\/03\/16\/presidente-maduro-conmemora-quinto-aniversario-de-la-siembra-del-comandante-supremo-hugo-chavez\/\" \/>\n<meta property=\"og:site_name\" content=\"MPPPST\" \/>\n<meta property=\"article:published_time\" content=\"2018-03-16T15:22:26+00:00\" \/>\n<meta property=\"og:image\" content=\"https:\/\/www.mpppst.gob.ve\/mpppstweb\/wp-content\/uploads\/2018\/03\/002_006_MG3742_P_W.jpg\" \/>\n\t<meta property=\"og:image:width\" content=\"800\" \/>\n\t<meta property=\"og:image:height\" content=\"445\" \/>\n\t<meta property=\"og:image:type\" content=\"image\/jpeg\" \/>\n<meta name=\"author\" content=\"MPPPST Prensa\" \/>\n<meta name=\"twitter:card\" content=\"summary_large_image\" \/>\n<meta name=\"twitter:label1\" content=\"Escrito por\" \/>\n\t<meta name=\"twitter:data1\" content=\"MPPPST Prensa\" \/>\n\t<meta name=\"twitter:label2\" content=\"Tiempo de lectura\" \/>\n\t<meta name=\"twitter:data2\" content=\"1 minuto\" \/>\n<script type=\"application\/ld+json\" class=\"yoast-schema-graph\">{\"@context\":\"https:\/\/schema.org\",\"@graph\":[{\"@type\":\"Article\",\"@id\":\"https:\/\/www.mpppst.gob.ve\/mpppstweb\/index.php\/2018\/03\/16\/presidente-maduro-conmemora-quinto-aniversario-de-la-siembra-del-comandante-supremo-hugo-chavez\/#article\",\"isPartOf\":{\"@id\":\"https:\/\/www.mpppst.gob.ve\/mpppstweb\/index.php\/2018\/03\/16\/presidente-maduro-conmemora-quinto-aniversario-de-la-siembra-del-comandante-supremo-hugo-chavez\/\"},\"author\":{\"name\":\"MPPPST Prensa\",\"@id\":\"https:\/\/www.mpppst.gob.ve\/mpppstweb\/#\/schema\/person\/fc187ee8ead412bd4c9304b62f900ea4\"},\"headline\":\"Presidente Maduro conmemora quinto aniversario de la siembra del Comandante Supremo Hugo Ch\u00e1vez\",\"datePublished\":\"2018-03-16T15:22:26+00:00\",\"dateModified\":\"2018-03-16T15:22:26+00:00\",\"mainEntityOfPage\":{\"@id\":\"https:\/\/www.mpppst.gob.ve\/mpppstweb\/index.php\/2018\/03\/16\/presidente-maduro-conmemora-quinto-aniversario-de-la-siembra-del-comandante-supremo-hugo-chavez\/\"},\"wordCount\":182,\"publisher\":{\"@id\":\"https:\/\/www.mpppst.gob.ve\/mpppstweb\/#organization\"},\"image\":{\"@id\":\"https:\/\/www.mpppst.gob.ve\/mpppstweb\/index.php\/2018\/03\/16\/presidente-maduro-conmemora-quinto-aniversario-de-la-siembra-del-comandante-supremo-hugo-chavez\/#primaryimage\"},\"thumbnailUrl\":\"https:\/\/www.mpppst.gob.ve\/mpppstweb\/wp-content\/uploads\/2018\/03\/002_006_MG3742_P_W.jpg\",\"articleSection\":[\"Gobierno Nacional\",\"Noticias\"],\"inLanguage\":\"es\"},{\"@type\":\"WebPage\",\"@id\":\"https:\/\/www.mpppst.gob.ve\/mpppstweb\/index.php\/2018\/03\/16\/presidente-maduro-conmemora-quinto-aniversario-de-la-siembra-del-comandante-supremo-hugo-chavez\/\",\"url\":\"https:\/\/www.mpppst.gob.ve\/mpppstweb\/index.php\/2018\/03\/16\/presidente-maduro-conmemora-quinto-aniversario-de-la-siembra-del-comandante-supremo-hugo-chavez\/\",\"name\":\"Presidente Maduro conmemora quinto aniversario de la siembra del Comandante Supremo Hugo Ch\u00e1vez - MPPPST\",\"isPartOf\":{\"@id\":\"https:\/\/www.mpppst.gob.ve\/mpppstweb\/#website\"},\"primaryImageOfPage\":{\"@id\":\"https:\/\/www.mpppst.gob.ve\/mpppstweb\/index.php\/2018\/03\/16\/presidente-maduro-conmemora-quinto-aniversario-de-la-siembra-del-comandante-supremo-hugo-chavez\/#primaryimage\"},\"image\":{\"@id\":\"https:\/\/www.mpppst.gob.ve\/mpppstweb\/index.php\/2018\/03\/16\/presidente-maduro-conmemora-quinto-aniversario-de-la-siembra-del-comandante-supremo-hugo-chavez\/#primaryimage\"},\"thumbnailUrl\":\"https:\/\/www.mpppst.gob.ve\/mpppstweb\/wp-content\/uploads\/2018\/03\/002_006_MG3742_P_W.jpg\",\"datePublished\":\"2018-03-16T15:22:26+00:00\",\"dateModified\":\"2018-03-16T15:22:26+00:00\",\"breadcrumb\":{\"@id\":\"https:\/\/www.mpppst.gob.ve\/mpppstweb\/index.php\/2018\/03\/16\/presidente-maduro-conmemora-quinto-aniversario-de-la-siembra-del-comandante-supremo-hugo-chavez\/#breadcrumb\"},\"inLanguage\":\"es\",\"potentialAction\":[{\"@type\":\"ReadAction\",\"target\":[\"https:\/\/www.mpppst.gob.ve\/mpppstweb\/index.php\/2018\/03\/16\/presidente-maduro-conmemora-quinto-aniversario-de-la-siembra-del-comandante-supremo-hugo-chavez\/\"]}]},{\"@type\":\"ImageObject\",\"inLanguage\":\"es\",\"@id\":\"https:\/\/www.mpppst.gob.ve\/mpppstweb\/index.php\/2018\/03\/16\/presidente-maduro-conmemora-quinto-aniversario-de-la-siembra-del-comandante-supremo-hugo-chavez\/#primaryimage\",\"url\":\"https:\/\/www.mpppst.gob.ve\/mpppstweb\/wp-content\/uploads\/2018\/03\/002_006_MG3742_P_W.jpg\",\"contentUrl\":\"https:\/\/www.mpppst.gob.ve\/mpppstweb\/wp-content\/uploads\/2018\/03\/002_006_MG3742_P_W.jpg\",\"width\":800,\"height\":445},{\"@type\":\"BreadcrumbList\",\"@id\":\"https:\/\/www.mpppst.gob.ve\/mpppstweb\/index.php\/2018\/03\/16\/presidente-maduro-conmemora-quinto-aniversario-de-la-siembra-del-comandante-supremo-hugo-chavez\/#breadcrumb\",\"itemListElement\":[{\"@type\":\"ListItem\",\"position\":1,\"name\":\"Home\",\"item\":\"https:\/\/www.mpppst.gob.ve\/mpppstweb\/\"},{\"@type\":\"ListItem\",\"position\":2,\"name\":\"Presidente Maduro conmemora quinto aniversario de la siembra del Comandante Supremo Hugo Ch\u00e1vez\"}]},{\"@type\":\"WebSite\",\"@id\":\"https:\/\/www.mpppst.gob.ve\/mpppstweb\/#website\",\"url\":\"https:\/\/www.mpppst.gob.ve\/mpppstweb\/\",\"name\":\"MPPPST\",\"description\":\"Ministerio del Poder Popular para el Proceso Social de Trabajo\",\"publisher\":{\"@id\":\"https:\/\/www.mpppst.gob.ve\/mpppstweb\/#organization\"},\"potentialAction\":[{\"@type\":\"SearchAction\",\"target\":{\"@type\":\"EntryPoint\",\"urlTemplate\":\"https:\/\/www.mpppst.gob.ve\/mpppstweb\/?s={search_term_string}\"},\"query-input\":\"required name=search_term_string\"}],\"inLanguage\":\"es\"},{\"@type\":\"Organization\",\"@id\":\"https:\/\/www.mpppst.gob.ve\/mpppstweb\/#organization\",\"name\":\"mpppst\",\"url\":\"https:\/\/www.mpppst.gob.ve\/mpppstweb\/\",\"logo\":{\"@type\":\"ImageObject\",\"inLanguage\":\"es\",\"@id\":\"https:\/\/www.mpppst.gob.ve\/mpppstweb\/#\/schema\/logo\/image\/\",\"url\":\"https:\/\/www.mpppst.gob.ve\/mpppstweb\/wp-content\/uploads\/2025\/07\/cropped-cropped-g910.png\",\"contentUrl\":\"https:\/\/www.mpppst.gob.ve\/mpppstweb\/wp-content\/uploads\/2025\/07\/cropped-cropped-g910.png\",\"width\":1080,\"height\":241,\"caption\":\"mpppst\"},\"image\":{\"@id\":\"https:\/\/www.mpppst.gob.ve\/mpppstweb\/#\/schema\/logo\/image\/\"}},{\"@type\":\"Person\",\"@id\":\"https:\/\/www.mpppst.gob.ve\/mpppstweb\/#\/schema\/person\/fc187ee8ead412bd4c9304b62f900ea4\",\"name\":\"MPPPST Prensa\",\"url\":\"https:\/\/www.mpppst.gob.ve\/mpppstweb\/index.php\/author\/prensa-mpppst\/\"}]}<\/script>\n<!-- \/ Yoast SEO plugin. -->","yoast_head_json":{"title":"Presidente Maduro conmemora quinto aniversario de la siembra del Comandante Supremo Hugo Ch\u00e1vez - MPPPST","robots":{"index":"index","follow":"follow","max-snippet":"max-snippet:-1","max-image-preview":"max-image-preview:large","max-video-preview":"max-video-preview:-1"},"canonical":"https:\/\/www.mpppst.gob.ve\/mpppstweb\/index.php\/2018\/03\/16\/presidente-maduro-conmemora-quinto-aniversario-de-la-siembra-del-comandante-supremo-hugo-chavez\/","og_locale":"es_ES","og_type":"article","og_title":"Presidente Maduro conmemora quinto aniversario de la siembra del Comandante Supremo Hugo Ch\u00e1vez - MPPPST","og_description":"Minci El presidente de la Rep\u00fablica Bolivariana de Venezuela, Nicol\u00e1s Maduro, llega a la Academia Militar &hellip; Presidente Maduro conmemora quinto aniversario de la siembra del Comandante Supremo Hugo Ch\u00e1vezRead more","og_url":"https:\/\/www.mpppst.gob.ve\/mpppstweb\/index.php\/2018\/03\/16\/presidente-maduro-conmemora-quinto-aniversario-de-la-siembra-del-comandante-supremo-hugo-chavez\/","og_site_name":"MPPPST","article_published_time":"2018-03-16T15:22:26+00:00","og_image":[{"width":800,"height":445,"url":"https:\/\/www.mpppst.gob.ve\/mpppstweb\/wp-content\/uploads\/2018\/03\/002_006_MG3742_P_W.jpg","type":"image\/jpeg"}],"author":"MPPPST Prensa","twitter_card":"summary_large_image","twitter_misc":{"Escrito por":"MPPPST Prensa","Tiempo de lectura":"1 minuto"},"schema":{"@context":"https:\/\/schema.org","@graph":[{"@type":"Article","@id":"https:\/\/www.mpppst.gob.ve\/mpppstweb\/index.php\/2018\/03\/16\/presidente-maduro-conmemora-quinto-aniversario-de-la-siembra-del-comandante-supremo-hugo-chavez\/#article","isPartOf":{"@id":"https:\/\/www.mpppst.gob.ve\/mpppstweb\/index.php\/2018\/03\/16\/presidente-maduro-conmemora-quinto-aniversario-de-la-siembra-del-comandante-supremo-hugo-chavez\/"},"author":{"name":"MPPPST Prensa","@id":"https:\/\/www.mpppst.gob.ve\/mpppstweb\/#\/schema\/person\/fc187ee8ead412bd4c9304b62f900ea4"},"headline":"Presidente Maduro conmemora quinto aniversario de la siembra del Comandante Supremo Hugo Ch\u00e1vez","datePublished":"2018-03-16T15:22:26+00:00","dateModified":"2018-03-16T15:22:26+00:00","mainEntityOfPage":{"@id":"https:\/\/www.mpppst.gob.ve\/mpppstweb\/index.php\/2018\/03\/16\/presidente-maduro-conmemora-quinto-aniversario-de-la-siembra-del-comandante-supremo-hugo-chavez\/"},"wordCount":182,"publisher":{"@id":"https:\/\/www.mpppst.gob.ve\/mpppstweb\/#organization"},"image":{"@id":"https:\/\/www.mpppst.gob.ve\/mpppstweb\/index.php\/2018\/03\/16\/presidente-maduro-conmemora-quinto-aniversario-de-la-siembra-del-comandante-supremo-hugo-chavez\/#primaryimage"},"thumbnailUrl":"https:\/\/www.mpppst.gob.ve\/mpppstweb\/wp-content\/uploads\/2018\/03\/002_006_MG3742_P_W.jpg","articleSection":["Gobierno Nacional","Noticias"],"inLanguage":"es"},{"@type":"WebPage","@id":"https:\/\/www.mpppst.gob.ve\/mpppstweb\/index.php\/2018\/03\/16\/presidente-maduro-conmemora-quinto-aniversario-de-la-siembra-del-comandante-supremo-hugo-chavez\/","url":"https:\/\/www.mpppst.gob.ve\/mpppstweb\/index.php\/2018\/03\/16\/presidente-maduro-conmemora-quinto-aniversario-de-la-siembra-del-comandante-supremo-hugo-chavez\/","name":"Presidente Maduro conmemora quinto aniversario de la siembra del Comandante Supremo Hugo Ch\u00e1vez - MPPPST","isPartOf":{"@id":"https:\/\/www.mpppst.gob.ve\/mpppstweb\/#website"},"primaryImageOfPage":{"@id":"https:\/\/www.mpppst.gob.ve\/mpppstweb\/index.php\/2018\/03\/16\/presidente-maduro-conmemora-quinto-aniversario-de-la-siembra-del-comandante-supremo-hugo-chavez\/#primaryimage"},"image":{"@id":"https:\/\/www.mpppst.gob.ve\/mpppstweb\/index.php\/2018\/03\/16\/presidente-maduro-conmemora-quinto-aniversario-de-la-siembra-del-comandante-supremo-hugo-chavez\/#primaryimage"},"thumbnailUrl":"https:\/\/www.mpppst.gob.ve\/mpppstweb\/wp-content\/uploads\/2018\/03\/002_006_MG3742_P_W.jpg","datePublished":"2018-03-16T15:22:26+00:00","dateModified":"2018-03-16T15:22:26+00:00","breadcrumb":{"@id":"https:\/\/www.mpppst.gob.ve\/mpppstweb\/index.php\/2018\/03\/16\/presidente-maduro-conmemora-quinto-aniversario-de-la-siembra-del-comandante-supremo-hugo-chavez\/#breadcrumb"},"inLanguage":"es","potentialAction":[{"@type":"ReadAction","target":["https:\/\/www.mpppst.gob.ve\/mpppstweb\/index.php\/2018\/03\/16\/presidente-maduro-conmemora-quinto-aniversario-de-la-siembra-del-comandante-supremo-hugo-chavez\/"]}]},{"@type":"ImageObject","inLanguage":"es","@id":"https:\/\/www.mpppst.gob.ve\/mpppstweb\/index.php\/2018\/03\/16\/presidente-maduro-conmemora-quinto-aniversario-de-la-siembra-del-comandante-supremo-hugo-chavez\/#primaryimage","url":"https:\/\/www.mpppst.gob.ve\/mpppstweb\/wp-content\/uploads\/2018\/03\/002_006_MG3742_P_W.jpg","contentUrl":"https:\/\/www.mpppst.gob.ve\/mpppstweb\/wp-content\/uploads\/2018\/03\/002_006_MG3742_P_W.jpg","width":800,"height":445},{"@type":"BreadcrumbList","@id":"https:\/\/www.mpppst.gob.ve\/mpppstweb\/index.php\/2018\/03\/16\/presidente-maduro-conmemora-quinto-aniversario-de-la-siembra-del-comandante-supremo-hugo-chavez\/#breadcrumb","itemListElement":[{"@type":"ListItem","position":1,"name":"Home","item":"https:\/\/www.mpppst.gob.ve\/mpppstweb\/"},{"@type":"ListItem","position":2,"name":"Presidente Maduro conmemora quinto aniversario de la siembra del Comandante Supremo Hugo Ch\u00e1vez"}]},{"@type":"WebSite","@id":"https:\/\/www.mpppst.gob.ve\/mpppstweb\/#website","url":"https:\/\/www.mpppst.gob.ve\/mpppstweb\/","name":"MPPPST","description":"Ministerio del Poder Popular para el Proceso Social de Trabajo","publisher":{"@id":"https:\/\/www.mpppst.gob.ve\/mpppstweb\/#organization"},"potentialAction":[{"@type":"SearchAction","target":{"@type":"EntryPoint","urlTemplate":"https:\/\/www.mpppst.gob.ve\/mpppstweb\/?s={search_term_string}"},"query-input":"required name=search_term_string"}],"inLanguage":"es"},{"@type":"Organization","@id":"https:\/\/www.mpppst.gob.ve\/mpppstweb\/#organization","name":"mpppst","url":"https:\/\/www.mpppst.gob.ve\/mpppstweb\/","logo":{"@type":"ImageObject","inLanguage":"es","@id":"https:\/\/www.mpppst.gob.ve\/mpppstweb\/#\/schema\/logo\/image\/","url":"https:\/\/www.mpppst.gob.ve\/mpppstweb\/wp-content\/uploads\/2025\/07\/cropped-cropped-g910.png","contentUrl":"https:\/\/www.mpppst.gob.ve\/mpppstweb\/wp-content\/uploads\/2025\/07\/cropped-cropped-g910.png","width":1080,"height":241,"caption":"mpppst"},"image":{"@id":"https:\/\/www.mpppst.gob.ve\/mpppstweb\/#\/schema\/logo\/image\/"}},{"@type":"Person","@id":"https:\/\/www.mpppst.gob.ve\/mpppstweb\/#\/schema\/person\/fc187ee8ead412bd4c9304b62f900ea4","name":"MPPPST Prensa","url":"https:\/\/www.mpppst.gob.ve\/mpppstweb\/index.php\/author\/prensa-mpppst\/"}]}},"_links":{"self":[{"href":"https:\/\/www.mpppst.gob.ve\/mpppstweb\/index.php\/wp-json\/wp\/v2\/posts\/14210"}],"collection":[{"href":"https:\/\/www.mpppst.gob.ve\/mpppstweb\/index.php\/wp-json\/wp\/v2\/posts"}],"about":[{"href":"https:\/\/www.mpppst.gob.ve\/mpppstweb\/index.php\/wp-json\/wp\/v2\/types\/post"}],"author":[{"embeddable":true,"href":"https:\/\/www.mpppst.gob.ve\/mpppstweb\/index.php\/wp-json\/wp\/v2\/users\/25"}],"replies":[{"embeddable":true,"href":"https:\/\/www.mpppst.gob.ve\/mpppstweb\/index.php\/wp-json\/wp\/v2\/comments?post=14210"}],"version-history":[{"count":1,"href":"https:\/\/www.mpppst.gob.ve\/mpppstweb\/index.php\/wp-json\/wp\/v2\/posts\/14210\/revisions"}],"predecessor-version":[{"id":14212,"href":"https:\/\/www.mpppst.gob.ve\/mpppstweb\/index.php\/wp-json\/wp\/v2\/posts\/14210\/revisions\/14212"}],"wp:featuredmedia":[{"embeddable":true,"href":"https:\/\/www.mpppst.gob.ve\/mpppstweb\/index.php\/wp-json\/wp\/v2\/media\/14211"}],"wp:attachment":[{"href":"https:\/\/www.mpppst.gob.ve\/mpppstweb\/index.php\/wp-json\/wp\/v2\/media?parent=14210"}],"wp:term":[{"taxonomy":"category","embeddable":true,"href":"https:\/\/www.mpppst.gob.ve\/mpppstweb\/index.php\/wp-json\/wp\/v2\/categories?post=14210"},{"taxonomy":"post_tag","embeddable":true,"href":"https:\/\/www.mpppst.gob.ve\/mpppstweb\/index.php\/wp-json\/wp\/v2\/tags?post=14210"}],"curies":[{"name":"wp","href":"https:\/\/api.w.org\/{rel}","templated":true}]}}