{"id":14221,"date":"2018-03-20T11:46:06","date_gmt":"2018-03-20T15:46:06","guid":{"rendered":"http:\/\/www.mpppst.gob.ve\/mpppstweb\/?p=14221"},"modified":"2018-03-20T11:46:06","modified_gmt":"2018-03-20T15:46:06","slug":"seniat-extendio-el-plazo-para-cancelar-el-islr-hasta-el-31-de-mayo","status":"publish","type":"post","link":"https:\/\/www.mpppst.gob.ve\/mpppstweb\/index.php\/2018\/03\/20\/seniat-extendio-el-plazo-para-cancelar-el-islr-hasta-el-31-de-mayo\/","title":{"rendered":"Seniat extendi\u00f3 el plazo para cancelar el ISLR hasta el 31 de mayo"},"content":{"rendered":"<p>Minci<\/p>\n<p>El superintendente aduanero y tributario,\u00a0<strong>Jos\u00e9 David Cabello<\/strong>, precis\u00f3 que el plazo para pagar el\u00a0<strong>Impuesto Sobre la Renta (ISLR)<\/strong>, correspondiente al Ejercicio Fiscal 2017, se extendi\u00f3 hasta el pr\u00f3ximo\u00a0<strong>31 de mayo<\/strong>.<\/p>\n<p>Asimismo, Cabello explic\u00f3 que la solicitud de pr\u00f3rroga\u00a0la realiz\u00f3 el Presidente\u00a0<strong>Nicol\u00e1s Maduro<\/strong>, para facilitar el cumplimiento de esta\u00a0<strong>obligaci\u00f3n<\/strong>\u00a0a las personas naturales y jur\u00eddicas.<\/p>\n<p>\u201cEl Presidente hizo la solicitud para facilitarle al pueblo, a las\u00a0<strong>personas naturales y jur\u00eddicas<\/strong>, los empresarios que apuestan por el pa\u00eds y trabajan en pro del desarrollo y crecimiento de Venezuela\u201d, destac\u00f3 el superintendente.<\/p>\n<p>En este sentido, Cabello exhort\u00f3 a los empresarios a \u201c<strong>reorganizar sus finanzas\u201d<\/strong>\u00a0y aprovechar la extensi\u00f3n del plazo de cancelaci\u00f3n para cumplir puntualmente con la cancelaci\u00f3n del impuesto.<\/p>\n<p>Adem\u00e1s, el superintendente detall\u00f3 que hasta la fecha,\u00a0<strong>m\u00e1s de 320 mil personas jur\u00eddicas<\/strong>\u00a0han cumplido con la declaraci\u00f3n.<\/p>\n<p>Finalmente, Cabello record\u00f3 que \u201cen el\u00a0<strong>bienestar social<\/strong>, all\u00ed es donde est\u00e1n destinados los impuestos, en la atenci\u00f3n en los centros de diagn\u00f3stico integral (CDI), la entrega de viviendas, cuando se prende un bombillo o se arregla una calle\u201d, indic\u00f3.<\/p>\n<p>El superintendente se\u00f1al\u00f3 a las personas naturales y jur\u00eddicas que no hayan cancelado el impuesto, que deben acudir a las sedes del\u00a0<strong><a href=\"http:\/\/declaraciones.seniat.gob.ve\/portal\/page\/portal\/PORTAL_SENIAT\">Seniat<\/a>\u00a0<\/strong>en todo el pa\u00eds o ingresar al portal web del ente.<\/p>\n","protected":false},"excerpt":{"rendered":"<p>Minci El superintendente aduanero y tributario,\u00a0Jos\u00e9 David Cabello, precis\u00f3 que el plazo para pagar el\u00a0Impuesto Sobre &hellip; <a title=\"Seniat extendi\u00f3 el plazo para cancelar el ISLR hasta el 31 de mayo\" class=\"hm-read-more\" href=\"https:\/\/www.mpppst.gob.ve\/mpppstweb\/index.php\/2018\/03\/20\/seniat-extendio-el-plazo-para-cancelar-el-islr-hasta-el-31-de-mayo\/\"><span class=\"screen-reader-text\">Seniat extendi\u00f3 el plazo para cancelar el ISLR hasta el 31 de mayo<\/span>Read more<\/a><\/p>\n","protected":false},"author":25,"featured_media":14222,"comment_status":"closed","ping_status":"closed","sticky":false,"template":"","format":"standard","meta":{"footnotes":""},"categories":[82,163],"tags":[],"yoast_head":"<!-- This site is optimized with the Yoast SEO plugin v22.5 - https:\/\/yoast.com\/wordpress\/plugins\/seo\/ -->\n<title>Seniat extendi\u00f3 el plazo para cancelar el ISLR hasta el 31 de mayo - MPPPST<\/title>\n<meta name=\"robots\" content=\"index, follow, max-snippet:-1, max-image-preview:large, max-video-preview:-1\" \/>\n<link rel=\"canonical\" href=\"https:\/\/www.mpppst.gob.ve\/mpppstweb\/index.php\/2018\/03\/20\/seniat-extendio-el-plazo-para-cancelar-el-islr-hasta-el-31-de-mayo\/\" \/>\n<meta property=\"og:locale\" content=\"es_ES\" \/>\n<meta property=\"og:type\" content=\"article\" \/>\n<meta property=\"og:title\" content=\"Seniat extendi\u00f3 el plazo para cancelar el ISLR hasta el 31 de mayo - MPPPST\" \/>\n<meta property=\"og:description\" content=\"Minci El superintendente aduanero y tributario,\u00a0Jos\u00e9 David Cabello, precis\u00f3 que el plazo para pagar el\u00a0Impuesto Sobre &hellip; Seniat extendi\u00f3 el plazo para cancelar el ISLR hasta el 31 de mayoRead more\" \/>\n<meta property=\"og:url\" content=\"https:\/\/www.mpppst.gob.ve\/mpppstweb\/index.php\/2018\/03\/20\/seniat-extendio-el-plazo-para-cancelar-el-islr-hasta-el-31-de-mayo\/\" \/>\n<meta property=\"og:site_name\" content=\"MPPPST\" \/>\n<meta property=\"article:published_time\" content=\"2018-03-20T15:46:06+00:00\" \/>\n<meta property=\"og:image\" content=\"https:\/\/www.mpppst.gob.ve\/mpppstweb\/wp-content\/uploads\/2018\/03\/jose-david-cabello.jpg\" \/>\n\t<meta property=\"og:image:width\" content=\"800\" \/>\n\t<meta property=\"og:image:height\" content=\"445\" \/>\n\t<meta property=\"og:image:type\" content=\"image\/jpeg\" \/>\n<meta name=\"author\" content=\"MPPPST Prensa\" \/>\n<meta name=\"twitter:card\" content=\"summary_large_image\" \/>\n<meta name=\"twitter:label1\" content=\"Escrito por\" \/>\n\t<meta name=\"twitter:data1\" content=\"MPPPST Prensa\" \/>\n\t<meta name=\"twitter:label2\" content=\"Tiempo de lectura\" \/>\n\t<meta name=\"twitter:data2\" content=\"1 minuto\" \/>\n<script type=\"application\/ld+json\" class=\"yoast-schema-graph\">{\"@context\":\"https:\/\/schema.org\",\"@graph\":[{\"@type\":\"Article\",\"@id\":\"https:\/\/www.mpppst.gob.ve\/mpppstweb\/index.php\/2018\/03\/20\/seniat-extendio-el-plazo-para-cancelar-el-islr-hasta-el-31-de-mayo\/#article\",\"isPartOf\":{\"@id\":\"https:\/\/www.mpppst.gob.ve\/mpppstweb\/index.php\/2018\/03\/20\/seniat-extendio-el-plazo-para-cancelar-el-islr-hasta-el-31-de-mayo\/\"},\"author\":{\"name\":\"MPPPST Prensa\",\"@id\":\"https:\/\/www.mpppst.gob.ve\/mpppstweb\/#\/schema\/person\/fc187ee8ead412bd4c9304b62f900ea4\"},\"headline\":\"Seniat extendi\u00f3 el plazo para cancelar el ISLR hasta el 31 de mayo\",\"datePublished\":\"2018-03-20T15:46:06+00:00\",\"dateModified\":\"2018-03-20T15:46:06+00:00\",\"mainEntityOfPage\":{\"@id\":\"https:\/\/www.mpppst.gob.ve\/mpppstweb\/index.php\/2018\/03\/20\/seniat-extendio-el-plazo-para-cancelar-el-islr-hasta-el-31-de-mayo\/\"},\"wordCount\":246,\"publisher\":{\"@id\":\"https:\/\/www.mpppst.gob.ve\/mpppstweb\/#organization\"},\"image\":{\"@id\":\"https:\/\/www.mpppst.gob.ve\/mpppstweb\/index.php\/2018\/03\/20\/seniat-extendio-el-plazo-para-cancelar-el-islr-hasta-el-31-de-mayo\/#primaryimage\"},\"thumbnailUrl\":\"https:\/\/www.mpppst.gob.ve\/mpppstweb\/wp-content\/uploads\/2018\/03\/jose-david-cabello.jpg\",\"articleSection\":[\"Gobierno Nacional\",\"Noticias\"],\"inLanguage\":\"es\"},{\"@type\":\"WebPage\",\"@id\":\"https:\/\/www.mpppst.gob.ve\/mpppstweb\/index.php\/2018\/03\/20\/seniat-extendio-el-plazo-para-cancelar-el-islr-hasta-el-31-de-mayo\/\",\"url\":\"https:\/\/www.mpppst.gob.ve\/mpppstweb\/index.php\/2018\/03\/20\/seniat-extendio-el-plazo-para-cancelar-el-islr-hasta-el-31-de-mayo\/\",\"name\":\"Seniat extendi\u00f3 el plazo para cancelar el ISLR hasta el 31 de mayo - MPPPST\",\"isPartOf\":{\"@id\":\"https:\/\/www.mpppst.gob.ve\/mpppstweb\/#website\"},\"primaryImageOfPage\":{\"@id\":\"https:\/\/www.mpppst.gob.ve\/mpppstweb\/index.php\/2018\/03\/20\/seniat-extendio-el-plazo-para-cancelar-el-islr-hasta-el-31-de-mayo\/#primaryimage\"},\"image\":{\"@id\":\"https:\/\/www.mpppst.gob.ve\/mpppstweb\/index.php\/2018\/03\/20\/seniat-extendio-el-plazo-para-cancelar-el-islr-hasta-el-31-de-mayo\/#primaryimage\"},\"thumbnailUrl\":\"https:\/\/www.mpppst.gob.ve\/mpppstweb\/wp-content\/uploads\/2018\/03\/jose-david-cabello.jpg\",\"datePublished\":\"2018-03-20T15:46:06+00:00\",\"dateModified\":\"2018-03-20T15:46:06+00:00\",\"breadcrumb\":{\"@id\":\"https:\/\/www.mpppst.gob.ve\/mpppstweb\/index.php\/2018\/03\/20\/seniat-extendio-el-plazo-para-cancelar-el-islr-hasta-el-31-de-mayo\/#breadcrumb\"},\"inLanguage\":\"es\",\"potentialAction\":[{\"@type\":\"ReadAction\",\"target\":[\"https:\/\/www.mpppst.gob.ve\/mpppstweb\/index.php\/2018\/03\/20\/seniat-extendio-el-plazo-para-cancelar-el-islr-hasta-el-31-de-mayo\/\"]}]},{\"@type\":\"ImageObject\",\"inLanguage\":\"es\",\"@id\":\"https:\/\/www.mpppst.gob.ve\/mpppstweb\/index.php\/2018\/03\/20\/seniat-extendio-el-plazo-para-cancelar-el-islr-hasta-el-31-de-mayo\/#primaryimage\",\"url\":\"https:\/\/www.mpppst.gob.ve\/mpppstweb\/wp-content\/uploads\/2018\/03\/jose-david-cabello.jpg\",\"contentUrl\":\"https:\/\/www.mpppst.gob.ve\/mpppstweb\/wp-content\/uploads\/2018\/03\/jose-david-cabello.jpg\",\"width\":800,\"height\":445},{\"@type\":\"BreadcrumbList\",\"@id\":\"https:\/\/www.mpppst.gob.ve\/mpppstweb\/index.php\/2018\/03\/20\/seniat-extendio-el-plazo-para-cancelar-el-islr-hasta-el-31-de-mayo\/#breadcrumb\",\"itemListElement\":[{\"@type\":\"ListItem\",\"position\":1,\"name\":\"Home\",\"item\":\"https:\/\/www.mpppst.gob.ve\/mpppstweb\/\"},{\"@type\":\"ListItem\",\"position\":2,\"name\":\"Seniat extendi\u00f3 el plazo para cancelar el ISLR hasta el 31 de mayo\"}]},{\"@type\":\"WebSite\",\"@id\":\"https:\/\/www.mpppst.gob.ve\/mpppstweb\/#website\",\"url\":\"https:\/\/www.mpppst.gob.ve\/mpppstweb\/\",\"name\":\"MPPPST\",\"description\":\"Ministerio del Poder Popular para el Proceso Social de Trabajo\",\"publisher\":{\"@id\":\"https:\/\/www.mpppst.gob.ve\/mpppstweb\/#organization\"},\"potentialAction\":[{\"@type\":\"SearchAction\",\"target\":{\"@type\":\"EntryPoint\",\"urlTemplate\":\"https:\/\/www.mpppst.gob.ve\/mpppstweb\/?s={search_term_string}\"},\"query-input\":\"required name=search_term_string\"}],\"inLanguage\":\"es\"},{\"@type\":\"Organization\",\"@id\":\"https:\/\/www.mpppst.gob.ve\/mpppstweb\/#organization\",\"name\":\"mpppst\",\"url\":\"https:\/\/www.mpppst.gob.ve\/mpppstweb\/\",\"logo\":{\"@type\":\"ImageObject\",\"inLanguage\":\"es\",\"@id\":\"https:\/\/www.mpppst.gob.ve\/mpppstweb\/#\/schema\/logo\/image\/\",\"url\":\"https:\/\/www.mpppst.gob.ve\/mpppstweb\/wp-content\/uploads\/2025\/07\/cropped-cropped-g910.png\",\"contentUrl\":\"https:\/\/www.mpppst.gob.ve\/mpppstweb\/wp-content\/uploads\/2025\/07\/cropped-cropped-g910.png\",\"width\":1080,\"height\":241,\"caption\":\"mpppst\"},\"image\":{\"@id\":\"https:\/\/www.mpppst.gob.ve\/mpppstweb\/#\/schema\/logo\/image\/\"}},{\"@type\":\"Person\",\"@id\":\"https:\/\/www.mpppst.gob.ve\/mpppstweb\/#\/schema\/person\/fc187ee8ead412bd4c9304b62f900ea4\",\"name\":\"MPPPST Prensa\",\"url\":\"https:\/\/www.mpppst.gob.ve\/mpppstweb\/index.php\/author\/prensa-mpppst\/\"}]}<\/script>\n<!-- \/ Yoast SEO plugin. -->","yoast_head_json":{"title":"Seniat extendi\u00f3 el plazo para cancelar el ISLR hasta el 31 de mayo - MPPPST","robots":{"index":"index","follow":"follow","max-snippet":"max-snippet:-1","max-image-preview":"max-image-preview:large","max-video-preview":"max-video-preview:-1"},"canonical":"https:\/\/www.mpppst.gob.ve\/mpppstweb\/index.php\/2018\/03\/20\/seniat-extendio-el-plazo-para-cancelar-el-islr-hasta-el-31-de-mayo\/","og_locale":"es_ES","og_type":"article","og_title":"Seniat extendi\u00f3 el plazo para cancelar el ISLR hasta el 31 de mayo - MPPPST","og_description":"Minci El superintendente aduanero y tributario,\u00a0Jos\u00e9 David Cabello, precis\u00f3 que el plazo para pagar el\u00a0Impuesto Sobre &hellip; Seniat extendi\u00f3 el plazo para cancelar el ISLR hasta el 31 de mayoRead more","og_url":"https:\/\/www.mpppst.gob.ve\/mpppstweb\/index.php\/2018\/03\/20\/seniat-extendio-el-plazo-para-cancelar-el-islr-hasta-el-31-de-mayo\/","og_site_name":"MPPPST","article_published_time":"2018-03-20T15:46:06+00:00","og_image":[{"width":800,"height":445,"url":"https:\/\/www.mpppst.gob.ve\/mpppstweb\/wp-content\/uploads\/2018\/03\/jose-david-cabello.jpg","type":"image\/jpeg"}],"author":"MPPPST Prensa","twitter_card":"summary_large_image","twitter_misc":{"Escrito por":"MPPPST Prensa","Tiempo de lectura":"1 minuto"},"schema":{"@context":"https:\/\/schema.org","@graph":[{"@type":"Article","@id":"https:\/\/www.mpppst.gob.ve\/mpppstweb\/index.php\/2018\/03\/20\/seniat-extendio-el-plazo-para-cancelar-el-islr-hasta-el-31-de-mayo\/#article","isPartOf":{"@id":"https:\/\/www.mpppst.gob.ve\/mpppstweb\/index.php\/2018\/03\/20\/seniat-extendio-el-plazo-para-cancelar-el-islr-hasta-el-31-de-mayo\/"},"author":{"name":"MPPPST Prensa","@id":"https:\/\/www.mpppst.gob.ve\/mpppstweb\/#\/schema\/person\/fc187ee8ead412bd4c9304b62f900ea4"},"headline":"Seniat extendi\u00f3 el plazo para cancelar el ISLR hasta el 31 de mayo","datePublished":"2018-03-20T15:46:06+00:00","dateModified":"2018-03-20T15:46:06+00:00","mainEntityOfPage":{"@id":"https:\/\/www.mpppst.gob.ve\/mpppstweb\/index.php\/2018\/03\/20\/seniat-extendio-el-plazo-para-cancelar-el-islr-hasta-el-31-de-mayo\/"},"wordCount":246,"publisher":{"@id":"https:\/\/www.mpppst.gob.ve\/mpppstweb\/#organization"},"image":{"@id":"https:\/\/www.mpppst.gob.ve\/mpppstweb\/index.php\/2018\/03\/20\/seniat-extendio-el-plazo-para-cancelar-el-islr-hasta-el-31-de-mayo\/#primaryimage"},"thumbnailUrl":"https:\/\/www.mpppst.gob.ve\/mpppstweb\/wp-content\/uploads\/2018\/03\/jose-david-cabello.jpg","articleSection":["Gobierno Nacional","Noticias"],"inLanguage":"es"},{"@type":"WebPage","@id":"https:\/\/www.mpppst.gob.ve\/mpppstweb\/index.php\/2018\/03\/20\/seniat-extendio-el-plazo-para-cancelar-el-islr-hasta-el-31-de-mayo\/","url":"https:\/\/www.mpppst.gob.ve\/mpppstweb\/index.php\/2018\/03\/20\/seniat-extendio-el-plazo-para-cancelar-el-islr-hasta-el-31-de-mayo\/","name":"Seniat extendi\u00f3 el plazo para cancelar el ISLR hasta el 31 de mayo - MPPPST","isPartOf":{"@id":"https:\/\/www.mpppst.gob.ve\/mpppstweb\/#website"},"primaryImageOfPage":{"@id":"https:\/\/www.mpppst.gob.ve\/mpppstweb\/index.php\/2018\/03\/20\/seniat-extendio-el-plazo-para-cancelar-el-islr-hasta-el-31-de-mayo\/#primaryimage"},"image":{"@id":"https:\/\/www.mpppst.gob.ve\/mpppstweb\/index.php\/2018\/03\/20\/seniat-extendio-el-plazo-para-cancelar-el-islr-hasta-el-31-de-mayo\/#primaryimage"},"thumbnailUrl":"https:\/\/www.mpppst.gob.ve\/mpppstweb\/wp-content\/uploads\/2018\/03\/jose-david-cabello.jpg","datePublished":"2018-03-20T15:46:06+00:00","dateModified":"2018-03-20T15:46:06+00:00","breadcrumb":{"@id":"https:\/\/www.mpppst.gob.ve\/mpppstweb\/index.php\/2018\/03\/20\/seniat-extendio-el-plazo-para-cancelar-el-islr-hasta-el-31-de-mayo\/#breadcrumb"},"inLanguage":"es","potentialAction":[{"@type":"ReadAction","target":["https:\/\/www.mpppst.gob.ve\/mpppstweb\/index.php\/2018\/03\/20\/seniat-extendio-el-plazo-para-cancelar-el-islr-hasta-el-31-de-mayo\/"]}]},{"@type":"ImageObject","inLanguage":"es","@id":"https:\/\/www.mpppst.gob.ve\/mpppstweb\/index.php\/2018\/03\/20\/seniat-extendio-el-plazo-para-cancelar-el-islr-hasta-el-31-de-mayo\/#primaryimage","url":"https:\/\/www.mpppst.gob.ve\/mpppstweb\/wp-content\/uploads\/2018\/03\/jose-david-cabello.jpg","contentUrl":"https:\/\/www.mpppst.gob.ve\/mpppstweb\/wp-content\/uploads\/2018\/03\/jose-david-cabello.jpg","width":800,"height":445},{"@type":"BreadcrumbList","@id":"https:\/\/www.mpppst.gob.ve\/mpppstweb\/index.php\/2018\/03\/20\/seniat-extendio-el-plazo-para-cancelar-el-islr-hasta-el-31-de-mayo\/#breadcrumb","itemListElement":[{"@type":"ListItem","position":1,"name":"Home","item":"https:\/\/www.mpppst.gob.ve\/mpppstweb\/"},{"@type":"ListItem","position":2,"name":"Seniat extendi\u00f3 el plazo para cancelar el ISLR hasta el 31 de mayo"}]},{"@type":"WebSite","@id":"https:\/\/www.mpppst.gob.ve\/mpppstweb\/#website","url":"https:\/\/www.mpppst.gob.ve\/mpppstweb\/","name":"MPPPST","description":"Ministerio del Poder Popular para el Proceso Social de Trabajo","publisher":{"@id":"https:\/\/www.mpppst.gob.ve\/mpppstweb\/#organization"},"potentialAction":[{"@type":"SearchAction","target":{"@type":"EntryPoint","urlTemplate":"https:\/\/www.mpppst.gob.ve\/mpppstweb\/?s={search_term_string}"},"query-input":"required name=search_term_string"}],"inLanguage":"es"},{"@type":"Organization","@id":"https:\/\/www.mpppst.gob.ve\/mpppstweb\/#organization","name":"mpppst","url":"https:\/\/www.mpppst.gob.ve\/mpppstweb\/","logo":{"@type":"ImageObject","inLanguage":"es","@id":"https:\/\/www.mpppst.gob.ve\/mpppstweb\/#\/schema\/logo\/image\/","url":"https:\/\/www.mpppst.gob.ve\/mpppstweb\/wp-content\/uploads\/2025\/07\/cropped-cropped-g910.png","contentUrl":"https:\/\/www.mpppst.gob.ve\/mpppstweb\/wp-content\/uploads\/2025\/07\/cropped-cropped-g910.png","width":1080,"height":241,"caption":"mpppst"},"image":{"@id":"https:\/\/www.mpppst.gob.ve\/mpppstweb\/#\/schema\/logo\/image\/"}},{"@type":"Person","@id":"https:\/\/www.mpppst.gob.ve\/mpppstweb\/#\/schema\/person\/fc187ee8ead412bd4c9304b62f900ea4","name":"MPPPST Prensa","url":"https:\/\/www.mpppst.gob.ve\/mpppstweb\/index.php\/author\/prensa-mpppst\/"}]}},"_links":{"self":[{"href":"https:\/\/www.mpppst.gob.ve\/mpppstweb\/index.php\/wp-json\/wp\/v2\/posts\/14221"}],"collection":[{"href":"https:\/\/www.mpppst.gob.ve\/mpppstweb\/index.php\/wp-json\/wp\/v2\/posts"}],"about":[{"href":"https:\/\/www.mpppst.gob.ve\/mpppstweb\/index.php\/wp-json\/wp\/v2\/types\/post"}],"author":[{"embeddable":true,"href":"https:\/\/www.mpppst.gob.ve\/mpppstweb\/index.php\/wp-json\/wp\/v2\/users\/25"}],"replies":[{"embeddable":true,"href":"https:\/\/www.mpppst.gob.ve\/mpppstweb\/index.php\/wp-json\/wp\/v2\/comments?post=14221"}],"version-history":[{"count":1,"href":"https:\/\/www.mpppst.gob.ve\/mpppstweb\/index.php\/wp-json\/wp\/v2\/posts\/14221\/revisions"}],"predecessor-version":[{"id":14223,"href":"https:\/\/www.mpppst.gob.ve\/mpppstweb\/index.php\/wp-json\/wp\/v2\/posts\/14221\/revisions\/14223"}],"wp:featuredmedia":[{"embeddable":true,"href":"https:\/\/www.mpppst.gob.ve\/mpppstweb\/index.php\/wp-json\/wp\/v2\/media\/14222"}],"wp:attachment":[{"href":"https:\/\/www.mpppst.gob.ve\/mpppstweb\/index.php\/wp-json\/wp\/v2\/media?parent=14221"}],"wp:term":[{"taxonomy":"category","embeddable":true,"href":"https:\/\/www.mpppst.gob.ve\/mpppstweb\/index.php\/wp-json\/wp\/v2\/categories?post=14221"},{"taxonomy":"post_tag","embeddable":true,"href":"https:\/\/www.mpppst.gob.ve\/mpppstweb\/index.php\/wp-json\/wp\/v2\/tags?post=14221"}],"curies":[{"name":"wp","href":"https:\/\/api.w.org\/{rel}","templated":true}]}}