{"id":14233,"date":"2018-03-20T17:43:37","date_gmt":"2018-03-20T21:43:37","guid":{"rendered":"http:\/\/www.mpppst.gob.ve\/mpppstweb\/?p=14233"},"modified":"2018-03-20T17:43:37","modified_gmt":"2018-03-20T21:43:37","slug":"que-recomendo-el-ministro-ovalles-esta-semana","status":"publish","type":"post","link":"https:\/\/www.mpppst.gob.ve\/mpppstweb\/index.php\/2018\/03\/20\/que-recomendo-el-ministro-ovalles-esta-semana\/","title":{"rendered":"\u00bfQu\u00e9 recomend\u00f3 el Ministro Ovalles esta semana?"},"content":{"rendered":"<p>Marbelys Mav\u00e1rez Laguna<\/p>\n<p>(Caracas, 20 de marzo de 2018).- En el marco del Programa El Mundo del Trabajo Nro.26, conducido por el ministro del Poder Popular para el Proceso Social de Trabajo, N\u00e9stor Ovalles, a trav\u00e9s de Radio Miraflores, 95.9 FM, el titular del Despacho del Trabajo realiz\u00f3 una serie de recomendaciones. En primer lugar, recomend\u00f3 ver el documental \u00bfc\u00f3mo ser\u00eda el mundo sin petr\u00f3leo?, el cual plantea como escenario el siguiente: nos estamos quedando sin petr\u00f3leo \u00bfQu\u00e9 pa\u00eds corre riesgos? Desde luego, Estados Unidos, que produce m\u00e1s de 8 millones de barriles cada d\u00eda, pero consume casi el doble de esos 8 millones\u2026 Un documental ampliamente recomendado.<\/p>\n<p>Asimismo, sugiri\u00f3 el libro El Futuro que Viene, de Manuel Toharia, quien hace 20 a\u00f1os hizo algunas\u00a0 advertencias en torno a temas tan acuciantes como el ambiente, el desarrollo sostenible, las nuevas formas de energ\u00edas ante el agotamiento de los combustibles f\u00f3siles, la nanotecnolog\u00eda, los obreros invisibles, la teor\u00eda del todo unificado e incluso algunas de las nuevas formas de relaci\u00f3n laboral.\u00a0\u00a0 Es un texto de referencia para la discusi\u00f3n y el debate por lo pol\u00e9mico que resulta el tratamiento de los temas que plantea.<\/p>\n","protected":false},"excerpt":{"rendered":"<p>Marbelys Mav\u00e1rez Laguna (Caracas, 20 de marzo de 2018).- En el marco del Programa El Mundo &hellip; <a title=\"\u00bfQu\u00e9 recomend\u00f3 el Ministro Ovalles esta semana?\" class=\"hm-read-more\" href=\"https:\/\/www.mpppst.gob.ve\/mpppstweb\/index.php\/2018\/03\/20\/que-recomendo-el-ministro-ovalles-esta-semana\/\"><span class=\"screen-reader-text\">\u00bfQu\u00e9 recomend\u00f3 el Ministro Ovalles esta semana?<\/span>Read more<\/a><\/p>\n","protected":false},"author":25,"featured_media":14234,"comment_status":"closed","ping_status":"closed","sticky":false,"template":"","format":"standard","meta":{"footnotes":""},"categories":[360,163],"tags":[],"yoast_head":"<!-- This site is optimized with the Yoast SEO plugin v22.5 - https:\/\/yoast.com\/wordpress\/plugins\/seo\/ -->\n<title>\u00bfQu\u00e9 recomend\u00f3 el Ministro Ovalles esta semana? - MPPPST<\/title>\n<meta name=\"robots\" content=\"index, follow, max-snippet:-1, max-image-preview:large, max-video-preview:-1\" \/>\n<link rel=\"canonical\" href=\"https:\/\/www.mpppst.gob.ve\/mpppstweb\/index.php\/2018\/03\/20\/que-recomendo-el-ministro-ovalles-esta-semana\/\" \/>\n<meta property=\"og:locale\" content=\"es_ES\" \/>\n<meta property=\"og:type\" content=\"article\" \/>\n<meta property=\"og:title\" content=\"\u00bfQu\u00e9 recomend\u00f3 el Ministro Ovalles esta semana? - MPPPST\" \/>\n<meta property=\"og:description\" content=\"Marbelys Mav\u00e1rez Laguna (Caracas, 20 de marzo de 2018).- En el marco del Programa El Mundo &hellip; \u00bfQu\u00e9 recomend\u00f3 el Ministro Ovalles esta semana?Read more\" \/>\n<meta property=\"og:url\" content=\"https:\/\/www.mpppst.gob.ve\/mpppstweb\/index.php\/2018\/03\/20\/que-recomendo-el-ministro-ovalles-esta-semana\/\" \/>\n<meta property=\"og:site_name\" content=\"MPPPST\" \/>\n<meta property=\"article:published_time\" content=\"2018-03-20T21:43:37+00:00\" \/>\n<meta property=\"og:image\" content=\"https:\/\/www.mpppst.gob.ve\/mpppstweb\/wp-content\/uploads\/2018\/03\/recomendaciones-1024x683.jpg\" \/>\n\t<meta property=\"og:image:width\" content=\"1024\" \/>\n\t<meta property=\"og:image:height\" content=\"683\" \/>\n\t<meta property=\"og:image:type\" content=\"image\/jpeg\" \/>\n<meta name=\"author\" content=\"MPPPST Prensa\" \/>\n<meta name=\"twitter:card\" content=\"summary_large_image\" \/>\n<meta name=\"twitter:label1\" content=\"Escrito por\" \/>\n\t<meta name=\"twitter:data1\" content=\"MPPPST Prensa\" \/>\n\t<meta name=\"twitter:label2\" content=\"Tiempo de lectura\" \/>\n\t<meta name=\"twitter:data2\" content=\"1 minuto\" \/>\n<script type=\"application\/ld+json\" class=\"yoast-schema-graph\">{\"@context\":\"https:\/\/schema.org\",\"@graph\":[{\"@type\":\"Article\",\"@id\":\"https:\/\/www.mpppst.gob.ve\/mpppstweb\/index.php\/2018\/03\/20\/que-recomendo-el-ministro-ovalles-esta-semana\/#article\",\"isPartOf\":{\"@id\":\"https:\/\/www.mpppst.gob.ve\/mpppstweb\/index.php\/2018\/03\/20\/que-recomendo-el-ministro-ovalles-esta-semana\/\"},\"author\":{\"name\":\"MPPPST Prensa\",\"@id\":\"https:\/\/www.mpppst.gob.ve\/mpppstweb\/#\/schema\/person\/fc187ee8ead412bd4c9304b62f900ea4\"},\"headline\":\"\u00bfQu\u00e9 recomend\u00f3 el Ministro Ovalles esta semana?\",\"datePublished\":\"2018-03-20T21:43:37+00:00\",\"dateModified\":\"2018-03-20T21:43:37+00:00\",\"mainEntityOfPage\":{\"@id\":\"https:\/\/www.mpppst.gob.ve\/mpppstweb\/index.php\/2018\/03\/20\/que-recomendo-el-ministro-ovalles-esta-semana\/\"},\"wordCount\":213,\"publisher\":{\"@id\":\"https:\/\/www.mpppst.gob.ve\/mpppstweb\/#organization\"},\"image\":{\"@id\":\"https:\/\/www.mpppst.gob.ve\/mpppstweb\/index.php\/2018\/03\/20\/que-recomendo-el-ministro-ovalles-esta-semana\/#primaryimage\"},\"thumbnailUrl\":\"https:\/\/www.mpppst.gob.ve\/mpppstweb\/wp-content\/uploads\/2018\/03\/recomendaciones.jpg\",\"articleSection\":[\"Movimientos Sociales\",\"Noticias\"],\"inLanguage\":\"es\"},{\"@type\":\"WebPage\",\"@id\":\"https:\/\/www.mpppst.gob.ve\/mpppstweb\/index.php\/2018\/03\/20\/que-recomendo-el-ministro-ovalles-esta-semana\/\",\"url\":\"https:\/\/www.mpppst.gob.ve\/mpppstweb\/index.php\/2018\/03\/20\/que-recomendo-el-ministro-ovalles-esta-semana\/\",\"name\":\"\u00bfQu\u00e9 recomend\u00f3 el Ministro Ovalles esta semana? - MPPPST\",\"isPartOf\":{\"@id\":\"https:\/\/www.mpppst.gob.ve\/mpppstweb\/#website\"},\"primaryImageOfPage\":{\"@id\":\"https:\/\/www.mpppst.gob.ve\/mpppstweb\/index.php\/2018\/03\/20\/que-recomendo-el-ministro-ovalles-esta-semana\/#primaryimage\"},\"image\":{\"@id\":\"https:\/\/www.mpppst.gob.ve\/mpppstweb\/index.php\/2018\/03\/20\/que-recomendo-el-ministro-ovalles-esta-semana\/#primaryimage\"},\"thumbnailUrl\":\"https:\/\/www.mpppst.gob.ve\/mpppstweb\/wp-content\/uploads\/2018\/03\/recomendaciones.jpg\",\"datePublished\":\"2018-03-20T21:43:37+00:00\",\"dateModified\":\"2018-03-20T21:43:37+00:00\",\"breadcrumb\":{\"@id\":\"https:\/\/www.mpppst.gob.ve\/mpppstweb\/index.php\/2018\/03\/20\/que-recomendo-el-ministro-ovalles-esta-semana\/#breadcrumb\"},\"inLanguage\":\"es\",\"potentialAction\":[{\"@type\":\"ReadAction\",\"target\":[\"https:\/\/www.mpppst.gob.ve\/mpppstweb\/index.php\/2018\/03\/20\/que-recomendo-el-ministro-ovalles-esta-semana\/\"]}]},{\"@type\":\"ImageObject\",\"inLanguage\":\"es\",\"@id\":\"https:\/\/www.mpppst.gob.ve\/mpppstweb\/index.php\/2018\/03\/20\/que-recomendo-el-ministro-ovalles-esta-semana\/#primaryimage\",\"url\":\"https:\/\/www.mpppst.gob.ve\/mpppstweb\/wp-content\/uploads\/2018\/03\/recomendaciones.jpg\",\"contentUrl\":\"https:\/\/www.mpppst.gob.ve\/mpppstweb\/wp-content\/uploads\/2018\/03\/recomendaciones.jpg\",\"width\":3456,\"height\":2304},{\"@type\":\"BreadcrumbList\",\"@id\":\"https:\/\/www.mpppst.gob.ve\/mpppstweb\/index.php\/2018\/03\/20\/que-recomendo-el-ministro-ovalles-esta-semana\/#breadcrumb\",\"itemListElement\":[{\"@type\":\"ListItem\",\"position\":1,\"name\":\"Home\",\"item\":\"https:\/\/www.mpppst.gob.ve\/mpppstweb\/\"},{\"@type\":\"ListItem\",\"position\":2,\"name\":\"\u00bfQu\u00e9 recomend\u00f3 el Ministro Ovalles esta semana?\"}]},{\"@type\":\"WebSite\",\"@id\":\"https:\/\/www.mpppst.gob.ve\/mpppstweb\/#website\",\"url\":\"https:\/\/www.mpppst.gob.ve\/mpppstweb\/\",\"name\":\"MPPPST\",\"description\":\"Ministerio del Poder Popular para el Proceso Social de Trabajo\",\"publisher\":{\"@id\":\"https:\/\/www.mpppst.gob.ve\/mpppstweb\/#organization\"},\"potentialAction\":[{\"@type\":\"SearchAction\",\"target\":{\"@type\":\"EntryPoint\",\"urlTemplate\":\"https:\/\/www.mpppst.gob.ve\/mpppstweb\/?s={search_term_string}\"},\"query-input\":\"required name=search_term_string\"}],\"inLanguage\":\"es\"},{\"@type\":\"Organization\",\"@id\":\"https:\/\/www.mpppst.gob.ve\/mpppstweb\/#organization\",\"name\":\"mpppst\",\"url\":\"https:\/\/www.mpppst.gob.ve\/mpppstweb\/\",\"logo\":{\"@type\":\"ImageObject\",\"inLanguage\":\"es\",\"@id\":\"https:\/\/www.mpppst.gob.ve\/mpppstweb\/#\/schema\/logo\/image\/\",\"url\":\"https:\/\/www.mpppst.gob.ve\/mpppstweb\/wp-content\/uploads\/2025\/07\/cropped-cropped-g910.png\",\"contentUrl\":\"https:\/\/www.mpppst.gob.ve\/mpppstweb\/wp-content\/uploads\/2025\/07\/cropped-cropped-g910.png\",\"width\":1080,\"height\":241,\"caption\":\"mpppst\"},\"image\":{\"@id\":\"https:\/\/www.mpppst.gob.ve\/mpppstweb\/#\/schema\/logo\/image\/\"}},{\"@type\":\"Person\",\"@id\":\"https:\/\/www.mpppst.gob.ve\/mpppstweb\/#\/schema\/person\/fc187ee8ead412bd4c9304b62f900ea4\",\"name\":\"MPPPST Prensa\",\"url\":\"https:\/\/www.mpppst.gob.ve\/mpppstweb\/index.php\/author\/prensa-mpppst\/\"}]}<\/script>\n<!-- \/ Yoast SEO plugin. -->","yoast_head_json":{"title":"\u00bfQu\u00e9 recomend\u00f3 el Ministro Ovalles esta semana? - MPPPST","robots":{"index":"index","follow":"follow","max-snippet":"max-snippet:-1","max-image-preview":"max-image-preview:large","max-video-preview":"max-video-preview:-1"},"canonical":"https:\/\/www.mpppst.gob.ve\/mpppstweb\/index.php\/2018\/03\/20\/que-recomendo-el-ministro-ovalles-esta-semana\/","og_locale":"es_ES","og_type":"article","og_title":"\u00bfQu\u00e9 recomend\u00f3 el Ministro Ovalles esta semana? - MPPPST","og_description":"Marbelys Mav\u00e1rez Laguna (Caracas, 20 de marzo de 2018).- En el marco del Programa El Mundo &hellip; \u00bfQu\u00e9 recomend\u00f3 el Ministro Ovalles esta semana?Read more","og_url":"https:\/\/www.mpppst.gob.ve\/mpppstweb\/index.php\/2018\/03\/20\/que-recomendo-el-ministro-ovalles-esta-semana\/","og_site_name":"MPPPST","article_published_time":"2018-03-20T21:43:37+00:00","og_image":[{"width":1024,"height":683,"url":"https:\/\/www.mpppst.gob.ve\/mpppstweb\/wp-content\/uploads\/2018\/03\/recomendaciones-1024x683.jpg","type":"image\/jpeg"}],"author":"MPPPST Prensa","twitter_card":"summary_large_image","twitter_misc":{"Escrito por":"MPPPST Prensa","Tiempo de lectura":"1 minuto"},"schema":{"@context":"https:\/\/schema.org","@graph":[{"@type":"Article","@id":"https:\/\/www.mpppst.gob.ve\/mpppstweb\/index.php\/2018\/03\/20\/que-recomendo-el-ministro-ovalles-esta-semana\/#article","isPartOf":{"@id":"https:\/\/www.mpppst.gob.ve\/mpppstweb\/index.php\/2018\/03\/20\/que-recomendo-el-ministro-ovalles-esta-semana\/"},"author":{"name":"MPPPST Prensa","@id":"https:\/\/www.mpppst.gob.ve\/mpppstweb\/#\/schema\/person\/fc187ee8ead412bd4c9304b62f900ea4"},"headline":"\u00bfQu\u00e9 recomend\u00f3 el Ministro Ovalles esta semana?","datePublished":"2018-03-20T21:43:37+00:00","dateModified":"2018-03-20T21:43:37+00:00","mainEntityOfPage":{"@id":"https:\/\/www.mpppst.gob.ve\/mpppstweb\/index.php\/2018\/03\/20\/que-recomendo-el-ministro-ovalles-esta-semana\/"},"wordCount":213,"publisher":{"@id":"https:\/\/www.mpppst.gob.ve\/mpppstweb\/#organization"},"image":{"@id":"https:\/\/www.mpppst.gob.ve\/mpppstweb\/index.php\/2018\/03\/20\/que-recomendo-el-ministro-ovalles-esta-semana\/#primaryimage"},"thumbnailUrl":"https:\/\/www.mpppst.gob.ve\/mpppstweb\/wp-content\/uploads\/2018\/03\/recomendaciones.jpg","articleSection":["Movimientos Sociales","Noticias"],"inLanguage":"es"},{"@type":"WebPage","@id":"https:\/\/www.mpppst.gob.ve\/mpppstweb\/index.php\/2018\/03\/20\/que-recomendo-el-ministro-ovalles-esta-semana\/","url":"https:\/\/www.mpppst.gob.ve\/mpppstweb\/index.php\/2018\/03\/20\/que-recomendo-el-ministro-ovalles-esta-semana\/","name":"\u00bfQu\u00e9 recomend\u00f3 el Ministro Ovalles esta semana? - MPPPST","isPartOf":{"@id":"https:\/\/www.mpppst.gob.ve\/mpppstweb\/#website"},"primaryImageOfPage":{"@id":"https:\/\/www.mpppst.gob.ve\/mpppstweb\/index.php\/2018\/03\/20\/que-recomendo-el-ministro-ovalles-esta-semana\/#primaryimage"},"image":{"@id":"https:\/\/www.mpppst.gob.ve\/mpppstweb\/index.php\/2018\/03\/20\/que-recomendo-el-ministro-ovalles-esta-semana\/#primaryimage"},"thumbnailUrl":"https:\/\/www.mpppst.gob.ve\/mpppstweb\/wp-content\/uploads\/2018\/03\/recomendaciones.jpg","datePublished":"2018-03-20T21:43:37+00:00","dateModified":"2018-03-20T21:43:37+00:00","breadcrumb":{"@id":"https:\/\/www.mpppst.gob.ve\/mpppstweb\/index.php\/2018\/03\/20\/que-recomendo-el-ministro-ovalles-esta-semana\/#breadcrumb"},"inLanguage":"es","potentialAction":[{"@type":"ReadAction","target":["https:\/\/www.mpppst.gob.ve\/mpppstweb\/index.php\/2018\/03\/20\/que-recomendo-el-ministro-ovalles-esta-semana\/"]}]},{"@type":"ImageObject","inLanguage":"es","@id":"https:\/\/www.mpppst.gob.ve\/mpppstweb\/index.php\/2018\/03\/20\/que-recomendo-el-ministro-ovalles-esta-semana\/#primaryimage","url":"https:\/\/www.mpppst.gob.ve\/mpppstweb\/wp-content\/uploads\/2018\/03\/recomendaciones.jpg","contentUrl":"https:\/\/www.mpppst.gob.ve\/mpppstweb\/wp-content\/uploads\/2018\/03\/recomendaciones.jpg","width":3456,"height":2304},{"@type":"BreadcrumbList","@id":"https:\/\/www.mpppst.gob.ve\/mpppstweb\/index.php\/2018\/03\/20\/que-recomendo-el-ministro-ovalles-esta-semana\/#breadcrumb","itemListElement":[{"@type":"ListItem","position":1,"name":"Home","item":"https:\/\/www.mpppst.gob.ve\/mpppstweb\/"},{"@type":"ListItem","position":2,"name":"\u00bfQu\u00e9 recomend\u00f3 el Ministro Ovalles esta semana?"}]},{"@type":"WebSite","@id":"https:\/\/www.mpppst.gob.ve\/mpppstweb\/#website","url":"https:\/\/www.mpppst.gob.ve\/mpppstweb\/","name":"MPPPST","description":"Ministerio del Poder Popular para el Proceso Social de Trabajo","publisher":{"@id":"https:\/\/www.mpppst.gob.ve\/mpppstweb\/#organization"},"potentialAction":[{"@type":"SearchAction","target":{"@type":"EntryPoint","urlTemplate":"https:\/\/www.mpppst.gob.ve\/mpppstweb\/?s={search_term_string}"},"query-input":"required name=search_term_string"}],"inLanguage":"es"},{"@type":"Organization","@id":"https:\/\/www.mpppst.gob.ve\/mpppstweb\/#organization","name":"mpppst","url":"https:\/\/www.mpppst.gob.ve\/mpppstweb\/","logo":{"@type":"ImageObject","inLanguage":"es","@id":"https:\/\/www.mpppst.gob.ve\/mpppstweb\/#\/schema\/logo\/image\/","url":"https:\/\/www.mpppst.gob.ve\/mpppstweb\/wp-content\/uploads\/2025\/07\/cropped-cropped-g910.png","contentUrl":"https:\/\/www.mpppst.gob.ve\/mpppstweb\/wp-content\/uploads\/2025\/07\/cropped-cropped-g910.png","width":1080,"height":241,"caption":"mpppst"},"image":{"@id":"https:\/\/www.mpppst.gob.ve\/mpppstweb\/#\/schema\/logo\/image\/"}},{"@type":"Person","@id":"https:\/\/www.mpppst.gob.ve\/mpppstweb\/#\/schema\/person\/fc187ee8ead412bd4c9304b62f900ea4","name":"MPPPST Prensa","url":"https:\/\/www.mpppst.gob.ve\/mpppstweb\/index.php\/author\/prensa-mpppst\/"}]}},"_links":{"self":[{"href":"https:\/\/www.mpppst.gob.ve\/mpppstweb\/index.php\/wp-json\/wp\/v2\/posts\/14233"}],"collection":[{"href":"https:\/\/www.mpppst.gob.ve\/mpppstweb\/index.php\/wp-json\/wp\/v2\/posts"}],"about":[{"href":"https:\/\/www.mpppst.gob.ve\/mpppstweb\/index.php\/wp-json\/wp\/v2\/types\/post"}],"author":[{"embeddable":true,"href":"https:\/\/www.mpppst.gob.ve\/mpppstweb\/index.php\/wp-json\/wp\/v2\/users\/25"}],"replies":[{"embeddable":true,"href":"https:\/\/www.mpppst.gob.ve\/mpppstweb\/index.php\/wp-json\/wp\/v2\/comments?post=14233"}],"version-history":[{"count":1,"href":"https:\/\/www.mpppst.gob.ve\/mpppstweb\/index.php\/wp-json\/wp\/v2\/posts\/14233\/revisions"}],"predecessor-version":[{"id":14235,"href":"https:\/\/www.mpppst.gob.ve\/mpppstweb\/index.php\/wp-json\/wp\/v2\/posts\/14233\/revisions\/14235"}],"wp:featuredmedia":[{"embeddable":true,"href":"https:\/\/www.mpppst.gob.ve\/mpppstweb\/index.php\/wp-json\/wp\/v2\/media\/14234"}],"wp:attachment":[{"href":"https:\/\/www.mpppst.gob.ve\/mpppstweb\/index.php\/wp-json\/wp\/v2\/media?parent=14233"}],"wp:term":[{"taxonomy":"category","embeddable":true,"href":"https:\/\/www.mpppst.gob.ve\/mpppstweb\/index.php\/wp-json\/wp\/v2\/categories?post=14233"},{"taxonomy":"post_tag","embeddable":true,"href":"https:\/\/www.mpppst.gob.ve\/mpppstweb\/index.php\/wp-json\/wp\/v2\/tags?post=14233"}],"curies":[{"name":"wp","href":"https:\/\/api.w.org\/{rel}","templated":true}]}}