{"id":14269,"date":"2018-04-03T16:18:41","date_gmt":"2018-04-03T20:18:41","guid":{"rendered":"http:\/\/www.mpppst.gob.ve\/mpppstweb\/?p=14269"},"modified":"2018-04-03T16:37:54","modified_gmt":"2018-04-03T20:37:54","slug":"14269","status":"publish","type":"post","link":"https:\/\/www.mpppst.gob.ve\/mpppstweb\/index.php\/2018\/04\/03\/14269\/","title":{"rendered":"Nkundlane: \u201cLa lucha internacional es sobre la fuerza laboral\u201d"},"content":{"rendered":"<p>Marbelys Mav\u00e1rez Laguna<\/p>\n<p>(Caracas,03 de abril de 2018).- Con motivo de haberse celebrado la semana contra la discriminaci\u00f3n racial o de solidaridad con los pueblos que luchan contra el racismo, del 21 al 27 de marzo pr\u00f3ximo pasado, tal como lo suscribi\u00f3 la Organizaci\u00f3n de las Naciones Unidas (ONU), en la resoluci\u00f3n 34\/24, el ministro del Poder Popular para el Proceso Social de Trabajo, N\u00e9stor Ovalles, en el marco del Programa <em>El Mundo del Trabajo<\/em> Nro. 28, tuvo como invitado a Sibusiso Nkundlane, quien es artista, activista social, antiimperialista, y se ha pronunciado sobre la importancia de continuar esta lucha.<\/p>\n<p><strong>Sobre los esclavizados de siempre<\/strong><\/p>\n<p>\u201cEs un reto acabar con el trabajo esclavo\u201d, respondi\u00f3 Nkundlane entrevistado por el Ministro sobre este tema, al tiempo que agregaba que tanto los Estados, como los Gobiernos, la familia humana debe entender que en el mundo \u201cyo soy porque nosotros somos\u201d. Desde este conocimiento ancestral la historia de emancipaci\u00f3n socio-econ\u00f3mica nos llama para que nosotros seamos realistas y asumir que el mundo es para el bienestar de nosotros y respetar el trabajo de la clase obrera\u201d. Asimismo, agreg\u00f3 que \u201cel trabajo es un acto sagrado. Su sacralidad proviene de la energ\u00eda de que nosotros, seres humanos, somos responsables de mantener la vida\u201d.<\/p>\n<p>Explic\u00f3 que \u201cen Sud\u00e1frica se \u00a0pronunciaron contra la discriminaci\u00f3n racial. La ley de segregaci\u00f3n del a\u00f1o 1911 fue para controlar, manipular, explotar \u00a0las fuerzas laborales de parte de la poblaci\u00f3n surafricana. La lucha internacional es sobre la fuerza laboral\u201d, explic\u00f3 Sibusiso.<\/p>\n<p>Por su parte, \u00a0el Ministro Ovalles se\u00f1al\u00f3 que no se trata de trabajo esclavo, en tanto no hay esclavos. \u201cDe lo que se trata es de personas que han perdido su libertad \u00a0a costa de la hegemon\u00eda ejercida por otros\u201d, pero aquellos, seg\u00fan lo precis\u00f3 el titular del Despacho del Trabajo, nacieron libres. \u201cEsto deber\u00eda ser entendido por las organizaciones internacionales vinculadas con el tema del trabajo, como la Organizaci\u00f3n Internacional de Trabajo\u201d.<\/p>\n<p>&nbsp;<\/p>\n<p><strong>Contexto<\/strong><\/p>\n<p>El d\u00eda internacional de la eliminaci\u00f3n de la discriminaci\u00f3n racial se celebra el 21 de marzo de cada a\u00f1o. Ese d\u00eda, en 1960, la polic\u00eda abri\u00f3 fuego y asesin\u00f3 \u00a0a 69 personas en una manifestaci\u00f3n pac\u00edfica contra las leyes de pases del <em>apartheid <\/em>que se realizaba en Sharpeville, Sud\u00e1frica. Al proclamar el d\u00eda en 1966, la Asamblea General inst\u00f3 a la comunidad internacional a redoblar sus esfuerzos para eliminar todas las formas de discriminaci\u00f3n racial.<\/p>\n<p>En 1979, la Asamblea General aprob\u00f3 un programa de actividades que se realizar\u00edan durante la segunda mitad del decenio de la lucha contra el racismo y la discriminaci\u00f3n racial. En esa ocasi\u00f3n, la Asamblea General decidi\u00f3 que deber\u00e1 organizarse todos los a\u00f1os en todos los Estados, a partir del 21 de marzo, una semana de solidaridad con los pueblos que luchan contra el racismo y la discriminaci\u00f3n racial.<\/p>\n<p><!--more--><\/p>\n","protected":false},"excerpt":{"rendered":"<p>Marbelys Mav\u00e1rez Laguna (Caracas,03 de abril de 2018).- Con motivo de haberse celebrado la semana contra &hellip; <a title=\"Nkundlane: \u201cLa lucha internacional es sobre la fuerza laboral\u201d\" class=\"hm-read-more\" href=\"https:\/\/www.mpppst.gob.ve\/mpppstweb\/index.php\/2018\/04\/03\/14269\/\"><span class=\"screen-reader-text\">Nkundlane: \u201cLa lucha internacional es sobre la fuerza laboral\u201d<\/span>Read more<\/a><\/p>\n","protected":false},"author":25,"featured_media":14270,"comment_status":"closed","ping_status":"closed","sticky":false,"template":"","format":"standard","meta":{"footnotes":""},"categories":[82,360,163],"tags":[],"yoast_head":"<!-- This site is optimized with the Yoast SEO plugin v22.5 - https:\/\/yoast.com\/wordpress\/plugins\/seo\/ -->\n<title>Nkundlane: \u201cLa lucha internacional es sobre la fuerza laboral\u201d - MPPPST<\/title>\n<meta name=\"robots\" content=\"index, follow, max-snippet:-1, max-image-preview:large, max-video-preview:-1\" \/>\n<link rel=\"canonical\" href=\"https:\/\/www.mpppst.gob.ve\/mpppstweb\/index.php\/2018\/04\/03\/14269\/\" \/>\n<meta property=\"og:locale\" content=\"es_ES\" \/>\n<meta property=\"og:type\" content=\"article\" \/>\n<meta property=\"og:title\" content=\"Nkundlane: \u201cLa lucha internacional es sobre la fuerza laboral\u201d - MPPPST\" \/>\n<meta property=\"og:description\" content=\"Marbelys Mav\u00e1rez Laguna (Caracas,03 de abril de 2018).- Con motivo de haberse celebrado la semana contra &hellip; Nkundlane: \u201cLa lucha internacional es sobre la fuerza laboral\u201dRead more\" \/>\n<meta property=\"og:url\" content=\"https:\/\/www.mpppst.gob.ve\/mpppstweb\/index.php\/2018\/04\/03\/14269\/\" \/>\n<meta property=\"og:site_name\" content=\"MPPPST\" \/>\n<meta property=\"article:published_time\" content=\"2018-04-03T20:18:41+00:00\" \/>\n<meta property=\"article:modified_time\" content=\"2018-04-03T20:37:54+00:00\" \/>\n<meta property=\"og:image\" content=\"https:\/\/www.mpppst.gob.ve\/mpppstweb\/wp-content\/uploads\/2018\/04\/2018-04-03-PHOTO-00000811.jpg\" \/>\n\t<meta property=\"og:image:width\" content=\"1080\" \/>\n\t<meta property=\"og:image:height\" content=\"810\" \/>\n\t<meta property=\"og:image:type\" content=\"image\/jpeg\" \/>\n<meta name=\"author\" content=\"MPPPST Prensa\" \/>\n<meta name=\"twitter:card\" content=\"summary_large_image\" \/>\n<meta name=\"twitter:label1\" content=\"Escrito por\" \/>\n\t<meta name=\"twitter:data1\" content=\"MPPPST Prensa\" \/>\n\t<meta name=\"twitter:label2\" content=\"Tiempo de lectura\" \/>\n\t<meta name=\"twitter:data2\" content=\"2 minutos\" \/>\n<script type=\"application\/ld+json\" class=\"yoast-schema-graph\">{\"@context\":\"https:\/\/schema.org\",\"@graph\":[{\"@type\":\"Article\",\"@id\":\"https:\/\/www.mpppst.gob.ve\/mpppstweb\/index.php\/2018\/04\/03\/14269\/#article\",\"isPartOf\":{\"@id\":\"https:\/\/www.mpppst.gob.ve\/mpppstweb\/index.php\/2018\/04\/03\/14269\/\"},\"author\":{\"name\":\"MPPPST Prensa\",\"@id\":\"https:\/\/www.mpppst.gob.ve\/mpppstweb\/#\/schema\/person\/fc187ee8ead412bd4c9304b62f900ea4\"},\"headline\":\"Nkundlane: \u201cLa lucha internacional es sobre la fuerza laboral\u201d\",\"datePublished\":\"2018-04-03T20:18:41+00:00\",\"dateModified\":\"2018-04-03T20:37:54+00:00\",\"mainEntityOfPage\":{\"@id\":\"https:\/\/www.mpppst.gob.ve\/mpppstweb\/index.php\/2018\/04\/03\/14269\/\"},\"wordCount\":500,\"publisher\":{\"@id\":\"https:\/\/www.mpppst.gob.ve\/mpppstweb\/#organization\"},\"image\":{\"@id\":\"https:\/\/www.mpppst.gob.ve\/mpppstweb\/index.php\/2018\/04\/03\/14269\/#primaryimage\"},\"thumbnailUrl\":\"https:\/\/www.mpppst.gob.ve\/mpppstweb\/wp-content\/uploads\/2018\/04\/2018-04-03-PHOTO-00000811.jpg\",\"articleSection\":[\"Gobierno Nacional\",\"Movimientos Sociales\",\"Noticias\"],\"inLanguage\":\"es\"},{\"@type\":\"WebPage\",\"@id\":\"https:\/\/www.mpppst.gob.ve\/mpppstweb\/index.php\/2018\/04\/03\/14269\/\",\"url\":\"https:\/\/www.mpppst.gob.ve\/mpppstweb\/index.php\/2018\/04\/03\/14269\/\",\"name\":\"Nkundlane: \u201cLa lucha internacional es sobre la fuerza laboral\u201d - MPPPST\",\"isPartOf\":{\"@id\":\"https:\/\/www.mpppst.gob.ve\/mpppstweb\/#website\"},\"primaryImageOfPage\":{\"@id\":\"https:\/\/www.mpppst.gob.ve\/mpppstweb\/index.php\/2018\/04\/03\/14269\/#primaryimage\"},\"image\":{\"@id\":\"https:\/\/www.mpppst.gob.ve\/mpppstweb\/index.php\/2018\/04\/03\/14269\/#primaryimage\"},\"thumbnailUrl\":\"https:\/\/www.mpppst.gob.ve\/mpppstweb\/wp-content\/uploads\/2018\/04\/2018-04-03-PHOTO-00000811.jpg\",\"datePublished\":\"2018-04-03T20:18:41+00:00\",\"dateModified\":\"2018-04-03T20:37:54+00:00\",\"breadcrumb\":{\"@id\":\"https:\/\/www.mpppst.gob.ve\/mpppstweb\/index.php\/2018\/04\/03\/14269\/#breadcrumb\"},\"inLanguage\":\"es\",\"potentialAction\":[{\"@type\":\"ReadAction\",\"target\":[\"https:\/\/www.mpppst.gob.ve\/mpppstweb\/index.php\/2018\/04\/03\/14269\/\"]}]},{\"@type\":\"ImageObject\",\"inLanguage\":\"es\",\"@id\":\"https:\/\/www.mpppst.gob.ve\/mpppstweb\/index.php\/2018\/04\/03\/14269\/#primaryimage\",\"url\":\"https:\/\/www.mpppst.gob.ve\/mpppstweb\/wp-content\/uploads\/2018\/04\/2018-04-03-PHOTO-00000811.jpg\",\"contentUrl\":\"https:\/\/www.mpppst.gob.ve\/mpppstweb\/wp-content\/uploads\/2018\/04\/2018-04-03-PHOTO-00000811.jpg\",\"width\":1080,\"height\":810},{\"@type\":\"BreadcrumbList\",\"@id\":\"https:\/\/www.mpppst.gob.ve\/mpppstweb\/index.php\/2018\/04\/03\/14269\/#breadcrumb\",\"itemListElement\":[{\"@type\":\"ListItem\",\"position\":1,\"name\":\"Home\",\"item\":\"https:\/\/www.mpppst.gob.ve\/mpppstweb\/\"},{\"@type\":\"ListItem\",\"position\":2,\"name\":\"Nkundlane: \u201cLa lucha internacional es sobre la fuerza laboral\u201d\"}]},{\"@type\":\"WebSite\",\"@id\":\"https:\/\/www.mpppst.gob.ve\/mpppstweb\/#website\",\"url\":\"https:\/\/www.mpppst.gob.ve\/mpppstweb\/\",\"name\":\"MPPPST\",\"description\":\"Ministerio del Poder Popular para el Proceso Social de Trabajo\",\"publisher\":{\"@id\":\"https:\/\/www.mpppst.gob.ve\/mpppstweb\/#organization\"},\"potentialAction\":[{\"@type\":\"SearchAction\",\"target\":{\"@type\":\"EntryPoint\",\"urlTemplate\":\"https:\/\/www.mpppst.gob.ve\/mpppstweb\/?s={search_term_string}\"},\"query-input\":\"required name=search_term_string\"}],\"inLanguage\":\"es\"},{\"@type\":\"Organization\",\"@id\":\"https:\/\/www.mpppst.gob.ve\/mpppstweb\/#organization\",\"name\":\"mpppst\",\"url\":\"https:\/\/www.mpppst.gob.ve\/mpppstweb\/\",\"logo\":{\"@type\":\"ImageObject\",\"inLanguage\":\"es\",\"@id\":\"https:\/\/www.mpppst.gob.ve\/mpppstweb\/#\/schema\/logo\/image\/\",\"url\":\"https:\/\/www.mpppst.gob.ve\/mpppstweb\/wp-content\/uploads\/2025\/07\/cropped-cropped-g910.png\",\"contentUrl\":\"https:\/\/www.mpppst.gob.ve\/mpppstweb\/wp-content\/uploads\/2025\/07\/cropped-cropped-g910.png\",\"width\":1080,\"height\":241,\"caption\":\"mpppst\"},\"image\":{\"@id\":\"https:\/\/www.mpppst.gob.ve\/mpppstweb\/#\/schema\/logo\/image\/\"}},{\"@type\":\"Person\",\"@id\":\"https:\/\/www.mpppst.gob.ve\/mpppstweb\/#\/schema\/person\/fc187ee8ead412bd4c9304b62f900ea4\",\"name\":\"MPPPST Prensa\",\"url\":\"https:\/\/www.mpppst.gob.ve\/mpppstweb\/index.php\/author\/prensa-mpppst\/\"}]}<\/script>\n<!-- \/ Yoast SEO plugin. -->","yoast_head_json":{"title":"Nkundlane: \u201cLa lucha internacional es sobre la fuerza laboral\u201d - MPPPST","robots":{"index":"index","follow":"follow","max-snippet":"max-snippet:-1","max-image-preview":"max-image-preview:large","max-video-preview":"max-video-preview:-1"},"canonical":"https:\/\/www.mpppst.gob.ve\/mpppstweb\/index.php\/2018\/04\/03\/14269\/","og_locale":"es_ES","og_type":"article","og_title":"Nkundlane: \u201cLa lucha internacional es sobre la fuerza laboral\u201d - MPPPST","og_description":"Marbelys Mav\u00e1rez Laguna (Caracas,03 de abril de 2018).- Con motivo de haberse celebrado la semana contra &hellip; Nkundlane: \u201cLa lucha internacional es sobre la fuerza laboral\u201dRead more","og_url":"https:\/\/www.mpppst.gob.ve\/mpppstweb\/index.php\/2018\/04\/03\/14269\/","og_site_name":"MPPPST","article_published_time":"2018-04-03T20:18:41+00:00","article_modified_time":"2018-04-03T20:37:54+00:00","og_image":[{"width":1080,"height":810,"url":"https:\/\/www.mpppst.gob.ve\/mpppstweb\/wp-content\/uploads\/2018\/04\/2018-04-03-PHOTO-00000811.jpg","type":"image\/jpeg"}],"author":"MPPPST Prensa","twitter_card":"summary_large_image","twitter_misc":{"Escrito por":"MPPPST Prensa","Tiempo de lectura":"2 minutos"},"schema":{"@context":"https:\/\/schema.org","@graph":[{"@type":"Article","@id":"https:\/\/www.mpppst.gob.ve\/mpppstweb\/index.php\/2018\/04\/03\/14269\/#article","isPartOf":{"@id":"https:\/\/www.mpppst.gob.ve\/mpppstweb\/index.php\/2018\/04\/03\/14269\/"},"author":{"name":"MPPPST Prensa","@id":"https:\/\/www.mpppst.gob.ve\/mpppstweb\/#\/schema\/person\/fc187ee8ead412bd4c9304b62f900ea4"},"headline":"Nkundlane: \u201cLa lucha internacional es sobre la fuerza laboral\u201d","datePublished":"2018-04-03T20:18:41+00:00","dateModified":"2018-04-03T20:37:54+00:00","mainEntityOfPage":{"@id":"https:\/\/www.mpppst.gob.ve\/mpppstweb\/index.php\/2018\/04\/03\/14269\/"},"wordCount":500,"publisher":{"@id":"https:\/\/www.mpppst.gob.ve\/mpppstweb\/#organization"},"image":{"@id":"https:\/\/www.mpppst.gob.ve\/mpppstweb\/index.php\/2018\/04\/03\/14269\/#primaryimage"},"thumbnailUrl":"https:\/\/www.mpppst.gob.ve\/mpppstweb\/wp-content\/uploads\/2018\/04\/2018-04-03-PHOTO-00000811.jpg","articleSection":["Gobierno Nacional","Movimientos Sociales","Noticias"],"inLanguage":"es"},{"@type":"WebPage","@id":"https:\/\/www.mpppst.gob.ve\/mpppstweb\/index.php\/2018\/04\/03\/14269\/","url":"https:\/\/www.mpppst.gob.ve\/mpppstweb\/index.php\/2018\/04\/03\/14269\/","name":"Nkundlane: \u201cLa lucha internacional es sobre la fuerza laboral\u201d - MPPPST","isPartOf":{"@id":"https:\/\/www.mpppst.gob.ve\/mpppstweb\/#website"},"primaryImageOfPage":{"@id":"https:\/\/www.mpppst.gob.ve\/mpppstweb\/index.php\/2018\/04\/03\/14269\/#primaryimage"},"image":{"@id":"https:\/\/www.mpppst.gob.ve\/mpppstweb\/index.php\/2018\/04\/03\/14269\/#primaryimage"},"thumbnailUrl":"https:\/\/www.mpppst.gob.ve\/mpppstweb\/wp-content\/uploads\/2018\/04\/2018-04-03-PHOTO-00000811.jpg","datePublished":"2018-04-03T20:18:41+00:00","dateModified":"2018-04-03T20:37:54+00:00","breadcrumb":{"@id":"https:\/\/www.mpppst.gob.ve\/mpppstweb\/index.php\/2018\/04\/03\/14269\/#breadcrumb"},"inLanguage":"es","potentialAction":[{"@type":"ReadAction","target":["https:\/\/www.mpppst.gob.ve\/mpppstweb\/index.php\/2018\/04\/03\/14269\/"]}]},{"@type":"ImageObject","inLanguage":"es","@id":"https:\/\/www.mpppst.gob.ve\/mpppstweb\/index.php\/2018\/04\/03\/14269\/#primaryimage","url":"https:\/\/www.mpppst.gob.ve\/mpppstweb\/wp-content\/uploads\/2018\/04\/2018-04-03-PHOTO-00000811.jpg","contentUrl":"https:\/\/www.mpppst.gob.ve\/mpppstweb\/wp-content\/uploads\/2018\/04\/2018-04-03-PHOTO-00000811.jpg","width":1080,"height":810},{"@type":"BreadcrumbList","@id":"https:\/\/www.mpppst.gob.ve\/mpppstweb\/index.php\/2018\/04\/03\/14269\/#breadcrumb","itemListElement":[{"@type":"ListItem","position":1,"name":"Home","item":"https:\/\/www.mpppst.gob.ve\/mpppstweb\/"},{"@type":"ListItem","position":2,"name":"Nkundlane: \u201cLa lucha internacional es sobre la fuerza laboral\u201d"}]},{"@type":"WebSite","@id":"https:\/\/www.mpppst.gob.ve\/mpppstweb\/#website","url":"https:\/\/www.mpppst.gob.ve\/mpppstweb\/","name":"MPPPST","description":"Ministerio del Poder Popular para el Proceso Social de Trabajo","publisher":{"@id":"https:\/\/www.mpppst.gob.ve\/mpppstweb\/#organization"},"potentialAction":[{"@type":"SearchAction","target":{"@type":"EntryPoint","urlTemplate":"https:\/\/www.mpppst.gob.ve\/mpppstweb\/?s={search_term_string}"},"query-input":"required name=search_term_string"}],"inLanguage":"es"},{"@type":"Organization","@id":"https:\/\/www.mpppst.gob.ve\/mpppstweb\/#organization","name":"mpppst","url":"https:\/\/www.mpppst.gob.ve\/mpppstweb\/","logo":{"@type":"ImageObject","inLanguage":"es","@id":"https:\/\/www.mpppst.gob.ve\/mpppstweb\/#\/schema\/logo\/image\/","url":"https:\/\/www.mpppst.gob.ve\/mpppstweb\/wp-content\/uploads\/2025\/07\/cropped-cropped-g910.png","contentUrl":"https:\/\/www.mpppst.gob.ve\/mpppstweb\/wp-content\/uploads\/2025\/07\/cropped-cropped-g910.png","width":1080,"height":241,"caption":"mpppst"},"image":{"@id":"https:\/\/www.mpppst.gob.ve\/mpppstweb\/#\/schema\/logo\/image\/"}},{"@type":"Person","@id":"https:\/\/www.mpppst.gob.ve\/mpppstweb\/#\/schema\/person\/fc187ee8ead412bd4c9304b62f900ea4","name":"MPPPST Prensa","url":"https:\/\/www.mpppst.gob.ve\/mpppstweb\/index.php\/author\/prensa-mpppst\/"}]}},"_links":{"self":[{"href":"https:\/\/www.mpppst.gob.ve\/mpppstweb\/index.php\/wp-json\/wp\/v2\/posts\/14269"}],"collection":[{"href":"https:\/\/www.mpppst.gob.ve\/mpppstweb\/index.php\/wp-json\/wp\/v2\/posts"}],"about":[{"href":"https:\/\/www.mpppst.gob.ve\/mpppstweb\/index.php\/wp-json\/wp\/v2\/types\/post"}],"author":[{"embeddable":true,"href":"https:\/\/www.mpppst.gob.ve\/mpppstweb\/index.php\/wp-json\/wp\/v2\/users\/25"}],"replies":[{"embeddable":true,"href":"https:\/\/www.mpppst.gob.ve\/mpppstweb\/index.php\/wp-json\/wp\/v2\/comments?post=14269"}],"version-history":[{"count":3,"href":"https:\/\/www.mpppst.gob.ve\/mpppstweb\/index.php\/wp-json\/wp\/v2\/posts\/14269\/revisions"}],"predecessor-version":[{"id":14276,"href":"https:\/\/www.mpppst.gob.ve\/mpppstweb\/index.php\/wp-json\/wp\/v2\/posts\/14269\/revisions\/14276"}],"wp:featuredmedia":[{"embeddable":true,"href":"https:\/\/www.mpppst.gob.ve\/mpppstweb\/index.php\/wp-json\/wp\/v2\/media\/14270"}],"wp:attachment":[{"href":"https:\/\/www.mpppst.gob.ve\/mpppstweb\/index.php\/wp-json\/wp\/v2\/media?parent=14269"}],"wp:term":[{"taxonomy":"category","embeddable":true,"href":"https:\/\/www.mpppst.gob.ve\/mpppstweb\/index.php\/wp-json\/wp\/v2\/categories?post=14269"},{"taxonomy":"post_tag","embeddable":true,"href":"https:\/\/www.mpppst.gob.ve\/mpppstweb\/index.php\/wp-json\/wp\/v2\/tags?post=14269"}],"curies":[{"name":"wp","href":"https:\/\/api.w.org\/{rel}","templated":true}]}}