{"id":14273,"date":"2018-04-03T16:36:01","date_gmt":"2018-04-03T20:36:01","guid":{"rendered":"http:\/\/www.mpppst.gob.ve\/mpppstweb\/?p=14273"},"modified":"2018-04-03T17:00:40","modified_gmt":"2018-04-03T21:00:40","slug":"estas-son-las-recomendaciones-del-ministro-ovalles-2","status":"publish","type":"post","link":"https:\/\/www.mpppst.gob.ve\/mpppstweb\/index.php\/2018\/04\/03\/estas-son-las-recomendaciones-del-ministro-ovalles-2\/","title":{"rendered":"Estas son las recomendaciones del Ministro Ovalles:"},"content":{"rendered":"<p>Marbelys Mav\u00e1rez Laguna<\/p>\n<p>(Caracas, 03 \u00a0de abril de 2018).- Como es costumbre, el ministro del Poder Popular para el Proceso Social de Trabajo, N\u00e9stor Ovalles, realiz\u00f3 una serie de recomendaciones en el marco del Programa El Mundo del Trabajo, a trav\u00e9s de Radio Miraflores, 95.9 FM. La primera de las recomendaciones a la Clase Obrera fue el documental <em>Trabajo del Futuro<\/em>, el cual refiere c\u00f3mo el trabajo ha adquirido valor en nuestras sociedades, la mecanizaci\u00f3n del trabajo, la producci\u00f3n en masas, la productividad, la era digital, el teletrabajo, as\u00ed como el nuevo paradigma en torno al\u00a0 trabajo que la humanidad deber\u00e1 enfrentar en no muy largo tiempo, tales recomendaciones fueron realizadas en la edici\u00f3n \u00a0Nro.28 del referido programa.<\/p>\n<p>Tambi\u00e9n sugiri\u00f3 el libro <em>La Revoluci\u00f3n de los Negros en los Estados Unidos<\/em>, de William Brink y Louis Harris, de la editorial Letras. Se trata de una investigaci\u00f3n\u00a0 basada en una encuesta realizada en 1963 sobre la opini\u00f3n de los negros. De esta encuesta se obtuvo el resultado de lo que significa ser negro, las causas de\u00a0 la\u00a0 revuelta\u00a0 estadounidense\u00a0 contra la discriminaci\u00f3n, los m\u00e9todos utilizados para alcanzar la igualdad de derechos, los sentimientos de los negros hacia los blancos, as\u00ed como descifrar cu\u00e1l era el mayor deseo de los negros. Tambi\u00e9n tiene un cap\u00edtulo especial que presenta las actitudes de los blancos hacia los negros y sus demandas.<\/p>\n","protected":false},"excerpt":{"rendered":"<p>Marbelys Mav\u00e1rez Laguna (Caracas, 03 \u00a0de abril de 2018).- Como es costumbre, el ministro del Poder &hellip; <a title=\"Estas son las recomendaciones del Ministro Ovalles:\" class=\"hm-read-more\" href=\"https:\/\/www.mpppst.gob.ve\/mpppstweb\/index.php\/2018\/04\/03\/estas-son-las-recomendaciones-del-ministro-ovalles-2\/\"><span class=\"screen-reader-text\">Estas son las recomendaciones del Ministro Ovalles:<\/span>Read more<\/a><\/p>\n","protected":false},"author":25,"featured_media":14277,"comment_status":"closed","ping_status":"closed","sticky":false,"template":"","format":"standard","meta":{"footnotes":""},"categories":[82,83,163],"tags":[],"yoast_head":"<!-- This site is optimized with the Yoast SEO plugin v22.5 - https:\/\/yoast.com\/wordpress\/plugins\/seo\/ -->\n<title>Estas son las recomendaciones del Ministro Ovalles: - MPPPST<\/title>\n<meta name=\"robots\" content=\"index, follow, max-snippet:-1, max-image-preview:large, max-video-preview:-1\" \/>\n<link rel=\"canonical\" href=\"https:\/\/www.mpppst.gob.ve\/mpppstweb\/index.php\/2018\/04\/03\/estas-son-las-recomendaciones-del-ministro-ovalles-2\/\" \/>\n<meta property=\"og:locale\" content=\"es_ES\" \/>\n<meta property=\"og:type\" content=\"article\" \/>\n<meta property=\"og:title\" content=\"Estas son las recomendaciones del Ministro Ovalles: - MPPPST\" \/>\n<meta property=\"og:description\" content=\"Marbelys Mav\u00e1rez Laguna (Caracas, 03 \u00a0de abril de 2018).- Como es costumbre, el ministro del Poder &hellip; Estas son las recomendaciones del Ministro Ovalles:Read more\" \/>\n<meta property=\"og:url\" content=\"https:\/\/www.mpppst.gob.ve\/mpppstweb\/index.php\/2018\/04\/03\/estas-son-las-recomendaciones-del-ministro-ovalles-2\/\" \/>\n<meta property=\"og:site_name\" content=\"MPPPST\" \/>\n<meta property=\"article:published_time\" content=\"2018-04-03T20:36:01+00:00\" \/>\n<meta property=\"article:modified_time\" content=\"2018-04-03T21:00:40+00:00\" \/>\n<meta property=\"og:image\" content=\"https:\/\/www.mpppst.gob.ve\/mpppstweb\/wp-content\/uploads\/2018\/04\/28-RECOMENDACI\u00d3N-CON-SIBUSISO.jpg\" \/>\n\t<meta property=\"og:image:width\" content=\"800\" \/>\n\t<meta property=\"og:image:height\" content=\"445\" \/>\n\t<meta property=\"og:image:type\" content=\"image\/jpeg\" \/>\n<meta name=\"author\" content=\"MPPPST Prensa\" \/>\n<meta name=\"twitter:card\" content=\"summary_large_image\" \/>\n<meta name=\"twitter:label1\" content=\"Escrito por\" \/>\n\t<meta name=\"twitter:data1\" content=\"MPPPST Prensa\" \/>\n\t<meta name=\"twitter:label2\" content=\"Tiempo de lectura\" \/>\n\t<meta name=\"twitter:data2\" content=\"1 minuto\" \/>\n<script type=\"application\/ld+json\" class=\"yoast-schema-graph\">{\"@context\":\"https:\/\/schema.org\",\"@graph\":[{\"@type\":\"Article\",\"@id\":\"https:\/\/www.mpppst.gob.ve\/mpppstweb\/index.php\/2018\/04\/03\/estas-son-las-recomendaciones-del-ministro-ovalles-2\/#article\",\"isPartOf\":{\"@id\":\"https:\/\/www.mpppst.gob.ve\/mpppstweb\/index.php\/2018\/04\/03\/estas-son-las-recomendaciones-del-ministro-ovalles-2\/\"},\"author\":{\"name\":\"MPPPST Prensa\",\"@id\":\"https:\/\/www.mpppst.gob.ve\/mpppstweb\/#\/schema\/person\/fc187ee8ead412bd4c9304b62f900ea4\"},\"headline\":\"Estas son las recomendaciones del Ministro Ovalles:\",\"datePublished\":\"2018-04-03T20:36:01+00:00\",\"dateModified\":\"2018-04-03T21:00:40+00:00\",\"mainEntityOfPage\":{\"@id\":\"https:\/\/www.mpppst.gob.ve\/mpppstweb\/index.php\/2018\/04\/03\/estas-son-las-recomendaciones-del-ministro-ovalles-2\/\"},\"wordCount\":247,\"publisher\":{\"@id\":\"https:\/\/www.mpppst.gob.ve\/mpppstweb\/#organization\"},\"image\":{\"@id\":\"https:\/\/www.mpppst.gob.ve\/mpppstweb\/index.php\/2018\/04\/03\/estas-son-las-recomendaciones-del-ministro-ovalles-2\/#primaryimage\"},\"thumbnailUrl\":\"https:\/\/www.mpppst.gob.ve\/mpppstweb\/wp-content\/uploads\/2018\/04\/28-RECOMENDACI\u00d3N-CON-SIBUSISO.jpg\",\"articleSection\":[\"Gobierno Nacional\",\"Ministerio\",\"Noticias\"],\"inLanguage\":\"es\"},{\"@type\":\"WebPage\",\"@id\":\"https:\/\/www.mpppst.gob.ve\/mpppstweb\/index.php\/2018\/04\/03\/estas-son-las-recomendaciones-del-ministro-ovalles-2\/\",\"url\":\"https:\/\/www.mpppst.gob.ve\/mpppstweb\/index.php\/2018\/04\/03\/estas-son-las-recomendaciones-del-ministro-ovalles-2\/\",\"name\":\"Estas son las recomendaciones del Ministro Ovalles: - MPPPST\",\"isPartOf\":{\"@id\":\"https:\/\/www.mpppst.gob.ve\/mpppstweb\/#website\"},\"primaryImageOfPage\":{\"@id\":\"https:\/\/www.mpppst.gob.ve\/mpppstweb\/index.php\/2018\/04\/03\/estas-son-las-recomendaciones-del-ministro-ovalles-2\/#primaryimage\"},\"image\":{\"@id\":\"https:\/\/www.mpppst.gob.ve\/mpppstweb\/index.php\/2018\/04\/03\/estas-son-las-recomendaciones-del-ministro-ovalles-2\/#primaryimage\"},\"thumbnailUrl\":\"https:\/\/www.mpppst.gob.ve\/mpppstweb\/wp-content\/uploads\/2018\/04\/28-RECOMENDACI\u00d3N-CON-SIBUSISO.jpg\",\"datePublished\":\"2018-04-03T20:36:01+00:00\",\"dateModified\":\"2018-04-03T21:00:40+00:00\",\"breadcrumb\":{\"@id\":\"https:\/\/www.mpppst.gob.ve\/mpppstweb\/index.php\/2018\/04\/03\/estas-son-las-recomendaciones-del-ministro-ovalles-2\/#breadcrumb\"},\"inLanguage\":\"es\",\"potentialAction\":[{\"@type\":\"ReadAction\",\"target\":[\"https:\/\/www.mpppst.gob.ve\/mpppstweb\/index.php\/2018\/04\/03\/estas-son-las-recomendaciones-del-ministro-ovalles-2\/\"]}]},{\"@type\":\"ImageObject\",\"inLanguage\":\"es\",\"@id\":\"https:\/\/www.mpppst.gob.ve\/mpppstweb\/index.php\/2018\/04\/03\/estas-son-las-recomendaciones-del-ministro-ovalles-2\/#primaryimage\",\"url\":\"https:\/\/www.mpppst.gob.ve\/mpppstweb\/wp-content\/uploads\/2018\/04\/28-RECOMENDACI\u00d3N-CON-SIBUSISO.jpg\",\"contentUrl\":\"https:\/\/www.mpppst.gob.ve\/mpppstweb\/wp-content\/uploads\/2018\/04\/28-RECOMENDACI\u00d3N-CON-SIBUSISO.jpg\",\"width\":800,\"height\":445},{\"@type\":\"BreadcrumbList\",\"@id\":\"https:\/\/www.mpppst.gob.ve\/mpppstweb\/index.php\/2018\/04\/03\/estas-son-las-recomendaciones-del-ministro-ovalles-2\/#breadcrumb\",\"itemListElement\":[{\"@type\":\"ListItem\",\"position\":1,\"name\":\"Home\",\"item\":\"https:\/\/www.mpppst.gob.ve\/mpppstweb\/\"},{\"@type\":\"ListItem\",\"position\":2,\"name\":\"Estas son las recomendaciones del Ministro Ovalles:\"}]},{\"@type\":\"WebSite\",\"@id\":\"https:\/\/www.mpppst.gob.ve\/mpppstweb\/#website\",\"url\":\"https:\/\/www.mpppst.gob.ve\/mpppstweb\/\",\"name\":\"MPPPST\",\"description\":\"Ministerio del Poder Popular para el Proceso Social de Trabajo\",\"publisher\":{\"@id\":\"https:\/\/www.mpppst.gob.ve\/mpppstweb\/#organization\"},\"potentialAction\":[{\"@type\":\"SearchAction\",\"target\":{\"@type\":\"EntryPoint\",\"urlTemplate\":\"https:\/\/www.mpppst.gob.ve\/mpppstweb\/?s={search_term_string}\"},\"query-input\":\"required name=search_term_string\"}],\"inLanguage\":\"es\"},{\"@type\":\"Organization\",\"@id\":\"https:\/\/www.mpppst.gob.ve\/mpppstweb\/#organization\",\"name\":\"mpppst\",\"url\":\"https:\/\/www.mpppst.gob.ve\/mpppstweb\/\",\"logo\":{\"@type\":\"ImageObject\",\"inLanguage\":\"es\",\"@id\":\"https:\/\/www.mpppst.gob.ve\/mpppstweb\/#\/schema\/logo\/image\/\",\"url\":\"https:\/\/www.mpppst.gob.ve\/mpppstweb\/wp-content\/uploads\/2025\/07\/cropped-cropped-g910.png\",\"contentUrl\":\"https:\/\/www.mpppst.gob.ve\/mpppstweb\/wp-content\/uploads\/2025\/07\/cropped-cropped-g910.png\",\"width\":1080,\"height\":241,\"caption\":\"mpppst\"},\"image\":{\"@id\":\"https:\/\/www.mpppst.gob.ve\/mpppstweb\/#\/schema\/logo\/image\/\"}},{\"@type\":\"Person\",\"@id\":\"https:\/\/www.mpppst.gob.ve\/mpppstweb\/#\/schema\/person\/fc187ee8ead412bd4c9304b62f900ea4\",\"name\":\"MPPPST Prensa\",\"url\":\"https:\/\/www.mpppst.gob.ve\/mpppstweb\/index.php\/author\/prensa-mpppst\/\"}]}<\/script>\n<!-- \/ Yoast SEO plugin. -->","yoast_head_json":{"title":"Estas son las recomendaciones del Ministro Ovalles: - MPPPST","robots":{"index":"index","follow":"follow","max-snippet":"max-snippet:-1","max-image-preview":"max-image-preview:large","max-video-preview":"max-video-preview:-1"},"canonical":"https:\/\/www.mpppst.gob.ve\/mpppstweb\/index.php\/2018\/04\/03\/estas-son-las-recomendaciones-del-ministro-ovalles-2\/","og_locale":"es_ES","og_type":"article","og_title":"Estas son las recomendaciones del Ministro Ovalles: - MPPPST","og_description":"Marbelys Mav\u00e1rez Laguna (Caracas, 03 \u00a0de abril de 2018).- Como es costumbre, el ministro del Poder &hellip; Estas son las recomendaciones del Ministro Ovalles:Read more","og_url":"https:\/\/www.mpppst.gob.ve\/mpppstweb\/index.php\/2018\/04\/03\/estas-son-las-recomendaciones-del-ministro-ovalles-2\/","og_site_name":"MPPPST","article_published_time":"2018-04-03T20:36:01+00:00","article_modified_time":"2018-04-03T21:00:40+00:00","og_image":[{"width":800,"height":445,"url":"https:\/\/www.mpppst.gob.ve\/mpppstweb\/wp-content\/uploads\/2018\/04\/28-RECOMENDACI\u00d3N-CON-SIBUSISO.jpg","type":"image\/jpeg"}],"author":"MPPPST Prensa","twitter_card":"summary_large_image","twitter_misc":{"Escrito por":"MPPPST Prensa","Tiempo de lectura":"1 minuto"},"schema":{"@context":"https:\/\/schema.org","@graph":[{"@type":"Article","@id":"https:\/\/www.mpppst.gob.ve\/mpppstweb\/index.php\/2018\/04\/03\/estas-son-las-recomendaciones-del-ministro-ovalles-2\/#article","isPartOf":{"@id":"https:\/\/www.mpppst.gob.ve\/mpppstweb\/index.php\/2018\/04\/03\/estas-son-las-recomendaciones-del-ministro-ovalles-2\/"},"author":{"name":"MPPPST Prensa","@id":"https:\/\/www.mpppst.gob.ve\/mpppstweb\/#\/schema\/person\/fc187ee8ead412bd4c9304b62f900ea4"},"headline":"Estas son las recomendaciones del Ministro Ovalles:","datePublished":"2018-04-03T20:36:01+00:00","dateModified":"2018-04-03T21:00:40+00:00","mainEntityOfPage":{"@id":"https:\/\/www.mpppst.gob.ve\/mpppstweb\/index.php\/2018\/04\/03\/estas-son-las-recomendaciones-del-ministro-ovalles-2\/"},"wordCount":247,"publisher":{"@id":"https:\/\/www.mpppst.gob.ve\/mpppstweb\/#organization"},"image":{"@id":"https:\/\/www.mpppst.gob.ve\/mpppstweb\/index.php\/2018\/04\/03\/estas-son-las-recomendaciones-del-ministro-ovalles-2\/#primaryimage"},"thumbnailUrl":"https:\/\/www.mpppst.gob.ve\/mpppstweb\/wp-content\/uploads\/2018\/04\/28-RECOMENDACI\u00d3N-CON-SIBUSISO.jpg","articleSection":["Gobierno Nacional","Ministerio","Noticias"],"inLanguage":"es"},{"@type":"WebPage","@id":"https:\/\/www.mpppst.gob.ve\/mpppstweb\/index.php\/2018\/04\/03\/estas-son-las-recomendaciones-del-ministro-ovalles-2\/","url":"https:\/\/www.mpppst.gob.ve\/mpppstweb\/index.php\/2018\/04\/03\/estas-son-las-recomendaciones-del-ministro-ovalles-2\/","name":"Estas son las recomendaciones del Ministro Ovalles: - MPPPST","isPartOf":{"@id":"https:\/\/www.mpppst.gob.ve\/mpppstweb\/#website"},"primaryImageOfPage":{"@id":"https:\/\/www.mpppst.gob.ve\/mpppstweb\/index.php\/2018\/04\/03\/estas-son-las-recomendaciones-del-ministro-ovalles-2\/#primaryimage"},"image":{"@id":"https:\/\/www.mpppst.gob.ve\/mpppstweb\/index.php\/2018\/04\/03\/estas-son-las-recomendaciones-del-ministro-ovalles-2\/#primaryimage"},"thumbnailUrl":"https:\/\/www.mpppst.gob.ve\/mpppstweb\/wp-content\/uploads\/2018\/04\/28-RECOMENDACI\u00d3N-CON-SIBUSISO.jpg","datePublished":"2018-04-03T20:36:01+00:00","dateModified":"2018-04-03T21:00:40+00:00","breadcrumb":{"@id":"https:\/\/www.mpppst.gob.ve\/mpppstweb\/index.php\/2018\/04\/03\/estas-son-las-recomendaciones-del-ministro-ovalles-2\/#breadcrumb"},"inLanguage":"es","potentialAction":[{"@type":"ReadAction","target":["https:\/\/www.mpppst.gob.ve\/mpppstweb\/index.php\/2018\/04\/03\/estas-son-las-recomendaciones-del-ministro-ovalles-2\/"]}]},{"@type":"ImageObject","inLanguage":"es","@id":"https:\/\/www.mpppst.gob.ve\/mpppstweb\/index.php\/2018\/04\/03\/estas-son-las-recomendaciones-del-ministro-ovalles-2\/#primaryimage","url":"https:\/\/www.mpppst.gob.ve\/mpppstweb\/wp-content\/uploads\/2018\/04\/28-RECOMENDACI\u00d3N-CON-SIBUSISO.jpg","contentUrl":"https:\/\/www.mpppst.gob.ve\/mpppstweb\/wp-content\/uploads\/2018\/04\/28-RECOMENDACI\u00d3N-CON-SIBUSISO.jpg","width":800,"height":445},{"@type":"BreadcrumbList","@id":"https:\/\/www.mpppst.gob.ve\/mpppstweb\/index.php\/2018\/04\/03\/estas-son-las-recomendaciones-del-ministro-ovalles-2\/#breadcrumb","itemListElement":[{"@type":"ListItem","position":1,"name":"Home","item":"https:\/\/www.mpppst.gob.ve\/mpppstweb\/"},{"@type":"ListItem","position":2,"name":"Estas son las recomendaciones del Ministro Ovalles:"}]},{"@type":"WebSite","@id":"https:\/\/www.mpppst.gob.ve\/mpppstweb\/#website","url":"https:\/\/www.mpppst.gob.ve\/mpppstweb\/","name":"MPPPST","description":"Ministerio del Poder Popular para el Proceso Social de Trabajo","publisher":{"@id":"https:\/\/www.mpppst.gob.ve\/mpppstweb\/#organization"},"potentialAction":[{"@type":"SearchAction","target":{"@type":"EntryPoint","urlTemplate":"https:\/\/www.mpppst.gob.ve\/mpppstweb\/?s={search_term_string}"},"query-input":"required name=search_term_string"}],"inLanguage":"es"},{"@type":"Organization","@id":"https:\/\/www.mpppst.gob.ve\/mpppstweb\/#organization","name":"mpppst","url":"https:\/\/www.mpppst.gob.ve\/mpppstweb\/","logo":{"@type":"ImageObject","inLanguage":"es","@id":"https:\/\/www.mpppst.gob.ve\/mpppstweb\/#\/schema\/logo\/image\/","url":"https:\/\/www.mpppst.gob.ve\/mpppstweb\/wp-content\/uploads\/2025\/07\/cropped-cropped-g910.png","contentUrl":"https:\/\/www.mpppst.gob.ve\/mpppstweb\/wp-content\/uploads\/2025\/07\/cropped-cropped-g910.png","width":1080,"height":241,"caption":"mpppst"},"image":{"@id":"https:\/\/www.mpppst.gob.ve\/mpppstweb\/#\/schema\/logo\/image\/"}},{"@type":"Person","@id":"https:\/\/www.mpppst.gob.ve\/mpppstweb\/#\/schema\/person\/fc187ee8ead412bd4c9304b62f900ea4","name":"MPPPST Prensa","url":"https:\/\/www.mpppst.gob.ve\/mpppstweb\/index.php\/author\/prensa-mpppst\/"}]}},"_links":{"self":[{"href":"https:\/\/www.mpppst.gob.ve\/mpppstweb\/index.php\/wp-json\/wp\/v2\/posts\/14273"}],"collection":[{"href":"https:\/\/www.mpppst.gob.ve\/mpppstweb\/index.php\/wp-json\/wp\/v2\/posts"}],"about":[{"href":"https:\/\/www.mpppst.gob.ve\/mpppstweb\/index.php\/wp-json\/wp\/v2\/types\/post"}],"author":[{"embeddable":true,"href":"https:\/\/www.mpppst.gob.ve\/mpppstweb\/index.php\/wp-json\/wp\/v2\/users\/25"}],"replies":[{"embeddable":true,"href":"https:\/\/www.mpppst.gob.ve\/mpppstweb\/index.php\/wp-json\/wp\/v2\/comments?post=14273"}],"version-history":[{"count":1,"href":"https:\/\/www.mpppst.gob.ve\/mpppstweb\/index.php\/wp-json\/wp\/v2\/posts\/14273\/revisions"}],"predecessor-version":[{"id":14275,"href":"https:\/\/www.mpppst.gob.ve\/mpppstweb\/index.php\/wp-json\/wp\/v2\/posts\/14273\/revisions\/14275"}],"wp:featuredmedia":[{"embeddable":true,"href":"https:\/\/www.mpppst.gob.ve\/mpppstweb\/index.php\/wp-json\/wp\/v2\/media\/14277"}],"wp:attachment":[{"href":"https:\/\/www.mpppst.gob.ve\/mpppstweb\/index.php\/wp-json\/wp\/v2\/media?parent=14273"}],"wp:term":[{"taxonomy":"category","embeddable":true,"href":"https:\/\/www.mpppst.gob.ve\/mpppstweb\/index.php\/wp-json\/wp\/v2\/categories?post=14273"},{"taxonomy":"post_tag","embeddable":true,"href":"https:\/\/www.mpppst.gob.ve\/mpppstweb\/index.php\/wp-json\/wp\/v2\/tags?post=14273"}],"curies":[{"name":"wp","href":"https:\/\/api.w.org\/{rel}","templated":true}]}}