{"id":15346,"date":"2018-11-15T17:09:39","date_gmt":"2018-11-15T21:09:39","guid":{"rendered":"http:\/\/www.mpppst.gob.ve\/mpppstweb\/?p=15346"},"modified":"2018-11-15T17:17:18","modified_gmt":"2018-11-15T21:17:18","slug":"trabajadores-del-mpppst-disfrutaron-de-gaitas-venezolanas","status":"publish","type":"post","link":"https:\/\/www.mpppst.gob.ve\/mpppstweb\/index.php\/2018\/11\/15\/trabajadores-del-mpppst-disfrutaron-de-gaitas-venezolanas\/","title":{"rendered":"Trabajadores del Mpppst  disfrutaron de gaitas venezolanas"},"content":{"rendered":"<p>Al ritmo de la tambora, cuatro y charrasca, las trabajadoras y trabajadores del Ministerio del Proceso Social de Trabajo, dieron una pausa en su jornada laboral este jueves 15 de noviembre, para disfrutar del repertorio musical del grupo Mintragaitas.<\/p>\n<p>El encuentro organizado &#8211; siguiendo instrucciones del ministro Eduardo Pi\u00f1ate- se desarroll\u00f3 en marco del inicio de la \u00e9poca decembrina y en continuidad con la programaci\u00f3n de las actividades culturales dentro del ente ministerial.<\/p>\n<p>\u201cSin rencor\u201d, \u201cdale con el palo\u201d y \u201cbambuco\u201d fueron algunos de los \u00e9xitos venezolanos que vocalizaron los 16 artistas que conforman el conjunto gaitero.<\/p>\n<p>El director musical de Mintragaitas, Carlos Lucero, asegur\u00f3 que tienen m\u00e1s de 10 a\u00f1os dedic\u00e1ndose a fortalecer esta cultura. De igual forma, le hizo un llamado a las dem\u00e1s instituciones \u201cexhortamos a todas las sedes p\u00fablicas a crear su conjunto (\u2026) ejecuten audiciones, convoquen al personal y realicen talleres\u201d.<\/p>\n<p>El pr\u00f3ximo 30 de noviembre en la Inspector\u00eda del Mpppst ubicada en Las Mercedes, \u00a0tienen previsto continuar avivando los espacios y regalando a las trabajadoras y trabajadores momentos amenos.<\/p>\n","protected":false},"excerpt":{"rendered":"<p>Al ritmo de la tambora, cuatro y charrasca, las trabajadoras y trabajadores del Ministerio del Proceso &hellip; <a title=\"Trabajadores del Mpppst  disfrutaron de gaitas venezolanas\" class=\"hm-read-more\" href=\"https:\/\/www.mpppst.gob.ve\/mpppstweb\/index.php\/2018\/11\/15\/trabajadores-del-mpppst-disfrutaron-de-gaitas-venezolanas\/\"><span class=\"screen-reader-text\">Trabajadores del Mpppst  disfrutaron de gaitas venezolanas<\/span>Leer m\u00e1s<\/a><\/p>\n","protected":false},"author":25,"featured_media":15347,"comment_status":"closed","ping_status":"closed","sticky":false,"template":"","format":"standard","meta":{"footnotes":""},"categories":[82,163],"tags":[225,227,345],"class_list":["post-15346","post","type-post","status-publish","format-standard","has-post-thumbnail","hentry","category-gobierno-nacional","category-noticias","tag-fuerza-laboral","tag-proceso-social","tag-trabajadores"],"yoast_head":"<!-- This site is optimized with the Yoast SEO plugin v28.4 - https:\/\/yoast.com\/product\/yoast-seo-wordpress\/ -->\n<title>Trabajadores del Mpppst disfrutaron de gaitas venezolanas - MPPPST<\/title>\n<meta name=\"robots\" content=\"index, follow, max-snippet:-1, max-image-preview:large, max-video-preview:-1\" \/>\n<link rel=\"canonical\" href=\"https:\/\/www.mpppst.gob.ve\/mpppstweb\/index.php\/2018\/11\/15\/trabajadores-del-mpppst-disfrutaron-de-gaitas-venezolanas\/\" \/>\n<meta property=\"og:locale\" content=\"es_ES\" \/>\n<meta property=\"og:type\" content=\"article\" \/>\n<meta property=\"og:title\" content=\"Trabajadores del Mpppst disfrutaron de gaitas venezolanas - MPPPST\" \/>\n<meta property=\"og:description\" content=\"Al ritmo de la tambora, cuatro y charrasca, las trabajadoras y trabajadores del Ministerio del Proceso &hellip; Trabajadores del Mpppst disfrutaron de gaitas venezolanasLeer m\u00e1s\" \/>\n<meta property=\"og:url\" content=\"https:\/\/www.mpppst.gob.ve\/mpppstweb\/index.php\/2018\/11\/15\/trabajadores-del-mpppst-disfrutaron-de-gaitas-venezolanas\/\" \/>\n<meta property=\"og:site_name\" content=\"MPPPST\" \/>\n<meta property=\"article:publisher\" content=\"https:\/\/www.facebook.com\/mintrabajo_ve\" \/>\n<meta property=\"article:published_time\" content=\"2018-11-15T21:09:39+00:00\" \/>\n<meta property=\"article:modified_time\" content=\"2018-11-15T21:17:18+00:00\" \/>\n<meta property=\"og:image\" content=\"https:\/\/www.mpppst.gob.ve\/mpppstweb\/wp-content\/uploads\/2018\/11\/006.jpg\" \/>\n\t<meta property=\"og:image:width\" content=\"2816\" \/>\n\t<meta property=\"og:image:height\" content=\"1880\" \/>\n\t<meta property=\"og:image:type\" content=\"image\/jpeg\" \/>\n<meta name=\"author\" content=\"MPPPST Prensa\" \/>\n<meta name=\"twitter:card\" content=\"summary_large_image\" \/>\n<script type=\"application\/ld+json\" class=\"yoast-schema-graph\">{\"@context\":\"https:\\\/\\\/schema.org\",\"@graph\":[{\"@type\":\"Article\",\"@id\":\"https:\\\/\\\/www.mpppst.gob.ve\\\/mpppstweb\\\/index.php\\\/2018\\\/11\\\/15\\\/trabajadores-del-mpppst-disfrutaron-de-gaitas-venezolanas\\\/#article\",\"isPartOf\":{\"@id\":\"https:\\\/\\\/www.mpppst.gob.ve\\\/mpppstweb\\\/index.php\\\/2018\\\/11\\\/15\\\/trabajadores-del-mpppst-disfrutaron-de-gaitas-venezolanas\\\/\"},\"author\":{\"name\":\"MPPPST Prensa\",\"@id\":\"https:\\\/\\\/www.mpppst.gob.ve\\\/mpppstweb\\\/#\\\/schema\\\/person\\\/fc187ee8ead412bd4c9304b62f900ea4\"},\"headline\":\"Trabajadores del Mpppst disfrutaron de gaitas venezolanas\",\"datePublished\":\"2018-11-15T21:09:39+00:00\",\"dateModified\":\"2018-11-15T21:17:18+00:00\",\"mainEntityOfPage\":{\"@id\":\"https:\\\/\\\/www.mpppst.gob.ve\\\/mpppstweb\\\/index.php\\\/2018\\\/11\\\/15\\\/trabajadores-del-mpppst-disfrutaron-de-gaitas-venezolanas\\\/\"},\"wordCount\":186,\"publisher\":{\"@id\":\"https:\\\/\\\/www.mpppst.gob.ve\\\/mpppstweb\\\/#organization\"},\"image\":{\"@id\":\"https:\\\/\\\/www.mpppst.gob.ve\\\/mpppstweb\\\/index.php\\\/2018\\\/11\\\/15\\\/trabajadores-del-mpppst-disfrutaron-de-gaitas-venezolanas\\\/#primaryimage\"},\"thumbnailUrl\":\"https:\\\/\\\/www.mpppst.gob.ve\\\/mpppstweb\\\/wp-content\\\/uploads\\\/2018\\\/11\\\/006.jpg\",\"keywords\":[\"Fuerza Laboral\",\"Proceso Social\",\"Trabajadores\"],\"articleSection\":[\"Gobierno Nacional\",\"Noticias\"],\"inLanguage\":\"es\"},{\"@type\":\"WebPage\",\"@id\":\"https:\\\/\\\/www.mpppst.gob.ve\\\/mpppstweb\\\/index.php\\\/2018\\\/11\\\/15\\\/trabajadores-del-mpppst-disfrutaron-de-gaitas-venezolanas\\\/\",\"url\":\"https:\\\/\\\/www.mpppst.gob.ve\\\/mpppstweb\\\/index.php\\\/2018\\\/11\\\/15\\\/trabajadores-del-mpppst-disfrutaron-de-gaitas-venezolanas\\\/\",\"name\":\"Trabajadores del Mpppst disfrutaron de gaitas venezolanas - MPPPST\",\"isPartOf\":{\"@id\":\"https:\\\/\\\/www.mpppst.gob.ve\\\/mpppstweb\\\/#website\"},\"primaryImageOfPage\":{\"@id\":\"https:\\\/\\\/www.mpppst.gob.ve\\\/mpppstweb\\\/index.php\\\/2018\\\/11\\\/15\\\/trabajadores-del-mpppst-disfrutaron-de-gaitas-venezolanas\\\/#primaryimage\"},\"image\":{\"@id\":\"https:\\\/\\\/www.mpppst.gob.ve\\\/mpppstweb\\\/index.php\\\/2018\\\/11\\\/15\\\/trabajadores-del-mpppst-disfrutaron-de-gaitas-venezolanas\\\/#primaryimage\"},\"thumbnailUrl\":\"https:\\\/\\\/www.mpppst.gob.ve\\\/mpppstweb\\\/wp-content\\\/uploads\\\/2018\\\/11\\\/006.jpg\",\"datePublished\":\"2018-11-15T21:09:39+00:00\",\"dateModified\":\"2018-11-15T21:17:18+00:00\",\"breadcrumb\":{\"@id\":\"https:\\\/\\\/www.mpppst.gob.ve\\\/mpppstweb\\\/index.php\\\/2018\\\/11\\\/15\\\/trabajadores-del-mpppst-disfrutaron-de-gaitas-venezolanas\\\/#breadcrumb\"},\"inLanguage\":\"es\",\"potentialAction\":[{\"@type\":\"ReadAction\",\"target\":[\"https:\\\/\\\/www.mpppst.gob.ve\\\/mpppstweb\\\/index.php\\\/2018\\\/11\\\/15\\\/trabajadores-del-mpppst-disfrutaron-de-gaitas-venezolanas\\\/\"]}]},{\"@type\":\"ImageObject\",\"inLanguage\":\"es\",\"@id\":\"https:\\\/\\\/www.mpppst.gob.ve\\\/mpppstweb\\\/index.php\\\/2018\\\/11\\\/15\\\/trabajadores-del-mpppst-disfrutaron-de-gaitas-venezolanas\\\/#primaryimage\",\"url\":\"https:\\\/\\\/www.mpppst.gob.ve\\\/mpppstweb\\\/wp-content\\\/uploads\\\/2018\\\/11\\\/006.jpg\",\"contentUrl\":\"https:\\\/\\\/www.mpppst.gob.ve\\\/mpppstweb\\\/wp-content\\\/uploads\\\/2018\\\/11\\\/006.jpg\",\"width\":2816,\"height\":1880},{\"@type\":\"BreadcrumbList\",\"@id\":\"https:\\\/\\\/www.mpppst.gob.ve\\\/mpppstweb\\\/index.php\\\/2018\\\/11\\\/15\\\/trabajadores-del-mpppst-disfrutaron-de-gaitas-venezolanas\\\/#breadcrumb\",\"itemListElement\":[{\"@type\":\"ListItem\",\"position\":1,\"name\":\"Home\",\"item\":\"https:\\\/\\\/www.mpppst.gob.ve\\\/mpppstweb\\\/\"},{\"@type\":\"ListItem\",\"position\":2,\"name\":\"Trabajadores del Mpppst disfrutaron de gaitas venezolanas\"}]},{\"@type\":\"WebSite\",\"@id\":\"https:\\\/\\\/www.mpppst.gob.ve\\\/mpppstweb\\\/#website\",\"url\":\"https:\\\/\\\/www.mpppst.gob.ve\\\/mpppstweb\\\/\",\"name\":\"MPPPST\",\"description\":\"Sitio web oficial del Ministerio del Poder Popular para el Proceso Social de Trabajo\",\"publisher\":{\"@id\":\"https:\\\/\\\/www.mpppst.gob.ve\\\/mpppstweb\\\/#organization\"},\"alternateName\":\"Ministerio del Poder Popular para el Proceso Social de Trabajo\",\"potentialAction\":[{\"@type\":\"SearchAction\",\"target\":{\"@type\":\"EntryPoint\",\"urlTemplate\":\"https:\\\/\\\/www.mpppst.gob.ve\\\/mpppstweb\\\/?s={search_term_string}\"},\"query-input\":{\"@type\":\"PropertyValueSpecification\",\"valueRequired\":true,\"valueName\":\"search_term_string\"}}],\"inLanguage\":\"es\"},{\"@type\":\"Organization\",\"@id\":\"https:\\\/\\\/www.mpppst.gob.ve\\\/mpppstweb\\\/#organization\",\"name\":\"Ministerio del Poder Popular para el Proceso Social de Trabajo\",\"alternateName\":\"MPPPST\",\"url\":\"https:\\\/\\\/www.mpppst.gob.ve\\\/mpppstweb\\\/\",\"logo\":{\"@type\":\"ImageObject\",\"inLanguage\":\"es\",\"@id\":\"https:\\\/\\\/www.mpppst.gob.ve\\\/mpppstweb\\\/#\\\/schema\\\/logo\\\/image\\\/\",\"url\":\"https:\\\/\\\/www.mpppst.gob.ve\\\/mpppstweb\\\/wp-content\\\/uploads\\\/2025\\\/07\\\/cropped-cropped-g910.png\",\"contentUrl\":\"https:\\\/\\\/www.mpppst.gob.ve\\\/mpppstweb\\\/wp-content\\\/uploads\\\/2025\\\/07\\\/cropped-cropped-g910.png\",\"width\":1080,\"height\":241,\"caption\":\"Ministerio del Poder Popular para el Proceso Social de Trabajo\"},\"image\":{\"@id\":\"https:\\\/\\\/www.mpppst.gob.ve\\\/mpppstweb\\\/#\\\/schema\\\/logo\\\/image\\\/\"},\"sameAs\":[\"https:\\\/\\\/www.facebook.com\\\/mintrabajo_ve\",\"https:\\\/\\\/www.instagram.com\\\/mintrabajo_ve\\\/\",\"https:\\\/\\\/www.tiktok.com\\\/@mintrabajo_ve\",\"https:\\\/\\\/t.me\\\/mpppst\"]},{\"@type\":\"Person\",\"@id\":\"https:\\\/\\\/www.mpppst.gob.ve\\\/mpppstweb\\\/#\\\/schema\\\/person\\\/fc187ee8ead412bd4c9304b62f900ea4\",\"name\":\"MPPPST Prensa\",\"url\":\"https:\\\/\\\/www.mpppst.gob.ve\\\/mpppstweb\\\/index.php\\\/author\\\/prensa-mpppst\\\/\"}]}<\/script>\n<!-- \/ Yoast SEO plugin. -->","yoast_head_json":{"title":"Trabajadores del Mpppst disfrutaron de gaitas venezolanas - MPPPST","robots":{"index":"index","follow":"follow","max-snippet":"max-snippet:-1","max-image-preview":"max-image-preview:large","max-video-preview":"max-video-preview:-1"},"canonical":"https:\/\/www.mpppst.gob.ve\/mpppstweb\/index.php\/2018\/11\/15\/trabajadores-del-mpppst-disfrutaron-de-gaitas-venezolanas\/","og_locale":"es_ES","og_type":"article","og_title":"Trabajadores del Mpppst disfrutaron de gaitas venezolanas - MPPPST","og_description":"Al ritmo de la tambora, cuatro y charrasca, las trabajadoras y trabajadores del Ministerio del Proceso &hellip; Trabajadores del Mpppst disfrutaron de gaitas venezolanasLeer m\u00e1s","og_url":"https:\/\/www.mpppst.gob.ve\/mpppstweb\/index.php\/2018\/11\/15\/trabajadores-del-mpppst-disfrutaron-de-gaitas-venezolanas\/","og_site_name":"MPPPST","article_publisher":"https:\/\/www.facebook.com\/mintrabajo_ve","article_published_time":"2018-11-15T21:09:39+00:00","article_modified_time":"2018-11-15T21:17:18+00:00","og_image":[{"width":2816,"height":1880,"url":"https:\/\/www.mpppst.gob.ve\/mpppstweb\/wp-content\/uploads\/2018\/11\/006.jpg","type":"image\/jpeg"}],"author":"MPPPST Prensa","twitter_card":"summary_large_image","schema":{"@context":"https:\/\/schema.org","@graph":[{"@type":"Article","@id":"https:\/\/www.mpppst.gob.ve\/mpppstweb\/index.php\/2018\/11\/15\/trabajadores-del-mpppst-disfrutaron-de-gaitas-venezolanas\/#article","isPartOf":{"@id":"https:\/\/www.mpppst.gob.ve\/mpppstweb\/index.php\/2018\/11\/15\/trabajadores-del-mpppst-disfrutaron-de-gaitas-venezolanas\/"},"author":{"name":"MPPPST Prensa","@id":"https:\/\/www.mpppst.gob.ve\/mpppstweb\/#\/schema\/person\/fc187ee8ead412bd4c9304b62f900ea4"},"headline":"Trabajadores del Mpppst disfrutaron de gaitas venezolanas","datePublished":"2018-11-15T21:09:39+00:00","dateModified":"2018-11-15T21:17:18+00:00","mainEntityOfPage":{"@id":"https:\/\/www.mpppst.gob.ve\/mpppstweb\/index.php\/2018\/11\/15\/trabajadores-del-mpppst-disfrutaron-de-gaitas-venezolanas\/"},"wordCount":186,"publisher":{"@id":"https:\/\/www.mpppst.gob.ve\/mpppstweb\/#organization"},"image":{"@id":"https:\/\/www.mpppst.gob.ve\/mpppstweb\/index.php\/2018\/11\/15\/trabajadores-del-mpppst-disfrutaron-de-gaitas-venezolanas\/#primaryimage"},"thumbnailUrl":"https:\/\/www.mpppst.gob.ve\/mpppstweb\/wp-content\/uploads\/2018\/11\/006.jpg","keywords":["Fuerza Laboral","Proceso Social","Trabajadores"],"articleSection":["Gobierno Nacional","Noticias"],"inLanguage":"es"},{"@type":"WebPage","@id":"https:\/\/www.mpppst.gob.ve\/mpppstweb\/index.php\/2018\/11\/15\/trabajadores-del-mpppst-disfrutaron-de-gaitas-venezolanas\/","url":"https:\/\/www.mpppst.gob.ve\/mpppstweb\/index.php\/2018\/11\/15\/trabajadores-del-mpppst-disfrutaron-de-gaitas-venezolanas\/","name":"Trabajadores del Mpppst disfrutaron de gaitas venezolanas - MPPPST","isPartOf":{"@id":"https:\/\/www.mpppst.gob.ve\/mpppstweb\/#website"},"primaryImageOfPage":{"@id":"https:\/\/www.mpppst.gob.ve\/mpppstweb\/index.php\/2018\/11\/15\/trabajadores-del-mpppst-disfrutaron-de-gaitas-venezolanas\/#primaryimage"},"image":{"@id":"https:\/\/www.mpppst.gob.ve\/mpppstweb\/index.php\/2018\/11\/15\/trabajadores-del-mpppst-disfrutaron-de-gaitas-venezolanas\/#primaryimage"},"thumbnailUrl":"https:\/\/www.mpppst.gob.ve\/mpppstweb\/wp-content\/uploads\/2018\/11\/006.jpg","datePublished":"2018-11-15T21:09:39+00:00","dateModified":"2018-11-15T21:17:18+00:00","breadcrumb":{"@id":"https:\/\/www.mpppst.gob.ve\/mpppstweb\/index.php\/2018\/11\/15\/trabajadores-del-mpppst-disfrutaron-de-gaitas-venezolanas\/#breadcrumb"},"inLanguage":"es","potentialAction":[{"@type":"ReadAction","target":["https:\/\/www.mpppst.gob.ve\/mpppstweb\/index.php\/2018\/11\/15\/trabajadores-del-mpppst-disfrutaron-de-gaitas-venezolanas\/"]}]},{"@type":"ImageObject","inLanguage":"es","@id":"https:\/\/www.mpppst.gob.ve\/mpppstweb\/index.php\/2018\/11\/15\/trabajadores-del-mpppst-disfrutaron-de-gaitas-venezolanas\/#primaryimage","url":"https:\/\/www.mpppst.gob.ve\/mpppstweb\/wp-content\/uploads\/2018\/11\/006.jpg","contentUrl":"https:\/\/www.mpppst.gob.ve\/mpppstweb\/wp-content\/uploads\/2018\/11\/006.jpg","width":2816,"height":1880},{"@type":"BreadcrumbList","@id":"https:\/\/www.mpppst.gob.ve\/mpppstweb\/index.php\/2018\/11\/15\/trabajadores-del-mpppst-disfrutaron-de-gaitas-venezolanas\/#breadcrumb","itemListElement":[{"@type":"ListItem","position":1,"name":"Home","item":"https:\/\/www.mpppst.gob.ve\/mpppstweb\/"},{"@type":"ListItem","position":2,"name":"Trabajadores del Mpppst disfrutaron de gaitas venezolanas"}]},{"@type":"WebSite","@id":"https:\/\/www.mpppst.gob.ve\/mpppstweb\/#website","url":"https:\/\/www.mpppst.gob.ve\/mpppstweb\/","name":"MPPPST","description":"Sitio web oficial del Ministerio del Poder Popular para el Proceso Social de Trabajo","publisher":{"@id":"https:\/\/www.mpppst.gob.ve\/mpppstweb\/#organization"},"alternateName":"Ministerio del Poder Popular para el Proceso Social de Trabajo","potentialAction":[{"@type":"SearchAction","target":{"@type":"EntryPoint","urlTemplate":"https:\/\/www.mpppst.gob.ve\/mpppstweb\/?s={search_term_string}"},"query-input":{"@type":"PropertyValueSpecification","valueRequired":true,"valueName":"search_term_string"}}],"inLanguage":"es"},{"@type":"Organization","@id":"https:\/\/www.mpppst.gob.ve\/mpppstweb\/#organization","name":"Ministerio del Poder Popular para el Proceso Social de Trabajo","alternateName":"MPPPST","url":"https:\/\/www.mpppst.gob.ve\/mpppstweb\/","logo":{"@type":"ImageObject","inLanguage":"es","@id":"https:\/\/www.mpppst.gob.ve\/mpppstweb\/#\/schema\/logo\/image\/","url":"https:\/\/www.mpppst.gob.ve\/mpppstweb\/wp-content\/uploads\/2025\/07\/cropped-cropped-g910.png","contentUrl":"https:\/\/www.mpppst.gob.ve\/mpppstweb\/wp-content\/uploads\/2025\/07\/cropped-cropped-g910.png","width":1080,"height":241,"caption":"Ministerio del Poder Popular para el Proceso Social de Trabajo"},"image":{"@id":"https:\/\/www.mpppst.gob.ve\/mpppstweb\/#\/schema\/logo\/image\/"},"sameAs":["https:\/\/www.facebook.com\/mintrabajo_ve","https:\/\/www.instagram.com\/mintrabajo_ve\/","https:\/\/www.tiktok.com\/@mintrabajo_ve","https:\/\/t.me\/mpppst"]},{"@type":"Person","@id":"https:\/\/www.mpppst.gob.ve\/mpppstweb\/#\/schema\/person\/fc187ee8ead412bd4c9304b62f900ea4","name":"MPPPST Prensa","url":"https:\/\/www.mpppst.gob.ve\/mpppstweb\/index.php\/author\/prensa-mpppst\/"}]}},"_links":{"self":[{"href":"https:\/\/www.mpppst.gob.ve\/mpppstweb\/index.php\/wp-json\/wp\/v2\/posts\/15346","targetHints":{"allow":["GET"]}}],"collection":[{"href":"https:\/\/www.mpppst.gob.ve\/mpppstweb\/index.php\/wp-json\/wp\/v2\/posts"}],"about":[{"href":"https:\/\/www.mpppst.gob.ve\/mpppstweb\/index.php\/wp-json\/wp\/v2\/types\/post"}],"author":[{"embeddable":true,"href":"https:\/\/www.mpppst.gob.ve\/mpppstweb\/index.php\/wp-json\/wp\/v2\/users\/25"}],"replies":[{"embeddable":true,"href":"https:\/\/www.mpppst.gob.ve\/mpppstweb\/index.php\/wp-json\/wp\/v2\/comments?post=15346"}],"version-history":[{"count":3,"href":"https:\/\/www.mpppst.gob.ve\/mpppstweb\/index.php\/wp-json\/wp\/v2\/posts\/15346\/revisions"}],"predecessor-version":[{"id":15350,"href":"https:\/\/www.mpppst.gob.ve\/mpppstweb\/index.php\/wp-json\/wp\/v2\/posts\/15346\/revisions\/15350"}],"wp:featuredmedia":[{"embeddable":true,"href":"https:\/\/www.mpppst.gob.ve\/mpppstweb\/index.php\/wp-json\/wp\/v2\/media\/15347"}],"wp:attachment":[{"href":"https:\/\/www.mpppst.gob.ve\/mpppstweb\/index.php\/wp-json\/wp\/v2\/media?parent=15346"}],"wp:term":[{"taxonomy":"category","embeddable":true,"href":"https:\/\/www.mpppst.gob.ve\/mpppstweb\/index.php\/wp-json\/wp\/v2\/categories?post=15346"},{"taxonomy":"post_tag","embeddable":true,"href":"https:\/\/www.mpppst.gob.ve\/mpppstweb\/index.php\/wp-json\/wp\/v2\/tags?post=15346"}],"curies":[{"name":"wp","href":"https:\/\/api.w.org\/{rel}","templated":true}]}}