{"id":15571,"date":"2019-01-17T12:53:42","date_gmt":"2019-01-17T16:53:42","guid":{"rendered":"http:\/\/www.mpppst.gob.ve\/mpppstweb\/?p=15571"},"modified":"2019-01-17T14:11:55","modified_gmt":"2019-01-17T18:11:55","slug":"inicio-diplomado-derecho-del-proceso-social-de-trabajo","status":"publish","type":"post","link":"https:\/\/www.mpppst.gob.ve\/mpppstweb\/index.php\/2019\/01\/17\/inicio-diplomado-derecho-del-proceso-social-de-trabajo\/","title":{"rendered":"Inici\u00f3 diplomado \u201cDerecho al Proceso Social de Trabajo\u201d"},"content":{"rendered":"<p>Este mi\u00e9rcoles 16 de enero de 2019, gracias a un convenio entre el Ministerio del Poder Popular para el Proceso Social de Trabajo (Mpppst) y la Fiscal\u00eda General de la Rep\u00fablica, se inici\u00f3 el diplomado en \u201cDerecho del Proceso Social de Trabajo\u201d con el objetivo de generar en los participantes l\u00edneas de investigaci\u00f3n en \u00e1reas consideradas cr\u00edticas y de aspectos cotidianos que afecten directamente la vida del trabajador.<\/p>\n<p>Desde el sal\u00f3n de usos m\u00faltiples del Mpppst, el representante de la cartera salarial, Eduardo Pi\u00f1ate, resalt\u00f3 la importancia de la capacitaci\u00f3n destacando que permite un mejor desempe\u00f1o de los funcionarios y funcionarias.<\/p>\n<p><a href=\"http:\/\/www.mpppst.gob.ve\/mpppstweb\/wp-content\/uploads\/2019\/01\/IMG_0077.jpg\"><img decoding=\"async\" loading=\"lazy\" class=\"size-medium wp-image-15573 aligncenter\" src=\"http:\/\/www.mpppst.gob.ve\/mpppstweb\/wp-content\/uploads\/2019\/01\/IMG_0077-300x200.jpg\" alt=\"\" width=\"300\" height=\"200\" srcset=\"https:\/\/www.mpppst.gob.ve\/mpppstweb\/wp-content\/uploads\/2019\/01\/IMG_0077-300x200.jpg 300w, https:\/\/www.mpppst.gob.ve\/mpppstweb\/wp-content\/uploads\/2019\/01\/IMG_0077-768x511.jpg 768w, https:\/\/www.mpppst.gob.ve\/mpppstweb\/wp-content\/uploads\/2019\/01\/IMG_0077-1024x681.jpg 1024w, https:\/\/www.mpppst.gob.ve\/mpppstweb\/wp-content\/uploads\/2019\/01\/IMG_0077.jpg 1936w\" sizes=\"(max-width: 300px) 100vw, 300px\" \/><\/a><\/p>\n<p>\u201cQuiero felicitarlos por este camino que estamos emprendiendo, es fundamental este tema -el derecho de los trabajadores- \u00a0desde la perspectiva que est\u00e1 planteada, un derecho humano elemental, derecho al trabajo, de la vida\u201d, manifest\u00f3 el ministro Eduardo Pi\u00f1ate.<\/p>\n<p>De igual modo continu\u00f3 \u201ces necesario en todo momento: el esfuerzo, la labor, la incorporaci\u00f3n y el protagonismo de los trabajadores y trabajadoras y para eso es primordial el conocimiento y que instituciones como la nuestra tengamos clara la orientaci\u00f3n (\u2026) el aprendizaje no se trata solamente de reproducir el conocimiento ya existente, sino que a partir de lo existente nosotros a trav\u00e9s de los procesos \u00a0reflexi\u00f3n y acci\u00f3n podamos producir cosas distintas\u201d.<\/p>\n<p>Por \u00faltimo invit\u00f3 a los asistentes \u201cvaloremos el conocimiento y lo que de ese conocimiento se desprende en t\u00e9rminos de acci\u00f3n transformadora (\u2026) cuenten con todo el apoyo de parte nuestra para estas y otras acciones que debamos acometer en el futuro para mejorar la calidad, la lucha en contra el burocratismo y lo mal hecho\u201d.<\/p>\n<p><a href=\"http:\/\/www.mpppst.gob.ve\/mpppstweb\/wp-content\/uploads\/2019\/01\/fbc8a908-d8cb-45b1-8c20-5e983c8170aa.jpg\"><img decoding=\"async\" loading=\"lazy\" class=\" wp-image-15575 aligncenter\" src=\"http:\/\/www.mpppst.gob.ve\/mpppstweb\/wp-content\/uploads\/2019\/01\/fbc8a908-d8cb-45b1-8c20-5e983c8170aa-300x169.jpg\" alt=\"\" width=\"307\" height=\"173\" srcset=\"https:\/\/www.mpppst.gob.ve\/mpppstweb\/wp-content\/uploads\/2019\/01\/fbc8a908-d8cb-45b1-8c20-5e983c8170aa-300x169.jpg 300w, https:\/\/www.mpppst.gob.ve\/mpppstweb\/wp-content\/uploads\/2019\/01\/fbc8a908-d8cb-45b1-8c20-5e983c8170aa-768x432.jpg 768w, https:\/\/www.mpppst.gob.ve\/mpppstweb\/wp-content\/uploads\/2019\/01\/fbc8a908-d8cb-45b1-8c20-5e983c8170aa-1024x576.jpg 1024w, https:\/\/www.mpppst.gob.ve\/mpppstweb\/wp-content\/uploads\/2019\/01\/fbc8a908-d8cb-45b1-8c20-5e983c8170aa.jpg 1080w\" sizes=\"(max-width: 307px) 100vw, 307px\" \/><\/a><\/p>\n<p>En otro sentido, la jornada tambi\u00e9n cont\u00f3 con la presencia de Ivone Mart\u00edn G\u00f3mez director de Investigaci\u00f3n y Postgrado del Ministerio P\u00fablico, Yaneth Mart\u00ednez\u00a0planificadora acad\u00e9mica de la Escuela Nacional de Fiscales del Ministerio P\u00fablico e Ileana Ru\u00edz presidenta de la Fundaci\u00f3n y directora de Escuela Nacional de Fiscales del Ministerio P\u00fablico.<\/p>\n<p>En representaci\u00f3n del Mpppst, Yohana Santeliz \u00a0viceministra\u00a0 para Derechos y Relaciones Laborales, Karina Tejedor directora general del Despacho y Gladys Su\u00e1rez directora general de Gesti\u00f3n Humana,\u00a0 tambi\u00e9n participaron en la instalaci\u00f3n del diplomado.<\/p>\n<p>El diplomado dirigido a funcionarios y funcionarias del Ministerio P\u00fablico y del Sistema Judicial, as\u00ed como tambi\u00e9n a servidoras y servidores p\u00fablicos, abogados, abogadas, fiscales y p\u00fablico en general, deber\u00e1 ser presencial y con car\u00e1cter te\u00f3rico mediante una din\u00e1mica de debate permanente, dial\u00f3gico, participativo y respetuoso a las ideas.<\/p>\n<p>Las trabajadoras y trabajadores del Mpppst, deber\u00e1n asistir al proceso de formaci\u00f3n los d\u00edas mi\u00e9rcoles y jueves en el horario comprendido de 4:00pm a 7.15pm, con una duraci\u00f3n de 120 horas acad\u00e9micas en donde estar\u00e1n destinadas 88 horas presenciales y 32 horas de producci\u00f3n intelectual.<\/p>\n<p>Los participantes finalizar\u00e1n el diplomado el d\u00eda 28 de marzo de 2019 y estar\u00e1 dividido en:<\/p>\n<p>Modulo I: Antecedentes del Derecho del Trabajo en Venezuela.<\/p>\n<p>Modulo II: Base Constitucional del Derecho del Trabajo.<\/p>\n<p>Modulo III: Del Derecho del Trabajo al Proceso Social de Trabajo.<\/p>\n<p>M\u00f3dulo IV: Efectos del Contrato de Trabajo.<\/p>\n<p>M\u00f3dulo V: El salario.<\/p>\n<p>M\u00f3dulo VI: Nuevas formas de organizaci\u00f3n de la clase trabajadora como instrumento del ejercicio del Poder Popular.<\/p>\n<p>M\u00f3dulo VII: Derecho Colectivo.<\/p>\n<p>M\u00f3dulo VIII: Formaci\u00f3n Integral continua y permanente.<\/p>\n<p>M\u00f3dulo IX: Justicia Laboral en sede administrativa.<\/p>\n<p>M\u00f3dulo XI: Derecho Penal Laboral \u2013 Desacato-.<\/p>\n<p>M\u00f3dulo XII: Obligaciones del empleador en atenci\u00f3n a las normativas que rigen la Seguridad y Salud Laboral (Lopcymat).<\/p>\n<p>M\u00f3dulo XIII: Otras formas de Trabajo<\/p>\n<p>Desde el Mpppst se contin\u00faan promoviendo encuentros para que la Clase Trabajadora pueda superar las distintas formas de explotaci\u00f3n capitalista garantizando un espacio fundamental para el desarrollo integral de las personas y as\u00ed obtener una sociedad m\u00e1s justa y amante de la paz.<\/p>\n","protected":false},"excerpt":{"rendered":"<p>Este mi\u00e9rcoles 16 de enero de 2019, gracias a un convenio entre el Ministerio del Poder &hellip; <a title=\"Inici\u00f3 diplomado \u201cDerecho al Proceso Social de Trabajo\u201d\" class=\"hm-read-more\" href=\"https:\/\/www.mpppst.gob.ve\/mpppstweb\/index.php\/2019\/01\/17\/inicio-diplomado-derecho-del-proceso-social-de-trabajo\/\"><span class=\"screen-reader-text\">Inici\u00f3 diplomado \u201cDerecho al Proceso Social de Trabajo\u201d<\/span>Read more<\/a><\/p>\n","protected":false},"author":25,"featured_media":15572,"comment_status":"closed","ping_status":"closed","sticky":false,"template":"","format":"standard","meta":{"footnotes":""},"categories":[163,84],"tags":[223,227,345],"yoast_head":"<!-- This site is optimized with the Yoast SEO plugin v22.5 - https:\/\/yoast.com\/wordpress\/plugins\/seo\/ -->\n<title>Inici\u00f3 diplomado \u201cDerecho al Proceso Social de Trabajo\u201d - MPPPST<\/title>\n<meta name=\"robots\" content=\"index, follow, max-snippet:-1, max-image-preview:large, max-video-preview:-1\" \/>\n<link rel=\"canonical\" href=\"https:\/\/www.mpppst.gob.ve\/mpppstweb\/index.php\/2019\/01\/17\/inicio-diplomado-derecho-del-proceso-social-de-trabajo\/\" \/>\n<meta property=\"og:locale\" content=\"es_ES\" \/>\n<meta property=\"og:type\" content=\"article\" \/>\n<meta property=\"og:title\" content=\"Inici\u00f3 diplomado \u201cDerecho al Proceso Social de Trabajo\u201d - MPPPST\" \/>\n<meta property=\"og:description\" content=\"Este mi\u00e9rcoles 16 de enero de 2019, gracias a un convenio entre el Ministerio del Poder &hellip; Inici\u00f3 diplomado \u201cDerecho al Proceso Social de Trabajo\u201dRead more\" \/>\n<meta property=\"og:url\" content=\"https:\/\/www.mpppst.gob.ve\/mpppstweb\/index.php\/2019\/01\/17\/inicio-diplomado-derecho-del-proceso-social-de-trabajo\/\" \/>\n<meta property=\"og:site_name\" content=\"MPPPST\" \/>\n<meta property=\"article:published_time\" content=\"2019-01-17T16:53:42+00:00\" \/>\n<meta property=\"article:modified_time\" content=\"2019-01-17T18:11:55+00:00\" \/>\n<meta property=\"og:image\" content=\"https:\/\/www.mpppst.gob.ve\/mpppstweb\/wp-content\/uploads\/2019\/01\/IMG_0086.jpg\" \/>\n\t<meta property=\"og:image:width\" content=\"1695\" \/>\n\t<meta property=\"og:image:height\" content=\"1024\" \/>\n\t<meta property=\"og:image:type\" content=\"image\/jpeg\" \/>\n<meta name=\"author\" content=\"MPPPST Prensa\" \/>\n<meta name=\"twitter:card\" content=\"summary_large_image\" \/>\n<meta name=\"twitter:label1\" content=\"Escrito por\" \/>\n\t<meta name=\"twitter:data1\" content=\"MPPPST Prensa\" \/>\n\t<meta name=\"twitter:label2\" content=\"Tiempo de lectura\" \/>\n\t<meta name=\"twitter:data2\" content=\"3 minutos\" \/>\n<script type=\"application\/ld+json\" class=\"yoast-schema-graph\">{\"@context\":\"https:\/\/schema.org\",\"@graph\":[{\"@type\":\"Article\",\"@id\":\"https:\/\/www.mpppst.gob.ve\/mpppstweb\/index.php\/2019\/01\/17\/inicio-diplomado-derecho-del-proceso-social-de-trabajo\/#article\",\"isPartOf\":{\"@id\":\"https:\/\/www.mpppst.gob.ve\/mpppstweb\/index.php\/2019\/01\/17\/inicio-diplomado-derecho-del-proceso-social-de-trabajo\/\"},\"author\":{\"name\":\"MPPPST Prensa\",\"@id\":\"https:\/\/www.mpppst.gob.ve\/mpppstweb\/#\/schema\/person\/fc187ee8ead412bd4c9304b62f900ea4\"},\"headline\":\"Inici\u00f3 diplomado \u201cDerecho al Proceso Social de Trabajo\u201d\",\"datePublished\":\"2019-01-17T16:53:42+00:00\",\"dateModified\":\"2019-01-17T18:11:55+00:00\",\"mainEntityOfPage\":{\"@id\":\"https:\/\/www.mpppst.gob.ve\/mpppstweb\/index.php\/2019\/01\/17\/inicio-diplomado-derecho-del-proceso-social-de-trabajo\/\"},\"wordCount\":677,\"publisher\":{\"@id\":\"https:\/\/www.mpppst.gob.ve\/mpppstweb\/#organization\"},\"image\":{\"@id\":\"https:\/\/www.mpppst.gob.ve\/mpppstweb\/index.php\/2019\/01\/17\/inicio-diplomado-derecho-del-proceso-social-de-trabajo\/#primaryimage\"},\"thumbnailUrl\":\"https:\/\/www.mpppst.gob.ve\/mpppstweb\/wp-content\/uploads\/2019\/01\/IMG_0086.jpg\",\"keywords\":[\"MPPPST\",\"Proceso Social\",\"Trabajadores\"],\"articleSection\":[\"Noticias\",\"Vida Laboral y Sindical\"],\"inLanguage\":\"es\"},{\"@type\":\"WebPage\",\"@id\":\"https:\/\/www.mpppst.gob.ve\/mpppstweb\/index.php\/2019\/01\/17\/inicio-diplomado-derecho-del-proceso-social-de-trabajo\/\",\"url\":\"https:\/\/www.mpppst.gob.ve\/mpppstweb\/index.php\/2019\/01\/17\/inicio-diplomado-derecho-del-proceso-social-de-trabajo\/\",\"name\":\"Inici\u00f3 diplomado \u201cDerecho al Proceso Social de Trabajo\u201d - MPPPST\",\"isPartOf\":{\"@id\":\"https:\/\/www.mpppst.gob.ve\/mpppstweb\/#website\"},\"primaryImageOfPage\":{\"@id\":\"https:\/\/www.mpppst.gob.ve\/mpppstweb\/index.php\/2019\/01\/17\/inicio-diplomado-derecho-del-proceso-social-de-trabajo\/#primaryimage\"},\"image\":{\"@id\":\"https:\/\/www.mpppst.gob.ve\/mpppstweb\/index.php\/2019\/01\/17\/inicio-diplomado-derecho-del-proceso-social-de-trabajo\/#primaryimage\"},\"thumbnailUrl\":\"https:\/\/www.mpppst.gob.ve\/mpppstweb\/wp-content\/uploads\/2019\/01\/IMG_0086.jpg\",\"datePublished\":\"2019-01-17T16:53:42+00:00\",\"dateModified\":\"2019-01-17T18:11:55+00:00\",\"breadcrumb\":{\"@id\":\"https:\/\/www.mpppst.gob.ve\/mpppstweb\/index.php\/2019\/01\/17\/inicio-diplomado-derecho-del-proceso-social-de-trabajo\/#breadcrumb\"},\"inLanguage\":\"es\",\"potentialAction\":[{\"@type\":\"ReadAction\",\"target\":[\"https:\/\/www.mpppst.gob.ve\/mpppstweb\/index.php\/2019\/01\/17\/inicio-diplomado-derecho-del-proceso-social-de-trabajo\/\"]}]},{\"@type\":\"ImageObject\",\"inLanguage\":\"es\",\"@id\":\"https:\/\/www.mpppst.gob.ve\/mpppstweb\/index.php\/2019\/01\/17\/inicio-diplomado-derecho-del-proceso-social-de-trabajo\/#primaryimage\",\"url\":\"https:\/\/www.mpppst.gob.ve\/mpppstweb\/wp-content\/uploads\/2019\/01\/IMG_0086.jpg\",\"contentUrl\":\"https:\/\/www.mpppst.gob.ve\/mpppstweb\/wp-content\/uploads\/2019\/01\/IMG_0086.jpg\",\"width\":1695,\"height\":1024},{\"@type\":\"BreadcrumbList\",\"@id\":\"https:\/\/www.mpppst.gob.ve\/mpppstweb\/index.php\/2019\/01\/17\/inicio-diplomado-derecho-del-proceso-social-de-trabajo\/#breadcrumb\",\"itemListElement\":[{\"@type\":\"ListItem\",\"position\":1,\"name\":\"Home\",\"item\":\"https:\/\/www.mpppst.gob.ve\/mpppstweb\/\"},{\"@type\":\"ListItem\",\"position\":2,\"name\":\"Inici\u00f3 diplomado \u201cDerecho al Proceso Social de Trabajo\u201d\"}]},{\"@type\":\"WebSite\",\"@id\":\"https:\/\/www.mpppst.gob.ve\/mpppstweb\/#website\",\"url\":\"https:\/\/www.mpppst.gob.ve\/mpppstweb\/\",\"name\":\"MPPPST\",\"description\":\"Ministerio del Poder Popular para el Proceso Social de Trabajo\",\"publisher\":{\"@id\":\"https:\/\/www.mpppst.gob.ve\/mpppstweb\/#organization\"},\"potentialAction\":[{\"@type\":\"SearchAction\",\"target\":{\"@type\":\"EntryPoint\",\"urlTemplate\":\"https:\/\/www.mpppst.gob.ve\/mpppstweb\/?s={search_term_string}\"},\"query-input\":\"required name=search_term_string\"}],\"inLanguage\":\"es\"},{\"@type\":\"Organization\",\"@id\":\"https:\/\/www.mpppst.gob.ve\/mpppstweb\/#organization\",\"name\":\"mpppst\",\"url\":\"https:\/\/www.mpppst.gob.ve\/mpppstweb\/\",\"logo\":{\"@type\":\"ImageObject\",\"inLanguage\":\"es\",\"@id\":\"https:\/\/www.mpppst.gob.ve\/mpppstweb\/#\/schema\/logo\/image\/\",\"url\":\"https:\/\/www.mpppst.gob.ve\/mpppstweb\/wp-content\/uploads\/2025\/07\/cropped-cropped-g910.png\",\"contentUrl\":\"https:\/\/www.mpppst.gob.ve\/mpppstweb\/wp-content\/uploads\/2025\/07\/cropped-cropped-g910.png\",\"width\":1080,\"height\":241,\"caption\":\"mpppst\"},\"image\":{\"@id\":\"https:\/\/www.mpppst.gob.ve\/mpppstweb\/#\/schema\/logo\/image\/\"}},{\"@type\":\"Person\",\"@id\":\"https:\/\/www.mpppst.gob.ve\/mpppstweb\/#\/schema\/person\/fc187ee8ead412bd4c9304b62f900ea4\",\"name\":\"MPPPST Prensa\",\"url\":\"https:\/\/www.mpppst.gob.ve\/mpppstweb\/index.php\/author\/prensa-mpppst\/\"}]}<\/script>\n<!-- \/ Yoast SEO plugin. -->","yoast_head_json":{"title":"Inici\u00f3 diplomado \u201cDerecho al Proceso Social de Trabajo\u201d - MPPPST","robots":{"index":"index","follow":"follow","max-snippet":"max-snippet:-1","max-image-preview":"max-image-preview:large","max-video-preview":"max-video-preview:-1"},"canonical":"https:\/\/www.mpppst.gob.ve\/mpppstweb\/index.php\/2019\/01\/17\/inicio-diplomado-derecho-del-proceso-social-de-trabajo\/","og_locale":"es_ES","og_type":"article","og_title":"Inici\u00f3 diplomado \u201cDerecho al Proceso Social de Trabajo\u201d - MPPPST","og_description":"Este mi\u00e9rcoles 16 de enero de 2019, gracias a un convenio entre el Ministerio del Poder &hellip; Inici\u00f3 diplomado \u201cDerecho al Proceso Social de Trabajo\u201dRead more","og_url":"https:\/\/www.mpppst.gob.ve\/mpppstweb\/index.php\/2019\/01\/17\/inicio-diplomado-derecho-del-proceso-social-de-trabajo\/","og_site_name":"MPPPST","article_published_time":"2019-01-17T16:53:42+00:00","article_modified_time":"2019-01-17T18:11:55+00:00","og_image":[{"width":1695,"height":1024,"url":"https:\/\/www.mpppst.gob.ve\/mpppstweb\/wp-content\/uploads\/2019\/01\/IMG_0086.jpg","type":"image\/jpeg"}],"author":"MPPPST Prensa","twitter_card":"summary_large_image","twitter_misc":{"Escrito por":"MPPPST Prensa","Tiempo de lectura":"3 minutos"},"schema":{"@context":"https:\/\/schema.org","@graph":[{"@type":"Article","@id":"https:\/\/www.mpppst.gob.ve\/mpppstweb\/index.php\/2019\/01\/17\/inicio-diplomado-derecho-del-proceso-social-de-trabajo\/#article","isPartOf":{"@id":"https:\/\/www.mpppst.gob.ve\/mpppstweb\/index.php\/2019\/01\/17\/inicio-diplomado-derecho-del-proceso-social-de-trabajo\/"},"author":{"name":"MPPPST Prensa","@id":"https:\/\/www.mpppst.gob.ve\/mpppstweb\/#\/schema\/person\/fc187ee8ead412bd4c9304b62f900ea4"},"headline":"Inici\u00f3 diplomado \u201cDerecho al Proceso Social de Trabajo\u201d","datePublished":"2019-01-17T16:53:42+00:00","dateModified":"2019-01-17T18:11:55+00:00","mainEntityOfPage":{"@id":"https:\/\/www.mpppst.gob.ve\/mpppstweb\/index.php\/2019\/01\/17\/inicio-diplomado-derecho-del-proceso-social-de-trabajo\/"},"wordCount":677,"publisher":{"@id":"https:\/\/www.mpppst.gob.ve\/mpppstweb\/#organization"},"image":{"@id":"https:\/\/www.mpppst.gob.ve\/mpppstweb\/index.php\/2019\/01\/17\/inicio-diplomado-derecho-del-proceso-social-de-trabajo\/#primaryimage"},"thumbnailUrl":"https:\/\/www.mpppst.gob.ve\/mpppstweb\/wp-content\/uploads\/2019\/01\/IMG_0086.jpg","keywords":["MPPPST","Proceso Social","Trabajadores"],"articleSection":["Noticias","Vida Laboral y Sindical"],"inLanguage":"es"},{"@type":"WebPage","@id":"https:\/\/www.mpppst.gob.ve\/mpppstweb\/index.php\/2019\/01\/17\/inicio-diplomado-derecho-del-proceso-social-de-trabajo\/","url":"https:\/\/www.mpppst.gob.ve\/mpppstweb\/index.php\/2019\/01\/17\/inicio-diplomado-derecho-del-proceso-social-de-trabajo\/","name":"Inici\u00f3 diplomado \u201cDerecho al Proceso Social de Trabajo\u201d - MPPPST","isPartOf":{"@id":"https:\/\/www.mpppst.gob.ve\/mpppstweb\/#website"},"primaryImageOfPage":{"@id":"https:\/\/www.mpppst.gob.ve\/mpppstweb\/index.php\/2019\/01\/17\/inicio-diplomado-derecho-del-proceso-social-de-trabajo\/#primaryimage"},"image":{"@id":"https:\/\/www.mpppst.gob.ve\/mpppstweb\/index.php\/2019\/01\/17\/inicio-diplomado-derecho-del-proceso-social-de-trabajo\/#primaryimage"},"thumbnailUrl":"https:\/\/www.mpppst.gob.ve\/mpppstweb\/wp-content\/uploads\/2019\/01\/IMG_0086.jpg","datePublished":"2019-01-17T16:53:42+00:00","dateModified":"2019-01-17T18:11:55+00:00","breadcrumb":{"@id":"https:\/\/www.mpppst.gob.ve\/mpppstweb\/index.php\/2019\/01\/17\/inicio-diplomado-derecho-del-proceso-social-de-trabajo\/#breadcrumb"},"inLanguage":"es","potentialAction":[{"@type":"ReadAction","target":["https:\/\/www.mpppst.gob.ve\/mpppstweb\/index.php\/2019\/01\/17\/inicio-diplomado-derecho-del-proceso-social-de-trabajo\/"]}]},{"@type":"ImageObject","inLanguage":"es","@id":"https:\/\/www.mpppst.gob.ve\/mpppstweb\/index.php\/2019\/01\/17\/inicio-diplomado-derecho-del-proceso-social-de-trabajo\/#primaryimage","url":"https:\/\/www.mpppst.gob.ve\/mpppstweb\/wp-content\/uploads\/2019\/01\/IMG_0086.jpg","contentUrl":"https:\/\/www.mpppst.gob.ve\/mpppstweb\/wp-content\/uploads\/2019\/01\/IMG_0086.jpg","width":1695,"height":1024},{"@type":"BreadcrumbList","@id":"https:\/\/www.mpppst.gob.ve\/mpppstweb\/index.php\/2019\/01\/17\/inicio-diplomado-derecho-del-proceso-social-de-trabajo\/#breadcrumb","itemListElement":[{"@type":"ListItem","position":1,"name":"Home","item":"https:\/\/www.mpppst.gob.ve\/mpppstweb\/"},{"@type":"ListItem","position":2,"name":"Inici\u00f3 diplomado \u201cDerecho al Proceso Social de Trabajo\u201d"}]},{"@type":"WebSite","@id":"https:\/\/www.mpppst.gob.ve\/mpppstweb\/#website","url":"https:\/\/www.mpppst.gob.ve\/mpppstweb\/","name":"MPPPST","description":"Ministerio del Poder Popular para el Proceso Social de Trabajo","publisher":{"@id":"https:\/\/www.mpppst.gob.ve\/mpppstweb\/#organization"},"potentialAction":[{"@type":"SearchAction","target":{"@type":"EntryPoint","urlTemplate":"https:\/\/www.mpppst.gob.ve\/mpppstweb\/?s={search_term_string}"},"query-input":"required name=search_term_string"}],"inLanguage":"es"},{"@type":"Organization","@id":"https:\/\/www.mpppst.gob.ve\/mpppstweb\/#organization","name":"mpppst","url":"https:\/\/www.mpppst.gob.ve\/mpppstweb\/","logo":{"@type":"ImageObject","inLanguage":"es","@id":"https:\/\/www.mpppst.gob.ve\/mpppstweb\/#\/schema\/logo\/image\/","url":"https:\/\/www.mpppst.gob.ve\/mpppstweb\/wp-content\/uploads\/2025\/07\/cropped-cropped-g910.png","contentUrl":"https:\/\/www.mpppst.gob.ve\/mpppstweb\/wp-content\/uploads\/2025\/07\/cropped-cropped-g910.png","width":1080,"height":241,"caption":"mpppst"},"image":{"@id":"https:\/\/www.mpppst.gob.ve\/mpppstweb\/#\/schema\/logo\/image\/"}},{"@type":"Person","@id":"https:\/\/www.mpppst.gob.ve\/mpppstweb\/#\/schema\/person\/fc187ee8ead412bd4c9304b62f900ea4","name":"MPPPST Prensa","url":"https:\/\/www.mpppst.gob.ve\/mpppstweb\/index.php\/author\/prensa-mpppst\/"}]}},"_links":{"self":[{"href":"https:\/\/www.mpppst.gob.ve\/mpppstweb\/index.php\/wp-json\/wp\/v2\/posts\/15571"}],"collection":[{"href":"https:\/\/www.mpppst.gob.ve\/mpppstweb\/index.php\/wp-json\/wp\/v2\/posts"}],"about":[{"href":"https:\/\/www.mpppst.gob.ve\/mpppstweb\/index.php\/wp-json\/wp\/v2\/types\/post"}],"author":[{"embeddable":true,"href":"https:\/\/www.mpppst.gob.ve\/mpppstweb\/index.php\/wp-json\/wp\/v2\/users\/25"}],"replies":[{"embeddable":true,"href":"https:\/\/www.mpppst.gob.ve\/mpppstweb\/index.php\/wp-json\/wp\/v2\/comments?post=15571"}],"version-history":[{"count":6,"href":"https:\/\/www.mpppst.gob.ve\/mpppstweb\/index.php\/wp-json\/wp\/v2\/posts\/15571\/revisions"}],"predecessor-version":[{"id":15580,"href":"https:\/\/www.mpppst.gob.ve\/mpppstweb\/index.php\/wp-json\/wp\/v2\/posts\/15571\/revisions\/15580"}],"wp:featuredmedia":[{"embeddable":true,"href":"https:\/\/www.mpppst.gob.ve\/mpppstweb\/index.php\/wp-json\/wp\/v2\/media\/15572"}],"wp:attachment":[{"href":"https:\/\/www.mpppst.gob.ve\/mpppstweb\/index.php\/wp-json\/wp\/v2\/media?parent=15571"}],"wp:term":[{"taxonomy":"category","embeddable":true,"href":"https:\/\/www.mpppst.gob.ve\/mpppstweb\/index.php\/wp-json\/wp\/v2\/categories?post=15571"},{"taxonomy":"post_tag","embeddable":true,"href":"https:\/\/www.mpppst.gob.ve\/mpppstweb\/index.php\/wp-json\/wp\/v2\/tags?post=15571"}],"curies":[{"name":"wp","href":"https:\/\/api.w.org\/{rel}","templated":true}]}}