{"id":15581,"date":"2019-01-18T22:52:14","date_gmt":"2019-01-19T02:52:14","guid":{"rendered":"http:\/\/www.mpppst.gob.ve\/mpppstweb\/?p=15581"},"modified":"2019-01-20T13:26:14","modified_gmt":"2019-01-20T17:26:14","slug":"adecuan-tablas-salariales-del-sector-universitario","status":"publish","type":"post","link":"https:\/\/www.mpppst.gob.ve\/mpppstweb\/index.php\/2019\/01\/18\/adecuan-tablas-salariales-del-sector-universitario\/","title":{"rendered":"Adecuan tablas salariales del sector Universitario"},"content":{"rendered":"<p>Este viernes 18 de enero, se realiz\u00f3 una rueda de prensa para informar la aplicaci\u00f3n del factor de correcci\u00f3n de los salarios de los trabajadores universitarios, con presencia del Ministro del Poder Popular para el Proceso Social de Trabajo\ufd3eMpppst\ufd3f Eduardo Pi\u00f1ate, en compa\u00f1\u00eda del Viceministro del Poder Popular para la Educaci\u00f3n Universitaria, Ciencia y Tecnolog\u00eda (Mppeuct) Andr\u00e9s Eloy Ruiz.<\/p>\n<p>Igualmente asisti\u00f3 el Coordinador de la Federaci\u00f3n Unitaria de Trabajadores y Trabajadoras del Petr\u00f3leo, del Gas, sus Similares y Derivados de Venezuela (FUTPV) Carlos L\u00f3pez y dirigentes de diversos Sindicatos del sector Universitarios.<\/p>\n<p>Durante la actividad, el ministro Eduardo Pi\u00f1ate anunci\u00f3 que el factor correcci\u00f3n se llev\u00f3 acabo en el marco del nuevo aumento decretado por el presidente Nicol\u00e1s Maduro el pasado 14 de enero.<\/p>\n<p>Declar\u00f3 \u201cno se trata de un nuevo convenio, ni de un acta nueva, es una adecuaci\u00f3n que vale tanto para el sector p\u00fablico as\u00ed como el para el sector privado\u201d.<\/p>\n<p><a href=\"http:\/\/www.mpppst.gob.ve\/mpppstweb\/wp-content\/uploads\/2019\/01\/IMG_0007-1.jpg\"><img decoding=\"async\" loading=\"lazy\" class=\"size-medium wp-image-15584 aligncenter\" src=\"http:\/\/www.mpppst.gob.ve\/mpppstweb\/wp-content\/uploads\/2019\/01\/IMG_0007-1-300x200.jpg\" alt=\"\" width=\"300\" height=\"200\" srcset=\"https:\/\/www.mpppst.gob.ve\/mpppstweb\/wp-content\/uploads\/2019\/01\/IMG_0007-1-300x200.jpg 300w, https:\/\/www.mpppst.gob.ve\/mpppstweb\/wp-content\/uploads\/2019\/01\/IMG_0007-1-768x511.jpg 768w, https:\/\/www.mpppst.gob.ve\/mpppstweb\/wp-content\/uploads\/2019\/01\/IMG_0007-1-1024x681.jpg 1024w, https:\/\/www.mpppst.gob.ve\/mpppstweb\/wp-content\/uploads\/2019\/01\/IMG_0007-1.jpg 1936w\" sizes=\"(max-width: 300px) 100vw, 300px\" \/><\/a><\/p>\n<p>Asimismo Inform\u00f3 que se alcanz\u00f3 un acuerdo en la tabla salarial con el sector universitario, docente, obrero y administrativo. De igual forma asever\u00f3 \u201cseguiremos defendiendo el salario de los trabajadores en el pa\u00eds\u201d.<\/p>\n<p>El ministro destac\u00f3 que en el caso del sector universitario hab\u00eda un \u201cregazo\u201d en algunos aspectos de las tablas salariales, pero se corrigi\u00f3 en esta ocasi\u00f3n.<\/p>\n<p>Por otra parte, en cuanto al pago del salario m\u00ednimo explic\u00f3 el ministro Eduardo Pi\u00f1ate, que con la entrada en vigencia del nuevo monto, las tablas salariales se adecuan autom\u00e1ticamente al nuevo salario. \u201cLa tabla se ir\u00e1 ajustando en cada nivel\u201d finaliz\u00f3.<\/p>\n","protected":false},"excerpt":{"rendered":"<p>Este viernes 18 de enero, se realiz\u00f3 una rueda de prensa para informar la aplicaci\u00f3n del &hellip; <a title=\"Adecuan tablas salariales del sector Universitario\" class=\"hm-read-more\" href=\"https:\/\/www.mpppst.gob.ve\/mpppstweb\/index.php\/2019\/01\/18\/adecuan-tablas-salariales-del-sector-universitario\/\"><span class=\"screen-reader-text\">Adecuan tablas salariales del sector Universitario<\/span>Read more<\/a><\/p>\n","protected":false},"author":25,"featured_media":15583,"comment_status":"closed","ping_status":"closed","sticky":false,"template":"","format":"standard","meta":{"footnotes":""},"categories":[82,163],"tags":[],"yoast_head":"<!-- This site is optimized with the Yoast SEO plugin v22.5 - https:\/\/yoast.com\/wordpress\/plugins\/seo\/ -->\n<title>Adecuan tablas salariales del sector Universitario - MPPPST<\/title>\n<meta name=\"robots\" content=\"index, follow, max-snippet:-1, max-image-preview:large, max-video-preview:-1\" \/>\n<link rel=\"canonical\" href=\"https:\/\/www.mpppst.gob.ve\/mpppstweb\/index.php\/2019\/01\/18\/adecuan-tablas-salariales-del-sector-universitario\/\" \/>\n<meta property=\"og:locale\" content=\"es_ES\" \/>\n<meta property=\"og:type\" content=\"article\" \/>\n<meta property=\"og:title\" content=\"Adecuan tablas salariales del sector Universitario - MPPPST\" \/>\n<meta property=\"og:description\" content=\"Este viernes 18 de enero, se realiz\u00f3 una rueda de prensa para informar la aplicaci\u00f3n del &hellip; Adecuan tablas salariales del sector UniversitarioRead more\" \/>\n<meta property=\"og:url\" content=\"https:\/\/www.mpppst.gob.ve\/mpppstweb\/index.php\/2019\/01\/18\/adecuan-tablas-salariales-del-sector-universitario\/\" \/>\n<meta property=\"og:site_name\" content=\"MPPPST\" \/>\n<meta property=\"article:published_time\" content=\"2019-01-19T02:52:14+00:00\" \/>\n<meta property=\"article:modified_time\" content=\"2019-01-20T17:26:14+00:00\" \/>\n<meta property=\"og:image\" content=\"https:\/\/www.mpppst.gob.ve\/mpppstweb\/wp-content\/uploads\/2019\/01\/DxNtgeDWwAAJkdI.jpg\" \/>\n\t<meta property=\"og:image:width\" content=\"912\" \/>\n\t<meta property=\"og:image:height\" content=\"608\" \/>\n\t<meta property=\"og:image:type\" content=\"image\/jpeg\" \/>\n<meta name=\"author\" content=\"MPPPST Prensa\" \/>\n<meta name=\"twitter:card\" content=\"summary_large_image\" \/>\n<meta name=\"twitter:label1\" content=\"Escrito por\" \/>\n\t<meta name=\"twitter:data1\" content=\"MPPPST Prensa\" \/>\n\t<meta name=\"twitter:label2\" content=\"Tiempo de lectura\" \/>\n\t<meta name=\"twitter:data2\" content=\"1 minuto\" \/>\n<script type=\"application\/ld+json\" class=\"yoast-schema-graph\">{\"@context\":\"https:\/\/schema.org\",\"@graph\":[{\"@type\":\"Article\",\"@id\":\"https:\/\/www.mpppst.gob.ve\/mpppstweb\/index.php\/2019\/01\/18\/adecuan-tablas-salariales-del-sector-universitario\/#article\",\"isPartOf\":{\"@id\":\"https:\/\/www.mpppst.gob.ve\/mpppstweb\/index.php\/2019\/01\/18\/adecuan-tablas-salariales-del-sector-universitario\/\"},\"author\":{\"name\":\"MPPPST Prensa\",\"@id\":\"https:\/\/www.mpppst.gob.ve\/mpppstweb\/#\/schema\/person\/fc187ee8ead412bd4c9304b62f900ea4\"},\"headline\":\"Adecuan tablas salariales del sector Universitario\",\"datePublished\":\"2019-01-19T02:52:14+00:00\",\"dateModified\":\"2019-01-20T17:26:14+00:00\",\"mainEntityOfPage\":{\"@id\":\"https:\/\/www.mpppst.gob.ve\/mpppstweb\/index.php\/2019\/01\/18\/adecuan-tablas-salariales-del-sector-universitario\/\"},\"wordCount\":281,\"publisher\":{\"@id\":\"https:\/\/www.mpppst.gob.ve\/mpppstweb\/#organization\"},\"image\":{\"@id\":\"https:\/\/www.mpppst.gob.ve\/mpppstweb\/index.php\/2019\/01\/18\/adecuan-tablas-salariales-del-sector-universitario\/#primaryimage\"},\"thumbnailUrl\":\"https:\/\/www.mpppst.gob.ve\/mpppstweb\/wp-content\/uploads\/2019\/01\/DxNtgeDWwAAJkdI.jpg\",\"articleSection\":[\"Gobierno Nacional\",\"Noticias\"],\"inLanguage\":\"es\"},{\"@type\":\"WebPage\",\"@id\":\"https:\/\/www.mpppst.gob.ve\/mpppstweb\/index.php\/2019\/01\/18\/adecuan-tablas-salariales-del-sector-universitario\/\",\"url\":\"https:\/\/www.mpppst.gob.ve\/mpppstweb\/index.php\/2019\/01\/18\/adecuan-tablas-salariales-del-sector-universitario\/\",\"name\":\"Adecuan tablas salariales del sector Universitario - MPPPST\",\"isPartOf\":{\"@id\":\"https:\/\/www.mpppst.gob.ve\/mpppstweb\/#website\"},\"primaryImageOfPage\":{\"@id\":\"https:\/\/www.mpppst.gob.ve\/mpppstweb\/index.php\/2019\/01\/18\/adecuan-tablas-salariales-del-sector-universitario\/#primaryimage\"},\"image\":{\"@id\":\"https:\/\/www.mpppst.gob.ve\/mpppstweb\/index.php\/2019\/01\/18\/adecuan-tablas-salariales-del-sector-universitario\/#primaryimage\"},\"thumbnailUrl\":\"https:\/\/www.mpppst.gob.ve\/mpppstweb\/wp-content\/uploads\/2019\/01\/DxNtgeDWwAAJkdI.jpg\",\"datePublished\":\"2019-01-19T02:52:14+00:00\",\"dateModified\":\"2019-01-20T17:26:14+00:00\",\"breadcrumb\":{\"@id\":\"https:\/\/www.mpppst.gob.ve\/mpppstweb\/index.php\/2019\/01\/18\/adecuan-tablas-salariales-del-sector-universitario\/#breadcrumb\"},\"inLanguage\":\"es\",\"potentialAction\":[{\"@type\":\"ReadAction\",\"target\":[\"https:\/\/www.mpppst.gob.ve\/mpppstweb\/index.php\/2019\/01\/18\/adecuan-tablas-salariales-del-sector-universitario\/\"]}]},{\"@type\":\"ImageObject\",\"inLanguage\":\"es\",\"@id\":\"https:\/\/www.mpppst.gob.ve\/mpppstweb\/index.php\/2019\/01\/18\/adecuan-tablas-salariales-del-sector-universitario\/#primaryimage\",\"url\":\"https:\/\/www.mpppst.gob.ve\/mpppstweb\/wp-content\/uploads\/2019\/01\/DxNtgeDWwAAJkdI.jpg\",\"contentUrl\":\"https:\/\/www.mpppst.gob.ve\/mpppstweb\/wp-content\/uploads\/2019\/01\/DxNtgeDWwAAJkdI.jpg\",\"width\":912,\"height\":608},{\"@type\":\"BreadcrumbList\",\"@id\":\"https:\/\/www.mpppst.gob.ve\/mpppstweb\/index.php\/2019\/01\/18\/adecuan-tablas-salariales-del-sector-universitario\/#breadcrumb\",\"itemListElement\":[{\"@type\":\"ListItem\",\"position\":1,\"name\":\"Home\",\"item\":\"https:\/\/www.mpppst.gob.ve\/mpppstweb\/\"},{\"@type\":\"ListItem\",\"position\":2,\"name\":\"Adecuan tablas salariales del sector Universitario\"}]},{\"@type\":\"WebSite\",\"@id\":\"https:\/\/www.mpppst.gob.ve\/mpppstweb\/#website\",\"url\":\"https:\/\/www.mpppst.gob.ve\/mpppstweb\/\",\"name\":\"MPPPST\",\"description\":\"Ministerio del Poder Popular para el Proceso Social de Trabajo\",\"publisher\":{\"@id\":\"https:\/\/www.mpppst.gob.ve\/mpppstweb\/#organization\"},\"potentialAction\":[{\"@type\":\"SearchAction\",\"target\":{\"@type\":\"EntryPoint\",\"urlTemplate\":\"https:\/\/www.mpppst.gob.ve\/mpppstweb\/?s={search_term_string}\"},\"query-input\":\"required name=search_term_string\"}],\"inLanguage\":\"es\"},{\"@type\":\"Organization\",\"@id\":\"https:\/\/www.mpppst.gob.ve\/mpppstweb\/#organization\",\"name\":\"mpppst\",\"url\":\"https:\/\/www.mpppst.gob.ve\/mpppstweb\/\",\"logo\":{\"@type\":\"ImageObject\",\"inLanguage\":\"es\",\"@id\":\"https:\/\/www.mpppst.gob.ve\/mpppstweb\/#\/schema\/logo\/image\/\",\"url\":\"https:\/\/www.mpppst.gob.ve\/mpppstweb\/wp-content\/uploads\/2025\/07\/cropped-cropped-g910.png\",\"contentUrl\":\"https:\/\/www.mpppst.gob.ve\/mpppstweb\/wp-content\/uploads\/2025\/07\/cropped-cropped-g910.png\",\"width\":1080,\"height\":241,\"caption\":\"mpppst\"},\"image\":{\"@id\":\"https:\/\/www.mpppst.gob.ve\/mpppstweb\/#\/schema\/logo\/image\/\"}},{\"@type\":\"Person\",\"@id\":\"https:\/\/www.mpppst.gob.ve\/mpppstweb\/#\/schema\/person\/fc187ee8ead412bd4c9304b62f900ea4\",\"name\":\"MPPPST Prensa\",\"url\":\"https:\/\/www.mpppst.gob.ve\/mpppstweb\/index.php\/author\/prensa-mpppst\/\"}]}<\/script>\n<!-- \/ Yoast SEO plugin. -->","yoast_head_json":{"title":"Adecuan tablas salariales del sector Universitario - MPPPST","robots":{"index":"index","follow":"follow","max-snippet":"max-snippet:-1","max-image-preview":"max-image-preview:large","max-video-preview":"max-video-preview:-1"},"canonical":"https:\/\/www.mpppst.gob.ve\/mpppstweb\/index.php\/2019\/01\/18\/adecuan-tablas-salariales-del-sector-universitario\/","og_locale":"es_ES","og_type":"article","og_title":"Adecuan tablas salariales del sector Universitario - MPPPST","og_description":"Este viernes 18 de enero, se realiz\u00f3 una rueda de prensa para informar la aplicaci\u00f3n del &hellip; Adecuan tablas salariales del sector UniversitarioRead more","og_url":"https:\/\/www.mpppst.gob.ve\/mpppstweb\/index.php\/2019\/01\/18\/adecuan-tablas-salariales-del-sector-universitario\/","og_site_name":"MPPPST","article_published_time":"2019-01-19T02:52:14+00:00","article_modified_time":"2019-01-20T17:26:14+00:00","og_image":[{"width":912,"height":608,"url":"https:\/\/www.mpppst.gob.ve\/mpppstweb\/wp-content\/uploads\/2019\/01\/DxNtgeDWwAAJkdI.jpg","type":"image\/jpeg"}],"author":"MPPPST Prensa","twitter_card":"summary_large_image","twitter_misc":{"Escrito por":"MPPPST Prensa","Tiempo de lectura":"1 minuto"},"schema":{"@context":"https:\/\/schema.org","@graph":[{"@type":"Article","@id":"https:\/\/www.mpppst.gob.ve\/mpppstweb\/index.php\/2019\/01\/18\/adecuan-tablas-salariales-del-sector-universitario\/#article","isPartOf":{"@id":"https:\/\/www.mpppst.gob.ve\/mpppstweb\/index.php\/2019\/01\/18\/adecuan-tablas-salariales-del-sector-universitario\/"},"author":{"name":"MPPPST Prensa","@id":"https:\/\/www.mpppst.gob.ve\/mpppstweb\/#\/schema\/person\/fc187ee8ead412bd4c9304b62f900ea4"},"headline":"Adecuan tablas salariales del sector Universitario","datePublished":"2019-01-19T02:52:14+00:00","dateModified":"2019-01-20T17:26:14+00:00","mainEntityOfPage":{"@id":"https:\/\/www.mpppst.gob.ve\/mpppstweb\/index.php\/2019\/01\/18\/adecuan-tablas-salariales-del-sector-universitario\/"},"wordCount":281,"publisher":{"@id":"https:\/\/www.mpppst.gob.ve\/mpppstweb\/#organization"},"image":{"@id":"https:\/\/www.mpppst.gob.ve\/mpppstweb\/index.php\/2019\/01\/18\/adecuan-tablas-salariales-del-sector-universitario\/#primaryimage"},"thumbnailUrl":"https:\/\/www.mpppst.gob.ve\/mpppstweb\/wp-content\/uploads\/2019\/01\/DxNtgeDWwAAJkdI.jpg","articleSection":["Gobierno Nacional","Noticias"],"inLanguage":"es"},{"@type":"WebPage","@id":"https:\/\/www.mpppst.gob.ve\/mpppstweb\/index.php\/2019\/01\/18\/adecuan-tablas-salariales-del-sector-universitario\/","url":"https:\/\/www.mpppst.gob.ve\/mpppstweb\/index.php\/2019\/01\/18\/adecuan-tablas-salariales-del-sector-universitario\/","name":"Adecuan tablas salariales del sector Universitario - MPPPST","isPartOf":{"@id":"https:\/\/www.mpppst.gob.ve\/mpppstweb\/#website"},"primaryImageOfPage":{"@id":"https:\/\/www.mpppst.gob.ve\/mpppstweb\/index.php\/2019\/01\/18\/adecuan-tablas-salariales-del-sector-universitario\/#primaryimage"},"image":{"@id":"https:\/\/www.mpppst.gob.ve\/mpppstweb\/index.php\/2019\/01\/18\/adecuan-tablas-salariales-del-sector-universitario\/#primaryimage"},"thumbnailUrl":"https:\/\/www.mpppst.gob.ve\/mpppstweb\/wp-content\/uploads\/2019\/01\/DxNtgeDWwAAJkdI.jpg","datePublished":"2019-01-19T02:52:14+00:00","dateModified":"2019-01-20T17:26:14+00:00","breadcrumb":{"@id":"https:\/\/www.mpppst.gob.ve\/mpppstweb\/index.php\/2019\/01\/18\/adecuan-tablas-salariales-del-sector-universitario\/#breadcrumb"},"inLanguage":"es","potentialAction":[{"@type":"ReadAction","target":["https:\/\/www.mpppst.gob.ve\/mpppstweb\/index.php\/2019\/01\/18\/adecuan-tablas-salariales-del-sector-universitario\/"]}]},{"@type":"ImageObject","inLanguage":"es","@id":"https:\/\/www.mpppst.gob.ve\/mpppstweb\/index.php\/2019\/01\/18\/adecuan-tablas-salariales-del-sector-universitario\/#primaryimage","url":"https:\/\/www.mpppst.gob.ve\/mpppstweb\/wp-content\/uploads\/2019\/01\/DxNtgeDWwAAJkdI.jpg","contentUrl":"https:\/\/www.mpppst.gob.ve\/mpppstweb\/wp-content\/uploads\/2019\/01\/DxNtgeDWwAAJkdI.jpg","width":912,"height":608},{"@type":"BreadcrumbList","@id":"https:\/\/www.mpppst.gob.ve\/mpppstweb\/index.php\/2019\/01\/18\/adecuan-tablas-salariales-del-sector-universitario\/#breadcrumb","itemListElement":[{"@type":"ListItem","position":1,"name":"Home","item":"https:\/\/www.mpppst.gob.ve\/mpppstweb\/"},{"@type":"ListItem","position":2,"name":"Adecuan tablas salariales del sector Universitario"}]},{"@type":"WebSite","@id":"https:\/\/www.mpppst.gob.ve\/mpppstweb\/#website","url":"https:\/\/www.mpppst.gob.ve\/mpppstweb\/","name":"MPPPST","description":"Ministerio del Poder Popular para el Proceso Social de Trabajo","publisher":{"@id":"https:\/\/www.mpppst.gob.ve\/mpppstweb\/#organization"},"potentialAction":[{"@type":"SearchAction","target":{"@type":"EntryPoint","urlTemplate":"https:\/\/www.mpppst.gob.ve\/mpppstweb\/?s={search_term_string}"},"query-input":"required name=search_term_string"}],"inLanguage":"es"},{"@type":"Organization","@id":"https:\/\/www.mpppst.gob.ve\/mpppstweb\/#organization","name":"mpppst","url":"https:\/\/www.mpppst.gob.ve\/mpppstweb\/","logo":{"@type":"ImageObject","inLanguage":"es","@id":"https:\/\/www.mpppst.gob.ve\/mpppstweb\/#\/schema\/logo\/image\/","url":"https:\/\/www.mpppst.gob.ve\/mpppstweb\/wp-content\/uploads\/2025\/07\/cropped-cropped-g910.png","contentUrl":"https:\/\/www.mpppst.gob.ve\/mpppstweb\/wp-content\/uploads\/2025\/07\/cropped-cropped-g910.png","width":1080,"height":241,"caption":"mpppst"},"image":{"@id":"https:\/\/www.mpppst.gob.ve\/mpppstweb\/#\/schema\/logo\/image\/"}},{"@type":"Person","@id":"https:\/\/www.mpppst.gob.ve\/mpppstweb\/#\/schema\/person\/fc187ee8ead412bd4c9304b62f900ea4","name":"MPPPST Prensa","url":"https:\/\/www.mpppst.gob.ve\/mpppstweb\/index.php\/author\/prensa-mpppst\/"}]}},"_links":{"self":[{"href":"https:\/\/www.mpppst.gob.ve\/mpppstweb\/index.php\/wp-json\/wp\/v2\/posts\/15581"}],"collection":[{"href":"https:\/\/www.mpppst.gob.ve\/mpppstweb\/index.php\/wp-json\/wp\/v2\/posts"}],"about":[{"href":"https:\/\/www.mpppst.gob.ve\/mpppstweb\/index.php\/wp-json\/wp\/v2\/types\/post"}],"author":[{"embeddable":true,"href":"https:\/\/www.mpppst.gob.ve\/mpppstweb\/index.php\/wp-json\/wp\/v2\/users\/25"}],"replies":[{"embeddable":true,"href":"https:\/\/www.mpppst.gob.ve\/mpppstweb\/index.php\/wp-json\/wp\/v2\/comments?post=15581"}],"version-history":[{"count":5,"href":"https:\/\/www.mpppst.gob.ve\/mpppstweb\/index.php\/wp-json\/wp\/v2\/posts\/15581\/revisions"}],"predecessor-version":[{"id":15590,"href":"https:\/\/www.mpppst.gob.ve\/mpppstweb\/index.php\/wp-json\/wp\/v2\/posts\/15581\/revisions\/15590"}],"wp:featuredmedia":[{"embeddable":true,"href":"https:\/\/www.mpppst.gob.ve\/mpppstweb\/index.php\/wp-json\/wp\/v2\/media\/15583"}],"wp:attachment":[{"href":"https:\/\/www.mpppst.gob.ve\/mpppstweb\/index.php\/wp-json\/wp\/v2\/media?parent=15581"}],"wp:term":[{"taxonomy":"category","embeddable":true,"href":"https:\/\/www.mpppst.gob.ve\/mpppstweb\/index.php\/wp-json\/wp\/v2\/categories?post=15581"},{"taxonomy":"post_tag","embeddable":true,"href":"https:\/\/www.mpppst.gob.ve\/mpppstweb\/index.php\/wp-json\/wp\/v2\/tags?post=15581"}],"curies":[{"name":"wp","href":"https:\/\/api.w.org\/{rel}","templated":true}]}}