{"id":15595,"date":"2019-01-22T10:34:19","date_gmt":"2019-01-22T14:34:19","guid":{"rendered":"http:\/\/www.mpppst.gob.ve\/mpppstweb\/?p=15595"},"modified":"2019-01-22T10:35:20","modified_gmt":"2019-01-22T14:35:20","slug":"min-trabajo-diferencial-del-salario-minimo-es-pagado-por-el-presidente-maduro","status":"publish","type":"post","link":"https:\/\/www.mpppst.gob.ve\/mpppstweb\/index.php\/2019\/01\/22\/min-trabajo-diferencial-del-salario-minimo-es-pagado-por-el-presidente-maduro\/","title":{"rendered":"Min. Trabajo: Diferencial del salario m\u00ednimo es pagado por el presidente Maduro"},"content":{"rendered":"<p><strong>Prensa VTV<\/strong><\/p>\n<p>El ministro para el Proceso Social del Trabajo, Eduardo Pi\u00f1ate asegur\u00f3 que el presidente de la Rep\u00fablica Nicol\u00e1s Maduro, contin\u00faa pagando el diferencial del salario m\u00ednimo a las empresas privadas tras el segundo factor de correcci\u00f3n que lo ajust\u00f3 a 18.000 bol\u00edvares soberanos.<\/p>\n<p>Durante un programa especial que transmiti\u00f3 Venezoalana de Televisi\u00f3n (VTV), el titular de la cartera para el trabajo a\u00f1adi\u00f3\u00a0que actualmente hay una nueva adecuaci\u00f3n de las tablas salariales como parte de los esfuerzos por defender a la clase trabajadora.<\/p>\n<p>Pi\u00f1ate precis\u00f3\u00a0que la reconversi\u00f3n aplicada en 2018 por el Jefe de Estado, fue un cambio estructural que permiti\u00f3 que el porcentaje del desempleo se ubicara aproximadamente en 6%, cifra que a juicio de Pi\u00f1ate es \u201csumamente baja a pesar de la guerra econ\u00f3mica\u201d.<\/p>\n<p>Asegur\u00f3 que el derecho al trabajo formal est\u00e1 plenamente garantizado en el pa\u00eds. \u201cEn la cuarta Rep\u00fablica la mayor parte de la poblaci\u00f3n estaba en el sector informal de la econom\u00eda\u201d.<\/p>\n<p>Explic\u00f3 que una comisi\u00f3n nacional trabaja permanentemente para defender el ingreso de todos los trabajadores y que este a\u00f1o el pa\u00eds desarrollar\u00e1 un plan de expansi\u00f3n de los Consejos Productivos de Trabajadores (CPT).<\/p>\n<p>El ministro para el trabajo\u00a0 recalc\u00f3 que actualmente en Venezuela hay de m\u00e1s de 4 millones de pensionados cuyo pago equivale a un sueldo m\u00ednimo.<\/p>\n<p>Con respecto a la econom\u00eda del pa\u00eds, asegur\u00f3 que la defensa del salario pasa tambi\u00e9n por defender los precios acordados. \u201cSon una necesidad sobre todo en el sector alimentario y farmac\u00e9utico\u201d, enfatiz\u00f3.<\/p>\n<p>Indic\u00f3 que a la par, el Gobierno Nacional trabaja\u00a0en funci\u00f3n de elevar la producci\u00f3n petrolera. \u201c\u00c9sta se nos convierte en un pivote en el resto de los sectores productivos\u201d.<\/p>\n<p>Apoy\u00f3 el Plan de Recuperaci\u00f3n Econ\u00f3mica, Crecimiento y Prosperidada al considerarlo como la acci\u00f3nde ofensiva para lograr la estabilidad pol\u00edtica.<\/p>\n<p>\u201cNo se pueden pensar en soluciones estructurales en periodos tan cortos (\u2026) estamos construyendo el Socialismo Bolivariano en corto, mediano y largo plazo\u201d, apunt\u00f3.<\/p>\n","protected":false},"excerpt":{"rendered":"<p>Prensa VTV El ministro para el Proceso Social del Trabajo, Eduardo Pi\u00f1ate asegur\u00f3 que el presidente &hellip; <a title=\"Min. Trabajo: Diferencial del salario m\u00ednimo es pagado por el presidente Maduro\" class=\"hm-read-more\" href=\"https:\/\/www.mpppst.gob.ve\/mpppstweb\/index.php\/2019\/01\/22\/min-trabajo-diferencial-del-salario-minimo-es-pagado-por-el-presidente-maduro\/\"><span class=\"screen-reader-text\">Min. Trabajo: Diferencial del salario m\u00ednimo es pagado por el presidente Maduro<\/span>Read more<\/a><\/p>\n","protected":false},"author":25,"featured_media":15596,"comment_status":"closed","ping_status":"closed","sticky":false,"template":"","format":"standard","meta":{"footnotes":""},"categories":[288,82,163],"tags":[],"yoast_head":"<!-- This site is optimized with the Yoast SEO plugin v22.5 - https:\/\/yoast.com\/wordpress\/plugins\/seo\/ -->\n<title>Min. Trabajo: Diferencial del salario m\u00ednimo es pagado por el presidente Maduro - MPPPST<\/title>\n<meta name=\"robots\" content=\"index, follow, max-snippet:-1, max-image-preview:large, max-video-preview:-1\" \/>\n<link rel=\"canonical\" href=\"https:\/\/www.mpppst.gob.ve\/mpppstweb\/index.php\/2019\/01\/22\/min-trabajo-diferencial-del-salario-minimo-es-pagado-por-el-presidente-maduro\/\" \/>\n<meta property=\"og:locale\" content=\"es_ES\" \/>\n<meta property=\"og:type\" content=\"article\" \/>\n<meta property=\"og:title\" content=\"Min. Trabajo: Diferencial del salario m\u00ednimo es pagado por el presidente Maduro - MPPPST\" \/>\n<meta property=\"og:description\" content=\"Prensa VTV El ministro para el Proceso Social del Trabajo, Eduardo Pi\u00f1ate asegur\u00f3 que el presidente &hellip; Min. Trabajo: Diferencial del salario m\u00ednimo es pagado por el presidente MaduroRead more\" \/>\n<meta property=\"og:url\" content=\"https:\/\/www.mpppst.gob.ve\/mpppstweb\/index.php\/2019\/01\/22\/min-trabajo-diferencial-del-salario-minimo-es-pagado-por-el-presidente-maduro\/\" \/>\n<meta property=\"og:site_name\" content=\"MPPPST\" \/>\n<meta property=\"article:published_time\" content=\"2019-01-22T14:34:19+00:00\" \/>\n<meta property=\"article:modified_time\" content=\"2019-01-22T14:35:20+00:00\" \/>\n<meta property=\"og:image\" content=\"https:\/\/www.mpppst.gob.ve\/mpppstweb\/wp-content\/uploads\/2019\/01\/Captura-de-pantalla-2019-01-22-a-las-6.52.57-a.-m..png\" \/>\n\t<meta property=\"og:image:width\" content=\"800\" \/>\n\t<meta property=\"og:image:height\" content=\"600\" \/>\n\t<meta property=\"og:image:type\" content=\"image\/png\" \/>\n<meta name=\"author\" content=\"MPPPST Prensa\" \/>\n<meta name=\"twitter:card\" content=\"summary_large_image\" \/>\n<meta name=\"twitter:label1\" content=\"Escrito por\" \/>\n\t<meta name=\"twitter:data1\" content=\"MPPPST Prensa\" \/>\n\t<meta name=\"twitter:label2\" content=\"Tiempo de lectura\" \/>\n\t<meta name=\"twitter:data2\" content=\"2 minutos\" \/>\n<script type=\"application\/ld+json\" class=\"yoast-schema-graph\">{\"@context\":\"https:\/\/schema.org\",\"@graph\":[{\"@type\":\"Article\",\"@id\":\"https:\/\/www.mpppst.gob.ve\/mpppstweb\/index.php\/2019\/01\/22\/min-trabajo-diferencial-del-salario-minimo-es-pagado-por-el-presidente-maduro\/#article\",\"isPartOf\":{\"@id\":\"https:\/\/www.mpppst.gob.ve\/mpppstweb\/index.php\/2019\/01\/22\/min-trabajo-diferencial-del-salario-minimo-es-pagado-por-el-presidente-maduro\/\"},\"author\":{\"name\":\"MPPPST Prensa\",\"@id\":\"https:\/\/www.mpppst.gob.ve\/mpppstweb\/#\/schema\/person\/fc187ee8ead412bd4c9304b62f900ea4\"},\"headline\":\"Min. Trabajo: Diferencial del salario m\u00ednimo es pagado por el presidente Maduro\",\"datePublished\":\"2019-01-22T14:34:19+00:00\",\"dateModified\":\"2019-01-22T14:35:20+00:00\",\"mainEntityOfPage\":{\"@id\":\"https:\/\/www.mpppst.gob.ve\/mpppstweb\/index.php\/2019\/01\/22\/min-trabajo-diferencial-del-salario-minimo-es-pagado-por-el-presidente-maduro\/\"},\"wordCount\":366,\"publisher\":{\"@id\":\"https:\/\/www.mpppst.gob.ve\/mpppstweb\/#organization\"},\"image\":{\"@id\":\"https:\/\/www.mpppst.gob.ve\/mpppstweb\/index.php\/2019\/01\/22\/min-trabajo-diferencial-del-salario-minimo-es-pagado-por-el-presidente-maduro\/#primaryimage\"},\"thumbnailUrl\":\"https:\/\/www.mpppst.gob.ve\/mpppstweb\/wp-content\/uploads\/2019\/01\/Captura-de-pantalla-2019-01-22-a-las-6.52.57-a.-m..png\",\"articleSection\":[\"Econom\u00eda\",\"Gobierno Nacional\",\"Noticias\"],\"inLanguage\":\"es\"},{\"@type\":\"WebPage\",\"@id\":\"https:\/\/www.mpppst.gob.ve\/mpppstweb\/index.php\/2019\/01\/22\/min-trabajo-diferencial-del-salario-minimo-es-pagado-por-el-presidente-maduro\/\",\"url\":\"https:\/\/www.mpppst.gob.ve\/mpppstweb\/index.php\/2019\/01\/22\/min-trabajo-diferencial-del-salario-minimo-es-pagado-por-el-presidente-maduro\/\",\"name\":\"Min. Trabajo: Diferencial del salario m\u00ednimo es pagado por el presidente Maduro - MPPPST\",\"isPartOf\":{\"@id\":\"https:\/\/www.mpppst.gob.ve\/mpppstweb\/#website\"},\"primaryImageOfPage\":{\"@id\":\"https:\/\/www.mpppst.gob.ve\/mpppstweb\/index.php\/2019\/01\/22\/min-trabajo-diferencial-del-salario-minimo-es-pagado-por-el-presidente-maduro\/#primaryimage\"},\"image\":{\"@id\":\"https:\/\/www.mpppst.gob.ve\/mpppstweb\/index.php\/2019\/01\/22\/min-trabajo-diferencial-del-salario-minimo-es-pagado-por-el-presidente-maduro\/#primaryimage\"},\"thumbnailUrl\":\"https:\/\/www.mpppst.gob.ve\/mpppstweb\/wp-content\/uploads\/2019\/01\/Captura-de-pantalla-2019-01-22-a-las-6.52.57-a.-m..png\",\"datePublished\":\"2019-01-22T14:34:19+00:00\",\"dateModified\":\"2019-01-22T14:35:20+00:00\",\"breadcrumb\":{\"@id\":\"https:\/\/www.mpppst.gob.ve\/mpppstweb\/index.php\/2019\/01\/22\/min-trabajo-diferencial-del-salario-minimo-es-pagado-por-el-presidente-maduro\/#breadcrumb\"},\"inLanguage\":\"es\",\"potentialAction\":[{\"@type\":\"ReadAction\",\"target\":[\"https:\/\/www.mpppst.gob.ve\/mpppstweb\/index.php\/2019\/01\/22\/min-trabajo-diferencial-del-salario-minimo-es-pagado-por-el-presidente-maduro\/\"]}]},{\"@type\":\"ImageObject\",\"inLanguage\":\"es\",\"@id\":\"https:\/\/www.mpppst.gob.ve\/mpppstweb\/index.php\/2019\/01\/22\/min-trabajo-diferencial-del-salario-minimo-es-pagado-por-el-presidente-maduro\/#primaryimage\",\"url\":\"https:\/\/www.mpppst.gob.ve\/mpppstweb\/wp-content\/uploads\/2019\/01\/Captura-de-pantalla-2019-01-22-a-las-6.52.57-a.-m..png\",\"contentUrl\":\"https:\/\/www.mpppst.gob.ve\/mpppstweb\/wp-content\/uploads\/2019\/01\/Captura-de-pantalla-2019-01-22-a-las-6.52.57-a.-m..png\",\"width\":800,\"height\":600},{\"@type\":\"BreadcrumbList\",\"@id\":\"https:\/\/www.mpppst.gob.ve\/mpppstweb\/index.php\/2019\/01\/22\/min-trabajo-diferencial-del-salario-minimo-es-pagado-por-el-presidente-maduro\/#breadcrumb\",\"itemListElement\":[{\"@type\":\"ListItem\",\"position\":1,\"name\":\"Home\",\"item\":\"https:\/\/www.mpppst.gob.ve\/mpppstweb\/\"},{\"@type\":\"ListItem\",\"position\":2,\"name\":\"Min. Trabajo: Diferencial del salario m\u00ednimo es pagado por el presidente Maduro\"}]},{\"@type\":\"WebSite\",\"@id\":\"https:\/\/www.mpppst.gob.ve\/mpppstweb\/#website\",\"url\":\"https:\/\/www.mpppst.gob.ve\/mpppstweb\/\",\"name\":\"MPPPST\",\"description\":\"Ministerio del Poder Popular para el Proceso Social de Trabajo\",\"publisher\":{\"@id\":\"https:\/\/www.mpppst.gob.ve\/mpppstweb\/#organization\"},\"potentialAction\":[{\"@type\":\"SearchAction\",\"target\":{\"@type\":\"EntryPoint\",\"urlTemplate\":\"https:\/\/www.mpppst.gob.ve\/mpppstweb\/?s={search_term_string}\"},\"query-input\":\"required name=search_term_string\"}],\"inLanguage\":\"es\"},{\"@type\":\"Organization\",\"@id\":\"https:\/\/www.mpppst.gob.ve\/mpppstweb\/#organization\",\"name\":\"mpppst\",\"url\":\"https:\/\/www.mpppst.gob.ve\/mpppstweb\/\",\"logo\":{\"@type\":\"ImageObject\",\"inLanguage\":\"es\",\"@id\":\"https:\/\/www.mpppst.gob.ve\/mpppstweb\/#\/schema\/logo\/image\/\",\"url\":\"https:\/\/www.mpppst.gob.ve\/mpppstweb\/wp-content\/uploads\/2025\/07\/cropped-cropped-g910.png\",\"contentUrl\":\"https:\/\/www.mpppst.gob.ve\/mpppstweb\/wp-content\/uploads\/2025\/07\/cropped-cropped-g910.png\",\"width\":1080,\"height\":241,\"caption\":\"mpppst\"},\"image\":{\"@id\":\"https:\/\/www.mpppst.gob.ve\/mpppstweb\/#\/schema\/logo\/image\/\"}},{\"@type\":\"Person\",\"@id\":\"https:\/\/www.mpppst.gob.ve\/mpppstweb\/#\/schema\/person\/fc187ee8ead412bd4c9304b62f900ea4\",\"name\":\"MPPPST Prensa\",\"url\":\"https:\/\/www.mpppst.gob.ve\/mpppstweb\/index.php\/author\/prensa-mpppst\/\"}]}<\/script>\n<!-- \/ Yoast SEO plugin. -->","yoast_head_json":{"title":"Min. Trabajo: Diferencial del salario m\u00ednimo es pagado por el presidente Maduro - MPPPST","robots":{"index":"index","follow":"follow","max-snippet":"max-snippet:-1","max-image-preview":"max-image-preview:large","max-video-preview":"max-video-preview:-1"},"canonical":"https:\/\/www.mpppst.gob.ve\/mpppstweb\/index.php\/2019\/01\/22\/min-trabajo-diferencial-del-salario-minimo-es-pagado-por-el-presidente-maduro\/","og_locale":"es_ES","og_type":"article","og_title":"Min. Trabajo: Diferencial del salario m\u00ednimo es pagado por el presidente Maduro - MPPPST","og_description":"Prensa VTV El ministro para el Proceso Social del Trabajo, Eduardo Pi\u00f1ate asegur\u00f3 que el presidente &hellip; Min. Trabajo: Diferencial del salario m\u00ednimo es pagado por el presidente MaduroRead more","og_url":"https:\/\/www.mpppst.gob.ve\/mpppstweb\/index.php\/2019\/01\/22\/min-trabajo-diferencial-del-salario-minimo-es-pagado-por-el-presidente-maduro\/","og_site_name":"MPPPST","article_published_time":"2019-01-22T14:34:19+00:00","article_modified_time":"2019-01-22T14:35:20+00:00","og_image":[{"width":800,"height":600,"url":"https:\/\/www.mpppst.gob.ve\/mpppstweb\/wp-content\/uploads\/2019\/01\/Captura-de-pantalla-2019-01-22-a-las-6.52.57-a.-m..png","type":"image\/png"}],"author":"MPPPST Prensa","twitter_card":"summary_large_image","twitter_misc":{"Escrito por":"MPPPST Prensa","Tiempo de lectura":"2 minutos"},"schema":{"@context":"https:\/\/schema.org","@graph":[{"@type":"Article","@id":"https:\/\/www.mpppst.gob.ve\/mpppstweb\/index.php\/2019\/01\/22\/min-trabajo-diferencial-del-salario-minimo-es-pagado-por-el-presidente-maduro\/#article","isPartOf":{"@id":"https:\/\/www.mpppst.gob.ve\/mpppstweb\/index.php\/2019\/01\/22\/min-trabajo-diferencial-del-salario-minimo-es-pagado-por-el-presidente-maduro\/"},"author":{"name":"MPPPST Prensa","@id":"https:\/\/www.mpppst.gob.ve\/mpppstweb\/#\/schema\/person\/fc187ee8ead412bd4c9304b62f900ea4"},"headline":"Min. Trabajo: Diferencial del salario m\u00ednimo es pagado por el presidente Maduro","datePublished":"2019-01-22T14:34:19+00:00","dateModified":"2019-01-22T14:35:20+00:00","mainEntityOfPage":{"@id":"https:\/\/www.mpppst.gob.ve\/mpppstweb\/index.php\/2019\/01\/22\/min-trabajo-diferencial-del-salario-minimo-es-pagado-por-el-presidente-maduro\/"},"wordCount":366,"publisher":{"@id":"https:\/\/www.mpppst.gob.ve\/mpppstweb\/#organization"},"image":{"@id":"https:\/\/www.mpppst.gob.ve\/mpppstweb\/index.php\/2019\/01\/22\/min-trabajo-diferencial-del-salario-minimo-es-pagado-por-el-presidente-maduro\/#primaryimage"},"thumbnailUrl":"https:\/\/www.mpppst.gob.ve\/mpppstweb\/wp-content\/uploads\/2019\/01\/Captura-de-pantalla-2019-01-22-a-las-6.52.57-a.-m..png","articleSection":["Econom\u00eda","Gobierno Nacional","Noticias"],"inLanguage":"es"},{"@type":"WebPage","@id":"https:\/\/www.mpppst.gob.ve\/mpppstweb\/index.php\/2019\/01\/22\/min-trabajo-diferencial-del-salario-minimo-es-pagado-por-el-presidente-maduro\/","url":"https:\/\/www.mpppst.gob.ve\/mpppstweb\/index.php\/2019\/01\/22\/min-trabajo-diferencial-del-salario-minimo-es-pagado-por-el-presidente-maduro\/","name":"Min. Trabajo: Diferencial del salario m\u00ednimo es pagado por el presidente Maduro - MPPPST","isPartOf":{"@id":"https:\/\/www.mpppst.gob.ve\/mpppstweb\/#website"},"primaryImageOfPage":{"@id":"https:\/\/www.mpppst.gob.ve\/mpppstweb\/index.php\/2019\/01\/22\/min-trabajo-diferencial-del-salario-minimo-es-pagado-por-el-presidente-maduro\/#primaryimage"},"image":{"@id":"https:\/\/www.mpppst.gob.ve\/mpppstweb\/index.php\/2019\/01\/22\/min-trabajo-diferencial-del-salario-minimo-es-pagado-por-el-presidente-maduro\/#primaryimage"},"thumbnailUrl":"https:\/\/www.mpppst.gob.ve\/mpppstweb\/wp-content\/uploads\/2019\/01\/Captura-de-pantalla-2019-01-22-a-las-6.52.57-a.-m..png","datePublished":"2019-01-22T14:34:19+00:00","dateModified":"2019-01-22T14:35:20+00:00","breadcrumb":{"@id":"https:\/\/www.mpppst.gob.ve\/mpppstweb\/index.php\/2019\/01\/22\/min-trabajo-diferencial-del-salario-minimo-es-pagado-por-el-presidente-maduro\/#breadcrumb"},"inLanguage":"es","potentialAction":[{"@type":"ReadAction","target":["https:\/\/www.mpppst.gob.ve\/mpppstweb\/index.php\/2019\/01\/22\/min-trabajo-diferencial-del-salario-minimo-es-pagado-por-el-presidente-maduro\/"]}]},{"@type":"ImageObject","inLanguage":"es","@id":"https:\/\/www.mpppst.gob.ve\/mpppstweb\/index.php\/2019\/01\/22\/min-trabajo-diferencial-del-salario-minimo-es-pagado-por-el-presidente-maduro\/#primaryimage","url":"https:\/\/www.mpppst.gob.ve\/mpppstweb\/wp-content\/uploads\/2019\/01\/Captura-de-pantalla-2019-01-22-a-las-6.52.57-a.-m..png","contentUrl":"https:\/\/www.mpppst.gob.ve\/mpppstweb\/wp-content\/uploads\/2019\/01\/Captura-de-pantalla-2019-01-22-a-las-6.52.57-a.-m..png","width":800,"height":600},{"@type":"BreadcrumbList","@id":"https:\/\/www.mpppst.gob.ve\/mpppstweb\/index.php\/2019\/01\/22\/min-trabajo-diferencial-del-salario-minimo-es-pagado-por-el-presidente-maduro\/#breadcrumb","itemListElement":[{"@type":"ListItem","position":1,"name":"Home","item":"https:\/\/www.mpppst.gob.ve\/mpppstweb\/"},{"@type":"ListItem","position":2,"name":"Min. Trabajo: Diferencial del salario m\u00ednimo es pagado por el presidente Maduro"}]},{"@type":"WebSite","@id":"https:\/\/www.mpppst.gob.ve\/mpppstweb\/#website","url":"https:\/\/www.mpppst.gob.ve\/mpppstweb\/","name":"MPPPST","description":"Ministerio del Poder Popular para el Proceso Social de Trabajo","publisher":{"@id":"https:\/\/www.mpppst.gob.ve\/mpppstweb\/#organization"},"potentialAction":[{"@type":"SearchAction","target":{"@type":"EntryPoint","urlTemplate":"https:\/\/www.mpppst.gob.ve\/mpppstweb\/?s={search_term_string}"},"query-input":"required name=search_term_string"}],"inLanguage":"es"},{"@type":"Organization","@id":"https:\/\/www.mpppst.gob.ve\/mpppstweb\/#organization","name":"mpppst","url":"https:\/\/www.mpppst.gob.ve\/mpppstweb\/","logo":{"@type":"ImageObject","inLanguage":"es","@id":"https:\/\/www.mpppst.gob.ve\/mpppstweb\/#\/schema\/logo\/image\/","url":"https:\/\/www.mpppst.gob.ve\/mpppstweb\/wp-content\/uploads\/2025\/07\/cropped-cropped-g910.png","contentUrl":"https:\/\/www.mpppst.gob.ve\/mpppstweb\/wp-content\/uploads\/2025\/07\/cropped-cropped-g910.png","width":1080,"height":241,"caption":"mpppst"},"image":{"@id":"https:\/\/www.mpppst.gob.ve\/mpppstweb\/#\/schema\/logo\/image\/"}},{"@type":"Person","@id":"https:\/\/www.mpppst.gob.ve\/mpppstweb\/#\/schema\/person\/fc187ee8ead412bd4c9304b62f900ea4","name":"MPPPST Prensa","url":"https:\/\/www.mpppst.gob.ve\/mpppstweb\/index.php\/author\/prensa-mpppst\/"}]}},"_links":{"self":[{"href":"https:\/\/www.mpppst.gob.ve\/mpppstweb\/index.php\/wp-json\/wp\/v2\/posts\/15595"}],"collection":[{"href":"https:\/\/www.mpppst.gob.ve\/mpppstweb\/index.php\/wp-json\/wp\/v2\/posts"}],"about":[{"href":"https:\/\/www.mpppst.gob.ve\/mpppstweb\/index.php\/wp-json\/wp\/v2\/types\/post"}],"author":[{"embeddable":true,"href":"https:\/\/www.mpppst.gob.ve\/mpppstweb\/index.php\/wp-json\/wp\/v2\/users\/25"}],"replies":[{"embeddable":true,"href":"https:\/\/www.mpppst.gob.ve\/mpppstweb\/index.php\/wp-json\/wp\/v2\/comments?post=15595"}],"version-history":[{"count":1,"href":"https:\/\/www.mpppst.gob.ve\/mpppstweb\/index.php\/wp-json\/wp\/v2\/posts\/15595\/revisions"}],"predecessor-version":[{"id":15597,"href":"https:\/\/www.mpppst.gob.ve\/mpppstweb\/index.php\/wp-json\/wp\/v2\/posts\/15595\/revisions\/15597"}],"wp:featuredmedia":[{"embeddable":true,"href":"https:\/\/www.mpppst.gob.ve\/mpppstweb\/index.php\/wp-json\/wp\/v2\/media\/15596"}],"wp:attachment":[{"href":"https:\/\/www.mpppst.gob.ve\/mpppstweb\/index.php\/wp-json\/wp\/v2\/media?parent=15595"}],"wp:term":[{"taxonomy":"category","embeddable":true,"href":"https:\/\/www.mpppst.gob.ve\/mpppstweb\/index.php\/wp-json\/wp\/v2\/categories?post=15595"},{"taxonomy":"post_tag","embeddable":true,"href":"https:\/\/www.mpppst.gob.ve\/mpppstweb\/index.php\/wp-json\/wp\/v2\/tags?post=15595"}],"curies":[{"name":"wp","href":"https:\/\/api.w.org\/{rel}","templated":true}]}}