{"id":15774,"date":"2019-02-26T16:55:03","date_gmt":"2019-02-26T20:55:03","guid":{"rendered":"http:\/\/www.mpppst.gob.ve\/mpppstweb\/?p=15774"},"modified":"2019-02-26T16:57:14","modified_gmt":"2019-02-26T20:57:14","slug":"realizan-en-el-mpppst-foro-sobre-seguridad-social","status":"publish","type":"post","link":"https:\/\/www.mpppst.gob.ve\/mpppstweb\/index.php\/2019\/02\/26\/realizan-en-el-mpppst-foro-sobre-seguridad-social\/","title":{"rendered":"Realizan en el Mpppst foro sobre Seguridad Social"},"content":{"rendered":"<p>Martes 26 de febrero 2019<\/p>\n<p>En la sede del Ministerio del Poder Popular para el Proceso Social de Trabajo se realiz\u00f3 un foro de Seguridad Social dirigido a las trabajadoras y trabajadores en el marco de la promoci\u00f3n de la cultura de la seguridad social.<\/p>\n<p>El evento estuvo dirigido por el viceministro de Previsi\u00f3n Social del Mpppst y presidente de la Tesorer\u00eda Social de Venezuela, Rafael R\u00edos y trabajadores del viceministerio.<\/p>\n<p>Por su parte, el foro inici\u00f3 con la presentaci\u00f3n de la historia, su evoluci\u00f3n en la revoluci\u00f3n bolivariana, las perspectivas futuras y la previsi\u00f3n de la seguridad social.<\/p>\n<p>Al respecto, se presentaron temas claves para contribuir con el enriquecimiento en esta materia a los trabajadores, con la finalidad de promover y fortalecer la seguridad social, que se otorgan a trav\u00e9s de las instituciones del Estado, as\u00ed como \u00a0atender las distintas contingencias que se presentan.<\/p>\n<p>De esta manera, el viceministro Rafael R\u00edos, precis\u00f3 que el objetivo es impregnar a todas las trabajadoras, trabajadores, comunidades y familias sobre el conocimiento de la seguridad social, y que adem\u00e1s es fundamental para la revoluci\u00f3n bolivariana, enmarcado en el segundo objetivo del Plan de la Patria 2020-2025 en construir el socialismo bolivariano.<\/p>\n<p><a href=\"https:\/\/www.mpppst.gob.ve\/mpppstweb\/wp-content\/uploads\/2019\/02\/D0VtWYwUYAED8Ro.jpg\"><img loading=\"lazy\" decoding=\"async\" class=\"alignnone size-medium wp-image-15777\" src=\"https:\/\/www.mpppst.gob.ve\/mpppstweb\/wp-content\/uploads\/2019\/02\/D0VtWYwUYAED8Ro-300x169.jpg\" alt=\"\" width=\"300\" height=\"169\" srcset=\"https:\/\/www.mpppst.gob.ve\/mpppstweb\/wp-content\/uploads\/2019\/02\/D0VtWYwUYAED8Ro-300x169.jpg 300w, https:\/\/www.mpppst.gob.ve\/mpppstweb\/wp-content\/uploads\/2019\/02\/D0VtWYwUYAED8Ro-768x432.jpg 768w, https:\/\/www.mpppst.gob.ve\/mpppstweb\/wp-content\/uploads\/2019\/02\/D0VtWYwUYAED8Ro-1024x576.jpg 1024w, https:\/\/www.mpppst.gob.ve\/mpppstweb\/wp-content\/uploads\/2019\/02\/D0VtWYwUYAED8Ro.jpg 1080w\" sizes=\"auto, (max-width: 300px) 100vw, 300px\" \/><\/a><a href=\"https:\/\/www.mpppst.gob.ve\/mpppstweb\/wp-content\/uploads\/2019\/02\/D0VtdHvUwAIb0iF.jpg\"><img loading=\"lazy\" decoding=\"async\" class=\" wp-image-15776 alignright\" src=\"https:\/\/www.mpppst.gob.ve\/mpppstweb\/wp-content\/uploads\/2019\/02\/D0VtdHvUwAIb0iF-300x169.jpg\" alt=\"\" width=\"298\" height=\"168\" srcset=\"https:\/\/www.mpppst.gob.ve\/mpppstweb\/wp-content\/uploads\/2019\/02\/D0VtdHvUwAIb0iF-300x169.jpg 300w, https:\/\/www.mpppst.gob.ve\/mpppstweb\/wp-content\/uploads\/2019\/02\/D0VtdHvUwAIb0iF-768x432.jpg 768w, https:\/\/www.mpppst.gob.ve\/mpppstweb\/wp-content\/uploads\/2019\/02\/D0VtdHvUwAIb0iF-1024x576.jpg 1024w, https:\/\/www.mpppst.gob.ve\/mpppstweb\/wp-content\/uploads\/2019\/02\/D0VtdHvUwAIb0iF.jpg 1080w\" sizes=\"auto, (max-width: 298px) 100vw, 298px\" \/><\/a><\/p>\n<p>En ese sentido, el viceministro explic\u00f3 \u00a0\u00abel Estado garantiza la seguridad social a pesar del bloqueo econ\u00f3mico que existe, aqu\u00ed estamos trabajando para la mayor suma de felicidad, seguridad social y la mayor estabilidad pol\u00edtica como lo indic\u00f3 nuestro Sim\u00f3n Bol\u00edvar en 1819\u00bb.<\/p>\n<p>Cabe se\u00f1alar que los pr\u00f3ximos foros se abordar\u00e1n desde las sedes de los entes adscritos en cada estado, para difundir a las trabajadoras, los trabajadores y comunidades este derecho que es la seguridad social.<\/p>\n","protected":false},"excerpt":{"rendered":"<p>Martes 26 de febrero 2019 En la sede del Ministerio del Poder Popular para el Proceso &hellip; <a title=\"Realizan en el Mpppst foro sobre Seguridad Social\" class=\"hm-read-more\" href=\"https:\/\/www.mpppst.gob.ve\/mpppstweb\/index.php\/2019\/02\/26\/realizan-en-el-mpppst-foro-sobre-seguridad-social\/\"><span class=\"screen-reader-text\">Realizan en el Mpppst foro sobre Seguridad Social<\/span>Leer m\u00e1s<\/a><\/p>\n","protected":false},"author":25,"featured_media":15775,"comment_status":"closed","ping_status":"closed","sticky":false,"template":"","format":"standard","meta":{"footnotes":""},"categories":[163,84],"tags":[222,223],"class_list":["post-15774","post","type-post","status-publish","format-standard","has-post-thumbnail","hentry","category-noticias","category-vidalaboralysindical","tag-gobierno-bolivariano","tag-mpppst"],"yoast_head":"<!-- This site is optimized with the Yoast SEO plugin v28.4 - https:\/\/yoast.com\/product\/yoast-seo-wordpress\/ -->\n<title>Realizan en el Mpppst foro sobre Seguridad Social - MPPPST<\/title>\n<meta name=\"robots\" content=\"index, follow, max-snippet:-1, max-image-preview:large, max-video-preview:-1\" \/>\n<link rel=\"canonical\" href=\"https:\/\/www.mpppst.gob.ve\/mpppstweb\/index.php\/2019\/02\/26\/realizan-en-el-mpppst-foro-sobre-seguridad-social\/\" \/>\n<meta property=\"og:locale\" content=\"es_ES\" \/>\n<meta property=\"og:type\" content=\"article\" \/>\n<meta property=\"og:title\" content=\"Realizan en el Mpppst foro sobre Seguridad Social - MPPPST\" \/>\n<meta property=\"og:description\" content=\"Martes 26 de febrero 2019 En la sede del Ministerio del Poder Popular para el Proceso &hellip; Realizan en el Mpppst foro sobre Seguridad SocialLeer m\u00e1s\" \/>\n<meta property=\"og:url\" content=\"https:\/\/www.mpppst.gob.ve\/mpppstweb\/index.php\/2019\/02\/26\/realizan-en-el-mpppst-foro-sobre-seguridad-social\/\" \/>\n<meta property=\"og:site_name\" content=\"MPPPST\" \/>\n<meta property=\"article:publisher\" content=\"https:\/\/www.facebook.com\/mintrabajo_ve\" \/>\n<meta property=\"article:published_time\" content=\"2019-02-26T20:55:03+00:00\" \/>\n<meta property=\"article:modified_time\" content=\"2019-02-26T20:57:14+00:00\" \/>\n<meta property=\"og:image\" content=\"https:\/\/www.mpppst.gob.ve\/mpppstweb\/wp-content\/uploads\/2019\/02\/D0VtaM5UUAA5sfa.jpg\" \/>\n\t<meta property=\"og:image:width\" content=\"1080\" \/>\n\t<meta property=\"og:image:height\" content=\"607\" \/>\n\t<meta property=\"og:image:type\" content=\"image\/jpeg\" \/>\n<meta name=\"author\" content=\"MPPPST Prensa\" \/>\n<meta name=\"twitter:card\" content=\"summary_large_image\" \/>\n<script type=\"application\/ld+json\" class=\"yoast-schema-graph\">{\"@context\":\"https:\\\/\\\/schema.org\",\"@graph\":[{\"@type\":\"Article\",\"@id\":\"https:\\\/\\\/www.mpppst.gob.ve\\\/mpppstweb\\\/index.php\\\/2019\\\/02\\\/26\\\/realizan-en-el-mpppst-foro-sobre-seguridad-social\\\/#article\",\"isPartOf\":{\"@id\":\"https:\\\/\\\/www.mpppst.gob.ve\\\/mpppstweb\\\/index.php\\\/2019\\\/02\\\/26\\\/realizan-en-el-mpppst-foro-sobre-seguridad-social\\\/\"},\"author\":{\"name\":\"MPPPST Prensa\",\"@id\":\"https:\\\/\\\/www.mpppst.gob.ve\\\/mpppstweb\\\/#\\\/schema\\\/person\\\/fc187ee8ead412bd4c9304b62f900ea4\"},\"headline\":\"Realizan en el Mpppst foro sobre Seguridad Social\",\"datePublished\":\"2019-02-26T20:55:03+00:00\",\"dateModified\":\"2019-02-26T20:57:14+00:00\",\"mainEntityOfPage\":{\"@id\":\"https:\\\/\\\/www.mpppst.gob.ve\\\/mpppstweb\\\/index.php\\\/2019\\\/02\\\/26\\\/realizan-en-el-mpppst-foro-sobre-seguridad-social\\\/\"},\"wordCount\":299,\"publisher\":{\"@id\":\"https:\\\/\\\/www.mpppst.gob.ve\\\/mpppstweb\\\/#organization\"},\"image\":{\"@id\":\"https:\\\/\\\/www.mpppst.gob.ve\\\/mpppstweb\\\/index.php\\\/2019\\\/02\\\/26\\\/realizan-en-el-mpppst-foro-sobre-seguridad-social\\\/#primaryimage\"},\"thumbnailUrl\":\"https:\\\/\\\/www.mpppst.gob.ve\\\/mpppstweb\\\/wp-content\\\/uploads\\\/2019\\\/02\\\/D0VtaM5UUAA5sfa.jpg\",\"keywords\":[\"Gobierno Bolivariano\",\"MPPPST\"],\"articleSection\":[\"Noticias\",\"Vida Laboral y Sindical\"],\"inLanguage\":\"es\"},{\"@type\":\"WebPage\",\"@id\":\"https:\\\/\\\/www.mpppst.gob.ve\\\/mpppstweb\\\/index.php\\\/2019\\\/02\\\/26\\\/realizan-en-el-mpppst-foro-sobre-seguridad-social\\\/\",\"url\":\"https:\\\/\\\/www.mpppst.gob.ve\\\/mpppstweb\\\/index.php\\\/2019\\\/02\\\/26\\\/realizan-en-el-mpppst-foro-sobre-seguridad-social\\\/\",\"name\":\"Realizan en el Mpppst foro sobre Seguridad Social - MPPPST\",\"isPartOf\":{\"@id\":\"https:\\\/\\\/www.mpppst.gob.ve\\\/mpppstweb\\\/#website\"},\"primaryImageOfPage\":{\"@id\":\"https:\\\/\\\/www.mpppst.gob.ve\\\/mpppstweb\\\/index.php\\\/2019\\\/02\\\/26\\\/realizan-en-el-mpppst-foro-sobre-seguridad-social\\\/#primaryimage\"},\"image\":{\"@id\":\"https:\\\/\\\/www.mpppst.gob.ve\\\/mpppstweb\\\/index.php\\\/2019\\\/02\\\/26\\\/realizan-en-el-mpppst-foro-sobre-seguridad-social\\\/#primaryimage\"},\"thumbnailUrl\":\"https:\\\/\\\/www.mpppst.gob.ve\\\/mpppstweb\\\/wp-content\\\/uploads\\\/2019\\\/02\\\/D0VtaM5UUAA5sfa.jpg\",\"datePublished\":\"2019-02-26T20:55:03+00:00\",\"dateModified\":\"2019-02-26T20:57:14+00:00\",\"breadcrumb\":{\"@id\":\"https:\\\/\\\/www.mpppst.gob.ve\\\/mpppstweb\\\/index.php\\\/2019\\\/02\\\/26\\\/realizan-en-el-mpppst-foro-sobre-seguridad-social\\\/#breadcrumb\"},\"inLanguage\":\"es\",\"potentialAction\":[{\"@type\":\"ReadAction\",\"target\":[\"https:\\\/\\\/www.mpppst.gob.ve\\\/mpppstweb\\\/index.php\\\/2019\\\/02\\\/26\\\/realizan-en-el-mpppst-foro-sobre-seguridad-social\\\/\"]}]},{\"@type\":\"ImageObject\",\"inLanguage\":\"es\",\"@id\":\"https:\\\/\\\/www.mpppst.gob.ve\\\/mpppstweb\\\/index.php\\\/2019\\\/02\\\/26\\\/realizan-en-el-mpppst-foro-sobre-seguridad-social\\\/#primaryimage\",\"url\":\"https:\\\/\\\/www.mpppst.gob.ve\\\/mpppstweb\\\/wp-content\\\/uploads\\\/2019\\\/02\\\/D0VtaM5UUAA5sfa.jpg\",\"contentUrl\":\"https:\\\/\\\/www.mpppst.gob.ve\\\/mpppstweb\\\/wp-content\\\/uploads\\\/2019\\\/02\\\/D0VtaM5UUAA5sfa.jpg\",\"width\":1080,\"height\":607},{\"@type\":\"BreadcrumbList\",\"@id\":\"https:\\\/\\\/www.mpppst.gob.ve\\\/mpppstweb\\\/index.php\\\/2019\\\/02\\\/26\\\/realizan-en-el-mpppst-foro-sobre-seguridad-social\\\/#breadcrumb\",\"itemListElement\":[{\"@type\":\"ListItem\",\"position\":1,\"name\":\"Home\",\"item\":\"https:\\\/\\\/www.mpppst.gob.ve\\\/mpppstweb\\\/\"},{\"@type\":\"ListItem\",\"position\":2,\"name\":\"Realizan en el Mpppst foro sobre Seguridad Social\"}]},{\"@type\":\"WebSite\",\"@id\":\"https:\\\/\\\/www.mpppst.gob.ve\\\/mpppstweb\\\/#website\",\"url\":\"https:\\\/\\\/www.mpppst.gob.ve\\\/mpppstweb\\\/\",\"name\":\"MPPPST\",\"description\":\"Sitio web oficial del Ministerio del Poder Popular para el Proceso Social de Trabajo\",\"publisher\":{\"@id\":\"https:\\\/\\\/www.mpppst.gob.ve\\\/mpppstweb\\\/#organization\"},\"alternateName\":\"Ministerio del Poder Popular para el Proceso Social de Trabajo\",\"potentialAction\":[{\"@type\":\"SearchAction\",\"target\":{\"@type\":\"EntryPoint\",\"urlTemplate\":\"https:\\\/\\\/www.mpppst.gob.ve\\\/mpppstweb\\\/?s={search_term_string}\"},\"query-input\":{\"@type\":\"PropertyValueSpecification\",\"valueRequired\":true,\"valueName\":\"search_term_string\"}}],\"inLanguage\":\"es\"},{\"@type\":\"Organization\",\"@id\":\"https:\\\/\\\/www.mpppst.gob.ve\\\/mpppstweb\\\/#organization\",\"name\":\"Ministerio del Poder Popular para el Proceso Social de Trabajo\",\"alternateName\":\"MPPPST\",\"url\":\"https:\\\/\\\/www.mpppst.gob.ve\\\/mpppstweb\\\/\",\"logo\":{\"@type\":\"ImageObject\",\"inLanguage\":\"es\",\"@id\":\"https:\\\/\\\/www.mpppst.gob.ve\\\/mpppstweb\\\/#\\\/schema\\\/logo\\\/image\\\/\",\"url\":\"https:\\\/\\\/www.mpppst.gob.ve\\\/mpppstweb\\\/wp-content\\\/uploads\\\/2025\\\/07\\\/cropped-cropped-g910.png\",\"contentUrl\":\"https:\\\/\\\/www.mpppst.gob.ve\\\/mpppstweb\\\/wp-content\\\/uploads\\\/2025\\\/07\\\/cropped-cropped-g910.png\",\"width\":1080,\"height\":241,\"caption\":\"Ministerio del Poder Popular para el Proceso Social de Trabajo\"},\"image\":{\"@id\":\"https:\\\/\\\/www.mpppst.gob.ve\\\/mpppstweb\\\/#\\\/schema\\\/logo\\\/image\\\/\"},\"sameAs\":[\"https:\\\/\\\/www.facebook.com\\\/mintrabajo_ve\",\"https:\\\/\\\/www.instagram.com\\\/mintrabajo_ve\\\/\",\"https:\\\/\\\/www.tiktok.com\\\/@mintrabajo_ve\",\"https:\\\/\\\/t.me\\\/mpppst\"]},{\"@type\":\"Person\",\"@id\":\"https:\\\/\\\/www.mpppst.gob.ve\\\/mpppstweb\\\/#\\\/schema\\\/person\\\/fc187ee8ead412bd4c9304b62f900ea4\",\"name\":\"MPPPST Prensa\",\"url\":\"https:\\\/\\\/www.mpppst.gob.ve\\\/mpppstweb\\\/index.php\\\/author\\\/prensa-mpppst\\\/\"}]}<\/script>\n<!-- \/ Yoast SEO plugin. -->","yoast_head_json":{"title":"Realizan en el Mpppst foro sobre Seguridad Social - MPPPST","robots":{"index":"index","follow":"follow","max-snippet":"max-snippet:-1","max-image-preview":"max-image-preview:large","max-video-preview":"max-video-preview:-1"},"canonical":"https:\/\/www.mpppst.gob.ve\/mpppstweb\/index.php\/2019\/02\/26\/realizan-en-el-mpppst-foro-sobre-seguridad-social\/","og_locale":"es_ES","og_type":"article","og_title":"Realizan en el Mpppst foro sobre Seguridad Social - MPPPST","og_description":"Martes 26 de febrero 2019 En la sede del Ministerio del Poder Popular para el Proceso &hellip; Realizan en el Mpppst foro sobre Seguridad SocialLeer m\u00e1s","og_url":"https:\/\/www.mpppst.gob.ve\/mpppstweb\/index.php\/2019\/02\/26\/realizan-en-el-mpppst-foro-sobre-seguridad-social\/","og_site_name":"MPPPST","article_publisher":"https:\/\/www.facebook.com\/mintrabajo_ve","article_published_time":"2019-02-26T20:55:03+00:00","article_modified_time":"2019-02-26T20:57:14+00:00","og_image":[{"width":1080,"height":607,"url":"https:\/\/www.mpppst.gob.ve\/mpppstweb\/wp-content\/uploads\/2019\/02\/D0VtaM5UUAA5sfa.jpg","type":"image\/jpeg"}],"author":"MPPPST Prensa","twitter_card":"summary_large_image","schema":{"@context":"https:\/\/schema.org","@graph":[{"@type":"Article","@id":"https:\/\/www.mpppst.gob.ve\/mpppstweb\/index.php\/2019\/02\/26\/realizan-en-el-mpppst-foro-sobre-seguridad-social\/#article","isPartOf":{"@id":"https:\/\/www.mpppst.gob.ve\/mpppstweb\/index.php\/2019\/02\/26\/realizan-en-el-mpppst-foro-sobre-seguridad-social\/"},"author":{"name":"MPPPST Prensa","@id":"https:\/\/www.mpppst.gob.ve\/mpppstweb\/#\/schema\/person\/fc187ee8ead412bd4c9304b62f900ea4"},"headline":"Realizan en el Mpppst foro sobre Seguridad Social","datePublished":"2019-02-26T20:55:03+00:00","dateModified":"2019-02-26T20:57:14+00:00","mainEntityOfPage":{"@id":"https:\/\/www.mpppst.gob.ve\/mpppstweb\/index.php\/2019\/02\/26\/realizan-en-el-mpppst-foro-sobre-seguridad-social\/"},"wordCount":299,"publisher":{"@id":"https:\/\/www.mpppst.gob.ve\/mpppstweb\/#organization"},"image":{"@id":"https:\/\/www.mpppst.gob.ve\/mpppstweb\/index.php\/2019\/02\/26\/realizan-en-el-mpppst-foro-sobre-seguridad-social\/#primaryimage"},"thumbnailUrl":"https:\/\/www.mpppst.gob.ve\/mpppstweb\/wp-content\/uploads\/2019\/02\/D0VtaM5UUAA5sfa.jpg","keywords":["Gobierno Bolivariano","MPPPST"],"articleSection":["Noticias","Vida Laboral y Sindical"],"inLanguage":"es"},{"@type":"WebPage","@id":"https:\/\/www.mpppst.gob.ve\/mpppstweb\/index.php\/2019\/02\/26\/realizan-en-el-mpppst-foro-sobre-seguridad-social\/","url":"https:\/\/www.mpppst.gob.ve\/mpppstweb\/index.php\/2019\/02\/26\/realizan-en-el-mpppst-foro-sobre-seguridad-social\/","name":"Realizan en el Mpppst foro sobre Seguridad Social - MPPPST","isPartOf":{"@id":"https:\/\/www.mpppst.gob.ve\/mpppstweb\/#website"},"primaryImageOfPage":{"@id":"https:\/\/www.mpppst.gob.ve\/mpppstweb\/index.php\/2019\/02\/26\/realizan-en-el-mpppst-foro-sobre-seguridad-social\/#primaryimage"},"image":{"@id":"https:\/\/www.mpppst.gob.ve\/mpppstweb\/index.php\/2019\/02\/26\/realizan-en-el-mpppst-foro-sobre-seguridad-social\/#primaryimage"},"thumbnailUrl":"https:\/\/www.mpppst.gob.ve\/mpppstweb\/wp-content\/uploads\/2019\/02\/D0VtaM5UUAA5sfa.jpg","datePublished":"2019-02-26T20:55:03+00:00","dateModified":"2019-02-26T20:57:14+00:00","breadcrumb":{"@id":"https:\/\/www.mpppst.gob.ve\/mpppstweb\/index.php\/2019\/02\/26\/realizan-en-el-mpppst-foro-sobre-seguridad-social\/#breadcrumb"},"inLanguage":"es","potentialAction":[{"@type":"ReadAction","target":["https:\/\/www.mpppst.gob.ve\/mpppstweb\/index.php\/2019\/02\/26\/realizan-en-el-mpppst-foro-sobre-seguridad-social\/"]}]},{"@type":"ImageObject","inLanguage":"es","@id":"https:\/\/www.mpppst.gob.ve\/mpppstweb\/index.php\/2019\/02\/26\/realizan-en-el-mpppst-foro-sobre-seguridad-social\/#primaryimage","url":"https:\/\/www.mpppst.gob.ve\/mpppstweb\/wp-content\/uploads\/2019\/02\/D0VtaM5UUAA5sfa.jpg","contentUrl":"https:\/\/www.mpppst.gob.ve\/mpppstweb\/wp-content\/uploads\/2019\/02\/D0VtaM5UUAA5sfa.jpg","width":1080,"height":607},{"@type":"BreadcrumbList","@id":"https:\/\/www.mpppst.gob.ve\/mpppstweb\/index.php\/2019\/02\/26\/realizan-en-el-mpppst-foro-sobre-seguridad-social\/#breadcrumb","itemListElement":[{"@type":"ListItem","position":1,"name":"Home","item":"https:\/\/www.mpppst.gob.ve\/mpppstweb\/"},{"@type":"ListItem","position":2,"name":"Realizan en el Mpppst foro sobre Seguridad Social"}]},{"@type":"WebSite","@id":"https:\/\/www.mpppst.gob.ve\/mpppstweb\/#website","url":"https:\/\/www.mpppst.gob.ve\/mpppstweb\/","name":"MPPPST","description":"Sitio web oficial del Ministerio del Poder Popular para el Proceso Social de Trabajo","publisher":{"@id":"https:\/\/www.mpppst.gob.ve\/mpppstweb\/#organization"},"alternateName":"Ministerio del Poder Popular para el Proceso Social de Trabajo","potentialAction":[{"@type":"SearchAction","target":{"@type":"EntryPoint","urlTemplate":"https:\/\/www.mpppst.gob.ve\/mpppstweb\/?s={search_term_string}"},"query-input":{"@type":"PropertyValueSpecification","valueRequired":true,"valueName":"search_term_string"}}],"inLanguage":"es"},{"@type":"Organization","@id":"https:\/\/www.mpppst.gob.ve\/mpppstweb\/#organization","name":"Ministerio del Poder Popular para el Proceso Social de Trabajo","alternateName":"MPPPST","url":"https:\/\/www.mpppst.gob.ve\/mpppstweb\/","logo":{"@type":"ImageObject","inLanguage":"es","@id":"https:\/\/www.mpppst.gob.ve\/mpppstweb\/#\/schema\/logo\/image\/","url":"https:\/\/www.mpppst.gob.ve\/mpppstweb\/wp-content\/uploads\/2025\/07\/cropped-cropped-g910.png","contentUrl":"https:\/\/www.mpppst.gob.ve\/mpppstweb\/wp-content\/uploads\/2025\/07\/cropped-cropped-g910.png","width":1080,"height":241,"caption":"Ministerio del Poder Popular para el Proceso Social de Trabajo"},"image":{"@id":"https:\/\/www.mpppst.gob.ve\/mpppstweb\/#\/schema\/logo\/image\/"},"sameAs":["https:\/\/www.facebook.com\/mintrabajo_ve","https:\/\/www.instagram.com\/mintrabajo_ve\/","https:\/\/www.tiktok.com\/@mintrabajo_ve","https:\/\/t.me\/mpppst"]},{"@type":"Person","@id":"https:\/\/www.mpppst.gob.ve\/mpppstweb\/#\/schema\/person\/fc187ee8ead412bd4c9304b62f900ea4","name":"MPPPST Prensa","url":"https:\/\/www.mpppst.gob.ve\/mpppstweb\/index.php\/author\/prensa-mpppst\/"}]}},"_links":{"self":[{"href":"https:\/\/www.mpppst.gob.ve\/mpppstweb\/index.php\/wp-json\/wp\/v2\/posts\/15774","targetHints":{"allow":["GET"]}}],"collection":[{"href":"https:\/\/www.mpppst.gob.ve\/mpppstweb\/index.php\/wp-json\/wp\/v2\/posts"}],"about":[{"href":"https:\/\/www.mpppst.gob.ve\/mpppstweb\/index.php\/wp-json\/wp\/v2\/types\/post"}],"author":[{"embeddable":true,"href":"https:\/\/www.mpppst.gob.ve\/mpppstweb\/index.php\/wp-json\/wp\/v2\/users\/25"}],"replies":[{"embeddable":true,"href":"https:\/\/www.mpppst.gob.ve\/mpppstweb\/index.php\/wp-json\/wp\/v2\/comments?post=15774"}],"version-history":[{"count":3,"href":"https:\/\/www.mpppst.gob.ve\/mpppstweb\/index.php\/wp-json\/wp\/v2\/posts\/15774\/revisions"}],"predecessor-version":[{"id":15780,"href":"https:\/\/www.mpppst.gob.ve\/mpppstweb\/index.php\/wp-json\/wp\/v2\/posts\/15774\/revisions\/15780"}],"wp:featuredmedia":[{"embeddable":true,"href":"https:\/\/www.mpppst.gob.ve\/mpppstweb\/index.php\/wp-json\/wp\/v2\/media\/15775"}],"wp:attachment":[{"href":"https:\/\/www.mpppst.gob.ve\/mpppstweb\/index.php\/wp-json\/wp\/v2\/media?parent=15774"}],"wp:term":[{"taxonomy":"category","embeddable":true,"href":"https:\/\/www.mpppst.gob.ve\/mpppstweb\/index.php\/wp-json\/wp\/v2\/categories?post=15774"},{"taxonomy":"post_tag","embeddable":true,"href":"https:\/\/www.mpppst.gob.ve\/mpppstweb\/index.php\/wp-json\/wp\/v2\/tags?post=15774"}],"curies":[{"name":"wp","href":"https:\/\/api.w.org\/{rel}","templated":true}]}}