{"id":16033,"date":"2019-04-14T17:42:38","date_gmt":"2019-04-14T21:42:38","guid":{"rendered":"http:\/\/www.mpppst.gob.ve\/mpppstweb\/?p=16033"},"modified":"2019-04-22T20:42:10","modified_gmt":"2019-04-23T00:42:10","slug":"17-anos-del-abril-rebelde-y-dia-de-la-milicia-bolivariana","status":"publish","type":"post","link":"https:\/\/www.mpppst.gob.ve\/mpppstweb\/index.php\/2019\/04\/14\/17-anos-del-abril-rebelde-y-dia-de-la-milicia-bolivariana\/","title":{"rendered":"17 a\u00f1os del abril rebelde y d\u00eda de la Milicia Bolivariana"},"content":{"rendered":"<p>Caracas, 13 de abril del 2019.- Atendiendo la agenda de movilizaci\u00f3n permanente de las fuerzas revolucionarias durante el abril de independencia, la fuerza laboral del Ministerio del Poder Popular para el Proceso Social del Trabajo (Mpppst), pueblo y juventud venezolana march\u00f3 este s\u00e1bado, en conmemoraci\u00f3n de los 17 a\u00f1os de la conspiraci\u00f3n golpista de abril del 2002 y D\u00eda de la Milicia Bolivariana.<\/p>\n<p>La impresionante movilizaci\u00f3n inici\u00f3 en los alrededores de Plaza Caracas junto al representante de la cartera del Mpppst y miliciano, Eduardo Pi\u00f1ate, junto a las trabajadoras y trabajadores, y entes adscritos, quienes realizaron un recorrido al \u00a0Inces en la avenida Nueva Granada para posteriormente continuar hasta Los Pr\u00f3ceres, en Fuerte Tiuna.<\/p>\n<p>El Gobierno Bolivariano record\u00f3 el golpe de Estado en abril del 2002, contra el entonces presidente de la Rep\u00fablica Bolivariana de Venezuela Hugo Rafael Ch\u00e1vez Fr\u00edas, por parte de la oligarqu\u00eda interna, y aquellos momentos cuando el pueblo sali\u00f3 a las calles y rescat\u00f3 al Comandante supremo de la revoluci\u00f3n.<\/p>\n<p>El 13 de abril del 2009, se decret\u00f3 el nacimiento de la Milicia Bolivariana, por disposici\u00f3n del presidente Hugo Ch\u00e1vez, en honor a mujeres y hombres combatientes, que lograron la restituci\u00f3n del hilo constitucional.<\/p>\n<p>La Milicia es un complemento de apoyo a las Fuerzas Armadas Nacional Bolivariana, integrada por civiles voluntarios que participan, con el objetivo de defender la patria, su preparaci\u00f3n es con el fin de contribuir con el mantenimiento del orden interno, seguridad, defensa y desarrollo integral de la naci\u00f3n y actualmente existen m\u00e1s de dos millones cien mil milicianos en el territorio nacional.<\/p>\n<p>Por otra parte, durante la intervenci\u00f3n, desde la tarima ubicada en la avenida Nueva Granada, el Ministro del Poder Popular para el Proceso Social de Trabajo, Eduardo Pi\u00f1ate mencion\u00f3 \u201cun d\u00eda como hoy el pueblo en rebeli\u00f3n popular derrot\u00f3 al imperialismo, el pueblo venezolano y los trabajadores cada vez luchan contra el imperialismo y el capitalismo, y han sido 17 a\u00f1os de luchas\u201d.<\/p>\n<p>\u201cHemos derrotado cada intento del imperialismo para destruir la revoluci\u00f3n, el sue\u00f1o de Bol\u00edvar, y de Ch\u00e1vez, el proyecto bolivariano, han intentado cotizar la vida de nuestro pueblo con intentos de asesinar al jefe de estado, vulnerar las fronteras del pa\u00eds, el sabotaje el\u00e9ctrico para afectar la paz y vida de nuestra patria,(&#8230;) y creyeron que con todo eso, nuestro pueblo se iba lanzar contra el gobierno, pero resulta, que nuestro pueblo ha salido a las calles a defender el socialismo bolivariano\u201d manifest\u00f3 el ministro Eduardo Pi\u00f1ate.<\/p>\n<p>Periodista: Mar\u00eda del Mar Rengifo<\/p>\n<p><a href=\"http:\/\/www.mpppst.gob.ve\/mpppstweb\/wp-content\/uploads\/2019\/04\/nuecc.jpg\"><img decoding=\"async\" loading=\"lazy\" class=\"alignnone size-medium wp-image-16036\" src=\"http:\/\/www.mpppst.gob.ve\/mpppstweb\/wp-content\/uploads\/2019\/04\/nuecc-300x200.jpg\" alt=\"\" width=\"300\" height=\"200\" srcset=\"https:\/\/www.mpppst.gob.ve\/mpppstweb\/wp-content\/uploads\/2019\/04\/nuecc-300x200.jpg 300w, https:\/\/www.mpppst.gob.ve\/mpppstweb\/wp-content\/uploads\/2019\/04\/nuecc-768x511.jpg 768w, https:\/\/www.mpppst.gob.ve\/mpppstweb\/wp-content\/uploads\/2019\/04\/nuecc.jpg 968w\" sizes=\"(max-width: 300px) 100vw, 300px\" \/><\/a> <a href=\"http:\/\/www.mpppst.gob.ve\/mpppstweb\/wp-content\/uploads\/2019\/04\/cvfr.jpg\"><img decoding=\"async\" loading=\"lazy\" class=\"alignnone size-medium wp-image-16037\" src=\"http:\/\/www.mpppst.gob.ve\/mpppstweb\/wp-content\/uploads\/2019\/04\/cvfr-300x200.jpg\" alt=\"\" width=\"300\" height=\"200\" srcset=\"https:\/\/www.mpppst.gob.ve\/mpppstweb\/wp-content\/uploads\/2019\/04\/cvfr-300x200.jpg 300w, https:\/\/www.mpppst.gob.ve\/mpppstweb\/wp-content\/uploads\/2019\/04\/cvfr-768x511.jpg 768w, https:\/\/www.mpppst.gob.ve\/mpppstweb\/wp-content\/uploads\/2019\/04\/cvfr.jpg 968w\" sizes=\"(max-width: 300px) 100vw, 300px\" \/><\/a><\/p>\n<p><a href=\"http:\/\/www.mpppst.gob.ve\/mpppstweb\/wp-content\/uploads\/2019\/04\/vbnh.jpg\"><img decoding=\"async\" loading=\"lazy\" class=\"alignnone size-medium wp-image-16039\" src=\"http:\/\/www.mpppst.gob.ve\/mpppstweb\/wp-content\/uploads\/2019\/04\/vbnh-300x200.jpg\" alt=\"\" width=\"300\" height=\"200\" srcset=\"https:\/\/www.mpppst.gob.ve\/mpppstweb\/wp-content\/uploads\/2019\/04\/vbnh-300x200.jpg 300w, https:\/\/www.mpppst.gob.ve\/mpppstweb\/wp-content\/uploads\/2019\/04\/vbnh-768x511.jpg 768w, https:\/\/www.mpppst.gob.ve\/mpppstweb\/wp-content\/uploads\/2019\/04\/vbnh.jpg 968w\" sizes=\"(max-width: 300px) 100vw, 300px\" \/>\u00a0<\/a><\/p>\n<p>&nbsp;<\/p>\n<p>&nbsp;<\/p>\n","protected":false},"excerpt":{"rendered":"<p>Caracas, 13 de abril del 2019.- Atendiendo la agenda de movilizaci\u00f3n permanente de las fuerzas revolucionarias &hellip; <a title=\"17 a\u00f1os del abril rebelde y d\u00eda de la Milicia Bolivariana\" class=\"hm-read-more\" href=\"https:\/\/www.mpppst.gob.ve\/mpppstweb\/index.php\/2019\/04\/14\/17-anos-del-abril-rebelde-y-dia-de-la-milicia-bolivariana\/\"><span class=\"screen-reader-text\">17 a\u00f1os del abril rebelde y d\u00eda de la Milicia Bolivariana<\/span>Read more<\/a><\/p>\n","protected":false},"author":25,"featured_media":16034,"comment_status":"closed","ping_status":"closed","sticky":false,"template":"","format":"standard","meta":{"footnotes":""},"categories":[82,163],"tags":[229,225,222,223,240,345],"yoast_head":"<!-- This site is optimized with the Yoast SEO plugin v22.5 - https:\/\/yoast.com\/wordpress\/plugins\/seo\/ -->\n<title>17 a\u00f1os del abril rebelde y d\u00eda de la Milicia Bolivariana - MPPPST<\/title>\n<meta name=\"robots\" content=\"index, follow, max-snippet:-1, max-image-preview:large, max-video-preview:-1\" \/>\n<link rel=\"canonical\" href=\"https:\/\/www.mpppst.gob.ve\/mpppstweb\/index.php\/2019\/04\/14\/17-anos-del-abril-rebelde-y-dia-de-la-milicia-bolivariana\/\" \/>\n<meta property=\"og:locale\" content=\"es_ES\" \/>\n<meta property=\"og:type\" content=\"article\" \/>\n<meta property=\"og:title\" content=\"17 a\u00f1os del abril rebelde y d\u00eda de la Milicia Bolivariana - MPPPST\" \/>\n<meta property=\"og:description\" content=\"Caracas, 13 de abril del 2019.- Atendiendo la agenda de movilizaci\u00f3n permanente de las fuerzas revolucionarias &hellip; 17 a\u00f1os del abril rebelde y d\u00eda de la Milicia BolivarianaRead more\" \/>\n<meta property=\"og:url\" content=\"https:\/\/www.mpppst.gob.ve\/mpppstweb\/index.php\/2019\/04\/14\/17-anos-del-abril-rebelde-y-dia-de-la-milicia-bolivariana\/\" \/>\n<meta property=\"og:site_name\" content=\"MPPPST\" \/>\n<meta property=\"article:published_time\" content=\"2019-04-14T21:42:38+00:00\" \/>\n<meta property=\"article:modified_time\" content=\"2019-04-23T00:42:10+00:00\" \/>\n<meta property=\"og:image\" content=\"https:\/\/www.mpppst.gob.ve\/mpppstweb\/wp-content\/uploads\/2019\/04\/pina.jpg\" \/>\n\t<meta property=\"og:image:width\" content=\"968\" \/>\n\t<meta property=\"og:image:height\" content=\"644\" \/>\n\t<meta property=\"og:image:type\" content=\"image\/jpeg\" \/>\n<meta name=\"author\" content=\"MPPPST Prensa\" \/>\n<meta name=\"twitter:card\" content=\"summary_large_image\" \/>\n<meta name=\"twitter:label1\" content=\"Escrito por\" \/>\n\t<meta name=\"twitter:data1\" content=\"MPPPST Prensa\" \/>\n\t<meta name=\"twitter:label2\" content=\"Tiempo de lectura\" \/>\n\t<meta name=\"twitter:data2\" content=\"2 minutos\" \/>\n<script type=\"application\/ld+json\" class=\"yoast-schema-graph\">{\"@context\":\"https:\/\/schema.org\",\"@graph\":[{\"@type\":\"Article\",\"@id\":\"https:\/\/www.mpppst.gob.ve\/mpppstweb\/index.php\/2019\/04\/14\/17-anos-del-abril-rebelde-y-dia-de-la-milicia-bolivariana\/#article\",\"isPartOf\":{\"@id\":\"https:\/\/www.mpppst.gob.ve\/mpppstweb\/index.php\/2019\/04\/14\/17-anos-del-abril-rebelde-y-dia-de-la-milicia-bolivariana\/\"},\"author\":{\"name\":\"MPPPST Prensa\",\"@id\":\"https:\/\/www.mpppst.gob.ve\/mpppstweb\/#\/schema\/person\/fc187ee8ead412bd4c9304b62f900ea4\"},\"headline\":\"17 a\u00f1os del abril rebelde y d\u00eda de la Milicia Bolivariana\",\"datePublished\":\"2019-04-14T21:42:38+00:00\",\"dateModified\":\"2019-04-23T00:42:10+00:00\",\"mainEntityOfPage\":{\"@id\":\"https:\/\/www.mpppst.gob.ve\/mpppstweb\/index.php\/2019\/04\/14\/17-anos-del-abril-rebelde-y-dia-de-la-milicia-bolivariana\/\"},\"wordCount\":455,\"publisher\":{\"@id\":\"https:\/\/www.mpppst.gob.ve\/mpppstweb\/#organization\"},\"image\":{\"@id\":\"https:\/\/www.mpppst.gob.ve\/mpppstweb\/index.php\/2019\/04\/14\/17-anos-del-abril-rebelde-y-dia-de-la-milicia-bolivariana\/#primaryimage\"},\"thumbnailUrl\":\"https:\/\/www.mpppst.gob.ve\/mpppstweb\/wp-content\/uploads\/2019\/04\/pina.jpg\",\"keywords\":[\"Defensa Integral\",\"Fuerza Laboral\",\"Gobierno Bolivariano\",\"MPPPST\",\"Participaci\u00f3n popular y protag\u00f3nica\",\"Trabajadores\"],\"articleSection\":[\"Gobierno Nacional\",\"Noticias\"],\"inLanguage\":\"es\"},{\"@type\":\"WebPage\",\"@id\":\"https:\/\/www.mpppst.gob.ve\/mpppstweb\/index.php\/2019\/04\/14\/17-anos-del-abril-rebelde-y-dia-de-la-milicia-bolivariana\/\",\"url\":\"https:\/\/www.mpppst.gob.ve\/mpppstweb\/index.php\/2019\/04\/14\/17-anos-del-abril-rebelde-y-dia-de-la-milicia-bolivariana\/\",\"name\":\"17 a\u00f1os del abril rebelde y d\u00eda de la Milicia Bolivariana - MPPPST\",\"isPartOf\":{\"@id\":\"https:\/\/www.mpppst.gob.ve\/mpppstweb\/#website\"},\"primaryImageOfPage\":{\"@id\":\"https:\/\/www.mpppst.gob.ve\/mpppstweb\/index.php\/2019\/04\/14\/17-anos-del-abril-rebelde-y-dia-de-la-milicia-bolivariana\/#primaryimage\"},\"image\":{\"@id\":\"https:\/\/www.mpppst.gob.ve\/mpppstweb\/index.php\/2019\/04\/14\/17-anos-del-abril-rebelde-y-dia-de-la-milicia-bolivariana\/#primaryimage\"},\"thumbnailUrl\":\"https:\/\/www.mpppst.gob.ve\/mpppstweb\/wp-content\/uploads\/2019\/04\/pina.jpg\",\"datePublished\":\"2019-04-14T21:42:38+00:00\",\"dateModified\":\"2019-04-23T00:42:10+00:00\",\"breadcrumb\":{\"@id\":\"https:\/\/www.mpppst.gob.ve\/mpppstweb\/index.php\/2019\/04\/14\/17-anos-del-abril-rebelde-y-dia-de-la-milicia-bolivariana\/#breadcrumb\"},\"inLanguage\":\"es\",\"potentialAction\":[{\"@type\":\"ReadAction\",\"target\":[\"https:\/\/www.mpppst.gob.ve\/mpppstweb\/index.php\/2019\/04\/14\/17-anos-del-abril-rebelde-y-dia-de-la-milicia-bolivariana\/\"]}]},{\"@type\":\"ImageObject\",\"inLanguage\":\"es\",\"@id\":\"https:\/\/www.mpppst.gob.ve\/mpppstweb\/index.php\/2019\/04\/14\/17-anos-del-abril-rebelde-y-dia-de-la-milicia-bolivariana\/#primaryimage\",\"url\":\"https:\/\/www.mpppst.gob.ve\/mpppstweb\/wp-content\/uploads\/2019\/04\/pina.jpg\",\"contentUrl\":\"https:\/\/www.mpppst.gob.ve\/mpppstweb\/wp-content\/uploads\/2019\/04\/pina.jpg\",\"width\":968,\"height\":644},{\"@type\":\"BreadcrumbList\",\"@id\":\"https:\/\/www.mpppst.gob.ve\/mpppstweb\/index.php\/2019\/04\/14\/17-anos-del-abril-rebelde-y-dia-de-la-milicia-bolivariana\/#breadcrumb\",\"itemListElement\":[{\"@type\":\"ListItem\",\"position\":1,\"name\":\"Home\",\"item\":\"https:\/\/www.mpppst.gob.ve\/mpppstweb\/\"},{\"@type\":\"ListItem\",\"position\":2,\"name\":\"17 a\u00f1os del abril rebelde y d\u00eda de la Milicia Bolivariana\"}]},{\"@type\":\"WebSite\",\"@id\":\"https:\/\/www.mpppst.gob.ve\/mpppstweb\/#website\",\"url\":\"https:\/\/www.mpppst.gob.ve\/mpppstweb\/\",\"name\":\"MPPPST\",\"description\":\"Ministerio del Poder Popular para el Proceso Social de Trabajo\",\"publisher\":{\"@id\":\"https:\/\/www.mpppst.gob.ve\/mpppstweb\/#organization\"},\"potentialAction\":[{\"@type\":\"SearchAction\",\"target\":{\"@type\":\"EntryPoint\",\"urlTemplate\":\"https:\/\/www.mpppst.gob.ve\/mpppstweb\/?s={search_term_string}\"},\"query-input\":\"required name=search_term_string\"}],\"inLanguage\":\"es\"},{\"@type\":\"Organization\",\"@id\":\"https:\/\/www.mpppst.gob.ve\/mpppstweb\/#organization\",\"name\":\"mpppst\",\"url\":\"https:\/\/www.mpppst.gob.ve\/mpppstweb\/\",\"logo\":{\"@type\":\"ImageObject\",\"inLanguage\":\"es\",\"@id\":\"https:\/\/www.mpppst.gob.ve\/mpppstweb\/#\/schema\/logo\/image\/\",\"url\":\"https:\/\/www.mpppst.gob.ve\/mpppstweb\/wp-content\/uploads\/2025\/07\/cropped-cropped-g910.png\",\"contentUrl\":\"https:\/\/www.mpppst.gob.ve\/mpppstweb\/wp-content\/uploads\/2025\/07\/cropped-cropped-g910.png\",\"width\":1080,\"height\":241,\"caption\":\"mpppst\"},\"image\":{\"@id\":\"https:\/\/www.mpppst.gob.ve\/mpppstweb\/#\/schema\/logo\/image\/\"}},{\"@type\":\"Person\",\"@id\":\"https:\/\/www.mpppst.gob.ve\/mpppstweb\/#\/schema\/person\/fc187ee8ead412bd4c9304b62f900ea4\",\"name\":\"MPPPST Prensa\",\"url\":\"https:\/\/www.mpppst.gob.ve\/mpppstweb\/index.php\/author\/prensa-mpppst\/\"}]}<\/script>\n<!-- \/ Yoast SEO plugin. -->","yoast_head_json":{"title":"17 a\u00f1os del abril rebelde y d\u00eda de la Milicia Bolivariana - MPPPST","robots":{"index":"index","follow":"follow","max-snippet":"max-snippet:-1","max-image-preview":"max-image-preview:large","max-video-preview":"max-video-preview:-1"},"canonical":"https:\/\/www.mpppst.gob.ve\/mpppstweb\/index.php\/2019\/04\/14\/17-anos-del-abril-rebelde-y-dia-de-la-milicia-bolivariana\/","og_locale":"es_ES","og_type":"article","og_title":"17 a\u00f1os del abril rebelde y d\u00eda de la Milicia Bolivariana - MPPPST","og_description":"Caracas, 13 de abril del 2019.- Atendiendo la agenda de movilizaci\u00f3n permanente de las fuerzas revolucionarias &hellip; 17 a\u00f1os del abril rebelde y d\u00eda de la Milicia BolivarianaRead more","og_url":"https:\/\/www.mpppst.gob.ve\/mpppstweb\/index.php\/2019\/04\/14\/17-anos-del-abril-rebelde-y-dia-de-la-milicia-bolivariana\/","og_site_name":"MPPPST","article_published_time":"2019-04-14T21:42:38+00:00","article_modified_time":"2019-04-23T00:42:10+00:00","og_image":[{"width":968,"height":644,"url":"https:\/\/www.mpppst.gob.ve\/mpppstweb\/wp-content\/uploads\/2019\/04\/pina.jpg","type":"image\/jpeg"}],"author":"MPPPST Prensa","twitter_card":"summary_large_image","twitter_misc":{"Escrito por":"MPPPST Prensa","Tiempo de lectura":"2 minutos"},"schema":{"@context":"https:\/\/schema.org","@graph":[{"@type":"Article","@id":"https:\/\/www.mpppst.gob.ve\/mpppstweb\/index.php\/2019\/04\/14\/17-anos-del-abril-rebelde-y-dia-de-la-milicia-bolivariana\/#article","isPartOf":{"@id":"https:\/\/www.mpppst.gob.ve\/mpppstweb\/index.php\/2019\/04\/14\/17-anos-del-abril-rebelde-y-dia-de-la-milicia-bolivariana\/"},"author":{"name":"MPPPST Prensa","@id":"https:\/\/www.mpppst.gob.ve\/mpppstweb\/#\/schema\/person\/fc187ee8ead412bd4c9304b62f900ea4"},"headline":"17 a\u00f1os del abril rebelde y d\u00eda de la Milicia Bolivariana","datePublished":"2019-04-14T21:42:38+00:00","dateModified":"2019-04-23T00:42:10+00:00","mainEntityOfPage":{"@id":"https:\/\/www.mpppst.gob.ve\/mpppstweb\/index.php\/2019\/04\/14\/17-anos-del-abril-rebelde-y-dia-de-la-milicia-bolivariana\/"},"wordCount":455,"publisher":{"@id":"https:\/\/www.mpppst.gob.ve\/mpppstweb\/#organization"},"image":{"@id":"https:\/\/www.mpppst.gob.ve\/mpppstweb\/index.php\/2019\/04\/14\/17-anos-del-abril-rebelde-y-dia-de-la-milicia-bolivariana\/#primaryimage"},"thumbnailUrl":"https:\/\/www.mpppst.gob.ve\/mpppstweb\/wp-content\/uploads\/2019\/04\/pina.jpg","keywords":["Defensa Integral","Fuerza Laboral","Gobierno Bolivariano","MPPPST","Participaci\u00f3n popular y protag\u00f3nica","Trabajadores"],"articleSection":["Gobierno Nacional","Noticias"],"inLanguage":"es"},{"@type":"WebPage","@id":"https:\/\/www.mpppst.gob.ve\/mpppstweb\/index.php\/2019\/04\/14\/17-anos-del-abril-rebelde-y-dia-de-la-milicia-bolivariana\/","url":"https:\/\/www.mpppst.gob.ve\/mpppstweb\/index.php\/2019\/04\/14\/17-anos-del-abril-rebelde-y-dia-de-la-milicia-bolivariana\/","name":"17 a\u00f1os del abril rebelde y d\u00eda de la Milicia Bolivariana - MPPPST","isPartOf":{"@id":"https:\/\/www.mpppst.gob.ve\/mpppstweb\/#website"},"primaryImageOfPage":{"@id":"https:\/\/www.mpppst.gob.ve\/mpppstweb\/index.php\/2019\/04\/14\/17-anos-del-abril-rebelde-y-dia-de-la-milicia-bolivariana\/#primaryimage"},"image":{"@id":"https:\/\/www.mpppst.gob.ve\/mpppstweb\/index.php\/2019\/04\/14\/17-anos-del-abril-rebelde-y-dia-de-la-milicia-bolivariana\/#primaryimage"},"thumbnailUrl":"https:\/\/www.mpppst.gob.ve\/mpppstweb\/wp-content\/uploads\/2019\/04\/pina.jpg","datePublished":"2019-04-14T21:42:38+00:00","dateModified":"2019-04-23T00:42:10+00:00","breadcrumb":{"@id":"https:\/\/www.mpppst.gob.ve\/mpppstweb\/index.php\/2019\/04\/14\/17-anos-del-abril-rebelde-y-dia-de-la-milicia-bolivariana\/#breadcrumb"},"inLanguage":"es","potentialAction":[{"@type":"ReadAction","target":["https:\/\/www.mpppst.gob.ve\/mpppstweb\/index.php\/2019\/04\/14\/17-anos-del-abril-rebelde-y-dia-de-la-milicia-bolivariana\/"]}]},{"@type":"ImageObject","inLanguage":"es","@id":"https:\/\/www.mpppst.gob.ve\/mpppstweb\/index.php\/2019\/04\/14\/17-anos-del-abril-rebelde-y-dia-de-la-milicia-bolivariana\/#primaryimage","url":"https:\/\/www.mpppst.gob.ve\/mpppstweb\/wp-content\/uploads\/2019\/04\/pina.jpg","contentUrl":"https:\/\/www.mpppst.gob.ve\/mpppstweb\/wp-content\/uploads\/2019\/04\/pina.jpg","width":968,"height":644},{"@type":"BreadcrumbList","@id":"https:\/\/www.mpppst.gob.ve\/mpppstweb\/index.php\/2019\/04\/14\/17-anos-del-abril-rebelde-y-dia-de-la-milicia-bolivariana\/#breadcrumb","itemListElement":[{"@type":"ListItem","position":1,"name":"Home","item":"https:\/\/www.mpppst.gob.ve\/mpppstweb\/"},{"@type":"ListItem","position":2,"name":"17 a\u00f1os del abril rebelde y d\u00eda de la Milicia Bolivariana"}]},{"@type":"WebSite","@id":"https:\/\/www.mpppst.gob.ve\/mpppstweb\/#website","url":"https:\/\/www.mpppst.gob.ve\/mpppstweb\/","name":"MPPPST","description":"Ministerio del Poder Popular para el Proceso Social de Trabajo","publisher":{"@id":"https:\/\/www.mpppst.gob.ve\/mpppstweb\/#organization"},"potentialAction":[{"@type":"SearchAction","target":{"@type":"EntryPoint","urlTemplate":"https:\/\/www.mpppst.gob.ve\/mpppstweb\/?s={search_term_string}"},"query-input":"required name=search_term_string"}],"inLanguage":"es"},{"@type":"Organization","@id":"https:\/\/www.mpppst.gob.ve\/mpppstweb\/#organization","name":"mpppst","url":"https:\/\/www.mpppst.gob.ve\/mpppstweb\/","logo":{"@type":"ImageObject","inLanguage":"es","@id":"https:\/\/www.mpppst.gob.ve\/mpppstweb\/#\/schema\/logo\/image\/","url":"https:\/\/www.mpppst.gob.ve\/mpppstweb\/wp-content\/uploads\/2025\/07\/cropped-cropped-g910.png","contentUrl":"https:\/\/www.mpppst.gob.ve\/mpppstweb\/wp-content\/uploads\/2025\/07\/cropped-cropped-g910.png","width":1080,"height":241,"caption":"mpppst"},"image":{"@id":"https:\/\/www.mpppst.gob.ve\/mpppstweb\/#\/schema\/logo\/image\/"}},{"@type":"Person","@id":"https:\/\/www.mpppst.gob.ve\/mpppstweb\/#\/schema\/person\/fc187ee8ead412bd4c9304b62f900ea4","name":"MPPPST Prensa","url":"https:\/\/www.mpppst.gob.ve\/mpppstweb\/index.php\/author\/prensa-mpppst\/"}]}},"_links":{"self":[{"href":"https:\/\/www.mpppst.gob.ve\/mpppstweb\/index.php\/wp-json\/wp\/v2\/posts\/16033"}],"collection":[{"href":"https:\/\/www.mpppst.gob.ve\/mpppstweb\/index.php\/wp-json\/wp\/v2\/posts"}],"about":[{"href":"https:\/\/www.mpppst.gob.ve\/mpppstweb\/index.php\/wp-json\/wp\/v2\/types\/post"}],"author":[{"embeddable":true,"href":"https:\/\/www.mpppst.gob.ve\/mpppstweb\/index.php\/wp-json\/wp\/v2\/users\/25"}],"replies":[{"embeddable":true,"href":"https:\/\/www.mpppst.gob.ve\/mpppstweb\/index.php\/wp-json\/wp\/v2\/comments?post=16033"}],"version-history":[{"count":4,"href":"https:\/\/www.mpppst.gob.ve\/mpppstweb\/index.php\/wp-json\/wp\/v2\/posts\/16033\/revisions"}],"predecessor-version":[{"id":16055,"href":"https:\/\/www.mpppst.gob.ve\/mpppstweb\/index.php\/wp-json\/wp\/v2\/posts\/16033\/revisions\/16055"}],"wp:featuredmedia":[{"embeddable":true,"href":"https:\/\/www.mpppst.gob.ve\/mpppstweb\/index.php\/wp-json\/wp\/v2\/media\/16034"}],"wp:attachment":[{"href":"https:\/\/www.mpppst.gob.ve\/mpppstweb\/index.php\/wp-json\/wp\/v2\/media?parent=16033"}],"wp:term":[{"taxonomy":"category","embeddable":true,"href":"https:\/\/www.mpppst.gob.ve\/mpppstweb\/index.php\/wp-json\/wp\/v2\/categories?post=16033"},{"taxonomy":"post_tag","embeddable":true,"href":"https:\/\/www.mpppst.gob.ve\/mpppstweb\/index.php\/wp-json\/wp\/v2\/tags?post=16033"}],"curies":[{"name":"wp","href":"https:\/\/api.w.org\/{rel}","templated":true}]}}