{"id":16048,"date":"2019-04-16T10:22:56","date_gmt":"2019-04-16T14:22:56","guid":{"rendered":"http:\/\/www.mpppst.gob.ve\/mpppstweb\/?p=16048"},"modified":"2019-04-16T10:22:56","modified_gmt":"2019-04-16T14:22:56","slug":"eduardo-pinate-cuando-la-revolucion-se-ve-amenazada-se-vuelve-indestructible","status":"publish","type":"post","link":"https:\/\/www.mpppst.gob.ve\/mpppstweb\/index.php\/2019\/04\/16\/eduardo-pinate-cuando-la-revolucion-se-ve-amenazada-se-vuelve-indestructible\/","title":{"rendered":"Eduardo Pi\u00f1ate \u00abCuando la revoluci\u00f3n se ve amenazada se vuelve indestructible\u00bb"},"content":{"rendered":"<p>Diario 4F &#8211; Venezuela, 05 al 12 de abril de 2019 a\u00f1o 4 N\u00ba 202<\/p>\n<p>Geraldina Colotti<\/p>\n<p>Es un dirigente que no se escatima, Eduardo Pi\u00f1ate. Fuerte y tranquilo, se siente c\u00f3modo tanto en el fuego de la lucha de masas (como sucedi\u00f3 en la frontera con Colombia en la \u00abbatalla de los puentes\u201d del 23 de febrero), tanto en la direcci\u00f3n pol\u00edtica del partido (es secretario ejecutivo de la presidencia del PSUV y vicepresidente territorial del partido), tanto a la cabeza de un ministerio crucial como el del Poder Popular para el Proceso Social del Trabajo. Nos reunimos con \u00e9l en Caracas, en la sede del MPPPST, en medio del sabotaje el\u00e9ctrico que intent\u00f3 poner al pa\u00eds de rodillas, dejando a Venezuela en la oscuridad, sin agua, sin transporte y sin comunicaciones.<\/p>\n<p><strong>&#8211; El imperialismo se quit\u00f3 la m\u00e1scara y tom\u00f3 el campo directamente. \u00bfCu\u00e1les son las contramedidas? <\/strong><\/p>\n<p>&#8211; Desde noviembre del a\u00f1o pasado, el enemigo se lanz\u00f3 a la ofensiva al intensificar la acci\u00f3n militar y terrorista. Hemos desmantelado el golpe de estado previsto para este 23 de enero, que ten\u00eda como objetivo socavar la integridad territorial. Un intento repetido un mes despu\u00e9s, el 23 de febrero, con lo que en T\u00e1chira llamamos \u00abla batalla de los puentes\u00bb, las luchas fronterizas con las que rechazamos una agresi\u00f3n armada disfrazada de \u00abayuda humanitaria\u00bb. Ganamos y el imperialismo tambi\u00e9n fue derrotado diplom\u00e1ticamente, con una votaci\u00f3n en el Consejo de Seguridad de la ONU. Este tipo de sabotaje el\u00e9ctrico es quiz\u00e1s la operaci\u00f3n terrorista de mayor impacto negativo en la sociedad venezolana desde 2002, cuando de hecho nos hab\u00edan quitado el poder con un golpe de estado. Superior incluso al sabotaje petrolero de 2002- 2003. Estamos sufriendo p\u00e9rdidas millonarias. Contra nosotros, han experimentado muchas variaciones de guerras no convencionales, comenzando con las \u00abrevoluciones de color\u00bb y el famoso manual de Jene Sharp. Con el sabotaje el\u00e9ctrico, ahora est\u00e1n aplicando la teor\u00eda del \u00abcaos constructivo\u00bb, para destruir el Estado y comenzar a construir otro basado en los intereses imperialistas. Pero siempre hay una variaci\u00f3n que el imperialismo y las oligarqu\u00edas que lo representan subestiman: el pueblo consciente, que ha reaccionado con fuerza y determinaci\u00f3n ante un sabotaje el\u00e9ctrico que ha afectado de manera transversal la vida de la poblaci\u00f3n: agua potable, distribuci\u00f3n de alimentos, sistema de salud, educaci\u00f3n&#8230; Para construir una econom\u00eda productiva diversificada, necesitamos un gran suministro de energ\u00eda. Para superar el modelo petrolero, debemos producir un mill\u00f3n de barriles m\u00e1s, el objetivo de nuestra primera micromisi\u00f3n. El sabotaje el\u00e9ctrico apunta a golpear el coraz\u00f3n de la econom\u00eda del pa\u00eds, por lo que estoy hablando de p\u00e9rdidas millonarias. Una estrategia que, sin embargo, ha chocado con la resistencia popular que no ha permitido la caotizaci\u00f3n de la sociedad: porque puedes sobrevivir tres d\u00edas sin luz, pero sin agua es mucho m\u00e1s dif\u00edcil. Sin embargo, se ha impuesto la conciencia, la disciplina y la confianza que nuestro pueblo tiene en s\u00ed mismo y en la direcci\u00f3n pol\u00edtica de la revoluci\u00f3n bolivariana, que la acompa\u00f1a constantemente. Si hay algo que caracteriza a nuestra revoluci\u00f3n, primero con Ch\u00e1vez y ahora con Maduro, es la certeza de que el partido y el gobierno siempre caminan juntos con el pueblo, incluso m\u00e1s en tiempos de dificultad. Hemos visto la reacci\u00f3n heroica de toda la clase trabajadora: del sector el\u00e9ctrico, de los petroleros, del sector hidrol\u00f3gico, de la salud, del transporte. Tambi\u00e9n hemos sumado esta victoria a las obtenidas en estos veinte a\u00f1os, y estamos orgullosos de ellas. Todav\u00eda sabemos que el imperialismo no se detendr\u00e1 y que debemos estar listos para luchar y volver a ganar. No podemos rendirnos.<\/p>\n<p><strong>\u00a0&#8211; Cuba ha resistido durante sesenta a\u00f1os porque ha ilegalizado a la burgues\u00eda a trav\u00e9s de una revoluci\u00f3n. \u00bfC\u00f3mo se puede construir el socialismo teniendo poderosas fuerzas adentro que est\u00e1n dedicadas a sabotear cada proyecto?<\/strong><\/p>\n<p>&#8211; Hasta ahora, nuestro pueblo no se ha cansado, y es capaz de recuperarse con el mismo esp\u00edritu que evoc\u00f3 el Che en el libro \u00abEl socialismo y el hombre\u00bb hablando de la actitud heroica que debe asumirse tambi\u00e9n en la vida cotidiana. Pens\u00e9 en ello mientras observaba a Caracas inmersa en la oscuridad. Pens\u00e9 en ello al participar en la extraordinaria marcha antiimperialista que tuvo lugar en la capital el 9 de marzo, un d\u00eda despu\u00e9s del sabotaje el\u00e9ctrico. Un sabotaje que se repiti\u00f3 cuando acab\u00e1bamos de restaurar la mayor parte del servicio de electricidad. Nos hemos recuperado. Hay similitudes entre nuestra revoluci\u00f3n y la cubana, porque las revoluciones socialistas responden en \u00faltima instancia a leyes generales, pero son dos procesos distintos. Continuamos avanzando en el camino democr\u00e1tico que hemos decidido con Ch\u00e1vez. Es un proceso participativo que se desarrolla en un debate permanente y en una construcci\u00f3n colectiva, que se inventa constantemente. Nuestro compa\u00f1ero Soto Roja lo llama \u00abel desorden creativo de la revoluci\u00f3n\u00bb. Implica un constante cuestionamiento de las acciones de uno y un an\u00e1lisis de sus errores. En 2015 perdimos las elecciones para el Parlamento, el segundo poder del estado. Perdimos por la guerra econ\u00f3mica, pero tambi\u00e9n por nuestros errores. Como dijo el presidente Maduro, la guerra econ\u00f3mica se estaba manifestando a trav\u00e9s de las colas, que nosotros no hemos visto. Pero hemos tomado la iniciativa pol\u00edtica revolucionaria. Por eso no pudieron imponernos su agenda de guerra. Somos un pueblo pac\u00edfico, alegre y hospitalario, pero sabemos c\u00f3mo luchar cuando es necesario. Y estamos luchando por la paz. Estamos tratando de convertir el socialismo siendo en una econom\u00eda de guerra, asumiendo el desaf\u00edo constante con el imperialismo. La nuestra es una econom\u00eda monopol\u00edstica, que heredamos del capitalismo. Ni la primera ni el segundo pueden ser abolidos por decreto, sino en un proceso constante de deconstrucci\u00f3n y construcci\u00f3n. Nuestro proyecto contempla la convivencia de la propiedad privada y la propiedad mixta. Cu\u00e1nto tiempo coexistir\u00e1n depender\u00e1 de las condiciones objetivas. Nuestro modelo no es enemigo de la propiedad privada, sino de los latifundios y el monopolio, que est\u00e1n prohibidos por la constituci\u00f3n. En este per\u00edodo en el que necesitamos una entrada masiva de recursos, la propiedad privada no solo se permite, sino que se estimula. En la ANC se llev\u00f3 a cabo un animado debate sobre la ley de inversiones productivas extranjeras, sin perjuicio por la defensa de nuestra soberan\u00eda nacional. Una ley que no est\u00e1 hecha para atraer empresas comunistas sino capitalistas, para atraer capital tomando diariamente la tensi\u00f3n entre los intereses de la empresa y los del trabajo.<\/p>\n<p><strong>&#8211; Seg\u00fan algunos de los que se dicen m\u00e1s chavistas que Ch\u00e1vez, hay sindicalistas en prisi\u00f3n. \u00bfEs verdad? <\/strong><\/p>\n<p>&#8211; Muchos de nosotros hemos sido l\u00edderes sindicales en varias ocasiones. No hay personas en prisi\u00f3n por razones pol\u00edticas o por luchas de categor\u00eda, sino por actos delictivos, de sabotaje a la producci\u00f3n de empresas estrat\u00e9gicas: por estar al servicio del imperialismo. La Central Bolivariana de Trabajadores Socialistas tiene 19 federaciones nacionales, alrededor de 1500 sindicatos, y luego hay m\u00e1s de 1000 consejos de trabajadores, comit\u00e9s de prevenci\u00f3n. Un verdadero ej\u00e9rcito que representa la gran fuerza de trabajo en Venezuela. Cuando el autoproclamado anunci\u00f3 huelgas escalonadas para una huelga general, durante una rueda de prensa present\u00e9 a los l\u00edderes sindicales uno por uno.<\/p>\n<p style=\"text-align: center;\"><strong>El conflicto geopol\u00edtico que vemos configurado a nivel mundial es la expresi\u00f3n concreta de la lucha de clases tal como aparece hoy. Las nuevas econom\u00edas emergentes que prefiguran un mundo multipolar socavan la hegemon\u00eda estadounidense en el contexto de un capitalismo en crisis estructural que pone en peligro la existencia misma del planeta.<\/strong><\/p>\n<p><strong>&#8211; Recientemente, el presidente Maduro se\u00f1al\u00f3 la corrupci\u00f3n como uno de los principales obst\u00e1culos. Un obst\u00e1culo que la derecha utiliza para comprar deserciones y traiciones, incluso en la FANB. \u00bfC\u00f3mo se est\u00e1 abordando este problema?<\/strong><\/p>\n<p>-En la d\u00e9cada de 1990, algunos l\u00edderes de la Liga Socialista, como Soto Roja y Nora Casta\u00f1eda, consideraron la propagaci\u00f3n de la corrupci\u00f3n como una de las formas de acumulaci\u00f3n originaria del capital. Un legado del pasado colonial, importado de la dominaci\u00f3n espa\u00f1ola. En el proceso bolivariano, la corrupci\u00f3n no alcanz\u00f3 esos niveles, pero debe combatirse sin descanso. El presidente ha se\u00f1alado tres l\u00edneas fundamentales: recuperaci\u00f3n econ\u00f3mica, defensa integral de la naci\u00f3n y la lucha contra la corrupci\u00f3n, la burocratizaci\u00f3n, la negligencia y el minimalismo. \u00bfC\u00f3mo? Combinando un conjunto de factores que se relacionan con la claridad pol\u00edtica, los valores, la batalla de ideas. Una batalla que el partido debe asumir recordando la cr\u00edtica de Marx a la mercantilizaci\u00f3n de la vida. Debemos desarrollar valores alternativos de responsabilidad, deber social, un sentido del colectivo como forma de prevenci\u00f3n. El otro elemento, MEMORIA 13 sin embargo, es el coercitivo, la carga de la ley debe recaer en el corrupto, como ya est\u00e1 sucediendo, ya que ex ministros, gobernadores, alcaldes y funcionarios han ido a prisi\u00f3n. Y debemos avanzar con decisi\u00f3n, desafortunadamente, la corrupci\u00f3n tambi\u00e9n ha permeado a sectores del proletariado.<\/p>\n<p><strong>\u00a0&#8211; Estados Unidos reiter\u00f3 que apunta al colapso de la econom\u00eda venezolana y anunci\u00f3 nuevas sanciones. \u00bfCu\u00e1les son los escenarios?<\/strong><\/p>\n<p>&#8211; Discutimos esto en la direcci\u00f3n del partido. Habr\u00e1 una intensificaci\u00f3n de la guerra econ\u00f3mica, del sabotaje, el intento de crear un ej\u00e9rcito de mercenarios para ser usado contra l\u00edderes pol\u00edticos y militares. Hemos aumentado la vigilancia y la actividad de inteligencia. La derecha interna tiene poco margen de maniobra en el terreno pol\u00edtico, una capacidad de movilizaci\u00f3n muy baja que est\u00e1 disminuyendo. El autoproclamado es como la espuma, que se eleva y luego se desinfla cada vez m\u00e1s. Por esta raz\u00f3n deben dejar que Trump y sus Bolton, Pompeyo, Rubio, salgan al campo: porque no tienen un proyecto nacional, su proyecto coincide con el del imperialismo, las multinacionales, la oligarqu\u00eda financiera transnacional y el gobierno yanqui, que es de extrema derecha. Su plan no es solo destruir a Maduro, sino a toda la naci\u00f3n. Quieren fragmentar la unidad nacional, balcanizar el pa\u00eds como lo hicieron con Yugoslavia. Sin embargo, chocan con un pueblo que no est\u00e1 dividido en facciones y que est\u00e1 profundamente cohesionado en la uni\u00f3n c\u00edvico-militar y con el socialismo bolivariano que nos ha dejado a Ch\u00e1vez. No pueden hacer lo mismo que con la Libia de Gaddafi o con el Iraq de Saddam Hussein, o con los l\u00edderes de los Balcanes en la d\u00e9cada de 1990. El imperialismo se mete en tus diferencias internas, como sucedi\u00f3 en Granada, cuando aprovech\u00f3 el golpe contra Bishop para invadir el pa\u00eds. Tambi\u00e9n en Panam\u00e1 aprovech\u00f3 la contradicci\u00f3n entre la \u00e9lite que gobern\u00f3 bajo el liderazgo de Noriega y una gran parte de la gente, para intervenir. Una situaci\u00f3n que no existe en Venezuela, por lo que sus planes fracasan.<\/p>\n<p><strong>&#8211; Venezuela se encuentra en el centro de un choque de intereses que afecta la arena pol\u00edtica a nivel internacional. \u00bfCu\u00e1l es tu an\u00e1lisis?<\/strong><\/p>\n<p>&#8211; El conflicto geopol\u00edtico que vemos configurado a nivel mundial es la expresi\u00f3n concreta de la lucha de clases tal como aparece hoy. Las nuevas econom\u00edas emergentes que prefiguran un mundo multipolar socavan la hegemon\u00eda estadounidense en el contexto de un capitalismo en crisis estructural que pone en peligro la existencia misma del planeta. El sistema de relaciones que se impuso despu\u00e9s de la Segunda Guerra Mundial experiment\u00f3 un proceso de decadencia que es evidente en el de las grandes instituciones internacionales. La Uni\u00f3n Europea, tambi\u00e9n lo hemos visto durante el ataque a Venezuela, est\u00e1 subordinada a los Estados Unidos. La contienda vuelve a ser entre socialismo y capitalismo. A nivel global, se comparan dos proyectos: la unipolaridad de aquellos que se creen los gendarme del mundo y que pueden acabar con la humanidad, y otro mundo multic\u00e9ntrico y multipolar, en el que Rusia y China frenan la arrogancia yanqui. Ch\u00e1vez tuvo el m\u00e9rito de construir alianzas estrat\u00e9gicas sur-sur, no solo con Rusia, China, India, Ir\u00e1n, sino tambi\u00e9n con nuestro Caribe para una nueva integraci\u00f3n latinoamericana. Alianzas fundamentales para este per\u00edodo de resistencia que impidieron la aplicaci\u00f3n de la Carta Interamericana en la OEA, constituyendo un primer anillo de defensa fundamental. La \u00faltima discusi\u00f3n en el Consejo de Seguridad de la ONU mostr\u00f3 la importancia de las relaciones con Rusia y China. El imperialismo yanqui se ha visto obligado a retirarse, pero sigue siendo extremadamente peligroso porque pretende recuperar la iniciativa en el continente latinoamericano, en la May\u00fascula Am\u00e9rica, como la llam\u00f3 el Che. Y la revoluci\u00f3n bolivariana es un gran obst\u00e1culo que le impide recolonizar el continente. Ciertamente, los Estados Unidos han recuperado posiciones con respecto a la ola socialista y progresista de principios de este siglo. Hoy, el regreso de un neoliberismo represivo hacia las clases populares y a\u00fan m\u00e1s subordinado al imperialismo del de los a\u00f1os setenta, est\u00e1 debilitando la Unasur, la Celac. Los apologistas del sistema capitalista hablan del fin del ciclo progresista. En cambio, comparto el an\u00e1lisis de Nicol\u00e1s Maduro: habr\u00e1 una segunda ola, m\u00e1s profunda y m\u00e1s radical, y si se atreven a golpear la revoluci\u00f3n bolivariana, todo el continente ser\u00e1 incendiado.<\/p>\n","protected":false},"excerpt":{"rendered":"<p>Diario 4F &#8211; Venezuela, 05 al 12 de abril de 2019 a\u00f1o 4 N\u00ba 202 Geraldina &hellip; <a title=\"Eduardo Pi\u00f1ate \u00abCuando la revoluci\u00f3n se ve amenazada se vuelve indestructible\u00bb\" class=\"hm-read-more\" href=\"https:\/\/www.mpppst.gob.ve\/mpppstweb\/index.php\/2019\/04\/16\/eduardo-pinate-cuando-la-revolucion-se-ve-amenazada-se-vuelve-indestructible\/\"><span class=\"screen-reader-text\">Eduardo Pi\u00f1ate \u00abCuando la revoluci\u00f3n se ve amenazada se vuelve indestructible\u00bb<\/span>Read more<\/a><\/p>\n","protected":false},"author":25,"featured_media":16049,"comment_status":"closed","ping_status":"closed","sticky":false,"template":"","format":"standard","meta":{"footnotes":""},"categories":[82,163],"tags":[222],"yoast_head":"<!-- This site is optimized with the Yoast SEO plugin v22.5 - https:\/\/yoast.com\/wordpress\/plugins\/seo\/ -->\n<title>Eduardo Pi\u00f1ate &quot;Cuando la revoluci\u00f3n se ve amenazada se vuelve indestructible&quot; - MPPPST<\/title>\n<meta name=\"robots\" content=\"index, follow, max-snippet:-1, max-image-preview:large, max-video-preview:-1\" \/>\n<link rel=\"canonical\" href=\"https:\/\/www.mpppst.gob.ve\/mpppstweb\/index.php\/2019\/04\/16\/eduardo-pinate-cuando-la-revolucion-se-ve-amenazada-se-vuelve-indestructible\/\" \/>\n<meta property=\"og:locale\" content=\"es_ES\" \/>\n<meta property=\"og:type\" content=\"article\" \/>\n<meta property=\"og:title\" content=\"Eduardo Pi\u00f1ate &quot;Cuando la revoluci\u00f3n se ve amenazada se vuelve indestructible&quot; - MPPPST\" \/>\n<meta property=\"og:description\" content=\"Diario 4F &#8211; Venezuela, 05 al 12 de abril de 2019 a\u00f1o 4 N\u00ba 202 Geraldina &hellip; Eduardo Pi\u00f1ate \u00abCuando la revoluci\u00f3n se ve amenazada se vuelve indestructible\u00bbRead more\" \/>\n<meta property=\"og:url\" content=\"https:\/\/www.mpppst.gob.ve\/mpppstweb\/index.php\/2019\/04\/16\/eduardo-pinate-cuando-la-revolucion-se-ve-amenazada-se-vuelve-indestructible\/\" \/>\n<meta property=\"og:site_name\" content=\"MPPPST\" \/>\n<meta property=\"article:published_time\" content=\"2019-04-16T14:22:56+00:00\" \/>\n<meta property=\"og:image\" content=\"https:\/\/www.mpppst.gob.ve\/mpppstweb\/wp-content\/uploads\/2019\/04\/Eduardo-Pi\u00f1ate.jpg\" \/>\n\t<meta property=\"og:image:width\" content=\"1320\" \/>\n\t<meta property=\"og:image:height\" content=\"880\" \/>\n\t<meta property=\"og:image:type\" content=\"image\/jpeg\" \/>\n<meta name=\"author\" content=\"MPPPST Prensa\" \/>\n<meta name=\"twitter:card\" content=\"summary_large_image\" \/>\n<meta name=\"twitter:label1\" content=\"Escrito por\" \/>\n\t<meta name=\"twitter:data1\" content=\"MPPPST Prensa\" \/>\n\t<meta name=\"twitter:label2\" content=\"Tiempo de lectura\" \/>\n\t<meta name=\"twitter:data2\" content=\"12 minutos\" \/>\n<script type=\"application\/ld+json\" class=\"yoast-schema-graph\">{\"@context\":\"https:\/\/schema.org\",\"@graph\":[{\"@type\":\"Article\",\"@id\":\"https:\/\/www.mpppst.gob.ve\/mpppstweb\/index.php\/2019\/04\/16\/eduardo-pinate-cuando-la-revolucion-se-ve-amenazada-se-vuelve-indestructible\/#article\",\"isPartOf\":{\"@id\":\"https:\/\/www.mpppst.gob.ve\/mpppstweb\/index.php\/2019\/04\/16\/eduardo-pinate-cuando-la-revolucion-se-ve-amenazada-se-vuelve-indestructible\/\"},\"author\":{\"name\":\"MPPPST Prensa\",\"@id\":\"https:\/\/www.mpppst.gob.ve\/mpppstweb\/#\/schema\/person\/fc187ee8ead412bd4c9304b62f900ea4\"},\"headline\":\"Eduardo Pi\u00f1ate \u00abCuando la revoluci\u00f3n se ve amenazada se vuelve indestructible\u00bb\",\"datePublished\":\"2019-04-16T14:22:56+00:00\",\"dateModified\":\"2019-04-16T14:22:56+00:00\",\"mainEntityOfPage\":{\"@id\":\"https:\/\/www.mpppst.gob.ve\/mpppstweb\/index.php\/2019\/04\/16\/eduardo-pinate-cuando-la-revolucion-se-ve-amenazada-se-vuelve-indestructible\/\"},\"wordCount\":2338,\"publisher\":{\"@id\":\"https:\/\/www.mpppst.gob.ve\/mpppstweb\/#organization\"},\"image\":{\"@id\":\"https:\/\/www.mpppst.gob.ve\/mpppstweb\/index.php\/2019\/04\/16\/eduardo-pinate-cuando-la-revolucion-se-ve-amenazada-se-vuelve-indestructible\/#primaryimage\"},\"thumbnailUrl\":\"https:\/\/www.mpppst.gob.ve\/mpppstweb\/wp-content\/uploads\/2019\/04\/Eduardo-Pi\u00f1ate.jpg\",\"keywords\":[\"Gobierno Bolivariano\"],\"articleSection\":[\"Gobierno Nacional\",\"Noticias\"],\"inLanguage\":\"es\"},{\"@type\":\"WebPage\",\"@id\":\"https:\/\/www.mpppst.gob.ve\/mpppstweb\/index.php\/2019\/04\/16\/eduardo-pinate-cuando-la-revolucion-se-ve-amenazada-se-vuelve-indestructible\/\",\"url\":\"https:\/\/www.mpppst.gob.ve\/mpppstweb\/index.php\/2019\/04\/16\/eduardo-pinate-cuando-la-revolucion-se-ve-amenazada-se-vuelve-indestructible\/\",\"name\":\"Eduardo Pi\u00f1ate \\\"Cuando la revoluci\u00f3n se ve amenazada se vuelve indestructible\\\" - MPPPST\",\"isPartOf\":{\"@id\":\"https:\/\/www.mpppst.gob.ve\/mpppstweb\/#website\"},\"primaryImageOfPage\":{\"@id\":\"https:\/\/www.mpppst.gob.ve\/mpppstweb\/index.php\/2019\/04\/16\/eduardo-pinate-cuando-la-revolucion-se-ve-amenazada-se-vuelve-indestructible\/#primaryimage\"},\"image\":{\"@id\":\"https:\/\/www.mpppst.gob.ve\/mpppstweb\/index.php\/2019\/04\/16\/eduardo-pinate-cuando-la-revolucion-se-ve-amenazada-se-vuelve-indestructible\/#primaryimage\"},\"thumbnailUrl\":\"https:\/\/www.mpppst.gob.ve\/mpppstweb\/wp-content\/uploads\/2019\/04\/Eduardo-Pi\u00f1ate.jpg\",\"datePublished\":\"2019-04-16T14:22:56+00:00\",\"dateModified\":\"2019-04-16T14:22:56+00:00\",\"breadcrumb\":{\"@id\":\"https:\/\/www.mpppst.gob.ve\/mpppstweb\/index.php\/2019\/04\/16\/eduardo-pinate-cuando-la-revolucion-se-ve-amenazada-se-vuelve-indestructible\/#breadcrumb\"},\"inLanguage\":\"es\",\"potentialAction\":[{\"@type\":\"ReadAction\",\"target\":[\"https:\/\/www.mpppst.gob.ve\/mpppstweb\/index.php\/2019\/04\/16\/eduardo-pinate-cuando-la-revolucion-se-ve-amenazada-se-vuelve-indestructible\/\"]}]},{\"@type\":\"ImageObject\",\"inLanguage\":\"es\",\"@id\":\"https:\/\/www.mpppst.gob.ve\/mpppstweb\/index.php\/2019\/04\/16\/eduardo-pinate-cuando-la-revolucion-se-ve-amenazada-se-vuelve-indestructible\/#primaryimage\",\"url\":\"https:\/\/www.mpppst.gob.ve\/mpppstweb\/wp-content\/uploads\/2019\/04\/Eduardo-Pi\u00f1ate.jpg\",\"contentUrl\":\"https:\/\/www.mpppst.gob.ve\/mpppstweb\/wp-content\/uploads\/2019\/04\/Eduardo-Pi\u00f1ate.jpg\",\"width\":1320,\"height\":880},{\"@type\":\"BreadcrumbList\",\"@id\":\"https:\/\/www.mpppst.gob.ve\/mpppstweb\/index.php\/2019\/04\/16\/eduardo-pinate-cuando-la-revolucion-se-ve-amenazada-se-vuelve-indestructible\/#breadcrumb\",\"itemListElement\":[{\"@type\":\"ListItem\",\"position\":1,\"name\":\"Home\",\"item\":\"https:\/\/www.mpppst.gob.ve\/mpppstweb\/\"},{\"@type\":\"ListItem\",\"position\":2,\"name\":\"Eduardo Pi\u00f1ate \u00abCuando la revoluci\u00f3n se ve amenazada se vuelve indestructible\u00bb\"}]},{\"@type\":\"WebSite\",\"@id\":\"https:\/\/www.mpppst.gob.ve\/mpppstweb\/#website\",\"url\":\"https:\/\/www.mpppst.gob.ve\/mpppstweb\/\",\"name\":\"MPPPST\",\"description\":\"Ministerio del Poder Popular para el Proceso Social de Trabajo\",\"publisher\":{\"@id\":\"https:\/\/www.mpppst.gob.ve\/mpppstweb\/#organization\"},\"potentialAction\":[{\"@type\":\"SearchAction\",\"target\":{\"@type\":\"EntryPoint\",\"urlTemplate\":\"https:\/\/www.mpppst.gob.ve\/mpppstweb\/?s={search_term_string}\"},\"query-input\":\"required name=search_term_string\"}],\"inLanguage\":\"es\"},{\"@type\":\"Organization\",\"@id\":\"https:\/\/www.mpppst.gob.ve\/mpppstweb\/#organization\",\"name\":\"mpppst\",\"url\":\"https:\/\/www.mpppst.gob.ve\/mpppstweb\/\",\"logo\":{\"@type\":\"ImageObject\",\"inLanguage\":\"es\",\"@id\":\"https:\/\/www.mpppst.gob.ve\/mpppstweb\/#\/schema\/logo\/image\/\",\"url\":\"https:\/\/www.mpppst.gob.ve\/mpppstweb\/wp-content\/uploads\/2025\/07\/cropped-cropped-g910.png\",\"contentUrl\":\"https:\/\/www.mpppst.gob.ve\/mpppstweb\/wp-content\/uploads\/2025\/07\/cropped-cropped-g910.png\",\"width\":1080,\"height\":241,\"caption\":\"mpppst\"},\"image\":{\"@id\":\"https:\/\/www.mpppst.gob.ve\/mpppstweb\/#\/schema\/logo\/image\/\"}},{\"@type\":\"Person\",\"@id\":\"https:\/\/www.mpppst.gob.ve\/mpppstweb\/#\/schema\/person\/fc187ee8ead412bd4c9304b62f900ea4\",\"name\":\"MPPPST Prensa\",\"url\":\"https:\/\/www.mpppst.gob.ve\/mpppstweb\/index.php\/author\/prensa-mpppst\/\"}]}<\/script>\n<!-- \/ Yoast SEO plugin. -->","yoast_head_json":{"title":"Eduardo Pi\u00f1ate \"Cuando la revoluci\u00f3n se ve amenazada se vuelve indestructible\" - MPPPST","robots":{"index":"index","follow":"follow","max-snippet":"max-snippet:-1","max-image-preview":"max-image-preview:large","max-video-preview":"max-video-preview:-1"},"canonical":"https:\/\/www.mpppst.gob.ve\/mpppstweb\/index.php\/2019\/04\/16\/eduardo-pinate-cuando-la-revolucion-se-ve-amenazada-se-vuelve-indestructible\/","og_locale":"es_ES","og_type":"article","og_title":"Eduardo Pi\u00f1ate \"Cuando la revoluci\u00f3n se ve amenazada se vuelve indestructible\" - MPPPST","og_description":"Diario 4F &#8211; Venezuela, 05 al 12 de abril de 2019 a\u00f1o 4 N\u00ba 202 Geraldina &hellip; Eduardo Pi\u00f1ate \u00abCuando la revoluci\u00f3n se ve amenazada se vuelve indestructible\u00bbRead more","og_url":"https:\/\/www.mpppst.gob.ve\/mpppstweb\/index.php\/2019\/04\/16\/eduardo-pinate-cuando-la-revolucion-se-ve-amenazada-se-vuelve-indestructible\/","og_site_name":"MPPPST","article_published_time":"2019-04-16T14:22:56+00:00","og_image":[{"width":1320,"height":880,"url":"https:\/\/www.mpppst.gob.ve\/mpppstweb\/wp-content\/uploads\/2019\/04\/Eduardo-Pi\u00f1ate.jpg","type":"image\/jpeg"}],"author":"MPPPST Prensa","twitter_card":"summary_large_image","twitter_misc":{"Escrito por":"MPPPST Prensa","Tiempo de lectura":"12 minutos"},"schema":{"@context":"https:\/\/schema.org","@graph":[{"@type":"Article","@id":"https:\/\/www.mpppst.gob.ve\/mpppstweb\/index.php\/2019\/04\/16\/eduardo-pinate-cuando-la-revolucion-se-ve-amenazada-se-vuelve-indestructible\/#article","isPartOf":{"@id":"https:\/\/www.mpppst.gob.ve\/mpppstweb\/index.php\/2019\/04\/16\/eduardo-pinate-cuando-la-revolucion-se-ve-amenazada-se-vuelve-indestructible\/"},"author":{"name":"MPPPST Prensa","@id":"https:\/\/www.mpppst.gob.ve\/mpppstweb\/#\/schema\/person\/fc187ee8ead412bd4c9304b62f900ea4"},"headline":"Eduardo Pi\u00f1ate \u00abCuando la revoluci\u00f3n se ve amenazada se vuelve indestructible\u00bb","datePublished":"2019-04-16T14:22:56+00:00","dateModified":"2019-04-16T14:22:56+00:00","mainEntityOfPage":{"@id":"https:\/\/www.mpppst.gob.ve\/mpppstweb\/index.php\/2019\/04\/16\/eduardo-pinate-cuando-la-revolucion-se-ve-amenazada-se-vuelve-indestructible\/"},"wordCount":2338,"publisher":{"@id":"https:\/\/www.mpppst.gob.ve\/mpppstweb\/#organization"},"image":{"@id":"https:\/\/www.mpppst.gob.ve\/mpppstweb\/index.php\/2019\/04\/16\/eduardo-pinate-cuando-la-revolucion-se-ve-amenazada-se-vuelve-indestructible\/#primaryimage"},"thumbnailUrl":"https:\/\/www.mpppst.gob.ve\/mpppstweb\/wp-content\/uploads\/2019\/04\/Eduardo-Pi\u00f1ate.jpg","keywords":["Gobierno Bolivariano"],"articleSection":["Gobierno Nacional","Noticias"],"inLanguage":"es"},{"@type":"WebPage","@id":"https:\/\/www.mpppst.gob.ve\/mpppstweb\/index.php\/2019\/04\/16\/eduardo-pinate-cuando-la-revolucion-se-ve-amenazada-se-vuelve-indestructible\/","url":"https:\/\/www.mpppst.gob.ve\/mpppstweb\/index.php\/2019\/04\/16\/eduardo-pinate-cuando-la-revolucion-se-ve-amenazada-se-vuelve-indestructible\/","name":"Eduardo Pi\u00f1ate \"Cuando la revoluci\u00f3n se ve amenazada se vuelve indestructible\" - MPPPST","isPartOf":{"@id":"https:\/\/www.mpppst.gob.ve\/mpppstweb\/#website"},"primaryImageOfPage":{"@id":"https:\/\/www.mpppst.gob.ve\/mpppstweb\/index.php\/2019\/04\/16\/eduardo-pinate-cuando-la-revolucion-se-ve-amenazada-se-vuelve-indestructible\/#primaryimage"},"image":{"@id":"https:\/\/www.mpppst.gob.ve\/mpppstweb\/index.php\/2019\/04\/16\/eduardo-pinate-cuando-la-revolucion-se-ve-amenazada-se-vuelve-indestructible\/#primaryimage"},"thumbnailUrl":"https:\/\/www.mpppst.gob.ve\/mpppstweb\/wp-content\/uploads\/2019\/04\/Eduardo-Pi\u00f1ate.jpg","datePublished":"2019-04-16T14:22:56+00:00","dateModified":"2019-04-16T14:22:56+00:00","breadcrumb":{"@id":"https:\/\/www.mpppst.gob.ve\/mpppstweb\/index.php\/2019\/04\/16\/eduardo-pinate-cuando-la-revolucion-se-ve-amenazada-se-vuelve-indestructible\/#breadcrumb"},"inLanguage":"es","potentialAction":[{"@type":"ReadAction","target":["https:\/\/www.mpppst.gob.ve\/mpppstweb\/index.php\/2019\/04\/16\/eduardo-pinate-cuando-la-revolucion-se-ve-amenazada-se-vuelve-indestructible\/"]}]},{"@type":"ImageObject","inLanguage":"es","@id":"https:\/\/www.mpppst.gob.ve\/mpppstweb\/index.php\/2019\/04\/16\/eduardo-pinate-cuando-la-revolucion-se-ve-amenazada-se-vuelve-indestructible\/#primaryimage","url":"https:\/\/www.mpppst.gob.ve\/mpppstweb\/wp-content\/uploads\/2019\/04\/Eduardo-Pi\u00f1ate.jpg","contentUrl":"https:\/\/www.mpppst.gob.ve\/mpppstweb\/wp-content\/uploads\/2019\/04\/Eduardo-Pi\u00f1ate.jpg","width":1320,"height":880},{"@type":"BreadcrumbList","@id":"https:\/\/www.mpppst.gob.ve\/mpppstweb\/index.php\/2019\/04\/16\/eduardo-pinate-cuando-la-revolucion-se-ve-amenazada-se-vuelve-indestructible\/#breadcrumb","itemListElement":[{"@type":"ListItem","position":1,"name":"Home","item":"https:\/\/www.mpppst.gob.ve\/mpppstweb\/"},{"@type":"ListItem","position":2,"name":"Eduardo Pi\u00f1ate \u00abCuando la revoluci\u00f3n se ve amenazada se vuelve indestructible\u00bb"}]},{"@type":"WebSite","@id":"https:\/\/www.mpppst.gob.ve\/mpppstweb\/#website","url":"https:\/\/www.mpppst.gob.ve\/mpppstweb\/","name":"MPPPST","description":"Ministerio del Poder Popular para el Proceso Social de Trabajo","publisher":{"@id":"https:\/\/www.mpppst.gob.ve\/mpppstweb\/#organization"},"potentialAction":[{"@type":"SearchAction","target":{"@type":"EntryPoint","urlTemplate":"https:\/\/www.mpppst.gob.ve\/mpppstweb\/?s={search_term_string}"},"query-input":"required name=search_term_string"}],"inLanguage":"es"},{"@type":"Organization","@id":"https:\/\/www.mpppst.gob.ve\/mpppstweb\/#organization","name":"mpppst","url":"https:\/\/www.mpppst.gob.ve\/mpppstweb\/","logo":{"@type":"ImageObject","inLanguage":"es","@id":"https:\/\/www.mpppst.gob.ve\/mpppstweb\/#\/schema\/logo\/image\/","url":"https:\/\/www.mpppst.gob.ve\/mpppstweb\/wp-content\/uploads\/2025\/07\/cropped-cropped-g910.png","contentUrl":"https:\/\/www.mpppst.gob.ve\/mpppstweb\/wp-content\/uploads\/2025\/07\/cropped-cropped-g910.png","width":1080,"height":241,"caption":"mpppst"},"image":{"@id":"https:\/\/www.mpppst.gob.ve\/mpppstweb\/#\/schema\/logo\/image\/"}},{"@type":"Person","@id":"https:\/\/www.mpppst.gob.ve\/mpppstweb\/#\/schema\/person\/fc187ee8ead412bd4c9304b62f900ea4","name":"MPPPST Prensa","url":"https:\/\/www.mpppst.gob.ve\/mpppstweb\/index.php\/author\/prensa-mpppst\/"}]}},"_links":{"self":[{"href":"https:\/\/www.mpppst.gob.ve\/mpppstweb\/index.php\/wp-json\/wp\/v2\/posts\/16048"}],"collection":[{"href":"https:\/\/www.mpppst.gob.ve\/mpppstweb\/index.php\/wp-json\/wp\/v2\/posts"}],"about":[{"href":"https:\/\/www.mpppst.gob.ve\/mpppstweb\/index.php\/wp-json\/wp\/v2\/types\/post"}],"author":[{"embeddable":true,"href":"https:\/\/www.mpppst.gob.ve\/mpppstweb\/index.php\/wp-json\/wp\/v2\/users\/25"}],"replies":[{"embeddable":true,"href":"https:\/\/www.mpppst.gob.ve\/mpppstweb\/index.php\/wp-json\/wp\/v2\/comments?post=16048"}],"version-history":[{"count":1,"href":"https:\/\/www.mpppst.gob.ve\/mpppstweb\/index.php\/wp-json\/wp\/v2\/posts\/16048\/revisions"}],"predecessor-version":[{"id":16050,"href":"https:\/\/www.mpppst.gob.ve\/mpppstweb\/index.php\/wp-json\/wp\/v2\/posts\/16048\/revisions\/16050"}],"wp:featuredmedia":[{"embeddable":true,"href":"https:\/\/www.mpppst.gob.ve\/mpppstweb\/index.php\/wp-json\/wp\/v2\/media\/16049"}],"wp:attachment":[{"href":"https:\/\/www.mpppst.gob.ve\/mpppstweb\/index.php\/wp-json\/wp\/v2\/media?parent=16048"}],"wp:term":[{"taxonomy":"category","embeddable":true,"href":"https:\/\/www.mpppst.gob.ve\/mpppstweb\/index.php\/wp-json\/wp\/v2\/categories?post=16048"},{"taxonomy":"post_tag","embeddable":true,"href":"https:\/\/www.mpppst.gob.ve\/mpppstweb\/index.php\/wp-json\/wp\/v2\/tags?post=16048"}],"curies":[{"name":"wp","href":"https:\/\/api.w.org\/{rel}","templated":true}]}}