{"id":16060,"date":"2019-04-23T15:45:06","date_gmt":"2019-04-23T19:45:06","guid":{"rendered":"http:\/\/www.mpppst.gob.ve\/mpppstweb\/?p=16060"},"modified":"2019-04-23T15:52:44","modified_gmt":"2019-04-23T19:52:44","slug":"escuela-para-la-nueva-cultura-del-trabajo-hugo-chavez-se-instalara-el-25-de-abril","status":"publish","type":"post","link":"https:\/\/www.mpppst.gob.ve\/mpppstweb\/index.php\/2019\/04\/23\/escuela-para-la-nueva-cultura-del-trabajo-hugo-chavez-se-instalara-el-25-de-abril\/","title":{"rendered":"Escuela para la nueva Cultura del Trabajo Hugo Ch\u00e1vez se instalar\u00e1 el 25 de abril"},"content":{"rendered":"<p>Martes 23 de abril de 2019.- Como parte de las pol\u00edticas de formaci\u00f3n y autoformaci\u00f3n para las Trabajadoras y trabajadores, fue realizada la presentaci\u00f3n de la directiva de la Escuela para la nueva Cultura del Trabajo Hugo Ch\u00e1vez, desde los espacios del sal\u00f3n de usos m\u00faltiples del Ministerio del Poder Popular para el Proceso Social de Trabajo (Mpppst).<\/p>\n<p>El jueves 25 del mes de abril se instalar\u00e1 formalmente la Escuela para la nueva Cultura del Trabajo Hugo Ch\u00e1vez, con el Plan de formaci\u00f3n Guerrilla Comunicacional Obrera, con la participaci\u00f3n de 250 estudiantes a nivel nacional, quienes adem\u00e1s recibieran formaci\u00f3n pol\u00edtica en esta primera jornada de formaci\u00f3n y contar\u00e1 con la participaci\u00f3n de la primera vicepresidenta de la ANC Tania D\u00edaz y el Gobernador del estado Miranda H\u00e9ctor Rodr\u00edguez.<\/p>\n<p>La presentaci\u00f3n estuvo a cargo de la viceministra de Educaci\u00f3n y Trabajo para la Liberaci\u00f3n, Diva Guzm\u00e1n, que durante la actividad manifest\u00f3 \u201cla clase obrera se prepara, se forma, en materia de comunicaci\u00f3n y que evidentemente estamos librando una batalla hist\u00f3rica, econ\u00f3mica, productiva, pol\u00edtica sino que adem\u00e1s es comunicacional\u201d.<\/p>\n<p>\u201cTenemos como meta para este a\u00f1o 2019 la instalaci\u00f3n de cuatro planes \u00a0de formaci\u00f3n, la primera Guerrilla Comunicacional, Plan Conciencia de Clase, Plan de Formaci\u00f3n de Dirigencia laboral y el Plan Componente Docente recordando que la educaci\u00f3n y el trabajo son los pilares fundamentales de la revoluci\u00f3n bolivariana\u201d indic\u00f3 la viceministra Diva Guzm\u00e1n.<\/p>\n<p>El consejo directivo de dicha escuela estar\u00e1 conformada por el Ministro del Mpppst Eduardo Pi\u00f1ate, el constituyente Francisco Torrealba, la ministra Blanca Eekhout, el constituyente Mario Silva, la constituyente Mar\u00eda Alejandra D\u00edaz, el dirigente sindical Wills Rangel, la trabajadora de base Carolina Gonz\u00e1lez, los constituyentes Julio Ch\u00e1vez, Mar\u00eda Le\u00f3n, Fernando Soto Rojas, la subsecretaria de la Asamblea Nacional Constituyente Carolis P\u00e9rez entre otros.<\/p>\n<p>&nbsp;<\/p>\n<p>Periodista\/ Mar\u00eda del Mar Rengifo<\/p>\n<p><a href=\"http:\/\/www.mpppst.gob.ve\/mpppstweb\/wp-content\/uploads\/2019\/04\/IMG_0016.jpg\"><img decoding=\"async\" loading=\"lazy\" class=\"alignnone size-medium wp-image-16062\" src=\"http:\/\/www.mpppst.gob.ve\/mpppstweb\/wp-content\/uploads\/2019\/04\/IMG_0016-300x200.jpg\" alt=\"\" width=\"300\" height=\"200\" srcset=\"https:\/\/www.mpppst.gob.ve\/mpppstweb\/wp-content\/uploads\/2019\/04\/IMG_0016-300x200.jpg 300w, https:\/\/www.mpppst.gob.ve\/mpppstweb\/wp-content\/uploads\/2019\/04\/IMG_0016-768x511.jpg 768w, https:\/\/www.mpppst.gob.ve\/mpppstweb\/wp-content\/uploads\/2019\/04\/IMG_0016-1024x681.jpg 1024w, https:\/\/www.mpppst.gob.ve\/mpppstweb\/wp-content\/uploads\/2019\/04\/IMG_0016.jpg 1936w\" sizes=\"(max-width: 300px) 100vw, 300px\" \/><\/a><\/p>\n","protected":false},"excerpt":{"rendered":"<p>Martes 23 de abril de 2019.- Como parte de las pol\u00edticas de formaci\u00f3n y autoformaci\u00f3n para &hellip; <a title=\"Escuela para la nueva Cultura del Trabajo Hugo Ch\u00e1vez se instalar\u00e1 el 25 de abril\" class=\"hm-read-more\" href=\"https:\/\/www.mpppst.gob.ve\/mpppstweb\/index.php\/2019\/04\/23\/escuela-para-la-nueva-cultura-del-trabajo-hugo-chavez-se-instalara-el-25-de-abril\/\"><span class=\"screen-reader-text\">Escuela para la nueva Cultura del Trabajo Hugo Ch\u00e1vez se instalar\u00e1 el 25 de abril<\/span>Read more<\/a><\/p>\n","protected":false},"author":25,"featured_media":16061,"comment_status":"closed","ping_status":"closed","sticky":false,"template":"","format":"standard","meta":{"footnotes":""},"categories":[82,163],"tags":[225,222,223,240],"yoast_head":"<!-- This site is optimized with the Yoast SEO plugin v22.5 - https:\/\/yoast.com\/wordpress\/plugins\/seo\/ -->\n<title>Escuela para la nueva Cultura del Trabajo Hugo Ch\u00e1vez se instalar\u00e1 el 25 de abril - MPPPST<\/title>\n<meta name=\"robots\" content=\"index, follow, max-snippet:-1, max-image-preview:large, max-video-preview:-1\" \/>\n<link rel=\"canonical\" href=\"https:\/\/www.mpppst.gob.ve\/mpppstweb\/index.php\/2019\/04\/23\/escuela-para-la-nueva-cultura-del-trabajo-hugo-chavez-se-instalara-el-25-de-abril\/\" \/>\n<meta property=\"og:locale\" content=\"es_ES\" \/>\n<meta property=\"og:type\" content=\"article\" \/>\n<meta property=\"og:title\" content=\"Escuela para la nueva Cultura del Trabajo Hugo Ch\u00e1vez se instalar\u00e1 el 25 de abril - MPPPST\" \/>\n<meta property=\"og:description\" content=\"Martes 23 de abril de 2019.- Como parte de las pol\u00edticas de formaci\u00f3n y autoformaci\u00f3n para &hellip; Escuela para la nueva Cultura del Trabajo Hugo Ch\u00e1vez se instalar\u00e1 el 25 de abrilRead more\" \/>\n<meta property=\"og:url\" content=\"https:\/\/www.mpppst.gob.ve\/mpppstweb\/index.php\/2019\/04\/23\/escuela-para-la-nueva-cultura-del-trabajo-hugo-chavez-se-instalara-el-25-de-abril\/\" \/>\n<meta property=\"og:site_name\" content=\"MPPPST\" \/>\n<meta property=\"article:published_time\" content=\"2019-04-23T19:45:06+00:00\" \/>\n<meta property=\"article:modified_time\" content=\"2019-04-23T19:52:44+00:00\" \/>\n<meta property=\"og:image\" content=\"https:\/\/www.mpppst.gob.ve\/mpppstweb\/wp-content\/uploads\/2019\/04\/IMG_0008.jpg\" \/>\n\t<meta property=\"og:image:width\" content=\"1936\" \/>\n\t<meta property=\"og:image:height\" content=\"1288\" \/>\n\t<meta property=\"og:image:type\" content=\"image\/jpeg\" \/>\n<meta name=\"author\" content=\"MPPPST Prensa\" \/>\n<meta name=\"twitter:card\" content=\"summary_large_image\" \/>\n<meta name=\"twitter:label1\" content=\"Escrito por\" \/>\n\t<meta name=\"twitter:data1\" content=\"MPPPST Prensa\" \/>\n\t<meta name=\"twitter:label2\" content=\"Tiempo de lectura\" \/>\n\t<meta name=\"twitter:data2\" content=\"2 minutos\" \/>\n<script type=\"application\/ld+json\" class=\"yoast-schema-graph\">{\"@context\":\"https:\/\/schema.org\",\"@graph\":[{\"@type\":\"Article\",\"@id\":\"https:\/\/www.mpppst.gob.ve\/mpppstweb\/index.php\/2019\/04\/23\/escuela-para-la-nueva-cultura-del-trabajo-hugo-chavez-se-instalara-el-25-de-abril\/#article\",\"isPartOf\":{\"@id\":\"https:\/\/www.mpppst.gob.ve\/mpppstweb\/index.php\/2019\/04\/23\/escuela-para-la-nueva-cultura-del-trabajo-hugo-chavez-se-instalara-el-25-de-abril\/\"},\"author\":{\"name\":\"MPPPST Prensa\",\"@id\":\"https:\/\/www.mpppst.gob.ve\/mpppstweb\/#\/schema\/person\/fc187ee8ead412bd4c9304b62f900ea4\"},\"headline\":\"Escuela para la nueva Cultura del Trabajo Hugo Ch\u00e1vez se instalar\u00e1 el 25 de abril\",\"datePublished\":\"2019-04-23T19:45:06+00:00\",\"dateModified\":\"2019-04-23T19:52:44+00:00\",\"mainEntityOfPage\":{\"@id\":\"https:\/\/www.mpppst.gob.ve\/mpppstweb\/index.php\/2019\/04\/23\/escuela-para-la-nueva-cultura-del-trabajo-hugo-chavez-se-instalara-el-25-de-abril\/\"},\"wordCount\":353,\"publisher\":{\"@id\":\"https:\/\/www.mpppst.gob.ve\/mpppstweb\/#organization\"},\"image\":{\"@id\":\"https:\/\/www.mpppst.gob.ve\/mpppstweb\/index.php\/2019\/04\/23\/escuela-para-la-nueva-cultura-del-trabajo-hugo-chavez-se-instalara-el-25-de-abril\/#primaryimage\"},\"thumbnailUrl\":\"https:\/\/www.mpppst.gob.ve\/mpppstweb\/wp-content\/uploads\/2019\/04\/IMG_0008.jpg\",\"keywords\":[\"Fuerza Laboral\",\"Gobierno Bolivariano\",\"MPPPST\",\"Participaci\u00f3n popular y protag\u00f3nica\"],\"articleSection\":[\"Gobierno Nacional\",\"Noticias\"],\"inLanguage\":\"es\"},{\"@type\":\"WebPage\",\"@id\":\"https:\/\/www.mpppst.gob.ve\/mpppstweb\/index.php\/2019\/04\/23\/escuela-para-la-nueva-cultura-del-trabajo-hugo-chavez-se-instalara-el-25-de-abril\/\",\"url\":\"https:\/\/www.mpppst.gob.ve\/mpppstweb\/index.php\/2019\/04\/23\/escuela-para-la-nueva-cultura-del-trabajo-hugo-chavez-se-instalara-el-25-de-abril\/\",\"name\":\"Escuela para la nueva Cultura del Trabajo Hugo Ch\u00e1vez se instalar\u00e1 el 25 de abril - MPPPST\",\"isPartOf\":{\"@id\":\"https:\/\/www.mpppst.gob.ve\/mpppstweb\/#website\"},\"primaryImageOfPage\":{\"@id\":\"https:\/\/www.mpppst.gob.ve\/mpppstweb\/index.php\/2019\/04\/23\/escuela-para-la-nueva-cultura-del-trabajo-hugo-chavez-se-instalara-el-25-de-abril\/#primaryimage\"},\"image\":{\"@id\":\"https:\/\/www.mpppst.gob.ve\/mpppstweb\/index.php\/2019\/04\/23\/escuela-para-la-nueva-cultura-del-trabajo-hugo-chavez-se-instalara-el-25-de-abril\/#primaryimage\"},\"thumbnailUrl\":\"https:\/\/www.mpppst.gob.ve\/mpppstweb\/wp-content\/uploads\/2019\/04\/IMG_0008.jpg\",\"datePublished\":\"2019-04-23T19:45:06+00:00\",\"dateModified\":\"2019-04-23T19:52:44+00:00\",\"breadcrumb\":{\"@id\":\"https:\/\/www.mpppst.gob.ve\/mpppstweb\/index.php\/2019\/04\/23\/escuela-para-la-nueva-cultura-del-trabajo-hugo-chavez-se-instalara-el-25-de-abril\/#breadcrumb\"},\"inLanguage\":\"es\",\"potentialAction\":[{\"@type\":\"ReadAction\",\"target\":[\"https:\/\/www.mpppst.gob.ve\/mpppstweb\/index.php\/2019\/04\/23\/escuela-para-la-nueva-cultura-del-trabajo-hugo-chavez-se-instalara-el-25-de-abril\/\"]}]},{\"@type\":\"ImageObject\",\"inLanguage\":\"es\",\"@id\":\"https:\/\/www.mpppst.gob.ve\/mpppstweb\/index.php\/2019\/04\/23\/escuela-para-la-nueva-cultura-del-trabajo-hugo-chavez-se-instalara-el-25-de-abril\/#primaryimage\",\"url\":\"https:\/\/www.mpppst.gob.ve\/mpppstweb\/wp-content\/uploads\/2019\/04\/IMG_0008.jpg\",\"contentUrl\":\"https:\/\/www.mpppst.gob.ve\/mpppstweb\/wp-content\/uploads\/2019\/04\/IMG_0008.jpg\",\"width\":1936,\"height\":1288},{\"@type\":\"BreadcrumbList\",\"@id\":\"https:\/\/www.mpppst.gob.ve\/mpppstweb\/index.php\/2019\/04\/23\/escuela-para-la-nueva-cultura-del-trabajo-hugo-chavez-se-instalara-el-25-de-abril\/#breadcrumb\",\"itemListElement\":[{\"@type\":\"ListItem\",\"position\":1,\"name\":\"Home\",\"item\":\"https:\/\/www.mpppst.gob.ve\/mpppstweb\/\"},{\"@type\":\"ListItem\",\"position\":2,\"name\":\"Escuela para la nueva Cultura del Trabajo Hugo Ch\u00e1vez se instalar\u00e1 el 25 de abril\"}]},{\"@type\":\"WebSite\",\"@id\":\"https:\/\/www.mpppst.gob.ve\/mpppstweb\/#website\",\"url\":\"https:\/\/www.mpppst.gob.ve\/mpppstweb\/\",\"name\":\"MPPPST\",\"description\":\"Ministerio del Poder Popular para el Proceso Social de Trabajo\",\"publisher\":{\"@id\":\"https:\/\/www.mpppst.gob.ve\/mpppstweb\/#organization\"},\"potentialAction\":[{\"@type\":\"SearchAction\",\"target\":{\"@type\":\"EntryPoint\",\"urlTemplate\":\"https:\/\/www.mpppst.gob.ve\/mpppstweb\/?s={search_term_string}\"},\"query-input\":\"required name=search_term_string\"}],\"inLanguage\":\"es\"},{\"@type\":\"Organization\",\"@id\":\"https:\/\/www.mpppst.gob.ve\/mpppstweb\/#organization\",\"name\":\"mpppst\",\"url\":\"https:\/\/www.mpppst.gob.ve\/mpppstweb\/\",\"logo\":{\"@type\":\"ImageObject\",\"inLanguage\":\"es\",\"@id\":\"https:\/\/www.mpppst.gob.ve\/mpppstweb\/#\/schema\/logo\/image\/\",\"url\":\"https:\/\/www.mpppst.gob.ve\/mpppstweb\/wp-content\/uploads\/2025\/07\/cropped-cropped-g910.png\",\"contentUrl\":\"https:\/\/www.mpppst.gob.ve\/mpppstweb\/wp-content\/uploads\/2025\/07\/cropped-cropped-g910.png\",\"width\":1080,\"height\":241,\"caption\":\"mpppst\"},\"image\":{\"@id\":\"https:\/\/www.mpppst.gob.ve\/mpppstweb\/#\/schema\/logo\/image\/\"}},{\"@type\":\"Person\",\"@id\":\"https:\/\/www.mpppst.gob.ve\/mpppstweb\/#\/schema\/person\/fc187ee8ead412bd4c9304b62f900ea4\",\"name\":\"MPPPST Prensa\",\"url\":\"https:\/\/www.mpppst.gob.ve\/mpppstweb\/index.php\/author\/prensa-mpppst\/\"}]}<\/script>\n<!-- \/ Yoast SEO plugin. -->","yoast_head_json":{"title":"Escuela para la nueva Cultura del Trabajo Hugo Ch\u00e1vez se instalar\u00e1 el 25 de abril - MPPPST","robots":{"index":"index","follow":"follow","max-snippet":"max-snippet:-1","max-image-preview":"max-image-preview:large","max-video-preview":"max-video-preview:-1"},"canonical":"https:\/\/www.mpppst.gob.ve\/mpppstweb\/index.php\/2019\/04\/23\/escuela-para-la-nueva-cultura-del-trabajo-hugo-chavez-se-instalara-el-25-de-abril\/","og_locale":"es_ES","og_type":"article","og_title":"Escuela para la nueva Cultura del Trabajo Hugo Ch\u00e1vez se instalar\u00e1 el 25 de abril - MPPPST","og_description":"Martes 23 de abril de 2019.- Como parte de las pol\u00edticas de formaci\u00f3n y autoformaci\u00f3n para &hellip; Escuela para la nueva Cultura del Trabajo Hugo Ch\u00e1vez se instalar\u00e1 el 25 de abrilRead more","og_url":"https:\/\/www.mpppst.gob.ve\/mpppstweb\/index.php\/2019\/04\/23\/escuela-para-la-nueva-cultura-del-trabajo-hugo-chavez-se-instalara-el-25-de-abril\/","og_site_name":"MPPPST","article_published_time":"2019-04-23T19:45:06+00:00","article_modified_time":"2019-04-23T19:52:44+00:00","og_image":[{"width":1936,"height":1288,"url":"https:\/\/www.mpppst.gob.ve\/mpppstweb\/wp-content\/uploads\/2019\/04\/IMG_0008.jpg","type":"image\/jpeg"}],"author":"MPPPST Prensa","twitter_card":"summary_large_image","twitter_misc":{"Escrito por":"MPPPST Prensa","Tiempo de lectura":"2 minutos"},"schema":{"@context":"https:\/\/schema.org","@graph":[{"@type":"Article","@id":"https:\/\/www.mpppst.gob.ve\/mpppstweb\/index.php\/2019\/04\/23\/escuela-para-la-nueva-cultura-del-trabajo-hugo-chavez-se-instalara-el-25-de-abril\/#article","isPartOf":{"@id":"https:\/\/www.mpppst.gob.ve\/mpppstweb\/index.php\/2019\/04\/23\/escuela-para-la-nueva-cultura-del-trabajo-hugo-chavez-se-instalara-el-25-de-abril\/"},"author":{"name":"MPPPST Prensa","@id":"https:\/\/www.mpppst.gob.ve\/mpppstweb\/#\/schema\/person\/fc187ee8ead412bd4c9304b62f900ea4"},"headline":"Escuela para la nueva Cultura del Trabajo Hugo Ch\u00e1vez se instalar\u00e1 el 25 de abril","datePublished":"2019-04-23T19:45:06+00:00","dateModified":"2019-04-23T19:52:44+00:00","mainEntityOfPage":{"@id":"https:\/\/www.mpppst.gob.ve\/mpppstweb\/index.php\/2019\/04\/23\/escuela-para-la-nueva-cultura-del-trabajo-hugo-chavez-se-instalara-el-25-de-abril\/"},"wordCount":353,"publisher":{"@id":"https:\/\/www.mpppst.gob.ve\/mpppstweb\/#organization"},"image":{"@id":"https:\/\/www.mpppst.gob.ve\/mpppstweb\/index.php\/2019\/04\/23\/escuela-para-la-nueva-cultura-del-trabajo-hugo-chavez-se-instalara-el-25-de-abril\/#primaryimage"},"thumbnailUrl":"https:\/\/www.mpppst.gob.ve\/mpppstweb\/wp-content\/uploads\/2019\/04\/IMG_0008.jpg","keywords":["Fuerza Laboral","Gobierno Bolivariano","MPPPST","Participaci\u00f3n popular y protag\u00f3nica"],"articleSection":["Gobierno Nacional","Noticias"],"inLanguage":"es"},{"@type":"WebPage","@id":"https:\/\/www.mpppst.gob.ve\/mpppstweb\/index.php\/2019\/04\/23\/escuela-para-la-nueva-cultura-del-trabajo-hugo-chavez-se-instalara-el-25-de-abril\/","url":"https:\/\/www.mpppst.gob.ve\/mpppstweb\/index.php\/2019\/04\/23\/escuela-para-la-nueva-cultura-del-trabajo-hugo-chavez-se-instalara-el-25-de-abril\/","name":"Escuela para la nueva Cultura del Trabajo Hugo Ch\u00e1vez se instalar\u00e1 el 25 de abril - MPPPST","isPartOf":{"@id":"https:\/\/www.mpppst.gob.ve\/mpppstweb\/#website"},"primaryImageOfPage":{"@id":"https:\/\/www.mpppst.gob.ve\/mpppstweb\/index.php\/2019\/04\/23\/escuela-para-la-nueva-cultura-del-trabajo-hugo-chavez-se-instalara-el-25-de-abril\/#primaryimage"},"image":{"@id":"https:\/\/www.mpppst.gob.ve\/mpppstweb\/index.php\/2019\/04\/23\/escuela-para-la-nueva-cultura-del-trabajo-hugo-chavez-se-instalara-el-25-de-abril\/#primaryimage"},"thumbnailUrl":"https:\/\/www.mpppst.gob.ve\/mpppstweb\/wp-content\/uploads\/2019\/04\/IMG_0008.jpg","datePublished":"2019-04-23T19:45:06+00:00","dateModified":"2019-04-23T19:52:44+00:00","breadcrumb":{"@id":"https:\/\/www.mpppst.gob.ve\/mpppstweb\/index.php\/2019\/04\/23\/escuela-para-la-nueva-cultura-del-trabajo-hugo-chavez-se-instalara-el-25-de-abril\/#breadcrumb"},"inLanguage":"es","potentialAction":[{"@type":"ReadAction","target":["https:\/\/www.mpppst.gob.ve\/mpppstweb\/index.php\/2019\/04\/23\/escuela-para-la-nueva-cultura-del-trabajo-hugo-chavez-se-instalara-el-25-de-abril\/"]}]},{"@type":"ImageObject","inLanguage":"es","@id":"https:\/\/www.mpppst.gob.ve\/mpppstweb\/index.php\/2019\/04\/23\/escuela-para-la-nueva-cultura-del-trabajo-hugo-chavez-se-instalara-el-25-de-abril\/#primaryimage","url":"https:\/\/www.mpppst.gob.ve\/mpppstweb\/wp-content\/uploads\/2019\/04\/IMG_0008.jpg","contentUrl":"https:\/\/www.mpppst.gob.ve\/mpppstweb\/wp-content\/uploads\/2019\/04\/IMG_0008.jpg","width":1936,"height":1288},{"@type":"BreadcrumbList","@id":"https:\/\/www.mpppst.gob.ve\/mpppstweb\/index.php\/2019\/04\/23\/escuela-para-la-nueva-cultura-del-trabajo-hugo-chavez-se-instalara-el-25-de-abril\/#breadcrumb","itemListElement":[{"@type":"ListItem","position":1,"name":"Home","item":"https:\/\/www.mpppst.gob.ve\/mpppstweb\/"},{"@type":"ListItem","position":2,"name":"Escuela para la nueva Cultura del Trabajo Hugo Ch\u00e1vez se instalar\u00e1 el 25 de abril"}]},{"@type":"WebSite","@id":"https:\/\/www.mpppst.gob.ve\/mpppstweb\/#website","url":"https:\/\/www.mpppst.gob.ve\/mpppstweb\/","name":"MPPPST","description":"Ministerio del Poder Popular para el Proceso Social de Trabajo","publisher":{"@id":"https:\/\/www.mpppst.gob.ve\/mpppstweb\/#organization"},"potentialAction":[{"@type":"SearchAction","target":{"@type":"EntryPoint","urlTemplate":"https:\/\/www.mpppst.gob.ve\/mpppstweb\/?s={search_term_string}"},"query-input":"required name=search_term_string"}],"inLanguage":"es"},{"@type":"Organization","@id":"https:\/\/www.mpppst.gob.ve\/mpppstweb\/#organization","name":"mpppst","url":"https:\/\/www.mpppst.gob.ve\/mpppstweb\/","logo":{"@type":"ImageObject","inLanguage":"es","@id":"https:\/\/www.mpppst.gob.ve\/mpppstweb\/#\/schema\/logo\/image\/","url":"https:\/\/www.mpppst.gob.ve\/mpppstweb\/wp-content\/uploads\/2025\/07\/cropped-cropped-g910.png","contentUrl":"https:\/\/www.mpppst.gob.ve\/mpppstweb\/wp-content\/uploads\/2025\/07\/cropped-cropped-g910.png","width":1080,"height":241,"caption":"mpppst"},"image":{"@id":"https:\/\/www.mpppst.gob.ve\/mpppstweb\/#\/schema\/logo\/image\/"}},{"@type":"Person","@id":"https:\/\/www.mpppst.gob.ve\/mpppstweb\/#\/schema\/person\/fc187ee8ead412bd4c9304b62f900ea4","name":"MPPPST Prensa","url":"https:\/\/www.mpppst.gob.ve\/mpppstweb\/index.php\/author\/prensa-mpppst\/"}]}},"_links":{"self":[{"href":"https:\/\/www.mpppst.gob.ve\/mpppstweb\/index.php\/wp-json\/wp\/v2\/posts\/16060"}],"collection":[{"href":"https:\/\/www.mpppst.gob.ve\/mpppstweb\/index.php\/wp-json\/wp\/v2\/posts"}],"about":[{"href":"https:\/\/www.mpppst.gob.ve\/mpppstweb\/index.php\/wp-json\/wp\/v2\/types\/post"}],"author":[{"embeddable":true,"href":"https:\/\/www.mpppst.gob.ve\/mpppstweb\/index.php\/wp-json\/wp\/v2\/users\/25"}],"replies":[{"embeddable":true,"href":"https:\/\/www.mpppst.gob.ve\/mpppstweb\/index.php\/wp-json\/wp\/v2\/comments?post=16060"}],"version-history":[{"count":4,"href":"https:\/\/www.mpppst.gob.ve\/mpppstweb\/index.php\/wp-json\/wp\/v2\/posts\/16060\/revisions"}],"predecessor-version":[{"id":16067,"href":"https:\/\/www.mpppst.gob.ve\/mpppstweb\/index.php\/wp-json\/wp\/v2\/posts\/16060\/revisions\/16067"}],"wp:featuredmedia":[{"embeddable":true,"href":"https:\/\/www.mpppst.gob.ve\/mpppstweb\/index.php\/wp-json\/wp\/v2\/media\/16061"}],"wp:attachment":[{"href":"https:\/\/www.mpppst.gob.ve\/mpppstweb\/index.php\/wp-json\/wp\/v2\/media?parent=16060"}],"wp:term":[{"taxonomy":"category","embeddable":true,"href":"https:\/\/www.mpppst.gob.ve\/mpppstweb\/index.php\/wp-json\/wp\/v2\/categories?post=16060"},{"taxonomy":"post_tag","embeddable":true,"href":"https:\/\/www.mpppst.gob.ve\/mpppstweb\/index.php\/wp-json\/wp\/v2\/tags?post=16060"}],"curies":[{"name":"wp","href":"https:\/\/api.w.org\/{rel}","templated":true}]}}