{"id":16068,"date":"2019-04-23T16:01:29","date_gmt":"2019-04-23T20:01:29","guid":{"rendered":"http:\/\/www.mpppst.gob.ve\/mpppstweb\/?p=16068"},"modified":"2019-04-23T16:09:31","modified_gmt":"2019-04-23T20:09:31","slug":"ivss-continua-con-jornada-medico-integral-para-trabajadores-de-corpoelec","status":"publish","type":"post","link":"https:\/\/www.mpppst.gob.ve\/mpppstweb\/index.php\/2019\/04\/23\/ivss-continua-con-jornada-medico-integral-para-trabajadores-de-corpoelec\/","title":{"rendered":"IVSS contin\u00faa con jornada m\u00e9dico integral para trabajadores de Corpoelec"},"content":{"rendered":"<p>Caracas 22 de abril de 2019.- En esta oportunidad, trabajadores de la sede de la Corporaci\u00f3n El\u00e9ctrica Nacional (Corpoelec), ubicada en el estado Vargas, espec\u00edficamente en La Guaira, Sector Guanape, Av. Carlos Soublette, recibieron la atenci\u00f3n del equipo pluridisciplinario del Instituto Venezolano de Los Seguros Sociales (IVSS), durante una jornada m\u00e9dico integral.<\/p>\n<p>Los servidores p\u00fablicos recibieron asistencia en las especialidades de vacunaci\u00f3n, donde fueron inmunizados contra la hepatitis B y la toxoide, tambi\u00e9n fueron examinados en medicina general, medicina interna y evaluaci\u00f3n nutricional. Atendiendo en total a 413 pacientes, a quienes previo a las consultas se les realiz\u00f3 un an\u00e1lisis de talla, peso, \u00edndice de masa corporal y grado nutricional.<\/p>\n<p>Durante la jornada prestaron sus servicios 10 enfermeras, 3 vacunadoras, 6 m\u00e9dicos especialistas, 3 trabajadores sociales y 2 nutricionistas, asimismo la faena cont\u00f3 con el apoyo del personal del Hospital Jos\u00e9 Mar\u00eda Vargas quienes colocaron a disposici\u00f3n del despliegue de actividades algunos equipos necesarios para el desarrollo de la misma.<\/p>\n<p>Hern\u00e1n Alfonzo empleado de la corporaci\u00f3n, sostuvo \u201ctrabajo aqu\u00ed en Corpoelec\u00a0 Guanape, asist\u00ed a la jornada del Seguro Social la cual fue muy buena y muy efectiva, yo vine por medicina interna y recib\u00ed gratuitamente todos los medicamentos, le doy mi agradecimiento a los trabajadores del seguro que nos han colaborado y con esta ayuda nos ahorramos algo de dinero de nuestros salarios\u201d<\/p>\n<p>Por su parte, Maribel Arevalo manifest\u00f3 \u201ctrabajo en Gesti\u00f3n de Energ\u00eda en Corpoelec de verdad que estoy muy agradecida por la atenci\u00f3n eficaz y eficiente que nos est\u00e1 dando el Instituto Venezolano de los Seguros Sociales,\u00a0 much\u00edsimas gracias por esta bonita atenci\u00f3n y los medicamentos recibidos por todos\u201d adem\u00e1s Arevalo aprovech\u00f3 la oportunidad para enviar bendiciones a todos los trabajadores de la instituci\u00f3n.<\/p>\n<p>Direcci\u00f3n General de Gesti\u00f3n Comunicacional<\/p>\n<p><a href=\"http:\/\/www.mpppst.gob.ve\/mpppstweb\/wp-content\/uploads\/2019\/04\/7K1A4216.jpg\"><img decoding=\"async\" loading=\"lazy\" class=\"alignnone size-medium wp-image-16070\" src=\"http:\/\/www.mpppst.gob.ve\/mpppstweb\/wp-content\/uploads\/2019\/04\/7K1A4216-300x200.jpg\" alt=\"\" width=\"300\" height=\"200\" srcset=\"https:\/\/www.mpppst.gob.ve\/mpppstweb\/wp-content\/uploads\/2019\/04\/7K1A4216-300x200.jpg 300w, https:\/\/www.mpppst.gob.ve\/mpppstweb\/wp-content\/uploads\/2019\/04\/7K1A4216-768x512.jpg 768w, https:\/\/www.mpppst.gob.ve\/mpppstweb\/wp-content\/uploads\/2019\/04\/7K1A4216-1024x683.jpg 1024w\" sizes=\"(max-width: 300px) 100vw, 300px\" \/><\/a> <a href=\"http:\/\/www.mpppst.gob.ve\/mpppstweb\/wp-content\/uploads\/2019\/04\/7K1A4205.jpg\"><img decoding=\"async\" loading=\"lazy\" class=\"alignnone size-medium wp-image-16071\" src=\"http:\/\/www.mpppst.gob.ve\/mpppstweb\/wp-content\/uploads\/2019\/04\/7K1A4205-300x200.jpg\" alt=\"\" width=\"300\" height=\"200\" srcset=\"https:\/\/www.mpppst.gob.ve\/mpppstweb\/wp-content\/uploads\/2019\/04\/7K1A4205-300x200.jpg 300w, https:\/\/www.mpppst.gob.ve\/mpppstweb\/wp-content\/uploads\/2019\/04\/7K1A4205-768x512.jpg 768w, https:\/\/www.mpppst.gob.ve\/mpppstweb\/wp-content\/uploads\/2019\/04\/7K1A4205-1024x683.jpg 1024w\" sizes=\"(max-width: 300px) 100vw, 300px\" \/><\/a><\/p>\n","protected":false},"excerpt":{"rendered":"<p>Caracas 22 de abril de 2019.- En esta oportunidad, trabajadores de la sede de la Corporaci\u00f3n &hellip; <a title=\"IVSS contin\u00faa con jornada m\u00e9dico integral para trabajadores de Corpoelec\" class=\"hm-read-more\" href=\"https:\/\/www.mpppst.gob.ve\/mpppstweb\/index.php\/2019\/04\/23\/ivss-continua-con-jornada-medico-integral-para-trabajadores-de-corpoelec\/\"><span class=\"screen-reader-text\">IVSS contin\u00faa con jornada m\u00e9dico integral para trabajadores de Corpoelec<\/span>Read more<\/a><\/p>\n","protected":false},"author":25,"featured_media":16069,"comment_status":"closed","ping_status":"closed","sticky":false,"template":"","format":"standard","meta":{"footnotes":""},"categories":[82,84],"tags":[225,222,223,240,227,345],"yoast_head":"<!-- This site is optimized with the Yoast SEO plugin v22.5 - https:\/\/yoast.com\/wordpress\/plugins\/seo\/ -->\n<title>IVSS contin\u00faa con jornada m\u00e9dico integral para trabajadores de Corpoelec - MPPPST<\/title>\n<meta name=\"robots\" content=\"index, follow, max-snippet:-1, max-image-preview:large, max-video-preview:-1\" \/>\n<link rel=\"canonical\" href=\"https:\/\/www.mpppst.gob.ve\/mpppstweb\/index.php\/2019\/04\/23\/ivss-continua-con-jornada-medico-integral-para-trabajadores-de-corpoelec\/\" \/>\n<meta property=\"og:locale\" content=\"es_ES\" \/>\n<meta property=\"og:type\" content=\"article\" \/>\n<meta property=\"og:title\" content=\"IVSS contin\u00faa con jornada m\u00e9dico integral para trabajadores de Corpoelec - MPPPST\" \/>\n<meta property=\"og:description\" content=\"Caracas 22 de abril de 2019.- En esta oportunidad, trabajadores de la sede de la Corporaci\u00f3n &hellip; IVSS contin\u00faa con jornada m\u00e9dico integral para trabajadores de CorpoelecRead more\" \/>\n<meta property=\"og:url\" content=\"https:\/\/www.mpppst.gob.ve\/mpppstweb\/index.php\/2019\/04\/23\/ivss-continua-con-jornada-medico-integral-para-trabajadores-de-corpoelec\/\" \/>\n<meta property=\"og:site_name\" content=\"MPPPST\" \/>\n<meta property=\"article:published_time\" content=\"2019-04-23T20:01:29+00:00\" \/>\n<meta property=\"article:modified_time\" content=\"2019-04-23T20:09:31+00:00\" \/>\n<meta property=\"og:image\" content=\"https:\/\/www.mpppst.gob.ve\/mpppstweb\/wp-content\/uploads\/2019\/04\/1-1024x683.jpg\" \/>\n\t<meta property=\"og:image:width\" content=\"1024\" \/>\n\t<meta property=\"og:image:height\" content=\"683\" \/>\n\t<meta property=\"og:image:type\" content=\"image\/jpeg\" \/>\n<meta name=\"author\" content=\"MPPPST Prensa\" \/>\n<meta name=\"twitter:card\" content=\"summary_large_image\" \/>\n<meta name=\"twitter:label1\" content=\"Escrito por\" \/>\n\t<meta name=\"twitter:data1\" content=\"MPPPST Prensa\" \/>\n\t<meta name=\"twitter:label2\" content=\"Tiempo de lectura\" \/>\n\t<meta name=\"twitter:data2\" content=\"2 minutos\" \/>\n<script type=\"application\/ld+json\" class=\"yoast-schema-graph\">{\"@context\":\"https:\/\/schema.org\",\"@graph\":[{\"@type\":\"Article\",\"@id\":\"https:\/\/www.mpppst.gob.ve\/mpppstweb\/index.php\/2019\/04\/23\/ivss-continua-con-jornada-medico-integral-para-trabajadores-de-corpoelec\/#article\",\"isPartOf\":{\"@id\":\"https:\/\/www.mpppst.gob.ve\/mpppstweb\/index.php\/2019\/04\/23\/ivss-continua-con-jornada-medico-integral-para-trabajadores-de-corpoelec\/\"},\"author\":{\"name\":\"MPPPST Prensa\",\"@id\":\"https:\/\/www.mpppst.gob.ve\/mpppstweb\/#\/schema\/person\/fc187ee8ead412bd4c9304b62f900ea4\"},\"headline\":\"IVSS contin\u00faa con jornada m\u00e9dico integral para trabajadores de Corpoelec\",\"datePublished\":\"2019-04-23T20:01:29+00:00\",\"dateModified\":\"2019-04-23T20:09:31+00:00\",\"mainEntityOfPage\":{\"@id\":\"https:\/\/www.mpppst.gob.ve\/mpppstweb\/index.php\/2019\/04\/23\/ivss-continua-con-jornada-medico-integral-para-trabajadores-de-corpoelec\/\"},\"wordCount\":320,\"publisher\":{\"@id\":\"https:\/\/www.mpppst.gob.ve\/mpppstweb\/#organization\"},\"image\":{\"@id\":\"https:\/\/www.mpppst.gob.ve\/mpppstweb\/index.php\/2019\/04\/23\/ivss-continua-con-jornada-medico-integral-para-trabajadores-de-corpoelec\/#primaryimage\"},\"thumbnailUrl\":\"https:\/\/www.mpppst.gob.ve\/mpppstweb\/wp-content\/uploads\/2019\/04\/1.jpg\",\"keywords\":[\"Fuerza Laboral\",\"Gobierno Bolivariano\",\"MPPPST\",\"Participaci\u00f3n popular y protag\u00f3nica\",\"Proceso Social\",\"Trabajadores\"],\"articleSection\":[\"Gobierno Nacional\",\"Vida Laboral y Sindical\"],\"inLanguage\":\"es\"},{\"@type\":\"WebPage\",\"@id\":\"https:\/\/www.mpppst.gob.ve\/mpppstweb\/index.php\/2019\/04\/23\/ivss-continua-con-jornada-medico-integral-para-trabajadores-de-corpoelec\/\",\"url\":\"https:\/\/www.mpppst.gob.ve\/mpppstweb\/index.php\/2019\/04\/23\/ivss-continua-con-jornada-medico-integral-para-trabajadores-de-corpoelec\/\",\"name\":\"IVSS contin\u00faa con jornada m\u00e9dico integral para trabajadores de Corpoelec - MPPPST\",\"isPartOf\":{\"@id\":\"https:\/\/www.mpppst.gob.ve\/mpppstweb\/#website\"},\"primaryImageOfPage\":{\"@id\":\"https:\/\/www.mpppst.gob.ve\/mpppstweb\/index.php\/2019\/04\/23\/ivss-continua-con-jornada-medico-integral-para-trabajadores-de-corpoelec\/#primaryimage\"},\"image\":{\"@id\":\"https:\/\/www.mpppst.gob.ve\/mpppstweb\/index.php\/2019\/04\/23\/ivss-continua-con-jornada-medico-integral-para-trabajadores-de-corpoelec\/#primaryimage\"},\"thumbnailUrl\":\"https:\/\/www.mpppst.gob.ve\/mpppstweb\/wp-content\/uploads\/2019\/04\/1.jpg\",\"datePublished\":\"2019-04-23T20:01:29+00:00\",\"dateModified\":\"2019-04-23T20:09:31+00:00\",\"breadcrumb\":{\"@id\":\"https:\/\/www.mpppst.gob.ve\/mpppstweb\/index.php\/2019\/04\/23\/ivss-continua-con-jornada-medico-integral-para-trabajadores-de-corpoelec\/#breadcrumb\"},\"inLanguage\":\"es\",\"potentialAction\":[{\"@type\":\"ReadAction\",\"target\":[\"https:\/\/www.mpppst.gob.ve\/mpppstweb\/index.php\/2019\/04\/23\/ivss-continua-con-jornada-medico-integral-para-trabajadores-de-corpoelec\/\"]}]},{\"@type\":\"ImageObject\",\"inLanguage\":\"es\",\"@id\":\"https:\/\/www.mpppst.gob.ve\/mpppstweb\/index.php\/2019\/04\/23\/ivss-continua-con-jornada-medico-integral-para-trabajadores-de-corpoelec\/#primaryimage\",\"url\":\"https:\/\/www.mpppst.gob.ve\/mpppstweb\/wp-content\/uploads\/2019\/04\/1.jpg\",\"contentUrl\":\"https:\/\/www.mpppst.gob.ve\/mpppstweb\/wp-content\/uploads\/2019\/04\/1.jpg\",\"width\":6720,\"height\":4480},{\"@type\":\"BreadcrumbList\",\"@id\":\"https:\/\/www.mpppst.gob.ve\/mpppstweb\/index.php\/2019\/04\/23\/ivss-continua-con-jornada-medico-integral-para-trabajadores-de-corpoelec\/#breadcrumb\",\"itemListElement\":[{\"@type\":\"ListItem\",\"position\":1,\"name\":\"Home\",\"item\":\"https:\/\/www.mpppst.gob.ve\/mpppstweb\/\"},{\"@type\":\"ListItem\",\"position\":2,\"name\":\"IVSS contin\u00faa con jornada m\u00e9dico integral para trabajadores de Corpoelec\"}]},{\"@type\":\"WebSite\",\"@id\":\"https:\/\/www.mpppst.gob.ve\/mpppstweb\/#website\",\"url\":\"https:\/\/www.mpppst.gob.ve\/mpppstweb\/\",\"name\":\"MPPPST\",\"description\":\"Ministerio del Poder Popular para el Proceso Social de Trabajo\",\"publisher\":{\"@id\":\"https:\/\/www.mpppst.gob.ve\/mpppstweb\/#organization\"},\"potentialAction\":[{\"@type\":\"SearchAction\",\"target\":{\"@type\":\"EntryPoint\",\"urlTemplate\":\"https:\/\/www.mpppst.gob.ve\/mpppstweb\/?s={search_term_string}\"},\"query-input\":\"required name=search_term_string\"}],\"inLanguage\":\"es\"},{\"@type\":\"Organization\",\"@id\":\"https:\/\/www.mpppst.gob.ve\/mpppstweb\/#organization\",\"name\":\"mpppst\",\"url\":\"https:\/\/www.mpppst.gob.ve\/mpppstweb\/\",\"logo\":{\"@type\":\"ImageObject\",\"inLanguage\":\"es\",\"@id\":\"https:\/\/www.mpppst.gob.ve\/mpppstweb\/#\/schema\/logo\/image\/\",\"url\":\"https:\/\/www.mpppst.gob.ve\/mpppstweb\/wp-content\/uploads\/2025\/07\/cropped-cropped-g910.png\",\"contentUrl\":\"https:\/\/www.mpppst.gob.ve\/mpppstweb\/wp-content\/uploads\/2025\/07\/cropped-cropped-g910.png\",\"width\":1080,\"height\":241,\"caption\":\"mpppst\"},\"image\":{\"@id\":\"https:\/\/www.mpppst.gob.ve\/mpppstweb\/#\/schema\/logo\/image\/\"}},{\"@type\":\"Person\",\"@id\":\"https:\/\/www.mpppst.gob.ve\/mpppstweb\/#\/schema\/person\/fc187ee8ead412bd4c9304b62f900ea4\",\"name\":\"MPPPST Prensa\",\"url\":\"https:\/\/www.mpppst.gob.ve\/mpppstweb\/index.php\/author\/prensa-mpppst\/\"}]}<\/script>\n<!-- \/ Yoast SEO plugin. -->","yoast_head_json":{"title":"IVSS contin\u00faa con jornada m\u00e9dico integral para trabajadores de Corpoelec - MPPPST","robots":{"index":"index","follow":"follow","max-snippet":"max-snippet:-1","max-image-preview":"max-image-preview:large","max-video-preview":"max-video-preview:-1"},"canonical":"https:\/\/www.mpppst.gob.ve\/mpppstweb\/index.php\/2019\/04\/23\/ivss-continua-con-jornada-medico-integral-para-trabajadores-de-corpoelec\/","og_locale":"es_ES","og_type":"article","og_title":"IVSS contin\u00faa con jornada m\u00e9dico integral para trabajadores de Corpoelec - MPPPST","og_description":"Caracas 22 de abril de 2019.- En esta oportunidad, trabajadores de la sede de la Corporaci\u00f3n &hellip; IVSS contin\u00faa con jornada m\u00e9dico integral para trabajadores de CorpoelecRead more","og_url":"https:\/\/www.mpppst.gob.ve\/mpppstweb\/index.php\/2019\/04\/23\/ivss-continua-con-jornada-medico-integral-para-trabajadores-de-corpoelec\/","og_site_name":"MPPPST","article_published_time":"2019-04-23T20:01:29+00:00","article_modified_time":"2019-04-23T20:09:31+00:00","og_image":[{"width":1024,"height":683,"url":"https:\/\/www.mpppst.gob.ve\/mpppstweb\/wp-content\/uploads\/2019\/04\/1-1024x683.jpg","type":"image\/jpeg"}],"author":"MPPPST Prensa","twitter_card":"summary_large_image","twitter_misc":{"Escrito por":"MPPPST Prensa","Tiempo de lectura":"2 minutos"},"schema":{"@context":"https:\/\/schema.org","@graph":[{"@type":"Article","@id":"https:\/\/www.mpppst.gob.ve\/mpppstweb\/index.php\/2019\/04\/23\/ivss-continua-con-jornada-medico-integral-para-trabajadores-de-corpoelec\/#article","isPartOf":{"@id":"https:\/\/www.mpppst.gob.ve\/mpppstweb\/index.php\/2019\/04\/23\/ivss-continua-con-jornada-medico-integral-para-trabajadores-de-corpoelec\/"},"author":{"name":"MPPPST Prensa","@id":"https:\/\/www.mpppst.gob.ve\/mpppstweb\/#\/schema\/person\/fc187ee8ead412bd4c9304b62f900ea4"},"headline":"IVSS contin\u00faa con jornada m\u00e9dico integral para trabajadores de Corpoelec","datePublished":"2019-04-23T20:01:29+00:00","dateModified":"2019-04-23T20:09:31+00:00","mainEntityOfPage":{"@id":"https:\/\/www.mpppst.gob.ve\/mpppstweb\/index.php\/2019\/04\/23\/ivss-continua-con-jornada-medico-integral-para-trabajadores-de-corpoelec\/"},"wordCount":320,"publisher":{"@id":"https:\/\/www.mpppst.gob.ve\/mpppstweb\/#organization"},"image":{"@id":"https:\/\/www.mpppst.gob.ve\/mpppstweb\/index.php\/2019\/04\/23\/ivss-continua-con-jornada-medico-integral-para-trabajadores-de-corpoelec\/#primaryimage"},"thumbnailUrl":"https:\/\/www.mpppst.gob.ve\/mpppstweb\/wp-content\/uploads\/2019\/04\/1.jpg","keywords":["Fuerza Laboral","Gobierno Bolivariano","MPPPST","Participaci\u00f3n popular y protag\u00f3nica","Proceso Social","Trabajadores"],"articleSection":["Gobierno Nacional","Vida Laboral y Sindical"],"inLanguage":"es"},{"@type":"WebPage","@id":"https:\/\/www.mpppst.gob.ve\/mpppstweb\/index.php\/2019\/04\/23\/ivss-continua-con-jornada-medico-integral-para-trabajadores-de-corpoelec\/","url":"https:\/\/www.mpppst.gob.ve\/mpppstweb\/index.php\/2019\/04\/23\/ivss-continua-con-jornada-medico-integral-para-trabajadores-de-corpoelec\/","name":"IVSS contin\u00faa con jornada m\u00e9dico integral para trabajadores de Corpoelec - MPPPST","isPartOf":{"@id":"https:\/\/www.mpppst.gob.ve\/mpppstweb\/#website"},"primaryImageOfPage":{"@id":"https:\/\/www.mpppst.gob.ve\/mpppstweb\/index.php\/2019\/04\/23\/ivss-continua-con-jornada-medico-integral-para-trabajadores-de-corpoelec\/#primaryimage"},"image":{"@id":"https:\/\/www.mpppst.gob.ve\/mpppstweb\/index.php\/2019\/04\/23\/ivss-continua-con-jornada-medico-integral-para-trabajadores-de-corpoelec\/#primaryimage"},"thumbnailUrl":"https:\/\/www.mpppst.gob.ve\/mpppstweb\/wp-content\/uploads\/2019\/04\/1.jpg","datePublished":"2019-04-23T20:01:29+00:00","dateModified":"2019-04-23T20:09:31+00:00","breadcrumb":{"@id":"https:\/\/www.mpppst.gob.ve\/mpppstweb\/index.php\/2019\/04\/23\/ivss-continua-con-jornada-medico-integral-para-trabajadores-de-corpoelec\/#breadcrumb"},"inLanguage":"es","potentialAction":[{"@type":"ReadAction","target":["https:\/\/www.mpppst.gob.ve\/mpppstweb\/index.php\/2019\/04\/23\/ivss-continua-con-jornada-medico-integral-para-trabajadores-de-corpoelec\/"]}]},{"@type":"ImageObject","inLanguage":"es","@id":"https:\/\/www.mpppst.gob.ve\/mpppstweb\/index.php\/2019\/04\/23\/ivss-continua-con-jornada-medico-integral-para-trabajadores-de-corpoelec\/#primaryimage","url":"https:\/\/www.mpppst.gob.ve\/mpppstweb\/wp-content\/uploads\/2019\/04\/1.jpg","contentUrl":"https:\/\/www.mpppst.gob.ve\/mpppstweb\/wp-content\/uploads\/2019\/04\/1.jpg","width":6720,"height":4480},{"@type":"BreadcrumbList","@id":"https:\/\/www.mpppst.gob.ve\/mpppstweb\/index.php\/2019\/04\/23\/ivss-continua-con-jornada-medico-integral-para-trabajadores-de-corpoelec\/#breadcrumb","itemListElement":[{"@type":"ListItem","position":1,"name":"Home","item":"https:\/\/www.mpppst.gob.ve\/mpppstweb\/"},{"@type":"ListItem","position":2,"name":"IVSS contin\u00faa con jornada m\u00e9dico integral para trabajadores de Corpoelec"}]},{"@type":"WebSite","@id":"https:\/\/www.mpppst.gob.ve\/mpppstweb\/#website","url":"https:\/\/www.mpppst.gob.ve\/mpppstweb\/","name":"MPPPST","description":"Ministerio del Poder Popular para el Proceso Social de Trabajo","publisher":{"@id":"https:\/\/www.mpppst.gob.ve\/mpppstweb\/#organization"},"potentialAction":[{"@type":"SearchAction","target":{"@type":"EntryPoint","urlTemplate":"https:\/\/www.mpppst.gob.ve\/mpppstweb\/?s={search_term_string}"},"query-input":"required name=search_term_string"}],"inLanguage":"es"},{"@type":"Organization","@id":"https:\/\/www.mpppst.gob.ve\/mpppstweb\/#organization","name":"mpppst","url":"https:\/\/www.mpppst.gob.ve\/mpppstweb\/","logo":{"@type":"ImageObject","inLanguage":"es","@id":"https:\/\/www.mpppst.gob.ve\/mpppstweb\/#\/schema\/logo\/image\/","url":"https:\/\/www.mpppst.gob.ve\/mpppstweb\/wp-content\/uploads\/2025\/07\/cropped-cropped-g910.png","contentUrl":"https:\/\/www.mpppst.gob.ve\/mpppstweb\/wp-content\/uploads\/2025\/07\/cropped-cropped-g910.png","width":1080,"height":241,"caption":"mpppst"},"image":{"@id":"https:\/\/www.mpppst.gob.ve\/mpppstweb\/#\/schema\/logo\/image\/"}},{"@type":"Person","@id":"https:\/\/www.mpppst.gob.ve\/mpppstweb\/#\/schema\/person\/fc187ee8ead412bd4c9304b62f900ea4","name":"MPPPST Prensa","url":"https:\/\/www.mpppst.gob.ve\/mpppstweb\/index.php\/author\/prensa-mpppst\/"}]}},"_links":{"self":[{"href":"https:\/\/www.mpppst.gob.ve\/mpppstweb\/index.php\/wp-json\/wp\/v2\/posts\/16068"}],"collection":[{"href":"https:\/\/www.mpppst.gob.ve\/mpppstweb\/index.php\/wp-json\/wp\/v2\/posts"}],"about":[{"href":"https:\/\/www.mpppst.gob.ve\/mpppstweb\/index.php\/wp-json\/wp\/v2\/types\/post"}],"author":[{"embeddable":true,"href":"https:\/\/www.mpppst.gob.ve\/mpppstweb\/index.php\/wp-json\/wp\/v2\/users\/25"}],"replies":[{"embeddable":true,"href":"https:\/\/www.mpppst.gob.ve\/mpppstweb\/index.php\/wp-json\/wp\/v2\/comments?post=16068"}],"version-history":[{"count":4,"href":"https:\/\/www.mpppst.gob.ve\/mpppstweb\/index.php\/wp-json\/wp\/v2\/posts\/16068\/revisions"}],"predecessor-version":[{"id":16075,"href":"https:\/\/www.mpppst.gob.ve\/mpppstweb\/index.php\/wp-json\/wp\/v2\/posts\/16068\/revisions\/16075"}],"wp:featuredmedia":[{"embeddable":true,"href":"https:\/\/www.mpppst.gob.ve\/mpppstweb\/index.php\/wp-json\/wp\/v2\/media\/16069"}],"wp:attachment":[{"href":"https:\/\/www.mpppst.gob.ve\/mpppstweb\/index.php\/wp-json\/wp\/v2\/media?parent=16068"}],"wp:term":[{"taxonomy":"category","embeddable":true,"href":"https:\/\/www.mpppst.gob.ve\/mpppstweb\/index.php\/wp-json\/wp\/v2\/categories?post=16068"},{"taxonomy":"post_tag","embeddable":true,"href":"https:\/\/www.mpppst.gob.ve\/mpppstweb\/index.php\/wp-json\/wp\/v2\/tags?post=16068"}],"curies":[{"name":"wp","href":"https:\/\/api.w.org\/{rel}","templated":true}]}}