{"id":16078,"date":"2019-04-24T19:02:22","date_gmt":"2019-04-24T23:02:22","guid":{"rendered":"http:\/\/www.mpppst.gob.ve\/mpppstweb\/?p=16078"},"modified":"2019-04-24T19:12:09","modified_gmt":"2019-04-24T23:12:09","slug":"wills-rangel-no-solo-es-aumento-salarial-es-consolidacion-del-estado-obrero-campesino-comunal","status":"publish","type":"post","link":"https:\/\/www.mpppst.gob.ve\/mpppstweb\/index.php\/2019\/04\/24\/wills-rangel-no-solo-es-aumento-salarial-es-consolidacion-del-estado-obrero-campesino-comunal\/","title":{"rendered":"Wills Rangel \u201cNo solo es aumento salarial, es consolidaci\u00f3n del Estado Obrero Campesino Comunal\u201d"},"content":{"rendered":"<p>Caracas, 24 de abril de 2019.- En rueda de prensa acompa\u00f1ado de trabajadores y trabajadoras de diferentes sectores y regiones del pa\u00eds, el presidente de la Central Bolivariana Socialista y dirigente petrolero, Wills Rangel, anunci\u00f3 el cronograma de actividades previsto en lo que han definido como el \u201cMayo Obrero\u201d, as\u00ed como la ruta y consignas de la marcha del Primero de Mayo, toda una ofensiva que a su juicio \u201ctrasciende la tradicionalidad del aumento salarial\u201d.<\/p>\n<p>\u201cNo podemos pensar en el marco de la tradicionalidad de un aumento salarial, tampoco creemos en el tripartismo, nosotros estamos apostando a ir m\u00e1s all\u00e1, necesitamos consolidar el Estado Obrero Campesino Comunal, necesitamos garantizar la producci\u00f3n para ofrecer costos accesibles a la poblaci\u00f3n porque estamos luchando contra una guerra econ\u00f3mica despiadada. M\u00e1s all\u00e1 del salario necesitamos tener alimentaci\u00f3n, salud, vestido, esparcimiento y cultura y esa es nuestra meta\u201d, enfatiz\u00f3 Rangel.<\/p>\n<p>Sobre la marcha del Primero de Mayo, D\u00eda Internacional del Trabajador, el presidente de la Central Socialista, Wills Rangel, inform\u00f3 que como un homenaje a los trabajadores del sector el\u00e9ctrico habr\u00e1 una pre-marcha que arrancar\u00e1 el 29 de abril desde Guayana con ruta hacia la Faja Petrol\u00edfera del Orinoco, a donde arribar\u00e1 el d\u00eda 30 y de all\u00ed continuar\u00e1n rumbo a Caracas, para una vigilia en Miraflores y marchar el Primero de Mayo. En cuanto a los puntos de concentraci\u00f3n habr\u00e1 dos, uno en la avenida Libertador, a la altura de la Cantv y el otro, en el Inces de la Nueva Granada para marchar hasta Miraflores.<\/p>\n<p>\u201cNo habr\u00e1 posibilidad de convocatoria de la derecha malsana. Esta Central Socialista se va a la calle y se mantendr\u00e1 en la calle por siempre y con un objetivo fundamental que es garantizar la producci\u00f3n\u201d, insisti\u00f3 Rangel.<\/p>\n<p>Actividades del Mayo Obrero<\/p>\n<p>En el marco de la celebraci\u00f3n del Mayo Obrero, Rangel enumer\u00f3 varias actividades que tiene planificadas la CBST, entre estas: el \u201cSeminario Tendencias del Mundo del Trabajo\u201d para profundizar la formaci\u00f3n ideol\u00f3gica de la clase trabajadora el cual arranc\u00f3 el d\u00eda 23 de abril, continuaci\u00f3n del Congreso Constituyente de los Trabajadores, el Congreso de la Seguridad Social organizado en coordinaci\u00f3n con Inpsasel, el Encuentro Mundial Antiimperialista de los Trabajadores del Transporte y los Primeros Juegos Deportivos de la Clase Obrera en coordinaci\u00f3n con el Incret.<\/p>\n<p>Prensa CBST<\/p>\n","protected":false},"excerpt":{"rendered":"<p>Caracas, 24 de abril de 2019.- En rueda de prensa acompa\u00f1ado de trabajadores y trabajadoras de &hellip; <a title=\"Wills Rangel \u201cNo solo es aumento salarial, es consolidaci\u00f3n del Estado Obrero Campesino Comunal\u201d\" class=\"hm-read-more\" href=\"https:\/\/www.mpppst.gob.ve\/mpppstweb\/index.php\/2019\/04\/24\/wills-rangel-no-solo-es-aumento-salarial-es-consolidacion-del-estado-obrero-campesino-comunal\/\"><span class=\"screen-reader-text\">Wills Rangel \u201cNo solo es aumento salarial, es consolidaci\u00f3n del Estado Obrero Campesino Comunal\u201d<\/span>Read more<\/a><\/p>\n","protected":false},"author":25,"featured_media":16079,"comment_status":"closed","ping_status":"closed","sticky":false,"template":"","format":"standard","meta":{"footnotes":""},"categories":[82,163],"tags":[222],"yoast_head":"<!-- This site is optimized with the Yoast SEO plugin v22.5 - https:\/\/yoast.com\/wordpress\/plugins\/seo\/ -->\n<title>Wills Rangel \u201cNo solo es aumento salarial, es consolidaci\u00f3n del Estado Obrero Campesino Comunal\u201d - MPPPST<\/title>\n<meta name=\"robots\" content=\"index, follow, max-snippet:-1, max-image-preview:large, max-video-preview:-1\" \/>\n<link rel=\"canonical\" href=\"https:\/\/www.mpppst.gob.ve\/mpppstweb\/index.php\/2019\/04\/24\/wills-rangel-no-solo-es-aumento-salarial-es-consolidacion-del-estado-obrero-campesino-comunal\/\" \/>\n<meta property=\"og:locale\" content=\"es_ES\" \/>\n<meta property=\"og:type\" content=\"article\" \/>\n<meta property=\"og:title\" content=\"Wills Rangel \u201cNo solo es aumento salarial, es consolidaci\u00f3n del Estado Obrero Campesino Comunal\u201d - MPPPST\" \/>\n<meta property=\"og:description\" content=\"Caracas, 24 de abril de 2019.- En rueda de prensa acompa\u00f1ado de trabajadores y trabajadoras de &hellip; Wills Rangel \u201cNo solo es aumento salarial, es consolidaci\u00f3n del Estado Obrero Campesino Comunal\u201dRead more\" \/>\n<meta property=\"og:url\" content=\"https:\/\/www.mpppst.gob.ve\/mpppstweb\/index.php\/2019\/04\/24\/wills-rangel-no-solo-es-aumento-salarial-es-consolidacion-del-estado-obrero-campesino-comunal\/\" \/>\n<meta property=\"og:site_name\" content=\"MPPPST\" \/>\n<meta property=\"article:published_time\" content=\"2019-04-24T23:02:22+00:00\" \/>\n<meta property=\"article:modified_time\" content=\"2019-04-24T23:12:09+00:00\" \/>\n<meta property=\"og:image\" content=\"https:\/\/www.mpppst.gob.ve\/mpppstweb\/wp-content\/uploads\/2019\/04\/WhatsApp-Image-2019-04-24-at-6.18.56-PM.jpeg\" \/>\n\t<meta property=\"og:image:width\" content=\"1080\" \/>\n\t<meta property=\"og:image:height\" content=\"607\" \/>\n\t<meta property=\"og:image:type\" content=\"image\/jpeg\" \/>\n<meta name=\"author\" content=\"MPPPST Prensa\" \/>\n<meta name=\"twitter:card\" content=\"summary_large_image\" \/>\n<meta name=\"twitter:label1\" content=\"Escrito por\" \/>\n\t<meta name=\"twitter:data1\" content=\"MPPPST Prensa\" \/>\n\t<meta name=\"twitter:label2\" content=\"Tiempo de lectura\" \/>\n\t<meta name=\"twitter:data2\" content=\"2 minutos\" \/>\n<script type=\"application\/ld+json\" class=\"yoast-schema-graph\">{\"@context\":\"https:\/\/schema.org\",\"@graph\":[{\"@type\":\"Article\",\"@id\":\"https:\/\/www.mpppst.gob.ve\/mpppstweb\/index.php\/2019\/04\/24\/wills-rangel-no-solo-es-aumento-salarial-es-consolidacion-del-estado-obrero-campesino-comunal\/#article\",\"isPartOf\":{\"@id\":\"https:\/\/www.mpppst.gob.ve\/mpppstweb\/index.php\/2019\/04\/24\/wills-rangel-no-solo-es-aumento-salarial-es-consolidacion-del-estado-obrero-campesino-comunal\/\"},\"author\":{\"name\":\"MPPPST Prensa\",\"@id\":\"https:\/\/www.mpppst.gob.ve\/mpppstweb\/#\/schema\/person\/fc187ee8ead412bd4c9304b62f900ea4\"},\"headline\":\"Wills Rangel \u201cNo solo es aumento salarial, es consolidaci\u00f3n del Estado Obrero Campesino Comunal\u201d\",\"datePublished\":\"2019-04-24T23:02:22+00:00\",\"dateModified\":\"2019-04-24T23:12:09+00:00\",\"mainEntityOfPage\":{\"@id\":\"https:\/\/www.mpppst.gob.ve\/mpppstweb\/index.php\/2019\/04\/24\/wills-rangel-no-solo-es-aumento-salarial-es-consolidacion-del-estado-obrero-campesino-comunal\/\"},\"wordCount\":413,\"publisher\":{\"@id\":\"https:\/\/www.mpppst.gob.ve\/mpppstweb\/#organization\"},\"image\":{\"@id\":\"https:\/\/www.mpppst.gob.ve\/mpppstweb\/index.php\/2019\/04\/24\/wills-rangel-no-solo-es-aumento-salarial-es-consolidacion-del-estado-obrero-campesino-comunal\/#primaryimage\"},\"thumbnailUrl\":\"https:\/\/www.mpppst.gob.ve\/mpppstweb\/wp-content\/uploads\/2019\/04\/WhatsApp-Image-2019-04-24-at-6.18.56-PM.jpeg\",\"keywords\":[\"Gobierno Bolivariano\"],\"articleSection\":[\"Gobierno Nacional\",\"Noticias\"],\"inLanguage\":\"es\"},{\"@type\":\"WebPage\",\"@id\":\"https:\/\/www.mpppst.gob.ve\/mpppstweb\/index.php\/2019\/04\/24\/wills-rangel-no-solo-es-aumento-salarial-es-consolidacion-del-estado-obrero-campesino-comunal\/\",\"url\":\"https:\/\/www.mpppst.gob.ve\/mpppstweb\/index.php\/2019\/04\/24\/wills-rangel-no-solo-es-aumento-salarial-es-consolidacion-del-estado-obrero-campesino-comunal\/\",\"name\":\"Wills Rangel \u201cNo solo es aumento salarial, es consolidaci\u00f3n del Estado Obrero Campesino Comunal\u201d - MPPPST\",\"isPartOf\":{\"@id\":\"https:\/\/www.mpppst.gob.ve\/mpppstweb\/#website\"},\"primaryImageOfPage\":{\"@id\":\"https:\/\/www.mpppst.gob.ve\/mpppstweb\/index.php\/2019\/04\/24\/wills-rangel-no-solo-es-aumento-salarial-es-consolidacion-del-estado-obrero-campesino-comunal\/#primaryimage\"},\"image\":{\"@id\":\"https:\/\/www.mpppst.gob.ve\/mpppstweb\/index.php\/2019\/04\/24\/wills-rangel-no-solo-es-aumento-salarial-es-consolidacion-del-estado-obrero-campesino-comunal\/#primaryimage\"},\"thumbnailUrl\":\"https:\/\/www.mpppst.gob.ve\/mpppstweb\/wp-content\/uploads\/2019\/04\/WhatsApp-Image-2019-04-24-at-6.18.56-PM.jpeg\",\"datePublished\":\"2019-04-24T23:02:22+00:00\",\"dateModified\":\"2019-04-24T23:12:09+00:00\",\"breadcrumb\":{\"@id\":\"https:\/\/www.mpppst.gob.ve\/mpppstweb\/index.php\/2019\/04\/24\/wills-rangel-no-solo-es-aumento-salarial-es-consolidacion-del-estado-obrero-campesino-comunal\/#breadcrumb\"},\"inLanguage\":\"es\",\"potentialAction\":[{\"@type\":\"ReadAction\",\"target\":[\"https:\/\/www.mpppst.gob.ve\/mpppstweb\/index.php\/2019\/04\/24\/wills-rangel-no-solo-es-aumento-salarial-es-consolidacion-del-estado-obrero-campesino-comunal\/\"]}]},{\"@type\":\"ImageObject\",\"inLanguage\":\"es\",\"@id\":\"https:\/\/www.mpppst.gob.ve\/mpppstweb\/index.php\/2019\/04\/24\/wills-rangel-no-solo-es-aumento-salarial-es-consolidacion-del-estado-obrero-campesino-comunal\/#primaryimage\",\"url\":\"https:\/\/www.mpppst.gob.ve\/mpppstweb\/wp-content\/uploads\/2019\/04\/WhatsApp-Image-2019-04-24-at-6.18.56-PM.jpeg\",\"contentUrl\":\"https:\/\/www.mpppst.gob.ve\/mpppstweb\/wp-content\/uploads\/2019\/04\/WhatsApp-Image-2019-04-24-at-6.18.56-PM.jpeg\",\"width\":1080,\"height\":607},{\"@type\":\"BreadcrumbList\",\"@id\":\"https:\/\/www.mpppst.gob.ve\/mpppstweb\/index.php\/2019\/04\/24\/wills-rangel-no-solo-es-aumento-salarial-es-consolidacion-del-estado-obrero-campesino-comunal\/#breadcrumb\",\"itemListElement\":[{\"@type\":\"ListItem\",\"position\":1,\"name\":\"Home\",\"item\":\"https:\/\/www.mpppst.gob.ve\/mpppstweb\/\"},{\"@type\":\"ListItem\",\"position\":2,\"name\":\"Wills Rangel \u201cNo solo es aumento salarial, es consolidaci\u00f3n del Estado Obrero Campesino Comunal\u201d\"}]},{\"@type\":\"WebSite\",\"@id\":\"https:\/\/www.mpppst.gob.ve\/mpppstweb\/#website\",\"url\":\"https:\/\/www.mpppst.gob.ve\/mpppstweb\/\",\"name\":\"MPPPST\",\"description\":\"Ministerio del Poder Popular para el Proceso Social de Trabajo\",\"publisher\":{\"@id\":\"https:\/\/www.mpppst.gob.ve\/mpppstweb\/#organization\"},\"potentialAction\":[{\"@type\":\"SearchAction\",\"target\":{\"@type\":\"EntryPoint\",\"urlTemplate\":\"https:\/\/www.mpppst.gob.ve\/mpppstweb\/?s={search_term_string}\"},\"query-input\":\"required name=search_term_string\"}],\"inLanguage\":\"es\"},{\"@type\":\"Organization\",\"@id\":\"https:\/\/www.mpppst.gob.ve\/mpppstweb\/#organization\",\"name\":\"mpppst\",\"url\":\"https:\/\/www.mpppst.gob.ve\/mpppstweb\/\",\"logo\":{\"@type\":\"ImageObject\",\"inLanguage\":\"es\",\"@id\":\"https:\/\/www.mpppst.gob.ve\/mpppstweb\/#\/schema\/logo\/image\/\",\"url\":\"https:\/\/www.mpppst.gob.ve\/mpppstweb\/wp-content\/uploads\/2025\/07\/cropped-cropped-g910.png\",\"contentUrl\":\"https:\/\/www.mpppst.gob.ve\/mpppstweb\/wp-content\/uploads\/2025\/07\/cropped-cropped-g910.png\",\"width\":1080,\"height\":241,\"caption\":\"mpppst\"},\"image\":{\"@id\":\"https:\/\/www.mpppst.gob.ve\/mpppstweb\/#\/schema\/logo\/image\/\"}},{\"@type\":\"Person\",\"@id\":\"https:\/\/www.mpppst.gob.ve\/mpppstweb\/#\/schema\/person\/fc187ee8ead412bd4c9304b62f900ea4\",\"name\":\"MPPPST Prensa\",\"url\":\"https:\/\/www.mpppst.gob.ve\/mpppstweb\/index.php\/author\/prensa-mpppst\/\"}]}<\/script>\n<!-- \/ Yoast SEO plugin. -->","yoast_head_json":{"title":"Wills Rangel \u201cNo solo es aumento salarial, es consolidaci\u00f3n del Estado Obrero Campesino Comunal\u201d - MPPPST","robots":{"index":"index","follow":"follow","max-snippet":"max-snippet:-1","max-image-preview":"max-image-preview:large","max-video-preview":"max-video-preview:-1"},"canonical":"https:\/\/www.mpppst.gob.ve\/mpppstweb\/index.php\/2019\/04\/24\/wills-rangel-no-solo-es-aumento-salarial-es-consolidacion-del-estado-obrero-campesino-comunal\/","og_locale":"es_ES","og_type":"article","og_title":"Wills Rangel \u201cNo solo es aumento salarial, es consolidaci\u00f3n del Estado Obrero Campesino Comunal\u201d - MPPPST","og_description":"Caracas, 24 de abril de 2019.- En rueda de prensa acompa\u00f1ado de trabajadores y trabajadoras de &hellip; Wills Rangel \u201cNo solo es aumento salarial, es consolidaci\u00f3n del Estado Obrero Campesino Comunal\u201dRead more","og_url":"https:\/\/www.mpppst.gob.ve\/mpppstweb\/index.php\/2019\/04\/24\/wills-rangel-no-solo-es-aumento-salarial-es-consolidacion-del-estado-obrero-campesino-comunal\/","og_site_name":"MPPPST","article_published_time":"2019-04-24T23:02:22+00:00","article_modified_time":"2019-04-24T23:12:09+00:00","og_image":[{"width":1080,"height":607,"url":"https:\/\/www.mpppst.gob.ve\/mpppstweb\/wp-content\/uploads\/2019\/04\/WhatsApp-Image-2019-04-24-at-6.18.56-PM.jpeg","type":"image\/jpeg"}],"author":"MPPPST Prensa","twitter_card":"summary_large_image","twitter_misc":{"Escrito por":"MPPPST Prensa","Tiempo de lectura":"2 minutos"},"schema":{"@context":"https:\/\/schema.org","@graph":[{"@type":"Article","@id":"https:\/\/www.mpppst.gob.ve\/mpppstweb\/index.php\/2019\/04\/24\/wills-rangel-no-solo-es-aumento-salarial-es-consolidacion-del-estado-obrero-campesino-comunal\/#article","isPartOf":{"@id":"https:\/\/www.mpppst.gob.ve\/mpppstweb\/index.php\/2019\/04\/24\/wills-rangel-no-solo-es-aumento-salarial-es-consolidacion-del-estado-obrero-campesino-comunal\/"},"author":{"name":"MPPPST Prensa","@id":"https:\/\/www.mpppst.gob.ve\/mpppstweb\/#\/schema\/person\/fc187ee8ead412bd4c9304b62f900ea4"},"headline":"Wills Rangel \u201cNo solo es aumento salarial, es consolidaci\u00f3n del Estado Obrero Campesino Comunal\u201d","datePublished":"2019-04-24T23:02:22+00:00","dateModified":"2019-04-24T23:12:09+00:00","mainEntityOfPage":{"@id":"https:\/\/www.mpppst.gob.ve\/mpppstweb\/index.php\/2019\/04\/24\/wills-rangel-no-solo-es-aumento-salarial-es-consolidacion-del-estado-obrero-campesino-comunal\/"},"wordCount":413,"publisher":{"@id":"https:\/\/www.mpppst.gob.ve\/mpppstweb\/#organization"},"image":{"@id":"https:\/\/www.mpppst.gob.ve\/mpppstweb\/index.php\/2019\/04\/24\/wills-rangel-no-solo-es-aumento-salarial-es-consolidacion-del-estado-obrero-campesino-comunal\/#primaryimage"},"thumbnailUrl":"https:\/\/www.mpppst.gob.ve\/mpppstweb\/wp-content\/uploads\/2019\/04\/WhatsApp-Image-2019-04-24-at-6.18.56-PM.jpeg","keywords":["Gobierno Bolivariano"],"articleSection":["Gobierno Nacional","Noticias"],"inLanguage":"es"},{"@type":"WebPage","@id":"https:\/\/www.mpppst.gob.ve\/mpppstweb\/index.php\/2019\/04\/24\/wills-rangel-no-solo-es-aumento-salarial-es-consolidacion-del-estado-obrero-campesino-comunal\/","url":"https:\/\/www.mpppst.gob.ve\/mpppstweb\/index.php\/2019\/04\/24\/wills-rangel-no-solo-es-aumento-salarial-es-consolidacion-del-estado-obrero-campesino-comunal\/","name":"Wills Rangel \u201cNo solo es aumento salarial, es consolidaci\u00f3n del Estado Obrero Campesino Comunal\u201d - MPPPST","isPartOf":{"@id":"https:\/\/www.mpppst.gob.ve\/mpppstweb\/#website"},"primaryImageOfPage":{"@id":"https:\/\/www.mpppst.gob.ve\/mpppstweb\/index.php\/2019\/04\/24\/wills-rangel-no-solo-es-aumento-salarial-es-consolidacion-del-estado-obrero-campesino-comunal\/#primaryimage"},"image":{"@id":"https:\/\/www.mpppst.gob.ve\/mpppstweb\/index.php\/2019\/04\/24\/wills-rangel-no-solo-es-aumento-salarial-es-consolidacion-del-estado-obrero-campesino-comunal\/#primaryimage"},"thumbnailUrl":"https:\/\/www.mpppst.gob.ve\/mpppstweb\/wp-content\/uploads\/2019\/04\/WhatsApp-Image-2019-04-24-at-6.18.56-PM.jpeg","datePublished":"2019-04-24T23:02:22+00:00","dateModified":"2019-04-24T23:12:09+00:00","breadcrumb":{"@id":"https:\/\/www.mpppst.gob.ve\/mpppstweb\/index.php\/2019\/04\/24\/wills-rangel-no-solo-es-aumento-salarial-es-consolidacion-del-estado-obrero-campesino-comunal\/#breadcrumb"},"inLanguage":"es","potentialAction":[{"@type":"ReadAction","target":["https:\/\/www.mpppst.gob.ve\/mpppstweb\/index.php\/2019\/04\/24\/wills-rangel-no-solo-es-aumento-salarial-es-consolidacion-del-estado-obrero-campesino-comunal\/"]}]},{"@type":"ImageObject","inLanguage":"es","@id":"https:\/\/www.mpppst.gob.ve\/mpppstweb\/index.php\/2019\/04\/24\/wills-rangel-no-solo-es-aumento-salarial-es-consolidacion-del-estado-obrero-campesino-comunal\/#primaryimage","url":"https:\/\/www.mpppst.gob.ve\/mpppstweb\/wp-content\/uploads\/2019\/04\/WhatsApp-Image-2019-04-24-at-6.18.56-PM.jpeg","contentUrl":"https:\/\/www.mpppst.gob.ve\/mpppstweb\/wp-content\/uploads\/2019\/04\/WhatsApp-Image-2019-04-24-at-6.18.56-PM.jpeg","width":1080,"height":607},{"@type":"BreadcrumbList","@id":"https:\/\/www.mpppst.gob.ve\/mpppstweb\/index.php\/2019\/04\/24\/wills-rangel-no-solo-es-aumento-salarial-es-consolidacion-del-estado-obrero-campesino-comunal\/#breadcrumb","itemListElement":[{"@type":"ListItem","position":1,"name":"Home","item":"https:\/\/www.mpppst.gob.ve\/mpppstweb\/"},{"@type":"ListItem","position":2,"name":"Wills Rangel \u201cNo solo es aumento salarial, es consolidaci\u00f3n del Estado Obrero Campesino Comunal\u201d"}]},{"@type":"WebSite","@id":"https:\/\/www.mpppst.gob.ve\/mpppstweb\/#website","url":"https:\/\/www.mpppst.gob.ve\/mpppstweb\/","name":"MPPPST","description":"Ministerio del Poder Popular para el Proceso Social de Trabajo","publisher":{"@id":"https:\/\/www.mpppst.gob.ve\/mpppstweb\/#organization"},"potentialAction":[{"@type":"SearchAction","target":{"@type":"EntryPoint","urlTemplate":"https:\/\/www.mpppst.gob.ve\/mpppstweb\/?s={search_term_string}"},"query-input":"required name=search_term_string"}],"inLanguage":"es"},{"@type":"Organization","@id":"https:\/\/www.mpppst.gob.ve\/mpppstweb\/#organization","name":"mpppst","url":"https:\/\/www.mpppst.gob.ve\/mpppstweb\/","logo":{"@type":"ImageObject","inLanguage":"es","@id":"https:\/\/www.mpppst.gob.ve\/mpppstweb\/#\/schema\/logo\/image\/","url":"https:\/\/www.mpppst.gob.ve\/mpppstweb\/wp-content\/uploads\/2025\/07\/cropped-cropped-g910.png","contentUrl":"https:\/\/www.mpppst.gob.ve\/mpppstweb\/wp-content\/uploads\/2025\/07\/cropped-cropped-g910.png","width":1080,"height":241,"caption":"mpppst"},"image":{"@id":"https:\/\/www.mpppst.gob.ve\/mpppstweb\/#\/schema\/logo\/image\/"}},{"@type":"Person","@id":"https:\/\/www.mpppst.gob.ve\/mpppstweb\/#\/schema\/person\/fc187ee8ead412bd4c9304b62f900ea4","name":"MPPPST Prensa","url":"https:\/\/www.mpppst.gob.ve\/mpppstweb\/index.php\/author\/prensa-mpppst\/"}]}},"_links":{"self":[{"href":"https:\/\/www.mpppst.gob.ve\/mpppstweb\/index.php\/wp-json\/wp\/v2\/posts\/16078"}],"collection":[{"href":"https:\/\/www.mpppst.gob.ve\/mpppstweb\/index.php\/wp-json\/wp\/v2\/posts"}],"about":[{"href":"https:\/\/www.mpppst.gob.ve\/mpppstweb\/index.php\/wp-json\/wp\/v2\/types\/post"}],"author":[{"embeddable":true,"href":"https:\/\/www.mpppst.gob.ve\/mpppstweb\/index.php\/wp-json\/wp\/v2\/users\/25"}],"replies":[{"embeddable":true,"href":"https:\/\/www.mpppst.gob.ve\/mpppstweb\/index.php\/wp-json\/wp\/v2\/comments?post=16078"}],"version-history":[{"count":3,"href":"https:\/\/www.mpppst.gob.ve\/mpppstweb\/index.php\/wp-json\/wp\/v2\/posts\/16078\/revisions"}],"predecessor-version":[{"id":16082,"href":"https:\/\/www.mpppst.gob.ve\/mpppstweb\/index.php\/wp-json\/wp\/v2\/posts\/16078\/revisions\/16082"}],"wp:featuredmedia":[{"embeddable":true,"href":"https:\/\/www.mpppst.gob.ve\/mpppstweb\/index.php\/wp-json\/wp\/v2\/media\/16079"}],"wp:attachment":[{"href":"https:\/\/www.mpppst.gob.ve\/mpppstweb\/index.php\/wp-json\/wp\/v2\/media?parent=16078"}],"wp:term":[{"taxonomy":"category","embeddable":true,"href":"https:\/\/www.mpppst.gob.ve\/mpppstweb\/index.php\/wp-json\/wp\/v2\/categories?post=16078"},{"taxonomy":"post_tag","embeddable":true,"href":"https:\/\/www.mpppst.gob.ve\/mpppstweb\/index.php\/wp-json\/wp\/v2\/tags?post=16078"}],"curies":[{"name":"wp","href":"https:\/\/api.w.org\/{rel}","templated":true}]}}