{"id":16086,"date":"2019-04-25T11:31:55","date_gmt":"2019-04-25T15:31:55","guid":{"rendered":"http:\/\/www.mpppst.gob.ve\/mpppstweb\/?p=16086"},"modified":"2019-04-25T11:31:55","modified_gmt":"2019-04-25T15:31:55","slug":"comenzo-ciclos-de-conversatorios-con-la-clase-obrera-del-mpppst","status":"publish","type":"post","link":"https:\/\/www.mpppst.gob.ve\/mpppstweb\/index.php\/2019\/04\/25\/comenzo-ciclos-de-conversatorios-con-la-clase-obrera-del-mpppst\/","title":{"rendered":"Comenz\u00f3 ciclos de conversatorios con la Clase Obrera del Mpppst"},"content":{"rendered":"<p>Caracas 24 de abril del 2019.- Se dio apertura al ciclo de conversatorios y foros con las trabajadoras y trabajadores del Ministerio del Poder Popular para el Proceso Social de Trabajo y sus entes adscritos, en el Auditorio Dr. Arnaldo Gabard\u00f3n, de la torre sur del ente ministerial, en el \u00a0marco de las actividades programadas para el mayo obrero.<\/p>\n<p>Los ponentes que participaron fueron: el profesor Roberto Gonz\u00e1lez C\u00e1rdenas y el Presidente del Instituto Nacional de Prevenci\u00f3n, Salud y Seguridad Laboral, Giovanni Pe\u00f1a, con la participaci\u00f3n de la clase trabajadora y personalidades invitadas.<\/p>\n<p>El inicio de la actividad estuvo a cargo del presidente de Inpsasel, Giovanni Pe\u00f1a con la exposici\u00f3n \u201cVenezuela Objeto Imperial\u201d, en el que abord\u00f3 las razones por las que los Estados Unidos atacan a Venezuela explic\u00f3 \u201csomos objetivo imperial por dos motivos: el material y el espiritual\u201d.<\/p>\n<p>\u201cLas razones materiales no son un secreto para el mundo, Venezuela es poseedor de las m\u00e1s grandes riquezas naturales, el petr\u00f3leo, el agua dulce, colt\u00e1n, Thoriun, oro, entre otros. Las espirituales: El sistema de Misiones y Grandes Misiones que inici\u00f3 el Comandante Hugo Ch\u00e1vez y que contin\u00faa el presidente Nicol\u00e1s Maduro, con el objetivo de desmoralizarnos y desaparecer la revoluci\u00f3n bolivariana\u201d destac\u00f3 Giovanni Pe\u00f1a, presidente de Inpsasel.<\/p>\n<p>Por su parte, el profesor Roberto Gonz\u00e1lez C\u00e1rdenas, realiz\u00f3 una exposici\u00f3n magistral denominada \u201cGuerra del Pueblo Invisible\u201d, quien hizo una demostraci\u00f3n de geopol\u00edtica de la revoluci\u00f3n bolivariana, las alianzas estrat\u00e9gicas de Venezuela con pa\u00edses como: Rusia, china, Ir\u00e1n, Turqu\u00eda, entre otros.<\/p>\n<p>Adem\u00e1s, el profesor resalt\u00f3 las tesis utilizadas por el imperialismo para acceder a territorio venezolano, en estos a\u00f1os de revoluci\u00f3n.<\/p>\n<p>Periodista\/Mar\u00eda del Mar Rengifo<\/p>\n<p><a href=\"http:\/\/www.mpppst.gob.ve\/mpppstweb\/wp-content\/uploads\/2019\/04\/WhatsApp-Image-2019-04-24-at-3.10.40-PM.jpeg\"><img decoding=\"async\" loading=\"lazy\" class=\"alignnone size-medium wp-image-16088\" src=\"http:\/\/www.mpppst.gob.ve\/mpppstweb\/wp-content\/uploads\/2019\/04\/WhatsApp-Image-2019-04-24-at-3.10.40-PM-300x199.jpeg\" alt=\"\" width=\"300\" height=\"199\" srcset=\"https:\/\/www.mpppst.gob.ve\/mpppstweb\/wp-content\/uploads\/2019\/04\/WhatsApp-Image-2019-04-24-at-3.10.40-PM-300x199.jpeg 300w, https:\/\/www.mpppst.gob.ve\/mpppstweb\/wp-content\/uploads\/2019\/04\/WhatsApp-Image-2019-04-24-at-3.10.40-PM-768x511.jpeg 768w, https:\/\/www.mpppst.gob.ve\/mpppstweb\/wp-content\/uploads\/2019\/04\/WhatsApp-Image-2019-04-24-at-3.10.40-PM-1024x681.jpeg 1024w, https:\/\/www.mpppst.gob.ve\/mpppstweb\/wp-content\/uploads\/2019\/04\/WhatsApp-Image-2019-04-24-at-3.10.40-PM.jpeg 1080w\" sizes=\"(max-width: 300px) 100vw, 300px\" \/><\/a><\/p>\n<p>&nbsp;<\/p>\n","protected":false},"excerpt":{"rendered":"<p>Caracas 24 de abril del 2019.- Se dio apertura al ciclo de conversatorios y foros con &hellip; <a title=\"Comenz\u00f3 ciclos de conversatorios con la Clase Obrera del Mpppst\" class=\"hm-read-more\" href=\"https:\/\/www.mpppst.gob.ve\/mpppstweb\/index.php\/2019\/04\/25\/comenzo-ciclos-de-conversatorios-con-la-clase-obrera-del-mpppst\/\"><span class=\"screen-reader-text\">Comenz\u00f3 ciclos de conversatorios con la Clase Obrera del Mpppst<\/span>Read more<\/a><\/p>\n","protected":false},"author":25,"featured_media":16087,"comment_status":"closed","ping_status":"closed","sticky":false,"template":"","format":"standard","meta":{"footnotes":""},"categories":[82,84],"tags":[225,222,345],"yoast_head":"<!-- This site is optimized with the Yoast SEO plugin v22.5 - https:\/\/yoast.com\/wordpress\/plugins\/seo\/ -->\n<title>Comenz\u00f3 ciclos de conversatorios con la Clase Obrera del Mpppst - MPPPST<\/title>\n<meta name=\"robots\" content=\"index, follow, max-snippet:-1, max-image-preview:large, max-video-preview:-1\" \/>\n<link rel=\"canonical\" href=\"https:\/\/www.mpppst.gob.ve\/mpppstweb\/index.php\/2019\/04\/25\/comenzo-ciclos-de-conversatorios-con-la-clase-obrera-del-mpppst\/\" \/>\n<meta property=\"og:locale\" content=\"es_ES\" \/>\n<meta property=\"og:type\" content=\"article\" \/>\n<meta property=\"og:title\" content=\"Comenz\u00f3 ciclos de conversatorios con la Clase Obrera del Mpppst - MPPPST\" \/>\n<meta property=\"og:description\" content=\"Caracas 24 de abril del 2019.- Se dio apertura al ciclo de conversatorios y foros con &hellip; Comenz\u00f3 ciclos de conversatorios con la Clase Obrera del MpppstRead more\" \/>\n<meta property=\"og:url\" content=\"https:\/\/www.mpppst.gob.ve\/mpppstweb\/index.php\/2019\/04\/25\/comenzo-ciclos-de-conversatorios-con-la-clase-obrera-del-mpppst\/\" \/>\n<meta property=\"og:site_name\" content=\"MPPPST\" \/>\n<meta property=\"article:published_time\" content=\"2019-04-25T15:31:55+00:00\" \/>\n<meta property=\"og:image\" content=\"https:\/\/www.mpppst.gob.ve\/mpppstweb\/wp-content\/uploads\/2019\/04\/WhatsApp-Image-2019-04-24-at-3.10.45-PM.jpeg\" \/>\n\t<meta property=\"og:image:width\" content=\"1080\" \/>\n\t<meta property=\"og:image:height\" content=\"718\" \/>\n\t<meta property=\"og:image:type\" content=\"image\/jpeg\" \/>\n<meta name=\"author\" content=\"MPPPST Prensa\" \/>\n<meta name=\"twitter:card\" content=\"summary_large_image\" \/>\n<meta name=\"twitter:label1\" content=\"Escrito por\" \/>\n\t<meta name=\"twitter:data1\" content=\"MPPPST Prensa\" \/>\n\t<meta name=\"twitter:label2\" content=\"Tiempo de lectura\" \/>\n\t<meta name=\"twitter:data2\" content=\"2 minutos\" \/>\n<script type=\"application\/ld+json\" class=\"yoast-schema-graph\">{\"@context\":\"https:\/\/schema.org\",\"@graph\":[{\"@type\":\"Article\",\"@id\":\"https:\/\/www.mpppst.gob.ve\/mpppstweb\/index.php\/2019\/04\/25\/comenzo-ciclos-de-conversatorios-con-la-clase-obrera-del-mpppst\/#article\",\"isPartOf\":{\"@id\":\"https:\/\/www.mpppst.gob.ve\/mpppstweb\/index.php\/2019\/04\/25\/comenzo-ciclos-de-conversatorios-con-la-clase-obrera-del-mpppst\/\"},\"author\":{\"name\":\"MPPPST Prensa\",\"@id\":\"https:\/\/www.mpppst.gob.ve\/mpppstweb\/#\/schema\/person\/fc187ee8ead412bd4c9304b62f900ea4\"},\"headline\":\"Comenz\u00f3 ciclos de conversatorios con la Clase Obrera del Mpppst\",\"datePublished\":\"2019-04-25T15:31:55+00:00\",\"dateModified\":\"2019-04-25T15:31:55+00:00\",\"mainEntityOfPage\":{\"@id\":\"https:\/\/www.mpppst.gob.ve\/mpppstweb\/index.php\/2019\/04\/25\/comenzo-ciclos-de-conversatorios-con-la-clase-obrera-del-mpppst\/\"},\"wordCount\":313,\"publisher\":{\"@id\":\"https:\/\/www.mpppst.gob.ve\/mpppstweb\/#organization\"},\"image\":{\"@id\":\"https:\/\/www.mpppst.gob.ve\/mpppstweb\/index.php\/2019\/04\/25\/comenzo-ciclos-de-conversatorios-con-la-clase-obrera-del-mpppst\/#primaryimage\"},\"thumbnailUrl\":\"https:\/\/www.mpppst.gob.ve\/mpppstweb\/wp-content\/uploads\/2019\/04\/WhatsApp-Image-2019-04-24-at-3.10.45-PM.jpeg\",\"keywords\":[\"Fuerza Laboral\",\"Gobierno Bolivariano\",\"Trabajadores\"],\"articleSection\":[\"Gobierno Nacional\",\"Vida Laboral y Sindical\"],\"inLanguage\":\"es\"},{\"@type\":\"WebPage\",\"@id\":\"https:\/\/www.mpppst.gob.ve\/mpppstweb\/index.php\/2019\/04\/25\/comenzo-ciclos-de-conversatorios-con-la-clase-obrera-del-mpppst\/\",\"url\":\"https:\/\/www.mpppst.gob.ve\/mpppstweb\/index.php\/2019\/04\/25\/comenzo-ciclos-de-conversatorios-con-la-clase-obrera-del-mpppst\/\",\"name\":\"Comenz\u00f3 ciclos de conversatorios con la Clase Obrera del Mpppst - MPPPST\",\"isPartOf\":{\"@id\":\"https:\/\/www.mpppst.gob.ve\/mpppstweb\/#website\"},\"primaryImageOfPage\":{\"@id\":\"https:\/\/www.mpppst.gob.ve\/mpppstweb\/index.php\/2019\/04\/25\/comenzo-ciclos-de-conversatorios-con-la-clase-obrera-del-mpppst\/#primaryimage\"},\"image\":{\"@id\":\"https:\/\/www.mpppst.gob.ve\/mpppstweb\/index.php\/2019\/04\/25\/comenzo-ciclos-de-conversatorios-con-la-clase-obrera-del-mpppst\/#primaryimage\"},\"thumbnailUrl\":\"https:\/\/www.mpppst.gob.ve\/mpppstweb\/wp-content\/uploads\/2019\/04\/WhatsApp-Image-2019-04-24-at-3.10.45-PM.jpeg\",\"datePublished\":\"2019-04-25T15:31:55+00:00\",\"dateModified\":\"2019-04-25T15:31:55+00:00\",\"breadcrumb\":{\"@id\":\"https:\/\/www.mpppst.gob.ve\/mpppstweb\/index.php\/2019\/04\/25\/comenzo-ciclos-de-conversatorios-con-la-clase-obrera-del-mpppst\/#breadcrumb\"},\"inLanguage\":\"es\",\"potentialAction\":[{\"@type\":\"ReadAction\",\"target\":[\"https:\/\/www.mpppst.gob.ve\/mpppstweb\/index.php\/2019\/04\/25\/comenzo-ciclos-de-conversatorios-con-la-clase-obrera-del-mpppst\/\"]}]},{\"@type\":\"ImageObject\",\"inLanguage\":\"es\",\"@id\":\"https:\/\/www.mpppst.gob.ve\/mpppstweb\/index.php\/2019\/04\/25\/comenzo-ciclos-de-conversatorios-con-la-clase-obrera-del-mpppst\/#primaryimage\",\"url\":\"https:\/\/www.mpppst.gob.ve\/mpppstweb\/wp-content\/uploads\/2019\/04\/WhatsApp-Image-2019-04-24-at-3.10.45-PM.jpeg\",\"contentUrl\":\"https:\/\/www.mpppst.gob.ve\/mpppstweb\/wp-content\/uploads\/2019\/04\/WhatsApp-Image-2019-04-24-at-3.10.45-PM.jpeg\",\"width\":1080,\"height\":718},{\"@type\":\"BreadcrumbList\",\"@id\":\"https:\/\/www.mpppst.gob.ve\/mpppstweb\/index.php\/2019\/04\/25\/comenzo-ciclos-de-conversatorios-con-la-clase-obrera-del-mpppst\/#breadcrumb\",\"itemListElement\":[{\"@type\":\"ListItem\",\"position\":1,\"name\":\"Home\",\"item\":\"https:\/\/www.mpppst.gob.ve\/mpppstweb\/\"},{\"@type\":\"ListItem\",\"position\":2,\"name\":\"Comenz\u00f3 ciclos de conversatorios con la Clase Obrera del Mpppst\"}]},{\"@type\":\"WebSite\",\"@id\":\"https:\/\/www.mpppst.gob.ve\/mpppstweb\/#website\",\"url\":\"https:\/\/www.mpppst.gob.ve\/mpppstweb\/\",\"name\":\"MPPPST\",\"description\":\"Ministerio del Poder Popular para el Proceso Social de Trabajo\",\"publisher\":{\"@id\":\"https:\/\/www.mpppst.gob.ve\/mpppstweb\/#organization\"},\"potentialAction\":[{\"@type\":\"SearchAction\",\"target\":{\"@type\":\"EntryPoint\",\"urlTemplate\":\"https:\/\/www.mpppst.gob.ve\/mpppstweb\/?s={search_term_string}\"},\"query-input\":\"required name=search_term_string\"}],\"inLanguage\":\"es\"},{\"@type\":\"Organization\",\"@id\":\"https:\/\/www.mpppst.gob.ve\/mpppstweb\/#organization\",\"name\":\"mpppst\",\"url\":\"https:\/\/www.mpppst.gob.ve\/mpppstweb\/\",\"logo\":{\"@type\":\"ImageObject\",\"inLanguage\":\"es\",\"@id\":\"https:\/\/www.mpppst.gob.ve\/mpppstweb\/#\/schema\/logo\/image\/\",\"url\":\"https:\/\/www.mpppst.gob.ve\/mpppstweb\/wp-content\/uploads\/2025\/07\/cropped-cropped-g910.png\",\"contentUrl\":\"https:\/\/www.mpppst.gob.ve\/mpppstweb\/wp-content\/uploads\/2025\/07\/cropped-cropped-g910.png\",\"width\":1080,\"height\":241,\"caption\":\"mpppst\"},\"image\":{\"@id\":\"https:\/\/www.mpppst.gob.ve\/mpppstweb\/#\/schema\/logo\/image\/\"}},{\"@type\":\"Person\",\"@id\":\"https:\/\/www.mpppst.gob.ve\/mpppstweb\/#\/schema\/person\/fc187ee8ead412bd4c9304b62f900ea4\",\"name\":\"MPPPST Prensa\",\"url\":\"https:\/\/www.mpppst.gob.ve\/mpppstweb\/index.php\/author\/prensa-mpppst\/\"}]}<\/script>\n<!-- \/ Yoast SEO plugin. -->","yoast_head_json":{"title":"Comenz\u00f3 ciclos de conversatorios con la Clase Obrera del Mpppst - MPPPST","robots":{"index":"index","follow":"follow","max-snippet":"max-snippet:-1","max-image-preview":"max-image-preview:large","max-video-preview":"max-video-preview:-1"},"canonical":"https:\/\/www.mpppst.gob.ve\/mpppstweb\/index.php\/2019\/04\/25\/comenzo-ciclos-de-conversatorios-con-la-clase-obrera-del-mpppst\/","og_locale":"es_ES","og_type":"article","og_title":"Comenz\u00f3 ciclos de conversatorios con la Clase Obrera del Mpppst - MPPPST","og_description":"Caracas 24 de abril del 2019.- Se dio apertura al ciclo de conversatorios y foros con &hellip; Comenz\u00f3 ciclos de conversatorios con la Clase Obrera del MpppstRead more","og_url":"https:\/\/www.mpppst.gob.ve\/mpppstweb\/index.php\/2019\/04\/25\/comenzo-ciclos-de-conversatorios-con-la-clase-obrera-del-mpppst\/","og_site_name":"MPPPST","article_published_time":"2019-04-25T15:31:55+00:00","og_image":[{"width":1080,"height":718,"url":"https:\/\/www.mpppst.gob.ve\/mpppstweb\/wp-content\/uploads\/2019\/04\/WhatsApp-Image-2019-04-24-at-3.10.45-PM.jpeg","type":"image\/jpeg"}],"author":"MPPPST Prensa","twitter_card":"summary_large_image","twitter_misc":{"Escrito por":"MPPPST Prensa","Tiempo de lectura":"2 minutos"},"schema":{"@context":"https:\/\/schema.org","@graph":[{"@type":"Article","@id":"https:\/\/www.mpppst.gob.ve\/mpppstweb\/index.php\/2019\/04\/25\/comenzo-ciclos-de-conversatorios-con-la-clase-obrera-del-mpppst\/#article","isPartOf":{"@id":"https:\/\/www.mpppst.gob.ve\/mpppstweb\/index.php\/2019\/04\/25\/comenzo-ciclos-de-conversatorios-con-la-clase-obrera-del-mpppst\/"},"author":{"name":"MPPPST Prensa","@id":"https:\/\/www.mpppst.gob.ve\/mpppstweb\/#\/schema\/person\/fc187ee8ead412bd4c9304b62f900ea4"},"headline":"Comenz\u00f3 ciclos de conversatorios con la Clase Obrera del Mpppst","datePublished":"2019-04-25T15:31:55+00:00","dateModified":"2019-04-25T15:31:55+00:00","mainEntityOfPage":{"@id":"https:\/\/www.mpppst.gob.ve\/mpppstweb\/index.php\/2019\/04\/25\/comenzo-ciclos-de-conversatorios-con-la-clase-obrera-del-mpppst\/"},"wordCount":313,"publisher":{"@id":"https:\/\/www.mpppst.gob.ve\/mpppstweb\/#organization"},"image":{"@id":"https:\/\/www.mpppst.gob.ve\/mpppstweb\/index.php\/2019\/04\/25\/comenzo-ciclos-de-conversatorios-con-la-clase-obrera-del-mpppst\/#primaryimage"},"thumbnailUrl":"https:\/\/www.mpppst.gob.ve\/mpppstweb\/wp-content\/uploads\/2019\/04\/WhatsApp-Image-2019-04-24-at-3.10.45-PM.jpeg","keywords":["Fuerza Laboral","Gobierno Bolivariano","Trabajadores"],"articleSection":["Gobierno Nacional","Vida Laboral y Sindical"],"inLanguage":"es"},{"@type":"WebPage","@id":"https:\/\/www.mpppst.gob.ve\/mpppstweb\/index.php\/2019\/04\/25\/comenzo-ciclos-de-conversatorios-con-la-clase-obrera-del-mpppst\/","url":"https:\/\/www.mpppst.gob.ve\/mpppstweb\/index.php\/2019\/04\/25\/comenzo-ciclos-de-conversatorios-con-la-clase-obrera-del-mpppst\/","name":"Comenz\u00f3 ciclos de conversatorios con la Clase Obrera del Mpppst - MPPPST","isPartOf":{"@id":"https:\/\/www.mpppst.gob.ve\/mpppstweb\/#website"},"primaryImageOfPage":{"@id":"https:\/\/www.mpppst.gob.ve\/mpppstweb\/index.php\/2019\/04\/25\/comenzo-ciclos-de-conversatorios-con-la-clase-obrera-del-mpppst\/#primaryimage"},"image":{"@id":"https:\/\/www.mpppst.gob.ve\/mpppstweb\/index.php\/2019\/04\/25\/comenzo-ciclos-de-conversatorios-con-la-clase-obrera-del-mpppst\/#primaryimage"},"thumbnailUrl":"https:\/\/www.mpppst.gob.ve\/mpppstweb\/wp-content\/uploads\/2019\/04\/WhatsApp-Image-2019-04-24-at-3.10.45-PM.jpeg","datePublished":"2019-04-25T15:31:55+00:00","dateModified":"2019-04-25T15:31:55+00:00","breadcrumb":{"@id":"https:\/\/www.mpppst.gob.ve\/mpppstweb\/index.php\/2019\/04\/25\/comenzo-ciclos-de-conversatorios-con-la-clase-obrera-del-mpppst\/#breadcrumb"},"inLanguage":"es","potentialAction":[{"@type":"ReadAction","target":["https:\/\/www.mpppst.gob.ve\/mpppstweb\/index.php\/2019\/04\/25\/comenzo-ciclos-de-conversatorios-con-la-clase-obrera-del-mpppst\/"]}]},{"@type":"ImageObject","inLanguage":"es","@id":"https:\/\/www.mpppst.gob.ve\/mpppstweb\/index.php\/2019\/04\/25\/comenzo-ciclos-de-conversatorios-con-la-clase-obrera-del-mpppst\/#primaryimage","url":"https:\/\/www.mpppst.gob.ve\/mpppstweb\/wp-content\/uploads\/2019\/04\/WhatsApp-Image-2019-04-24-at-3.10.45-PM.jpeg","contentUrl":"https:\/\/www.mpppst.gob.ve\/mpppstweb\/wp-content\/uploads\/2019\/04\/WhatsApp-Image-2019-04-24-at-3.10.45-PM.jpeg","width":1080,"height":718},{"@type":"BreadcrumbList","@id":"https:\/\/www.mpppst.gob.ve\/mpppstweb\/index.php\/2019\/04\/25\/comenzo-ciclos-de-conversatorios-con-la-clase-obrera-del-mpppst\/#breadcrumb","itemListElement":[{"@type":"ListItem","position":1,"name":"Home","item":"https:\/\/www.mpppst.gob.ve\/mpppstweb\/"},{"@type":"ListItem","position":2,"name":"Comenz\u00f3 ciclos de conversatorios con la Clase Obrera del Mpppst"}]},{"@type":"WebSite","@id":"https:\/\/www.mpppst.gob.ve\/mpppstweb\/#website","url":"https:\/\/www.mpppst.gob.ve\/mpppstweb\/","name":"MPPPST","description":"Ministerio del Poder Popular para el Proceso Social de Trabajo","publisher":{"@id":"https:\/\/www.mpppst.gob.ve\/mpppstweb\/#organization"},"potentialAction":[{"@type":"SearchAction","target":{"@type":"EntryPoint","urlTemplate":"https:\/\/www.mpppst.gob.ve\/mpppstweb\/?s={search_term_string}"},"query-input":"required name=search_term_string"}],"inLanguage":"es"},{"@type":"Organization","@id":"https:\/\/www.mpppst.gob.ve\/mpppstweb\/#organization","name":"mpppst","url":"https:\/\/www.mpppst.gob.ve\/mpppstweb\/","logo":{"@type":"ImageObject","inLanguage":"es","@id":"https:\/\/www.mpppst.gob.ve\/mpppstweb\/#\/schema\/logo\/image\/","url":"https:\/\/www.mpppst.gob.ve\/mpppstweb\/wp-content\/uploads\/2025\/07\/cropped-cropped-g910.png","contentUrl":"https:\/\/www.mpppst.gob.ve\/mpppstweb\/wp-content\/uploads\/2025\/07\/cropped-cropped-g910.png","width":1080,"height":241,"caption":"mpppst"},"image":{"@id":"https:\/\/www.mpppst.gob.ve\/mpppstweb\/#\/schema\/logo\/image\/"}},{"@type":"Person","@id":"https:\/\/www.mpppst.gob.ve\/mpppstweb\/#\/schema\/person\/fc187ee8ead412bd4c9304b62f900ea4","name":"MPPPST Prensa","url":"https:\/\/www.mpppst.gob.ve\/mpppstweb\/index.php\/author\/prensa-mpppst\/"}]}},"_links":{"self":[{"href":"https:\/\/www.mpppst.gob.ve\/mpppstweb\/index.php\/wp-json\/wp\/v2\/posts\/16086"}],"collection":[{"href":"https:\/\/www.mpppst.gob.ve\/mpppstweb\/index.php\/wp-json\/wp\/v2\/posts"}],"about":[{"href":"https:\/\/www.mpppst.gob.ve\/mpppstweb\/index.php\/wp-json\/wp\/v2\/types\/post"}],"author":[{"embeddable":true,"href":"https:\/\/www.mpppst.gob.ve\/mpppstweb\/index.php\/wp-json\/wp\/v2\/users\/25"}],"replies":[{"embeddable":true,"href":"https:\/\/www.mpppst.gob.ve\/mpppstweb\/index.php\/wp-json\/wp\/v2\/comments?post=16086"}],"version-history":[{"count":1,"href":"https:\/\/www.mpppst.gob.ve\/mpppstweb\/index.php\/wp-json\/wp\/v2\/posts\/16086\/revisions"}],"predecessor-version":[{"id":16089,"href":"https:\/\/www.mpppst.gob.ve\/mpppstweb\/index.php\/wp-json\/wp\/v2\/posts\/16086\/revisions\/16089"}],"wp:featuredmedia":[{"embeddable":true,"href":"https:\/\/www.mpppst.gob.ve\/mpppstweb\/index.php\/wp-json\/wp\/v2\/media\/16087"}],"wp:attachment":[{"href":"https:\/\/www.mpppst.gob.ve\/mpppstweb\/index.php\/wp-json\/wp\/v2\/media?parent=16086"}],"wp:term":[{"taxonomy":"category","embeddable":true,"href":"https:\/\/www.mpppst.gob.ve\/mpppstweb\/index.php\/wp-json\/wp\/v2\/categories?post=16086"},{"taxonomy":"post_tag","embeddable":true,"href":"https:\/\/www.mpppst.gob.ve\/mpppstweb\/index.php\/wp-json\/wp\/v2\/tags?post=16086"}],"curies":[{"name":"wp","href":"https:\/\/api.w.org\/{rel}","templated":true}]}}