{"id":16160,"date":"2019-05-24T09:57:27","date_gmt":"2019-05-24T13:57:27","guid":{"rendered":"http:\/\/www.mpppst.gob.ve\/mpppstweb\/?p=16160"},"modified":"2019-05-24T09:57:27","modified_gmt":"2019-05-24T13:57:27","slug":"venezuela-ejemplo-de-lucha-estudiantil-latinoamericana","status":"publish","type":"post","link":"https:\/\/www.mpppst.gob.ve\/mpppstweb\/index.php\/2019\/05\/24\/venezuela-ejemplo-de-lucha-estudiantil-latinoamericana\/","title":{"rendered":"Venezuela ejemplo de lucha estudiantil latinoamericana"},"content":{"rendered":"<p>Venezuela abri\u00f3 sus puertas para el XVIII Congreso Latinoamericano y Caribe\u00f1o de Estudiantes (CLAE), en el que se concentr\u00f3 la juventud latinoamericana, demostrando respaldo a Venezuela, tras las imposiciones de bloqueo del imperialismo norteamericano.<\/p>\n<p>Espacio donde cont\u00f3 con la participaci\u00f3n de m\u00e1s 38 organizaciones internacionales y cerca de cinco mil delegados entre ellos, nivel de secundaria, universitario y posgrados, se debatieron inquietudes de los movimientos estudiantiles en la lucha antiimperialista y los procesos de integraci\u00f3n.<\/p>\n<p>\u201cUno de los objetivos de este congreso es fortalecer y materializar las acciones de las organizaciones miembros, otro objetivo es mostrar al mundo, la realidad del proceso revolucionario bolivariano, vemos una realidad asfixiada, por lo que nos muestran los grandes medios de comunicaci\u00f3n, que sabemos a que interese responden, hemos visto una realidad deferente esta semana, a esa realidad que nos muestran estos medios\u201d expres\u00f3 Ra\u00fal delegado de Cuba.<\/p>\n<p>Destacaron, las diferentes delegaciones como pese al bloqueo, sanciones, agresiones e intentos de golpes de Estado, Venezuela y la revoluci\u00f3n bolivariana se ha defendido con la verdad, trabajo y protecci\u00f3n a la educaci\u00f3n. As\u00ed han reaccionado los j\u00f3venes de nuestro continente, rechazando la injerencia de Washington en los asuntos de la regi\u00f3n. De la misma forma, expresaron la necesidad de fortalecer la defensa y el respeto entre los pueblos del mundo.<\/p>\n<p>\u201cAgradecemos al pueblo venezolano y los dem\u00e1s pueblos latinoamericanos por fortalecer nuestros lazos de unidad, nosotros como federaciones de estudiantes tenemos que acabar con el miedo al imperialismo, y nosotros los estudiantes si podemos hacer revoluci\u00f3n podemos transformar toda nuestra Am\u00e9rica\u201d expresaron estudiantes representantes de Bolivia.<\/p>\n<p>De igual manera, Alejandra Pe\u00f1a representante de la Asociaci\u00f3n Colombiana de Estudiantes Universitarios, manifest\u00f3 \u201cla solidaridad de los pueblos es la bandera\u00a0 que podemos levantar los j\u00f3venes de Latinoam\u00e9rica para que podamos consolidar un Estado en beneficios de todos\u201d.<\/p>\n<p>Entre las actividades desarrolladas durante este encuentro, sobresalieron conferencias, espect\u00e1culos art\u00edsticos, charlas, debates y exposiciones, donde se manifiestan logros de Venezuela y la revoluci\u00f3n en materia educativa. Resaltando la participaci\u00f3n del Ministerio del Poder Popular para el Proceso Social de Trabajo y sus entes adscritos, resaltando los logros en materia laboral, seguridad, protecci\u00f3n social, prevenci\u00f3n de salud y recreaci\u00f3n laboral.<\/p>\n<p><a href=\"http:\/\/www.mpppst.gob.ve\/mpppstweb\/wp-content\/uploads\/2019\/05\/WhatsApp-Image-2019-05-23-at-9.40.57-AM.jpeg\"><img decoding=\"async\" loading=\"lazy\" class=\"size-medium wp-image-16164 alignright\" src=\"http:\/\/www.mpppst.gob.ve\/mpppstweb\/wp-content\/uploads\/2019\/05\/WhatsApp-Image-2019-05-23-at-9.40.57-AM-225x300.jpeg\" alt=\"\" width=\"225\" height=\"300\" srcset=\"https:\/\/www.mpppst.gob.ve\/mpppstweb\/wp-content\/uploads\/2019\/05\/WhatsApp-Image-2019-05-23-at-9.40.57-AM-225x300.jpeg 225w, https:\/\/www.mpppst.gob.ve\/mpppstweb\/wp-content\/uploads\/2019\/05\/WhatsApp-Image-2019-05-23-at-9.40.57-AM.jpeg 768w\" sizes=\"(max-width: 225px) 100vw, 225px\" \/><\/a>\u00a0 \u00a0 \u00a0 \u00a0\u00a0 \u00a0<a href=\"http:\/\/www.mpppst.gob.ve\/mpppstweb\/wp-content\/uploads\/2019\/05\/WhatsApp-Image-2019-05-23-at-9.40.20-AM.jpeg\"><img decoding=\"async\" loading=\"lazy\" class=\"alignnone size-medium wp-image-16162\" src=\"http:\/\/www.mpppst.gob.ve\/mpppstweb\/wp-content\/uploads\/2019\/05\/WhatsApp-Image-2019-05-23-at-9.40.20-AM-300x180.jpeg\" alt=\"\" width=\"300\" height=\"180\" srcset=\"https:\/\/www.mpppst.gob.ve\/mpppstweb\/wp-content\/uploads\/2019\/05\/WhatsApp-Image-2019-05-23-at-9.40.20-AM-300x180.jpeg 300w, https:\/\/www.mpppst.gob.ve\/mpppstweb\/wp-content\/uploads\/2019\/05\/WhatsApp-Image-2019-05-23-at-9.40.20-AM-768x461.jpeg 768w, https:\/\/www.mpppst.gob.ve\/mpppstweb\/wp-content\/uploads\/2019\/05\/WhatsApp-Image-2019-05-23-at-9.40.20-AM.jpeg 900w\" sizes=\"(max-width: 300px) 100vw, 300px\" \/><\/a><\/p>\n<p>El evento se realizar\u00e1 hasta el pr\u00f3ximo s\u00e1bado 25 de mayo en el Complejo cultural Teresa Carre\u00f1o, tribuna que servir\u00e1 para combatir las coyunturas de los movimientos estudiantiles y defensa de las clases populares de la regi\u00f3n caribe\u00f1a.<\/p>\n<p><a href=\"http:\/\/www.mpppst.gob.ve\/mpppstweb\/wp-content\/uploads\/2019\/05\/WhatsApp-Image-2019-05-23-at-9.40.58-AM.jpeg\"><img decoding=\"async\" loading=\"lazy\" class=\"alignnone size-medium wp-image-16163\" src=\"http:\/\/www.mpppst.gob.ve\/mpppstweb\/wp-content\/uploads\/2019\/05\/WhatsApp-Image-2019-05-23-at-9.40.58-AM-300x225.jpeg\" alt=\"\" width=\"300\" height=\"225\" srcset=\"https:\/\/www.mpppst.gob.ve\/mpppstweb\/wp-content\/uploads\/2019\/05\/WhatsApp-Image-2019-05-23-at-9.40.58-AM-300x225.jpeg 300w, https:\/\/www.mpppst.gob.ve\/mpppstweb\/wp-content\/uploads\/2019\/05\/WhatsApp-Image-2019-05-23-at-9.40.58-AM-768x576.jpeg 768w, https:\/\/www.mpppst.gob.ve\/mpppstweb\/wp-content\/uploads\/2019\/05\/WhatsApp-Image-2019-05-23-at-9.40.58-AM.jpeg 1024w\" sizes=\"(max-width: 300px) 100vw, 300px\" \/><\/a><\/p>\n","protected":false},"excerpt":{"rendered":"<p>Venezuela abri\u00f3 sus puertas para el XVIII Congreso Latinoamericano y Caribe\u00f1o de Estudiantes (CLAE), en el &hellip; <a title=\"Venezuela ejemplo de lucha estudiantil latinoamericana\" class=\"hm-read-more\" href=\"https:\/\/www.mpppst.gob.ve\/mpppstweb\/index.php\/2019\/05\/24\/venezuela-ejemplo-de-lucha-estudiantil-latinoamericana\/\"><span class=\"screen-reader-text\">Venezuela ejemplo de lucha estudiantil latinoamericana<\/span>Read more<\/a><\/p>\n","protected":false},"author":25,"featured_media":16161,"comment_status":"closed","ping_status":"closed","sticky":false,"template":"","format":"standard","meta":{"footnotes":""},"categories":[360,163],"tags":[],"yoast_head":"<!-- This site is optimized with the Yoast SEO plugin v22.5 - https:\/\/yoast.com\/wordpress\/plugins\/seo\/ -->\n<title>Venezuela ejemplo de lucha estudiantil latinoamericana - MPPPST<\/title>\n<meta name=\"robots\" content=\"index, follow, max-snippet:-1, max-image-preview:large, max-video-preview:-1\" \/>\n<link rel=\"canonical\" href=\"https:\/\/www.mpppst.gob.ve\/mpppstweb\/index.php\/2019\/05\/24\/venezuela-ejemplo-de-lucha-estudiantil-latinoamericana\/\" \/>\n<meta property=\"og:locale\" content=\"es_ES\" \/>\n<meta property=\"og:type\" content=\"article\" \/>\n<meta property=\"og:title\" content=\"Venezuela ejemplo de lucha estudiantil latinoamericana - MPPPST\" \/>\n<meta property=\"og:description\" content=\"Venezuela abri\u00f3 sus puertas para el XVIII Congreso Latinoamericano y Caribe\u00f1o de Estudiantes (CLAE), en el &hellip; Venezuela ejemplo de lucha estudiantil latinoamericanaRead more\" \/>\n<meta property=\"og:url\" content=\"https:\/\/www.mpppst.gob.ve\/mpppstweb\/index.php\/2019\/05\/24\/venezuela-ejemplo-de-lucha-estudiantil-latinoamericana\/\" \/>\n<meta property=\"og:site_name\" content=\"MPPPST\" \/>\n<meta property=\"article:published_time\" content=\"2019-05-24T13:57:27+00:00\" \/>\n<meta property=\"og:image\" content=\"https:\/\/www.mpppst.gob.ve\/mpppstweb\/wp-content\/uploads\/2019\/05\/D6r_DieXoAA_kpO.jpg\" \/>\n\t<meta property=\"og:image:width\" content=\"425\" \/>\n\t<meta property=\"og:image:height\" content=\"415\" \/>\n\t<meta property=\"og:image:type\" content=\"image\/jpeg\" \/>\n<meta name=\"author\" content=\"MPPPST Prensa\" \/>\n<meta name=\"twitter:card\" content=\"summary_large_image\" \/>\n<meta name=\"twitter:label1\" content=\"Escrito por\" \/>\n\t<meta name=\"twitter:data1\" content=\"MPPPST Prensa\" \/>\n\t<meta name=\"twitter:label2\" content=\"Tiempo de lectura\" \/>\n\t<meta name=\"twitter:data2\" content=\"2 minutos\" \/>\n<script type=\"application\/ld+json\" class=\"yoast-schema-graph\">{\"@context\":\"https:\/\/schema.org\",\"@graph\":[{\"@type\":\"Article\",\"@id\":\"https:\/\/www.mpppst.gob.ve\/mpppstweb\/index.php\/2019\/05\/24\/venezuela-ejemplo-de-lucha-estudiantil-latinoamericana\/#article\",\"isPartOf\":{\"@id\":\"https:\/\/www.mpppst.gob.ve\/mpppstweb\/index.php\/2019\/05\/24\/venezuela-ejemplo-de-lucha-estudiantil-latinoamericana\/\"},\"author\":{\"name\":\"MPPPST Prensa\",\"@id\":\"https:\/\/www.mpppst.gob.ve\/mpppstweb\/#\/schema\/person\/fc187ee8ead412bd4c9304b62f900ea4\"},\"headline\":\"Venezuela ejemplo de lucha estudiantil latinoamericana\",\"datePublished\":\"2019-05-24T13:57:27+00:00\",\"dateModified\":\"2019-05-24T13:57:27+00:00\",\"mainEntityOfPage\":{\"@id\":\"https:\/\/www.mpppst.gob.ve\/mpppstweb\/index.php\/2019\/05\/24\/venezuela-ejemplo-de-lucha-estudiantil-latinoamericana\/\"},\"wordCount\":432,\"publisher\":{\"@id\":\"https:\/\/www.mpppst.gob.ve\/mpppstweb\/#organization\"},\"image\":{\"@id\":\"https:\/\/www.mpppst.gob.ve\/mpppstweb\/index.php\/2019\/05\/24\/venezuela-ejemplo-de-lucha-estudiantil-latinoamericana\/#primaryimage\"},\"thumbnailUrl\":\"https:\/\/www.mpppst.gob.ve\/mpppstweb\/wp-content\/uploads\/2019\/05\/D6r_DieXoAA_kpO.jpg\",\"articleSection\":[\"Movimientos Sociales\",\"Noticias\"],\"inLanguage\":\"es\"},{\"@type\":\"WebPage\",\"@id\":\"https:\/\/www.mpppst.gob.ve\/mpppstweb\/index.php\/2019\/05\/24\/venezuela-ejemplo-de-lucha-estudiantil-latinoamericana\/\",\"url\":\"https:\/\/www.mpppst.gob.ve\/mpppstweb\/index.php\/2019\/05\/24\/venezuela-ejemplo-de-lucha-estudiantil-latinoamericana\/\",\"name\":\"Venezuela ejemplo de lucha estudiantil latinoamericana - MPPPST\",\"isPartOf\":{\"@id\":\"https:\/\/www.mpppst.gob.ve\/mpppstweb\/#website\"},\"primaryImageOfPage\":{\"@id\":\"https:\/\/www.mpppst.gob.ve\/mpppstweb\/index.php\/2019\/05\/24\/venezuela-ejemplo-de-lucha-estudiantil-latinoamericana\/#primaryimage\"},\"image\":{\"@id\":\"https:\/\/www.mpppst.gob.ve\/mpppstweb\/index.php\/2019\/05\/24\/venezuela-ejemplo-de-lucha-estudiantil-latinoamericana\/#primaryimage\"},\"thumbnailUrl\":\"https:\/\/www.mpppst.gob.ve\/mpppstweb\/wp-content\/uploads\/2019\/05\/D6r_DieXoAA_kpO.jpg\",\"datePublished\":\"2019-05-24T13:57:27+00:00\",\"dateModified\":\"2019-05-24T13:57:27+00:00\",\"breadcrumb\":{\"@id\":\"https:\/\/www.mpppst.gob.ve\/mpppstweb\/index.php\/2019\/05\/24\/venezuela-ejemplo-de-lucha-estudiantil-latinoamericana\/#breadcrumb\"},\"inLanguage\":\"es\",\"potentialAction\":[{\"@type\":\"ReadAction\",\"target\":[\"https:\/\/www.mpppst.gob.ve\/mpppstweb\/index.php\/2019\/05\/24\/venezuela-ejemplo-de-lucha-estudiantil-latinoamericana\/\"]}]},{\"@type\":\"ImageObject\",\"inLanguage\":\"es\",\"@id\":\"https:\/\/www.mpppst.gob.ve\/mpppstweb\/index.php\/2019\/05\/24\/venezuela-ejemplo-de-lucha-estudiantil-latinoamericana\/#primaryimage\",\"url\":\"https:\/\/www.mpppst.gob.ve\/mpppstweb\/wp-content\/uploads\/2019\/05\/D6r_DieXoAA_kpO.jpg\",\"contentUrl\":\"https:\/\/www.mpppst.gob.ve\/mpppstweb\/wp-content\/uploads\/2019\/05\/D6r_DieXoAA_kpO.jpg\",\"width\":425,\"height\":415},{\"@type\":\"BreadcrumbList\",\"@id\":\"https:\/\/www.mpppst.gob.ve\/mpppstweb\/index.php\/2019\/05\/24\/venezuela-ejemplo-de-lucha-estudiantil-latinoamericana\/#breadcrumb\",\"itemListElement\":[{\"@type\":\"ListItem\",\"position\":1,\"name\":\"Home\",\"item\":\"https:\/\/www.mpppst.gob.ve\/mpppstweb\/\"},{\"@type\":\"ListItem\",\"position\":2,\"name\":\"Venezuela ejemplo de lucha estudiantil latinoamericana\"}]},{\"@type\":\"WebSite\",\"@id\":\"https:\/\/www.mpppst.gob.ve\/mpppstweb\/#website\",\"url\":\"https:\/\/www.mpppst.gob.ve\/mpppstweb\/\",\"name\":\"MPPPST\",\"description\":\"Ministerio del Poder Popular para el Proceso Social de Trabajo\",\"publisher\":{\"@id\":\"https:\/\/www.mpppst.gob.ve\/mpppstweb\/#organization\"},\"potentialAction\":[{\"@type\":\"SearchAction\",\"target\":{\"@type\":\"EntryPoint\",\"urlTemplate\":\"https:\/\/www.mpppst.gob.ve\/mpppstweb\/?s={search_term_string}\"},\"query-input\":\"required name=search_term_string\"}],\"inLanguage\":\"es\"},{\"@type\":\"Organization\",\"@id\":\"https:\/\/www.mpppst.gob.ve\/mpppstweb\/#organization\",\"name\":\"mpppst\",\"url\":\"https:\/\/www.mpppst.gob.ve\/mpppstweb\/\",\"logo\":{\"@type\":\"ImageObject\",\"inLanguage\":\"es\",\"@id\":\"https:\/\/www.mpppst.gob.ve\/mpppstweb\/#\/schema\/logo\/image\/\",\"url\":\"https:\/\/www.mpppst.gob.ve\/mpppstweb\/wp-content\/uploads\/2025\/07\/cropped-cropped-g910.png\",\"contentUrl\":\"https:\/\/www.mpppst.gob.ve\/mpppstweb\/wp-content\/uploads\/2025\/07\/cropped-cropped-g910.png\",\"width\":1080,\"height\":241,\"caption\":\"mpppst\"},\"image\":{\"@id\":\"https:\/\/www.mpppst.gob.ve\/mpppstweb\/#\/schema\/logo\/image\/\"}},{\"@type\":\"Person\",\"@id\":\"https:\/\/www.mpppst.gob.ve\/mpppstweb\/#\/schema\/person\/fc187ee8ead412bd4c9304b62f900ea4\",\"name\":\"MPPPST Prensa\",\"url\":\"https:\/\/www.mpppst.gob.ve\/mpppstweb\/index.php\/author\/prensa-mpppst\/\"}]}<\/script>\n<!-- \/ Yoast SEO plugin. -->","yoast_head_json":{"title":"Venezuela ejemplo de lucha estudiantil latinoamericana - MPPPST","robots":{"index":"index","follow":"follow","max-snippet":"max-snippet:-1","max-image-preview":"max-image-preview:large","max-video-preview":"max-video-preview:-1"},"canonical":"https:\/\/www.mpppst.gob.ve\/mpppstweb\/index.php\/2019\/05\/24\/venezuela-ejemplo-de-lucha-estudiantil-latinoamericana\/","og_locale":"es_ES","og_type":"article","og_title":"Venezuela ejemplo de lucha estudiantil latinoamericana - MPPPST","og_description":"Venezuela abri\u00f3 sus puertas para el XVIII Congreso Latinoamericano y Caribe\u00f1o de Estudiantes (CLAE), en el &hellip; Venezuela ejemplo de lucha estudiantil latinoamericanaRead more","og_url":"https:\/\/www.mpppst.gob.ve\/mpppstweb\/index.php\/2019\/05\/24\/venezuela-ejemplo-de-lucha-estudiantil-latinoamericana\/","og_site_name":"MPPPST","article_published_time":"2019-05-24T13:57:27+00:00","og_image":[{"width":425,"height":415,"url":"https:\/\/www.mpppst.gob.ve\/mpppstweb\/wp-content\/uploads\/2019\/05\/D6r_DieXoAA_kpO.jpg","type":"image\/jpeg"}],"author":"MPPPST Prensa","twitter_card":"summary_large_image","twitter_misc":{"Escrito por":"MPPPST Prensa","Tiempo de lectura":"2 minutos"},"schema":{"@context":"https:\/\/schema.org","@graph":[{"@type":"Article","@id":"https:\/\/www.mpppst.gob.ve\/mpppstweb\/index.php\/2019\/05\/24\/venezuela-ejemplo-de-lucha-estudiantil-latinoamericana\/#article","isPartOf":{"@id":"https:\/\/www.mpppst.gob.ve\/mpppstweb\/index.php\/2019\/05\/24\/venezuela-ejemplo-de-lucha-estudiantil-latinoamericana\/"},"author":{"name":"MPPPST Prensa","@id":"https:\/\/www.mpppst.gob.ve\/mpppstweb\/#\/schema\/person\/fc187ee8ead412bd4c9304b62f900ea4"},"headline":"Venezuela ejemplo de lucha estudiantil latinoamericana","datePublished":"2019-05-24T13:57:27+00:00","dateModified":"2019-05-24T13:57:27+00:00","mainEntityOfPage":{"@id":"https:\/\/www.mpppst.gob.ve\/mpppstweb\/index.php\/2019\/05\/24\/venezuela-ejemplo-de-lucha-estudiantil-latinoamericana\/"},"wordCount":432,"publisher":{"@id":"https:\/\/www.mpppst.gob.ve\/mpppstweb\/#organization"},"image":{"@id":"https:\/\/www.mpppst.gob.ve\/mpppstweb\/index.php\/2019\/05\/24\/venezuela-ejemplo-de-lucha-estudiantil-latinoamericana\/#primaryimage"},"thumbnailUrl":"https:\/\/www.mpppst.gob.ve\/mpppstweb\/wp-content\/uploads\/2019\/05\/D6r_DieXoAA_kpO.jpg","articleSection":["Movimientos Sociales","Noticias"],"inLanguage":"es"},{"@type":"WebPage","@id":"https:\/\/www.mpppst.gob.ve\/mpppstweb\/index.php\/2019\/05\/24\/venezuela-ejemplo-de-lucha-estudiantil-latinoamericana\/","url":"https:\/\/www.mpppst.gob.ve\/mpppstweb\/index.php\/2019\/05\/24\/venezuela-ejemplo-de-lucha-estudiantil-latinoamericana\/","name":"Venezuela ejemplo de lucha estudiantil latinoamericana - MPPPST","isPartOf":{"@id":"https:\/\/www.mpppst.gob.ve\/mpppstweb\/#website"},"primaryImageOfPage":{"@id":"https:\/\/www.mpppst.gob.ve\/mpppstweb\/index.php\/2019\/05\/24\/venezuela-ejemplo-de-lucha-estudiantil-latinoamericana\/#primaryimage"},"image":{"@id":"https:\/\/www.mpppst.gob.ve\/mpppstweb\/index.php\/2019\/05\/24\/venezuela-ejemplo-de-lucha-estudiantil-latinoamericana\/#primaryimage"},"thumbnailUrl":"https:\/\/www.mpppst.gob.ve\/mpppstweb\/wp-content\/uploads\/2019\/05\/D6r_DieXoAA_kpO.jpg","datePublished":"2019-05-24T13:57:27+00:00","dateModified":"2019-05-24T13:57:27+00:00","breadcrumb":{"@id":"https:\/\/www.mpppst.gob.ve\/mpppstweb\/index.php\/2019\/05\/24\/venezuela-ejemplo-de-lucha-estudiantil-latinoamericana\/#breadcrumb"},"inLanguage":"es","potentialAction":[{"@type":"ReadAction","target":["https:\/\/www.mpppst.gob.ve\/mpppstweb\/index.php\/2019\/05\/24\/venezuela-ejemplo-de-lucha-estudiantil-latinoamericana\/"]}]},{"@type":"ImageObject","inLanguage":"es","@id":"https:\/\/www.mpppst.gob.ve\/mpppstweb\/index.php\/2019\/05\/24\/venezuela-ejemplo-de-lucha-estudiantil-latinoamericana\/#primaryimage","url":"https:\/\/www.mpppst.gob.ve\/mpppstweb\/wp-content\/uploads\/2019\/05\/D6r_DieXoAA_kpO.jpg","contentUrl":"https:\/\/www.mpppst.gob.ve\/mpppstweb\/wp-content\/uploads\/2019\/05\/D6r_DieXoAA_kpO.jpg","width":425,"height":415},{"@type":"BreadcrumbList","@id":"https:\/\/www.mpppst.gob.ve\/mpppstweb\/index.php\/2019\/05\/24\/venezuela-ejemplo-de-lucha-estudiantil-latinoamericana\/#breadcrumb","itemListElement":[{"@type":"ListItem","position":1,"name":"Home","item":"https:\/\/www.mpppst.gob.ve\/mpppstweb\/"},{"@type":"ListItem","position":2,"name":"Venezuela ejemplo de lucha estudiantil latinoamericana"}]},{"@type":"WebSite","@id":"https:\/\/www.mpppst.gob.ve\/mpppstweb\/#website","url":"https:\/\/www.mpppst.gob.ve\/mpppstweb\/","name":"MPPPST","description":"Ministerio del Poder Popular para el Proceso Social de Trabajo","publisher":{"@id":"https:\/\/www.mpppst.gob.ve\/mpppstweb\/#organization"},"potentialAction":[{"@type":"SearchAction","target":{"@type":"EntryPoint","urlTemplate":"https:\/\/www.mpppst.gob.ve\/mpppstweb\/?s={search_term_string}"},"query-input":"required name=search_term_string"}],"inLanguage":"es"},{"@type":"Organization","@id":"https:\/\/www.mpppst.gob.ve\/mpppstweb\/#organization","name":"mpppst","url":"https:\/\/www.mpppst.gob.ve\/mpppstweb\/","logo":{"@type":"ImageObject","inLanguage":"es","@id":"https:\/\/www.mpppst.gob.ve\/mpppstweb\/#\/schema\/logo\/image\/","url":"https:\/\/www.mpppst.gob.ve\/mpppstweb\/wp-content\/uploads\/2025\/07\/cropped-cropped-g910.png","contentUrl":"https:\/\/www.mpppst.gob.ve\/mpppstweb\/wp-content\/uploads\/2025\/07\/cropped-cropped-g910.png","width":1080,"height":241,"caption":"mpppst"},"image":{"@id":"https:\/\/www.mpppst.gob.ve\/mpppstweb\/#\/schema\/logo\/image\/"}},{"@type":"Person","@id":"https:\/\/www.mpppst.gob.ve\/mpppstweb\/#\/schema\/person\/fc187ee8ead412bd4c9304b62f900ea4","name":"MPPPST Prensa","url":"https:\/\/www.mpppst.gob.ve\/mpppstweb\/index.php\/author\/prensa-mpppst\/"}]}},"_links":{"self":[{"href":"https:\/\/www.mpppst.gob.ve\/mpppstweb\/index.php\/wp-json\/wp\/v2\/posts\/16160"}],"collection":[{"href":"https:\/\/www.mpppst.gob.ve\/mpppstweb\/index.php\/wp-json\/wp\/v2\/posts"}],"about":[{"href":"https:\/\/www.mpppst.gob.ve\/mpppstweb\/index.php\/wp-json\/wp\/v2\/types\/post"}],"author":[{"embeddable":true,"href":"https:\/\/www.mpppst.gob.ve\/mpppstweb\/index.php\/wp-json\/wp\/v2\/users\/25"}],"replies":[{"embeddable":true,"href":"https:\/\/www.mpppst.gob.ve\/mpppstweb\/index.php\/wp-json\/wp\/v2\/comments?post=16160"}],"version-history":[{"count":1,"href":"https:\/\/www.mpppst.gob.ve\/mpppstweb\/index.php\/wp-json\/wp\/v2\/posts\/16160\/revisions"}],"predecessor-version":[{"id":16165,"href":"https:\/\/www.mpppst.gob.ve\/mpppstweb\/index.php\/wp-json\/wp\/v2\/posts\/16160\/revisions\/16165"}],"wp:featuredmedia":[{"embeddable":true,"href":"https:\/\/www.mpppst.gob.ve\/mpppstweb\/index.php\/wp-json\/wp\/v2\/media\/16161"}],"wp:attachment":[{"href":"https:\/\/www.mpppst.gob.ve\/mpppstweb\/index.php\/wp-json\/wp\/v2\/media?parent=16160"}],"wp:term":[{"taxonomy":"category","embeddable":true,"href":"https:\/\/www.mpppst.gob.ve\/mpppstweb\/index.php\/wp-json\/wp\/v2\/categories?post=16160"},{"taxonomy":"post_tag","embeddable":true,"href":"https:\/\/www.mpppst.gob.ve\/mpppstweb\/index.php\/wp-json\/wp\/v2\/tags?post=16160"}],"curies":[{"name":"wp","href":"https:\/\/api.w.org\/{rel}","templated":true}]}}