{"id":16370,"date":"2019-06-28T14:39:15","date_gmt":"2019-06-28T18:39:15","guid":{"rendered":"http:\/\/www.mpppst.gob.ve\/mpppstweb\/?p=16370"},"modified":"2019-06-28T14:58:39","modified_gmt":"2019-06-28T18:58:39","slug":"grisel-alvarez-con-mi-trabajo-dejo-huella-donde-voy","status":"publish","type":"post","link":"https:\/\/www.mpppst.gob.ve\/mpppstweb\/index.php\/2019\/06\/28\/grisel-alvarez-con-mi-trabajo-dejo-huella-donde-voy\/","title":{"rendered":"Grisel \u00c1lvarez: \u201cCon mi trabajo dejo huella donde voy \u201c"},"content":{"rendered":"<p>Grisel \u00c1lvarez, ella es uno de los numerosos rostros que son ejemplo de<br \/>\nconstancia, disciplina y entrega, con una trayectoria profesional de 38 a\u00f1os en el<br \/>\nMinisterio del Poder Popular para el Proceso Social de Trabajo.<\/p>\n<p>Egresada de la Universidad Nacional Abierta, Licenciada en Educaci\u00f3n, menci\u00f3n<br \/>\nDificultad y Aprendizaje, profesi\u00f3n que ejerci\u00f3 por corto tiempo en la guarder\u00eda de<br \/>\nla instituci\u00f3n, sostiene que a pesar de cumplir con su labor de esposa y madre no<br \/>\ndesisti\u00f3 en obtener una carrera universitaria.<\/p>\n<p>Por sus m\u00e9ritos y competencia profesional y dedicaci\u00f3n Grisel \u00c1lvarez, se<br \/>\ndesempe\u00f1a desde el a\u00f1o 1980 en el departamento de Divisi\u00f3n T\u00e9cnica, desde ese<br \/>\npuesto nos cont\u00f3 su historia.<\/p>\n<p><a href=\"https:\/\/www.mpppst.gob.ve\/mpppstweb\/wp-content\/uploads\/2019\/06\/2019-06-27-10.20.45.jpg\"><img loading=\"lazy\" decoding=\"async\" class=\"size-medium wp-image-16372 alignleft\" src=\"https:\/\/www.mpppst.gob.ve\/mpppstweb\/wp-content\/uploads\/2019\/06\/2019-06-27-10.20.45-300x225.jpg\" alt=\"\" width=\"300\" height=\"225\" srcset=\"https:\/\/www.mpppst.gob.ve\/mpppstweb\/wp-content\/uploads\/2019\/06\/2019-06-27-10.20.45-300x225.jpg 300w, https:\/\/www.mpppst.gob.ve\/mpppstweb\/wp-content\/uploads\/2019\/06\/2019-06-27-10.20.45-768x576.jpg 768w, https:\/\/www.mpppst.gob.ve\/mpppstweb\/wp-content\/uploads\/2019\/06\/2019-06-27-10.20.45-1024x768.jpg 1024w, https:\/\/www.mpppst.gob.ve\/mpppstweb\/wp-content\/uploads\/2019\/06\/2019-06-27-10.20.45.jpg 2048w\" sizes=\"auto, (max-width: 300px) 100vw, 300px\" \/><\/a><\/p>\n<p>\u201cMe inici\u00e9 como pasante y transit\u00e9 por diferentes departamentos, lo que me ayud\u00f3<br \/>\nadquirir la experiencia necesaria para lo que hoy s\u00e9 y puedo aportar a la instituci\u00f3n\u201d, se\u00f1al\u00f3.<\/p>\n<p>En este sentido, detall\u00f3 que dentro del ministerio le dieron la oportunidad de<br \/>\ncapacitarse, durante 39 a\u00f1os de servicio asumi\u00f3 cargos con alto compromiso y<br \/>\nresponsabilidad.<\/p>\n<p>\u201cMi trabajo me ha dado mucha satisfacci\u00f3n, me da gratitud ense\u00f1ar a la nueva<br \/>\ngeneraci\u00f3n todo lo aprendido durante mis a\u00f1os de labor dentro del ministerio, la<br \/>\njuventud es punta de la lanza de la Revoluci\u00f3n Bolivariana\u201d, concluy\u00f3 Grisel.<\/p>\n","protected":false},"excerpt":{"rendered":"<p>Grisel \u00c1lvarez, ella es uno de los numerosos rostros que son ejemplo de constancia, disciplina y &hellip; <a title=\"Grisel \u00c1lvarez: \u201cCon mi trabajo dejo huella donde voy \u201c\" class=\"hm-read-more\" href=\"https:\/\/www.mpppst.gob.ve\/mpppstweb\/index.php\/2019\/06\/28\/grisel-alvarez-con-mi-trabajo-dejo-huella-donde-voy\/\"><span class=\"screen-reader-text\">Grisel \u00c1lvarez: \u201cCon mi trabajo dejo huella donde voy \u201c<\/span>Leer m\u00e1s<\/a><\/p>\n","protected":false},"author":25,"featured_media":16371,"comment_status":"closed","ping_status":"closed","sticky":false,"template":"","format":"standard","meta":{"footnotes":""},"categories":[163,84],"tags":[225,222,223,345],"class_list":["post-16370","post","type-post","status-publish","format-standard","has-post-thumbnail","hentry","category-noticias","category-vidalaboralysindical","tag-fuerza-laboral","tag-gobierno-bolivariano","tag-mpppst","tag-trabajadores"],"yoast_head":"<!-- This site is optimized with the Yoast SEO plugin v28.4 - https:\/\/yoast.com\/product\/yoast-seo-wordpress\/ -->\n<title>Grisel \u00c1lvarez: \u201cCon mi trabajo dejo huella donde voy \u201c - MPPPST<\/title>\n<meta name=\"robots\" content=\"index, follow, max-snippet:-1, max-image-preview:large, max-video-preview:-1\" \/>\n<link rel=\"canonical\" href=\"https:\/\/www.mpppst.gob.ve\/mpppstweb\/index.php\/2019\/06\/28\/grisel-alvarez-con-mi-trabajo-dejo-huella-donde-voy\/\" \/>\n<meta property=\"og:locale\" content=\"es_ES\" \/>\n<meta property=\"og:type\" content=\"article\" \/>\n<meta property=\"og:title\" content=\"Grisel \u00c1lvarez: \u201cCon mi trabajo dejo huella donde voy \u201c - MPPPST\" \/>\n<meta property=\"og:description\" content=\"Grisel \u00c1lvarez, ella es uno de los numerosos rostros que son ejemplo de constancia, disciplina y &hellip; Grisel \u00c1lvarez: \u201cCon mi trabajo dejo huella donde voy \u201cLeer m\u00e1s\" \/>\n<meta property=\"og:url\" content=\"https:\/\/www.mpppst.gob.ve\/mpppstweb\/index.php\/2019\/06\/28\/grisel-alvarez-con-mi-trabajo-dejo-huella-donde-voy\/\" \/>\n<meta property=\"og:site_name\" content=\"MPPPST\" \/>\n<meta property=\"article:publisher\" content=\"https:\/\/www.facebook.com\/mintrabajo_ve\" \/>\n<meta property=\"article:published_time\" content=\"2019-06-28T18:39:15+00:00\" \/>\n<meta property=\"article:modified_time\" content=\"2019-06-28T18:58:39+00:00\" \/>\n<meta property=\"og:image\" content=\"https:\/\/www.mpppst.gob.ve\/mpppstweb\/wp-content\/uploads\/2019\/06\/2019-06-27-10.20.40.jpg\" \/>\n\t<meta property=\"og:image:width\" content=\"2048\" \/>\n\t<meta property=\"og:image:height\" content=\"1536\" \/>\n\t<meta property=\"og:image:type\" content=\"image\/jpeg\" \/>\n<meta name=\"author\" content=\"MPPPST Prensa\" \/>\n<meta name=\"twitter:card\" content=\"summary_large_image\" \/>\n<script type=\"application\/ld+json\" class=\"yoast-schema-graph\">{\"@context\":\"https:\\\/\\\/schema.org\",\"@graph\":[{\"@type\":\"Article\",\"@id\":\"https:\\\/\\\/www.mpppst.gob.ve\\\/mpppstweb\\\/index.php\\\/2019\\\/06\\\/28\\\/grisel-alvarez-con-mi-trabajo-dejo-huella-donde-voy\\\/#article\",\"isPartOf\":{\"@id\":\"https:\\\/\\\/www.mpppst.gob.ve\\\/mpppstweb\\\/index.php\\\/2019\\\/06\\\/28\\\/grisel-alvarez-con-mi-trabajo-dejo-huella-donde-voy\\\/\"},\"author\":{\"name\":\"MPPPST Prensa\",\"@id\":\"https:\\\/\\\/www.mpppst.gob.ve\\\/mpppstweb\\\/#\\\/schema\\\/person\\\/fc187ee8ead412bd4c9304b62f900ea4\"},\"headline\":\"Grisel \u00c1lvarez: \u201cCon mi trabajo dejo huella donde voy \u201c\",\"datePublished\":\"2019-06-28T18:39:15+00:00\",\"dateModified\":\"2019-06-28T18:58:39+00:00\",\"mainEntityOfPage\":{\"@id\":\"https:\\\/\\\/www.mpppst.gob.ve\\\/mpppstweb\\\/index.php\\\/2019\\\/06\\\/28\\\/grisel-alvarez-con-mi-trabajo-dejo-huella-donde-voy\\\/\"},\"wordCount\":230,\"publisher\":{\"@id\":\"https:\\\/\\\/www.mpppst.gob.ve\\\/mpppstweb\\\/#organization\"},\"image\":{\"@id\":\"https:\\\/\\\/www.mpppst.gob.ve\\\/mpppstweb\\\/index.php\\\/2019\\\/06\\\/28\\\/grisel-alvarez-con-mi-trabajo-dejo-huella-donde-voy\\\/#primaryimage\"},\"thumbnailUrl\":\"https:\\\/\\\/www.mpppst.gob.ve\\\/mpppstweb\\\/wp-content\\\/uploads\\\/2019\\\/06\\\/2019-06-27-10.20.40.jpg\",\"keywords\":[\"Fuerza Laboral\",\"Gobierno Bolivariano\",\"MPPPST\",\"Trabajadores\"],\"articleSection\":[\"Noticias\",\"Vida Laboral y Sindical\"],\"inLanguage\":\"es\"},{\"@type\":\"WebPage\",\"@id\":\"https:\\\/\\\/www.mpppst.gob.ve\\\/mpppstweb\\\/index.php\\\/2019\\\/06\\\/28\\\/grisel-alvarez-con-mi-trabajo-dejo-huella-donde-voy\\\/\",\"url\":\"https:\\\/\\\/www.mpppst.gob.ve\\\/mpppstweb\\\/index.php\\\/2019\\\/06\\\/28\\\/grisel-alvarez-con-mi-trabajo-dejo-huella-donde-voy\\\/\",\"name\":\"Grisel \u00c1lvarez: \u201cCon mi trabajo dejo huella donde voy \u201c - MPPPST\",\"isPartOf\":{\"@id\":\"https:\\\/\\\/www.mpppst.gob.ve\\\/mpppstweb\\\/#website\"},\"primaryImageOfPage\":{\"@id\":\"https:\\\/\\\/www.mpppst.gob.ve\\\/mpppstweb\\\/index.php\\\/2019\\\/06\\\/28\\\/grisel-alvarez-con-mi-trabajo-dejo-huella-donde-voy\\\/#primaryimage\"},\"image\":{\"@id\":\"https:\\\/\\\/www.mpppst.gob.ve\\\/mpppstweb\\\/index.php\\\/2019\\\/06\\\/28\\\/grisel-alvarez-con-mi-trabajo-dejo-huella-donde-voy\\\/#primaryimage\"},\"thumbnailUrl\":\"https:\\\/\\\/www.mpppst.gob.ve\\\/mpppstweb\\\/wp-content\\\/uploads\\\/2019\\\/06\\\/2019-06-27-10.20.40.jpg\",\"datePublished\":\"2019-06-28T18:39:15+00:00\",\"dateModified\":\"2019-06-28T18:58:39+00:00\",\"breadcrumb\":{\"@id\":\"https:\\\/\\\/www.mpppst.gob.ve\\\/mpppstweb\\\/index.php\\\/2019\\\/06\\\/28\\\/grisel-alvarez-con-mi-trabajo-dejo-huella-donde-voy\\\/#breadcrumb\"},\"inLanguage\":\"es\",\"potentialAction\":[{\"@type\":\"ReadAction\",\"target\":[\"https:\\\/\\\/www.mpppst.gob.ve\\\/mpppstweb\\\/index.php\\\/2019\\\/06\\\/28\\\/grisel-alvarez-con-mi-trabajo-dejo-huella-donde-voy\\\/\"]}]},{\"@type\":\"ImageObject\",\"inLanguage\":\"es\",\"@id\":\"https:\\\/\\\/www.mpppst.gob.ve\\\/mpppstweb\\\/index.php\\\/2019\\\/06\\\/28\\\/grisel-alvarez-con-mi-trabajo-dejo-huella-donde-voy\\\/#primaryimage\",\"url\":\"https:\\\/\\\/www.mpppst.gob.ve\\\/mpppstweb\\\/wp-content\\\/uploads\\\/2019\\\/06\\\/2019-06-27-10.20.40.jpg\",\"contentUrl\":\"https:\\\/\\\/www.mpppst.gob.ve\\\/mpppstweb\\\/wp-content\\\/uploads\\\/2019\\\/06\\\/2019-06-27-10.20.40.jpg\",\"width\":2048,\"height\":1536},{\"@type\":\"BreadcrumbList\",\"@id\":\"https:\\\/\\\/www.mpppst.gob.ve\\\/mpppstweb\\\/index.php\\\/2019\\\/06\\\/28\\\/grisel-alvarez-con-mi-trabajo-dejo-huella-donde-voy\\\/#breadcrumb\",\"itemListElement\":[{\"@type\":\"ListItem\",\"position\":1,\"name\":\"Home\",\"item\":\"https:\\\/\\\/www.mpppst.gob.ve\\\/mpppstweb\\\/\"},{\"@type\":\"ListItem\",\"position\":2,\"name\":\"Grisel \u00c1lvarez: \u201cCon mi trabajo dejo huella donde voy \u201c\"}]},{\"@type\":\"WebSite\",\"@id\":\"https:\\\/\\\/www.mpppst.gob.ve\\\/mpppstweb\\\/#website\",\"url\":\"https:\\\/\\\/www.mpppst.gob.ve\\\/mpppstweb\\\/\",\"name\":\"MPPPST\",\"description\":\"Sitio web oficial del Ministerio del Poder Popular para el Proceso Social de Trabajo\",\"publisher\":{\"@id\":\"https:\\\/\\\/www.mpppst.gob.ve\\\/mpppstweb\\\/#organization\"},\"alternateName\":\"Ministerio del Poder Popular para el Proceso Social de Trabajo\",\"potentialAction\":[{\"@type\":\"SearchAction\",\"target\":{\"@type\":\"EntryPoint\",\"urlTemplate\":\"https:\\\/\\\/www.mpppst.gob.ve\\\/mpppstweb\\\/?s={search_term_string}\"},\"query-input\":{\"@type\":\"PropertyValueSpecification\",\"valueRequired\":true,\"valueName\":\"search_term_string\"}}],\"inLanguage\":\"es\"},{\"@type\":\"Organization\",\"@id\":\"https:\\\/\\\/www.mpppst.gob.ve\\\/mpppstweb\\\/#organization\",\"name\":\"Ministerio del Poder Popular para el Proceso Social de Trabajo\",\"alternateName\":\"MPPPST\",\"url\":\"https:\\\/\\\/www.mpppst.gob.ve\\\/mpppstweb\\\/\",\"logo\":{\"@type\":\"ImageObject\",\"inLanguage\":\"es\",\"@id\":\"https:\\\/\\\/www.mpppst.gob.ve\\\/mpppstweb\\\/#\\\/schema\\\/logo\\\/image\\\/\",\"url\":\"https:\\\/\\\/www.mpppst.gob.ve\\\/mpppstweb\\\/wp-content\\\/uploads\\\/2025\\\/07\\\/cropped-cropped-g910.png\",\"contentUrl\":\"https:\\\/\\\/www.mpppst.gob.ve\\\/mpppstweb\\\/wp-content\\\/uploads\\\/2025\\\/07\\\/cropped-cropped-g910.png\",\"width\":1080,\"height\":241,\"caption\":\"Ministerio del Poder Popular para el Proceso Social de Trabajo\"},\"image\":{\"@id\":\"https:\\\/\\\/www.mpppst.gob.ve\\\/mpppstweb\\\/#\\\/schema\\\/logo\\\/image\\\/\"},\"sameAs\":[\"https:\\\/\\\/www.facebook.com\\\/mintrabajo_ve\",\"https:\\\/\\\/www.instagram.com\\\/mintrabajo_ve\\\/\",\"https:\\\/\\\/www.tiktok.com\\\/@mintrabajo_ve\",\"https:\\\/\\\/t.me\\\/mpppst\"]},{\"@type\":\"Person\",\"@id\":\"https:\\\/\\\/www.mpppst.gob.ve\\\/mpppstweb\\\/#\\\/schema\\\/person\\\/fc187ee8ead412bd4c9304b62f900ea4\",\"name\":\"MPPPST Prensa\",\"url\":\"https:\\\/\\\/www.mpppst.gob.ve\\\/mpppstweb\\\/index.php\\\/author\\\/prensa-mpppst\\\/\"}]}<\/script>\n<!-- \/ Yoast SEO plugin. -->","yoast_head_json":{"title":"Grisel \u00c1lvarez: \u201cCon mi trabajo dejo huella donde voy \u201c - MPPPST","robots":{"index":"index","follow":"follow","max-snippet":"max-snippet:-1","max-image-preview":"max-image-preview:large","max-video-preview":"max-video-preview:-1"},"canonical":"https:\/\/www.mpppst.gob.ve\/mpppstweb\/index.php\/2019\/06\/28\/grisel-alvarez-con-mi-trabajo-dejo-huella-donde-voy\/","og_locale":"es_ES","og_type":"article","og_title":"Grisel \u00c1lvarez: \u201cCon mi trabajo dejo huella donde voy \u201c - MPPPST","og_description":"Grisel \u00c1lvarez, ella es uno de los numerosos rostros que son ejemplo de constancia, disciplina y &hellip; Grisel \u00c1lvarez: \u201cCon mi trabajo dejo huella donde voy \u201cLeer m\u00e1s","og_url":"https:\/\/www.mpppst.gob.ve\/mpppstweb\/index.php\/2019\/06\/28\/grisel-alvarez-con-mi-trabajo-dejo-huella-donde-voy\/","og_site_name":"MPPPST","article_publisher":"https:\/\/www.facebook.com\/mintrabajo_ve","article_published_time":"2019-06-28T18:39:15+00:00","article_modified_time":"2019-06-28T18:58:39+00:00","og_image":[{"width":2048,"height":1536,"url":"https:\/\/www.mpppst.gob.ve\/mpppstweb\/wp-content\/uploads\/2019\/06\/2019-06-27-10.20.40.jpg","type":"image\/jpeg"}],"author":"MPPPST Prensa","twitter_card":"summary_large_image","schema":{"@context":"https:\/\/schema.org","@graph":[{"@type":"Article","@id":"https:\/\/www.mpppst.gob.ve\/mpppstweb\/index.php\/2019\/06\/28\/grisel-alvarez-con-mi-trabajo-dejo-huella-donde-voy\/#article","isPartOf":{"@id":"https:\/\/www.mpppst.gob.ve\/mpppstweb\/index.php\/2019\/06\/28\/grisel-alvarez-con-mi-trabajo-dejo-huella-donde-voy\/"},"author":{"name":"MPPPST Prensa","@id":"https:\/\/www.mpppst.gob.ve\/mpppstweb\/#\/schema\/person\/fc187ee8ead412bd4c9304b62f900ea4"},"headline":"Grisel \u00c1lvarez: \u201cCon mi trabajo dejo huella donde voy \u201c","datePublished":"2019-06-28T18:39:15+00:00","dateModified":"2019-06-28T18:58:39+00:00","mainEntityOfPage":{"@id":"https:\/\/www.mpppst.gob.ve\/mpppstweb\/index.php\/2019\/06\/28\/grisel-alvarez-con-mi-trabajo-dejo-huella-donde-voy\/"},"wordCount":230,"publisher":{"@id":"https:\/\/www.mpppst.gob.ve\/mpppstweb\/#organization"},"image":{"@id":"https:\/\/www.mpppst.gob.ve\/mpppstweb\/index.php\/2019\/06\/28\/grisel-alvarez-con-mi-trabajo-dejo-huella-donde-voy\/#primaryimage"},"thumbnailUrl":"https:\/\/www.mpppst.gob.ve\/mpppstweb\/wp-content\/uploads\/2019\/06\/2019-06-27-10.20.40.jpg","keywords":["Fuerza Laboral","Gobierno Bolivariano","MPPPST","Trabajadores"],"articleSection":["Noticias","Vida Laboral y Sindical"],"inLanguage":"es"},{"@type":"WebPage","@id":"https:\/\/www.mpppst.gob.ve\/mpppstweb\/index.php\/2019\/06\/28\/grisel-alvarez-con-mi-trabajo-dejo-huella-donde-voy\/","url":"https:\/\/www.mpppst.gob.ve\/mpppstweb\/index.php\/2019\/06\/28\/grisel-alvarez-con-mi-trabajo-dejo-huella-donde-voy\/","name":"Grisel \u00c1lvarez: \u201cCon mi trabajo dejo huella donde voy \u201c - MPPPST","isPartOf":{"@id":"https:\/\/www.mpppst.gob.ve\/mpppstweb\/#website"},"primaryImageOfPage":{"@id":"https:\/\/www.mpppst.gob.ve\/mpppstweb\/index.php\/2019\/06\/28\/grisel-alvarez-con-mi-trabajo-dejo-huella-donde-voy\/#primaryimage"},"image":{"@id":"https:\/\/www.mpppst.gob.ve\/mpppstweb\/index.php\/2019\/06\/28\/grisel-alvarez-con-mi-trabajo-dejo-huella-donde-voy\/#primaryimage"},"thumbnailUrl":"https:\/\/www.mpppst.gob.ve\/mpppstweb\/wp-content\/uploads\/2019\/06\/2019-06-27-10.20.40.jpg","datePublished":"2019-06-28T18:39:15+00:00","dateModified":"2019-06-28T18:58:39+00:00","breadcrumb":{"@id":"https:\/\/www.mpppst.gob.ve\/mpppstweb\/index.php\/2019\/06\/28\/grisel-alvarez-con-mi-trabajo-dejo-huella-donde-voy\/#breadcrumb"},"inLanguage":"es","potentialAction":[{"@type":"ReadAction","target":["https:\/\/www.mpppst.gob.ve\/mpppstweb\/index.php\/2019\/06\/28\/grisel-alvarez-con-mi-trabajo-dejo-huella-donde-voy\/"]}]},{"@type":"ImageObject","inLanguage":"es","@id":"https:\/\/www.mpppst.gob.ve\/mpppstweb\/index.php\/2019\/06\/28\/grisel-alvarez-con-mi-trabajo-dejo-huella-donde-voy\/#primaryimage","url":"https:\/\/www.mpppst.gob.ve\/mpppstweb\/wp-content\/uploads\/2019\/06\/2019-06-27-10.20.40.jpg","contentUrl":"https:\/\/www.mpppst.gob.ve\/mpppstweb\/wp-content\/uploads\/2019\/06\/2019-06-27-10.20.40.jpg","width":2048,"height":1536},{"@type":"BreadcrumbList","@id":"https:\/\/www.mpppst.gob.ve\/mpppstweb\/index.php\/2019\/06\/28\/grisel-alvarez-con-mi-trabajo-dejo-huella-donde-voy\/#breadcrumb","itemListElement":[{"@type":"ListItem","position":1,"name":"Home","item":"https:\/\/www.mpppst.gob.ve\/mpppstweb\/"},{"@type":"ListItem","position":2,"name":"Grisel \u00c1lvarez: \u201cCon mi trabajo dejo huella donde voy \u201c"}]},{"@type":"WebSite","@id":"https:\/\/www.mpppst.gob.ve\/mpppstweb\/#website","url":"https:\/\/www.mpppst.gob.ve\/mpppstweb\/","name":"MPPPST","description":"Sitio web oficial del Ministerio del Poder Popular para el Proceso Social de Trabajo","publisher":{"@id":"https:\/\/www.mpppst.gob.ve\/mpppstweb\/#organization"},"alternateName":"Ministerio del Poder Popular para el Proceso Social de Trabajo","potentialAction":[{"@type":"SearchAction","target":{"@type":"EntryPoint","urlTemplate":"https:\/\/www.mpppst.gob.ve\/mpppstweb\/?s={search_term_string}"},"query-input":{"@type":"PropertyValueSpecification","valueRequired":true,"valueName":"search_term_string"}}],"inLanguage":"es"},{"@type":"Organization","@id":"https:\/\/www.mpppst.gob.ve\/mpppstweb\/#organization","name":"Ministerio del Poder Popular para el Proceso Social de Trabajo","alternateName":"MPPPST","url":"https:\/\/www.mpppst.gob.ve\/mpppstweb\/","logo":{"@type":"ImageObject","inLanguage":"es","@id":"https:\/\/www.mpppst.gob.ve\/mpppstweb\/#\/schema\/logo\/image\/","url":"https:\/\/www.mpppst.gob.ve\/mpppstweb\/wp-content\/uploads\/2025\/07\/cropped-cropped-g910.png","contentUrl":"https:\/\/www.mpppst.gob.ve\/mpppstweb\/wp-content\/uploads\/2025\/07\/cropped-cropped-g910.png","width":1080,"height":241,"caption":"Ministerio del Poder Popular para el Proceso Social de Trabajo"},"image":{"@id":"https:\/\/www.mpppst.gob.ve\/mpppstweb\/#\/schema\/logo\/image\/"},"sameAs":["https:\/\/www.facebook.com\/mintrabajo_ve","https:\/\/www.instagram.com\/mintrabajo_ve\/","https:\/\/www.tiktok.com\/@mintrabajo_ve","https:\/\/t.me\/mpppst"]},{"@type":"Person","@id":"https:\/\/www.mpppst.gob.ve\/mpppstweb\/#\/schema\/person\/fc187ee8ead412bd4c9304b62f900ea4","name":"MPPPST Prensa","url":"https:\/\/www.mpppst.gob.ve\/mpppstweb\/index.php\/author\/prensa-mpppst\/"}]}},"_links":{"self":[{"href":"https:\/\/www.mpppst.gob.ve\/mpppstweb\/index.php\/wp-json\/wp\/v2\/posts\/16370","targetHints":{"allow":["GET"]}}],"collection":[{"href":"https:\/\/www.mpppst.gob.ve\/mpppstweb\/index.php\/wp-json\/wp\/v2\/posts"}],"about":[{"href":"https:\/\/www.mpppst.gob.ve\/mpppstweb\/index.php\/wp-json\/wp\/v2\/types\/post"}],"author":[{"embeddable":true,"href":"https:\/\/www.mpppst.gob.ve\/mpppstweb\/index.php\/wp-json\/wp\/v2\/users\/25"}],"replies":[{"embeddable":true,"href":"https:\/\/www.mpppst.gob.ve\/mpppstweb\/index.php\/wp-json\/wp\/v2\/comments?post=16370"}],"version-history":[{"count":5,"href":"https:\/\/www.mpppst.gob.ve\/mpppstweb\/index.php\/wp-json\/wp\/v2\/posts\/16370\/revisions"}],"predecessor-version":[{"id":16377,"href":"https:\/\/www.mpppst.gob.ve\/mpppstweb\/index.php\/wp-json\/wp\/v2\/posts\/16370\/revisions\/16377"}],"wp:featuredmedia":[{"embeddable":true,"href":"https:\/\/www.mpppst.gob.ve\/mpppstweb\/index.php\/wp-json\/wp\/v2\/media\/16371"}],"wp:attachment":[{"href":"https:\/\/www.mpppst.gob.ve\/mpppstweb\/index.php\/wp-json\/wp\/v2\/media?parent=16370"}],"wp:term":[{"taxonomy":"category","embeddable":true,"href":"https:\/\/www.mpppst.gob.ve\/mpppstweb\/index.php\/wp-json\/wp\/v2\/categories?post=16370"},{"taxonomy":"post_tag","embeddable":true,"href":"https:\/\/www.mpppst.gob.ve\/mpppstweb\/index.php\/wp-json\/wp\/v2\/tags?post=16370"}],"curies":[{"name":"wp","href":"https:\/\/api.w.org\/{rel}","templated":true}]}}