{"id":16379,"date":"2019-07-01T09:51:12","date_gmt":"2019-07-01T13:51:12","guid":{"rendered":"http:\/\/www.mpppst.gob.ve\/mpppstweb\/?p=16379"},"modified":"2019-07-01T13:43:21","modified_gmt":"2019-07-01T17:43:21","slug":"opinion-la-derrota-de-quienes-abandonaron-la-politica","status":"publish","type":"post","link":"https:\/\/www.mpppst.gob.ve\/mpppstweb\/index.php\/2019\/07\/01\/opinion-la-derrota-de-quienes-abandonaron-la-politica\/","title":{"rendered":"Opini\u00f3n: La derrota de quienes abandonaron la pol\u00edtica"},"content":{"rendered":"<p><strong>Por: Eduardo Pi\u00f1ate <\/strong><\/p>\n<p>Esta semana el camarada Jorge Rodr\u00edguez, Vicepresidente de Comunicaci\u00f3n, Cultura y Turismo, revel\u00f3 ante el pa\u00eds y ante el mundo, una nueva trama de conspiraciones esta vez m\u00e1s ruin y criminal que las anteriores- para asesinar al liderazgo de la revoluci\u00f3n, comenzando por el Presidente de la Rep\u00fablica, Nicol\u00e1s Maduro, la Primera Combatiente, Cilia Flores, y el Presidente de la ANC, Diosdado Cabello; derrocar al gobierno y comenzar a ejecutar su plan de destrucci\u00f3n nacional.<br \/>\nLo primero que hay que decir, es que el sector que hegemon\u00edza, que es mayoritario en la oposici\u00f3n, es el m\u00e1s reaccionario, el m\u00e1s fascista, el m\u00e1s extremista, y esto es com\u00fan en los que nacieron en este pa\u00eds y en quienes los dirigen desde Washington. Ese sector hace a\u00f1os renunci\u00f3 a la pol\u00edtica y a la democracia, a ellos no le sirve la acci\u00f3n parlamentaria e institucional para sus prop\u00f3sitos. Su objetivo es acceder al poder luego de un ba\u00f1o de sangre para entregar nuestro pa\u00eds a las transnacionales. La conspiraci\u00f3n denunciada por Jorge Rodr\u00edguez lo evidencia.<\/p>\n<p>En segundo lugar, se demuestra, una vez m\u00e1s en el caso venezolano, que la subordinaci\u00f3n a la \u00e9lite imperialista que gobierna los EEUU, el abandono de la pol\u00edtica y la democracia y el haber tomado el camino del golpismo, solo condujo a la oposici\u00f3n (o las oposiciones, como las denomina acertadamente el presidente Maduro) al fracaso, que han repetido una y otra vez. Podemos decir sin ninguna duda, que otra caracter\u00edstica de este sector es su perseverancia en el error.<\/p>\n<p>Nosotros, con Nicol\u00e1s Maduro y el inmenso legado del Comandante Ch\u00e1vez al frente, acompa\u00f1ados de m\u00e1s del 80% de la poblaci\u00f3n venezolana, que quiere paz y respalda el di\u00e1logo propuesto por el presidente, avanzamos en medio de la brutal guerra que nos hacen, derrot\u00e1ndo al fascismo y al imperialismo. Seguimos venciendo<\/p>\n","protected":false},"excerpt":{"rendered":"<p>Por: Eduardo Pi\u00f1ate Esta semana el camarada Jorge Rodr\u00edguez, Vicepresidente de Comunicaci\u00f3n, Cultura y Turismo, revel\u00f3 &hellip; <a title=\"Opini\u00f3n: La derrota de quienes abandonaron la pol\u00edtica\" class=\"hm-read-more\" href=\"https:\/\/www.mpppst.gob.ve\/mpppstweb\/index.php\/2019\/07\/01\/opinion-la-derrota-de-quienes-abandonaron-la-politica\/\"><span class=\"screen-reader-text\">Opini\u00f3n: La derrota de quienes abandonaron la pol\u00edtica<\/span>Leer m\u00e1s<\/a><\/p>\n","protected":false},"author":25,"featured_media":15453,"comment_status":"closed","ping_status":"closed","sticky":false,"template":"","format":"standard","meta":{"footnotes":""},"categories":[163,404],"tags":[],"class_list":["post-16379","post","type-post","status-publish","format-standard","has-post-thumbnail","hentry","category-noticias","category-opinion"],"yoast_head":"<!-- This site is optimized with the Yoast SEO plugin v28.4 - https:\/\/yoast.com\/product\/yoast-seo-wordpress\/ -->\n<title>Opini\u00f3n: La derrota de quienes abandonaron la pol\u00edtica - MPPPST<\/title>\n<meta name=\"robots\" content=\"index, follow, max-snippet:-1, max-image-preview:large, max-video-preview:-1\" \/>\n<link rel=\"canonical\" href=\"https:\/\/www.mpppst.gob.ve\/mpppstweb\/index.php\/2019\/07\/01\/opinion-la-derrota-de-quienes-abandonaron-la-politica\/\" \/>\n<meta property=\"og:locale\" content=\"es_ES\" \/>\n<meta property=\"og:type\" content=\"article\" \/>\n<meta property=\"og:title\" content=\"Opini\u00f3n: La derrota de quienes abandonaron la pol\u00edtica - MPPPST\" \/>\n<meta property=\"og:description\" content=\"Por: Eduardo Pi\u00f1ate Esta semana el camarada Jorge Rodr\u00edguez, Vicepresidente de Comunicaci\u00f3n, Cultura y Turismo, revel\u00f3 &hellip; Opini\u00f3n: La derrota de quienes abandonaron la pol\u00edticaLeer m\u00e1s\" \/>\n<meta property=\"og:url\" content=\"https:\/\/www.mpppst.gob.ve\/mpppstweb\/index.php\/2019\/07\/01\/opinion-la-derrota-de-quienes-abandonaron-la-politica\/\" \/>\n<meta property=\"og:site_name\" content=\"MPPPST\" \/>\n<meta property=\"article:publisher\" content=\"https:\/\/www.facebook.com\/mintrabajo_ve\" \/>\n<meta property=\"article:published_time\" content=\"2019-07-01T13:51:12+00:00\" \/>\n<meta property=\"article:modified_time\" content=\"2019-07-01T17:43:21+00:00\" \/>\n<meta property=\"og:image\" content=\"https:\/\/www.mpppst.gob.ve\/mpppstweb\/wp-content\/uploads\/2018\/12\/IMG_0128.jpg\" \/>\n\t<meta property=\"og:image:width\" content=\"1936\" \/>\n\t<meta property=\"og:image:height\" content=\"1288\" \/>\n\t<meta property=\"og:image:type\" content=\"image\/jpeg\" \/>\n<meta name=\"author\" content=\"MPPPST Prensa\" \/>\n<meta name=\"twitter:card\" content=\"summary_large_image\" \/>\n<script type=\"application\/ld+json\" class=\"yoast-schema-graph\">{\"@context\":\"https:\\\/\\\/schema.org\",\"@graph\":[{\"@type\":\"Article\",\"@id\":\"https:\\\/\\\/www.mpppst.gob.ve\\\/mpppstweb\\\/index.php\\\/2019\\\/07\\\/01\\\/opinion-la-derrota-de-quienes-abandonaron-la-politica\\\/#article\",\"isPartOf\":{\"@id\":\"https:\\\/\\\/www.mpppst.gob.ve\\\/mpppstweb\\\/index.php\\\/2019\\\/07\\\/01\\\/opinion-la-derrota-de-quienes-abandonaron-la-politica\\\/\"},\"author\":{\"name\":\"MPPPST Prensa\",\"@id\":\"https:\\\/\\\/www.mpppst.gob.ve\\\/mpppstweb\\\/#\\\/schema\\\/person\\\/fc187ee8ead412bd4c9304b62f900ea4\"},\"headline\":\"Opini\u00f3n: La derrota de quienes abandonaron la pol\u00edtica\",\"datePublished\":\"2019-07-01T13:51:12+00:00\",\"dateModified\":\"2019-07-01T17:43:21+00:00\",\"mainEntityOfPage\":{\"@id\":\"https:\\\/\\\/www.mpppst.gob.ve\\\/mpppstweb\\\/index.php\\\/2019\\\/07\\\/01\\\/opinion-la-derrota-de-quienes-abandonaron-la-politica\\\/\"},\"wordCount\":352,\"publisher\":{\"@id\":\"https:\\\/\\\/www.mpppst.gob.ve\\\/mpppstweb\\\/#organization\"},\"image\":{\"@id\":\"https:\\\/\\\/www.mpppst.gob.ve\\\/mpppstweb\\\/index.php\\\/2019\\\/07\\\/01\\\/opinion-la-derrota-de-quienes-abandonaron-la-politica\\\/#primaryimage\"},\"thumbnailUrl\":\"https:\\\/\\\/www.mpppst.gob.ve\\\/mpppstweb\\\/wp-content\\\/uploads\\\/2018\\\/12\\\/IMG_0128.jpg\",\"articleSection\":[\"Noticias\",\"Opini\u00f3n\"],\"inLanguage\":\"es\"},{\"@type\":\"WebPage\",\"@id\":\"https:\\\/\\\/www.mpppst.gob.ve\\\/mpppstweb\\\/index.php\\\/2019\\\/07\\\/01\\\/opinion-la-derrota-de-quienes-abandonaron-la-politica\\\/\",\"url\":\"https:\\\/\\\/www.mpppst.gob.ve\\\/mpppstweb\\\/index.php\\\/2019\\\/07\\\/01\\\/opinion-la-derrota-de-quienes-abandonaron-la-politica\\\/\",\"name\":\"Opini\u00f3n: La derrota de quienes abandonaron la pol\u00edtica - MPPPST\",\"isPartOf\":{\"@id\":\"https:\\\/\\\/www.mpppst.gob.ve\\\/mpppstweb\\\/#website\"},\"primaryImageOfPage\":{\"@id\":\"https:\\\/\\\/www.mpppst.gob.ve\\\/mpppstweb\\\/index.php\\\/2019\\\/07\\\/01\\\/opinion-la-derrota-de-quienes-abandonaron-la-politica\\\/#primaryimage\"},\"image\":{\"@id\":\"https:\\\/\\\/www.mpppst.gob.ve\\\/mpppstweb\\\/index.php\\\/2019\\\/07\\\/01\\\/opinion-la-derrota-de-quienes-abandonaron-la-politica\\\/#primaryimage\"},\"thumbnailUrl\":\"https:\\\/\\\/www.mpppst.gob.ve\\\/mpppstweb\\\/wp-content\\\/uploads\\\/2018\\\/12\\\/IMG_0128.jpg\",\"datePublished\":\"2019-07-01T13:51:12+00:00\",\"dateModified\":\"2019-07-01T17:43:21+00:00\",\"breadcrumb\":{\"@id\":\"https:\\\/\\\/www.mpppst.gob.ve\\\/mpppstweb\\\/index.php\\\/2019\\\/07\\\/01\\\/opinion-la-derrota-de-quienes-abandonaron-la-politica\\\/#breadcrumb\"},\"inLanguage\":\"es\",\"potentialAction\":[{\"@type\":\"ReadAction\",\"target\":[\"https:\\\/\\\/www.mpppst.gob.ve\\\/mpppstweb\\\/index.php\\\/2019\\\/07\\\/01\\\/opinion-la-derrota-de-quienes-abandonaron-la-politica\\\/\"]}]},{\"@type\":\"ImageObject\",\"inLanguage\":\"es\",\"@id\":\"https:\\\/\\\/www.mpppst.gob.ve\\\/mpppstweb\\\/index.php\\\/2019\\\/07\\\/01\\\/opinion-la-derrota-de-quienes-abandonaron-la-politica\\\/#primaryimage\",\"url\":\"https:\\\/\\\/www.mpppst.gob.ve\\\/mpppstweb\\\/wp-content\\\/uploads\\\/2018\\\/12\\\/IMG_0128.jpg\",\"contentUrl\":\"https:\\\/\\\/www.mpppst.gob.ve\\\/mpppstweb\\\/wp-content\\\/uploads\\\/2018\\\/12\\\/IMG_0128.jpg\",\"width\":1936,\"height\":1288},{\"@type\":\"BreadcrumbList\",\"@id\":\"https:\\\/\\\/www.mpppst.gob.ve\\\/mpppstweb\\\/index.php\\\/2019\\\/07\\\/01\\\/opinion-la-derrota-de-quienes-abandonaron-la-politica\\\/#breadcrumb\",\"itemListElement\":[{\"@type\":\"ListItem\",\"position\":1,\"name\":\"Home\",\"item\":\"https:\\\/\\\/www.mpppst.gob.ve\\\/mpppstweb\\\/\"},{\"@type\":\"ListItem\",\"position\":2,\"name\":\"Opini\u00f3n: La derrota de quienes abandonaron la pol\u00edtica\"}]},{\"@type\":\"WebSite\",\"@id\":\"https:\\\/\\\/www.mpppst.gob.ve\\\/mpppstweb\\\/#website\",\"url\":\"https:\\\/\\\/www.mpppst.gob.ve\\\/mpppstweb\\\/\",\"name\":\"MPPPST\",\"description\":\"Sitio web oficial del Ministerio del Poder Popular para el Proceso Social de Trabajo\",\"publisher\":{\"@id\":\"https:\\\/\\\/www.mpppst.gob.ve\\\/mpppstweb\\\/#organization\"},\"alternateName\":\"Ministerio del Poder Popular para el Proceso Social de Trabajo\",\"potentialAction\":[{\"@type\":\"SearchAction\",\"target\":{\"@type\":\"EntryPoint\",\"urlTemplate\":\"https:\\\/\\\/www.mpppst.gob.ve\\\/mpppstweb\\\/?s={search_term_string}\"},\"query-input\":{\"@type\":\"PropertyValueSpecification\",\"valueRequired\":true,\"valueName\":\"search_term_string\"}}],\"inLanguage\":\"es\"},{\"@type\":\"Organization\",\"@id\":\"https:\\\/\\\/www.mpppst.gob.ve\\\/mpppstweb\\\/#organization\",\"name\":\"Ministerio del Poder Popular para el Proceso Social de Trabajo\",\"alternateName\":\"MPPPST\",\"url\":\"https:\\\/\\\/www.mpppst.gob.ve\\\/mpppstweb\\\/\",\"logo\":{\"@type\":\"ImageObject\",\"inLanguage\":\"es\",\"@id\":\"https:\\\/\\\/www.mpppst.gob.ve\\\/mpppstweb\\\/#\\\/schema\\\/logo\\\/image\\\/\",\"url\":\"https:\\\/\\\/www.mpppst.gob.ve\\\/mpppstweb\\\/wp-content\\\/uploads\\\/2025\\\/07\\\/cropped-cropped-g910.png\",\"contentUrl\":\"https:\\\/\\\/www.mpppst.gob.ve\\\/mpppstweb\\\/wp-content\\\/uploads\\\/2025\\\/07\\\/cropped-cropped-g910.png\",\"width\":1080,\"height\":241,\"caption\":\"Ministerio del Poder Popular para el Proceso Social de Trabajo\"},\"image\":{\"@id\":\"https:\\\/\\\/www.mpppst.gob.ve\\\/mpppstweb\\\/#\\\/schema\\\/logo\\\/image\\\/\"},\"sameAs\":[\"https:\\\/\\\/www.facebook.com\\\/mintrabajo_ve\",\"https:\\\/\\\/www.instagram.com\\\/mintrabajo_ve\\\/\",\"https:\\\/\\\/www.tiktok.com\\\/@mintrabajo_ve\",\"https:\\\/\\\/t.me\\\/mpppst\"]},{\"@type\":\"Person\",\"@id\":\"https:\\\/\\\/www.mpppst.gob.ve\\\/mpppstweb\\\/#\\\/schema\\\/person\\\/fc187ee8ead412bd4c9304b62f900ea4\",\"name\":\"MPPPST Prensa\",\"url\":\"https:\\\/\\\/www.mpppst.gob.ve\\\/mpppstweb\\\/index.php\\\/author\\\/prensa-mpppst\\\/\"}]}<\/script>\n<!-- \/ Yoast SEO plugin. -->","yoast_head_json":{"title":"Opini\u00f3n: La derrota de quienes abandonaron la pol\u00edtica - MPPPST","robots":{"index":"index","follow":"follow","max-snippet":"max-snippet:-1","max-image-preview":"max-image-preview:large","max-video-preview":"max-video-preview:-1"},"canonical":"https:\/\/www.mpppst.gob.ve\/mpppstweb\/index.php\/2019\/07\/01\/opinion-la-derrota-de-quienes-abandonaron-la-politica\/","og_locale":"es_ES","og_type":"article","og_title":"Opini\u00f3n: La derrota de quienes abandonaron la pol\u00edtica - MPPPST","og_description":"Por: Eduardo Pi\u00f1ate Esta semana el camarada Jorge Rodr\u00edguez, Vicepresidente de Comunicaci\u00f3n, Cultura y Turismo, revel\u00f3 &hellip; Opini\u00f3n: La derrota de quienes abandonaron la pol\u00edticaLeer m\u00e1s","og_url":"https:\/\/www.mpppst.gob.ve\/mpppstweb\/index.php\/2019\/07\/01\/opinion-la-derrota-de-quienes-abandonaron-la-politica\/","og_site_name":"MPPPST","article_publisher":"https:\/\/www.facebook.com\/mintrabajo_ve","article_published_time":"2019-07-01T13:51:12+00:00","article_modified_time":"2019-07-01T17:43:21+00:00","og_image":[{"width":1936,"height":1288,"url":"https:\/\/www.mpppst.gob.ve\/mpppstweb\/wp-content\/uploads\/2018\/12\/IMG_0128.jpg","type":"image\/jpeg"}],"author":"MPPPST Prensa","twitter_card":"summary_large_image","schema":{"@context":"https:\/\/schema.org","@graph":[{"@type":"Article","@id":"https:\/\/www.mpppst.gob.ve\/mpppstweb\/index.php\/2019\/07\/01\/opinion-la-derrota-de-quienes-abandonaron-la-politica\/#article","isPartOf":{"@id":"https:\/\/www.mpppst.gob.ve\/mpppstweb\/index.php\/2019\/07\/01\/opinion-la-derrota-de-quienes-abandonaron-la-politica\/"},"author":{"name":"MPPPST Prensa","@id":"https:\/\/www.mpppst.gob.ve\/mpppstweb\/#\/schema\/person\/fc187ee8ead412bd4c9304b62f900ea4"},"headline":"Opini\u00f3n: La derrota de quienes abandonaron la pol\u00edtica","datePublished":"2019-07-01T13:51:12+00:00","dateModified":"2019-07-01T17:43:21+00:00","mainEntityOfPage":{"@id":"https:\/\/www.mpppst.gob.ve\/mpppstweb\/index.php\/2019\/07\/01\/opinion-la-derrota-de-quienes-abandonaron-la-politica\/"},"wordCount":352,"publisher":{"@id":"https:\/\/www.mpppst.gob.ve\/mpppstweb\/#organization"},"image":{"@id":"https:\/\/www.mpppst.gob.ve\/mpppstweb\/index.php\/2019\/07\/01\/opinion-la-derrota-de-quienes-abandonaron-la-politica\/#primaryimage"},"thumbnailUrl":"https:\/\/www.mpppst.gob.ve\/mpppstweb\/wp-content\/uploads\/2018\/12\/IMG_0128.jpg","articleSection":["Noticias","Opini\u00f3n"],"inLanguage":"es"},{"@type":"WebPage","@id":"https:\/\/www.mpppst.gob.ve\/mpppstweb\/index.php\/2019\/07\/01\/opinion-la-derrota-de-quienes-abandonaron-la-politica\/","url":"https:\/\/www.mpppst.gob.ve\/mpppstweb\/index.php\/2019\/07\/01\/opinion-la-derrota-de-quienes-abandonaron-la-politica\/","name":"Opini\u00f3n: La derrota de quienes abandonaron la pol\u00edtica - MPPPST","isPartOf":{"@id":"https:\/\/www.mpppst.gob.ve\/mpppstweb\/#website"},"primaryImageOfPage":{"@id":"https:\/\/www.mpppst.gob.ve\/mpppstweb\/index.php\/2019\/07\/01\/opinion-la-derrota-de-quienes-abandonaron-la-politica\/#primaryimage"},"image":{"@id":"https:\/\/www.mpppst.gob.ve\/mpppstweb\/index.php\/2019\/07\/01\/opinion-la-derrota-de-quienes-abandonaron-la-politica\/#primaryimage"},"thumbnailUrl":"https:\/\/www.mpppst.gob.ve\/mpppstweb\/wp-content\/uploads\/2018\/12\/IMG_0128.jpg","datePublished":"2019-07-01T13:51:12+00:00","dateModified":"2019-07-01T17:43:21+00:00","breadcrumb":{"@id":"https:\/\/www.mpppst.gob.ve\/mpppstweb\/index.php\/2019\/07\/01\/opinion-la-derrota-de-quienes-abandonaron-la-politica\/#breadcrumb"},"inLanguage":"es","potentialAction":[{"@type":"ReadAction","target":["https:\/\/www.mpppst.gob.ve\/mpppstweb\/index.php\/2019\/07\/01\/opinion-la-derrota-de-quienes-abandonaron-la-politica\/"]}]},{"@type":"ImageObject","inLanguage":"es","@id":"https:\/\/www.mpppst.gob.ve\/mpppstweb\/index.php\/2019\/07\/01\/opinion-la-derrota-de-quienes-abandonaron-la-politica\/#primaryimage","url":"https:\/\/www.mpppst.gob.ve\/mpppstweb\/wp-content\/uploads\/2018\/12\/IMG_0128.jpg","contentUrl":"https:\/\/www.mpppst.gob.ve\/mpppstweb\/wp-content\/uploads\/2018\/12\/IMG_0128.jpg","width":1936,"height":1288},{"@type":"BreadcrumbList","@id":"https:\/\/www.mpppst.gob.ve\/mpppstweb\/index.php\/2019\/07\/01\/opinion-la-derrota-de-quienes-abandonaron-la-politica\/#breadcrumb","itemListElement":[{"@type":"ListItem","position":1,"name":"Home","item":"https:\/\/www.mpppst.gob.ve\/mpppstweb\/"},{"@type":"ListItem","position":2,"name":"Opini\u00f3n: La derrota de quienes abandonaron la pol\u00edtica"}]},{"@type":"WebSite","@id":"https:\/\/www.mpppst.gob.ve\/mpppstweb\/#website","url":"https:\/\/www.mpppst.gob.ve\/mpppstweb\/","name":"MPPPST","description":"Sitio web oficial del Ministerio del Poder Popular para el Proceso Social de Trabajo","publisher":{"@id":"https:\/\/www.mpppst.gob.ve\/mpppstweb\/#organization"},"alternateName":"Ministerio del Poder Popular para el Proceso Social de Trabajo","potentialAction":[{"@type":"SearchAction","target":{"@type":"EntryPoint","urlTemplate":"https:\/\/www.mpppst.gob.ve\/mpppstweb\/?s={search_term_string}"},"query-input":{"@type":"PropertyValueSpecification","valueRequired":true,"valueName":"search_term_string"}}],"inLanguage":"es"},{"@type":"Organization","@id":"https:\/\/www.mpppst.gob.ve\/mpppstweb\/#organization","name":"Ministerio del Poder Popular para el Proceso Social de Trabajo","alternateName":"MPPPST","url":"https:\/\/www.mpppst.gob.ve\/mpppstweb\/","logo":{"@type":"ImageObject","inLanguage":"es","@id":"https:\/\/www.mpppst.gob.ve\/mpppstweb\/#\/schema\/logo\/image\/","url":"https:\/\/www.mpppst.gob.ve\/mpppstweb\/wp-content\/uploads\/2025\/07\/cropped-cropped-g910.png","contentUrl":"https:\/\/www.mpppst.gob.ve\/mpppstweb\/wp-content\/uploads\/2025\/07\/cropped-cropped-g910.png","width":1080,"height":241,"caption":"Ministerio del Poder Popular para el Proceso Social de Trabajo"},"image":{"@id":"https:\/\/www.mpppst.gob.ve\/mpppstweb\/#\/schema\/logo\/image\/"},"sameAs":["https:\/\/www.facebook.com\/mintrabajo_ve","https:\/\/www.instagram.com\/mintrabajo_ve\/","https:\/\/www.tiktok.com\/@mintrabajo_ve","https:\/\/t.me\/mpppst"]},{"@type":"Person","@id":"https:\/\/www.mpppst.gob.ve\/mpppstweb\/#\/schema\/person\/fc187ee8ead412bd4c9304b62f900ea4","name":"MPPPST Prensa","url":"https:\/\/www.mpppst.gob.ve\/mpppstweb\/index.php\/author\/prensa-mpppst\/"}]}},"_links":{"self":[{"href":"https:\/\/www.mpppst.gob.ve\/mpppstweb\/index.php\/wp-json\/wp\/v2\/posts\/16379","targetHints":{"allow":["GET"]}}],"collection":[{"href":"https:\/\/www.mpppst.gob.ve\/mpppstweb\/index.php\/wp-json\/wp\/v2\/posts"}],"about":[{"href":"https:\/\/www.mpppst.gob.ve\/mpppstweb\/index.php\/wp-json\/wp\/v2\/types\/post"}],"author":[{"embeddable":true,"href":"https:\/\/www.mpppst.gob.ve\/mpppstweb\/index.php\/wp-json\/wp\/v2\/users\/25"}],"replies":[{"embeddable":true,"href":"https:\/\/www.mpppst.gob.ve\/mpppstweb\/index.php\/wp-json\/wp\/v2\/comments?post=16379"}],"version-history":[{"count":1,"href":"https:\/\/www.mpppst.gob.ve\/mpppstweb\/index.php\/wp-json\/wp\/v2\/posts\/16379\/revisions"}],"predecessor-version":[{"id":16381,"href":"https:\/\/www.mpppst.gob.ve\/mpppstweb\/index.php\/wp-json\/wp\/v2\/posts\/16379\/revisions\/16381"}],"wp:featuredmedia":[{"embeddable":true,"href":"https:\/\/www.mpppst.gob.ve\/mpppstweb\/index.php\/wp-json\/wp\/v2\/media\/15453"}],"wp:attachment":[{"href":"https:\/\/www.mpppst.gob.ve\/mpppstweb\/index.php\/wp-json\/wp\/v2\/media?parent=16379"}],"wp:term":[{"taxonomy":"category","embeddable":true,"href":"https:\/\/www.mpppst.gob.ve\/mpppstweb\/index.php\/wp-json\/wp\/v2\/categories?post=16379"},{"taxonomy":"post_tag","embeddable":true,"href":"https:\/\/www.mpppst.gob.ve\/mpppstweb\/index.php\/wp-json\/wp\/v2\/tags?post=16379"}],"curies":[{"name":"wp","href":"https:\/\/api.w.org\/{rel}","templated":true}]}}