{"id":16717,"date":"2019-11-08T13:07:17","date_gmt":"2019-11-08T17:07:17","guid":{"rendered":"http:\/\/www.mpppst.gob.ve\/mpppstweb\/?p=16717"},"modified":"2019-11-11T16:33:38","modified_gmt":"2019-11-11T20:33:38","slug":"cvg-venalum-se-prepara-para-comenzar-a-producir-aluminio-para-mercado-nacional-e-internacional","status":"publish","type":"post","link":"https:\/\/www.mpppst.gob.ve\/mpppstweb\/index.php\/2019\/11\/08\/cvg-venalum-se-prepara-para-comenzar-a-producir-aluminio-para-mercado-nacional-e-internacional\/","title":{"rendered":"CVG Venalum se prepara para comenzar a producir aluminio para mercado nacional e internacional"},"content":{"rendered":"\n<p class=\"wp-block-paragraph\">Ciudad Guayana, 08 Nov (Vicepresidencia Econ\u00f3mica).- El Vicepresidente Sectorial del \u00c1rea Econ\u00f3mica, Tareck El Aissami, inspeccion\u00f3 este viernes la empresa <strong>CVG<\/strong> Venalum que se prepara para iniciar el encendido de la planta y producir el aluminio que demanda el pa\u00eds y los mercados internacionales.<\/p>\n\n\n\n<p class=\"wp-block-paragraph\">\u201cEstamos haciendo una inspecci\u00f3n y preparando el encendido de nuevo de Venalum, para producir todo el aluminio que demanda el pa\u00eds y los mercados internacionales\u201d, refiri\u00f3 El Aissami, al tiempo que reconoci\u00f3 el esfuerzo de la clase trabajadora venezolana para \u201ciniciar el encendido de Venalum y ponerla a producir\u201d.<\/p>\n\n\n\n<p class=\"wp-block-paragraph\">Durante un recorrido por las plantas de la CVG Venalum, explic\u00f3 que esta empresa, tutelada por la Corporaci\u00f3n Venezolana de Guayana (<strong>CVG<\/strong>), sufri\u00f3 da\u00f1os estructurales durante el sabotaje el\u00e9ctrico perpetrado por la derecha en marzo de 2019 contra la hidroel\u00e9ctrica Sim\u00f3n Bol\u00edvar, localizada en el Guri, estado Bol\u00edvar.<\/p>\n\n\n\n<p class=\"wp-block-paragraph\">\u201cLuego de los actos terroristas perpetrados por la derecha, entregada a la Casa Blanca, una de las plantas que lamentablemente sufri\u00f3 fue Venalum, y apostaron a que m\u00e1s nunca se podr\u00eda arrancar Venalum. No obstante, hoy estamos preparando su arranque\u201d, sostuvo.<\/p>\n\n\n\n<p class=\"wp-block-paragraph\">El Vicepresidente de Econom\u00eda reiter\u00f3 que Venalum, empresa encargada de producir, vender y comercializar aluminio y productos de aluminio, vuelve de nuevo a producir el aluminio y a poner productiva todas las empresas b\u00e1sicas, gracias al esfuerzo de la clase trabajadora. <\/p>\n\n\n\n<p class=\"wp-block-paragraph\">\u201cEs el milagro de los <strong>Consejos Productivos de Trabajadores (CPT)<\/strong>, es el milagro productivo. Hoy Venezuela se levanta frente a las agresiones del imperialismo. Frente al pretendido bloqueo que le quieren imponer a la Patria, le respondemos con dignidad, con moral, con fuerza y con la clase trabajadora\u201d, expres\u00f3 El Aissami, tras transmitir un mensaje del Presidente Nicol\u00e1s Maduro a la clase trabajadora de Guayana y en especial de Venalum.<\/p>\n\n\n\n<p class=\"wp-block-paragraph\">El recorrido por la <strong>CVG<\/strong> Venalum estuvo participaron el presidente de la <strong>CVG<\/strong>, Pedro Maldonado; el Presidente de Pequiven, C\u00e9sar Salazar Coll; el viceministro de Industrias Intermedias y Ligera, Antonio P\u00e9rez Su\u00e1rez, y trabajadores, quienes corroboraron los procesos productivos de la empresa.<\/p>\n\n\n\n<p class=\"wp-block-paragraph\">Durante el recorrido por las empresas b\u00e1sicas de Guayana, el Vicepresidente Sectorial del \u00c1rea Econ\u00f3mica, Tareck El Aissami, inspeccion\u00f3 la planta Carbones del Orinoco C.A. (Carbonorca), empresa tutelada por la <strong>CVG<\/strong>).<\/p>\n\n\n\n<p class=\"wp-block-paragraph\">Durante la inspecci\u00f3n visualizaron los procesos productivos de Carbonorca, encargada de producir \u00e1nodos verdes y \u00e1nodos cocidos para la producci\u00f3n de aluminio primario en <strong>CVG<\/strong> Alcasa y <strong>CVG <\/strong>Venalum.<\/p>\n\n\n\n<p class=\"wp-block-paragraph\">FIN\/OGC\/IC\/<\/p>\n\n\n\n<p class=\"wp-block-paragraph\"><strong>Prensa Vicepresidencia Econ\u00f3mica<\/strong><\/p>\n","protected":false},"excerpt":{"rendered":"<p>Ciudad Guayana, 08 Nov (Vicepresidencia Econ\u00f3mica).- El Vicepresidente Sectorial del \u00c1rea Econ\u00f3mica, Tareck El Aissami, inspeccion\u00f3 &hellip; <a title=\"CVG Venalum se prepara para comenzar a producir aluminio para mercado nacional e internacional\" class=\"hm-read-more\" href=\"https:\/\/www.mpppst.gob.ve\/mpppstweb\/index.php\/2019\/11\/08\/cvg-venalum-se-prepara-para-comenzar-a-producir-aluminio-para-mercado-nacional-e-internacional\/\"><span class=\"screen-reader-text\">CVG Venalum se prepara para comenzar a producir aluminio para mercado nacional e internacional<\/span>Leer m\u00e1s<\/a><\/p>\n","protected":false},"author":25,"featured_media":16723,"comment_status":"closed","ping_status":"closed","sticky":false,"template":"","format":"standard","meta":{"footnotes":""},"categories":[82,163],"tags":[344],"class_list":["post-16717","post","type-post","status-publish","format-standard","has-post-thumbnail","hentry","category-gobierno-nacional","category-noticias","tag-cpt"],"yoast_head":"<!-- This site is optimized with the Yoast SEO plugin v28.4 - https:\/\/yoast.com\/product\/yoast-seo-wordpress\/ -->\n<title>CVG Venalum se prepara para comenzar a producir aluminio para mercado nacional e internacional - MPPPST<\/title>\n<meta name=\"robots\" content=\"index, follow, max-snippet:-1, max-image-preview:large, max-video-preview:-1\" \/>\n<link rel=\"canonical\" href=\"https:\/\/www.mpppst.gob.ve\/mpppstweb\/index.php\/2019\/11\/08\/cvg-venalum-se-prepara-para-comenzar-a-producir-aluminio-para-mercado-nacional-e-internacional\/\" \/>\n<meta property=\"og:locale\" content=\"es_ES\" \/>\n<meta property=\"og:type\" content=\"article\" \/>\n<meta property=\"og:title\" content=\"CVG Venalum se prepara para comenzar a producir aluminio para mercado nacional e internacional - MPPPST\" \/>\n<meta property=\"og:description\" content=\"Ciudad Guayana, 08 Nov (Vicepresidencia Econ\u00f3mica).- El Vicepresidente Sectorial del \u00c1rea Econ\u00f3mica, Tareck El Aissami, inspeccion\u00f3 &hellip; CVG Venalum se prepara para comenzar a producir aluminio para mercado nacional e internacionalLeer m\u00e1s\" \/>\n<meta property=\"og:url\" content=\"https:\/\/www.mpppst.gob.ve\/mpppstweb\/index.php\/2019\/11\/08\/cvg-venalum-se-prepara-para-comenzar-a-producir-aluminio-para-mercado-nacional-e-internacional\/\" \/>\n<meta property=\"og:site_name\" content=\"MPPPST\" \/>\n<meta property=\"article:publisher\" content=\"https:\/\/www.facebook.com\/mintrabajo_ve\" \/>\n<meta property=\"article:published_time\" content=\"2019-11-08T17:07:17+00:00\" \/>\n<meta property=\"article:modified_time\" content=\"2019-11-11T20:33:38+00:00\" \/>\n<meta property=\"og:image\" content=\"https:\/\/www.mpppst.gob.ve\/mpppstweb\/wp-content\/uploads\/2019\/11\/WhatsApp-Image-2019-11-08-at-3.40.15-PM.jpeg\" \/>\n\t<meta property=\"og:image:width\" content=\"960\" \/>\n\t<meta property=\"og:image:height\" content=\"640\" \/>\n\t<meta property=\"og:image:type\" content=\"image\/jpeg\" \/>\n<meta name=\"author\" content=\"MPPPST Prensa\" \/>\n<meta name=\"twitter:card\" content=\"summary_large_image\" \/>\n<script type=\"application\/ld+json\" class=\"yoast-schema-graph\">{\"@context\":\"https:\\\/\\\/schema.org\",\"@graph\":[{\"@type\":\"Article\",\"@id\":\"https:\\\/\\\/www.mpppst.gob.ve\\\/mpppstweb\\\/index.php\\\/2019\\\/11\\\/08\\\/cvg-venalum-se-prepara-para-comenzar-a-producir-aluminio-para-mercado-nacional-e-internacional\\\/#article\",\"isPartOf\":{\"@id\":\"https:\\\/\\\/www.mpppst.gob.ve\\\/mpppstweb\\\/index.php\\\/2019\\\/11\\\/08\\\/cvg-venalum-se-prepara-para-comenzar-a-producir-aluminio-para-mercado-nacional-e-internacional\\\/\"},\"author\":{\"name\":\"MPPPST Prensa\",\"@id\":\"https:\\\/\\\/www.mpppst.gob.ve\\\/mpppstweb\\\/#\\\/schema\\\/person\\\/fc187ee8ead412bd4c9304b62f900ea4\"},\"headline\":\"CVG Venalum se prepara para comenzar a producir aluminio para mercado nacional e internacional\",\"datePublished\":\"2019-11-08T17:07:17+00:00\",\"dateModified\":\"2019-11-11T20:33:38+00:00\",\"mainEntityOfPage\":{\"@id\":\"https:\\\/\\\/www.mpppst.gob.ve\\\/mpppstweb\\\/index.php\\\/2019\\\/11\\\/08\\\/cvg-venalum-se-prepara-para-comenzar-a-producir-aluminio-para-mercado-nacional-e-internacional\\\/\"},\"wordCount\":440,\"publisher\":{\"@id\":\"https:\\\/\\\/www.mpppst.gob.ve\\\/mpppstweb\\\/#organization\"},\"image\":{\"@id\":\"https:\\\/\\\/www.mpppst.gob.ve\\\/mpppstweb\\\/index.php\\\/2019\\\/11\\\/08\\\/cvg-venalum-se-prepara-para-comenzar-a-producir-aluminio-para-mercado-nacional-e-internacional\\\/#primaryimage\"},\"thumbnailUrl\":\"https:\\\/\\\/www.mpppst.gob.ve\\\/mpppstweb\\\/wp-content\\\/uploads\\\/2019\\\/11\\\/WhatsApp-Image-2019-11-08-at-3.40.15-PM.jpeg\",\"keywords\":[\"CPT\"],\"articleSection\":[\"Gobierno Nacional\",\"Noticias\"],\"inLanguage\":\"es\"},{\"@type\":\"WebPage\",\"@id\":\"https:\\\/\\\/www.mpppst.gob.ve\\\/mpppstweb\\\/index.php\\\/2019\\\/11\\\/08\\\/cvg-venalum-se-prepara-para-comenzar-a-producir-aluminio-para-mercado-nacional-e-internacional\\\/\",\"url\":\"https:\\\/\\\/www.mpppst.gob.ve\\\/mpppstweb\\\/index.php\\\/2019\\\/11\\\/08\\\/cvg-venalum-se-prepara-para-comenzar-a-producir-aluminio-para-mercado-nacional-e-internacional\\\/\",\"name\":\"CVG Venalum se prepara para comenzar a producir aluminio para mercado nacional e internacional - MPPPST\",\"isPartOf\":{\"@id\":\"https:\\\/\\\/www.mpppst.gob.ve\\\/mpppstweb\\\/#website\"},\"primaryImageOfPage\":{\"@id\":\"https:\\\/\\\/www.mpppst.gob.ve\\\/mpppstweb\\\/index.php\\\/2019\\\/11\\\/08\\\/cvg-venalum-se-prepara-para-comenzar-a-producir-aluminio-para-mercado-nacional-e-internacional\\\/#primaryimage\"},\"image\":{\"@id\":\"https:\\\/\\\/www.mpppst.gob.ve\\\/mpppstweb\\\/index.php\\\/2019\\\/11\\\/08\\\/cvg-venalum-se-prepara-para-comenzar-a-producir-aluminio-para-mercado-nacional-e-internacional\\\/#primaryimage\"},\"thumbnailUrl\":\"https:\\\/\\\/www.mpppst.gob.ve\\\/mpppstweb\\\/wp-content\\\/uploads\\\/2019\\\/11\\\/WhatsApp-Image-2019-11-08-at-3.40.15-PM.jpeg\",\"datePublished\":\"2019-11-08T17:07:17+00:00\",\"dateModified\":\"2019-11-11T20:33:38+00:00\",\"breadcrumb\":{\"@id\":\"https:\\\/\\\/www.mpppst.gob.ve\\\/mpppstweb\\\/index.php\\\/2019\\\/11\\\/08\\\/cvg-venalum-se-prepara-para-comenzar-a-producir-aluminio-para-mercado-nacional-e-internacional\\\/#breadcrumb\"},\"inLanguage\":\"es\",\"potentialAction\":[{\"@type\":\"ReadAction\",\"target\":[\"https:\\\/\\\/www.mpppst.gob.ve\\\/mpppstweb\\\/index.php\\\/2019\\\/11\\\/08\\\/cvg-venalum-se-prepara-para-comenzar-a-producir-aluminio-para-mercado-nacional-e-internacional\\\/\"]}]},{\"@type\":\"ImageObject\",\"inLanguage\":\"es\",\"@id\":\"https:\\\/\\\/www.mpppst.gob.ve\\\/mpppstweb\\\/index.php\\\/2019\\\/11\\\/08\\\/cvg-venalum-se-prepara-para-comenzar-a-producir-aluminio-para-mercado-nacional-e-internacional\\\/#primaryimage\",\"url\":\"https:\\\/\\\/www.mpppst.gob.ve\\\/mpppstweb\\\/wp-content\\\/uploads\\\/2019\\\/11\\\/WhatsApp-Image-2019-11-08-at-3.40.15-PM.jpeg\",\"contentUrl\":\"https:\\\/\\\/www.mpppst.gob.ve\\\/mpppstweb\\\/wp-content\\\/uploads\\\/2019\\\/11\\\/WhatsApp-Image-2019-11-08-at-3.40.15-PM.jpeg\",\"width\":960,\"height\":640},{\"@type\":\"BreadcrumbList\",\"@id\":\"https:\\\/\\\/www.mpppst.gob.ve\\\/mpppstweb\\\/index.php\\\/2019\\\/11\\\/08\\\/cvg-venalum-se-prepara-para-comenzar-a-producir-aluminio-para-mercado-nacional-e-internacional\\\/#breadcrumb\",\"itemListElement\":[{\"@type\":\"ListItem\",\"position\":1,\"name\":\"Home\",\"item\":\"https:\\\/\\\/www.mpppst.gob.ve\\\/mpppstweb\\\/\"},{\"@type\":\"ListItem\",\"position\":2,\"name\":\"CVG Venalum se prepara para comenzar a producir aluminio para mercado nacional e internacional\"}]},{\"@type\":\"WebSite\",\"@id\":\"https:\\\/\\\/www.mpppst.gob.ve\\\/mpppstweb\\\/#website\",\"url\":\"https:\\\/\\\/www.mpppst.gob.ve\\\/mpppstweb\\\/\",\"name\":\"MPPPST\",\"description\":\"Sitio web oficial del Ministerio del Poder Popular para el Proceso Social de Trabajo\",\"publisher\":{\"@id\":\"https:\\\/\\\/www.mpppst.gob.ve\\\/mpppstweb\\\/#organization\"},\"alternateName\":\"Ministerio del Poder Popular para el Proceso Social de Trabajo\",\"potentialAction\":[{\"@type\":\"SearchAction\",\"target\":{\"@type\":\"EntryPoint\",\"urlTemplate\":\"https:\\\/\\\/www.mpppst.gob.ve\\\/mpppstweb\\\/?s={search_term_string}\"},\"query-input\":{\"@type\":\"PropertyValueSpecification\",\"valueRequired\":true,\"valueName\":\"search_term_string\"}}],\"inLanguage\":\"es\"},{\"@type\":\"Organization\",\"@id\":\"https:\\\/\\\/www.mpppst.gob.ve\\\/mpppstweb\\\/#organization\",\"name\":\"Ministerio del Poder Popular para el Proceso Social de Trabajo\",\"alternateName\":\"MPPPST\",\"url\":\"https:\\\/\\\/www.mpppst.gob.ve\\\/mpppstweb\\\/\",\"logo\":{\"@type\":\"ImageObject\",\"inLanguage\":\"es\",\"@id\":\"https:\\\/\\\/www.mpppst.gob.ve\\\/mpppstweb\\\/#\\\/schema\\\/logo\\\/image\\\/\",\"url\":\"https:\\\/\\\/www.mpppst.gob.ve\\\/mpppstweb\\\/wp-content\\\/uploads\\\/2025\\\/07\\\/cropped-cropped-g910.png\",\"contentUrl\":\"https:\\\/\\\/www.mpppst.gob.ve\\\/mpppstweb\\\/wp-content\\\/uploads\\\/2025\\\/07\\\/cropped-cropped-g910.png\",\"width\":1080,\"height\":241,\"caption\":\"Ministerio del Poder Popular para el Proceso Social de Trabajo\"},\"image\":{\"@id\":\"https:\\\/\\\/www.mpppst.gob.ve\\\/mpppstweb\\\/#\\\/schema\\\/logo\\\/image\\\/\"},\"sameAs\":[\"https:\\\/\\\/www.facebook.com\\\/mintrabajo_ve\",\"https:\\\/\\\/www.instagram.com\\\/mintrabajo_ve\\\/\",\"https:\\\/\\\/www.tiktok.com\\\/@mintrabajo_ve\",\"https:\\\/\\\/t.me\\\/mpppst\"]},{\"@type\":\"Person\",\"@id\":\"https:\\\/\\\/www.mpppst.gob.ve\\\/mpppstweb\\\/#\\\/schema\\\/person\\\/fc187ee8ead412bd4c9304b62f900ea4\",\"name\":\"MPPPST Prensa\",\"url\":\"https:\\\/\\\/www.mpppst.gob.ve\\\/mpppstweb\\\/index.php\\\/author\\\/prensa-mpppst\\\/\"}]}<\/script>\n<!-- \/ Yoast SEO plugin. -->","yoast_head_json":{"title":"CVG Venalum se prepara para comenzar a producir aluminio para mercado nacional e internacional - MPPPST","robots":{"index":"index","follow":"follow","max-snippet":"max-snippet:-1","max-image-preview":"max-image-preview:large","max-video-preview":"max-video-preview:-1"},"canonical":"https:\/\/www.mpppst.gob.ve\/mpppstweb\/index.php\/2019\/11\/08\/cvg-venalum-se-prepara-para-comenzar-a-producir-aluminio-para-mercado-nacional-e-internacional\/","og_locale":"es_ES","og_type":"article","og_title":"CVG Venalum se prepara para comenzar a producir aluminio para mercado nacional e internacional - MPPPST","og_description":"Ciudad Guayana, 08 Nov (Vicepresidencia Econ\u00f3mica).- El Vicepresidente Sectorial del \u00c1rea Econ\u00f3mica, Tareck El Aissami, inspeccion\u00f3 &hellip; CVG Venalum se prepara para comenzar a producir aluminio para mercado nacional e internacionalLeer m\u00e1s","og_url":"https:\/\/www.mpppst.gob.ve\/mpppstweb\/index.php\/2019\/11\/08\/cvg-venalum-se-prepara-para-comenzar-a-producir-aluminio-para-mercado-nacional-e-internacional\/","og_site_name":"MPPPST","article_publisher":"https:\/\/www.facebook.com\/mintrabajo_ve","article_published_time":"2019-11-08T17:07:17+00:00","article_modified_time":"2019-11-11T20:33:38+00:00","og_image":[{"width":960,"height":640,"url":"https:\/\/www.mpppst.gob.ve\/mpppstweb\/wp-content\/uploads\/2019\/11\/WhatsApp-Image-2019-11-08-at-3.40.15-PM.jpeg","type":"image\/jpeg"}],"author":"MPPPST Prensa","twitter_card":"summary_large_image","schema":{"@context":"https:\/\/schema.org","@graph":[{"@type":"Article","@id":"https:\/\/www.mpppst.gob.ve\/mpppstweb\/index.php\/2019\/11\/08\/cvg-venalum-se-prepara-para-comenzar-a-producir-aluminio-para-mercado-nacional-e-internacional\/#article","isPartOf":{"@id":"https:\/\/www.mpppst.gob.ve\/mpppstweb\/index.php\/2019\/11\/08\/cvg-venalum-se-prepara-para-comenzar-a-producir-aluminio-para-mercado-nacional-e-internacional\/"},"author":{"name":"MPPPST Prensa","@id":"https:\/\/www.mpppst.gob.ve\/mpppstweb\/#\/schema\/person\/fc187ee8ead412bd4c9304b62f900ea4"},"headline":"CVG Venalum se prepara para comenzar a producir aluminio para mercado nacional e internacional","datePublished":"2019-11-08T17:07:17+00:00","dateModified":"2019-11-11T20:33:38+00:00","mainEntityOfPage":{"@id":"https:\/\/www.mpppst.gob.ve\/mpppstweb\/index.php\/2019\/11\/08\/cvg-venalum-se-prepara-para-comenzar-a-producir-aluminio-para-mercado-nacional-e-internacional\/"},"wordCount":440,"publisher":{"@id":"https:\/\/www.mpppst.gob.ve\/mpppstweb\/#organization"},"image":{"@id":"https:\/\/www.mpppst.gob.ve\/mpppstweb\/index.php\/2019\/11\/08\/cvg-venalum-se-prepara-para-comenzar-a-producir-aluminio-para-mercado-nacional-e-internacional\/#primaryimage"},"thumbnailUrl":"https:\/\/www.mpppst.gob.ve\/mpppstweb\/wp-content\/uploads\/2019\/11\/WhatsApp-Image-2019-11-08-at-3.40.15-PM.jpeg","keywords":["CPT"],"articleSection":["Gobierno Nacional","Noticias"],"inLanguage":"es"},{"@type":"WebPage","@id":"https:\/\/www.mpppst.gob.ve\/mpppstweb\/index.php\/2019\/11\/08\/cvg-venalum-se-prepara-para-comenzar-a-producir-aluminio-para-mercado-nacional-e-internacional\/","url":"https:\/\/www.mpppst.gob.ve\/mpppstweb\/index.php\/2019\/11\/08\/cvg-venalum-se-prepara-para-comenzar-a-producir-aluminio-para-mercado-nacional-e-internacional\/","name":"CVG Venalum se prepara para comenzar a producir aluminio para mercado nacional e internacional - MPPPST","isPartOf":{"@id":"https:\/\/www.mpppst.gob.ve\/mpppstweb\/#website"},"primaryImageOfPage":{"@id":"https:\/\/www.mpppst.gob.ve\/mpppstweb\/index.php\/2019\/11\/08\/cvg-venalum-se-prepara-para-comenzar-a-producir-aluminio-para-mercado-nacional-e-internacional\/#primaryimage"},"image":{"@id":"https:\/\/www.mpppst.gob.ve\/mpppstweb\/index.php\/2019\/11\/08\/cvg-venalum-se-prepara-para-comenzar-a-producir-aluminio-para-mercado-nacional-e-internacional\/#primaryimage"},"thumbnailUrl":"https:\/\/www.mpppst.gob.ve\/mpppstweb\/wp-content\/uploads\/2019\/11\/WhatsApp-Image-2019-11-08-at-3.40.15-PM.jpeg","datePublished":"2019-11-08T17:07:17+00:00","dateModified":"2019-11-11T20:33:38+00:00","breadcrumb":{"@id":"https:\/\/www.mpppst.gob.ve\/mpppstweb\/index.php\/2019\/11\/08\/cvg-venalum-se-prepara-para-comenzar-a-producir-aluminio-para-mercado-nacional-e-internacional\/#breadcrumb"},"inLanguage":"es","potentialAction":[{"@type":"ReadAction","target":["https:\/\/www.mpppst.gob.ve\/mpppstweb\/index.php\/2019\/11\/08\/cvg-venalum-se-prepara-para-comenzar-a-producir-aluminio-para-mercado-nacional-e-internacional\/"]}]},{"@type":"ImageObject","inLanguage":"es","@id":"https:\/\/www.mpppst.gob.ve\/mpppstweb\/index.php\/2019\/11\/08\/cvg-venalum-se-prepara-para-comenzar-a-producir-aluminio-para-mercado-nacional-e-internacional\/#primaryimage","url":"https:\/\/www.mpppst.gob.ve\/mpppstweb\/wp-content\/uploads\/2019\/11\/WhatsApp-Image-2019-11-08-at-3.40.15-PM.jpeg","contentUrl":"https:\/\/www.mpppst.gob.ve\/mpppstweb\/wp-content\/uploads\/2019\/11\/WhatsApp-Image-2019-11-08-at-3.40.15-PM.jpeg","width":960,"height":640},{"@type":"BreadcrumbList","@id":"https:\/\/www.mpppst.gob.ve\/mpppstweb\/index.php\/2019\/11\/08\/cvg-venalum-se-prepara-para-comenzar-a-producir-aluminio-para-mercado-nacional-e-internacional\/#breadcrumb","itemListElement":[{"@type":"ListItem","position":1,"name":"Home","item":"https:\/\/www.mpppst.gob.ve\/mpppstweb\/"},{"@type":"ListItem","position":2,"name":"CVG Venalum se prepara para comenzar a producir aluminio para mercado nacional e internacional"}]},{"@type":"WebSite","@id":"https:\/\/www.mpppst.gob.ve\/mpppstweb\/#website","url":"https:\/\/www.mpppst.gob.ve\/mpppstweb\/","name":"MPPPST","description":"Sitio web oficial del Ministerio del Poder Popular para el Proceso Social de Trabajo","publisher":{"@id":"https:\/\/www.mpppst.gob.ve\/mpppstweb\/#organization"},"alternateName":"Ministerio del Poder Popular para el Proceso Social de Trabajo","potentialAction":[{"@type":"SearchAction","target":{"@type":"EntryPoint","urlTemplate":"https:\/\/www.mpppst.gob.ve\/mpppstweb\/?s={search_term_string}"},"query-input":{"@type":"PropertyValueSpecification","valueRequired":true,"valueName":"search_term_string"}}],"inLanguage":"es"},{"@type":"Organization","@id":"https:\/\/www.mpppst.gob.ve\/mpppstweb\/#organization","name":"Ministerio del Poder Popular para el Proceso Social de Trabajo","alternateName":"MPPPST","url":"https:\/\/www.mpppst.gob.ve\/mpppstweb\/","logo":{"@type":"ImageObject","inLanguage":"es","@id":"https:\/\/www.mpppst.gob.ve\/mpppstweb\/#\/schema\/logo\/image\/","url":"https:\/\/www.mpppst.gob.ve\/mpppstweb\/wp-content\/uploads\/2025\/07\/cropped-cropped-g910.png","contentUrl":"https:\/\/www.mpppst.gob.ve\/mpppstweb\/wp-content\/uploads\/2025\/07\/cropped-cropped-g910.png","width":1080,"height":241,"caption":"Ministerio del Poder Popular para el Proceso Social de Trabajo"},"image":{"@id":"https:\/\/www.mpppst.gob.ve\/mpppstweb\/#\/schema\/logo\/image\/"},"sameAs":["https:\/\/www.facebook.com\/mintrabajo_ve","https:\/\/www.instagram.com\/mintrabajo_ve\/","https:\/\/www.tiktok.com\/@mintrabajo_ve","https:\/\/t.me\/mpppst"]},{"@type":"Person","@id":"https:\/\/www.mpppst.gob.ve\/mpppstweb\/#\/schema\/person\/fc187ee8ead412bd4c9304b62f900ea4","name":"MPPPST Prensa","url":"https:\/\/www.mpppst.gob.ve\/mpppstweb\/index.php\/author\/prensa-mpppst\/"}]}},"_links":{"self":[{"href":"https:\/\/www.mpppst.gob.ve\/mpppstweb\/index.php\/wp-json\/wp\/v2\/posts\/16717","targetHints":{"allow":["GET"]}}],"collection":[{"href":"https:\/\/www.mpppst.gob.ve\/mpppstweb\/index.php\/wp-json\/wp\/v2\/posts"}],"about":[{"href":"https:\/\/www.mpppst.gob.ve\/mpppstweb\/index.php\/wp-json\/wp\/v2\/types\/post"}],"author":[{"embeddable":true,"href":"https:\/\/www.mpppst.gob.ve\/mpppstweb\/index.php\/wp-json\/wp\/v2\/users\/25"}],"replies":[{"embeddable":true,"href":"https:\/\/www.mpppst.gob.ve\/mpppstweb\/index.php\/wp-json\/wp\/v2\/comments?post=16717"}],"version-history":[{"count":2,"href":"https:\/\/www.mpppst.gob.ve\/mpppstweb\/index.php\/wp-json\/wp\/v2\/posts\/16717\/revisions"}],"predecessor-version":[{"id":16739,"href":"https:\/\/www.mpppst.gob.ve\/mpppstweb\/index.php\/wp-json\/wp\/v2\/posts\/16717\/revisions\/16739"}],"wp:featuredmedia":[{"embeddable":true,"href":"https:\/\/www.mpppst.gob.ve\/mpppstweb\/index.php\/wp-json\/wp\/v2\/media\/16723"}],"wp:attachment":[{"href":"https:\/\/www.mpppst.gob.ve\/mpppstweb\/index.php\/wp-json\/wp\/v2\/media?parent=16717"}],"wp:term":[{"taxonomy":"category","embeddable":true,"href":"https:\/\/www.mpppst.gob.ve\/mpppstweb\/index.php\/wp-json\/wp\/v2\/categories?post=16717"},{"taxonomy":"post_tag","embeddable":true,"href":"https:\/\/www.mpppst.gob.ve\/mpppstweb\/index.php\/wp-json\/wp\/v2\/tags?post=16717"}],"curies":[{"name":"wp","href":"https:\/\/api.w.org\/{rel}","templated":true}]}}