{"id":16736,"date":"2019-11-11T16:37:36","date_gmt":"2019-11-11T20:37:36","guid":{"rendered":"http:\/\/www.mpppst.gob.ve\/mpppstweb\/?p=16736"},"modified":"2019-11-11T16:37:38","modified_gmt":"2019-11-11T20:37:38","slug":"presidente-evo-morales-a-mesa-y-camacho-pasaran-a-la-historia-como-racistas-y-golpistas","status":"publish","type":"post","link":"https:\/\/www.mpppst.gob.ve\/mpppstweb\/index.php\/2019\/11\/11\/presidente-evo-morales-a-mesa-y-camacho-pasaran-a-la-historia-como-racistas-y-golpistas\/","title":{"rendered":"Presidente Evo Morales a Mesa y Camacho: Pasar\u00e1n a la historia como racistas y golpistas"},"content":{"rendered":"\n<p class=\"wp-block-paragraph\">\u201c(El ex candidato presidencial Carlos) Mesa y (el dirigente del Comit\u00e9 C\u00edvico de Santa Cruz, Luis Fernando) Camacho, discriminadores y conspiradores, pasar\u00e1n a la historia como racistas y golpistas\u201d, asever\u00f3 este lunes el presidente leg\u00edtimo del Estado Plurinacional de Bolivia, <strong>Evo Morales<\/strong> -v\u00edctima de un&nbsp;Golpe de Estado&nbsp;consumado el pasado domingo- y los conmin\u00f3 a asumir su responsabilidad de pacificar al pa\u00eds.<\/p>\n\n\n\n<p class=\"wp-block-paragraph\">En su cuenta Twitter del Presidente <strong>Evo Morales<\/strong>  expres\u00f3: \u201cQue asuman su responsabilidad de pacificar al pa\u00eds y garanticen la estabilidad pol\u00edtica y convivencia pac\u00edfica de nuestro pueblo. El mundo y bolivianos patriotas repudian el golpe\u201d.<\/p>\n\n\n\n<p class=\"wp-block-paragraph\">Subray\u00f3 que los golpistas \u201cque asaltaron\nmi casa y la de mi hermana, incendiaron domicilios, amenazaron de muerte a\nministros y sus hijos y vejaron a una alcaldesa, ahora mienten y tratan de culparnos\ndel caos y la violencia que ellos han provocado\u201d.<\/p>\n\n\n\n<p class=\"wp-block-paragraph\">\u201cBolivia y el mundo son testigos del\ngolpe\u201d, puntualiz\u00f3 el mandatario constitucional, tras la \u201cpetici\u00f3n\u201d de renuncia\nque hizo el alto mando de la Fuerza Armada del pa\u00eds del Altiplano.<\/p>\n\n\n\n<p class=\"wp-block-paragraph\">Agradeci\u00f3 la solidaridad del pueblo\nboliviano en estas circunstancias de ruptura constitucional: \u201cHermanas de\nBolivia y el mundo que se comunican con recomendaciones, sugerencias y\nexpresiones de reconocimiento que nos dan aliento, fortaleza y energ\u00eda\u201d.<\/p>\n\n\n\n<p class=\"wp-block-paragraph\">\u201cMe emocionaron hasta hacerme llorar. Nunca me abandonaron; nunca los abandonar\u00e9\u201d, acot\u00f3 el l\u00edder socialista.<\/p>\n\n\n\n<p class=\"wp-block-paragraph\">Prensa VTV<\/p>\n","protected":false},"excerpt":{"rendered":"<p>\u201c(El ex candidato presidencial Carlos) Mesa y (el dirigente del Comit\u00e9 C\u00edvico de Santa Cruz, Luis &hellip; <a title=\"Presidente Evo Morales a Mesa y Camacho: Pasar\u00e1n a la historia como racistas y golpistas\" class=\"hm-read-more\" href=\"https:\/\/www.mpppst.gob.ve\/mpppstweb\/index.php\/2019\/11\/11\/presidente-evo-morales-a-mesa-y-camacho-pasaran-a-la-historia-como-racistas-y-golpistas\/\"><span class=\"screen-reader-text\">Presidente Evo Morales a Mesa y Camacho: Pasar\u00e1n a la historia como racistas y golpistas<\/span>Leer m\u00e1s<\/a><\/p>\n","protected":false},"author":25,"featured_media":16737,"comment_status":"closed","ping_status":"closed","sticky":false,"template":"","format":"standard","meta":{"footnotes":""},"categories":[82,163],"tags":[344,341],"class_list":["post-16736","post","type-post","status-publish","format-standard","has-post-thumbnail","hentry","category-gobierno-nacional","category-noticias","tag-cpt","tag-nicolas-maduro"],"yoast_head":"<!-- This site is optimized with the Yoast SEO plugin v28.4 - https:\/\/yoast.com\/product\/yoast-seo-wordpress\/ -->\n<title>Presidente Evo Morales a Mesa y Camacho: Pasar\u00e1n a la historia como racistas y golpistas - MPPPST<\/title>\n<meta name=\"robots\" content=\"index, follow, max-snippet:-1, max-image-preview:large, max-video-preview:-1\" \/>\n<link rel=\"canonical\" href=\"https:\/\/www.mpppst.gob.ve\/mpppstweb\/index.php\/2019\/11\/11\/presidente-evo-morales-a-mesa-y-camacho-pasaran-a-la-historia-como-racistas-y-golpistas\/\" \/>\n<meta property=\"og:locale\" content=\"es_ES\" \/>\n<meta property=\"og:type\" content=\"article\" \/>\n<meta property=\"og:title\" content=\"Presidente Evo Morales a Mesa y Camacho: Pasar\u00e1n a la historia como racistas y golpistas - MPPPST\" \/>\n<meta property=\"og:description\" content=\"\u201c(El ex candidato presidencial Carlos) Mesa y (el dirigente del Comit\u00e9 C\u00edvico de Santa Cruz, Luis &hellip; Presidente Evo Morales a Mesa y Camacho: Pasar\u00e1n a la historia como racistas y golpistasLeer m\u00e1s\" \/>\n<meta property=\"og:url\" content=\"https:\/\/www.mpppst.gob.ve\/mpppstweb\/index.php\/2019\/11\/11\/presidente-evo-morales-a-mesa-y-camacho-pasaran-a-la-historia-como-racistas-y-golpistas\/\" \/>\n<meta property=\"og:site_name\" content=\"MPPPST\" \/>\n<meta property=\"article:publisher\" content=\"https:\/\/www.facebook.com\/mintrabajo_ve\" \/>\n<meta property=\"article:published_time\" content=\"2019-11-11T20:37:36+00:00\" \/>\n<meta property=\"article:modified_time\" content=\"2019-11-11T20:37:38+00:00\" \/>\n<meta property=\"og:image\" content=\"https:\/\/www.mpppst.gob.ve\/mpppstweb\/wp-content\/uploads\/2019\/11\/EVO.jpg\" \/>\n\t<meta property=\"og:image:width\" content=\"800\" \/>\n\t<meta property=\"og:image:height\" content=\"445\" \/>\n\t<meta property=\"og:image:type\" content=\"image\/jpeg\" \/>\n<meta name=\"author\" content=\"MPPPST Prensa\" \/>\n<meta name=\"twitter:card\" content=\"summary_large_image\" \/>\n<script type=\"application\/ld+json\" class=\"yoast-schema-graph\">{\"@context\":\"https:\\\/\\\/schema.org\",\"@graph\":[{\"@type\":\"Article\",\"@id\":\"https:\\\/\\\/www.mpppst.gob.ve\\\/mpppstweb\\\/index.php\\\/2019\\\/11\\\/11\\\/presidente-evo-morales-a-mesa-y-camacho-pasaran-a-la-historia-como-racistas-y-golpistas\\\/#article\",\"isPartOf\":{\"@id\":\"https:\\\/\\\/www.mpppst.gob.ve\\\/mpppstweb\\\/index.php\\\/2019\\\/11\\\/11\\\/presidente-evo-morales-a-mesa-y-camacho-pasaran-a-la-historia-como-racistas-y-golpistas\\\/\"},\"author\":{\"name\":\"MPPPST Prensa\",\"@id\":\"https:\\\/\\\/www.mpppst.gob.ve\\\/mpppstweb\\\/#\\\/schema\\\/person\\\/fc187ee8ead412bd4c9304b62f900ea4\"},\"headline\":\"Presidente Evo Morales a Mesa y Camacho: Pasar\u00e1n a la historia como racistas y golpistas\",\"datePublished\":\"2019-11-11T20:37:36+00:00\",\"dateModified\":\"2019-11-11T20:37:38+00:00\",\"mainEntityOfPage\":{\"@id\":\"https:\\\/\\\/www.mpppst.gob.ve\\\/mpppstweb\\\/index.php\\\/2019\\\/11\\\/11\\\/presidente-evo-morales-a-mesa-y-camacho-pasaran-a-la-historia-como-racistas-y-golpistas\\\/\"},\"wordCount\":254,\"publisher\":{\"@id\":\"https:\\\/\\\/www.mpppst.gob.ve\\\/mpppstweb\\\/#organization\"},\"image\":{\"@id\":\"https:\\\/\\\/www.mpppst.gob.ve\\\/mpppstweb\\\/index.php\\\/2019\\\/11\\\/11\\\/presidente-evo-morales-a-mesa-y-camacho-pasaran-a-la-historia-como-racistas-y-golpistas\\\/#primaryimage\"},\"thumbnailUrl\":\"https:\\\/\\\/www.mpppst.gob.ve\\\/mpppstweb\\\/wp-content\\\/uploads\\\/2019\\\/11\\\/EVO.jpg\",\"keywords\":[\"CPT\",\"Nicol\u00e1s Maduro\"],\"articleSection\":[\"Gobierno Nacional\",\"Noticias\"],\"inLanguage\":\"es\"},{\"@type\":\"WebPage\",\"@id\":\"https:\\\/\\\/www.mpppst.gob.ve\\\/mpppstweb\\\/index.php\\\/2019\\\/11\\\/11\\\/presidente-evo-morales-a-mesa-y-camacho-pasaran-a-la-historia-como-racistas-y-golpistas\\\/\",\"url\":\"https:\\\/\\\/www.mpppst.gob.ve\\\/mpppstweb\\\/index.php\\\/2019\\\/11\\\/11\\\/presidente-evo-morales-a-mesa-y-camacho-pasaran-a-la-historia-como-racistas-y-golpistas\\\/\",\"name\":\"Presidente Evo Morales a Mesa y Camacho: Pasar\u00e1n a la historia como racistas y golpistas - MPPPST\",\"isPartOf\":{\"@id\":\"https:\\\/\\\/www.mpppst.gob.ve\\\/mpppstweb\\\/#website\"},\"primaryImageOfPage\":{\"@id\":\"https:\\\/\\\/www.mpppst.gob.ve\\\/mpppstweb\\\/index.php\\\/2019\\\/11\\\/11\\\/presidente-evo-morales-a-mesa-y-camacho-pasaran-a-la-historia-como-racistas-y-golpistas\\\/#primaryimage\"},\"image\":{\"@id\":\"https:\\\/\\\/www.mpppst.gob.ve\\\/mpppstweb\\\/index.php\\\/2019\\\/11\\\/11\\\/presidente-evo-morales-a-mesa-y-camacho-pasaran-a-la-historia-como-racistas-y-golpistas\\\/#primaryimage\"},\"thumbnailUrl\":\"https:\\\/\\\/www.mpppst.gob.ve\\\/mpppstweb\\\/wp-content\\\/uploads\\\/2019\\\/11\\\/EVO.jpg\",\"datePublished\":\"2019-11-11T20:37:36+00:00\",\"dateModified\":\"2019-11-11T20:37:38+00:00\",\"breadcrumb\":{\"@id\":\"https:\\\/\\\/www.mpppst.gob.ve\\\/mpppstweb\\\/index.php\\\/2019\\\/11\\\/11\\\/presidente-evo-morales-a-mesa-y-camacho-pasaran-a-la-historia-como-racistas-y-golpistas\\\/#breadcrumb\"},\"inLanguage\":\"es\",\"potentialAction\":[{\"@type\":\"ReadAction\",\"target\":[\"https:\\\/\\\/www.mpppst.gob.ve\\\/mpppstweb\\\/index.php\\\/2019\\\/11\\\/11\\\/presidente-evo-morales-a-mesa-y-camacho-pasaran-a-la-historia-como-racistas-y-golpistas\\\/\"]}]},{\"@type\":\"ImageObject\",\"inLanguage\":\"es\",\"@id\":\"https:\\\/\\\/www.mpppst.gob.ve\\\/mpppstweb\\\/index.php\\\/2019\\\/11\\\/11\\\/presidente-evo-morales-a-mesa-y-camacho-pasaran-a-la-historia-como-racistas-y-golpistas\\\/#primaryimage\",\"url\":\"https:\\\/\\\/www.mpppst.gob.ve\\\/mpppstweb\\\/wp-content\\\/uploads\\\/2019\\\/11\\\/EVO.jpg\",\"contentUrl\":\"https:\\\/\\\/www.mpppst.gob.ve\\\/mpppstweb\\\/wp-content\\\/uploads\\\/2019\\\/11\\\/EVO.jpg\",\"width\":800,\"height\":445},{\"@type\":\"BreadcrumbList\",\"@id\":\"https:\\\/\\\/www.mpppst.gob.ve\\\/mpppstweb\\\/index.php\\\/2019\\\/11\\\/11\\\/presidente-evo-morales-a-mesa-y-camacho-pasaran-a-la-historia-como-racistas-y-golpistas\\\/#breadcrumb\",\"itemListElement\":[{\"@type\":\"ListItem\",\"position\":1,\"name\":\"Home\",\"item\":\"https:\\\/\\\/www.mpppst.gob.ve\\\/mpppstweb\\\/\"},{\"@type\":\"ListItem\",\"position\":2,\"name\":\"Presidente Evo Morales a Mesa y Camacho: Pasar\u00e1n a la historia como racistas y golpistas\"}]},{\"@type\":\"WebSite\",\"@id\":\"https:\\\/\\\/www.mpppst.gob.ve\\\/mpppstweb\\\/#website\",\"url\":\"https:\\\/\\\/www.mpppst.gob.ve\\\/mpppstweb\\\/\",\"name\":\"MPPPST\",\"description\":\"Sitio web oficial del Ministerio del Poder Popular para el Proceso Social de Trabajo\",\"publisher\":{\"@id\":\"https:\\\/\\\/www.mpppst.gob.ve\\\/mpppstweb\\\/#organization\"},\"alternateName\":\"Ministerio del Poder Popular para el Proceso Social de Trabajo\",\"potentialAction\":[{\"@type\":\"SearchAction\",\"target\":{\"@type\":\"EntryPoint\",\"urlTemplate\":\"https:\\\/\\\/www.mpppst.gob.ve\\\/mpppstweb\\\/?s={search_term_string}\"},\"query-input\":{\"@type\":\"PropertyValueSpecification\",\"valueRequired\":true,\"valueName\":\"search_term_string\"}}],\"inLanguage\":\"es\"},{\"@type\":\"Organization\",\"@id\":\"https:\\\/\\\/www.mpppst.gob.ve\\\/mpppstweb\\\/#organization\",\"name\":\"Ministerio del Poder Popular para el Proceso Social de Trabajo\",\"alternateName\":\"MPPPST\",\"url\":\"https:\\\/\\\/www.mpppst.gob.ve\\\/mpppstweb\\\/\",\"logo\":{\"@type\":\"ImageObject\",\"inLanguage\":\"es\",\"@id\":\"https:\\\/\\\/www.mpppst.gob.ve\\\/mpppstweb\\\/#\\\/schema\\\/logo\\\/image\\\/\",\"url\":\"https:\\\/\\\/www.mpppst.gob.ve\\\/mpppstweb\\\/wp-content\\\/uploads\\\/2025\\\/07\\\/cropped-cropped-g910.png\",\"contentUrl\":\"https:\\\/\\\/www.mpppst.gob.ve\\\/mpppstweb\\\/wp-content\\\/uploads\\\/2025\\\/07\\\/cropped-cropped-g910.png\",\"width\":1080,\"height\":241,\"caption\":\"Ministerio del Poder Popular para el Proceso Social de Trabajo\"},\"image\":{\"@id\":\"https:\\\/\\\/www.mpppst.gob.ve\\\/mpppstweb\\\/#\\\/schema\\\/logo\\\/image\\\/\"},\"sameAs\":[\"https:\\\/\\\/www.facebook.com\\\/mintrabajo_ve\",\"https:\\\/\\\/www.instagram.com\\\/mintrabajo_ve\\\/\",\"https:\\\/\\\/www.tiktok.com\\\/@mintrabajo_ve\",\"https:\\\/\\\/t.me\\\/mpppst\"]},{\"@type\":\"Person\",\"@id\":\"https:\\\/\\\/www.mpppst.gob.ve\\\/mpppstweb\\\/#\\\/schema\\\/person\\\/fc187ee8ead412bd4c9304b62f900ea4\",\"name\":\"MPPPST Prensa\",\"url\":\"https:\\\/\\\/www.mpppst.gob.ve\\\/mpppstweb\\\/index.php\\\/author\\\/prensa-mpppst\\\/\"}]}<\/script>\n<!-- \/ Yoast SEO plugin. -->","yoast_head_json":{"title":"Presidente Evo Morales a Mesa y Camacho: Pasar\u00e1n a la historia como racistas y golpistas - MPPPST","robots":{"index":"index","follow":"follow","max-snippet":"max-snippet:-1","max-image-preview":"max-image-preview:large","max-video-preview":"max-video-preview:-1"},"canonical":"https:\/\/www.mpppst.gob.ve\/mpppstweb\/index.php\/2019\/11\/11\/presidente-evo-morales-a-mesa-y-camacho-pasaran-a-la-historia-como-racistas-y-golpistas\/","og_locale":"es_ES","og_type":"article","og_title":"Presidente Evo Morales a Mesa y Camacho: Pasar\u00e1n a la historia como racistas y golpistas - MPPPST","og_description":"\u201c(El ex candidato presidencial Carlos) Mesa y (el dirigente del Comit\u00e9 C\u00edvico de Santa Cruz, Luis &hellip; Presidente Evo Morales a Mesa y Camacho: Pasar\u00e1n a la historia como racistas y golpistasLeer m\u00e1s","og_url":"https:\/\/www.mpppst.gob.ve\/mpppstweb\/index.php\/2019\/11\/11\/presidente-evo-morales-a-mesa-y-camacho-pasaran-a-la-historia-como-racistas-y-golpistas\/","og_site_name":"MPPPST","article_publisher":"https:\/\/www.facebook.com\/mintrabajo_ve","article_published_time":"2019-11-11T20:37:36+00:00","article_modified_time":"2019-11-11T20:37:38+00:00","og_image":[{"width":800,"height":445,"url":"https:\/\/www.mpppst.gob.ve\/mpppstweb\/wp-content\/uploads\/2019\/11\/EVO.jpg","type":"image\/jpeg"}],"author":"MPPPST Prensa","twitter_card":"summary_large_image","schema":{"@context":"https:\/\/schema.org","@graph":[{"@type":"Article","@id":"https:\/\/www.mpppst.gob.ve\/mpppstweb\/index.php\/2019\/11\/11\/presidente-evo-morales-a-mesa-y-camacho-pasaran-a-la-historia-como-racistas-y-golpistas\/#article","isPartOf":{"@id":"https:\/\/www.mpppst.gob.ve\/mpppstweb\/index.php\/2019\/11\/11\/presidente-evo-morales-a-mesa-y-camacho-pasaran-a-la-historia-como-racistas-y-golpistas\/"},"author":{"name":"MPPPST Prensa","@id":"https:\/\/www.mpppst.gob.ve\/mpppstweb\/#\/schema\/person\/fc187ee8ead412bd4c9304b62f900ea4"},"headline":"Presidente Evo Morales a Mesa y Camacho: Pasar\u00e1n a la historia como racistas y golpistas","datePublished":"2019-11-11T20:37:36+00:00","dateModified":"2019-11-11T20:37:38+00:00","mainEntityOfPage":{"@id":"https:\/\/www.mpppst.gob.ve\/mpppstweb\/index.php\/2019\/11\/11\/presidente-evo-morales-a-mesa-y-camacho-pasaran-a-la-historia-como-racistas-y-golpistas\/"},"wordCount":254,"publisher":{"@id":"https:\/\/www.mpppst.gob.ve\/mpppstweb\/#organization"},"image":{"@id":"https:\/\/www.mpppst.gob.ve\/mpppstweb\/index.php\/2019\/11\/11\/presidente-evo-morales-a-mesa-y-camacho-pasaran-a-la-historia-como-racistas-y-golpistas\/#primaryimage"},"thumbnailUrl":"https:\/\/www.mpppst.gob.ve\/mpppstweb\/wp-content\/uploads\/2019\/11\/EVO.jpg","keywords":["CPT","Nicol\u00e1s Maduro"],"articleSection":["Gobierno Nacional","Noticias"],"inLanguage":"es"},{"@type":"WebPage","@id":"https:\/\/www.mpppst.gob.ve\/mpppstweb\/index.php\/2019\/11\/11\/presidente-evo-morales-a-mesa-y-camacho-pasaran-a-la-historia-como-racistas-y-golpistas\/","url":"https:\/\/www.mpppst.gob.ve\/mpppstweb\/index.php\/2019\/11\/11\/presidente-evo-morales-a-mesa-y-camacho-pasaran-a-la-historia-como-racistas-y-golpistas\/","name":"Presidente Evo Morales a Mesa y Camacho: Pasar\u00e1n a la historia como racistas y golpistas - MPPPST","isPartOf":{"@id":"https:\/\/www.mpppst.gob.ve\/mpppstweb\/#website"},"primaryImageOfPage":{"@id":"https:\/\/www.mpppst.gob.ve\/mpppstweb\/index.php\/2019\/11\/11\/presidente-evo-morales-a-mesa-y-camacho-pasaran-a-la-historia-como-racistas-y-golpistas\/#primaryimage"},"image":{"@id":"https:\/\/www.mpppst.gob.ve\/mpppstweb\/index.php\/2019\/11\/11\/presidente-evo-morales-a-mesa-y-camacho-pasaran-a-la-historia-como-racistas-y-golpistas\/#primaryimage"},"thumbnailUrl":"https:\/\/www.mpppst.gob.ve\/mpppstweb\/wp-content\/uploads\/2019\/11\/EVO.jpg","datePublished":"2019-11-11T20:37:36+00:00","dateModified":"2019-11-11T20:37:38+00:00","breadcrumb":{"@id":"https:\/\/www.mpppst.gob.ve\/mpppstweb\/index.php\/2019\/11\/11\/presidente-evo-morales-a-mesa-y-camacho-pasaran-a-la-historia-como-racistas-y-golpistas\/#breadcrumb"},"inLanguage":"es","potentialAction":[{"@type":"ReadAction","target":["https:\/\/www.mpppst.gob.ve\/mpppstweb\/index.php\/2019\/11\/11\/presidente-evo-morales-a-mesa-y-camacho-pasaran-a-la-historia-como-racistas-y-golpistas\/"]}]},{"@type":"ImageObject","inLanguage":"es","@id":"https:\/\/www.mpppst.gob.ve\/mpppstweb\/index.php\/2019\/11\/11\/presidente-evo-morales-a-mesa-y-camacho-pasaran-a-la-historia-como-racistas-y-golpistas\/#primaryimage","url":"https:\/\/www.mpppst.gob.ve\/mpppstweb\/wp-content\/uploads\/2019\/11\/EVO.jpg","contentUrl":"https:\/\/www.mpppst.gob.ve\/mpppstweb\/wp-content\/uploads\/2019\/11\/EVO.jpg","width":800,"height":445},{"@type":"BreadcrumbList","@id":"https:\/\/www.mpppst.gob.ve\/mpppstweb\/index.php\/2019\/11\/11\/presidente-evo-morales-a-mesa-y-camacho-pasaran-a-la-historia-como-racistas-y-golpistas\/#breadcrumb","itemListElement":[{"@type":"ListItem","position":1,"name":"Home","item":"https:\/\/www.mpppst.gob.ve\/mpppstweb\/"},{"@type":"ListItem","position":2,"name":"Presidente Evo Morales a Mesa y Camacho: Pasar\u00e1n a la historia como racistas y golpistas"}]},{"@type":"WebSite","@id":"https:\/\/www.mpppst.gob.ve\/mpppstweb\/#website","url":"https:\/\/www.mpppst.gob.ve\/mpppstweb\/","name":"MPPPST","description":"Sitio web oficial del Ministerio del Poder Popular para el Proceso Social de Trabajo","publisher":{"@id":"https:\/\/www.mpppst.gob.ve\/mpppstweb\/#organization"},"alternateName":"Ministerio del Poder Popular para el Proceso Social de Trabajo","potentialAction":[{"@type":"SearchAction","target":{"@type":"EntryPoint","urlTemplate":"https:\/\/www.mpppst.gob.ve\/mpppstweb\/?s={search_term_string}"},"query-input":{"@type":"PropertyValueSpecification","valueRequired":true,"valueName":"search_term_string"}}],"inLanguage":"es"},{"@type":"Organization","@id":"https:\/\/www.mpppst.gob.ve\/mpppstweb\/#organization","name":"Ministerio del Poder Popular para el Proceso Social de Trabajo","alternateName":"MPPPST","url":"https:\/\/www.mpppst.gob.ve\/mpppstweb\/","logo":{"@type":"ImageObject","inLanguage":"es","@id":"https:\/\/www.mpppst.gob.ve\/mpppstweb\/#\/schema\/logo\/image\/","url":"https:\/\/www.mpppst.gob.ve\/mpppstweb\/wp-content\/uploads\/2025\/07\/cropped-cropped-g910.png","contentUrl":"https:\/\/www.mpppst.gob.ve\/mpppstweb\/wp-content\/uploads\/2025\/07\/cropped-cropped-g910.png","width":1080,"height":241,"caption":"Ministerio del Poder Popular para el Proceso Social de Trabajo"},"image":{"@id":"https:\/\/www.mpppst.gob.ve\/mpppstweb\/#\/schema\/logo\/image\/"},"sameAs":["https:\/\/www.facebook.com\/mintrabajo_ve","https:\/\/www.instagram.com\/mintrabajo_ve\/","https:\/\/www.tiktok.com\/@mintrabajo_ve","https:\/\/t.me\/mpppst"]},{"@type":"Person","@id":"https:\/\/www.mpppst.gob.ve\/mpppstweb\/#\/schema\/person\/fc187ee8ead412bd4c9304b62f900ea4","name":"MPPPST Prensa","url":"https:\/\/www.mpppst.gob.ve\/mpppstweb\/index.php\/author\/prensa-mpppst\/"}]}},"_links":{"self":[{"href":"https:\/\/www.mpppst.gob.ve\/mpppstweb\/index.php\/wp-json\/wp\/v2\/posts\/16736","targetHints":{"allow":["GET"]}}],"collection":[{"href":"https:\/\/www.mpppst.gob.ve\/mpppstweb\/index.php\/wp-json\/wp\/v2\/posts"}],"about":[{"href":"https:\/\/www.mpppst.gob.ve\/mpppstweb\/index.php\/wp-json\/wp\/v2\/types\/post"}],"author":[{"embeddable":true,"href":"https:\/\/www.mpppst.gob.ve\/mpppstweb\/index.php\/wp-json\/wp\/v2\/users\/25"}],"replies":[{"embeddable":true,"href":"https:\/\/www.mpppst.gob.ve\/mpppstweb\/index.php\/wp-json\/wp\/v2\/comments?post=16736"}],"version-history":[{"count":2,"href":"https:\/\/www.mpppst.gob.ve\/mpppstweb\/index.php\/wp-json\/wp\/v2\/posts\/16736\/revisions"}],"predecessor-version":[{"id":16741,"href":"https:\/\/www.mpppst.gob.ve\/mpppstweb\/index.php\/wp-json\/wp\/v2\/posts\/16736\/revisions\/16741"}],"wp:featuredmedia":[{"embeddable":true,"href":"https:\/\/www.mpppst.gob.ve\/mpppstweb\/index.php\/wp-json\/wp\/v2\/media\/16737"}],"wp:attachment":[{"href":"https:\/\/www.mpppst.gob.ve\/mpppstweb\/index.php\/wp-json\/wp\/v2\/media?parent=16736"}],"wp:term":[{"taxonomy":"category","embeddable":true,"href":"https:\/\/www.mpppst.gob.ve\/mpppstweb\/index.php\/wp-json\/wp\/v2\/categories?post=16736"},{"taxonomy":"post_tag","embeddable":true,"href":"https:\/\/www.mpppst.gob.ve\/mpppstweb\/index.php\/wp-json\/wp\/v2\/tags?post=16736"}],"curies":[{"name":"wp","href":"https:\/\/api.w.org\/{rel}","templated":true}]}}