{"id":16750,"date":"2019-11-12T10:00:47","date_gmt":"2019-11-12T14:00:47","guid":{"rendered":"http:\/\/www.mpppst.gob.ve\/mpppstweb\/?p=16750"},"modified":"2019-11-12T10:00:49","modified_gmt":"2019-11-12T14:00:49","slug":"activada-alerta-popular-ante-amenazas-golpistas-de-ee-uu-contra-venezuela","status":"publish","type":"post","link":"https:\/\/www.mpppst.gob.ve\/mpppstweb\/index.php\/2019\/11\/12\/activada-alerta-popular-ante-amenazas-golpistas-de-ee-uu-contra-venezuela\/","title":{"rendered":"Activada alerta popular ante amenazas golpistas de EE.UU. contra Venezuela"},"content":{"rendered":"\n<p class=\"wp-block-paragraph\">Mantenerse alerta frente a la amenaza golpista proferida por el presidente de <strong>Estados Unidos<\/strong> (EE.UU.), Donald Trump, contra <strong>Venezuela<\/strong> fue el llamado que realiz\u00f3 este lunes el Jefe de Estado venezolano,\u00a0<strong>Nicol\u00e1s Maduro<\/strong>.<\/p>\n\n\n\n<p class=\"wp-block-paragraph\">En el Sal\u00f3n Ezequiel Zamora del Palacio Blanco, sostuvo que despu\u00e9s de dirigir el golpe de Estado contra el l\u00edder boliviano, <strong>Evo Morales<\/strong>, la administraci\u00f3n norteamericana pretende atentar contra la estabilidad de <strong>Venezuela<\/strong> y <strong>Nicaragua<\/strong>.<\/p>\n\n\n\n<p class=\"wp-block-paragraph\">\u201c\u00a1Alerta, pueblo, vamos al combate! \u00bfQuieren pelea? Vamos a darle pelea por la Patria, la soberan\u00eda y la<strong> Revoluci\u00f3n Bolivariana.<\/strong> \u00a1Vamos, estamos listos!\u201d, enfatiz\u00f3.<\/p>\n\n\n\n<p class=\"wp-block-paragraph\">Previamente, <strong>Donald Trump<\/strong> apunt\u00f3 que la consumaci\u00f3n del plan golpista en <strong>Bolivia<\/strong> env\u00eda una \u201cuna fuerte se\u00f1al\u201d para los gobiernos de <strong>Nicaragua<\/strong> y <strong>Venezuela<\/strong>, naciones que enfrentan medidas coercitivas unilaterales impuestas por Washington.<\/p>\n\n\n\n<p class=\"wp-block-paragraph\">\u201cLa victoria nos pertenece y lo demostraremos en la pr\u00e1ctica, en las calles y en uni\u00f3n c\u00edvico-militar (\u2026) Lo ver\u00e1n y lo seguir\u00e1n viendo, esta es una batalla por la paz que hemos ganado por la integraci\u00f3n de <strong>Venezuela<\/strong>\u201d, afirm\u00f3 el presidente <strong>Maduro<\/strong>.<\/p>\n\n\n\n<p class=\"wp-block-paragraph\">Prensa VTV<\/p>\n","protected":false},"excerpt":{"rendered":"<p>Mantenerse alerta frente a la amenaza golpista proferida por el presidente de Estados Unidos (EE.UU.), Donald &hellip; <a title=\"Activada alerta popular ante amenazas golpistas de EE.UU. contra Venezuela\" class=\"hm-read-more\" href=\"https:\/\/www.mpppst.gob.ve\/mpppstweb\/index.php\/2019\/11\/12\/activada-alerta-popular-ante-amenazas-golpistas-de-ee-uu-contra-venezuela\/\"><span class=\"screen-reader-text\">Activada alerta popular ante amenazas golpistas de EE.UU. contra Venezuela<\/span>Leer m\u00e1s<\/a><\/p>\n","protected":false},"author":25,"featured_media":16751,"comment_status":"closed","ping_status":"closed","sticky":false,"template":"","format":"standard","meta":{"footnotes":""},"categories":[82,163],"tags":[344,341,335],"class_list":["post-16750","post","type-post","status-publish","format-standard","has-post-thumbnail","hentry","category-gobierno-nacional","category-noticias","tag-cpt","tag-nicolas-maduro","tag-venezuela"],"yoast_head":"<!-- This site is optimized with the Yoast SEO plugin v28.4 - https:\/\/yoast.com\/product\/yoast-seo-wordpress\/ -->\n<title>Activada alerta popular ante amenazas golpistas de EE.UU. contra Venezuela - MPPPST<\/title>\n<meta name=\"robots\" content=\"index, follow, max-snippet:-1, max-image-preview:large, max-video-preview:-1\" \/>\n<link rel=\"canonical\" href=\"https:\/\/www.mpppst.gob.ve\/mpppstweb\/index.php\/2019\/11\/12\/activada-alerta-popular-ante-amenazas-golpistas-de-ee-uu-contra-venezuela\/\" \/>\n<meta property=\"og:locale\" content=\"es_ES\" \/>\n<meta property=\"og:type\" content=\"article\" \/>\n<meta property=\"og:title\" content=\"Activada alerta popular ante amenazas golpistas de EE.UU. contra Venezuela - MPPPST\" \/>\n<meta property=\"og:description\" content=\"Mantenerse alerta frente a la amenaza golpista proferida por el presidente de Estados Unidos (EE.UU.), Donald &hellip; Activada alerta popular ante amenazas golpistas de EE.UU. contra VenezuelaLeer m\u00e1s\" \/>\n<meta property=\"og:url\" content=\"https:\/\/www.mpppst.gob.ve\/mpppstweb\/index.php\/2019\/11\/12\/activada-alerta-popular-ante-amenazas-golpistas-de-ee-uu-contra-venezuela\/\" \/>\n<meta property=\"og:site_name\" content=\"MPPPST\" \/>\n<meta property=\"article:publisher\" content=\"https:\/\/www.facebook.com\/mintrabajo_ve\" \/>\n<meta property=\"article:published_time\" content=\"2019-11-12T14:00:47+00:00\" \/>\n<meta property=\"article:modified_time\" content=\"2019-11-12T14:00:49+00:00\" \/>\n<meta property=\"og:image\" content=\"https:\/\/www.mpppst.gob.ve\/mpppstweb\/wp-content\/uploads\/2019\/11\/maduro-alerta.png\" \/>\n\t<meta property=\"og:image:width\" content=\"800\" \/>\n\t<meta property=\"og:image:height\" content=\"445\" \/>\n\t<meta property=\"og:image:type\" content=\"image\/png\" \/>\n<meta name=\"author\" content=\"MPPPST Prensa\" \/>\n<meta name=\"twitter:card\" content=\"summary_large_image\" \/>\n<script type=\"application\/ld+json\" class=\"yoast-schema-graph\">{\"@context\":\"https:\\\/\\\/schema.org\",\"@graph\":[{\"@type\":\"Article\",\"@id\":\"https:\\\/\\\/www.mpppst.gob.ve\\\/mpppstweb\\\/index.php\\\/2019\\\/11\\\/12\\\/activada-alerta-popular-ante-amenazas-golpistas-de-ee-uu-contra-venezuela\\\/#article\",\"isPartOf\":{\"@id\":\"https:\\\/\\\/www.mpppst.gob.ve\\\/mpppstweb\\\/index.php\\\/2019\\\/11\\\/12\\\/activada-alerta-popular-ante-amenazas-golpistas-de-ee-uu-contra-venezuela\\\/\"},\"author\":{\"name\":\"MPPPST Prensa\",\"@id\":\"https:\\\/\\\/www.mpppst.gob.ve\\\/mpppstweb\\\/#\\\/schema\\\/person\\\/fc187ee8ead412bd4c9304b62f900ea4\"},\"headline\":\"Activada alerta popular ante amenazas golpistas de EE.UU. contra Venezuela\",\"datePublished\":\"2019-11-12T14:00:47+00:00\",\"dateModified\":\"2019-11-12T14:00:49+00:00\",\"mainEntityOfPage\":{\"@id\":\"https:\\\/\\\/www.mpppst.gob.ve\\\/mpppstweb\\\/index.php\\\/2019\\\/11\\\/12\\\/activada-alerta-popular-ante-amenazas-golpistas-de-ee-uu-contra-venezuela\\\/\"},\"wordCount\":197,\"publisher\":{\"@id\":\"https:\\\/\\\/www.mpppst.gob.ve\\\/mpppstweb\\\/#organization\"},\"image\":{\"@id\":\"https:\\\/\\\/www.mpppst.gob.ve\\\/mpppstweb\\\/index.php\\\/2019\\\/11\\\/12\\\/activada-alerta-popular-ante-amenazas-golpistas-de-ee-uu-contra-venezuela\\\/#primaryimage\"},\"thumbnailUrl\":\"https:\\\/\\\/www.mpppst.gob.ve\\\/mpppstweb\\\/wp-content\\\/uploads\\\/2019\\\/11\\\/maduro-alerta.png\",\"keywords\":[\"CPT\",\"Nicol\u00e1s Maduro\",\"Venezuela\"],\"articleSection\":[\"Gobierno Nacional\",\"Noticias\"],\"inLanguage\":\"es\"},{\"@type\":\"WebPage\",\"@id\":\"https:\\\/\\\/www.mpppst.gob.ve\\\/mpppstweb\\\/index.php\\\/2019\\\/11\\\/12\\\/activada-alerta-popular-ante-amenazas-golpistas-de-ee-uu-contra-venezuela\\\/\",\"url\":\"https:\\\/\\\/www.mpppst.gob.ve\\\/mpppstweb\\\/index.php\\\/2019\\\/11\\\/12\\\/activada-alerta-popular-ante-amenazas-golpistas-de-ee-uu-contra-venezuela\\\/\",\"name\":\"Activada alerta popular ante amenazas golpistas de EE.UU. contra Venezuela - MPPPST\",\"isPartOf\":{\"@id\":\"https:\\\/\\\/www.mpppst.gob.ve\\\/mpppstweb\\\/#website\"},\"primaryImageOfPage\":{\"@id\":\"https:\\\/\\\/www.mpppst.gob.ve\\\/mpppstweb\\\/index.php\\\/2019\\\/11\\\/12\\\/activada-alerta-popular-ante-amenazas-golpistas-de-ee-uu-contra-venezuela\\\/#primaryimage\"},\"image\":{\"@id\":\"https:\\\/\\\/www.mpppst.gob.ve\\\/mpppstweb\\\/index.php\\\/2019\\\/11\\\/12\\\/activada-alerta-popular-ante-amenazas-golpistas-de-ee-uu-contra-venezuela\\\/#primaryimage\"},\"thumbnailUrl\":\"https:\\\/\\\/www.mpppst.gob.ve\\\/mpppstweb\\\/wp-content\\\/uploads\\\/2019\\\/11\\\/maduro-alerta.png\",\"datePublished\":\"2019-11-12T14:00:47+00:00\",\"dateModified\":\"2019-11-12T14:00:49+00:00\",\"breadcrumb\":{\"@id\":\"https:\\\/\\\/www.mpppst.gob.ve\\\/mpppstweb\\\/index.php\\\/2019\\\/11\\\/12\\\/activada-alerta-popular-ante-amenazas-golpistas-de-ee-uu-contra-venezuela\\\/#breadcrumb\"},\"inLanguage\":\"es\",\"potentialAction\":[{\"@type\":\"ReadAction\",\"target\":[\"https:\\\/\\\/www.mpppst.gob.ve\\\/mpppstweb\\\/index.php\\\/2019\\\/11\\\/12\\\/activada-alerta-popular-ante-amenazas-golpistas-de-ee-uu-contra-venezuela\\\/\"]}]},{\"@type\":\"ImageObject\",\"inLanguage\":\"es\",\"@id\":\"https:\\\/\\\/www.mpppst.gob.ve\\\/mpppstweb\\\/index.php\\\/2019\\\/11\\\/12\\\/activada-alerta-popular-ante-amenazas-golpistas-de-ee-uu-contra-venezuela\\\/#primaryimage\",\"url\":\"https:\\\/\\\/www.mpppst.gob.ve\\\/mpppstweb\\\/wp-content\\\/uploads\\\/2019\\\/11\\\/maduro-alerta.png\",\"contentUrl\":\"https:\\\/\\\/www.mpppst.gob.ve\\\/mpppstweb\\\/wp-content\\\/uploads\\\/2019\\\/11\\\/maduro-alerta.png\",\"width\":800,\"height\":445},{\"@type\":\"BreadcrumbList\",\"@id\":\"https:\\\/\\\/www.mpppst.gob.ve\\\/mpppstweb\\\/index.php\\\/2019\\\/11\\\/12\\\/activada-alerta-popular-ante-amenazas-golpistas-de-ee-uu-contra-venezuela\\\/#breadcrumb\",\"itemListElement\":[{\"@type\":\"ListItem\",\"position\":1,\"name\":\"Home\",\"item\":\"https:\\\/\\\/www.mpppst.gob.ve\\\/mpppstweb\\\/\"},{\"@type\":\"ListItem\",\"position\":2,\"name\":\"Activada alerta popular ante amenazas golpistas de EE.UU. contra Venezuela\"}]},{\"@type\":\"WebSite\",\"@id\":\"https:\\\/\\\/www.mpppst.gob.ve\\\/mpppstweb\\\/#website\",\"url\":\"https:\\\/\\\/www.mpppst.gob.ve\\\/mpppstweb\\\/\",\"name\":\"MPPPST\",\"description\":\"Sitio web oficial del Ministerio del Poder Popular para el Proceso Social de Trabajo\",\"publisher\":{\"@id\":\"https:\\\/\\\/www.mpppst.gob.ve\\\/mpppstweb\\\/#organization\"},\"alternateName\":\"Ministerio del Poder Popular para el Proceso Social de Trabajo\",\"potentialAction\":[{\"@type\":\"SearchAction\",\"target\":{\"@type\":\"EntryPoint\",\"urlTemplate\":\"https:\\\/\\\/www.mpppst.gob.ve\\\/mpppstweb\\\/?s={search_term_string}\"},\"query-input\":{\"@type\":\"PropertyValueSpecification\",\"valueRequired\":true,\"valueName\":\"search_term_string\"}}],\"inLanguage\":\"es\"},{\"@type\":\"Organization\",\"@id\":\"https:\\\/\\\/www.mpppst.gob.ve\\\/mpppstweb\\\/#organization\",\"name\":\"Ministerio del Poder Popular para el Proceso Social de Trabajo\",\"alternateName\":\"MPPPST\",\"url\":\"https:\\\/\\\/www.mpppst.gob.ve\\\/mpppstweb\\\/\",\"logo\":{\"@type\":\"ImageObject\",\"inLanguage\":\"es\",\"@id\":\"https:\\\/\\\/www.mpppst.gob.ve\\\/mpppstweb\\\/#\\\/schema\\\/logo\\\/image\\\/\",\"url\":\"https:\\\/\\\/www.mpppst.gob.ve\\\/mpppstweb\\\/wp-content\\\/uploads\\\/2025\\\/07\\\/cropped-cropped-g910.png\",\"contentUrl\":\"https:\\\/\\\/www.mpppst.gob.ve\\\/mpppstweb\\\/wp-content\\\/uploads\\\/2025\\\/07\\\/cropped-cropped-g910.png\",\"width\":1080,\"height\":241,\"caption\":\"Ministerio del Poder Popular para el Proceso Social de Trabajo\"},\"image\":{\"@id\":\"https:\\\/\\\/www.mpppst.gob.ve\\\/mpppstweb\\\/#\\\/schema\\\/logo\\\/image\\\/\"},\"sameAs\":[\"https:\\\/\\\/www.facebook.com\\\/mintrabajo_ve\",\"https:\\\/\\\/www.instagram.com\\\/mintrabajo_ve\\\/\",\"https:\\\/\\\/www.tiktok.com\\\/@mintrabajo_ve\",\"https:\\\/\\\/t.me\\\/mpppst\"]},{\"@type\":\"Person\",\"@id\":\"https:\\\/\\\/www.mpppst.gob.ve\\\/mpppstweb\\\/#\\\/schema\\\/person\\\/fc187ee8ead412bd4c9304b62f900ea4\",\"name\":\"MPPPST Prensa\",\"url\":\"https:\\\/\\\/www.mpppst.gob.ve\\\/mpppstweb\\\/index.php\\\/author\\\/prensa-mpppst\\\/\"}]}<\/script>\n<!-- \/ Yoast SEO plugin. -->","yoast_head_json":{"title":"Activada alerta popular ante amenazas golpistas de EE.UU. contra Venezuela - MPPPST","robots":{"index":"index","follow":"follow","max-snippet":"max-snippet:-1","max-image-preview":"max-image-preview:large","max-video-preview":"max-video-preview:-1"},"canonical":"https:\/\/www.mpppst.gob.ve\/mpppstweb\/index.php\/2019\/11\/12\/activada-alerta-popular-ante-amenazas-golpistas-de-ee-uu-contra-venezuela\/","og_locale":"es_ES","og_type":"article","og_title":"Activada alerta popular ante amenazas golpistas de EE.UU. contra Venezuela - MPPPST","og_description":"Mantenerse alerta frente a la amenaza golpista proferida por el presidente de Estados Unidos (EE.UU.), Donald &hellip; Activada alerta popular ante amenazas golpistas de EE.UU. contra VenezuelaLeer m\u00e1s","og_url":"https:\/\/www.mpppst.gob.ve\/mpppstweb\/index.php\/2019\/11\/12\/activada-alerta-popular-ante-amenazas-golpistas-de-ee-uu-contra-venezuela\/","og_site_name":"MPPPST","article_publisher":"https:\/\/www.facebook.com\/mintrabajo_ve","article_published_time":"2019-11-12T14:00:47+00:00","article_modified_time":"2019-11-12T14:00:49+00:00","og_image":[{"width":800,"height":445,"url":"https:\/\/www.mpppst.gob.ve\/mpppstweb\/wp-content\/uploads\/2019\/11\/maduro-alerta.png","type":"image\/png"}],"author":"MPPPST Prensa","twitter_card":"summary_large_image","schema":{"@context":"https:\/\/schema.org","@graph":[{"@type":"Article","@id":"https:\/\/www.mpppst.gob.ve\/mpppstweb\/index.php\/2019\/11\/12\/activada-alerta-popular-ante-amenazas-golpistas-de-ee-uu-contra-venezuela\/#article","isPartOf":{"@id":"https:\/\/www.mpppst.gob.ve\/mpppstweb\/index.php\/2019\/11\/12\/activada-alerta-popular-ante-amenazas-golpistas-de-ee-uu-contra-venezuela\/"},"author":{"name":"MPPPST Prensa","@id":"https:\/\/www.mpppst.gob.ve\/mpppstweb\/#\/schema\/person\/fc187ee8ead412bd4c9304b62f900ea4"},"headline":"Activada alerta popular ante amenazas golpistas de EE.UU. contra Venezuela","datePublished":"2019-11-12T14:00:47+00:00","dateModified":"2019-11-12T14:00:49+00:00","mainEntityOfPage":{"@id":"https:\/\/www.mpppst.gob.ve\/mpppstweb\/index.php\/2019\/11\/12\/activada-alerta-popular-ante-amenazas-golpistas-de-ee-uu-contra-venezuela\/"},"wordCount":197,"publisher":{"@id":"https:\/\/www.mpppst.gob.ve\/mpppstweb\/#organization"},"image":{"@id":"https:\/\/www.mpppst.gob.ve\/mpppstweb\/index.php\/2019\/11\/12\/activada-alerta-popular-ante-amenazas-golpistas-de-ee-uu-contra-venezuela\/#primaryimage"},"thumbnailUrl":"https:\/\/www.mpppst.gob.ve\/mpppstweb\/wp-content\/uploads\/2019\/11\/maduro-alerta.png","keywords":["CPT","Nicol\u00e1s Maduro","Venezuela"],"articleSection":["Gobierno Nacional","Noticias"],"inLanguage":"es"},{"@type":"WebPage","@id":"https:\/\/www.mpppst.gob.ve\/mpppstweb\/index.php\/2019\/11\/12\/activada-alerta-popular-ante-amenazas-golpistas-de-ee-uu-contra-venezuela\/","url":"https:\/\/www.mpppst.gob.ve\/mpppstweb\/index.php\/2019\/11\/12\/activada-alerta-popular-ante-amenazas-golpistas-de-ee-uu-contra-venezuela\/","name":"Activada alerta popular ante amenazas golpistas de EE.UU. contra Venezuela - MPPPST","isPartOf":{"@id":"https:\/\/www.mpppst.gob.ve\/mpppstweb\/#website"},"primaryImageOfPage":{"@id":"https:\/\/www.mpppst.gob.ve\/mpppstweb\/index.php\/2019\/11\/12\/activada-alerta-popular-ante-amenazas-golpistas-de-ee-uu-contra-venezuela\/#primaryimage"},"image":{"@id":"https:\/\/www.mpppst.gob.ve\/mpppstweb\/index.php\/2019\/11\/12\/activada-alerta-popular-ante-amenazas-golpistas-de-ee-uu-contra-venezuela\/#primaryimage"},"thumbnailUrl":"https:\/\/www.mpppst.gob.ve\/mpppstweb\/wp-content\/uploads\/2019\/11\/maduro-alerta.png","datePublished":"2019-11-12T14:00:47+00:00","dateModified":"2019-11-12T14:00:49+00:00","breadcrumb":{"@id":"https:\/\/www.mpppst.gob.ve\/mpppstweb\/index.php\/2019\/11\/12\/activada-alerta-popular-ante-amenazas-golpistas-de-ee-uu-contra-venezuela\/#breadcrumb"},"inLanguage":"es","potentialAction":[{"@type":"ReadAction","target":["https:\/\/www.mpppst.gob.ve\/mpppstweb\/index.php\/2019\/11\/12\/activada-alerta-popular-ante-amenazas-golpistas-de-ee-uu-contra-venezuela\/"]}]},{"@type":"ImageObject","inLanguage":"es","@id":"https:\/\/www.mpppst.gob.ve\/mpppstweb\/index.php\/2019\/11\/12\/activada-alerta-popular-ante-amenazas-golpistas-de-ee-uu-contra-venezuela\/#primaryimage","url":"https:\/\/www.mpppst.gob.ve\/mpppstweb\/wp-content\/uploads\/2019\/11\/maduro-alerta.png","contentUrl":"https:\/\/www.mpppst.gob.ve\/mpppstweb\/wp-content\/uploads\/2019\/11\/maduro-alerta.png","width":800,"height":445},{"@type":"BreadcrumbList","@id":"https:\/\/www.mpppst.gob.ve\/mpppstweb\/index.php\/2019\/11\/12\/activada-alerta-popular-ante-amenazas-golpistas-de-ee-uu-contra-venezuela\/#breadcrumb","itemListElement":[{"@type":"ListItem","position":1,"name":"Home","item":"https:\/\/www.mpppst.gob.ve\/mpppstweb\/"},{"@type":"ListItem","position":2,"name":"Activada alerta popular ante amenazas golpistas de EE.UU. contra Venezuela"}]},{"@type":"WebSite","@id":"https:\/\/www.mpppst.gob.ve\/mpppstweb\/#website","url":"https:\/\/www.mpppst.gob.ve\/mpppstweb\/","name":"MPPPST","description":"Sitio web oficial del Ministerio del Poder Popular para el Proceso Social de Trabajo","publisher":{"@id":"https:\/\/www.mpppst.gob.ve\/mpppstweb\/#organization"},"alternateName":"Ministerio del Poder Popular para el Proceso Social de Trabajo","potentialAction":[{"@type":"SearchAction","target":{"@type":"EntryPoint","urlTemplate":"https:\/\/www.mpppst.gob.ve\/mpppstweb\/?s={search_term_string}"},"query-input":{"@type":"PropertyValueSpecification","valueRequired":true,"valueName":"search_term_string"}}],"inLanguage":"es"},{"@type":"Organization","@id":"https:\/\/www.mpppst.gob.ve\/mpppstweb\/#organization","name":"Ministerio del Poder Popular para el Proceso Social de Trabajo","alternateName":"MPPPST","url":"https:\/\/www.mpppst.gob.ve\/mpppstweb\/","logo":{"@type":"ImageObject","inLanguage":"es","@id":"https:\/\/www.mpppst.gob.ve\/mpppstweb\/#\/schema\/logo\/image\/","url":"https:\/\/www.mpppst.gob.ve\/mpppstweb\/wp-content\/uploads\/2025\/07\/cropped-cropped-g910.png","contentUrl":"https:\/\/www.mpppst.gob.ve\/mpppstweb\/wp-content\/uploads\/2025\/07\/cropped-cropped-g910.png","width":1080,"height":241,"caption":"Ministerio del Poder Popular para el Proceso Social de Trabajo"},"image":{"@id":"https:\/\/www.mpppst.gob.ve\/mpppstweb\/#\/schema\/logo\/image\/"},"sameAs":["https:\/\/www.facebook.com\/mintrabajo_ve","https:\/\/www.instagram.com\/mintrabajo_ve\/","https:\/\/www.tiktok.com\/@mintrabajo_ve","https:\/\/t.me\/mpppst"]},{"@type":"Person","@id":"https:\/\/www.mpppst.gob.ve\/mpppstweb\/#\/schema\/person\/fc187ee8ead412bd4c9304b62f900ea4","name":"MPPPST Prensa","url":"https:\/\/www.mpppst.gob.ve\/mpppstweb\/index.php\/author\/prensa-mpppst\/"}]}},"_links":{"self":[{"href":"https:\/\/www.mpppst.gob.ve\/mpppstweb\/index.php\/wp-json\/wp\/v2\/posts\/16750","targetHints":{"allow":["GET"]}}],"collection":[{"href":"https:\/\/www.mpppst.gob.ve\/mpppstweb\/index.php\/wp-json\/wp\/v2\/posts"}],"about":[{"href":"https:\/\/www.mpppst.gob.ve\/mpppstweb\/index.php\/wp-json\/wp\/v2\/types\/post"}],"author":[{"embeddable":true,"href":"https:\/\/www.mpppst.gob.ve\/mpppstweb\/index.php\/wp-json\/wp\/v2\/users\/25"}],"replies":[{"embeddable":true,"href":"https:\/\/www.mpppst.gob.ve\/mpppstweb\/index.php\/wp-json\/wp\/v2\/comments?post=16750"}],"version-history":[{"count":3,"href":"https:\/\/www.mpppst.gob.ve\/mpppstweb\/index.php\/wp-json\/wp\/v2\/posts\/16750\/revisions"}],"predecessor-version":[{"id":16754,"href":"https:\/\/www.mpppst.gob.ve\/mpppstweb\/index.php\/wp-json\/wp\/v2\/posts\/16750\/revisions\/16754"}],"wp:featuredmedia":[{"embeddable":true,"href":"https:\/\/www.mpppst.gob.ve\/mpppstweb\/index.php\/wp-json\/wp\/v2\/media\/16751"}],"wp:attachment":[{"href":"https:\/\/www.mpppst.gob.ve\/mpppstweb\/index.php\/wp-json\/wp\/v2\/media?parent=16750"}],"wp:term":[{"taxonomy":"category","embeddable":true,"href":"https:\/\/www.mpppst.gob.ve\/mpppstweb\/index.php\/wp-json\/wp\/v2\/categories?post=16750"},{"taxonomy":"post_tag","embeddable":true,"href":"https:\/\/www.mpppst.gob.ve\/mpppstweb\/index.php\/wp-json\/wp\/v2\/tags?post=16750"}],"curies":[{"name":"wp","href":"https:\/\/api.w.org\/{rel}","templated":true}]}}