{"id":16813,"date":"2019-11-14T09:02:37","date_gmt":"2019-11-14T13:02:37","guid":{"rendered":"http:\/\/www.mpppst.gob.ve\/mpppstweb\/?p=16813"},"modified":"2019-11-14T09:02:38","modified_gmt":"2019-11-14T13:02:38","slug":"nombran-comision-para-plantear-cronograma-electoral-en-venezuela","status":"publish","type":"post","link":"https:\/\/www.mpppst.gob.ve\/mpppstweb\/index.php\/2019\/11\/14\/nombran-comision-para-plantear-cronograma-electoral-en-venezuela\/","title":{"rendered":"Nombran comisi\u00f3n para plantear cronograma electoral en Venezuela"},"content":{"rendered":"\n<h3 class=\"wp-block-heading\"><\/h3>\n\n\n\n<p class=\"wp-block-paragraph\">El diputado por el Partido Socialista Unido de\u00a0<strong>Venezuela<\/strong>\u00a0(PSUV),\u00a0<strong>Francisco Torrealba<\/strong>, confirm\u00f3 este mi\u00e9rcoles que la\u00a0<strong>Mesa de Di\u00e1logo<\/strong>\u00a0en su comisi\u00f3n sobre el sistema electoral, design\u00f3 una subcomisi\u00f3n que designar\u00e1 el Comit\u00e9 de Postulaciones para un nuevo Consejo Nacional Electoral en el pa\u00eds.<\/p>\n\n\n\n<p class=\"wp-block-paragraph\">\u00abDesignada una subcomisi\u00f3n donde participar\u00e1n los diputados \u00c1ngel Medina por Primero de Justicia, Luis Moreno en representaci\u00f3n de Acci\u00f3n Democr\u00e1tica, Julio Ch\u00e1vez y William Gil, \u00e9stos \u00faltimos por el PSUV para la propuesta de un cronograma de trabajo\u00bb, indic\u00f3 el diputado&nbsp;<strong>Torrealba<\/strong>.<\/p>\n\n\n\n<p class=\"wp-block-paragraph\">El parlamentario ponder\u00f3 los gestos de paz por parte del jefe de estado,&nbsp;<strong>Nicol\u00e1s Maduro<\/strong>, quien impulsa la Mesa de Di\u00e1logo para dirimir los conflictos pol\u00edticos, \u00abhemos obtenido un logro gracias al di\u00e1logo propuesto por el presidente\u00bb, agreg\u00f3.<\/p>\n\n\n\n<p class=\"wp-block-paragraph\">Torrealba explic\u00f3&nbsp;que una vez que la Asamblea Nacional&nbsp;<strong>(AN)<\/strong>&nbsp;deje de estar en desacato y se elijan nuevos rectores electorales, los comicios a parlamentarios podr\u00edan efectuarse en el tercer trimestre del a\u00f1o 2020.<\/p>\n\n\n\n<p class=\"wp-block-paragraph\">\u00abLas elecciones no son de car\u00e1cter opcional, sino definitivamente firmes porque as\u00ed lo establece la Constituci\u00f3n y el per\u00edodo de os actuales diputadores se vence el a\u00f1o que viene, raz\u00f3n por la cual en 2021 debe haber una nueva Asamblea Nacional instalada\u00bb, asever\u00f3 el diputado del PSUV.\u00a0<\/p>\n\n\n\n<p class=\"wp-block-paragraph\">Prensa Web TELESUR<\/p>\n","protected":false},"excerpt":{"rendered":"<p>El diputado por el Partido Socialista Unido de\u00a0Venezuela\u00a0(PSUV),\u00a0Francisco Torrealba, confirm\u00f3 este mi\u00e9rcoles que la\u00a0Mesa de Di\u00e1logo\u00a0en &hellip; <a title=\"Nombran comisi\u00f3n para plantear cronograma electoral en Venezuela\" class=\"hm-read-more\" href=\"https:\/\/www.mpppst.gob.ve\/mpppstweb\/index.php\/2019\/11\/14\/nombran-comision-para-plantear-cronograma-electoral-en-venezuela\/\"><span class=\"screen-reader-text\">Nombran comisi\u00f3n para plantear cronograma electoral en Venezuela<\/span>Leer m\u00e1s<\/a><\/p>\n","protected":false},"author":25,"featured_media":16814,"comment_status":"closed","ping_status":"closed","sticky":false,"template":"","format":"standard","meta":{"footnotes":""},"categories":[82,163],"tags":[392,341,246],"class_list":["post-16813","post","type-post","status-publish","format-standard","has-post-thumbnail","hentry","category-gobierno-nacional","category-noticias","tag-anc","tag-nicolas-maduro","tag-psuv"],"yoast_head":"<!-- This site is optimized with the Yoast SEO plugin v28.4 - https:\/\/yoast.com\/product\/yoast-seo-wordpress\/ -->\n<title>Nombran comisi\u00f3n para plantear cronograma electoral en Venezuela - MPPPST<\/title>\n<meta name=\"robots\" content=\"index, follow, max-snippet:-1, max-image-preview:large, max-video-preview:-1\" \/>\n<link rel=\"canonical\" href=\"https:\/\/www.mpppst.gob.ve\/mpppstweb\/index.php\/2019\/11\/14\/nombran-comision-para-plantear-cronograma-electoral-en-venezuela\/\" \/>\n<meta property=\"og:locale\" content=\"es_ES\" \/>\n<meta property=\"og:type\" content=\"article\" \/>\n<meta property=\"og:title\" content=\"Nombran comisi\u00f3n para plantear cronograma electoral en Venezuela - MPPPST\" \/>\n<meta property=\"og:description\" content=\"El diputado por el Partido Socialista Unido de\u00a0Venezuela\u00a0(PSUV),\u00a0Francisco Torrealba, confirm\u00f3 este mi\u00e9rcoles que la\u00a0Mesa de Di\u00e1logo\u00a0en &hellip; Nombran comisi\u00f3n para plantear cronograma electoral en VenezuelaLeer m\u00e1s\" \/>\n<meta property=\"og:url\" content=\"https:\/\/www.mpppst.gob.ve\/mpppstweb\/index.php\/2019\/11\/14\/nombran-comision-para-plantear-cronograma-electoral-en-venezuela\/\" \/>\n<meta property=\"og:site_name\" content=\"MPPPST\" \/>\n<meta property=\"article:publisher\" content=\"https:\/\/www.facebook.com\/mintrabajo_ve\" \/>\n<meta property=\"article:published_time\" content=\"2019-11-14T13:02:37+00:00\" \/>\n<meta property=\"article:modified_time\" content=\"2019-11-14T13:02:38+00:00\" \/>\n<meta property=\"og:image\" content=\"https:\/\/www.mpppst.gob.ve\/mpppstweb\/wp-content\/uploads\/2019\/11\/cne-compressor.jpg_1718483347.jpg\" \/>\n\t<meta property=\"og:image:width\" content=\"600\" \/>\n\t<meta property=\"og:image:height\" content=\"338\" \/>\n\t<meta property=\"og:image:type\" content=\"image\/jpeg\" \/>\n<meta name=\"author\" content=\"MPPPST Prensa\" \/>\n<meta name=\"twitter:card\" content=\"summary_large_image\" \/>\n<script type=\"application\/ld+json\" class=\"yoast-schema-graph\">{\"@context\":\"https:\\\/\\\/schema.org\",\"@graph\":[{\"@type\":\"Article\",\"@id\":\"https:\\\/\\\/www.mpppst.gob.ve\\\/mpppstweb\\\/index.php\\\/2019\\\/11\\\/14\\\/nombran-comision-para-plantear-cronograma-electoral-en-venezuela\\\/#article\",\"isPartOf\":{\"@id\":\"https:\\\/\\\/www.mpppst.gob.ve\\\/mpppstweb\\\/index.php\\\/2019\\\/11\\\/14\\\/nombran-comision-para-plantear-cronograma-electoral-en-venezuela\\\/\"},\"author\":{\"name\":\"MPPPST Prensa\",\"@id\":\"https:\\\/\\\/www.mpppst.gob.ve\\\/mpppstweb\\\/#\\\/schema\\\/person\\\/fc187ee8ead412bd4c9304b62f900ea4\"},\"headline\":\"Nombran comisi\u00f3n para plantear cronograma electoral en Venezuela\",\"datePublished\":\"2019-11-14T13:02:37+00:00\",\"dateModified\":\"2019-11-14T13:02:38+00:00\",\"mainEntityOfPage\":{\"@id\":\"https:\\\/\\\/www.mpppst.gob.ve\\\/mpppstweb\\\/index.php\\\/2019\\\/11\\\/14\\\/nombran-comision-para-plantear-cronograma-electoral-en-venezuela\\\/\"},\"wordCount\":243,\"publisher\":{\"@id\":\"https:\\\/\\\/www.mpppst.gob.ve\\\/mpppstweb\\\/#organization\"},\"image\":{\"@id\":\"https:\\\/\\\/www.mpppst.gob.ve\\\/mpppstweb\\\/index.php\\\/2019\\\/11\\\/14\\\/nombran-comision-para-plantear-cronograma-electoral-en-venezuela\\\/#primaryimage\"},\"thumbnailUrl\":\"https:\\\/\\\/www.mpppst.gob.ve\\\/mpppstweb\\\/wp-content\\\/uploads\\\/2019\\\/11\\\/cne-compressor.jpg_1718483347.jpg\",\"keywords\":[\"ANC\",\"Nicol\u00e1s Maduro\",\"PSUV\"],\"articleSection\":[\"Gobierno Nacional\",\"Noticias\"],\"inLanguage\":\"es\"},{\"@type\":\"WebPage\",\"@id\":\"https:\\\/\\\/www.mpppst.gob.ve\\\/mpppstweb\\\/index.php\\\/2019\\\/11\\\/14\\\/nombran-comision-para-plantear-cronograma-electoral-en-venezuela\\\/\",\"url\":\"https:\\\/\\\/www.mpppst.gob.ve\\\/mpppstweb\\\/index.php\\\/2019\\\/11\\\/14\\\/nombran-comision-para-plantear-cronograma-electoral-en-venezuela\\\/\",\"name\":\"Nombran comisi\u00f3n para plantear cronograma electoral en Venezuela - MPPPST\",\"isPartOf\":{\"@id\":\"https:\\\/\\\/www.mpppst.gob.ve\\\/mpppstweb\\\/#website\"},\"primaryImageOfPage\":{\"@id\":\"https:\\\/\\\/www.mpppst.gob.ve\\\/mpppstweb\\\/index.php\\\/2019\\\/11\\\/14\\\/nombran-comision-para-plantear-cronograma-electoral-en-venezuela\\\/#primaryimage\"},\"image\":{\"@id\":\"https:\\\/\\\/www.mpppst.gob.ve\\\/mpppstweb\\\/index.php\\\/2019\\\/11\\\/14\\\/nombran-comision-para-plantear-cronograma-electoral-en-venezuela\\\/#primaryimage\"},\"thumbnailUrl\":\"https:\\\/\\\/www.mpppst.gob.ve\\\/mpppstweb\\\/wp-content\\\/uploads\\\/2019\\\/11\\\/cne-compressor.jpg_1718483347.jpg\",\"datePublished\":\"2019-11-14T13:02:37+00:00\",\"dateModified\":\"2019-11-14T13:02:38+00:00\",\"breadcrumb\":{\"@id\":\"https:\\\/\\\/www.mpppst.gob.ve\\\/mpppstweb\\\/index.php\\\/2019\\\/11\\\/14\\\/nombran-comision-para-plantear-cronograma-electoral-en-venezuela\\\/#breadcrumb\"},\"inLanguage\":\"es\",\"potentialAction\":[{\"@type\":\"ReadAction\",\"target\":[\"https:\\\/\\\/www.mpppst.gob.ve\\\/mpppstweb\\\/index.php\\\/2019\\\/11\\\/14\\\/nombran-comision-para-plantear-cronograma-electoral-en-venezuela\\\/\"]}]},{\"@type\":\"ImageObject\",\"inLanguage\":\"es\",\"@id\":\"https:\\\/\\\/www.mpppst.gob.ve\\\/mpppstweb\\\/index.php\\\/2019\\\/11\\\/14\\\/nombran-comision-para-plantear-cronograma-electoral-en-venezuela\\\/#primaryimage\",\"url\":\"https:\\\/\\\/www.mpppst.gob.ve\\\/mpppstweb\\\/wp-content\\\/uploads\\\/2019\\\/11\\\/cne-compressor.jpg_1718483347.jpg\",\"contentUrl\":\"https:\\\/\\\/www.mpppst.gob.ve\\\/mpppstweb\\\/wp-content\\\/uploads\\\/2019\\\/11\\\/cne-compressor.jpg_1718483347.jpg\",\"width\":600,\"height\":338},{\"@type\":\"BreadcrumbList\",\"@id\":\"https:\\\/\\\/www.mpppst.gob.ve\\\/mpppstweb\\\/index.php\\\/2019\\\/11\\\/14\\\/nombran-comision-para-plantear-cronograma-electoral-en-venezuela\\\/#breadcrumb\",\"itemListElement\":[{\"@type\":\"ListItem\",\"position\":1,\"name\":\"Home\",\"item\":\"https:\\\/\\\/www.mpppst.gob.ve\\\/mpppstweb\\\/\"},{\"@type\":\"ListItem\",\"position\":2,\"name\":\"Nombran comisi\u00f3n para plantear cronograma electoral en Venezuela\"}]},{\"@type\":\"WebSite\",\"@id\":\"https:\\\/\\\/www.mpppst.gob.ve\\\/mpppstweb\\\/#website\",\"url\":\"https:\\\/\\\/www.mpppst.gob.ve\\\/mpppstweb\\\/\",\"name\":\"MPPPST\",\"description\":\"Sitio web oficial del Ministerio del Poder Popular para el Proceso Social de Trabajo\",\"publisher\":{\"@id\":\"https:\\\/\\\/www.mpppst.gob.ve\\\/mpppstweb\\\/#organization\"},\"alternateName\":\"Ministerio del Poder Popular para el Proceso Social de Trabajo\",\"potentialAction\":[{\"@type\":\"SearchAction\",\"target\":{\"@type\":\"EntryPoint\",\"urlTemplate\":\"https:\\\/\\\/www.mpppst.gob.ve\\\/mpppstweb\\\/?s={search_term_string}\"},\"query-input\":{\"@type\":\"PropertyValueSpecification\",\"valueRequired\":true,\"valueName\":\"search_term_string\"}}],\"inLanguage\":\"es\"},{\"@type\":\"Organization\",\"@id\":\"https:\\\/\\\/www.mpppst.gob.ve\\\/mpppstweb\\\/#organization\",\"name\":\"Ministerio del Poder Popular para el Proceso Social de Trabajo\",\"alternateName\":\"MPPPST\",\"url\":\"https:\\\/\\\/www.mpppst.gob.ve\\\/mpppstweb\\\/\",\"logo\":{\"@type\":\"ImageObject\",\"inLanguage\":\"es\",\"@id\":\"https:\\\/\\\/www.mpppst.gob.ve\\\/mpppstweb\\\/#\\\/schema\\\/logo\\\/image\\\/\",\"url\":\"https:\\\/\\\/www.mpppst.gob.ve\\\/mpppstweb\\\/wp-content\\\/uploads\\\/2025\\\/07\\\/cropped-cropped-g910.png\",\"contentUrl\":\"https:\\\/\\\/www.mpppst.gob.ve\\\/mpppstweb\\\/wp-content\\\/uploads\\\/2025\\\/07\\\/cropped-cropped-g910.png\",\"width\":1080,\"height\":241,\"caption\":\"Ministerio del Poder Popular para el Proceso Social de Trabajo\"},\"image\":{\"@id\":\"https:\\\/\\\/www.mpppst.gob.ve\\\/mpppstweb\\\/#\\\/schema\\\/logo\\\/image\\\/\"},\"sameAs\":[\"https:\\\/\\\/www.facebook.com\\\/mintrabajo_ve\",\"https:\\\/\\\/www.instagram.com\\\/mintrabajo_ve\\\/\",\"https:\\\/\\\/www.tiktok.com\\\/@mintrabajo_ve\",\"https:\\\/\\\/t.me\\\/mpppst\"]},{\"@type\":\"Person\",\"@id\":\"https:\\\/\\\/www.mpppst.gob.ve\\\/mpppstweb\\\/#\\\/schema\\\/person\\\/fc187ee8ead412bd4c9304b62f900ea4\",\"name\":\"MPPPST Prensa\",\"url\":\"https:\\\/\\\/www.mpppst.gob.ve\\\/mpppstweb\\\/index.php\\\/author\\\/prensa-mpppst\\\/\"}]}<\/script>\n<!-- \/ Yoast SEO plugin. -->","yoast_head_json":{"title":"Nombran comisi\u00f3n para plantear cronograma electoral en Venezuela - MPPPST","robots":{"index":"index","follow":"follow","max-snippet":"max-snippet:-1","max-image-preview":"max-image-preview:large","max-video-preview":"max-video-preview:-1"},"canonical":"https:\/\/www.mpppst.gob.ve\/mpppstweb\/index.php\/2019\/11\/14\/nombran-comision-para-plantear-cronograma-electoral-en-venezuela\/","og_locale":"es_ES","og_type":"article","og_title":"Nombran comisi\u00f3n para plantear cronograma electoral en Venezuela - MPPPST","og_description":"El diputado por el Partido Socialista Unido de\u00a0Venezuela\u00a0(PSUV),\u00a0Francisco Torrealba, confirm\u00f3 este mi\u00e9rcoles que la\u00a0Mesa de Di\u00e1logo\u00a0en &hellip; Nombran comisi\u00f3n para plantear cronograma electoral en VenezuelaLeer m\u00e1s","og_url":"https:\/\/www.mpppst.gob.ve\/mpppstweb\/index.php\/2019\/11\/14\/nombran-comision-para-plantear-cronograma-electoral-en-venezuela\/","og_site_name":"MPPPST","article_publisher":"https:\/\/www.facebook.com\/mintrabajo_ve","article_published_time":"2019-11-14T13:02:37+00:00","article_modified_time":"2019-11-14T13:02:38+00:00","og_image":[{"width":600,"height":338,"url":"https:\/\/www.mpppst.gob.ve\/mpppstweb\/wp-content\/uploads\/2019\/11\/cne-compressor.jpg_1718483347.jpg","type":"image\/jpeg"}],"author":"MPPPST Prensa","twitter_card":"summary_large_image","schema":{"@context":"https:\/\/schema.org","@graph":[{"@type":"Article","@id":"https:\/\/www.mpppst.gob.ve\/mpppstweb\/index.php\/2019\/11\/14\/nombran-comision-para-plantear-cronograma-electoral-en-venezuela\/#article","isPartOf":{"@id":"https:\/\/www.mpppst.gob.ve\/mpppstweb\/index.php\/2019\/11\/14\/nombran-comision-para-plantear-cronograma-electoral-en-venezuela\/"},"author":{"name":"MPPPST Prensa","@id":"https:\/\/www.mpppst.gob.ve\/mpppstweb\/#\/schema\/person\/fc187ee8ead412bd4c9304b62f900ea4"},"headline":"Nombran comisi\u00f3n para plantear cronograma electoral en Venezuela","datePublished":"2019-11-14T13:02:37+00:00","dateModified":"2019-11-14T13:02:38+00:00","mainEntityOfPage":{"@id":"https:\/\/www.mpppst.gob.ve\/mpppstweb\/index.php\/2019\/11\/14\/nombran-comision-para-plantear-cronograma-electoral-en-venezuela\/"},"wordCount":243,"publisher":{"@id":"https:\/\/www.mpppst.gob.ve\/mpppstweb\/#organization"},"image":{"@id":"https:\/\/www.mpppst.gob.ve\/mpppstweb\/index.php\/2019\/11\/14\/nombran-comision-para-plantear-cronograma-electoral-en-venezuela\/#primaryimage"},"thumbnailUrl":"https:\/\/www.mpppst.gob.ve\/mpppstweb\/wp-content\/uploads\/2019\/11\/cne-compressor.jpg_1718483347.jpg","keywords":["ANC","Nicol\u00e1s Maduro","PSUV"],"articleSection":["Gobierno Nacional","Noticias"],"inLanguage":"es"},{"@type":"WebPage","@id":"https:\/\/www.mpppst.gob.ve\/mpppstweb\/index.php\/2019\/11\/14\/nombran-comision-para-plantear-cronograma-electoral-en-venezuela\/","url":"https:\/\/www.mpppst.gob.ve\/mpppstweb\/index.php\/2019\/11\/14\/nombran-comision-para-plantear-cronograma-electoral-en-venezuela\/","name":"Nombran comisi\u00f3n para plantear cronograma electoral en Venezuela - MPPPST","isPartOf":{"@id":"https:\/\/www.mpppst.gob.ve\/mpppstweb\/#website"},"primaryImageOfPage":{"@id":"https:\/\/www.mpppst.gob.ve\/mpppstweb\/index.php\/2019\/11\/14\/nombran-comision-para-plantear-cronograma-electoral-en-venezuela\/#primaryimage"},"image":{"@id":"https:\/\/www.mpppst.gob.ve\/mpppstweb\/index.php\/2019\/11\/14\/nombran-comision-para-plantear-cronograma-electoral-en-venezuela\/#primaryimage"},"thumbnailUrl":"https:\/\/www.mpppst.gob.ve\/mpppstweb\/wp-content\/uploads\/2019\/11\/cne-compressor.jpg_1718483347.jpg","datePublished":"2019-11-14T13:02:37+00:00","dateModified":"2019-11-14T13:02:38+00:00","breadcrumb":{"@id":"https:\/\/www.mpppst.gob.ve\/mpppstweb\/index.php\/2019\/11\/14\/nombran-comision-para-plantear-cronograma-electoral-en-venezuela\/#breadcrumb"},"inLanguage":"es","potentialAction":[{"@type":"ReadAction","target":["https:\/\/www.mpppst.gob.ve\/mpppstweb\/index.php\/2019\/11\/14\/nombran-comision-para-plantear-cronograma-electoral-en-venezuela\/"]}]},{"@type":"ImageObject","inLanguage":"es","@id":"https:\/\/www.mpppst.gob.ve\/mpppstweb\/index.php\/2019\/11\/14\/nombran-comision-para-plantear-cronograma-electoral-en-venezuela\/#primaryimage","url":"https:\/\/www.mpppst.gob.ve\/mpppstweb\/wp-content\/uploads\/2019\/11\/cne-compressor.jpg_1718483347.jpg","contentUrl":"https:\/\/www.mpppst.gob.ve\/mpppstweb\/wp-content\/uploads\/2019\/11\/cne-compressor.jpg_1718483347.jpg","width":600,"height":338},{"@type":"BreadcrumbList","@id":"https:\/\/www.mpppst.gob.ve\/mpppstweb\/index.php\/2019\/11\/14\/nombran-comision-para-plantear-cronograma-electoral-en-venezuela\/#breadcrumb","itemListElement":[{"@type":"ListItem","position":1,"name":"Home","item":"https:\/\/www.mpppst.gob.ve\/mpppstweb\/"},{"@type":"ListItem","position":2,"name":"Nombran comisi\u00f3n para plantear cronograma electoral en Venezuela"}]},{"@type":"WebSite","@id":"https:\/\/www.mpppst.gob.ve\/mpppstweb\/#website","url":"https:\/\/www.mpppst.gob.ve\/mpppstweb\/","name":"MPPPST","description":"Sitio web oficial del Ministerio del Poder Popular para el Proceso Social de Trabajo","publisher":{"@id":"https:\/\/www.mpppst.gob.ve\/mpppstweb\/#organization"},"alternateName":"Ministerio del Poder Popular para el Proceso Social de Trabajo","potentialAction":[{"@type":"SearchAction","target":{"@type":"EntryPoint","urlTemplate":"https:\/\/www.mpppst.gob.ve\/mpppstweb\/?s={search_term_string}"},"query-input":{"@type":"PropertyValueSpecification","valueRequired":true,"valueName":"search_term_string"}}],"inLanguage":"es"},{"@type":"Organization","@id":"https:\/\/www.mpppst.gob.ve\/mpppstweb\/#organization","name":"Ministerio del Poder Popular para el Proceso Social de Trabajo","alternateName":"MPPPST","url":"https:\/\/www.mpppst.gob.ve\/mpppstweb\/","logo":{"@type":"ImageObject","inLanguage":"es","@id":"https:\/\/www.mpppst.gob.ve\/mpppstweb\/#\/schema\/logo\/image\/","url":"https:\/\/www.mpppst.gob.ve\/mpppstweb\/wp-content\/uploads\/2025\/07\/cropped-cropped-g910.png","contentUrl":"https:\/\/www.mpppst.gob.ve\/mpppstweb\/wp-content\/uploads\/2025\/07\/cropped-cropped-g910.png","width":1080,"height":241,"caption":"Ministerio del Poder Popular para el Proceso Social de Trabajo"},"image":{"@id":"https:\/\/www.mpppst.gob.ve\/mpppstweb\/#\/schema\/logo\/image\/"},"sameAs":["https:\/\/www.facebook.com\/mintrabajo_ve","https:\/\/www.instagram.com\/mintrabajo_ve\/","https:\/\/www.tiktok.com\/@mintrabajo_ve","https:\/\/t.me\/mpppst"]},{"@type":"Person","@id":"https:\/\/www.mpppst.gob.ve\/mpppstweb\/#\/schema\/person\/fc187ee8ead412bd4c9304b62f900ea4","name":"MPPPST Prensa","url":"https:\/\/www.mpppst.gob.ve\/mpppstweb\/index.php\/author\/prensa-mpppst\/"}]}},"_links":{"self":[{"href":"https:\/\/www.mpppst.gob.ve\/mpppstweb\/index.php\/wp-json\/wp\/v2\/posts\/16813","targetHints":{"allow":["GET"]}}],"collection":[{"href":"https:\/\/www.mpppst.gob.ve\/mpppstweb\/index.php\/wp-json\/wp\/v2\/posts"}],"about":[{"href":"https:\/\/www.mpppst.gob.ve\/mpppstweb\/index.php\/wp-json\/wp\/v2\/types\/post"}],"author":[{"embeddable":true,"href":"https:\/\/www.mpppst.gob.ve\/mpppstweb\/index.php\/wp-json\/wp\/v2\/users\/25"}],"replies":[{"embeddable":true,"href":"https:\/\/www.mpppst.gob.ve\/mpppstweb\/index.php\/wp-json\/wp\/v2\/comments?post=16813"}],"version-history":[{"count":1,"href":"https:\/\/www.mpppst.gob.ve\/mpppstweb\/index.php\/wp-json\/wp\/v2\/posts\/16813\/revisions"}],"predecessor-version":[{"id":16815,"href":"https:\/\/www.mpppst.gob.ve\/mpppstweb\/index.php\/wp-json\/wp\/v2\/posts\/16813\/revisions\/16815"}],"wp:featuredmedia":[{"embeddable":true,"href":"https:\/\/www.mpppst.gob.ve\/mpppstweb\/index.php\/wp-json\/wp\/v2\/media\/16814"}],"wp:attachment":[{"href":"https:\/\/www.mpppst.gob.ve\/mpppstweb\/index.php\/wp-json\/wp\/v2\/media?parent=16813"}],"wp:term":[{"taxonomy":"category","embeddable":true,"href":"https:\/\/www.mpppst.gob.ve\/mpppstweb\/index.php\/wp-json\/wp\/v2\/categories?post=16813"},{"taxonomy":"post_tag","embeddable":true,"href":"https:\/\/www.mpppst.gob.ve\/mpppstweb\/index.php\/wp-json\/wp\/v2\/tags?post=16813"}],"curies":[{"name":"wp","href":"https:\/\/api.w.org\/{rel}","templated":true}]}}