{"id":16875,"date":"2019-11-19T08:59:15","date_gmt":"2019-11-19T12:59:15","guid":{"rendered":"http:\/\/www.mpppst.gob.ve\/mpppstweb\/?p=16875"},"modified":"2019-11-19T09:04:27","modified_gmt":"2019-11-19T13:04:27","slug":"presidente-maduro-se-reunio-con-mesa-de-dialogo-nacional-para-fortalecer-acuerdos-de-paz","status":"publish","type":"post","link":"https:\/\/www.mpppst.gob.ve\/mpppstweb\/index.php\/2019\/11\/19\/presidente-maduro-se-reunio-con-mesa-de-dialogo-nacional-para-fortalecer-acuerdos-de-paz\/","title":{"rendered":"Presidente Maduro se reuni\u00f3 con Mesa de Di\u00e1logo Nacional para fortalecer acuerdos de paz"},"content":{"rendered":"\n<p class=\"wp-block-paragraph\">El presidente de la Rep\u00fablica Bolivariana de Venezuela,&nbsp;<strong>Nicol\u00e1s Maduro&nbsp;<\/strong>sostuvo una reuni\u00f3n con los integrantes de la Mesa de Di\u00e1logo Nacional para fortalecer acuerdos pac\u00edficos.<\/p>\n\n\n\n<p class=\"wp-block-paragraph\">Asimismo, este encuentro fue perpetuado en el&nbsp;<strong>Palacio de Miraflores en Caracas<\/strong>&nbsp;en donde estuvieron presente la vicepresidenta de la Rep\u00fablica,&nbsp;<strong>Delcy Rodr\u00edguez;<\/strong>&nbsp;los ministros de Comunicaci\u00f3n e Informaci\u00f3n,<strong>&nbsp;Jorge Rodr\u00edguez,&nbsp;<\/strong>y de Educaci\u00f3n,&nbsp;<strong>Arist\u00f3bulo Ist\u00fariz<\/strong>; de igual manera, el jefe de la fracci\u00f3n parlamentaria del Bloque de la Patria,&nbsp;<strong>Francisco Torrealba.<\/strong><\/p>\n\n\n\n<p class=\"wp-block-paragraph\">Del mismo modo, estuvieron presentes por parte de la oposici\u00f3n democr\u00e1tica<strong>&nbsp;Javier Bertucci&nbsp;<\/strong>(Esperanza por el Cambio);<strong>&nbsp;Felipe Mujica<\/strong>&nbsp;(Movimiento Al Socialismo);&nbsp;<strong>Claudio Ferm\u00edn<\/strong>&nbsp;(Soluciones para Venezuela) y&nbsp;<strong>Timoteo Zambrano<\/strong>&nbsp;(Cambiemos Movimiento Ciudadano).<\/p>\n\n\n\n<p class=\"wp-block-paragraph\">Por su parte,&nbsp;<strong>Claudio Ferm\u00edn&nbsp;<\/strong>destac\u00f3 que durante el encuentro se han abordado temas fundamentales como la conformaci\u00f3n de la nueva junta del Consejo Nacional Electoral y detall\u00f3 que se estar\u00e1n recibiendo los candidatos para la postulaci\u00f3n.<\/p>\n\n\n\n<p class=\"wp-block-paragraph\">Se\u00f1al\u00f3 que la Mesa de Dialogo realizar\u00e1 un conjunto de acciones con organismos internacionales con el fin de dar a conocer lo que ha pasado en las reuniones. \u201cNosotros no queremos injerencia, queremos que no se subestime la capacidad de ponernos de acuerdo a pesar de las diferencias que tengamos\u201d, dijo.<\/p>\n\n\n\n<p class=\"wp-block-paragraph\">Por otro lado, el ministro\u00a0<strong>Jorge Rodr\u00edguez<\/strong>\u00a0resalt\u00f3 que las propuestas del sector opositor fueron acogidas por el Ejecutivo Nacional para llegar de esta manera a un acuerdo mutuo y pac\u00edfico.<\/p>\n\n\n\n<p class=\"wp-block-paragraph\">Prensa web YVKE<\/p>\n","protected":false},"excerpt":{"rendered":"<p>El presidente de la Rep\u00fablica Bolivariana de Venezuela,&nbsp;Nicol\u00e1s Maduro&nbsp;sostuvo una reuni\u00f3n con los integrantes de la &hellip; <a title=\"Presidente Maduro se reuni\u00f3 con Mesa de Di\u00e1logo Nacional para fortalecer acuerdos de paz\" class=\"hm-read-more\" href=\"https:\/\/www.mpppst.gob.ve\/mpppstweb\/index.php\/2019\/11\/19\/presidente-maduro-se-reunio-con-mesa-de-dialogo-nacional-para-fortalecer-acuerdos-de-paz\/\"><span class=\"screen-reader-text\">Presidente Maduro se reuni\u00f3 con Mesa de Di\u00e1logo Nacional para fortalecer acuerdos de paz<\/span>Leer m\u00e1s<\/a><\/p>\n","protected":false},"author":25,"featured_media":16879,"comment_status":"closed","ping_status":"closed","sticky":false,"template":"","format":"standard","meta":{"footnotes":""},"categories":[82,163],"tags":[341],"class_list":["post-16875","post","type-post","status-publish","format-standard","has-post-thumbnail","hentry","category-gobierno-nacional","category-noticias","tag-nicolas-maduro"],"yoast_head":"<!-- This site is optimized with the Yoast SEO plugin v28.4 - https:\/\/yoast.com\/product\/yoast-seo-wordpress\/ -->\n<title>Presidente Maduro se reuni\u00f3 con Mesa de Di\u00e1logo Nacional para fortalecer acuerdos de paz - MPPPST<\/title>\n<meta name=\"robots\" content=\"index, follow, max-snippet:-1, max-image-preview:large, max-video-preview:-1\" \/>\n<link rel=\"canonical\" href=\"https:\/\/www.mpppst.gob.ve\/mpppstweb\/index.php\/2019\/11\/19\/presidente-maduro-se-reunio-con-mesa-de-dialogo-nacional-para-fortalecer-acuerdos-de-paz\/\" \/>\n<meta property=\"og:locale\" content=\"es_ES\" \/>\n<meta property=\"og:type\" content=\"article\" \/>\n<meta property=\"og:title\" content=\"Presidente Maduro se reuni\u00f3 con Mesa de Di\u00e1logo Nacional para fortalecer acuerdos de paz - MPPPST\" \/>\n<meta property=\"og:description\" content=\"El presidente de la Rep\u00fablica Bolivariana de Venezuela,&nbsp;Nicol\u00e1s Maduro&nbsp;sostuvo una reuni\u00f3n con los integrantes de la &hellip; Presidente Maduro se reuni\u00f3 con Mesa de Di\u00e1logo Nacional para fortalecer acuerdos de pazLeer m\u00e1s\" \/>\n<meta property=\"og:url\" content=\"https:\/\/www.mpppst.gob.ve\/mpppstweb\/index.php\/2019\/11\/19\/presidente-maduro-se-reunio-con-mesa-de-dialogo-nacional-para-fortalecer-acuerdos-de-paz\/\" \/>\n<meta property=\"og:site_name\" content=\"MPPPST\" \/>\n<meta property=\"article:publisher\" content=\"https:\/\/www.facebook.com\/mintrabajo_ve\" \/>\n<meta property=\"article:published_time\" content=\"2019-11-19T12:59:15+00:00\" \/>\n<meta property=\"article:modified_time\" content=\"2019-11-19T13:04:27+00:00\" \/>\n<meta property=\"og:image\" content=\"https:\/\/www.mpppst.gob.ve\/mpppstweb\/wp-content\/uploads\/2019\/11\/dialogo-1.jpg\" \/>\n\t<meta property=\"og:image:width\" content=\"900\" \/>\n\t<meta property=\"og:image:height\" content=\"600\" \/>\n\t<meta property=\"og:image:type\" content=\"image\/jpeg\" \/>\n<meta name=\"author\" content=\"MPPPST Prensa\" \/>\n<meta name=\"twitter:card\" content=\"summary_large_image\" \/>\n<script type=\"application\/ld+json\" class=\"yoast-schema-graph\">{\"@context\":\"https:\\\/\\\/schema.org\",\"@graph\":[{\"@type\":\"Article\",\"@id\":\"https:\\\/\\\/www.mpppst.gob.ve\\\/mpppstweb\\\/index.php\\\/2019\\\/11\\\/19\\\/presidente-maduro-se-reunio-con-mesa-de-dialogo-nacional-para-fortalecer-acuerdos-de-paz\\\/#article\",\"isPartOf\":{\"@id\":\"https:\\\/\\\/www.mpppst.gob.ve\\\/mpppstweb\\\/index.php\\\/2019\\\/11\\\/19\\\/presidente-maduro-se-reunio-con-mesa-de-dialogo-nacional-para-fortalecer-acuerdos-de-paz\\\/\"},\"author\":{\"name\":\"MPPPST Prensa\",\"@id\":\"https:\\\/\\\/www.mpppst.gob.ve\\\/mpppstweb\\\/#\\\/schema\\\/person\\\/fc187ee8ead412bd4c9304b62f900ea4\"},\"headline\":\"Presidente Maduro se reuni\u00f3 con Mesa de Di\u00e1logo Nacional para fortalecer acuerdos de paz\",\"datePublished\":\"2019-11-19T12:59:15+00:00\",\"dateModified\":\"2019-11-19T13:04:27+00:00\",\"mainEntityOfPage\":{\"@id\":\"https:\\\/\\\/www.mpppst.gob.ve\\\/mpppstweb\\\/index.php\\\/2019\\\/11\\\/19\\\/presidente-maduro-se-reunio-con-mesa-de-dialogo-nacional-para-fortalecer-acuerdos-de-paz\\\/\"},\"wordCount\":292,\"publisher\":{\"@id\":\"https:\\\/\\\/www.mpppst.gob.ve\\\/mpppstweb\\\/#organization\"},\"image\":{\"@id\":\"https:\\\/\\\/www.mpppst.gob.ve\\\/mpppstweb\\\/index.php\\\/2019\\\/11\\\/19\\\/presidente-maduro-se-reunio-con-mesa-de-dialogo-nacional-para-fortalecer-acuerdos-de-paz\\\/#primaryimage\"},\"thumbnailUrl\":\"https:\\\/\\\/www.mpppst.gob.ve\\\/mpppstweb\\\/wp-content\\\/uploads\\\/2019\\\/11\\\/dialogo-1.jpg\",\"keywords\":[\"Nicol\u00e1s Maduro\"],\"articleSection\":[\"Gobierno Nacional\",\"Noticias\"],\"inLanguage\":\"es\"},{\"@type\":\"WebPage\",\"@id\":\"https:\\\/\\\/www.mpppst.gob.ve\\\/mpppstweb\\\/index.php\\\/2019\\\/11\\\/19\\\/presidente-maduro-se-reunio-con-mesa-de-dialogo-nacional-para-fortalecer-acuerdos-de-paz\\\/\",\"url\":\"https:\\\/\\\/www.mpppst.gob.ve\\\/mpppstweb\\\/index.php\\\/2019\\\/11\\\/19\\\/presidente-maduro-se-reunio-con-mesa-de-dialogo-nacional-para-fortalecer-acuerdos-de-paz\\\/\",\"name\":\"Presidente Maduro se reuni\u00f3 con Mesa de Di\u00e1logo Nacional para fortalecer acuerdos de paz - MPPPST\",\"isPartOf\":{\"@id\":\"https:\\\/\\\/www.mpppst.gob.ve\\\/mpppstweb\\\/#website\"},\"primaryImageOfPage\":{\"@id\":\"https:\\\/\\\/www.mpppst.gob.ve\\\/mpppstweb\\\/index.php\\\/2019\\\/11\\\/19\\\/presidente-maduro-se-reunio-con-mesa-de-dialogo-nacional-para-fortalecer-acuerdos-de-paz\\\/#primaryimage\"},\"image\":{\"@id\":\"https:\\\/\\\/www.mpppst.gob.ve\\\/mpppstweb\\\/index.php\\\/2019\\\/11\\\/19\\\/presidente-maduro-se-reunio-con-mesa-de-dialogo-nacional-para-fortalecer-acuerdos-de-paz\\\/#primaryimage\"},\"thumbnailUrl\":\"https:\\\/\\\/www.mpppst.gob.ve\\\/mpppstweb\\\/wp-content\\\/uploads\\\/2019\\\/11\\\/dialogo-1.jpg\",\"datePublished\":\"2019-11-19T12:59:15+00:00\",\"dateModified\":\"2019-11-19T13:04:27+00:00\",\"breadcrumb\":{\"@id\":\"https:\\\/\\\/www.mpppst.gob.ve\\\/mpppstweb\\\/index.php\\\/2019\\\/11\\\/19\\\/presidente-maduro-se-reunio-con-mesa-de-dialogo-nacional-para-fortalecer-acuerdos-de-paz\\\/#breadcrumb\"},\"inLanguage\":\"es\",\"potentialAction\":[{\"@type\":\"ReadAction\",\"target\":[\"https:\\\/\\\/www.mpppst.gob.ve\\\/mpppstweb\\\/index.php\\\/2019\\\/11\\\/19\\\/presidente-maduro-se-reunio-con-mesa-de-dialogo-nacional-para-fortalecer-acuerdos-de-paz\\\/\"]}]},{\"@type\":\"ImageObject\",\"inLanguage\":\"es\",\"@id\":\"https:\\\/\\\/www.mpppst.gob.ve\\\/mpppstweb\\\/index.php\\\/2019\\\/11\\\/19\\\/presidente-maduro-se-reunio-con-mesa-de-dialogo-nacional-para-fortalecer-acuerdos-de-paz\\\/#primaryimage\",\"url\":\"https:\\\/\\\/www.mpppst.gob.ve\\\/mpppstweb\\\/wp-content\\\/uploads\\\/2019\\\/11\\\/dialogo-1.jpg\",\"contentUrl\":\"https:\\\/\\\/www.mpppst.gob.ve\\\/mpppstweb\\\/wp-content\\\/uploads\\\/2019\\\/11\\\/dialogo-1.jpg\",\"width\":900,\"height\":600},{\"@type\":\"BreadcrumbList\",\"@id\":\"https:\\\/\\\/www.mpppst.gob.ve\\\/mpppstweb\\\/index.php\\\/2019\\\/11\\\/19\\\/presidente-maduro-se-reunio-con-mesa-de-dialogo-nacional-para-fortalecer-acuerdos-de-paz\\\/#breadcrumb\",\"itemListElement\":[{\"@type\":\"ListItem\",\"position\":1,\"name\":\"Home\",\"item\":\"https:\\\/\\\/www.mpppst.gob.ve\\\/mpppstweb\\\/\"},{\"@type\":\"ListItem\",\"position\":2,\"name\":\"Presidente Maduro se reuni\u00f3 con Mesa de Di\u00e1logo Nacional para fortalecer acuerdos de paz\"}]},{\"@type\":\"WebSite\",\"@id\":\"https:\\\/\\\/www.mpppst.gob.ve\\\/mpppstweb\\\/#website\",\"url\":\"https:\\\/\\\/www.mpppst.gob.ve\\\/mpppstweb\\\/\",\"name\":\"MPPPST\",\"description\":\"Sitio web oficial del Ministerio del Poder Popular para el Proceso Social de Trabajo\",\"publisher\":{\"@id\":\"https:\\\/\\\/www.mpppst.gob.ve\\\/mpppstweb\\\/#organization\"},\"alternateName\":\"Ministerio del Poder Popular para el Proceso Social de Trabajo\",\"potentialAction\":[{\"@type\":\"SearchAction\",\"target\":{\"@type\":\"EntryPoint\",\"urlTemplate\":\"https:\\\/\\\/www.mpppst.gob.ve\\\/mpppstweb\\\/?s={search_term_string}\"},\"query-input\":{\"@type\":\"PropertyValueSpecification\",\"valueRequired\":true,\"valueName\":\"search_term_string\"}}],\"inLanguage\":\"es\"},{\"@type\":\"Organization\",\"@id\":\"https:\\\/\\\/www.mpppst.gob.ve\\\/mpppstweb\\\/#organization\",\"name\":\"Ministerio del Poder Popular para el Proceso Social de Trabajo\",\"alternateName\":\"MPPPST\",\"url\":\"https:\\\/\\\/www.mpppst.gob.ve\\\/mpppstweb\\\/\",\"logo\":{\"@type\":\"ImageObject\",\"inLanguage\":\"es\",\"@id\":\"https:\\\/\\\/www.mpppst.gob.ve\\\/mpppstweb\\\/#\\\/schema\\\/logo\\\/image\\\/\",\"url\":\"https:\\\/\\\/www.mpppst.gob.ve\\\/mpppstweb\\\/wp-content\\\/uploads\\\/2025\\\/07\\\/cropped-cropped-g910.png\",\"contentUrl\":\"https:\\\/\\\/www.mpppst.gob.ve\\\/mpppstweb\\\/wp-content\\\/uploads\\\/2025\\\/07\\\/cropped-cropped-g910.png\",\"width\":1080,\"height\":241,\"caption\":\"Ministerio del Poder Popular para el Proceso Social de Trabajo\"},\"image\":{\"@id\":\"https:\\\/\\\/www.mpppst.gob.ve\\\/mpppstweb\\\/#\\\/schema\\\/logo\\\/image\\\/\"},\"sameAs\":[\"https:\\\/\\\/www.facebook.com\\\/mintrabajo_ve\",\"https:\\\/\\\/www.instagram.com\\\/mintrabajo_ve\\\/\",\"https:\\\/\\\/www.tiktok.com\\\/@mintrabajo_ve\",\"https:\\\/\\\/t.me\\\/mpppst\"]},{\"@type\":\"Person\",\"@id\":\"https:\\\/\\\/www.mpppst.gob.ve\\\/mpppstweb\\\/#\\\/schema\\\/person\\\/fc187ee8ead412bd4c9304b62f900ea4\",\"name\":\"MPPPST Prensa\",\"url\":\"https:\\\/\\\/www.mpppst.gob.ve\\\/mpppstweb\\\/index.php\\\/author\\\/prensa-mpppst\\\/\"}]}<\/script>\n<!-- \/ Yoast SEO plugin. -->","yoast_head_json":{"title":"Presidente Maduro se reuni\u00f3 con Mesa de Di\u00e1logo Nacional para fortalecer acuerdos de paz - MPPPST","robots":{"index":"index","follow":"follow","max-snippet":"max-snippet:-1","max-image-preview":"max-image-preview:large","max-video-preview":"max-video-preview:-1"},"canonical":"https:\/\/www.mpppst.gob.ve\/mpppstweb\/index.php\/2019\/11\/19\/presidente-maduro-se-reunio-con-mesa-de-dialogo-nacional-para-fortalecer-acuerdos-de-paz\/","og_locale":"es_ES","og_type":"article","og_title":"Presidente Maduro se reuni\u00f3 con Mesa de Di\u00e1logo Nacional para fortalecer acuerdos de paz - MPPPST","og_description":"El presidente de la Rep\u00fablica Bolivariana de Venezuela,&nbsp;Nicol\u00e1s Maduro&nbsp;sostuvo una reuni\u00f3n con los integrantes de la &hellip; Presidente Maduro se reuni\u00f3 con Mesa de Di\u00e1logo Nacional para fortalecer acuerdos de pazLeer m\u00e1s","og_url":"https:\/\/www.mpppst.gob.ve\/mpppstweb\/index.php\/2019\/11\/19\/presidente-maduro-se-reunio-con-mesa-de-dialogo-nacional-para-fortalecer-acuerdos-de-paz\/","og_site_name":"MPPPST","article_publisher":"https:\/\/www.facebook.com\/mintrabajo_ve","article_published_time":"2019-11-19T12:59:15+00:00","article_modified_time":"2019-11-19T13:04:27+00:00","og_image":[{"width":900,"height":600,"url":"https:\/\/www.mpppst.gob.ve\/mpppstweb\/wp-content\/uploads\/2019\/11\/dialogo-1.jpg","type":"image\/jpeg"}],"author":"MPPPST Prensa","twitter_card":"summary_large_image","schema":{"@context":"https:\/\/schema.org","@graph":[{"@type":"Article","@id":"https:\/\/www.mpppst.gob.ve\/mpppstweb\/index.php\/2019\/11\/19\/presidente-maduro-se-reunio-con-mesa-de-dialogo-nacional-para-fortalecer-acuerdos-de-paz\/#article","isPartOf":{"@id":"https:\/\/www.mpppst.gob.ve\/mpppstweb\/index.php\/2019\/11\/19\/presidente-maduro-se-reunio-con-mesa-de-dialogo-nacional-para-fortalecer-acuerdos-de-paz\/"},"author":{"name":"MPPPST Prensa","@id":"https:\/\/www.mpppst.gob.ve\/mpppstweb\/#\/schema\/person\/fc187ee8ead412bd4c9304b62f900ea4"},"headline":"Presidente Maduro se reuni\u00f3 con Mesa de Di\u00e1logo Nacional para fortalecer acuerdos de paz","datePublished":"2019-11-19T12:59:15+00:00","dateModified":"2019-11-19T13:04:27+00:00","mainEntityOfPage":{"@id":"https:\/\/www.mpppst.gob.ve\/mpppstweb\/index.php\/2019\/11\/19\/presidente-maduro-se-reunio-con-mesa-de-dialogo-nacional-para-fortalecer-acuerdos-de-paz\/"},"wordCount":292,"publisher":{"@id":"https:\/\/www.mpppst.gob.ve\/mpppstweb\/#organization"},"image":{"@id":"https:\/\/www.mpppst.gob.ve\/mpppstweb\/index.php\/2019\/11\/19\/presidente-maduro-se-reunio-con-mesa-de-dialogo-nacional-para-fortalecer-acuerdos-de-paz\/#primaryimage"},"thumbnailUrl":"https:\/\/www.mpppst.gob.ve\/mpppstweb\/wp-content\/uploads\/2019\/11\/dialogo-1.jpg","keywords":["Nicol\u00e1s Maduro"],"articleSection":["Gobierno Nacional","Noticias"],"inLanguage":"es"},{"@type":"WebPage","@id":"https:\/\/www.mpppst.gob.ve\/mpppstweb\/index.php\/2019\/11\/19\/presidente-maduro-se-reunio-con-mesa-de-dialogo-nacional-para-fortalecer-acuerdos-de-paz\/","url":"https:\/\/www.mpppst.gob.ve\/mpppstweb\/index.php\/2019\/11\/19\/presidente-maduro-se-reunio-con-mesa-de-dialogo-nacional-para-fortalecer-acuerdos-de-paz\/","name":"Presidente Maduro se reuni\u00f3 con Mesa de Di\u00e1logo Nacional para fortalecer acuerdos de paz - MPPPST","isPartOf":{"@id":"https:\/\/www.mpppst.gob.ve\/mpppstweb\/#website"},"primaryImageOfPage":{"@id":"https:\/\/www.mpppst.gob.ve\/mpppstweb\/index.php\/2019\/11\/19\/presidente-maduro-se-reunio-con-mesa-de-dialogo-nacional-para-fortalecer-acuerdos-de-paz\/#primaryimage"},"image":{"@id":"https:\/\/www.mpppst.gob.ve\/mpppstweb\/index.php\/2019\/11\/19\/presidente-maduro-se-reunio-con-mesa-de-dialogo-nacional-para-fortalecer-acuerdos-de-paz\/#primaryimage"},"thumbnailUrl":"https:\/\/www.mpppst.gob.ve\/mpppstweb\/wp-content\/uploads\/2019\/11\/dialogo-1.jpg","datePublished":"2019-11-19T12:59:15+00:00","dateModified":"2019-11-19T13:04:27+00:00","breadcrumb":{"@id":"https:\/\/www.mpppst.gob.ve\/mpppstweb\/index.php\/2019\/11\/19\/presidente-maduro-se-reunio-con-mesa-de-dialogo-nacional-para-fortalecer-acuerdos-de-paz\/#breadcrumb"},"inLanguage":"es","potentialAction":[{"@type":"ReadAction","target":["https:\/\/www.mpppst.gob.ve\/mpppstweb\/index.php\/2019\/11\/19\/presidente-maduro-se-reunio-con-mesa-de-dialogo-nacional-para-fortalecer-acuerdos-de-paz\/"]}]},{"@type":"ImageObject","inLanguage":"es","@id":"https:\/\/www.mpppst.gob.ve\/mpppstweb\/index.php\/2019\/11\/19\/presidente-maduro-se-reunio-con-mesa-de-dialogo-nacional-para-fortalecer-acuerdos-de-paz\/#primaryimage","url":"https:\/\/www.mpppst.gob.ve\/mpppstweb\/wp-content\/uploads\/2019\/11\/dialogo-1.jpg","contentUrl":"https:\/\/www.mpppst.gob.ve\/mpppstweb\/wp-content\/uploads\/2019\/11\/dialogo-1.jpg","width":900,"height":600},{"@type":"BreadcrumbList","@id":"https:\/\/www.mpppst.gob.ve\/mpppstweb\/index.php\/2019\/11\/19\/presidente-maduro-se-reunio-con-mesa-de-dialogo-nacional-para-fortalecer-acuerdos-de-paz\/#breadcrumb","itemListElement":[{"@type":"ListItem","position":1,"name":"Home","item":"https:\/\/www.mpppst.gob.ve\/mpppstweb\/"},{"@type":"ListItem","position":2,"name":"Presidente Maduro se reuni\u00f3 con Mesa de Di\u00e1logo Nacional para fortalecer acuerdos de paz"}]},{"@type":"WebSite","@id":"https:\/\/www.mpppst.gob.ve\/mpppstweb\/#website","url":"https:\/\/www.mpppst.gob.ve\/mpppstweb\/","name":"MPPPST","description":"Sitio web oficial del Ministerio del Poder Popular para el Proceso Social de Trabajo","publisher":{"@id":"https:\/\/www.mpppst.gob.ve\/mpppstweb\/#organization"},"alternateName":"Ministerio del Poder Popular para el Proceso Social de Trabajo","potentialAction":[{"@type":"SearchAction","target":{"@type":"EntryPoint","urlTemplate":"https:\/\/www.mpppst.gob.ve\/mpppstweb\/?s={search_term_string}"},"query-input":{"@type":"PropertyValueSpecification","valueRequired":true,"valueName":"search_term_string"}}],"inLanguage":"es"},{"@type":"Organization","@id":"https:\/\/www.mpppst.gob.ve\/mpppstweb\/#organization","name":"Ministerio del Poder Popular para el Proceso Social de Trabajo","alternateName":"MPPPST","url":"https:\/\/www.mpppst.gob.ve\/mpppstweb\/","logo":{"@type":"ImageObject","inLanguage":"es","@id":"https:\/\/www.mpppst.gob.ve\/mpppstweb\/#\/schema\/logo\/image\/","url":"https:\/\/www.mpppst.gob.ve\/mpppstweb\/wp-content\/uploads\/2025\/07\/cropped-cropped-g910.png","contentUrl":"https:\/\/www.mpppst.gob.ve\/mpppstweb\/wp-content\/uploads\/2025\/07\/cropped-cropped-g910.png","width":1080,"height":241,"caption":"Ministerio del Poder Popular para el Proceso Social de Trabajo"},"image":{"@id":"https:\/\/www.mpppst.gob.ve\/mpppstweb\/#\/schema\/logo\/image\/"},"sameAs":["https:\/\/www.facebook.com\/mintrabajo_ve","https:\/\/www.instagram.com\/mintrabajo_ve\/","https:\/\/www.tiktok.com\/@mintrabajo_ve","https:\/\/t.me\/mpppst"]},{"@type":"Person","@id":"https:\/\/www.mpppst.gob.ve\/mpppstweb\/#\/schema\/person\/fc187ee8ead412bd4c9304b62f900ea4","name":"MPPPST Prensa","url":"https:\/\/www.mpppst.gob.ve\/mpppstweb\/index.php\/author\/prensa-mpppst\/"}]}},"_links":{"self":[{"href":"https:\/\/www.mpppst.gob.ve\/mpppstweb\/index.php\/wp-json\/wp\/v2\/posts\/16875","targetHints":{"allow":["GET"]}}],"collection":[{"href":"https:\/\/www.mpppst.gob.ve\/mpppstweb\/index.php\/wp-json\/wp\/v2\/posts"}],"about":[{"href":"https:\/\/www.mpppst.gob.ve\/mpppstweb\/index.php\/wp-json\/wp\/v2\/types\/post"}],"author":[{"embeddable":true,"href":"https:\/\/www.mpppst.gob.ve\/mpppstweb\/index.php\/wp-json\/wp\/v2\/users\/25"}],"replies":[{"embeddable":true,"href":"https:\/\/www.mpppst.gob.ve\/mpppstweb\/index.php\/wp-json\/wp\/v2\/comments?post=16875"}],"version-history":[{"count":2,"href":"https:\/\/www.mpppst.gob.ve\/mpppstweb\/index.php\/wp-json\/wp\/v2\/posts\/16875\/revisions"}],"predecessor-version":[{"id":16880,"href":"https:\/\/www.mpppst.gob.ve\/mpppstweb\/index.php\/wp-json\/wp\/v2\/posts\/16875\/revisions\/16880"}],"wp:featuredmedia":[{"embeddable":true,"href":"https:\/\/www.mpppst.gob.ve\/mpppstweb\/index.php\/wp-json\/wp\/v2\/media\/16879"}],"wp:attachment":[{"href":"https:\/\/www.mpppst.gob.ve\/mpppstweb\/index.php\/wp-json\/wp\/v2\/media?parent=16875"}],"wp:term":[{"taxonomy":"category","embeddable":true,"href":"https:\/\/www.mpppst.gob.ve\/mpppstweb\/index.php\/wp-json\/wp\/v2\/categories?post=16875"},{"taxonomy":"post_tag","embeddable":true,"href":"https:\/\/www.mpppst.gob.ve\/mpppstweb\/index.php\/wp-json\/wp\/v2\/tags?post=16875"}],"curies":[{"name":"wp","href":"https:\/\/api.w.org\/{rel}","templated":true}]}}