{"id":17013,"date":"2019-11-28T09:22:07","date_gmt":"2019-11-28T13:22:07","guid":{"rendered":"http:\/\/www.mpppst.gob.ve\/mpppstweb\/?p=17013"},"modified":"2019-11-28T09:22:09","modified_gmt":"2019-11-28T13:22:09","slug":"presidente-maduro-encabeza-acto-del-99-aniversario-de-la-aviacion-militar-bolivariana","status":"publish","type":"post","link":"https:\/\/www.mpppst.gob.ve\/mpppstweb\/index.php\/2019\/11\/28\/presidente-maduro-encabeza-acto-del-99-aniversario-de-la-aviacion-militar-bolivariana\/","title":{"rendered":"Presidente Maduro encabeza acto del 99\u00b0 Aniversario de la Aviaci\u00f3n Militar Bolivariana"},"content":{"rendered":"\n<p class=\"wp-block-paragraph\"><strong>Base A\u00e9rea \u00abTte. Luis del Valle Garc\u00eda\u00bb, Barcelona.-<\/strong>\u00a0El comandante en Jefe de la Fuerza Armada Nacional Bolivariana (FANB) y presidente de la Rep\u00fablica Bolivariana de Venezuela, <strong>Nicol\u00e1s Maduro<\/strong>, encabeza este mi\u00e9rcoles acto del 99\u00b0 Aniversario de la <strong>Aviaci\u00f3n Militar Bolivariana<\/strong> y 27\u00b0 Aniversario de la Rebeli\u00f3n C\u00edvico-Militar del 27 de Noviembre del a\u00f1o 1992.<\/p>\n\n\n\n<p class=\"wp-block-paragraph\">A primeras horas del d\u00eda, el jefe de Estado venezolano expres\u00f3 su acompa\u00f1amiento a los hombres y mujeres de la aviaci\u00f3n, a trav\u00e9s de su cuenta de la red social de Twitter Nicol\u00e1s Maduro. \u201cFelicito en su d\u00eda a los hombres y mujeres de la <strong>Aviaci\u00f3n de la FANB<\/strong>. Celosos guardianes de nuestro cielo que ante cada agresi\u00f3n y ataque imperial han respondido con m\u00e1s fuerza y moral. \u00a1Caballeros del Aire! Sigamos firmes en defensa del esp\u00edritu rebelde de la Rebeli\u00f3n Popular de 1992\u201d, expres\u00f3.<\/p>\n\n\n\n<p class=\"wp-block-paragraph\">En esta jornada, se prev\u00e9 que el Dignatario venezolano se desplace hacia un Simulador del Sistema Sukhoi 30 MK2 a fin de realizar la inauguraci\u00f3n y despeje de Cinta del Simulador del Sistema Sukhoi 30 MK2.<\/p>\n\n\n\n<p class=\"wp-block-paragraph\">A este se estima que ingrese acompa\u00f1ado de las autoridades militares presentes y dos pilotos cumplir\u00e1n una misi\u00f3n de vuelo en dicho simulador en un tiempo aproximado de 3 minutos.<\/p>\n\n\n\n<p class=\"wp-block-paragraph\">En esta jornada el Mandatario nacional est\u00e1 acompa\u00f1ado por la Primera Combatiente de la Rep\u00fablica, Cilia Flores; el ministro de Comunicaci\u00f3n y la Informaci\u00f3n, Jorge Rodr\u00edguez; del Despacho de la Presidencia, Jorge M\u00e1rquez; de la Defensa, GJ Vladimir Padrino L\u00f3pez; y el Comandante Estrat\u00e9gico Operacional, AJ Remigio Ceballos Ichaso.<\/p>\n\n\n\n<p class=\"wp-block-paragraph\">Tambi\u00e9n asisten el GJ Jes\u00fas Su\u00e1rez Chourio, Jefe de Edo. Mayor de la Comandancia en Jefe; el MG Pedro Juliac Lart\u00edguez, Comandante General de la <strong>Aviaci\u00f3n Militar Bolivariana<\/strong>; MG C\u00e9sar M\u00e9ndez L\u00f3pez, Comandante de la Redi Oriental; GD Jes\u00fas Ram\u00edrez Molina, Comandante de la ZODI Anzo\u00e1tegui; y el GB Royman Hern\u00e1ndez, Comandante de la Base A\u00e9rea.<\/p>\n\n\n\n<p class=\"wp-block-paragraph\">En este acto tambi\u00e9n se llevar\u00e1 a cabo la imposici\u00f3n de condecoraciones a los estandartes de tres unidades de la <strong>Aviaci\u00f3n Militar Bolivariana<\/strong>: Grupo A\u00e9reo de Caza N\u00b011, Grupo A\u00e9reo de Caza N\u00b013 y Centro de Mantenimiento Aeron\u00e1utico de Oriente.<\/p>\n\n\n\n<p class=\"wp-block-paragraph\">De igual modo, se prev\u00e9 la entrega de un presente institucional al presidente <strong>Nicol\u00e1s Maduro<\/strong>\u00a0 por parte del Alf\u00e9rez Mayor Carlos Montilla de la Academia Militar de la <strong>Aviaci\u00f3n Bolivariana <\/strong>y la Alf\u00e9rez Mayor Joedni Rivas de la Academia T\u00e9cnica Militar de la Aviaci\u00f3n Bolivariana.<\/p>\n\n\n\n<p class=\"wp-block-paragraph\"><strong>La\u00a0Aviaci\u00f3n Militar Bolivariana<\/strong>\u00a0(AMB), es uno de los cinco componentes de la<strong>\u00a0Fuerza Armada Nacional Bolivariana<\/strong>, cuyo objetivo son resguardar el espacio a\u00e9reo de\u00a0Venezuela, contribuir al mantenimiento del orden interno, participar activamente en el desarrollo del pa\u00eds y garantizar la integridad territorial y la soberan\u00eda de la Naci\u00f3n.<\/p>\n\n\n\n<p class=\"wp-block-paragraph\">Prensa Presidencial<\/p>\n","protected":false},"excerpt":{"rendered":"<p>Base A\u00e9rea \u00abTte. Luis del Valle Garc\u00eda\u00bb, Barcelona.-\u00a0El comandante en Jefe de la Fuerza Armada Nacional &hellip; <a title=\"Presidente Maduro encabeza acto del 99\u00b0 Aniversario de la Aviaci\u00f3n Militar Bolivariana\" class=\"hm-read-more\" href=\"https:\/\/www.mpppst.gob.ve\/mpppstweb\/index.php\/2019\/11\/28\/presidente-maduro-encabeza-acto-del-99-aniversario-de-la-aviacion-militar-bolivariana\/\"><span class=\"screen-reader-text\">Presidente Maduro encabeza acto del 99\u00b0 Aniversario de la Aviaci\u00f3n Militar Bolivariana<\/span>Leer m\u00e1s<\/a><\/p>\n","protected":false},"author":25,"featured_media":17014,"comment_status":"closed","ping_status":"closed","sticky":false,"template":"","format":"standard","meta":{"footnotes":""},"categories":[82,163],"tags":[294,222,341],"class_list":["post-17013","post","type-post","status-publish","format-standard","has-post-thumbnail","hentry","category-gobierno-nacional","category-noticias","tag-fanb","tag-gobierno-bolivariano","tag-nicolas-maduro"],"yoast_head":"<!-- This site is optimized with the Yoast SEO plugin v28.4 - https:\/\/yoast.com\/product\/yoast-seo-wordpress\/ -->\n<title>Presidente Maduro encabeza acto del 99\u00b0 Aniversario de la Aviaci\u00f3n Militar Bolivariana - MPPPST<\/title>\n<meta name=\"robots\" content=\"index, follow, max-snippet:-1, max-image-preview:large, max-video-preview:-1\" \/>\n<link rel=\"canonical\" href=\"https:\/\/www.mpppst.gob.ve\/mpppstweb\/index.php\/2019\/11\/28\/presidente-maduro-encabeza-acto-del-99-aniversario-de-la-aviacion-militar-bolivariana\/\" \/>\n<meta property=\"og:locale\" content=\"es_ES\" \/>\n<meta property=\"og:type\" content=\"article\" \/>\n<meta property=\"og:title\" content=\"Presidente Maduro encabeza acto del 99\u00b0 Aniversario de la Aviaci\u00f3n Militar Bolivariana - MPPPST\" \/>\n<meta property=\"og:description\" content=\"Base A\u00e9rea \u00abTte. Luis del Valle Garc\u00eda\u00bb, Barcelona.-\u00a0El comandante en Jefe de la Fuerza Armada Nacional &hellip; Presidente Maduro encabeza acto del 99\u00b0 Aniversario de la Aviaci\u00f3n Militar BolivarianaLeer m\u00e1s\" \/>\n<meta property=\"og:url\" content=\"https:\/\/www.mpppst.gob.ve\/mpppstweb\/index.php\/2019\/11\/28\/presidente-maduro-encabeza-acto-del-99-aniversario-de-la-aviacion-militar-bolivariana\/\" \/>\n<meta property=\"og:site_name\" content=\"MPPPST\" \/>\n<meta property=\"article:publisher\" content=\"https:\/\/www.facebook.com\/mintrabajo_ve\" \/>\n<meta property=\"article:published_time\" content=\"2019-11-28T13:22:07+00:00\" \/>\n<meta property=\"article:modified_time\" content=\"2019-11-28T13:22:09+00:00\" \/>\n<meta property=\"og:image\" content=\"https:\/\/www.mpppst.gob.ve\/mpppstweb\/wp-content\/uploads\/2019\/11\/aviacion.jpeg\" \/>\n\t<meta property=\"og:image:width\" content=\"960\" \/>\n\t<meta property=\"og:image:height\" content=\"623\" \/>\n\t<meta property=\"og:image:type\" content=\"image\/jpeg\" \/>\n<meta name=\"author\" content=\"MPPPST Prensa\" \/>\n<meta name=\"twitter:card\" content=\"summary_large_image\" \/>\n<script type=\"application\/ld+json\" class=\"yoast-schema-graph\">{\"@context\":\"https:\\\/\\\/schema.org\",\"@graph\":[{\"@type\":\"Article\",\"@id\":\"https:\\\/\\\/www.mpppst.gob.ve\\\/mpppstweb\\\/index.php\\\/2019\\\/11\\\/28\\\/presidente-maduro-encabeza-acto-del-99-aniversario-de-la-aviacion-militar-bolivariana\\\/#article\",\"isPartOf\":{\"@id\":\"https:\\\/\\\/www.mpppst.gob.ve\\\/mpppstweb\\\/index.php\\\/2019\\\/11\\\/28\\\/presidente-maduro-encabeza-acto-del-99-aniversario-de-la-aviacion-militar-bolivariana\\\/\"},\"author\":{\"name\":\"MPPPST Prensa\",\"@id\":\"https:\\\/\\\/www.mpppst.gob.ve\\\/mpppstweb\\\/#\\\/schema\\\/person\\\/fc187ee8ead412bd4c9304b62f900ea4\"},\"headline\":\"Presidente Maduro encabeza acto del 99\u00b0 Aniversario de la Aviaci\u00f3n Militar Bolivariana\",\"datePublished\":\"2019-11-28T13:22:07+00:00\",\"dateModified\":\"2019-11-28T13:22:09+00:00\",\"mainEntityOfPage\":{\"@id\":\"https:\\\/\\\/www.mpppst.gob.ve\\\/mpppstweb\\\/index.php\\\/2019\\\/11\\\/28\\\/presidente-maduro-encabeza-acto-del-99-aniversario-de-la-aviacion-militar-bolivariana\\\/\"},\"wordCount\":515,\"publisher\":{\"@id\":\"https:\\\/\\\/www.mpppst.gob.ve\\\/mpppstweb\\\/#organization\"},\"image\":{\"@id\":\"https:\\\/\\\/www.mpppst.gob.ve\\\/mpppstweb\\\/index.php\\\/2019\\\/11\\\/28\\\/presidente-maduro-encabeza-acto-del-99-aniversario-de-la-aviacion-militar-bolivariana\\\/#primaryimage\"},\"thumbnailUrl\":\"https:\\\/\\\/www.mpppst.gob.ve\\\/mpppstweb\\\/wp-content\\\/uploads\\\/2019\\\/11\\\/aviacion.jpeg\",\"keywords\":[\"FANB\",\"Gobierno Bolivariano\",\"Nicol\u00e1s Maduro\"],\"articleSection\":[\"Gobierno Nacional\",\"Noticias\"],\"inLanguage\":\"es\"},{\"@type\":\"WebPage\",\"@id\":\"https:\\\/\\\/www.mpppst.gob.ve\\\/mpppstweb\\\/index.php\\\/2019\\\/11\\\/28\\\/presidente-maduro-encabeza-acto-del-99-aniversario-de-la-aviacion-militar-bolivariana\\\/\",\"url\":\"https:\\\/\\\/www.mpppst.gob.ve\\\/mpppstweb\\\/index.php\\\/2019\\\/11\\\/28\\\/presidente-maduro-encabeza-acto-del-99-aniversario-de-la-aviacion-militar-bolivariana\\\/\",\"name\":\"Presidente Maduro encabeza acto del 99\u00b0 Aniversario de la Aviaci\u00f3n Militar Bolivariana - MPPPST\",\"isPartOf\":{\"@id\":\"https:\\\/\\\/www.mpppst.gob.ve\\\/mpppstweb\\\/#website\"},\"primaryImageOfPage\":{\"@id\":\"https:\\\/\\\/www.mpppst.gob.ve\\\/mpppstweb\\\/index.php\\\/2019\\\/11\\\/28\\\/presidente-maduro-encabeza-acto-del-99-aniversario-de-la-aviacion-militar-bolivariana\\\/#primaryimage\"},\"image\":{\"@id\":\"https:\\\/\\\/www.mpppst.gob.ve\\\/mpppstweb\\\/index.php\\\/2019\\\/11\\\/28\\\/presidente-maduro-encabeza-acto-del-99-aniversario-de-la-aviacion-militar-bolivariana\\\/#primaryimage\"},\"thumbnailUrl\":\"https:\\\/\\\/www.mpppst.gob.ve\\\/mpppstweb\\\/wp-content\\\/uploads\\\/2019\\\/11\\\/aviacion.jpeg\",\"datePublished\":\"2019-11-28T13:22:07+00:00\",\"dateModified\":\"2019-11-28T13:22:09+00:00\",\"breadcrumb\":{\"@id\":\"https:\\\/\\\/www.mpppst.gob.ve\\\/mpppstweb\\\/index.php\\\/2019\\\/11\\\/28\\\/presidente-maduro-encabeza-acto-del-99-aniversario-de-la-aviacion-militar-bolivariana\\\/#breadcrumb\"},\"inLanguage\":\"es\",\"potentialAction\":[{\"@type\":\"ReadAction\",\"target\":[\"https:\\\/\\\/www.mpppst.gob.ve\\\/mpppstweb\\\/index.php\\\/2019\\\/11\\\/28\\\/presidente-maduro-encabeza-acto-del-99-aniversario-de-la-aviacion-militar-bolivariana\\\/\"]}]},{\"@type\":\"ImageObject\",\"inLanguage\":\"es\",\"@id\":\"https:\\\/\\\/www.mpppst.gob.ve\\\/mpppstweb\\\/index.php\\\/2019\\\/11\\\/28\\\/presidente-maduro-encabeza-acto-del-99-aniversario-de-la-aviacion-militar-bolivariana\\\/#primaryimage\",\"url\":\"https:\\\/\\\/www.mpppst.gob.ve\\\/mpppstweb\\\/wp-content\\\/uploads\\\/2019\\\/11\\\/aviacion.jpeg\",\"contentUrl\":\"https:\\\/\\\/www.mpppst.gob.ve\\\/mpppstweb\\\/wp-content\\\/uploads\\\/2019\\\/11\\\/aviacion.jpeg\",\"width\":960,\"height\":623},{\"@type\":\"BreadcrumbList\",\"@id\":\"https:\\\/\\\/www.mpppst.gob.ve\\\/mpppstweb\\\/index.php\\\/2019\\\/11\\\/28\\\/presidente-maduro-encabeza-acto-del-99-aniversario-de-la-aviacion-militar-bolivariana\\\/#breadcrumb\",\"itemListElement\":[{\"@type\":\"ListItem\",\"position\":1,\"name\":\"Home\",\"item\":\"https:\\\/\\\/www.mpppst.gob.ve\\\/mpppstweb\\\/\"},{\"@type\":\"ListItem\",\"position\":2,\"name\":\"Presidente Maduro encabeza acto del 99\u00b0 Aniversario de la Aviaci\u00f3n Militar Bolivariana\"}]},{\"@type\":\"WebSite\",\"@id\":\"https:\\\/\\\/www.mpppst.gob.ve\\\/mpppstweb\\\/#website\",\"url\":\"https:\\\/\\\/www.mpppst.gob.ve\\\/mpppstweb\\\/\",\"name\":\"MPPPST\",\"description\":\"Sitio web oficial del Ministerio del Poder Popular para el Proceso Social de Trabajo\",\"publisher\":{\"@id\":\"https:\\\/\\\/www.mpppst.gob.ve\\\/mpppstweb\\\/#organization\"},\"alternateName\":\"Ministerio del Poder Popular para el Proceso Social de Trabajo\",\"potentialAction\":[{\"@type\":\"SearchAction\",\"target\":{\"@type\":\"EntryPoint\",\"urlTemplate\":\"https:\\\/\\\/www.mpppst.gob.ve\\\/mpppstweb\\\/?s={search_term_string}\"},\"query-input\":{\"@type\":\"PropertyValueSpecification\",\"valueRequired\":true,\"valueName\":\"search_term_string\"}}],\"inLanguage\":\"es\"},{\"@type\":\"Organization\",\"@id\":\"https:\\\/\\\/www.mpppst.gob.ve\\\/mpppstweb\\\/#organization\",\"name\":\"Ministerio del Poder Popular para el Proceso Social de Trabajo\",\"alternateName\":\"MPPPST\",\"url\":\"https:\\\/\\\/www.mpppst.gob.ve\\\/mpppstweb\\\/\",\"logo\":{\"@type\":\"ImageObject\",\"inLanguage\":\"es\",\"@id\":\"https:\\\/\\\/www.mpppst.gob.ve\\\/mpppstweb\\\/#\\\/schema\\\/logo\\\/image\\\/\",\"url\":\"https:\\\/\\\/www.mpppst.gob.ve\\\/mpppstweb\\\/wp-content\\\/uploads\\\/2025\\\/07\\\/cropped-cropped-g910.png\",\"contentUrl\":\"https:\\\/\\\/www.mpppst.gob.ve\\\/mpppstweb\\\/wp-content\\\/uploads\\\/2025\\\/07\\\/cropped-cropped-g910.png\",\"width\":1080,\"height\":241,\"caption\":\"Ministerio del Poder Popular para el Proceso Social de Trabajo\"},\"image\":{\"@id\":\"https:\\\/\\\/www.mpppst.gob.ve\\\/mpppstweb\\\/#\\\/schema\\\/logo\\\/image\\\/\"},\"sameAs\":[\"https:\\\/\\\/www.facebook.com\\\/mintrabajo_ve\",\"https:\\\/\\\/www.instagram.com\\\/mintrabajo_ve\\\/\",\"https:\\\/\\\/www.tiktok.com\\\/@mintrabajo_ve\",\"https:\\\/\\\/t.me\\\/mpppst\"]},{\"@type\":\"Person\",\"@id\":\"https:\\\/\\\/www.mpppst.gob.ve\\\/mpppstweb\\\/#\\\/schema\\\/person\\\/fc187ee8ead412bd4c9304b62f900ea4\",\"name\":\"MPPPST Prensa\",\"url\":\"https:\\\/\\\/www.mpppst.gob.ve\\\/mpppstweb\\\/index.php\\\/author\\\/prensa-mpppst\\\/\"}]}<\/script>\n<!-- \/ Yoast SEO plugin. -->","yoast_head_json":{"title":"Presidente Maduro encabeza acto del 99\u00b0 Aniversario de la Aviaci\u00f3n Militar Bolivariana - MPPPST","robots":{"index":"index","follow":"follow","max-snippet":"max-snippet:-1","max-image-preview":"max-image-preview:large","max-video-preview":"max-video-preview:-1"},"canonical":"https:\/\/www.mpppst.gob.ve\/mpppstweb\/index.php\/2019\/11\/28\/presidente-maduro-encabeza-acto-del-99-aniversario-de-la-aviacion-militar-bolivariana\/","og_locale":"es_ES","og_type":"article","og_title":"Presidente Maduro encabeza acto del 99\u00b0 Aniversario de la Aviaci\u00f3n Militar Bolivariana - MPPPST","og_description":"Base A\u00e9rea \u00abTte. Luis del Valle Garc\u00eda\u00bb, Barcelona.-\u00a0El comandante en Jefe de la Fuerza Armada Nacional &hellip; Presidente Maduro encabeza acto del 99\u00b0 Aniversario de la Aviaci\u00f3n Militar BolivarianaLeer m\u00e1s","og_url":"https:\/\/www.mpppst.gob.ve\/mpppstweb\/index.php\/2019\/11\/28\/presidente-maduro-encabeza-acto-del-99-aniversario-de-la-aviacion-militar-bolivariana\/","og_site_name":"MPPPST","article_publisher":"https:\/\/www.facebook.com\/mintrabajo_ve","article_published_time":"2019-11-28T13:22:07+00:00","article_modified_time":"2019-11-28T13:22:09+00:00","og_image":[{"width":960,"height":623,"url":"https:\/\/www.mpppst.gob.ve\/mpppstweb\/wp-content\/uploads\/2019\/11\/aviacion.jpeg","type":"image\/jpeg"}],"author":"MPPPST Prensa","twitter_card":"summary_large_image","schema":{"@context":"https:\/\/schema.org","@graph":[{"@type":"Article","@id":"https:\/\/www.mpppst.gob.ve\/mpppstweb\/index.php\/2019\/11\/28\/presidente-maduro-encabeza-acto-del-99-aniversario-de-la-aviacion-militar-bolivariana\/#article","isPartOf":{"@id":"https:\/\/www.mpppst.gob.ve\/mpppstweb\/index.php\/2019\/11\/28\/presidente-maduro-encabeza-acto-del-99-aniversario-de-la-aviacion-militar-bolivariana\/"},"author":{"name":"MPPPST Prensa","@id":"https:\/\/www.mpppst.gob.ve\/mpppstweb\/#\/schema\/person\/fc187ee8ead412bd4c9304b62f900ea4"},"headline":"Presidente Maduro encabeza acto del 99\u00b0 Aniversario de la Aviaci\u00f3n Militar Bolivariana","datePublished":"2019-11-28T13:22:07+00:00","dateModified":"2019-11-28T13:22:09+00:00","mainEntityOfPage":{"@id":"https:\/\/www.mpppst.gob.ve\/mpppstweb\/index.php\/2019\/11\/28\/presidente-maduro-encabeza-acto-del-99-aniversario-de-la-aviacion-militar-bolivariana\/"},"wordCount":515,"publisher":{"@id":"https:\/\/www.mpppst.gob.ve\/mpppstweb\/#organization"},"image":{"@id":"https:\/\/www.mpppst.gob.ve\/mpppstweb\/index.php\/2019\/11\/28\/presidente-maduro-encabeza-acto-del-99-aniversario-de-la-aviacion-militar-bolivariana\/#primaryimage"},"thumbnailUrl":"https:\/\/www.mpppst.gob.ve\/mpppstweb\/wp-content\/uploads\/2019\/11\/aviacion.jpeg","keywords":["FANB","Gobierno Bolivariano","Nicol\u00e1s Maduro"],"articleSection":["Gobierno Nacional","Noticias"],"inLanguage":"es"},{"@type":"WebPage","@id":"https:\/\/www.mpppst.gob.ve\/mpppstweb\/index.php\/2019\/11\/28\/presidente-maduro-encabeza-acto-del-99-aniversario-de-la-aviacion-militar-bolivariana\/","url":"https:\/\/www.mpppst.gob.ve\/mpppstweb\/index.php\/2019\/11\/28\/presidente-maduro-encabeza-acto-del-99-aniversario-de-la-aviacion-militar-bolivariana\/","name":"Presidente Maduro encabeza acto del 99\u00b0 Aniversario de la Aviaci\u00f3n Militar Bolivariana - MPPPST","isPartOf":{"@id":"https:\/\/www.mpppst.gob.ve\/mpppstweb\/#website"},"primaryImageOfPage":{"@id":"https:\/\/www.mpppst.gob.ve\/mpppstweb\/index.php\/2019\/11\/28\/presidente-maduro-encabeza-acto-del-99-aniversario-de-la-aviacion-militar-bolivariana\/#primaryimage"},"image":{"@id":"https:\/\/www.mpppst.gob.ve\/mpppstweb\/index.php\/2019\/11\/28\/presidente-maduro-encabeza-acto-del-99-aniversario-de-la-aviacion-militar-bolivariana\/#primaryimage"},"thumbnailUrl":"https:\/\/www.mpppst.gob.ve\/mpppstweb\/wp-content\/uploads\/2019\/11\/aviacion.jpeg","datePublished":"2019-11-28T13:22:07+00:00","dateModified":"2019-11-28T13:22:09+00:00","breadcrumb":{"@id":"https:\/\/www.mpppst.gob.ve\/mpppstweb\/index.php\/2019\/11\/28\/presidente-maduro-encabeza-acto-del-99-aniversario-de-la-aviacion-militar-bolivariana\/#breadcrumb"},"inLanguage":"es","potentialAction":[{"@type":"ReadAction","target":["https:\/\/www.mpppst.gob.ve\/mpppstweb\/index.php\/2019\/11\/28\/presidente-maduro-encabeza-acto-del-99-aniversario-de-la-aviacion-militar-bolivariana\/"]}]},{"@type":"ImageObject","inLanguage":"es","@id":"https:\/\/www.mpppst.gob.ve\/mpppstweb\/index.php\/2019\/11\/28\/presidente-maduro-encabeza-acto-del-99-aniversario-de-la-aviacion-militar-bolivariana\/#primaryimage","url":"https:\/\/www.mpppst.gob.ve\/mpppstweb\/wp-content\/uploads\/2019\/11\/aviacion.jpeg","contentUrl":"https:\/\/www.mpppst.gob.ve\/mpppstweb\/wp-content\/uploads\/2019\/11\/aviacion.jpeg","width":960,"height":623},{"@type":"BreadcrumbList","@id":"https:\/\/www.mpppst.gob.ve\/mpppstweb\/index.php\/2019\/11\/28\/presidente-maduro-encabeza-acto-del-99-aniversario-de-la-aviacion-militar-bolivariana\/#breadcrumb","itemListElement":[{"@type":"ListItem","position":1,"name":"Home","item":"https:\/\/www.mpppst.gob.ve\/mpppstweb\/"},{"@type":"ListItem","position":2,"name":"Presidente Maduro encabeza acto del 99\u00b0 Aniversario de la Aviaci\u00f3n Militar Bolivariana"}]},{"@type":"WebSite","@id":"https:\/\/www.mpppst.gob.ve\/mpppstweb\/#website","url":"https:\/\/www.mpppst.gob.ve\/mpppstweb\/","name":"MPPPST","description":"Sitio web oficial del Ministerio del Poder Popular para el Proceso Social de Trabajo","publisher":{"@id":"https:\/\/www.mpppst.gob.ve\/mpppstweb\/#organization"},"alternateName":"Ministerio del Poder Popular para el Proceso Social de Trabajo","potentialAction":[{"@type":"SearchAction","target":{"@type":"EntryPoint","urlTemplate":"https:\/\/www.mpppst.gob.ve\/mpppstweb\/?s={search_term_string}"},"query-input":{"@type":"PropertyValueSpecification","valueRequired":true,"valueName":"search_term_string"}}],"inLanguage":"es"},{"@type":"Organization","@id":"https:\/\/www.mpppst.gob.ve\/mpppstweb\/#organization","name":"Ministerio del Poder Popular para el Proceso Social de Trabajo","alternateName":"MPPPST","url":"https:\/\/www.mpppst.gob.ve\/mpppstweb\/","logo":{"@type":"ImageObject","inLanguage":"es","@id":"https:\/\/www.mpppst.gob.ve\/mpppstweb\/#\/schema\/logo\/image\/","url":"https:\/\/www.mpppst.gob.ve\/mpppstweb\/wp-content\/uploads\/2025\/07\/cropped-cropped-g910.png","contentUrl":"https:\/\/www.mpppst.gob.ve\/mpppstweb\/wp-content\/uploads\/2025\/07\/cropped-cropped-g910.png","width":1080,"height":241,"caption":"Ministerio del Poder Popular para el Proceso Social de Trabajo"},"image":{"@id":"https:\/\/www.mpppst.gob.ve\/mpppstweb\/#\/schema\/logo\/image\/"},"sameAs":["https:\/\/www.facebook.com\/mintrabajo_ve","https:\/\/www.instagram.com\/mintrabajo_ve\/","https:\/\/www.tiktok.com\/@mintrabajo_ve","https:\/\/t.me\/mpppst"]},{"@type":"Person","@id":"https:\/\/www.mpppst.gob.ve\/mpppstweb\/#\/schema\/person\/fc187ee8ead412bd4c9304b62f900ea4","name":"MPPPST Prensa","url":"https:\/\/www.mpppst.gob.ve\/mpppstweb\/index.php\/author\/prensa-mpppst\/"}]}},"_links":{"self":[{"href":"https:\/\/www.mpppst.gob.ve\/mpppstweb\/index.php\/wp-json\/wp\/v2\/posts\/17013","targetHints":{"allow":["GET"]}}],"collection":[{"href":"https:\/\/www.mpppst.gob.ve\/mpppstweb\/index.php\/wp-json\/wp\/v2\/posts"}],"about":[{"href":"https:\/\/www.mpppst.gob.ve\/mpppstweb\/index.php\/wp-json\/wp\/v2\/types\/post"}],"author":[{"embeddable":true,"href":"https:\/\/www.mpppst.gob.ve\/mpppstweb\/index.php\/wp-json\/wp\/v2\/users\/25"}],"replies":[{"embeddable":true,"href":"https:\/\/www.mpppst.gob.ve\/mpppstweb\/index.php\/wp-json\/wp\/v2\/comments?post=17013"}],"version-history":[{"count":1,"href":"https:\/\/www.mpppst.gob.ve\/mpppstweb\/index.php\/wp-json\/wp\/v2\/posts\/17013\/revisions"}],"predecessor-version":[{"id":17015,"href":"https:\/\/www.mpppst.gob.ve\/mpppstweb\/index.php\/wp-json\/wp\/v2\/posts\/17013\/revisions\/17015"}],"wp:featuredmedia":[{"embeddable":true,"href":"https:\/\/www.mpppst.gob.ve\/mpppstweb\/index.php\/wp-json\/wp\/v2\/media\/17014"}],"wp:attachment":[{"href":"https:\/\/www.mpppst.gob.ve\/mpppstweb\/index.php\/wp-json\/wp\/v2\/media?parent=17013"}],"wp:term":[{"taxonomy":"category","embeddable":true,"href":"https:\/\/www.mpppst.gob.ve\/mpppstweb\/index.php\/wp-json\/wp\/v2\/categories?post=17013"},{"taxonomy":"post_tag","embeddable":true,"href":"https:\/\/www.mpppst.gob.ve\/mpppstweb\/index.php\/wp-json\/wp\/v2\/tags?post=17013"}],"curies":[{"name":"wp","href":"https:\/\/api.w.org\/{rel}","templated":true}]}}