{"id":17026,"date":"2019-11-29T09:48:04","date_gmt":"2019-11-29T13:48:04","guid":{"rendered":"http:\/\/www.mpppst.gob.ve\/mpppstweb\/?p=17026"},"modified":"2019-11-29T09:48:06","modified_gmt":"2019-11-29T13:48:06","slug":"presidente-maduro-fortalece-lazos-de-fraternidad-con-la-republica-italiana","status":"publish","type":"post","link":"https:\/\/www.mpppst.gob.ve\/mpppstweb\/index.php\/2019\/11\/29\/presidente-maduro-fortalece-lazos-de-fraternidad-con-la-republica-italiana\/","title":{"rendered":"Presidente Maduro fortalece lazos de fraternidad con la Rep\u00fablica Italiana"},"content":{"rendered":"\n<p class=\"wp-block-paragraph\"><strong>Palacio de Miraflores, Caracas.-\u00a0<\/strong>El presidente constitucional de la <strong>Rep\u00fablica Bolivariana de Venezuela, Nicol\u00e1s Maduro Moros<\/strong>, recibi\u00f3 en el <strong>Palacio de Miraflores<\/strong>, ubicado en <strong>Caracas<\/strong>, al senador Pier Ferdinando Casini, presidente de la <strong>Uni\u00f3n Interparlamentaria <\/strong>de la <strong>Rep\u00fablica Italiana<\/strong>, con el objetivo de continuar expandiendo los lazos de cooperaci\u00f3n entre <strong>Venezuela<\/strong> y las distintas naciones del mundo.<\/p>\n\n\n\n<p class=\"wp-block-paragraph\">La reuni\u00f3n, que se desarroll\u00f3 en el contexto de la <strong>Diplomacia Bolivariana<\/strong> de Paz para la consolidaci\u00f3n de un nuevo mundo pluripolar y multic\u00e9ntrico, tuvo lugar en el Despacho\u00a0 N\u00b01 del <strong>Palacio de Gobierno<\/strong>, donde tambi\u00e9n asisti\u00f3 como parte de la delegaci\u00f3n italiana el encargado de negocios de esta naci\u00f3n ante <strong>Venezuela<\/strong>, Pl\u00e1cido Vigo.<\/p>\n\n\n\n<p class=\"wp-block-paragraph\">Acompa\u00f1aron al <strong>jefe de Estado<\/strong>, el canciller de la <strong>Rep\u00fablica<\/strong>, Jorge Arreaza, y la encargada de negocios de la <strong>Rep\u00fablica Bolivariana de Venezuela<\/strong> ante la <strong>Rep\u00fablica Italiana<\/strong>, Mar\u00eda Elena Uzzo.<\/p>\n\n\n\n<p class=\"wp-block-paragraph\">El encuentro entre ambas naciones fortalece los lazos de fraternidad y cooperaci\u00f3n mutua en pro de la nueva geopol\u00edtica mundial, basado en el respeto a la autodeterminaci\u00f3n de los pueblos.<\/p>\n\n\n\n<p class=\"wp-block-paragraph\">Prensa Presidencial<\/p>\n","protected":false},"excerpt":{"rendered":"<p>Palacio de Miraflores, Caracas.-\u00a0El presidente constitucional de la Rep\u00fablica Bolivariana de Venezuela, Nicol\u00e1s Maduro Moros, recibi\u00f3 &hellip; <a title=\"Presidente Maduro fortalece lazos de fraternidad con la Rep\u00fablica Italiana\" class=\"hm-read-more\" href=\"https:\/\/www.mpppst.gob.ve\/mpppstweb\/index.php\/2019\/11\/29\/presidente-maduro-fortalece-lazos-de-fraternidad-con-la-republica-italiana\/\"><span class=\"screen-reader-text\">Presidente Maduro fortalece lazos de fraternidad con la Rep\u00fablica Italiana<\/span>Leer m\u00e1s<\/a><\/p>\n","protected":false},"author":25,"featured_media":17027,"comment_status":"closed","ping_status":"closed","sticky":false,"template":"","format":"standard","meta":{"footnotes":""},"categories":[82,163],"tags":[222,341,367],"class_list":["post-17026","post","type-post","status-publish","format-standard","has-post-thumbnail","hentry","category-gobierno-nacional","category-noticias","tag-gobierno-bolivariano","tag-nicolas-maduro","tag-venezuela-y-el-mundo"],"yoast_head":"<!-- This site is optimized with the Yoast SEO plugin v28.4 - https:\/\/yoast.com\/product\/yoast-seo-wordpress\/ -->\n<title>Presidente Maduro fortalece lazos de fraternidad con la Rep\u00fablica Italiana - MPPPST<\/title>\n<meta name=\"robots\" content=\"index, follow, max-snippet:-1, max-image-preview:large, max-video-preview:-1\" \/>\n<link rel=\"canonical\" href=\"https:\/\/www.mpppst.gob.ve\/mpppstweb\/index.php\/2019\/11\/29\/presidente-maduro-fortalece-lazos-de-fraternidad-con-la-republica-italiana\/\" \/>\n<meta property=\"og:locale\" content=\"es_ES\" \/>\n<meta property=\"og:type\" content=\"article\" \/>\n<meta property=\"og:title\" content=\"Presidente Maduro fortalece lazos de fraternidad con la Rep\u00fablica Italiana - MPPPST\" \/>\n<meta property=\"og:description\" content=\"Palacio de Miraflores, Caracas.-\u00a0El presidente constitucional de la Rep\u00fablica Bolivariana de Venezuela, Nicol\u00e1s Maduro Moros, recibi\u00f3 &hellip; Presidente Maduro fortalece lazos de fraternidad con la Rep\u00fablica ItalianaLeer m\u00e1s\" \/>\n<meta property=\"og:url\" content=\"https:\/\/www.mpppst.gob.ve\/mpppstweb\/index.php\/2019\/11\/29\/presidente-maduro-fortalece-lazos-de-fraternidad-con-la-republica-italiana\/\" \/>\n<meta property=\"og:site_name\" content=\"MPPPST\" \/>\n<meta property=\"article:publisher\" content=\"https:\/\/www.facebook.com\/mintrabajo_ve\" \/>\n<meta property=\"article:published_time\" content=\"2019-11-29T13:48:04+00:00\" \/>\n<meta property=\"article:modified_time\" content=\"2019-11-29T13:48:06+00:00\" \/>\n<meta property=\"og:image\" content=\"https:\/\/www.mpppst.gob.ve\/mpppstweb\/wp-content\/uploads\/2019\/11\/lazos-con-italia.jpg\" \/>\n\t<meta property=\"og:image:width\" content=\"900\" \/>\n\t<meta property=\"og:image:height\" content=\"600\" \/>\n\t<meta property=\"og:image:type\" content=\"image\/jpeg\" \/>\n<meta name=\"author\" content=\"MPPPST Prensa\" \/>\n<meta name=\"twitter:card\" content=\"summary_large_image\" \/>\n<script type=\"application\/ld+json\" class=\"yoast-schema-graph\">{\"@context\":\"https:\\\/\\\/schema.org\",\"@graph\":[{\"@type\":\"Article\",\"@id\":\"https:\\\/\\\/www.mpppst.gob.ve\\\/mpppstweb\\\/index.php\\\/2019\\\/11\\\/29\\\/presidente-maduro-fortalece-lazos-de-fraternidad-con-la-republica-italiana\\\/#article\",\"isPartOf\":{\"@id\":\"https:\\\/\\\/www.mpppst.gob.ve\\\/mpppstweb\\\/index.php\\\/2019\\\/11\\\/29\\\/presidente-maduro-fortalece-lazos-de-fraternidad-con-la-republica-italiana\\\/\"},\"author\":{\"name\":\"MPPPST Prensa\",\"@id\":\"https:\\\/\\\/www.mpppst.gob.ve\\\/mpppstweb\\\/#\\\/schema\\\/person\\\/fc187ee8ead412bd4c9304b62f900ea4\"},\"headline\":\"Presidente Maduro fortalece lazos de fraternidad con la Rep\u00fablica Italiana\",\"datePublished\":\"2019-11-29T13:48:04+00:00\",\"dateModified\":\"2019-11-29T13:48:06+00:00\",\"mainEntityOfPage\":{\"@id\":\"https:\\\/\\\/www.mpppst.gob.ve\\\/mpppstweb\\\/index.php\\\/2019\\\/11\\\/29\\\/presidente-maduro-fortalece-lazos-de-fraternidad-con-la-republica-italiana\\\/\"},\"wordCount\":205,\"publisher\":{\"@id\":\"https:\\\/\\\/www.mpppst.gob.ve\\\/mpppstweb\\\/#organization\"},\"image\":{\"@id\":\"https:\\\/\\\/www.mpppst.gob.ve\\\/mpppstweb\\\/index.php\\\/2019\\\/11\\\/29\\\/presidente-maduro-fortalece-lazos-de-fraternidad-con-la-republica-italiana\\\/#primaryimage\"},\"thumbnailUrl\":\"https:\\\/\\\/www.mpppst.gob.ve\\\/mpppstweb\\\/wp-content\\\/uploads\\\/2019\\\/11\\\/lazos-con-italia.jpg\",\"keywords\":[\"Gobierno Bolivariano\",\"Nicol\u00e1s Maduro\",\"Venezuela y el Mundo\"],\"articleSection\":[\"Gobierno Nacional\",\"Noticias\"],\"inLanguage\":\"es\"},{\"@type\":\"WebPage\",\"@id\":\"https:\\\/\\\/www.mpppst.gob.ve\\\/mpppstweb\\\/index.php\\\/2019\\\/11\\\/29\\\/presidente-maduro-fortalece-lazos-de-fraternidad-con-la-republica-italiana\\\/\",\"url\":\"https:\\\/\\\/www.mpppst.gob.ve\\\/mpppstweb\\\/index.php\\\/2019\\\/11\\\/29\\\/presidente-maduro-fortalece-lazos-de-fraternidad-con-la-republica-italiana\\\/\",\"name\":\"Presidente Maduro fortalece lazos de fraternidad con la Rep\u00fablica Italiana - MPPPST\",\"isPartOf\":{\"@id\":\"https:\\\/\\\/www.mpppst.gob.ve\\\/mpppstweb\\\/#website\"},\"primaryImageOfPage\":{\"@id\":\"https:\\\/\\\/www.mpppst.gob.ve\\\/mpppstweb\\\/index.php\\\/2019\\\/11\\\/29\\\/presidente-maduro-fortalece-lazos-de-fraternidad-con-la-republica-italiana\\\/#primaryimage\"},\"image\":{\"@id\":\"https:\\\/\\\/www.mpppst.gob.ve\\\/mpppstweb\\\/index.php\\\/2019\\\/11\\\/29\\\/presidente-maduro-fortalece-lazos-de-fraternidad-con-la-republica-italiana\\\/#primaryimage\"},\"thumbnailUrl\":\"https:\\\/\\\/www.mpppst.gob.ve\\\/mpppstweb\\\/wp-content\\\/uploads\\\/2019\\\/11\\\/lazos-con-italia.jpg\",\"datePublished\":\"2019-11-29T13:48:04+00:00\",\"dateModified\":\"2019-11-29T13:48:06+00:00\",\"breadcrumb\":{\"@id\":\"https:\\\/\\\/www.mpppst.gob.ve\\\/mpppstweb\\\/index.php\\\/2019\\\/11\\\/29\\\/presidente-maduro-fortalece-lazos-de-fraternidad-con-la-republica-italiana\\\/#breadcrumb\"},\"inLanguage\":\"es\",\"potentialAction\":[{\"@type\":\"ReadAction\",\"target\":[\"https:\\\/\\\/www.mpppst.gob.ve\\\/mpppstweb\\\/index.php\\\/2019\\\/11\\\/29\\\/presidente-maduro-fortalece-lazos-de-fraternidad-con-la-republica-italiana\\\/\"]}]},{\"@type\":\"ImageObject\",\"inLanguage\":\"es\",\"@id\":\"https:\\\/\\\/www.mpppst.gob.ve\\\/mpppstweb\\\/index.php\\\/2019\\\/11\\\/29\\\/presidente-maduro-fortalece-lazos-de-fraternidad-con-la-republica-italiana\\\/#primaryimage\",\"url\":\"https:\\\/\\\/www.mpppst.gob.ve\\\/mpppstweb\\\/wp-content\\\/uploads\\\/2019\\\/11\\\/lazos-con-italia.jpg\",\"contentUrl\":\"https:\\\/\\\/www.mpppst.gob.ve\\\/mpppstweb\\\/wp-content\\\/uploads\\\/2019\\\/11\\\/lazos-con-italia.jpg\",\"width\":900,\"height\":600},{\"@type\":\"BreadcrumbList\",\"@id\":\"https:\\\/\\\/www.mpppst.gob.ve\\\/mpppstweb\\\/index.php\\\/2019\\\/11\\\/29\\\/presidente-maduro-fortalece-lazos-de-fraternidad-con-la-republica-italiana\\\/#breadcrumb\",\"itemListElement\":[{\"@type\":\"ListItem\",\"position\":1,\"name\":\"Home\",\"item\":\"https:\\\/\\\/www.mpppst.gob.ve\\\/mpppstweb\\\/\"},{\"@type\":\"ListItem\",\"position\":2,\"name\":\"Presidente Maduro fortalece lazos de fraternidad con la Rep\u00fablica Italiana\"}]},{\"@type\":\"WebSite\",\"@id\":\"https:\\\/\\\/www.mpppst.gob.ve\\\/mpppstweb\\\/#website\",\"url\":\"https:\\\/\\\/www.mpppst.gob.ve\\\/mpppstweb\\\/\",\"name\":\"MPPPST\",\"description\":\"Sitio web oficial del Ministerio del Poder Popular para el Proceso Social de Trabajo\",\"publisher\":{\"@id\":\"https:\\\/\\\/www.mpppst.gob.ve\\\/mpppstweb\\\/#organization\"},\"alternateName\":\"Ministerio del Poder Popular para el Proceso Social de Trabajo\",\"potentialAction\":[{\"@type\":\"SearchAction\",\"target\":{\"@type\":\"EntryPoint\",\"urlTemplate\":\"https:\\\/\\\/www.mpppst.gob.ve\\\/mpppstweb\\\/?s={search_term_string}\"},\"query-input\":{\"@type\":\"PropertyValueSpecification\",\"valueRequired\":true,\"valueName\":\"search_term_string\"}}],\"inLanguage\":\"es\"},{\"@type\":\"Organization\",\"@id\":\"https:\\\/\\\/www.mpppst.gob.ve\\\/mpppstweb\\\/#organization\",\"name\":\"Ministerio del Poder Popular para el Proceso Social de Trabajo\",\"alternateName\":\"MPPPST\",\"url\":\"https:\\\/\\\/www.mpppst.gob.ve\\\/mpppstweb\\\/\",\"logo\":{\"@type\":\"ImageObject\",\"inLanguage\":\"es\",\"@id\":\"https:\\\/\\\/www.mpppst.gob.ve\\\/mpppstweb\\\/#\\\/schema\\\/logo\\\/image\\\/\",\"url\":\"https:\\\/\\\/www.mpppst.gob.ve\\\/mpppstweb\\\/wp-content\\\/uploads\\\/2025\\\/07\\\/cropped-cropped-g910.png\",\"contentUrl\":\"https:\\\/\\\/www.mpppst.gob.ve\\\/mpppstweb\\\/wp-content\\\/uploads\\\/2025\\\/07\\\/cropped-cropped-g910.png\",\"width\":1080,\"height\":241,\"caption\":\"Ministerio del Poder Popular para el Proceso Social de Trabajo\"},\"image\":{\"@id\":\"https:\\\/\\\/www.mpppst.gob.ve\\\/mpppstweb\\\/#\\\/schema\\\/logo\\\/image\\\/\"},\"sameAs\":[\"https:\\\/\\\/www.facebook.com\\\/mintrabajo_ve\",\"https:\\\/\\\/www.instagram.com\\\/mintrabajo_ve\\\/\",\"https:\\\/\\\/www.tiktok.com\\\/@mintrabajo_ve\",\"https:\\\/\\\/t.me\\\/mpppst\"]},{\"@type\":\"Person\",\"@id\":\"https:\\\/\\\/www.mpppst.gob.ve\\\/mpppstweb\\\/#\\\/schema\\\/person\\\/fc187ee8ead412bd4c9304b62f900ea4\",\"name\":\"MPPPST Prensa\",\"url\":\"https:\\\/\\\/www.mpppst.gob.ve\\\/mpppstweb\\\/index.php\\\/author\\\/prensa-mpppst\\\/\"}]}<\/script>\n<!-- \/ Yoast SEO plugin. -->","yoast_head_json":{"title":"Presidente Maduro fortalece lazos de fraternidad con la Rep\u00fablica Italiana - MPPPST","robots":{"index":"index","follow":"follow","max-snippet":"max-snippet:-1","max-image-preview":"max-image-preview:large","max-video-preview":"max-video-preview:-1"},"canonical":"https:\/\/www.mpppst.gob.ve\/mpppstweb\/index.php\/2019\/11\/29\/presidente-maduro-fortalece-lazos-de-fraternidad-con-la-republica-italiana\/","og_locale":"es_ES","og_type":"article","og_title":"Presidente Maduro fortalece lazos de fraternidad con la Rep\u00fablica Italiana - MPPPST","og_description":"Palacio de Miraflores, Caracas.-\u00a0El presidente constitucional de la Rep\u00fablica Bolivariana de Venezuela, Nicol\u00e1s Maduro Moros, recibi\u00f3 &hellip; Presidente Maduro fortalece lazos de fraternidad con la Rep\u00fablica ItalianaLeer m\u00e1s","og_url":"https:\/\/www.mpppst.gob.ve\/mpppstweb\/index.php\/2019\/11\/29\/presidente-maduro-fortalece-lazos-de-fraternidad-con-la-republica-italiana\/","og_site_name":"MPPPST","article_publisher":"https:\/\/www.facebook.com\/mintrabajo_ve","article_published_time":"2019-11-29T13:48:04+00:00","article_modified_time":"2019-11-29T13:48:06+00:00","og_image":[{"width":900,"height":600,"url":"https:\/\/www.mpppst.gob.ve\/mpppstweb\/wp-content\/uploads\/2019\/11\/lazos-con-italia.jpg","type":"image\/jpeg"}],"author":"MPPPST Prensa","twitter_card":"summary_large_image","schema":{"@context":"https:\/\/schema.org","@graph":[{"@type":"Article","@id":"https:\/\/www.mpppst.gob.ve\/mpppstweb\/index.php\/2019\/11\/29\/presidente-maduro-fortalece-lazos-de-fraternidad-con-la-republica-italiana\/#article","isPartOf":{"@id":"https:\/\/www.mpppst.gob.ve\/mpppstweb\/index.php\/2019\/11\/29\/presidente-maduro-fortalece-lazos-de-fraternidad-con-la-republica-italiana\/"},"author":{"name":"MPPPST Prensa","@id":"https:\/\/www.mpppst.gob.ve\/mpppstweb\/#\/schema\/person\/fc187ee8ead412bd4c9304b62f900ea4"},"headline":"Presidente Maduro fortalece lazos de fraternidad con la Rep\u00fablica Italiana","datePublished":"2019-11-29T13:48:04+00:00","dateModified":"2019-11-29T13:48:06+00:00","mainEntityOfPage":{"@id":"https:\/\/www.mpppst.gob.ve\/mpppstweb\/index.php\/2019\/11\/29\/presidente-maduro-fortalece-lazos-de-fraternidad-con-la-republica-italiana\/"},"wordCount":205,"publisher":{"@id":"https:\/\/www.mpppst.gob.ve\/mpppstweb\/#organization"},"image":{"@id":"https:\/\/www.mpppst.gob.ve\/mpppstweb\/index.php\/2019\/11\/29\/presidente-maduro-fortalece-lazos-de-fraternidad-con-la-republica-italiana\/#primaryimage"},"thumbnailUrl":"https:\/\/www.mpppst.gob.ve\/mpppstweb\/wp-content\/uploads\/2019\/11\/lazos-con-italia.jpg","keywords":["Gobierno Bolivariano","Nicol\u00e1s Maduro","Venezuela y el Mundo"],"articleSection":["Gobierno Nacional","Noticias"],"inLanguage":"es"},{"@type":"WebPage","@id":"https:\/\/www.mpppst.gob.ve\/mpppstweb\/index.php\/2019\/11\/29\/presidente-maduro-fortalece-lazos-de-fraternidad-con-la-republica-italiana\/","url":"https:\/\/www.mpppst.gob.ve\/mpppstweb\/index.php\/2019\/11\/29\/presidente-maduro-fortalece-lazos-de-fraternidad-con-la-republica-italiana\/","name":"Presidente Maduro fortalece lazos de fraternidad con la Rep\u00fablica Italiana - MPPPST","isPartOf":{"@id":"https:\/\/www.mpppst.gob.ve\/mpppstweb\/#website"},"primaryImageOfPage":{"@id":"https:\/\/www.mpppst.gob.ve\/mpppstweb\/index.php\/2019\/11\/29\/presidente-maduro-fortalece-lazos-de-fraternidad-con-la-republica-italiana\/#primaryimage"},"image":{"@id":"https:\/\/www.mpppst.gob.ve\/mpppstweb\/index.php\/2019\/11\/29\/presidente-maduro-fortalece-lazos-de-fraternidad-con-la-republica-italiana\/#primaryimage"},"thumbnailUrl":"https:\/\/www.mpppst.gob.ve\/mpppstweb\/wp-content\/uploads\/2019\/11\/lazos-con-italia.jpg","datePublished":"2019-11-29T13:48:04+00:00","dateModified":"2019-11-29T13:48:06+00:00","breadcrumb":{"@id":"https:\/\/www.mpppst.gob.ve\/mpppstweb\/index.php\/2019\/11\/29\/presidente-maduro-fortalece-lazos-de-fraternidad-con-la-republica-italiana\/#breadcrumb"},"inLanguage":"es","potentialAction":[{"@type":"ReadAction","target":["https:\/\/www.mpppst.gob.ve\/mpppstweb\/index.php\/2019\/11\/29\/presidente-maduro-fortalece-lazos-de-fraternidad-con-la-republica-italiana\/"]}]},{"@type":"ImageObject","inLanguage":"es","@id":"https:\/\/www.mpppst.gob.ve\/mpppstweb\/index.php\/2019\/11\/29\/presidente-maduro-fortalece-lazos-de-fraternidad-con-la-republica-italiana\/#primaryimage","url":"https:\/\/www.mpppst.gob.ve\/mpppstweb\/wp-content\/uploads\/2019\/11\/lazos-con-italia.jpg","contentUrl":"https:\/\/www.mpppst.gob.ve\/mpppstweb\/wp-content\/uploads\/2019\/11\/lazos-con-italia.jpg","width":900,"height":600},{"@type":"BreadcrumbList","@id":"https:\/\/www.mpppst.gob.ve\/mpppstweb\/index.php\/2019\/11\/29\/presidente-maduro-fortalece-lazos-de-fraternidad-con-la-republica-italiana\/#breadcrumb","itemListElement":[{"@type":"ListItem","position":1,"name":"Home","item":"https:\/\/www.mpppst.gob.ve\/mpppstweb\/"},{"@type":"ListItem","position":2,"name":"Presidente Maduro fortalece lazos de fraternidad con la Rep\u00fablica Italiana"}]},{"@type":"WebSite","@id":"https:\/\/www.mpppst.gob.ve\/mpppstweb\/#website","url":"https:\/\/www.mpppst.gob.ve\/mpppstweb\/","name":"MPPPST","description":"Sitio web oficial del Ministerio del Poder Popular para el Proceso Social de Trabajo","publisher":{"@id":"https:\/\/www.mpppst.gob.ve\/mpppstweb\/#organization"},"alternateName":"Ministerio del Poder Popular para el Proceso Social de Trabajo","potentialAction":[{"@type":"SearchAction","target":{"@type":"EntryPoint","urlTemplate":"https:\/\/www.mpppst.gob.ve\/mpppstweb\/?s={search_term_string}"},"query-input":{"@type":"PropertyValueSpecification","valueRequired":true,"valueName":"search_term_string"}}],"inLanguage":"es"},{"@type":"Organization","@id":"https:\/\/www.mpppst.gob.ve\/mpppstweb\/#organization","name":"Ministerio del Poder Popular para el Proceso Social de Trabajo","alternateName":"MPPPST","url":"https:\/\/www.mpppst.gob.ve\/mpppstweb\/","logo":{"@type":"ImageObject","inLanguage":"es","@id":"https:\/\/www.mpppst.gob.ve\/mpppstweb\/#\/schema\/logo\/image\/","url":"https:\/\/www.mpppst.gob.ve\/mpppstweb\/wp-content\/uploads\/2025\/07\/cropped-cropped-g910.png","contentUrl":"https:\/\/www.mpppst.gob.ve\/mpppstweb\/wp-content\/uploads\/2025\/07\/cropped-cropped-g910.png","width":1080,"height":241,"caption":"Ministerio del Poder Popular para el Proceso Social de Trabajo"},"image":{"@id":"https:\/\/www.mpppst.gob.ve\/mpppstweb\/#\/schema\/logo\/image\/"},"sameAs":["https:\/\/www.facebook.com\/mintrabajo_ve","https:\/\/www.instagram.com\/mintrabajo_ve\/","https:\/\/www.tiktok.com\/@mintrabajo_ve","https:\/\/t.me\/mpppst"]},{"@type":"Person","@id":"https:\/\/www.mpppst.gob.ve\/mpppstweb\/#\/schema\/person\/fc187ee8ead412bd4c9304b62f900ea4","name":"MPPPST Prensa","url":"https:\/\/www.mpppst.gob.ve\/mpppstweb\/index.php\/author\/prensa-mpppst\/"}]}},"_links":{"self":[{"href":"https:\/\/www.mpppst.gob.ve\/mpppstweb\/index.php\/wp-json\/wp\/v2\/posts\/17026","targetHints":{"allow":["GET"]}}],"collection":[{"href":"https:\/\/www.mpppst.gob.ve\/mpppstweb\/index.php\/wp-json\/wp\/v2\/posts"}],"about":[{"href":"https:\/\/www.mpppst.gob.ve\/mpppstweb\/index.php\/wp-json\/wp\/v2\/types\/post"}],"author":[{"embeddable":true,"href":"https:\/\/www.mpppst.gob.ve\/mpppstweb\/index.php\/wp-json\/wp\/v2\/users\/25"}],"replies":[{"embeddable":true,"href":"https:\/\/www.mpppst.gob.ve\/mpppstweb\/index.php\/wp-json\/wp\/v2\/comments?post=17026"}],"version-history":[{"count":1,"href":"https:\/\/www.mpppst.gob.ve\/mpppstweb\/index.php\/wp-json\/wp\/v2\/posts\/17026\/revisions"}],"predecessor-version":[{"id":17028,"href":"https:\/\/www.mpppst.gob.ve\/mpppstweb\/index.php\/wp-json\/wp\/v2\/posts\/17026\/revisions\/17028"}],"wp:featuredmedia":[{"embeddable":true,"href":"https:\/\/www.mpppst.gob.ve\/mpppstweb\/index.php\/wp-json\/wp\/v2\/media\/17027"}],"wp:attachment":[{"href":"https:\/\/www.mpppst.gob.ve\/mpppstweb\/index.php\/wp-json\/wp\/v2\/media?parent=17026"}],"wp:term":[{"taxonomy":"category","embeddable":true,"href":"https:\/\/www.mpppst.gob.ve\/mpppstweb\/index.php\/wp-json\/wp\/v2\/categories?post=17026"},{"taxonomy":"post_tag","embeddable":true,"href":"https:\/\/www.mpppst.gob.ve\/mpppstweb\/index.php\/wp-json\/wp\/v2\/tags?post=17026"}],"curies":[{"name":"wp","href":"https:\/\/api.w.org\/{rel}","templated":true}]}}