{"id":17097,"date":"2019-12-04T09:53:24","date_gmt":"2019-12-04T13:53:24","guid":{"rendered":"http:\/\/www.mpppst.gob.ve\/mpppstweb\/?p=17097"},"modified":"2019-12-04T09:53:25","modified_gmt":"2019-12-04T13:53:25","slug":"presidente-maduro-anuncio-tarjeta-electronica-para-el-uso-del-petro","status":"publish","type":"post","link":"https:\/\/www.mpppst.gob.ve\/mpppstweb\/index.php\/2019\/12\/04\/presidente-maduro-anuncio-tarjeta-electronica-para-el-uso-del-petro\/","title":{"rendered":"Presidente Maduro anunci\u00f3 tarjeta electr\u00f3nica para el uso del Petro"},"content":{"rendered":"\n<p class=\"wp-block-paragraph\">A fin de proteger al pueblo de<strong>\u00a0Venezuela<\/strong>, el presidente de la <strong>Rep\u00fablica<\/strong>,\u00a0<strong>Nicol\u00e1s Maduro<\/strong>, anunci\u00f3 que a trav\u00e9s del\u00a0<strong>Carnet de la Patria<\/strong>\u00a0se dar\u00e1n sorpresas durante el mes de diciembre a todas las personas protegidas por ese m\u00e9todo, entre ellas la implementaci\u00f3n de una tarjeta electr\u00f3nica.<\/p>\n\n\n\n<p class=\"wp-block-paragraph\">\u201cSi para apoyar al pueblo necesito implementar una tarjeta especial electr\u00f3nica, estoy listo para lanzar la&nbsp;<strong>Tarjeta de la Patria<\/strong>, instrumento que apoyar\u00e1 al pueblo a trav\u00e9s del Petro\u201d, dijo desde el&nbsp;<strong>C\u00edrculo Militar de Caracas<\/strong>&nbsp;a la vez que realiz\u00f3 una balance sobre el uso del carnet de la patria.<\/p>\n\n\n\n<p class=\"wp-block-paragraph\">Anunci\u00f3 que dar\u00e1 bonos durante el mes de diciembre y que depositar\u00e1 el equivalente a medio&nbsp;<strong>Petro<\/strong>&nbsp;a toda la gente protegida por el Plan especial, para ir afinando cual sea el mecanismo para el uso del&nbsp;<strong>Petro<\/strong>&nbsp;durante el a\u00f1o 2020, ya que tiene que ser un uso directo,&nbsp;<strong>\u201cpero tienen que saber manejarlos\u201d<\/strong>, asegur\u00f3.<\/p>\n\n\n\n<p class=\"wp-block-paragraph\">Apunt\u00f3 que la guerra econ\u00f3mica ha hecho sufrir al pueblo, \u201chemos apoyado con el&nbsp;<strong>Carnet de la Patria<\/strong>&nbsp;y, este diciembre, habr\u00e1n sorpresas bonitas con el&nbsp;<strong>Carnet de la Patria<\/strong>\u201d, dijo el presidente.<\/p>\n\n\n\n<p class=\"wp-block-paragraph\">En la actualidad son m\u00e1s de 18 millones de personas las que se han inscritos en el&nbsp;<strong>Carnet de la Patria<\/strong>, instrumento que ha sido fundamental para la construcci\u00f3n del&nbsp;<strong>Programa de Recuperaci\u00f3n Econ\u00f3mica, Crecimiento y Prosperidad<\/strong>.<\/p>\n\n\n\n<p class=\"wp-block-paragraph\">El<strong> Carnet de la Patria<\/strong>, creaci\u00f3n de la <strong>Revoluci\u00f3n Bolivariana<\/strong>, permite potenciar los programas socialistas, nacidos al calor del gobierno nacional, en especial a la\u00a0<strong>Misi\u00f3n Jos\u00e9 Gregorio Hern\u00e1ndez, Parto Humanizado, Chamba Juvenil, Hogares de la Patria, Lactancia Materna,<\/strong> entre otros.<\/p>\n\n\n\n<p class=\"wp-block-paragraph\">Prensa RNV<\/p>\n","protected":false},"excerpt":{"rendered":"<p>A fin de proteger al pueblo de\u00a0Venezuela, el presidente de la Rep\u00fablica,\u00a0Nicol\u00e1s Maduro, anunci\u00f3 que a &hellip; <a title=\"Presidente Maduro anunci\u00f3 tarjeta electr\u00f3nica para el uso del Petro\" class=\"hm-read-more\" href=\"https:\/\/www.mpppst.gob.ve\/mpppstweb\/index.php\/2019\/12\/04\/presidente-maduro-anuncio-tarjeta-electronica-para-el-uso-del-petro\/\"><span class=\"screen-reader-text\">Presidente Maduro anunci\u00f3 tarjeta electr\u00f3nica para el uso del Petro<\/span>Leer m\u00e1s<\/a><\/p>\n","protected":false},"author":25,"featured_media":17099,"comment_status":"closed","ping_status":"closed","sticky":false,"template":"","format":"standard","meta":{"footnotes":""},"categories":[82,163],"tags":[348,222,341,335],"class_list":["post-17097","post","type-post","status-publish","format-standard","has-post-thumbnail","hentry","category-gobierno-nacional","category-noticias","tag-carnet-de-la-patria","tag-gobierno-bolivariano","tag-nicolas-maduro","tag-venezuela"],"yoast_head":"<!-- This site is optimized with the Yoast SEO plugin v28.4 - https:\/\/yoast.com\/product\/yoast-seo-wordpress\/ -->\n<title>Presidente Maduro anunci\u00f3 tarjeta electr\u00f3nica para el uso del Petro - MPPPST<\/title>\n<meta name=\"robots\" content=\"index, follow, max-snippet:-1, max-image-preview:large, max-video-preview:-1\" \/>\n<link rel=\"canonical\" href=\"https:\/\/www.mpppst.gob.ve\/mpppstweb\/index.php\/2019\/12\/04\/presidente-maduro-anuncio-tarjeta-electronica-para-el-uso-del-petro\/\" \/>\n<meta property=\"og:locale\" content=\"es_ES\" \/>\n<meta property=\"og:type\" content=\"article\" \/>\n<meta property=\"og:title\" content=\"Presidente Maduro anunci\u00f3 tarjeta electr\u00f3nica para el uso del Petro - MPPPST\" \/>\n<meta property=\"og:description\" content=\"A fin de proteger al pueblo de\u00a0Venezuela, el presidente de la Rep\u00fablica,\u00a0Nicol\u00e1s Maduro, anunci\u00f3 que a &hellip; Presidente Maduro anunci\u00f3 tarjeta electr\u00f3nica para el uso del PetroLeer m\u00e1s\" \/>\n<meta property=\"og:url\" content=\"https:\/\/www.mpppst.gob.ve\/mpppstweb\/index.php\/2019\/12\/04\/presidente-maduro-anuncio-tarjeta-electronica-para-el-uso-del-petro\/\" \/>\n<meta property=\"og:site_name\" content=\"MPPPST\" \/>\n<meta property=\"article:publisher\" content=\"https:\/\/www.facebook.com\/mintrabajo_ve\" \/>\n<meta property=\"article:published_time\" content=\"2019-12-04T13:53:24+00:00\" \/>\n<meta property=\"article:modified_time\" content=\"2019-12-04T13:53:25+00:00\" \/>\n<meta property=\"og:image\" content=\"https:\/\/www.mpppst.gob.ve\/mpppstweb\/wp-content\/uploads\/2019\/12\/carnet.jpg\" \/>\n\t<meta property=\"og:image:width\" content=\"1024\" \/>\n\t<meta property=\"og:image:height\" content=\"606\" \/>\n\t<meta property=\"og:image:type\" content=\"image\/jpeg\" \/>\n<meta name=\"author\" content=\"MPPPST Prensa\" \/>\n<meta name=\"twitter:card\" content=\"summary_large_image\" \/>\n<script type=\"application\/ld+json\" class=\"yoast-schema-graph\">{\"@context\":\"https:\\\/\\\/schema.org\",\"@graph\":[{\"@type\":\"Article\",\"@id\":\"https:\\\/\\\/www.mpppst.gob.ve\\\/mpppstweb\\\/index.php\\\/2019\\\/12\\\/04\\\/presidente-maduro-anuncio-tarjeta-electronica-para-el-uso-del-petro\\\/#article\",\"isPartOf\":{\"@id\":\"https:\\\/\\\/www.mpppst.gob.ve\\\/mpppstweb\\\/index.php\\\/2019\\\/12\\\/04\\\/presidente-maduro-anuncio-tarjeta-electronica-para-el-uso-del-petro\\\/\"},\"author\":{\"name\":\"MPPPST Prensa\",\"@id\":\"https:\\\/\\\/www.mpppst.gob.ve\\\/mpppstweb\\\/#\\\/schema\\\/person\\\/fc187ee8ead412bd4c9304b62f900ea4\"},\"headline\":\"Presidente Maduro anunci\u00f3 tarjeta electr\u00f3nica para el uso del Petro\",\"datePublished\":\"2019-12-04T13:53:24+00:00\",\"dateModified\":\"2019-12-04T13:53:25+00:00\",\"mainEntityOfPage\":{\"@id\":\"https:\\\/\\\/www.mpppst.gob.ve\\\/mpppstweb\\\/index.php\\\/2019\\\/12\\\/04\\\/presidente-maduro-anuncio-tarjeta-electronica-para-el-uso-del-petro\\\/\"},\"wordCount\":311,\"publisher\":{\"@id\":\"https:\\\/\\\/www.mpppst.gob.ve\\\/mpppstweb\\\/#organization\"},\"image\":{\"@id\":\"https:\\\/\\\/www.mpppst.gob.ve\\\/mpppstweb\\\/index.php\\\/2019\\\/12\\\/04\\\/presidente-maduro-anuncio-tarjeta-electronica-para-el-uso-del-petro\\\/#primaryimage\"},\"thumbnailUrl\":\"https:\\\/\\\/www.mpppst.gob.ve\\\/mpppstweb\\\/wp-content\\\/uploads\\\/2019\\\/12\\\/carnet.jpg\",\"keywords\":[\"Carnet de la Patria\",\"Gobierno Bolivariano\",\"Nicol\u00e1s Maduro\",\"Venezuela\"],\"articleSection\":[\"Gobierno Nacional\",\"Noticias\"],\"inLanguage\":\"es\"},{\"@type\":\"WebPage\",\"@id\":\"https:\\\/\\\/www.mpppst.gob.ve\\\/mpppstweb\\\/index.php\\\/2019\\\/12\\\/04\\\/presidente-maduro-anuncio-tarjeta-electronica-para-el-uso-del-petro\\\/\",\"url\":\"https:\\\/\\\/www.mpppst.gob.ve\\\/mpppstweb\\\/index.php\\\/2019\\\/12\\\/04\\\/presidente-maduro-anuncio-tarjeta-electronica-para-el-uso-del-petro\\\/\",\"name\":\"Presidente Maduro anunci\u00f3 tarjeta electr\u00f3nica para el uso del Petro - MPPPST\",\"isPartOf\":{\"@id\":\"https:\\\/\\\/www.mpppst.gob.ve\\\/mpppstweb\\\/#website\"},\"primaryImageOfPage\":{\"@id\":\"https:\\\/\\\/www.mpppst.gob.ve\\\/mpppstweb\\\/index.php\\\/2019\\\/12\\\/04\\\/presidente-maduro-anuncio-tarjeta-electronica-para-el-uso-del-petro\\\/#primaryimage\"},\"image\":{\"@id\":\"https:\\\/\\\/www.mpppst.gob.ve\\\/mpppstweb\\\/index.php\\\/2019\\\/12\\\/04\\\/presidente-maduro-anuncio-tarjeta-electronica-para-el-uso-del-petro\\\/#primaryimage\"},\"thumbnailUrl\":\"https:\\\/\\\/www.mpppst.gob.ve\\\/mpppstweb\\\/wp-content\\\/uploads\\\/2019\\\/12\\\/carnet.jpg\",\"datePublished\":\"2019-12-04T13:53:24+00:00\",\"dateModified\":\"2019-12-04T13:53:25+00:00\",\"breadcrumb\":{\"@id\":\"https:\\\/\\\/www.mpppst.gob.ve\\\/mpppstweb\\\/index.php\\\/2019\\\/12\\\/04\\\/presidente-maduro-anuncio-tarjeta-electronica-para-el-uso-del-petro\\\/#breadcrumb\"},\"inLanguage\":\"es\",\"potentialAction\":[{\"@type\":\"ReadAction\",\"target\":[\"https:\\\/\\\/www.mpppst.gob.ve\\\/mpppstweb\\\/index.php\\\/2019\\\/12\\\/04\\\/presidente-maduro-anuncio-tarjeta-electronica-para-el-uso-del-petro\\\/\"]}]},{\"@type\":\"ImageObject\",\"inLanguage\":\"es\",\"@id\":\"https:\\\/\\\/www.mpppst.gob.ve\\\/mpppstweb\\\/index.php\\\/2019\\\/12\\\/04\\\/presidente-maduro-anuncio-tarjeta-electronica-para-el-uso-del-petro\\\/#primaryimage\",\"url\":\"https:\\\/\\\/www.mpppst.gob.ve\\\/mpppstweb\\\/wp-content\\\/uploads\\\/2019\\\/12\\\/carnet.jpg\",\"contentUrl\":\"https:\\\/\\\/www.mpppst.gob.ve\\\/mpppstweb\\\/wp-content\\\/uploads\\\/2019\\\/12\\\/carnet.jpg\",\"width\":1024,\"height\":606},{\"@type\":\"BreadcrumbList\",\"@id\":\"https:\\\/\\\/www.mpppst.gob.ve\\\/mpppstweb\\\/index.php\\\/2019\\\/12\\\/04\\\/presidente-maduro-anuncio-tarjeta-electronica-para-el-uso-del-petro\\\/#breadcrumb\",\"itemListElement\":[{\"@type\":\"ListItem\",\"position\":1,\"name\":\"Home\",\"item\":\"https:\\\/\\\/www.mpppst.gob.ve\\\/mpppstweb\\\/\"},{\"@type\":\"ListItem\",\"position\":2,\"name\":\"Presidente Maduro anunci\u00f3 tarjeta electr\u00f3nica para el uso del Petro\"}]},{\"@type\":\"WebSite\",\"@id\":\"https:\\\/\\\/www.mpppst.gob.ve\\\/mpppstweb\\\/#website\",\"url\":\"https:\\\/\\\/www.mpppst.gob.ve\\\/mpppstweb\\\/\",\"name\":\"MPPPST\",\"description\":\"Sitio web oficial del Ministerio del Poder Popular para el Proceso Social de Trabajo\",\"publisher\":{\"@id\":\"https:\\\/\\\/www.mpppst.gob.ve\\\/mpppstweb\\\/#organization\"},\"alternateName\":\"Ministerio del Poder Popular para el Proceso Social de Trabajo\",\"potentialAction\":[{\"@type\":\"SearchAction\",\"target\":{\"@type\":\"EntryPoint\",\"urlTemplate\":\"https:\\\/\\\/www.mpppst.gob.ve\\\/mpppstweb\\\/?s={search_term_string}\"},\"query-input\":{\"@type\":\"PropertyValueSpecification\",\"valueRequired\":true,\"valueName\":\"search_term_string\"}}],\"inLanguage\":\"es\"},{\"@type\":\"Organization\",\"@id\":\"https:\\\/\\\/www.mpppst.gob.ve\\\/mpppstweb\\\/#organization\",\"name\":\"Ministerio del Poder Popular para el Proceso Social de Trabajo\",\"alternateName\":\"MPPPST\",\"url\":\"https:\\\/\\\/www.mpppst.gob.ve\\\/mpppstweb\\\/\",\"logo\":{\"@type\":\"ImageObject\",\"inLanguage\":\"es\",\"@id\":\"https:\\\/\\\/www.mpppst.gob.ve\\\/mpppstweb\\\/#\\\/schema\\\/logo\\\/image\\\/\",\"url\":\"https:\\\/\\\/www.mpppst.gob.ve\\\/mpppstweb\\\/wp-content\\\/uploads\\\/2025\\\/07\\\/cropped-cropped-g910.png\",\"contentUrl\":\"https:\\\/\\\/www.mpppst.gob.ve\\\/mpppstweb\\\/wp-content\\\/uploads\\\/2025\\\/07\\\/cropped-cropped-g910.png\",\"width\":1080,\"height\":241,\"caption\":\"Ministerio del Poder Popular para el Proceso Social de Trabajo\"},\"image\":{\"@id\":\"https:\\\/\\\/www.mpppst.gob.ve\\\/mpppstweb\\\/#\\\/schema\\\/logo\\\/image\\\/\"},\"sameAs\":[\"https:\\\/\\\/www.facebook.com\\\/mintrabajo_ve\",\"https:\\\/\\\/www.instagram.com\\\/mintrabajo_ve\\\/\",\"https:\\\/\\\/www.tiktok.com\\\/@mintrabajo_ve\",\"https:\\\/\\\/t.me\\\/mpppst\"]},{\"@type\":\"Person\",\"@id\":\"https:\\\/\\\/www.mpppst.gob.ve\\\/mpppstweb\\\/#\\\/schema\\\/person\\\/fc187ee8ead412bd4c9304b62f900ea4\",\"name\":\"MPPPST Prensa\",\"url\":\"https:\\\/\\\/www.mpppst.gob.ve\\\/mpppstweb\\\/index.php\\\/author\\\/prensa-mpppst\\\/\"}]}<\/script>\n<!-- \/ Yoast SEO plugin. -->","yoast_head_json":{"title":"Presidente Maduro anunci\u00f3 tarjeta electr\u00f3nica para el uso del Petro - MPPPST","robots":{"index":"index","follow":"follow","max-snippet":"max-snippet:-1","max-image-preview":"max-image-preview:large","max-video-preview":"max-video-preview:-1"},"canonical":"https:\/\/www.mpppst.gob.ve\/mpppstweb\/index.php\/2019\/12\/04\/presidente-maduro-anuncio-tarjeta-electronica-para-el-uso-del-petro\/","og_locale":"es_ES","og_type":"article","og_title":"Presidente Maduro anunci\u00f3 tarjeta electr\u00f3nica para el uso del Petro - MPPPST","og_description":"A fin de proteger al pueblo de\u00a0Venezuela, el presidente de la Rep\u00fablica,\u00a0Nicol\u00e1s Maduro, anunci\u00f3 que a &hellip; Presidente Maduro anunci\u00f3 tarjeta electr\u00f3nica para el uso del PetroLeer m\u00e1s","og_url":"https:\/\/www.mpppst.gob.ve\/mpppstweb\/index.php\/2019\/12\/04\/presidente-maduro-anuncio-tarjeta-electronica-para-el-uso-del-petro\/","og_site_name":"MPPPST","article_publisher":"https:\/\/www.facebook.com\/mintrabajo_ve","article_published_time":"2019-12-04T13:53:24+00:00","article_modified_time":"2019-12-04T13:53:25+00:00","og_image":[{"width":1024,"height":606,"url":"https:\/\/www.mpppst.gob.ve\/mpppstweb\/wp-content\/uploads\/2019\/12\/carnet.jpg","type":"image\/jpeg"}],"author":"MPPPST Prensa","twitter_card":"summary_large_image","schema":{"@context":"https:\/\/schema.org","@graph":[{"@type":"Article","@id":"https:\/\/www.mpppst.gob.ve\/mpppstweb\/index.php\/2019\/12\/04\/presidente-maduro-anuncio-tarjeta-electronica-para-el-uso-del-petro\/#article","isPartOf":{"@id":"https:\/\/www.mpppst.gob.ve\/mpppstweb\/index.php\/2019\/12\/04\/presidente-maduro-anuncio-tarjeta-electronica-para-el-uso-del-petro\/"},"author":{"name":"MPPPST Prensa","@id":"https:\/\/www.mpppst.gob.ve\/mpppstweb\/#\/schema\/person\/fc187ee8ead412bd4c9304b62f900ea4"},"headline":"Presidente Maduro anunci\u00f3 tarjeta electr\u00f3nica para el uso del Petro","datePublished":"2019-12-04T13:53:24+00:00","dateModified":"2019-12-04T13:53:25+00:00","mainEntityOfPage":{"@id":"https:\/\/www.mpppst.gob.ve\/mpppstweb\/index.php\/2019\/12\/04\/presidente-maduro-anuncio-tarjeta-electronica-para-el-uso-del-petro\/"},"wordCount":311,"publisher":{"@id":"https:\/\/www.mpppst.gob.ve\/mpppstweb\/#organization"},"image":{"@id":"https:\/\/www.mpppst.gob.ve\/mpppstweb\/index.php\/2019\/12\/04\/presidente-maduro-anuncio-tarjeta-electronica-para-el-uso-del-petro\/#primaryimage"},"thumbnailUrl":"https:\/\/www.mpppst.gob.ve\/mpppstweb\/wp-content\/uploads\/2019\/12\/carnet.jpg","keywords":["Carnet de la Patria","Gobierno Bolivariano","Nicol\u00e1s Maduro","Venezuela"],"articleSection":["Gobierno Nacional","Noticias"],"inLanguage":"es"},{"@type":"WebPage","@id":"https:\/\/www.mpppst.gob.ve\/mpppstweb\/index.php\/2019\/12\/04\/presidente-maduro-anuncio-tarjeta-electronica-para-el-uso-del-petro\/","url":"https:\/\/www.mpppst.gob.ve\/mpppstweb\/index.php\/2019\/12\/04\/presidente-maduro-anuncio-tarjeta-electronica-para-el-uso-del-petro\/","name":"Presidente Maduro anunci\u00f3 tarjeta electr\u00f3nica para el uso del Petro - MPPPST","isPartOf":{"@id":"https:\/\/www.mpppst.gob.ve\/mpppstweb\/#website"},"primaryImageOfPage":{"@id":"https:\/\/www.mpppst.gob.ve\/mpppstweb\/index.php\/2019\/12\/04\/presidente-maduro-anuncio-tarjeta-electronica-para-el-uso-del-petro\/#primaryimage"},"image":{"@id":"https:\/\/www.mpppst.gob.ve\/mpppstweb\/index.php\/2019\/12\/04\/presidente-maduro-anuncio-tarjeta-electronica-para-el-uso-del-petro\/#primaryimage"},"thumbnailUrl":"https:\/\/www.mpppst.gob.ve\/mpppstweb\/wp-content\/uploads\/2019\/12\/carnet.jpg","datePublished":"2019-12-04T13:53:24+00:00","dateModified":"2019-12-04T13:53:25+00:00","breadcrumb":{"@id":"https:\/\/www.mpppst.gob.ve\/mpppstweb\/index.php\/2019\/12\/04\/presidente-maduro-anuncio-tarjeta-electronica-para-el-uso-del-petro\/#breadcrumb"},"inLanguage":"es","potentialAction":[{"@type":"ReadAction","target":["https:\/\/www.mpppst.gob.ve\/mpppstweb\/index.php\/2019\/12\/04\/presidente-maduro-anuncio-tarjeta-electronica-para-el-uso-del-petro\/"]}]},{"@type":"ImageObject","inLanguage":"es","@id":"https:\/\/www.mpppst.gob.ve\/mpppstweb\/index.php\/2019\/12\/04\/presidente-maduro-anuncio-tarjeta-electronica-para-el-uso-del-petro\/#primaryimage","url":"https:\/\/www.mpppst.gob.ve\/mpppstweb\/wp-content\/uploads\/2019\/12\/carnet.jpg","contentUrl":"https:\/\/www.mpppst.gob.ve\/mpppstweb\/wp-content\/uploads\/2019\/12\/carnet.jpg","width":1024,"height":606},{"@type":"BreadcrumbList","@id":"https:\/\/www.mpppst.gob.ve\/mpppstweb\/index.php\/2019\/12\/04\/presidente-maduro-anuncio-tarjeta-electronica-para-el-uso-del-petro\/#breadcrumb","itemListElement":[{"@type":"ListItem","position":1,"name":"Home","item":"https:\/\/www.mpppst.gob.ve\/mpppstweb\/"},{"@type":"ListItem","position":2,"name":"Presidente Maduro anunci\u00f3 tarjeta electr\u00f3nica para el uso del Petro"}]},{"@type":"WebSite","@id":"https:\/\/www.mpppst.gob.ve\/mpppstweb\/#website","url":"https:\/\/www.mpppst.gob.ve\/mpppstweb\/","name":"MPPPST","description":"Sitio web oficial del Ministerio del Poder Popular para el Proceso Social de Trabajo","publisher":{"@id":"https:\/\/www.mpppst.gob.ve\/mpppstweb\/#organization"},"alternateName":"Ministerio del Poder Popular para el Proceso Social de Trabajo","potentialAction":[{"@type":"SearchAction","target":{"@type":"EntryPoint","urlTemplate":"https:\/\/www.mpppst.gob.ve\/mpppstweb\/?s={search_term_string}"},"query-input":{"@type":"PropertyValueSpecification","valueRequired":true,"valueName":"search_term_string"}}],"inLanguage":"es"},{"@type":"Organization","@id":"https:\/\/www.mpppst.gob.ve\/mpppstweb\/#organization","name":"Ministerio del Poder Popular para el Proceso Social de Trabajo","alternateName":"MPPPST","url":"https:\/\/www.mpppst.gob.ve\/mpppstweb\/","logo":{"@type":"ImageObject","inLanguage":"es","@id":"https:\/\/www.mpppst.gob.ve\/mpppstweb\/#\/schema\/logo\/image\/","url":"https:\/\/www.mpppst.gob.ve\/mpppstweb\/wp-content\/uploads\/2025\/07\/cropped-cropped-g910.png","contentUrl":"https:\/\/www.mpppst.gob.ve\/mpppstweb\/wp-content\/uploads\/2025\/07\/cropped-cropped-g910.png","width":1080,"height":241,"caption":"Ministerio del Poder Popular para el Proceso Social de Trabajo"},"image":{"@id":"https:\/\/www.mpppst.gob.ve\/mpppstweb\/#\/schema\/logo\/image\/"},"sameAs":["https:\/\/www.facebook.com\/mintrabajo_ve","https:\/\/www.instagram.com\/mintrabajo_ve\/","https:\/\/www.tiktok.com\/@mintrabajo_ve","https:\/\/t.me\/mpppst"]},{"@type":"Person","@id":"https:\/\/www.mpppst.gob.ve\/mpppstweb\/#\/schema\/person\/fc187ee8ead412bd4c9304b62f900ea4","name":"MPPPST Prensa","url":"https:\/\/www.mpppst.gob.ve\/mpppstweb\/index.php\/author\/prensa-mpppst\/"}]}},"_links":{"self":[{"href":"https:\/\/www.mpppst.gob.ve\/mpppstweb\/index.php\/wp-json\/wp\/v2\/posts\/17097","targetHints":{"allow":["GET"]}}],"collection":[{"href":"https:\/\/www.mpppst.gob.ve\/mpppstweb\/index.php\/wp-json\/wp\/v2\/posts"}],"about":[{"href":"https:\/\/www.mpppst.gob.ve\/mpppstweb\/index.php\/wp-json\/wp\/v2\/types\/post"}],"author":[{"embeddable":true,"href":"https:\/\/www.mpppst.gob.ve\/mpppstweb\/index.php\/wp-json\/wp\/v2\/users\/25"}],"replies":[{"embeddable":true,"href":"https:\/\/www.mpppst.gob.ve\/mpppstweb\/index.php\/wp-json\/wp\/v2\/comments?post=17097"}],"version-history":[{"count":1,"href":"https:\/\/www.mpppst.gob.ve\/mpppstweb\/index.php\/wp-json\/wp\/v2\/posts\/17097\/revisions"}],"predecessor-version":[{"id":17100,"href":"https:\/\/www.mpppst.gob.ve\/mpppstweb\/index.php\/wp-json\/wp\/v2\/posts\/17097\/revisions\/17100"}],"wp:featuredmedia":[{"embeddable":true,"href":"https:\/\/www.mpppst.gob.ve\/mpppstweb\/index.php\/wp-json\/wp\/v2\/media\/17099"}],"wp:attachment":[{"href":"https:\/\/www.mpppst.gob.ve\/mpppstweb\/index.php\/wp-json\/wp\/v2\/media?parent=17097"}],"wp:term":[{"taxonomy":"category","embeddable":true,"href":"https:\/\/www.mpppst.gob.ve\/mpppstweb\/index.php\/wp-json\/wp\/v2\/categories?post=17097"},{"taxonomy":"post_tag","embeddable":true,"href":"https:\/\/www.mpppst.gob.ve\/mpppstweb\/index.php\/wp-json\/wp\/v2\/tags?post=17097"}],"curies":[{"name":"wp","href":"https:\/\/api.w.org\/{rel}","templated":true}]}}