{"id":17212,"date":"2019-12-10T11:21:59","date_gmt":"2019-12-10T15:21:59","guid":{"rendered":"http:\/\/www.mpppst.gob.ve\/mpppstweb\/?p=17212"},"modified":"2019-12-10T11:22:01","modified_gmt":"2019-12-10T15:22:01","slug":"juventud-comunista-de-venezuela-luchara-contra-agresiones-imperiales-en-la-20-asamblea-general-de-la-fmjd","status":"publish","type":"post","link":"https:\/\/www.mpppst.gob.ve\/mpppstweb\/index.php\/2019\/12\/10\/juventud-comunista-de-venezuela-luchara-contra-agresiones-imperiales-en-la-20-asamblea-general-de-la-fmjd\/","title":{"rendered":"Juventud Comunista de Venezuela luchar\u00e1 contra agresiones imperiales en la 20\u00b0 Asamblea General de la FMJD"},"content":{"rendered":"\n<p>Una delegaci\u00f3n de la <strong>Juventud Comunista de Venezuela (JCV)<\/strong> garantizar\u00e1 que la lucha y resistencia del pueblo de <strong>Venezuela<\/strong> sea convertida en causa de la<strong> Federaci\u00f3n Mundial de Juventudes Democr\u00e1ticas (FMJD)<\/strong> para el pr\u00f3ximo per\u00edodo, como parte del reimpulso e implementaci\u00f3n de campa\u00f1as y acciones en solidaridad con el pa\u00eds, a fin de combatir las agresiones del imperialismo contra la <strong>Patria<\/strong>.<\/p>\n\n\n\n<p>La <strong>JCV<\/strong> tuvo una destacada participaci\u00f3n en la<strong> 20\u00b0 Asamblea General de la FMJD<\/strong> realizada en Nicosia, Chipre; espacio que congreg\u00f3 a cerca de 100 organizaciones juveniles antiimperialistas y anticapitalistas del mundo.<\/p>\n\n\n\n<p>La <strong>20\u00b0 Asamblea General<\/strong> actualiz\u00f3 las caracterizaciones de la <strong>FMJD<\/strong> referidas al desarrollo de la lucha de los j\u00f3venes por sus derechos y por un futuro de paz, sin guerras. Tambi\u00e9n fue elegida la estructura dirigente de la Federaci\u00f3n para los pr\u00f3ximos cuatro a\u00f1os y las comisiones auxiliares, rese\u00f1a YVKE Mundial en su portal web.<\/p>\n\n\n\n<p>Para este nuevo per\u00edodo la presidencia de la Federaci\u00f3n la ocupar\u00e1 la <strong>Uni\u00f3n de Juventudes Comunistas de Espa\u00f1a (UJCE)<\/strong>. As\u00ed mismo, fue reelegida la <strong>Uni\u00f3n de J\u00f3venes Comunistas de Cuba (UJC)<\/strong>, que seguir\u00e1 estando al frente de la segunda responsabilidad, la<strong> Secretar\u00eda General<\/strong>. Ambas organizaciones estar\u00e1n acompa\u00f1adas en el Bur\u00f3 Coordinador en Budapest por la <strong>Liga Juvenil del Partido SWAPO de Namibia (SPYL)<\/strong>, la <strong>Federaci\u00f3n Juvenil de Nepal (YFN)<\/strong>, y la <strong>Uni\u00f3n Libanesa de la Juventud Democr\u00e1tica (ULDY)<\/strong>, las cuales ocupan la primera vicepresidencia por las regiones de \u00c1frica, As\u00eda y Medio Oriente, respectivamente.<\/p>\n\n\n\n<p>La<strong> JCV<\/strong> es miembro fundador de la<strong> FMJD <\/strong>y fue ratificada como organizaci\u00f3n integrante del Consejo General, siendo electa adem\u00e1s para asumir la responsabilidad de la Coordinaci\u00f3n Regional para Latinoam\u00e9rica y el Caribe por los pr\u00f3ximos dos a\u00f1os.<\/p>\n\n\n\n<p>Esta organizaci\u00f3n a trav\u00e9s de su Secretaria General Janohi Rosas, en su intervenci\u00f3n destac\u00f3 el papel de la <strong>FMJD<\/strong> en el impulso de la solidaridad internacionalista de las juventudes del mundo con la lucha y resistencia del pueblo venezolano; mediante acciones como la campa\u00f1a <strong>\u00a1Imperialismo, manos fuera de Venezuela!<\/strong>, la cual ha desplegado diversas acciones provenientes de los cinco continentes, demostrando el compromiso de las organizaciones miembro de la <strong>Federaci\u00f3n con Venezuela.<\/strong><\/p>\n\n\n\n<p>Tambi\u00e9n expres\u00f3 su agradecimiento a la<strong> Organizaci\u00f3n de la Juventud Democr\u00e1tica Unida (EDON)<\/strong>, por su extraordinaria hospitalidad y capacidad anfitriona, as\u00ed como por todos los esfuerzos y el papel cumplido en el proceso de organizaci\u00f3n de la<strong> 20\u00b0 Asamblea General de la FMJD<\/strong>, quienes adem\u00e1s hicieron un importante trabajo al presidir la Federaci\u00f3n durante los \u00faltimos dos per\u00edodos<\/p>\n\n\n\n<p>Prensa VTV<\/p>\n","protected":false},"excerpt":{"rendered":"<p>Una delegaci\u00f3n de la Juventud Comunista de Venezuela (JCV) garantizar\u00e1 que la lucha y resistencia del &hellip; <a title=\"Juventud Comunista de Venezuela luchar\u00e1 contra agresiones imperiales en la 20\u00b0 Asamblea General de la FMJD\" class=\"hm-read-more\" href=\"https:\/\/www.mpppst.gob.ve\/mpppstweb\/index.php\/2019\/12\/10\/juventud-comunista-de-venezuela-luchara-contra-agresiones-imperiales-en-la-20-asamblea-general-de-la-fmjd\/\"><span class=\"screen-reader-text\">Juventud Comunista de Venezuela luchar\u00e1 contra agresiones imperiales en la 20\u00b0 Asamblea General de la FMJD<\/span>Read more<\/a><\/p>\n","protected":false},"author":25,"featured_media":17213,"comment_status":"closed","ping_status":"closed","sticky":false,"template":"","format":"standard","meta":{"footnotes":""},"categories":[82,163],"tags":[335],"yoast_head":"<!-- This site is optimized with the Yoast SEO plugin v22.5 - https:\/\/yoast.com\/wordpress\/plugins\/seo\/ -->\n<title>Juventud Comunista de Venezuela luchar\u00e1 contra agresiones imperiales en la 20\u00b0 Asamblea General de la FMJD - MPPPST<\/title>\n<meta name=\"robots\" content=\"index, follow, max-snippet:-1, max-image-preview:large, max-video-preview:-1\" \/>\n<link rel=\"canonical\" href=\"https:\/\/www.mpppst.gob.ve\/mpppstweb\/index.php\/2019\/12\/10\/juventud-comunista-de-venezuela-luchara-contra-agresiones-imperiales-en-la-20-asamblea-general-de-la-fmjd\/\" \/>\n<meta property=\"og:locale\" content=\"es_ES\" \/>\n<meta property=\"og:type\" content=\"article\" \/>\n<meta property=\"og:title\" content=\"Juventud Comunista de Venezuela luchar\u00e1 contra agresiones imperiales en la 20\u00b0 Asamblea General de la FMJD - MPPPST\" \/>\n<meta property=\"og:description\" content=\"Una delegaci\u00f3n de la Juventud Comunista de Venezuela (JCV) garantizar\u00e1 que la lucha y resistencia del &hellip; Juventud Comunista de Venezuela luchar\u00e1 contra agresiones imperiales en la 20\u00b0 Asamblea General de la FMJDRead more\" \/>\n<meta property=\"og:url\" content=\"https:\/\/www.mpppst.gob.ve\/mpppstweb\/index.php\/2019\/12\/10\/juventud-comunista-de-venezuela-luchara-contra-agresiones-imperiales-en-la-20-asamblea-general-de-la-fmjd\/\" \/>\n<meta property=\"og:site_name\" content=\"MPPPST\" \/>\n<meta property=\"article:published_time\" content=\"2019-12-10T15:21:59+00:00\" \/>\n<meta property=\"article:modified_time\" content=\"2019-12-10T15:22:01+00:00\" \/>\n<meta property=\"og:image\" content=\"https:\/\/www.mpppst.gob.ve\/mpppstweb\/wp-content\/uploads\/2019\/12\/juventud-comunista.jpeg\" \/>\n\t<meta property=\"og:image:width\" content=\"618\" \/>\n\t<meta property=\"og:image:height\" content=\"445\" \/>\n\t<meta property=\"og:image:type\" content=\"image\/jpeg\" \/>\n<meta name=\"author\" content=\"MPPPST Prensa\" \/>\n<meta name=\"twitter:card\" content=\"summary_large_image\" \/>\n<meta name=\"twitter:label1\" content=\"Escrito por\" \/>\n\t<meta name=\"twitter:data1\" content=\"MPPPST Prensa\" \/>\n\t<meta name=\"twitter:label2\" content=\"Tiempo de lectura\" \/>\n\t<meta name=\"twitter:data2\" content=\"2 minutos\" \/>\n<script type=\"application\/ld+json\" class=\"yoast-schema-graph\">{\"@context\":\"https:\/\/schema.org\",\"@graph\":[{\"@type\":\"Article\",\"@id\":\"https:\/\/www.mpppst.gob.ve\/mpppstweb\/index.php\/2019\/12\/10\/juventud-comunista-de-venezuela-luchara-contra-agresiones-imperiales-en-la-20-asamblea-general-de-la-fmjd\/#article\",\"isPartOf\":{\"@id\":\"https:\/\/www.mpppst.gob.ve\/mpppstweb\/index.php\/2019\/12\/10\/juventud-comunista-de-venezuela-luchara-contra-agresiones-imperiales-en-la-20-asamblea-general-de-la-fmjd\/\"},\"author\":{\"name\":\"MPPPST Prensa\",\"@id\":\"https:\/\/www.mpppst.gob.ve\/mpppstweb\/#\/schema\/person\/fc187ee8ead412bd4c9304b62f900ea4\"},\"headline\":\"Juventud Comunista de Venezuela luchar\u00e1 contra agresiones imperiales en la 20\u00b0 Asamblea General de la FMJD\",\"datePublished\":\"2019-12-10T15:21:59+00:00\",\"dateModified\":\"2019-12-10T15:22:01+00:00\",\"mainEntityOfPage\":{\"@id\":\"https:\/\/www.mpppst.gob.ve\/mpppstweb\/index.php\/2019\/12\/10\/juventud-comunista-de-venezuela-luchara-contra-agresiones-imperiales-en-la-20-asamblea-general-de-la-fmjd\/\"},\"wordCount\":469,\"publisher\":{\"@id\":\"https:\/\/www.mpppst.gob.ve\/mpppstweb\/#organization\"},\"image\":{\"@id\":\"https:\/\/www.mpppst.gob.ve\/mpppstweb\/index.php\/2019\/12\/10\/juventud-comunista-de-venezuela-luchara-contra-agresiones-imperiales-en-la-20-asamblea-general-de-la-fmjd\/#primaryimage\"},\"thumbnailUrl\":\"https:\/\/www.mpppst.gob.ve\/mpppstweb\/wp-content\/uploads\/2019\/12\/juventud-comunista.jpeg\",\"keywords\":[\"Venezuela\"],\"articleSection\":[\"Gobierno Nacional\",\"Noticias\"],\"inLanguage\":\"es\"},{\"@type\":\"WebPage\",\"@id\":\"https:\/\/www.mpppst.gob.ve\/mpppstweb\/index.php\/2019\/12\/10\/juventud-comunista-de-venezuela-luchara-contra-agresiones-imperiales-en-la-20-asamblea-general-de-la-fmjd\/\",\"url\":\"https:\/\/www.mpppst.gob.ve\/mpppstweb\/index.php\/2019\/12\/10\/juventud-comunista-de-venezuela-luchara-contra-agresiones-imperiales-en-la-20-asamblea-general-de-la-fmjd\/\",\"name\":\"Juventud Comunista de Venezuela luchar\u00e1 contra agresiones imperiales en la 20\u00b0 Asamblea General de la FMJD - MPPPST\",\"isPartOf\":{\"@id\":\"https:\/\/www.mpppst.gob.ve\/mpppstweb\/#website\"},\"primaryImageOfPage\":{\"@id\":\"https:\/\/www.mpppst.gob.ve\/mpppstweb\/index.php\/2019\/12\/10\/juventud-comunista-de-venezuela-luchara-contra-agresiones-imperiales-en-la-20-asamblea-general-de-la-fmjd\/#primaryimage\"},\"image\":{\"@id\":\"https:\/\/www.mpppst.gob.ve\/mpppstweb\/index.php\/2019\/12\/10\/juventud-comunista-de-venezuela-luchara-contra-agresiones-imperiales-en-la-20-asamblea-general-de-la-fmjd\/#primaryimage\"},\"thumbnailUrl\":\"https:\/\/www.mpppst.gob.ve\/mpppstweb\/wp-content\/uploads\/2019\/12\/juventud-comunista.jpeg\",\"datePublished\":\"2019-12-10T15:21:59+00:00\",\"dateModified\":\"2019-12-10T15:22:01+00:00\",\"breadcrumb\":{\"@id\":\"https:\/\/www.mpppst.gob.ve\/mpppstweb\/index.php\/2019\/12\/10\/juventud-comunista-de-venezuela-luchara-contra-agresiones-imperiales-en-la-20-asamblea-general-de-la-fmjd\/#breadcrumb\"},\"inLanguage\":\"es\",\"potentialAction\":[{\"@type\":\"ReadAction\",\"target\":[\"https:\/\/www.mpppst.gob.ve\/mpppstweb\/index.php\/2019\/12\/10\/juventud-comunista-de-venezuela-luchara-contra-agresiones-imperiales-en-la-20-asamblea-general-de-la-fmjd\/\"]}]},{\"@type\":\"ImageObject\",\"inLanguage\":\"es\",\"@id\":\"https:\/\/www.mpppst.gob.ve\/mpppstweb\/index.php\/2019\/12\/10\/juventud-comunista-de-venezuela-luchara-contra-agresiones-imperiales-en-la-20-asamblea-general-de-la-fmjd\/#primaryimage\",\"url\":\"https:\/\/www.mpppst.gob.ve\/mpppstweb\/wp-content\/uploads\/2019\/12\/juventud-comunista.jpeg\",\"contentUrl\":\"https:\/\/www.mpppst.gob.ve\/mpppstweb\/wp-content\/uploads\/2019\/12\/juventud-comunista.jpeg\",\"width\":618,\"height\":445},{\"@type\":\"BreadcrumbList\",\"@id\":\"https:\/\/www.mpppst.gob.ve\/mpppstweb\/index.php\/2019\/12\/10\/juventud-comunista-de-venezuela-luchara-contra-agresiones-imperiales-en-la-20-asamblea-general-de-la-fmjd\/#breadcrumb\",\"itemListElement\":[{\"@type\":\"ListItem\",\"position\":1,\"name\":\"Home\",\"item\":\"https:\/\/www.mpppst.gob.ve\/mpppstweb\/\"},{\"@type\":\"ListItem\",\"position\":2,\"name\":\"Juventud Comunista de Venezuela luchar\u00e1 contra agresiones imperiales en la 20\u00b0 Asamblea General de la FMJD\"}]},{\"@type\":\"WebSite\",\"@id\":\"https:\/\/www.mpppst.gob.ve\/mpppstweb\/#website\",\"url\":\"https:\/\/www.mpppst.gob.ve\/mpppstweb\/\",\"name\":\"MPPPST\",\"description\":\"Ministerio del Poder Popular para el Proceso Social de Trabajo\",\"publisher\":{\"@id\":\"https:\/\/www.mpppst.gob.ve\/mpppstweb\/#organization\"},\"potentialAction\":[{\"@type\":\"SearchAction\",\"target\":{\"@type\":\"EntryPoint\",\"urlTemplate\":\"https:\/\/www.mpppst.gob.ve\/mpppstweb\/?s={search_term_string}\"},\"query-input\":\"required name=search_term_string\"}],\"inLanguage\":\"es\"},{\"@type\":\"Organization\",\"@id\":\"https:\/\/www.mpppst.gob.ve\/mpppstweb\/#organization\",\"name\":\"mpppst\",\"url\":\"https:\/\/www.mpppst.gob.ve\/mpppstweb\/\",\"logo\":{\"@type\":\"ImageObject\",\"inLanguage\":\"es\",\"@id\":\"https:\/\/www.mpppst.gob.ve\/mpppstweb\/#\/schema\/logo\/image\/\",\"url\":\"https:\/\/www.mpppst.gob.ve\/mpppstweb\/wp-content\/uploads\/2025\/07\/cropped-cropped-g910.png\",\"contentUrl\":\"https:\/\/www.mpppst.gob.ve\/mpppstweb\/wp-content\/uploads\/2025\/07\/cropped-cropped-g910.png\",\"width\":1080,\"height\":241,\"caption\":\"mpppst\"},\"image\":{\"@id\":\"https:\/\/www.mpppst.gob.ve\/mpppstweb\/#\/schema\/logo\/image\/\"}},{\"@type\":\"Person\",\"@id\":\"https:\/\/www.mpppst.gob.ve\/mpppstweb\/#\/schema\/person\/fc187ee8ead412bd4c9304b62f900ea4\",\"name\":\"MPPPST Prensa\",\"url\":\"https:\/\/www.mpppst.gob.ve\/mpppstweb\/index.php\/author\/prensa-mpppst\/\"}]}<\/script>\n<!-- \/ Yoast SEO plugin. -->","yoast_head_json":{"title":"Juventud Comunista de Venezuela luchar\u00e1 contra agresiones imperiales en la 20\u00b0 Asamblea General de la FMJD - MPPPST","robots":{"index":"index","follow":"follow","max-snippet":"max-snippet:-1","max-image-preview":"max-image-preview:large","max-video-preview":"max-video-preview:-1"},"canonical":"https:\/\/www.mpppst.gob.ve\/mpppstweb\/index.php\/2019\/12\/10\/juventud-comunista-de-venezuela-luchara-contra-agresiones-imperiales-en-la-20-asamblea-general-de-la-fmjd\/","og_locale":"es_ES","og_type":"article","og_title":"Juventud Comunista de Venezuela luchar\u00e1 contra agresiones imperiales en la 20\u00b0 Asamblea General de la FMJD - MPPPST","og_description":"Una delegaci\u00f3n de la Juventud Comunista de Venezuela (JCV) garantizar\u00e1 que la lucha y resistencia del &hellip; Juventud Comunista de Venezuela luchar\u00e1 contra agresiones imperiales en la 20\u00b0 Asamblea General de la FMJDRead more","og_url":"https:\/\/www.mpppst.gob.ve\/mpppstweb\/index.php\/2019\/12\/10\/juventud-comunista-de-venezuela-luchara-contra-agresiones-imperiales-en-la-20-asamblea-general-de-la-fmjd\/","og_site_name":"MPPPST","article_published_time":"2019-12-10T15:21:59+00:00","article_modified_time":"2019-12-10T15:22:01+00:00","og_image":[{"width":618,"height":445,"url":"https:\/\/www.mpppst.gob.ve\/mpppstweb\/wp-content\/uploads\/2019\/12\/juventud-comunista.jpeg","type":"image\/jpeg"}],"author":"MPPPST Prensa","twitter_card":"summary_large_image","twitter_misc":{"Escrito por":"MPPPST Prensa","Tiempo de lectura":"2 minutos"},"schema":{"@context":"https:\/\/schema.org","@graph":[{"@type":"Article","@id":"https:\/\/www.mpppst.gob.ve\/mpppstweb\/index.php\/2019\/12\/10\/juventud-comunista-de-venezuela-luchara-contra-agresiones-imperiales-en-la-20-asamblea-general-de-la-fmjd\/#article","isPartOf":{"@id":"https:\/\/www.mpppst.gob.ve\/mpppstweb\/index.php\/2019\/12\/10\/juventud-comunista-de-venezuela-luchara-contra-agresiones-imperiales-en-la-20-asamblea-general-de-la-fmjd\/"},"author":{"name":"MPPPST Prensa","@id":"https:\/\/www.mpppst.gob.ve\/mpppstweb\/#\/schema\/person\/fc187ee8ead412bd4c9304b62f900ea4"},"headline":"Juventud Comunista de Venezuela luchar\u00e1 contra agresiones imperiales en la 20\u00b0 Asamblea General de la FMJD","datePublished":"2019-12-10T15:21:59+00:00","dateModified":"2019-12-10T15:22:01+00:00","mainEntityOfPage":{"@id":"https:\/\/www.mpppst.gob.ve\/mpppstweb\/index.php\/2019\/12\/10\/juventud-comunista-de-venezuela-luchara-contra-agresiones-imperiales-en-la-20-asamblea-general-de-la-fmjd\/"},"wordCount":469,"publisher":{"@id":"https:\/\/www.mpppst.gob.ve\/mpppstweb\/#organization"},"image":{"@id":"https:\/\/www.mpppst.gob.ve\/mpppstweb\/index.php\/2019\/12\/10\/juventud-comunista-de-venezuela-luchara-contra-agresiones-imperiales-en-la-20-asamblea-general-de-la-fmjd\/#primaryimage"},"thumbnailUrl":"https:\/\/www.mpppst.gob.ve\/mpppstweb\/wp-content\/uploads\/2019\/12\/juventud-comunista.jpeg","keywords":["Venezuela"],"articleSection":["Gobierno Nacional","Noticias"],"inLanguage":"es"},{"@type":"WebPage","@id":"https:\/\/www.mpppst.gob.ve\/mpppstweb\/index.php\/2019\/12\/10\/juventud-comunista-de-venezuela-luchara-contra-agresiones-imperiales-en-la-20-asamblea-general-de-la-fmjd\/","url":"https:\/\/www.mpppst.gob.ve\/mpppstweb\/index.php\/2019\/12\/10\/juventud-comunista-de-venezuela-luchara-contra-agresiones-imperiales-en-la-20-asamblea-general-de-la-fmjd\/","name":"Juventud Comunista de Venezuela luchar\u00e1 contra agresiones imperiales en la 20\u00b0 Asamblea General de la FMJD - MPPPST","isPartOf":{"@id":"https:\/\/www.mpppst.gob.ve\/mpppstweb\/#website"},"primaryImageOfPage":{"@id":"https:\/\/www.mpppst.gob.ve\/mpppstweb\/index.php\/2019\/12\/10\/juventud-comunista-de-venezuela-luchara-contra-agresiones-imperiales-en-la-20-asamblea-general-de-la-fmjd\/#primaryimage"},"image":{"@id":"https:\/\/www.mpppst.gob.ve\/mpppstweb\/index.php\/2019\/12\/10\/juventud-comunista-de-venezuela-luchara-contra-agresiones-imperiales-en-la-20-asamblea-general-de-la-fmjd\/#primaryimage"},"thumbnailUrl":"https:\/\/www.mpppst.gob.ve\/mpppstweb\/wp-content\/uploads\/2019\/12\/juventud-comunista.jpeg","datePublished":"2019-12-10T15:21:59+00:00","dateModified":"2019-12-10T15:22:01+00:00","breadcrumb":{"@id":"https:\/\/www.mpppst.gob.ve\/mpppstweb\/index.php\/2019\/12\/10\/juventud-comunista-de-venezuela-luchara-contra-agresiones-imperiales-en-la-20-asamblea-general-de-la-fmjd\/#breadcrumb"},"inLanguage":"es","potentialAction":[{"@type":"ReadAction","target":["https:\/\/www.mpppst.gob.ve\/mpppstweb\/index.php\/2019\/12\/10\/juventud-comunista-de-venezuela-luchara-contra-agresiones-imperiales-en-la-20-asamblea-general-de-la-fmjd\/"]}]},{"@type":"ImageObject","inLanguage":"es","@id":"https:\/\/www.mpppst.gob.ve\/mpppstweb\/index.php\/2019\/12\/10\/juventud-comunista-de-venezuela-luchara-contra-agresiones-imperiales-en-la-20-asamblea-general-de-la-fmjd\/#primaryimage","url":"https:\/\/www.mpppst.gob.ve\/mpppstweb\/wp-content\/uploads\/2019\/12\/juventud-comunista.jpeg","contentUrl":"https:\/\/www.mpppst.gob.ve\/mpppstweb\/wp-content\/uploads\/2019\/12\/juventud-comunista.jpeg","width":618,"height":445},{"@type":"BreadcrumbList","@id":"https:\/\/www.mpppst.gob.ve\/mpppstweb\/index.php\/2019\/12\/10\/juventud-comunista-de-venezuela-luchara-contra-agresiones-imperiales-en-la-20-asamblea-general-de-la-fmjd\/#breadcrumb","itemListElement":[{"@type":"ListItem","position":1,"name":"Home","item":"https:\/\/www.mpppst.gob.ve\/mpppstweb\/"},{"@type":"ListItem","position":2,"name":"Juventud Comunista de Venezuela luchar\u00e1 contra agresiones imperiales en la 20\u00b0 Asamblea General de la FMJD"}]},{"@type":"WebSite","@id":"https:\/\/www.mpppst.gob.ve\/mpppstweb\/#website","url":"https:\/\/www.mpppst.gob.ve\/mpppstweb\/","name":"MPPPST","description":"Ministerio del Poder Popular para el Proceso Social de Trabajo","publisher":{"@id":"https:\/\/www.mpppst.gob.ve\/mpppstweb\/#organization"},"potentialAction":[{"@type":"SearchAction","target":{"@type":"EntryPoint","urlTemplate":"https:\/\/www.mpppst.gob.ve\/mpppstweb\/?s={search_term_string}"},"query-input":"required name=search_term_string"}],"inLanguage":"es"},{"@type":"Organization","@id":"https:\/\/www.mpppst.gob.ve\/mpppstweb\/#organization","name":"mpppst","url":"https:\/\/www.mpppst.gob.ve\/mpppstweb\/","logo":{"@type":"ImageObject","inLanguage":"es","@id":"https:\/\/www.mpppst.gob.ve\/mpppstweb\/#\/schema\/logo\/image\/","url":"https:\/\/www.mpppst.gob.ve\/mpppstweb\/wp-content\/uploads\/2025\/07\/cropped-cropped-g910.png","contentUrl":"https:\/\/www.mpppst.gob.ve\/mpppstweb\/wp-content\/uploads\/2025\/07\/cropped-cropped-g910.png","width":1080,"height":241,"caption":"mpppst"},"image":{"@id":"https:\/\/www.mpppst.gob.ve\/mpppstweb\/#\/schema\/logo\/image\/"}},{"@type":"Person","@id":"https:\/\/www.mpppst.gob.ve\/mpppstweb\/#\/schema\/person\/fc187ee8ead412bd4c9304b62f900ea4","name":"MPPPST Prensa","url":"https:\/\/www.mpppst.gob.ve\/mpppstweb\/index.php\/author\/prensa-mpppst\/"}]}},"_links":{"self":[{"href":"https:\/\/www.mpppst.gob.ve\/mpppstweb\/index.php\/wp-json\/wp\/v2\/posts\/17212"}],"collection":[{"href":"https:\/\/www.mpppst.gob.ve\/mpppstweb\/index.php\/wp-json\/wp\/v2\/posts"}],"about":[{"href":"https:\/\/www.mpppst.gob.ve\/mpppstweb\/index.php\/wp-json\/wp\/v2\/types\/post"}],"author":[{"embeddable":true,"href":"https:\/\/www.mpppst.gob.ve\/mpppstweb\/index.php\/wp-json\/wp\/v2\/users\/25"}],"replies":[{"embeddable":true,"href":"https:\/\/www.mpppst.gob.ve\/mpppstweb\/index.php\/wp-json\/wp\/v2\/comments?post=17212"}],"version-history":[{"count":1,"href":"https:\/\/www.mpppst.gob.ve\/mpppstweb\/index.php\/wp-json\/wp\/v2\/posts\/17212\/revisions"}],"predecessor-version":[{"id":17214,"href":"https:\/\/www.mpppst.gob.ve\/mpppstweb\/index.php\/wp-json\/wp\/v2\/posts\/17212\/revisions\/17214"}],"wp:featuredmedia":[{"embeddable":true,"href":"https:\/\/www.mpppst.gob.ve\/mpppstweb\/index.php\/wp-json\/wp\/v2\/media\/17213"}],"wp:attachment":[{"href":"https:\/\/www.mpppst.gob.ve\/mpppstweb\/index.php\/wp-json\/wp\/v2\/media?parent=17212"}],"wp:term":[{"taxonomy":"category","embeddable":true,"href":"https:\/\/www.mpppst.gob.ve\/mpppstweb\/index.php\/wp-json\/wp\/v2\/categories?post=17212"},{"taxonomy":"post_tag","embeddable":true,"href":"https:\/\/www.mpppst.gob.ve\/mpppstweb\/index.php\/wp-json\/wp\/v2\/tags?post=17212"}],"curies":[{"name":"wp","href":"https:\/\/api.w.org\/{rel}","templated":true}]}}