{"id":17286,"date":"2019-12-16T09:03:08","date_gmt":"2019-12-16T13:03:08","guid":{"rendered":"http:\/\/www.mpppst.gob.ve\/mpppstweb\/?p=17286"},"modified":"2019-12-16T09:03:09","modified_gmt":"2019-12-16T13:03:09","slug":"maduro-avalo-propuesta-de-formar-consenso-con-constituir-un-nuevo-cne","status":"publish","type":"post","link":"https:\/\/www.mpppst.gob.ve\/mpppstweb\/index.php\/2019\/12\/16\/maduro-avalo-propuesta-de-formar-consenso-con-constituir-un-nuevo-cne\/","title":{"rendered":"Maduro aval\u00f3 propuesta de formar consenso con constituir un nuevo CNE"},"content":{"rendered":"\n<p class=\"wp-block-paragraph\"><strong>Palacio Lesgislativo, Caracas. \u2013\u00a0<\/strong>El jefe de <strong>Estado<\/strong> y de <strong>Gobierno<\/strong> de la <strong>Rep\u00fablica Bolivariana de Venezuela, Nicol\u00e1s Maduro Moros,<\/strong> aval\u00f3 la propuesta de formar un nuevo consenso con constituir un nuevo <strong>Consejo Nacional Electoral (CNE).<\/strong><\/p>\n\n\n\n<p class=\"wp-block-paragraph\">\u201cComo Jefe de <strong>Estado<\/strong> estoy totalmente de acuerdo en que la <strong>Mesa Nacional de Di\u00e1logo<\/strong> y la comisi\u00f3n preliminar de la <strong>Asamblea Nacional <\/strong>en desacato, toda la oposici\u00f3n y todo el bolivarianismo, saquemos una f\u00f3rmula de consenso para un nuevo <strong>Consejo Nacional Electoral<\/strong>\u201d, precis\u00f3 el <strong>Presidente<\/strong>.<\/p>\n\n\n\n<p class=\"wp-block-paragraph\">Manifestaci\u00f3n hecha por el Ejecutivo nacional a favor del di\u00e1logo nacional, los acuerdos y el fortalecimiento de la instituci\u00f3n democr\u00e1tica, al encabezar actos solemnes en el <strong>Palacio Legislativo<\/strong> donde fueron conmemorados los 20 a\u00f1os de la aprobaci\u00f3n de la<strong> Constituci\u00f3n de la Rep\u00fablica Bolivariana de Venezuela<\/strong> de 1999, que promulg\u00f3 el Comandante Supremo y l\u00edder de la <strong>Revoluci\u00f3n Bolivariana<\/strong>, <strong>Hugo Ch\u00e1vez Fr\u00edas.<\/strong><\/p>\n\n\n\n<p class=\"wp-block-paragraph\">El pasado 18 de noviembre de 2019 el<strong> Mandatario<\/strong> nacional se reuni\u00f3 en el <strong>Palacio de Gobierno <\/strong>con representantes de los partidos pol\u00edticos de la oposici\u00f3n nacional con el fin de fin de mejorar los acuerdos de convivencia pac\u00edfica.<\/p>\n\n\n\n<p class=\"wp-block-paragraph\">Prensa Presidencial<\/p>\n","protected":false},"excerpt":{"rendered":"<p>Palacio Lesgislativo, Caracas. \u2013\u00a0El jefe de Estado y de Gobierno de la Rep\u00fablica Bolivariana de Venezuela, &hellip; <a title=\"Maduro aval\u00f3 propuesta de formar consenso con constituir un nuevo CNE\" class=\"hm-read-more\" href=\"https:\/\/www.mpppst.gob.ve\/mpppstweb\/index.php\/2019\/12\/16\/maduro-avalo-propuesta-de-formar-consenso-con-constituir-un-nuevo-cne\/\"><span class=\"screen-reader-text\">Maduro aval\u00f3 propuesta de formar consenso con constituir un nuevo CNE<\/span>Leer m\u00e1s<\/a><\/p>\n","protected":false},"author":25,"featured_media":17288,"comment_status":"closed","ping_status":"closed","sticky":false,"template":"","format":"standard","meta":{"footnotes":""},"categories":[82,163],"tags":[393,341,335],"class_list":["post-17286","post","type-post","status-publish","format-standard","has-post-thumbnail","hentry","category-gobierno-nacional","category-noticias","tag-cne","tag-nicolas-maduro","tag-venezuela"],"yoast_head":"<!-- This site is optimized with the Yoast SEO plugin v28.4 - https:\/\/yoast.com\/product\/yoast-seo-wordpress\/ -->\n<title>Maduro aval\u00f3 propuesta de formar consenso con constituir un nuevo CNE - MPPPST<\/title>\n<meta name=\"robots\" content=\"index, follow, max-snippet:-1, max-image-preview:large, max-video-preview:-1\" \/>\n<link rel=\"canonical\" href=\"https:\/\/www.mpppst.gob.ve\/mpppstweb\/index.php\/2019\/12\/16\/maduro-avalo-propuesta-de-formar-consenso-con-constituir-un-nuevo-cne\/\" \/>\n<meta property=\"og:locale\" content=\"es_ES\" \/>\n<meta property=\"og:type\" content=\"article\" \/>\n<meta property=\"og:title\" content=\"Maduro aval\u00f3 propuesta de formar consenso con constituir un nuevo CNE - MPPPST\" \/>\n<meta property=\"og:description\" content=\"Palacio Lesgislativo, Caracas. \u2013\u00a0El jefe de Estado y de Gobierno de la Rep\u00fablica Bolivariana de Venezuela, &hellip; Maduro aval\u00f3 propuesta de formar consenso con constituir un nuevo CNELeer m\u00e1s\" \/>\n<meta property=\"og:url\" content=\"https:\/\/www.mpppst.gob.ve\/mpppstweb\/index.php\/2019\/12\/16\/maduro-avalo-propuesta-de-formar-consenso-con-constituir-un-nuevo-cne\/\" \/>\n<meta property=\"og:site_name\" content=\"MPPPST\" \/>\n<meta property=\"article:publisher\" content=\"https:\/\/www.facebook.com\/mintrabajo_ve\" \/>\n<meta property=\"article:published_time\" content=\"2019-12-16T13:03:08+00:00\" \/>\n<meta property=\"article:modified_time\" content=\"2019-12-16T13:03:09+00:00\" \/>\n<meta property=\"og:image\" content=\"https:\/\/www.mpppst.gob.ve\/mpppstweb\/wp-content\/uploads\/2019\/12\/CNE.jpg\" \/>\n\t<meta property=\"og:image:width\" content=\"900\" \/>\n\t<meta property=\"og:image:height\" content=\"600\" \/>\n\t<meta property=\"og:image:type\" content=\"image\/jpeg\" \/>\n<meta name=\"author\" content=\"MPPPST Prensa\" \/>\n<meta name=\"twitter:card\" content=\"summary_large_image\" \/>\n<script type=\"application\/ld+json\" class=\"yoast-schema-graph\">{\"@context\":\"https:\\\/\\\/schema.org\",\"@graph\":[{\"@type\":\"Article\",\"@id\":\"https:\\\/\\\/www.mpppst.gob.ve\\\/mpppstweb\\\/index.php\\\/2019\\\/12\\\/16\\\/maduro-avalo-propuesta-de-formar-consenso-con-constituir-un-nuevo-cne\\\/#article\",\"isPartOf\":{\"@id\":\"https:\\\/\\\/www.mpppst.gob.ve\\\/mpppstweb\\\/index.php\\\/2019\\\/12\\\/16\\\/maduro-avalo-propuesta-de-formar-consenso-con-constituir-un-nuevo-cne\\\/\"},\"author\":{\"name\":\"MPPPST Prensa\",\"@id\":\"https:\\\/\\\/www.mpppst.gob.ve\\\/mpppstweb\\\/#\\\/schema\\\/person\\\/fc187ee8ead412bd4c9304b62f900ea4\"},\"headline\":\"Maduro aval\u00f3 propuesta de formar consenso con constituir un nuevo CNE\",\"datePublished\":\"2019-12-16T13:03:08+00:00\",\"dateModified\":\"2019-12-16T13:03:09+00:00\",\"mainEntityOfPage\":{\"@id\":\"https:\\\/\\\/www.mpppst.gob.ve\\\/mpppstweb\\\/index.php\\\/2019\\\/12\\\/16\\\/maduro-avalo-propuesta-de-formar-consenso-con-constituir-un-nuevo-cne\\\/\"},\"wordCount\":212,\"publisher\":{\"@id\":\"https:\\\/\\\/www.mpppst.gob.ve\\\/mpppstweb\\\/#organization\"},\"image\":{\"@id\":\"https:\\\/\\\/www.mpppst.gob.ve\\\/mpppstweb\\\/index.php\\\/2019\\\/12\\\/16\\\/maduro-avalo-propuesta-de-formar-consenso-con-constituir-un-nuevo-cne\\\/#primaryimage\"},\"thumbnailUrl\":\"https:\\\/\\\/www.mpppst.gob.ve\\\/mpppstweb\\\/wp-content\\\/uploads\\\/2019\\\/12\\\/CNE.jpg\",\"keywords\":[\"CNE\",\"Nicol\u00e1s Maduro\",\"Venezuela\"],\"articleSection\":[\"Gobierno Nacional\",\"Noticias\"],\"inLanguage\":\"es\"},{\"@type\":\"WebPage\",\"@id\":\"https:\\\/\\\/www.mpppst.gob.ve\\\/mpppstweb\\\/index.php\\\/2019\\\/12\\\/16\\\/maduro-avalo-propuesta-de-formar-consenso-con-constituir-un-nuevo-cne\\\/\",\"url\":\"https:\\\/\\\/www.mpppst.gob.ve\\\/mpppstweb\\\/index.php\\\/2019\\\/12\\\/16\\\/maduro-avalo-propuesta-de-formar-consenso-con-constituir-un-nuevo-cne\\\/\",\"name\":\"Maduro aval\u00f3 propuesta de formar consenso con constituir un nuevo CNE - MPPPST\",\"isPartOf\":{\"@id\":\"https:\\\/\\\/www.mpppst.gob.ve\\\/mpppstweb\\\/#website\"},\"primaryImageOfPage\":{\"@id\":\"https:\\\/\\\/www.mpppst.gob.ve\\\/mpppstweb\\\/index.php\\\/2019\\\/12\\\/16\\\/maduro-avalo-propuesta-de-formar-consenso-con-constituir-un-nuevo-cne\\\/#primaryimage\"},\"image\":{\"@id\":\"https:\\\/\\\/www.mpppst.gob.ve\\\/mpppstweb\\\/index.php\\\/2019\\\/12\\\/16\\\/maduro-avalo-propuesta-de-formar-consenso-con-constituir-un-nuevo-cne\\\/#primaryimage\"},\"thumbnailUrl\":\"https:\\\/\\\/www.mpppst.gob.ve\\\/mpppstweb\\\/wp-content\\\/uploads\\\/2019\\\/12\\\/CNE.jpg\",\"datePublished\":\"2019-12-16T13:03:08+00:00\",\"dateModified\":\"2019-12-16T13:03:09+00:00\",\"breadcrumb\":{\"@id\":\"https:\\\/\\\/www.mpppst.gob.ve\\\/mpppstweb\\\/index.php\\\/2019\\\/12\\\/16\\\/maduro-avalo-propuesta-de-formar-consenso-con-constituir-un-nuevo-cne\\\/#breadcrumb\"},\"inLanguage\":\"es\",\"potentialAction\":[{\"@type\":\"ReadAction\",\"target\":[\"https:\\\/\\\/www.mpppst.gob.ve\\\/mpppstweb\\\/index.php\\\/2019\\\/12\\\/16\\\/maduro-avalo-propuesta-de-formar-consenso-con-constituir-un-nuevo-cne\\\/\"]}]},{\"@type\":\"ImageObject\",\"inLanguage\":\"es\",\"@id\":\"https:\\\/\\\/www.mpppst.gob.ve\\\/mpppstweb\\\/index.php\\\/2019\\\/12\\\/16\\\/maduro-avalo-propuesta-de-formar-consenso-con-constituir-un-nuevo-cne\\\/#primaryimage\",\"url\":\"https:\\\/\\\/www.mpppst.gob.ve\\\/mpppstweb\\\/wp-content\\\/uploads\\\/2019\\\/12\\\/CNE.jpg\",\"contentUrl\":\"https:\\\/\\\/www.mpppst.gob.ve\\\/mpppstweb\\\/wp-content\\\/uploads\\\/2019\\\/12\\\/CNE.jpg\",\"width\":900,\"height\":600},{\"@type\":\"BreadcrumbList\",\"@id\":\"https:\\\/\\\/www.mpppst.gob.ve\\\/mpppstweb\\\/index.php\\\/2019\\\/12\\\/16\\\/maduro-avalo-propuesta-de-formar-consenso-con-constituir-un-nuevo-cne\\\/#breadcrumb\",\"itemListElement\":[{\"@type\":\"ListItem\",\"position\":1,\"name\":\"Home\",\"item\":\"https:\\\/\\\/www.mpppst.gob.ve\\\/mpppstweb\\\/\"},{\"@type\":\"ListItem\",\"position\":2,\"name\":\"Maduro aval\u00f3 propuesta de formar consenso con constituir un nuevo CNE\"}]},{\"@type\":\"WebSite\",\"@id\":\"https:\\\/\\\/www.mpppst.gob.ve\\\/mpppstweb\\\/#website\",\"url\":\"https:\\\/\\\/www.mpppst.gob.ve\\\/mpppstweb\\\/\",\"name\":\"MPPPST\",\"description\":\"Sitio web oficial del Ministerio del Poder Popular para el Proceso Social de Trabajo\",\"publisher\":{\"@id\":\"https:\\\/\\\/www.mpppst.gob.ve\\\/mpppstweb\\\/#organization\"},\"alternateName\":\"Ministerio del Poder Popular para el Proceso Social de Trabajo\",\"potentialAction\":[{\"@type\":\"SearchAction\",\"target\":{\"@type\":\"EntryPoint\",\"urlTemplate\":\"https:\\\/\\\/www.mpppst.gob.ve\\\/mpppstweb\\\/?s={search_term_string}\"},\"query-input\":{\"@type\":\"PropertyValueSpecification\",\"valueRequired\":true,\"valueName\":\"search_term_string\"}}],\"inLanguage\":\"es\"},{\"@type\":\"Organization\",\"@id\":\"https:\\\/\\\/www.mpppst.gob.ve\\\/mpppstweb\\\/#organization\",\"name\":\"Ministerio del Poder Popular para el Proceso Social de Trabajo\",\"alternateName\":\"MPPPST\",\"url\":\"https:\\\/\\\/www.mpppst.gob.ve\\\/mpppstweb\\\/\",\"logo\":{\"@type\":\"ImageObject\",\"inLanguage\":\"es\",\"@id\":\"https:\\\/\\\/www.mpppst.gob.ve\\\/mpppstweb\\\/#\\\/schema\\\/logo\\\/image\\\/\",\"url\":\"https:\\\/\\\/www.mpppst.gob.ve\\\/mpppstweb\\\/wp-content\\\/uploads\\\/2025\\\/07\\\/cropped-cropped-g910.png\",\"contentUrl\":\"https:\\\/\\\/www.mpppst.gob.ve\\\/mpppstweb\\\/wp-content\\\/uploads\\\/2025\\\/07\\\/cropped-cropped-g910.png\",\"width\":1080,\"height\":241,\"caption\":\"Ministerio del Poder Popular para el Proceso Social de Trabajo\"},\"image\":{\"@id\":\"https:\\\/\\\/www.mpppst.gob.ve\\\/mpppstweb\\\/#\\\/schema\\\/logo\\\/image\\\/\"},\"sameAs\":[\"https:\\\/\\\/www.facebook.com\\\/mintrabajo_ve\",\"https:\\\/\\\/www.instagram.com\\\/mintrabajo_ve\\\/\",\"https:\\\/\\\/www.tiktok.com\\\/@mintrabajo_ve\",\"https:\\\/\\\/t.me\\\/mpppst\"]},{\"@type\":\"Person\",\"@id\":\"https:\\\/\\\/www.mpppst.gob.ve\\\/mpppstweb\\\/#\\\/schema\\\/person\\\/fc187ee8ead412bd4c9304b62f900ea4\",\"name\":\"MPPPST Prensa\",\"url\":\"https:\\\/\\\/www.mpppst.gob.ve\\\/mpppstweb\\\/index.php\\\/author\\\/prensa-mpppst\\\/\"}]}<\/script>\n<!-- \/ Yoast SEO plugin. -->","yoast_head_json":{"title":"Maduro aval\u00f3 propuesta de formar consenso con constituir un nuevo CNE - MPPPST","robots":{"index":"index","follow":"follow","max-snippet":"max-snippet:-1","max-image-preview":"max-image-preview:large","max-video-preview":"max-video-preview:-1"},"canonical":"https:\/\/www.mpppst.gob.ve\/mpppstweb\/index.php\/2019\/12\/16\/maduro-avalo-propuesta-de-formar-consenso-con-constituir-un-nuevo-cne\/","og_locale":"es_ES","og_type":"article","og_title":"Maduro aval\u00f3 propuesta de formar consenso con constituir un nuevo CNE - MPPPST","og_description":"Palacio Lesgislativo, Caracas. \u2013\u00a0El jefe de Estado y de Gobierno de la Rep\u00fablica Bolivariana de Venezuela, &hellip; Maduro aval\u00f3 propuesta de formar consenso con constituir un nuevo CNELeer m\u00e1s","og_url":"https:\/\/www.mpppst.gob.ve\/mpppstweb\/index.php\/2019\/12\/16\/maduro-avalo-propuesta-de-formar-consenso-con-constituir-un-nuevo-cne\/","og_site_name":"MPPPST","article_publisher":"https:\/\/www.facebook.com\/mintrabajo_ve","article_published_time":"2019-12-16T13:03:08+00:00","article_modified_time":"2019-12-16T13:03:09+00:00","og_image":[{"width":900,"height":600,"url":"https:\/\/www.mpppst.gob.ve\/mpppstweb\/wp-content\/uploads\/2019\/12\/CNE.jpg","type":"image\/jpeg"}],"author":"MPPPST Prensa","twitter_card":"summary_large_image","schema":{"@context":"https:\/\/schema.org","@graph":[{"@type":"Article","@id":"https:\/\/www.mpppst.gob.ve\/mpppstweb\/index.php\/2019\/12\/16\/maduro-avalo-propuesta-de-formar-consenso-con-constituir-un-nuevo-cne\/#article","isPartOf":{"@id":"https:\/\/www.mpppst.gob.ve\/mpppstweb\/index.php\/2019\/12\/16\/maduro-avalo-propuesta-de-formar-consenso-con-constituir-un-nuevo-cne\/"},"author":{"name":"MPPPST Prensa","@id":"https:\/\/www.mpppst.gob.ve\/mpppstweb\/#\/schema\/person\/fc187ee8ead412bd4c9304b62f900ea4"},"headline":"Maduro aval\u00f3 propuesta de formar consenso con constituir un nuevo CNE","datePublished":"2019-12-16T13:03:08+00:00","dateModified":"2019-12-16T13:03:09+00:00","mainEntityOfPage":{"@id":"https:\/\/www.mpppst.gob.ve\/mpppstweb\/index.php\/2019\/12\/16\/maduro-avalo-propuesta-de-formar-consenso-con-constituir-un-nuevo-cne\/"},"wordCount":212,"publisher":{"@id":"https:\/\/www.mpppst.gob.ve\/mpppstweb\/#organization"},"image":{"@id":"https:\/\/www.mpppst.gob.ve\/mpppstweb\/index.php\/2019\/12\/16\/maduro-avalo-propuesta-de-formar-consenso-con-constituir-un-nuevo-cne\/#primaryimage"},"thumbnailUrl":"https:\/\/www.mpppst.gob.ve\/mpppstweb\/wp-content\/uploads\/2019\/12\/CNE.jpg","keywords":["CNE","Nicol\u00e1s Maduro","Venezuela"],"articleSection":["Gobierno Nacional","Noticias"],"inLanguage":"es"},{"@type":"WebPage","@id":"https:\/\/www.mpppst.gob.ve\/mpppstweb\/index.php\/2019\/12\/16\/maduro-avalo-propuesta-de-formar-consenso-con-constituir-un-nuevo-cne\/","url":"https:\/\/www.mpppst.gob.ve\/mpppstweb\/index.php\/2019\/12\/16\/maduro-avalo-propuesta-de-formar-consenso-con-constituir-un-nuevo-cne\/","name":"Maduro aval\u00f3 propuesta de formar consenso con constituir un nuevo CNE - MPPPST","isPartOf":{"@id":"https:\/\/www.mpppst.gob.ve\/mpppstweb\/#website"},"primaryImageOfPage":{"@id":"https:\/\/www.mpppst.gob.ve\/mpppstweb\/index.php\/2019\/12\/16\/maduro-avalo-propuesta-de-formar-consenso-con-constituir-un-nuevo-cne\/#primaryimage"},"image":{"@id":"https:\/\/www.mpppst.gob.ve\/mpppstweb\/index.php\/2019\/12\/16\/maduro-avalo-propuesta-de-formar-consenso-con-constituir-un-nuevo-cne\/#primaryimage"},"thumbnailUrl":"https:\/\/www.mpppst.gob.ve\/mpppstweb\/wp-content\/uploads\/2019\/12\/CNE.jpg","datePublished":"2019-12-16T13:03:08+00:00","dateModified":"2019-12-16T13:03:09+00:00","breadcrumb":{"@id":"https:\/\/www.mpppst.gob.ve\/mpppstweb\/index.php\/2019\/12\/16\/maduro-avalo-propuesta-de-formar-consenso-con-constituir-un-nuevo-cne\/#breadcrumb"},"inLanguage":"es","potentialAction":[{"@type":"ReadAction","target":["https:\/\/www.mpppst.gob.ve\/mpppstweb\/index.php\/2019\/12\/16\/maduro-avalo-propuesta-de-formar-consenso-con-constituir-un-nuevo-cne\/"]}]},{"@type":"ImageObject","inLanguage":"es","@id":"https:\/\/www.mpppst.gob.ve\/mpppstweb\/index.php\/2019\/12\/16\/maduro-avalo-propuesta-de-formar-consenso-con-constituir-un-nuevo-cne\/#primaryimage","url":"https:\/\/www.mpppst.gob.ve\/mpppstweb\/wp-content\/uploads\/2019\/12\/CNE.jpg","contentUrl":"https:\/\/www.mpppst.gob.ve\/mpppstweb\/wp-content\/uploads\/2019\/12\/CNE.jpg","width":900,"height":600},{"@type":"BreadcrumbList","@id":"https:\/\/www.mpppst.gob.ve\/mpppstweb\/index.php\/2019\/12\/16\/maduro-avalo-propuesta-de-formar-consenso-con-constituir-un-nuevo-cne\/#breadcrumb","itemListElement":[{"@type":"ListItem","position":1,"name":"Home","item":"https:\/\/www.mpppst.gob.ve\/mpppstweb\/"},{"@type":"ListItem","position":2,"name":"Maduro aval\u00f3 propuesta de formar consenso con constituir un nuevo CNE"}]},{"@type":"WebSite","@id":"https:\/\/www.mpppst.gob.ve\/mpppstweb\/#website","url":"https:\/\/www.mpppst.gob.ve\/mpppstweb\/","name":"MPPPST","description":"Sitio web oficial del Ministerio del Poder Popular para el Proceso Social de Trabajo","publisher":{"@id":"https:\/\/www.mpppst.gob.ve\/mpppstweb\/#organization"},"alternateName":"Ministerio del Poder Popular para el Proceso Social de Trabajo","potentialAction":[{"@type":"SearchAction","target":{"@type":"EntryPoint","urlTemplate":"https:\/\/www.mpppst.gob.ve\/mpppstweb\/?s={search_term_string}"},"query-input":{"@type":"PropertyValueSpecification","valueRequired":true,"valueName":"search_term_string"}}],"inLanguage":"es"},{"@type":"Organization","@id":"https:\/\/www.mpppst.gob.ve\/mpppstweb\/#organization","name":"Ministerio del Poder Popular para el Proceso Social de Trabajo","alternateName":"MPPPST","url":"https:\/\/www.mpppst.gob.ve\/mpppstweb\/","logo":{"@type":"ImageObject","inLanguage":"es","@id":"https:\/\/www.mpppst.gob.ve\/mpppstweb\/#\/schema\/logo\/image\/","url":"https:\/\/www.mpppst.gob.ve\/mpppstweb\/wp-content\/uploads\/2025\/07\/cropped-cropped-g910.png","contentUrl":"https:\/\/www.mpppst.gob.ve\/mpppstweb\/wp-content\/uploads\/2025\/07\/cropped-cropped-g910.png","width":1080,"height":241,"caption":"Ministerio del Poder Popular para el Proceso Social de Trabajo"},"image":{"@id":"https:\/\/www.mpppst.gob.ve\/mpppstweb\/#\/schema\/logo\/image\/"},"sameAs":["https:\/\/www.facebook.com\/mintrabajo_ve","https:\/\/www.instagram.com\/mintrabajo_ve\/","https:\/\/www.tiktok.com\/@mintrabajo_ve","https:\/\/t.me\/mpppst"]},{"@type":"Person","@id":"https:\/\/www.mpppst.gob.ve\/mpppstweb\/#\/schema\/person\/fc187ee8ead412bd4c9304b62f900ea4","name":"MPPPST Prensa","url":"https:\/\/www.mpppst.gob.ve\/mpppstweb\/index.php\/author\/prensa-mpppst\/"}]}},"_links":{"self":[{"href":"https:\/\/www.mpppst.gob.ve\/mpppstweb\/index.php\/wp-json\/wp\/v2\/posts\/17286","targetHints":{"allow":["GET"]}}],"collection":[{"href":"https:\/\/www.mpppst.gob.ve\/mpppstweb\/index.php\/wp-json\/wp\/v2\/posts"}],"about":[{"href":"https:\/\/www.mpppst.gob.ve\/mpppstweb\/index.php\/wp-json\/wp\/v2\/types\/post"}],"author":[{"embeddable":true,"href":"https:\/\/www.mpppst.gob.ve\/mpppstweb\/index.php\/wp-json\/wp\/v2\/users\/25"}],"replies":[{"embeddable":true,"href":"https:\/\/www.mpppst.gob.ve\/mpppstweb\/index.php\/wp-json\/wp\/v2\/comments?post=17286"}],"version-history":[{"count":1,"href":"https:\/\/www.mpppst.gob.ve\/mpppstweb\/index.php\/wp-json\/wp\/v2\/posts\/17286\/revisions"}],"predecessor-version":[{"id":17289,"href":"https:\/\/www.mpppst.gob.ve\/mpppstweb\/index.php\/wp-json\/wp\/v2\/posts\/17286\/revisions\/17289"}],"wp:featuredmedia":[{"embeddable":true,"href":"https:\/\/www.mpppst.gob.ve\/mpppstweb\/index.php\/wp-json\/wp\/v2\/media\/17288"}],"wp:attachment":[{"href":"https:\/\/www.mpppst.gob.ve\/mpppstweb\/index.php\/wp-json\/wp\/v2\/media?parent=17286"}],"wp:term":[{"taxonomy":"category","embeddable":true,"href":"https:\/\/www.mpppst.gob.ve\/mpppstweb\/index.php\/wp-json\/wp\/v2\/categories?post=17286"},{"taxonomy":"post_tag","embeddable":true,"href":"https:\/\/www.mpppst.gob.ve\/mpppstweb\/index.php\/wp-json\/wp\/v2\/tags?post=17286"}],"curies":[{"name":"wp","href":"https:\/\/api.w.org\/{rel}","templated":true}]}}