{"id":17569,"date":"2020-01-09T13:42:30","date_gmt":"2020-01-09T17:42:30","guid":{"rendered":"http:\/\/www.mpppst.gob.ve\/mpppstweb\/?p=17569"},"modified":"2020-01-09T13:42:32","modified_gmt":"2020-01-09T17:42:32","slug":"17-anos-de-la-reconquista-de-la-industria-petroquimica","status":"publish","type":"post","link":"https:\/\/www.mpppst.gob.ve\/mpppstweb\/index.php\/2020\/01\/09\/17-anos-de-la-reconquista-de-la-industria-petroquimica\/","title":{"rendered":"17 a\u00f1os de la Reconquista de la Industria Petroqu\u00edmica"},"content":{"rendered":"\n<p><strong>(Prensa Min Proceso Social de Trabajo 09.01.2020)<\/strong> Desde el Complejo Petroqu\u00edmico \u201cAna Mar\u00eda Campos\u201d este mi\u00e9rcoles, el <strong>Ministro del Poder Popular para el Proceso Social de Trabajo Eduardo Pi\u00f1ate<\/strong> celebr\u00f3 junto a las trabajadoras y trabajadores el 17\u00b0 Aniversario de la reconquista de Pequiven por parte de la Clase Obrera Petroqu\u00edmica.<\/p>\n\n\n\n<p>Conmemorando un a\u00f1o m\u00e1s de la gesta heroica de la clase obrera petroqu\u00edmica comprometida con el desarrollo econ\u00f3mico del pa\u00eds, el titular de la cartera de trabajo expres\u00f3 \u201ces un significativo acto en el que celebramos los 17 a\u00f1os de la retoma del complejo <strong>\u201cAna Mar\u00eda Campos\u201d<\/strong>, anteriormente El Tablazo en la jornada de lucha por parte de la clase obrera contra el sabotaje petrolero del a\u00f1o 2002 y 2003\u201d.<\/p>\n\n\n\n<p>Adem\u00e1s Pi\u00f1ate a\u00f1adi\u00f3 \u201cen aquel momento la clase obrera jugo\nun papel fundamental para la perfecta uni\u00f3n c\u00edvico-militar y 17 a\u00f1os despu\u00e9s\nseguimos en lucha, batalla y victorias, hoy la clase trabajadora tiene desaf\u00edos\nfundamentales, y tarea&nbsp; planteadas por la\nRevoluci\u00f3n Bolivariana en este nuevo per\u00edodo en el que, nuestro Presidente\nNicol\u00e1s Maduro nos ha convocado a profundos cambios en todos los sentidos\u201d<\/p>\n\n\n\n<p>La Petroqu\u00edmica de Venezuela S.A. (Pequiven) es una empresa\nsocialista del estado venezolano, adscrita al Ministerio del Poder Popular de\nPetr\u00f3leo, su presidente&nbsp; es el Almirante\nCesar A. Coll quien, coment\u00f3 \u201cpara este a\u00f1o, diariamente en el complejo Hugo\nRafael Ch\u00e1vez Fr\u00edas se estar\u00e1n produciendo m\u00e1s de 400 toneladas en el \u00e1rea de\nfertilizantes, asimismo indic\u00f3 que en el complejo petroqu\u00edmico Jos\u00e9 Antonio\nAnzo\u00e1tegui se producir\u00e1n 4mil toneladas de urea m\u00e1s 2mil de metanol diarios y\naqu\u00ed, en Ana Mar\u00eda Campos se tiene un promedio de 970 toneladas diarias de\nproducci\u00f3n entre resinas pl\u00e1sticas, toda la rama de glicoles y los productos\nindustriales que en esta \u00e1rea se especifican y manufacturan\u201d<\/p>\n\n\n\n<p>Durante el encuentro, se cont\u00f3 con la participaci\u00f3n del Comandante de la REDI Occidental M\/G Ovidio Delgado Ram\u00edrez, el Constituyente por el sector pensionados Fernando Soto Rojas, el Coordinador de la CBST-CCP Carlos L\u00f3pez y la Directora Regional del Mpppst Karen Boh\u00f3rquez, al igual que una cantidad importantes de trabajadores del sector petroqu\u00edmicos.<\/p>\n\n\n\n<p><\/p>\n","protected":false},"excerpt":{"rendered":"<p>(Prensa Min Proceso Social de Trabajo 09.01.2020) Desde el Complejo Petroqu\u00edmico \u201cAna Mar\u00eda Campos\u201d este mi\u00e9rcoles, &hellip; <a title=\"17 a\u00f1os de la Reconquista de la Industria Petroqu\u00edmica\" class=\"hm-read-more\" href=\"https:\/\/www.mpppst.gob.ve\/mpppstweb\/index.php\/2020\/01\/09\/17-anos-de-la-reconquista-de-la-industria-petroquimica\/\"><span class=\"screen-reader-text\">17 a\u00f1os de la Reconquista de la Industria Petroqu\u00edmica<\/span>Read more<\/a><\/p>\n","protected":false},"author":25,"featured_media":17570,"comment_status":"closed","ping_status":"closed","sticky":false,"template":"","format":"standard","meta":{"footnotes":""},"categories":[360,163],"tags":[223],"yoast_head":"<!-- This site is optimized with the Yoast SEO plugin v22.5 - https:\/\/yoast.com\/wordpress\/plugins\/seo\/ -->\n<title>17 a\u00f1os de la Reconquista de la Industria Petroqu\u00edmica - MPPPST<\/title>\n<meta name=\"robots\" content=\"index, follow, max-snippet:-1, max-image-preview:large, max-video-preview:-1\" \/>\n<link rel=\"canonical\" href=\"https:\/\/www.mpppst.gob.ve\/mpppstweb\/index.php\/2020\/01\/09\/17-anos-de-la-reconquista-de-la-industria-petroquimica\/\" \/>\n<meta property=\"og:locale\" content=\"es_ES\" \/>\n<meta property=\"og:type\" content=\"article\" \/>\n<meta property=\"og:title\" content=\"17 a\u00f1os de la Reconquista de la Industria Petroqu\u00edmica - MPPPST\" \/>\n<meta property=\"og:description\" content=\"(Prensa Min Proceso Social de Trabajo 09.01.2020) Desde el Complejo Petroqu\u00edmico \u201cAna Mar\u00eda Campos\u201d este mi\u00e9rcoles, &hellip; 17 a\u00f1os de la Reconquista de la Industria Petroqu\u00edmicaRead more\" \/>\n<meta property=\"og:url\" content=\"https:\/\/www.mpppst.gob.ve\/mpppstweb\/index.php\/2020\/01\/09\/17-anos-de-la-reconquista-de-la-industria-petroquimica\/\" \/>\n<meta property=\"og:site_name\" content=\"MPPPST\" \/>\n<meta property=\"article:published_time\" content=\"2020-01-09T17:42:30+00:00\" \/>\n<meta property=\"article:modified_time\" content=\"2020-01-09T17:42:32+00:00\" \/>\n<meta property=\"og:image\" content=\"https:\/\/www.mpppst.gob.ve\/mpppstweb\/wp-content\/uploads\/2020\/01\/WhatsApp-Image-2020-01-09-at-1.36.02-PM.jpeg\" \/>\n\t<meta property=\"og:image:width\" content=\"1080\" \/>\n\t<meta property=\"og:image:height\" content=\"810\" \/>\n\t<meta property=\"og:image:type\" content=\"image\/jpeg\" \/>\n<meta name=\"author\" content=\"MPPPST Prensa\" \/>\n<meta name=\"twitter:card\" content=\"summary_large_image\" \/>\n<meta name=\"twitter:label1\" content=\"Escrito por\" \/>\n\t<meta name=\"twitter:data1\" content=\"MPPPST Prensa\" \/>\n\t<meta name=\"twitter:label2\" content=\"Tiempo de lectura\" \/>\n\t<meta name=\"twitter:data2\" content=\"2 minutos\" \/>\n<script type=\"application\/ld+json\" class=\"yoast-schema-graph\">{\"@context\":\"https:\/\/schema.org\",\"@graph\":[{\"@type\":\"Article\",\"@id\":\"https:\/\/www.mpppst.gob.ve\/mpppstweb\/index.php\/2020\/01\/09\/17-anos-de-la-reconquista-de-la-industria-petroquimica\/#article\",\"isPartOf\":{\"@id\":\"https:\/\/www.mpppst.gob.ve\/mpppstweb\/index.php\/2020\/01\/09\/17-anos-de-la-reconquista-de-la-industria-petroquimica\/\"},\"author\":{\"name\":\"MPPPST Prensa\",\"@id\":\"https:\/\/www.mpppst.gob.ve\/mpppstweb\/#\/schema\/person\/fc187ee8ead412bd4c9304b62f900ea4\"},\"headline\":\"17 a\u00f1os de la Reconquista de la Industria Petroqu\u00edmica\",\"datePublished\":\"2020-01-09T17:42:30+00:00\",\"dateModified\":\"2020-01-09T17:42:32+00:00\",\"mainEntityOfPage\":{\"@id\":\"https:\/\/www.mpppst.gob.ve\/mpppstweb\/index.php\/2020\/01\/09\/17-anos-de-la-reconquista-de-la-industria-petroquimica\/\"},\"wordCount\":397,\"publisher\":{\"@id\":\"https:\/\/www.mpppst.gob.ve\/mpppstweb\/#organization\"},\"image\":{\"@id\":\"https:\/\/www.mpppst.gob.ve\/mpppstweb\/index.php\/2020\/01\/09\/17-anos-de-la-reconquista-de-la-industria-petroquimica\/#primaryimage\"},\"thumbnailUrl\":\"https:\/\/www.mpppst.gob.ve\/mpppstweb\/wp-content\/uploads\/2020\/01\/WhatsApp-Image-2020-01-09-at-1.36.02-PM.jpeg\",\"keywords\":[\"MPPPST\"],\"articleSection\":[\"Movimientos Sociales\",\"Noticias\"],\"inLanguage\":\"es\"},{\"@type\":\"WebPage\",\"@id\":\"https:\/\/www.mpppst.gob.ve\/mpppstweb\/index.php\/2020\/01\/09\/17-anos-de-la-reconquista-de-la-industria-petroquimica\/\",\"url\":\"https:\/\/www.mpppst.gob.ve\/mpppstweb\/index.php\/2020\/01\/09\/17-anos-de-la-reconquista-de-la-industria-petroquimica\/\",\"name\":\"17 a\u00f1os de la Reconquista de la Industria Petroqu\u00edmica - MPPPST\",\"isPartOf\":{\"@id\":\"https:\/\/www.mpppst.gob.ve\/mpppstweb\/#website\"},\"primaryImageOfPage\":{\"@id\":\"https:\/\/www.mpppst.gob.ve\/mpppstweb\/index.php\/2020\/01\/09\/17-anos-de-la-reconquista-de-la-industria-petroquimica\/#primaryimage\"},\"image\":{\"@id\":\"https:\/\/www.mpppst.gob.ve\/mpppstweb\/index.php\/2020\/01\/09\/17-anos-de-la-reconquista-de-la-industria-petroquimica\/#primaryimage\"},\"thumbnailUrl\":\"https:\/\/www.mpppst.gob.ve\/mpppstweb\/wp-content\/uploads\/2020\/01\/WhatsApp-Image-2020-01-09-at-1.36.02-PM.jpeg\",\"datePublished\":\"2020-01-09T17:42:30+00:00\",\"dateModified\":\"2020-01-09T17:42:32+00:00\",\"breadcrumb\":{\"@id\":\"https:\/\/www.mpppst.gob.ve\/mpppstweb\/index.php\/2020\/01\/09\/17-anos-de-la-reconquista-de-la-industria-petroquimica\/#breadcrumb\"},\"inLanguage\":\"es\",\"potentialAction\":[{\"@type\":\"ReadAction\",\"target\":[\"https:\/\/www.mpppst.gob.ve\/mpppstweb\/index.php\/2020\/01\/09\/17-anos-de-la-reconquista-de-la-industria-petroquimica\/\"]}]},{\"@type\":\"ImageObject\",\"inLanguage\":\"es\",\"@id\":\"https:\/\/www.mpppst.gob.ve\/mpppstweb\/index.php\/2020\/01\/09\/17-anos-de-la-reconquista-de-la-industria-petroquimica\/#primaryimage\",\"url\":\"https:\/\/www.mpppst.gob.ve\/mpppstweb\/wp-content\/uploads\/2020\/01\/WhatsApp-Image-2020-01-09-at-1.36.02-PM.jpeg\",\"contentUrl\":\"https:\/\/www.mpppst.gob.ve\/mpppstweb\/wp-content\/uploads\/2020\/01\/WhatsApp-Image-2020-01-09-at-1.36.02-PM.jpeg\",\"width\":1080,\"height\":810},{\"@type\":\"BreadcrumbList\",\"@id\":\"https:\/\/www.mpppst.gob.ve\/mpppstweb\/index.php\/2020\/01\/09\/17-anos-de-la-reconquista-de-la-industria-petroquimica\/#breadcrumb\",\"itemListElement\":[{\"@type\":\"ListItem\",\"position\":1,\"name\":\"Home\",\"item\":\"https:\/\/www.mpppst.gob.ve\/mpppstweb\/\"},{\"@type\":\"ListItem\",\"position\":2,\"name\":\"17 a\u00f1os de la Reconquista de la Industria Petroqu\u00edmica\"}]},{\"@type\":\"WebSite\",\"@id\":\"https:\/\/www.mpppst.gob.ve\/mpppstweb\/#website\",\"url\":\"https:\/\/www.mpppst.gob.ve\/mpppstweb\/\",\"name\":\"MPPPST\",\"description\":\"Ministerio del Poder Popular para el Proceso Social de Trabajo\",\"publisher\":{\"@id\":\"https:\/\/www.mpppst.gob.ve\/mpppstweb\/#organization\"},\"potentialAction\":[{\"@type\":\"SearchAction\",\"target\":{\"@type\":\"EntryPoint\",\"urlTemplate\":\"https:\/\/www.mpppst.gob.ve\/mpppstweb\/?s={search_term_string}\"},\"query-input\":\"required name=search_term_string\"}],\"inLanguage\":\"es\"},{\"@type\":\"Organization\",\"@id\":\"https:\/\/www.mpppst.gob.ve\/mpppstweb\/#organization\",\"name\":\"mpppst\",\"url\":\"https:\/\/www.mpppst.gob.ve\/mpppstweb\/\",\"logo\":{\"@type\":\"ImageObject\",\"inLanguage\":\"es\",\"@id\":\"https:\/\/www.mpppst.gob.ve\/mpppstweb\/#\/schema\/logo\/image\/\",\"url\":\"https:\/\/www.mpppst.gob.ve\/mpppstweb\/wp-content\/uploads\/2025\/07\/cropped-cropped-g910.png\",\"contentUrl\":\"https:\/\/www.mpppst.gob.ve\/mpppstweb\/wp-content\/uploads\/2025\/07\/cropped-cropped-g910.png\",\"width\":1080,\"height\":241,\"caption\":\"mpppst\"},\"image\":{\"@id\":\"https:\/\/www.mpppst.gob.ve\/mpppstweb\/#\/schema\/logo\/image\/\"}},{\"@type\":\"Person\",\"@id\":\"https:\/\/www.mpppst.gob.ve\/mpppstweb\/#\/schema\/person\/fc187ee8ead412bd4c9304b62f900ea4\",\"name\":\"MPPPST Prensa\",\"url\":\"https:\/\/www.mpppst.gob.ve\/mpppstweb\/index.php\/author\/prensa-mpppst\/\"}]}<\/script>\n<!-- \/ Yoast SEO plugin. -->","yoast_head_json":{"title":"17 a\u00f1os de la Reconquista de la Industria Petroqu\u00edmica - MPPPST","robots":{"index":"index","follow":"follow","max-snippet":"max-snippet:-1","max-image-preview":"max-image-preview:large","max-video-preview":"max-video-preview:-1"},"canonical":"https:\/\/www.mpppst.gob.ve\/mpppstweb\/index.php\/2020\/01\/09\/17-anos-de-la-reconquista-de-la-industria-petroquimica\/","og_locale":"es_ES","og_type":"article","og_title":"17 a\u00f1os de la Reconquista de la Industria Petroqu\u00edmica - MPPPST","og_description":"(Prensa Min Proceso Social de Trabajo 09.01.2020) Desde el Complejo Petroqu\u00edmico \u201cAna Mar\u00eda Campos\u201d este mi\u00e9rcoles, &hellip; 17 a\u00f1os de la Reconquista de la Industria Petroqu\u00edmicaRead more","og_url":"https:\/\/www.mpppst.gob.ve\/mpppstweb\/index.php\/2020\/01\/09\/17-anos-de-la-reconquista-de-la-industria-petroquimica\/","og_site_name":"MPPPST","article_published_time":"2020-01-09T17:42:30+00:00","article_modified_time":"2020-01-09T17:42:32+00:00","og_image":[{"width":1080,"height":810,"url":"https:\/\/www.mpppst.gob.ve\/mpppstweb\/wp-content\/uploads\/2020\/01\/WhatsApp-Image-2020-01-09-at-1.36.02-PM.jpeg","type":"image\/jpeg"}],"author":"MPPPST Prensa","twitter_card":"summary_large_image","twitter_misc":{"Escrito por":"MPPPST Prensa","Tiempo de lectura":"2 minutos"},"schema":{"@context":"https:\/\/schema.org","@graph":[{"@type":"Article","@id":"https:\/\/www.mpppst.gob.ve\/mpppstweb\/index.php\/2020\/01\/09\/17-anos-de-la-reconquista-de-la-industria-petroquimica\/#article","isPartOf":{"@id":"https:\/\/www.mpppst.gob.ve\/mpppstweb\/index.php\/2020\/01\/09\/17-anos-de-la-reconquista-de-la-industria-petroquimica\/"},"author":{"name":"MPPPST Prensa","@id":"https:\/\/www.mpppst.gob.ve\/mpppstweb\/#\/schema\/person\/fc187ee8ead412bd4c9304b62f900ea4"},"headline":"17 a\u00f1os de la Reconquista de la Industria Petroqu\u00edmica","datePublished":"2020-01-09T17:42:30+00:00","dateModified":"2020-01-09T17:42:32+00:00","mainEntityOfPage":{"@id":"https:\/\/www.mpppst.gob.ve\/mpppstweb\/index.php\/2020\/01\/09\/17-anos-de-la-reconquista-de-la-industria-petroquimica\/"},"wordCount":397,"publisher":{"@id":"https:\/\/www.mpppst.gob.ve\/mpppstweb\/#organization"},"image":{"@id":"https:\/\/www.mpppst.gob.ve\/mpppstweb\/index.php\/2020\/01\/09\/17-anos-de-la-reconquista-de-la-industria-petroquimica\/#primaryimage"},"thumbnailUrl":"https:\/\/www.mpppst.gob.ve\/mpppstweb\/wp-content\/uploads\/2020\/01\/WhatsApp-Image-2020-01-09-at-1.36.02-PM.jpeg","keywords":["MPPPST"],"articleSection":["Movimientos Sociales","Noticias"],"inLanguage":"es"},{"@type":"WebPage","@id":"https:\/\/www.mpppst.gob.ve\/mpppstweb\/index.php\/2020\/01\/09\/17-anos-de-la-reconquista-de-la-industria-petroquimica\/","url":"https:\/\/www.mpppst.gob.ve\/mpppstweb\/index.php\/2020\/01\/09\/17-anos-de-la-reconquista-de-la-industria-petroquimica\/","name":"17 a\u00f1os de la Reconquista de la Industria Petroqu\u00edmica - MPPPST","isPartOf":{"@id":"https:\/\/www.mpppst.gob.ve\/mpppstweb\/#website"},"primaryImageOfPage":{"@id":"https:\/\/www.mpppst.gob.ve\/mpppstweb\/index.php\/2020\/01\/09\/17-anos-de-la-reconquista-de-la-industria-petroquimica\/#primaryimage"},"image":{"@id":"https:\/\/www.mpppst.gob.ve\/mpppstweb\/index.php\/2020\/01\/09\/17-anos-de-la-reconquista-de-la-industria-petroquimica\/#primaryimage"},"thumbnailUrl":"https:\/\/www.mpppst.gob.ve\/mpppstweb\/wp-content\/uploads\/2020\/01\/WhatsApp-Image-2020-01-09-at-1.36.02-PM.jpeg","datePublished":"2020-01-09T17:42:30+00:00","dateModified":"2020-01-09T17:42:32+00:00","breadcrumb":{"@id":"https:\/\/www.mpppst.gob.ve\/mpppstweb\/index.php\/2020\/01\/09\/17-anos-de-la-reconquista-de-la-industria-petroquimica\/#breadcrumb"},"inLanguage":"es","potentialAction":[{"@type":"ReadAction","target":["https:\/\/www.mpppst.gob.ve\/mpppstweb\/index.php\/2020\/01\/09\/17-anos-de-la-reconquista-de-la-industria-petroquimica\/"]}]},{"@type":"ImageObject","inLanguage":"es","@id":"https:\/\/www.mpppst.gob.ve\/mpppstweb\/index.php\/2020\/01\/09\/17-anos-de-la-reconquista-de-la-industria-petroquimica\/#primaryimage","url":"https:\/\/www.mpppst.gob.ve\/mpppstweb\/wp-content\/uploads\/2020\/01\/WhatsApp-Image-2020-01-09-at-1.36.02-PM.jpeg","contentUrl":"https:\/\/www.mpppst.gob.ve\/mpppstweb\/wp-content\/uploads\/2020\/01\/WhatsApp-Image-2020-01-09-at-1.36.02-PM.jpeg","width":1080,"height":810},{"@type":"BreadcrumbList","@id":"https:\/\/www.mpppst.gob.ve\/mpppstweb\/index.php\/2020\/01\/09\/17-anos-de-la-reconquista-de-la-industria-petroquimica\/#breadcrumb","itemListElement":[{"@type":"ListItem","position":1,"name":"Home","item":"https:\/\/www.mpppst.gob.ve\/mpppstweb\/"},{"@type":"ListItem","position":2,"name":"17 a\u00f1os de la Reconquista de la Industria Petroqu\u00edmica"}]},{"@type":"WebSite","@id":"https:\/\/www.mpppst.gob.ve\/mpppstweb\/#website","url":"https:\/\/www.mpppst.gob.ve\/mpppstweb\/","name":"MPPPST","description":"Ministerio del Poder Popular para el Proceso Social de Trabajo","publisher":{"@id":"https:\/\/www.mpppst.gob.ve\/mpppstweb\/#organization"},"potentialAction":[{"@type":"SearchAction","target":{"@type":"EntryPoint","urlTemplate":"https:\/\/www.mpppst.gob.ve\/mpppstweb\/?s={search_term_string}"},"query-input":"required name=search_term_string"}],"inLanguage":"es"},{"@type":"Organization","@id":"https:\/\/www.mpppst.gob.ve\/mpppstweb\/#organization","name":"mpppst","url":"https:\/\/www.mpppst.gob.ve\/mpppstweb\/","logo":{"@type":"ImageObject","inLanguage":"es","@id":"https:\/\/www.mpppst.gob.ve\/mpppstweb\/#\/schema\/logo\/image\/","url":"https:\/\/www.mpppst.gob.ve\/mpppstweb\/wp-content\/uploads\/2025\/07\/cropped-cropped-g910.png","contentUrl":"https:\/\/www.mpppst.gob.ve\/mpppstweb\/wp-content\/uploads\/2025\/07\/cropped-cropped-g910.png","width":1080,"height":241,"caption":"mpppst"},"image":{"@id":"https:\/\/www.mpppst.gob.ve\/mpppstweb\/#\/schema\/logo\/image\/"}},{"@type":"Person","@id":"https:\/\/www.mpppst.gob.ve\/mpppstweb\/#\/schema\/person\/fc187ee8ead412bd4c9304b62f900ea4","name":"MPPPST Prensa","url":"https:\/\/www.mpppst.gob.ve\/mpppstweb\/index.php\/author\/prensa-mpppst\/"}]}},"_links":{"self":[{"href":"https:\/\/www.mpppst.gob.ve\/mpppstweb\/index.php\/wp-json\/wp\/v2\/posts\/17569"}],"collection":[{"href":"https:\/\/www.mpppst.gob.ve\/mpppstweb\/index.php\/wp-json\/wp\/v2\/posts"}],"about":[{"href":"https:\/\/www.mpppst.gob.ve\/mpppstweb\/index.php\/wp-json\/wp\/v2\/types\/post"}],"author":[{"embeddable":true,"href":"https:\/\/www.mpppst.gob.ve\/mpppstweb\/index.php\/wp-json\/wp\/v2\/users\/25"}],"replies":[{"embeddable":true,"href":"https:\/\/www.mpppst.gob.ve\/mpppstweb\/index.php\/wp-json\/wp\/v2\/comments?post=17569"}],"version-history":[{"count":1,"href":"https:\/\/www.mpppst.gob.ve\/mpppstweb\/index.php\/wp-json\/wp\/v2\/posts\/17569\/revisions"}],"predecessor-version":[{"id":17571,"href":"https:\/\/www.mpppst.gob.ve\/mpppstweb\/index.php\/wp-json\/wp\/v2\/posts\/17569\/revisions\/17571"}],"wp:featuredmedia":[{"embeddable":true,"href":"https:\/\/www.mpppst.gob.ve\/mpppstweb\/index.php\/wp-json\/wp\/v2\/media\/17570"}],"wp:attachment":[{"href":"https:\/\/www.mpppst.gob.ve\/mpppstweb\/index.php\/wp-json\/wp\/v2\/media?parent=17569"}],"wp:term":[{"taxonomy":"category","embeddable":true,"href":"https:\/\/www.mpppst.gob.ve\/mpppstweb\/index.php\/wp-json\/wp\/v2\/categories?post=17569"},{"taxonomy":"post_tag","embeddable":true,"href":"https:\/\/www.mpppst.gob.ve\/mpppstweb\/index.php\/wp-json\/wp\/v2\/tags?post=17569"}],"curies":[{"name":"wp","href":"https:\/\/api.w.org\/{rel}","templated":true}]}}