{"id":17628,"date":"2020-01-14T16:45:08","date_gmt":"2020-01-14T20:45:08","guid":{"rendered":"http:\/\/www.mpppst.gob.ve\/mpppstweb\/?p=17628"},"modified":"2020-01-14T16:45:09","modified_gmt":"2020-01-14T20:45:09","slug":"2019-un-ano-de-avances-significativos-para-los-cpt","status":"publish","type":"post","link":"https:\/\/www.mpppst.gob.ve\/mpppstweb\/index.php\/2020\/01\/14\/2019-un-ano-de-avances-significativos-para-los-cpt\/","title":{"rendered":"2019: UN A\u00d1O DE AVANCES SIGNIFICATIVOS PARA LOS CPT"},"content":{"rendered":"\n<p>( Prensa Min Proceso Social de Trabajo 14.01.2020) El <strong>Gobierno Bolivariano<\/strong> a trav\u00e9s del <strong>Ministerio del Poder Popular para el Proceso Social de Trabajo<\/strong> liderado por el <strong>Ministro Eduardo Pi\u00f1ate<\/strong>, contin\u00faa en la lucha por seguir adelante con la producci\u00f3n del pa\u00eds, cumpliendo con \u00e9xito la meta de 2 mil <strong>Consejos Productivos de Trabajadores<\/strong> <strong>(CPT)<\/strong> en todo el territorio nacional, a pesar de las <strong>sanciones <\/strong>y <strong>bloqueos <\/strong>impuestos por el <strong>imperio norteamericano <\/strong>quienes pretenden acabar con la tranquilidad\u00a0 del pueblo venezolano.<\/p>\n\n\n\n<p>Desde el <strong>Mpppst <\/strong>y en conjunto con la clase obrera organizada se ha trabajado arduamente por cumplir a cabalidad la conformaci\u00f3n y juramentaci\u00f3n de los <strong>Consejos Productivos de Trabajadores<\/strong>,\u00a0 iniciativa implementada en el a\u00f1o <strong>2016<\/strong>.<\/p>\n\n\n\n<p>Los <strong>CPT <\/strong>tienen como funci\u00f3n <strong>elevar <\/strong>la <strong>producci\u00f3n nacional<\/strong>, fortalecer las fuerzas <strong>productivas <\/strong>del <strong>pa\u00eds<\/strong>, y ponerse a la <strong>vanguardia <\/strong>del <strong>modelo econ\u00f3mico productivo socialista<\/strong>, siendo una herramienta para contrarrestar la guerra econ\u00f3mica <strong>garantizado <\/strong>la <strong>producci\u00f3n <\/strong>y distribuci\u00f3n de rubros de importancia estrat\u00e9gica, como alimentos, medicinas, productos de aseo personal y de limpieza del hogar.<\/p>\n\n\n\n<p>Es importante se\u00f1alar que durante el pasado mes de Agosto, se llevo acabo el <strong>2do Encuentro Nacional de los CPT<\/strong>, donde se reunieron m\u00e1s de 200 trabajadores y trabajadoras de todo el pa\u00eds, \u00a0all\u00ed se evalu\u00f3 la visi\u00f3n productiva de los <strong>CPT<\/strong>, la conformaci\u00f3n de la milicia obrera para la defensa de las entidades de trabajo, adem\u00e1s del desarrollo del <strong>Modelo de Gesti\u00f3n Empresarial Socialista<\/strong> y la expansi\u00f3n de los <strong>CPT <\/strong>hacia el resto de los <strong>motores <\/strong>productivos que conforman la <strong>Agenda Econ\u00f3mica Bolivariana.<\/strong><\/p>\n\n\n\n<p>El titular de la cartera de trabajo durante el <strong>2019<\/strong>, se despleg\u00f3 a lo largo y ancho del pa\u00eds, realizando inspecciones a las diferentes l\u00edneas de <strong>producci\u00f3n <\/strong>de empresas <strong>p\u00fablicas <\/strong>y <strong>privadas<\/strong>, para cumplir con la meta establecida por el <strong>Presidente Nicol\u00e1s Maduro<\/strong>.\u00a0<\/p>\n\n\n\n<p>Para este nuevo a\u00f1o <strong>2020<\/strong>, la clase obrera se mantiene firme en la elevaci\u00f3n de los niveles de producci\u00f3n, impulsando aun m\u00e1s el <strong>Plan de Expansi\u00f3n de los CPT<\/strong>, para <strong>garantizar <\/strong>a nuestro pueblo la soberan\u00eda e independencia productiva que necesita.<br><\/p>\n","protected":false},"excerpt":{"rendered":"<p>( Prensa Min Proceso Social de Trabajo 14.01.2020) El Gobierno Bolivariano a trav\u00e9s del Ministerio del &hellip; <a title=\"2019: UN A\u00d1O DE AVANCES SIGNIFICATIVOS PARA LOS CPT\" class=\"hm-read-more\" href=\"https:\/\/www.mpppst.gob.ve\/mpppstweb\/index.php\/2020\/01\/14\/2019-un-ano-de-avances-significativos-para-los-cpt\/\"><span class=\"screen-reader-text\">2019: UN A\u00d1O DE AVANCES SIGNIFICATIVOS PARA LOS CPT<\/span>Read more<\/a><\/p>\n","protected":false},"author":25,"featured_media":16724,"comment_status":"closed","ping_status":"closed","sticky":false,"template":"","format":"standard","meta":{"footnotes":""},"categories":[82,163],"tags":[344,341,335],"yoast_head":"<!-- This site is optimized with the Yoast SEO plugin v22.5 - https:\/\/yoast.com\/wordpress\/plugins\/seo\/ -->\n<title>2019: UN A\u00d1O DE AVANCES SIGNIFICATIVOS PARA LOS CPT - MPPPST<\/title>\n<meta name=\"robots\" content=\"index, follow, max-snippet:-1, max-image-preview:large, max-video-preview:-1\" \/>\n<link rel=\"canonical\" href=\"https:\/\/www.mpppst.gob.ve\/mpppstweb\/index.php\/2020\/01\/14\/2019-un-ano-de-avances-significativos-para-los-cpt\/\" \/>\n<meta property=\"og:locale\" content=\"es_ES\" \/>\n<meta property=\"og:type\" content=\"article\" \/>\n<meta property=\"og:title\" content=\"2019: UN A\u00d1O DE AVANCES SIGNIFICATIVOS PARA LOS CPT - MPPPST\" \/>\n<meta property=\"og:description\" content=\"( Prensa Min Proceso Social de Trabajo 14.01.2020) El Gobierno Bolivariano a trav\u00e9s del Ministerio del &hellip; 2019: UN A\u00d1O DE AVANCES SIGNIFICATIVOS PARA LOS CPTRead more\" \/>\n<meta property=\"og:url\" content=\"https:\/\/www.mpppst.gob.ve\/mpppstweb\/index.php\/2020\/01\/14\/2019-un-ano-de-avances-significativos-para-los-cpt\/\" \/>\n<meta property=\"og:site_name\" content=\"MPPPST\" \/>\n<meta property=\"article:published_time\" content=\"2020-01-14T20:45:08+00:00\" \/>\n<meta property=\"article:modified_time\" content=\"2020-01-14T20:45:09+00:00\" \/>\n<meta property=\"og:image\" content=\"https:\/\/www.mpppst.gob.ve\/mpppstweb\/wp-content\/uploads\/2019\/11\/cpt.png\" \/>\n\t<meta property=\"og:image:width\" content=\"768\" \/>\n\t<meta property=\"og:image:height\" content=\"614\" \/>\n\t<meta property=\"og:image:type\" content=\"image\/png\" \/>\n<meta name=\"author\" content=\"MPPPST Prensa\" \/>\n<meta name=\"twitter:card\" content=\"summary_large_image\" \/>\n<meta name=\"twitter:label1\" content=\"Escrito por\" \/>\n\t<meta name=\"twitter:data1\" content=\"MPPPST Prensa\" \/>\n\t<meta name=\"twitter:label2\" content=\"Tiempo de lectura\" \/>\n\t<meta name=\"twitter:data2\" content=\"2 minutos\" \/>\n<script type=\"application\/ld+json\" class=\"yoast-schema-graph\">{\"@context\":\"https:\/\/schema.org\",\"@graph\":[{\"@type\":\"Article\",\"@id\":\"https:\/\/www.mpppst.gob.ve\/mpppstweb\/index.php\/2020\/01\/14\/2019-un-ano-de-avances-significativos-para-los-cpt\/#article\",\"isPartOf\":{\"@id\":\"https:\/\/www.mpppst.gob.ve\/mpppstweb\/index.php\/2020\/01\/14\/2019-un-ano-de-avances-significativos-para-los-cpt\/\"},\"author\":{\"name\":\"MPPPST Prensa\",\"@id\":\"https:\/\/www.mpppst.gob.ve\/mpppstweb\/#\/schema\/person\/fc187ee8ead412bd4c9304b62f900ea4\"},\"headline\":\"2019: UN A\u00d1O DE AVANCES SIGNIFICATIVOS PARA LOS CPT\",\"datePublished\":\"2020-01-14T20:45:08+00:00\",\"dateModified\":\"2020-01-14T20:45:09+00:00\",\"mainEntityOfPage\":{\"@id\":\"https:\/\/www.mpppst.gob.ve\/mpppstweb\/index.php\/2020\/01\/14\/2019-un-ano-de-avances-significativos-para-los-cpt\/\"},\"wordCount\":377,\"publisher\":{\"@id\":\"https:\/\/www.mpppst.gob.ve\/mpppstweb\/#organization\"},\"image\":{\"@id\":\"https:\/\/www.mpppst.gob.ve\/mpppstweb\/index.php\/2020\/01\/14\/2019-un-ano-de-avances-significativos-para-los-cpt\/#primaryimage\"},\"thumbnailUrl\":\"https:\/\/www.mpppst.gob.ve\/mpppstweb\/wp-content\/uploads\/2019\/11\/cpt.png\",\"keywords\":[\"CPT\",\"Nicol\u00e1s Maduro\",\"Venezuela\"],\"articleSection\":[\"Gobierno Nacional\",\"Noticias\"],\"inLanguage\":\"es\"},{\"@type\":\"WebPage\",\"@id\":\"https:\/\/www.mpppst.gob.ve\/mpppstweb\/index.php\/2020\/01\/14\/2019-un-ano-de-avances-significativos-para-los-cpt\/\",\"url\":\"https:\/\/www.mpppst.gob.ve\/mpppstweb\/index.php\/2020\/01\/14\/2019-un-ano-de-avances-significativos-para-los-cpt\/\",\"name\":\"2019: UN A\u00d1O DE AVANCES SIGNIFICATIVOS PARA LOS CPT - MPPPST\",\"isPartOf\":{\"@id\":\"https:\/\/www.mpppst.gob.ve\/mpppstweb\/#website\"},\"primaryImageOfPage\":{\"@id\":\"https:\/\/www.mpppst.gob.ve\/mpppstweb\/index.php\/2020\/01\/14\/2019-un-ano-de-avances-significativos-para-los-cpt\/#primaryimage\"},\"image\":{\"@id\":\"https:\/\/www.mpppst.gob.ve\/mpppstweb\/index.php\/2020\/01\/14\/2019-un-ano-de-avances-significativos-para-los-cpt\/#primaryimage\"},\"thumbnailUrl\":\"https:\/\/www.mpppst.gob.ve\/mpppstweb\/wp-content\/uploads\/2019\/11\/cpt.png\",\"datePublished\":\"2020-01-14T20:45:08+00:00\",\"dateModified\":\"2020-01-14T20:45:09+00:00\",\"breadcrumb\":{\"@id\":\"https:\/\/www.mpppst.gob.ve\/mpppstweb\/index.php\/2020\/01\/14\/2019-un-ano-de-avances-significativos-para-los-cpt\/#breadcrumb\"},\"inLanguage\":\"es\",\"potentialAction\":[{\"@type\":\"ReadAction\",\"target\":[\"https:\/\/www.mpppst.gob.ve\/mpppstweb\/index.php\/2020\/01\/14\/2019-un-ano-de-avances-significativos-para-los-cpt\/\"]}]},{\"@type\":\"ImageObject\",\"inLanguage\":\"es\",\"@id\":\"https:\/\/www.mpppst.gob.ve\/mpppstweb\/index.php\/2020\/01\/14\/2019-un-ano-de-avances-significativos-para-los-cpt\/#primaryimage\",\"url\":\"https:\/\/www.mpppst.gob.ve\/mpppstweb\/wp-content\/uploads\/2019\/11\/cpt.png\",\"contentUrl\":\"https:\/\/www.mpppst.gob.ve\/mpppstweb\/wp-content\/uploads\/2019\/11\/cpt.png\",\"width\":768,\"height\":614},{\"@type\":\"BreadcrumbList\",\"@id\":\"https:\/\/www.mpppst.gob.ve\/mpppstweb\/index.php\/2020\/01\/14\/2019-un-ano-de-avances-significativos-para-los-cpt\/#breadcrumb\",\"itemListElement\":[{\"@type\":\"ListItem\",\"position\":1,\"name\":\"Home\",\"item\":\"https:\/\/www.mpppst.gob.ve\/mpppstweb\/\"},{\"@type\":\"ListItem\",\"position\":2,\"name\":\"2019: UN A\u00d1O DE AVANCES SIGNIFICATIVOS PARA LOS CPT\"}]},{\"@type\":\"WebSite\",\"@id\":\"https:\/\/www.mpppst.gob.ve\/mpppstweb\/#website\",\"url\":\"https:\/\/www.mpppst.gob.ve\/mpppstweb\/\",\"name\":\"MPPPST\",\"description\":\"Ministerio del Poder Popular para el Proceso Social de Trabajo\",\"publisher\":{\"@id\":\"https:\/\/www.mpppst.gob.ve\/mpppstweb\/#organization\"},\"potentialAction\":[{\"@type\":\"SearchAction\",\"target\":{\"@type\":\"EntryPoint\",\"urlTemplate\":\"https:\/\/www.mpppst.gob.ve\/mpppstweb\/?s={search_term_string}\"},\"query-input\":\"required name=search_term_string\"}],\"inLanguage\":\"es\"},{\"@type\":\"Organization\",\"@id\":\"https:\/\/www.mpppst.gob.ve\/mpppstweb\/#organization\",\"name\":\"mpppst\",\"url\":\"https:\/\/www.mpppst.gob.ve\/mpppstweb\/\",\"logo\":{\"@type\":\"ImageObject\",\"inLanguage\":\"es\",\"@id\":\"https:\/\/www.mpppst.gob.ve\/mpppstweb\/#\/schema\/logo\/image\/\",\"url\":\"https:\/\/www.mpppst.gob.ve\/mpppstweb\/wp-content\/uploads\/2025\/07\/cropped-cropped-g910.png\",\"contentUrl\":\"https:\/\/www.mpppst.gob.ve\/mpppstweb\/wp-content\/uploads\/2025\/07\/cropped-cropped-g910.png\",\"width\":1080,\"height\":241,\"caption\":\"mpppst\"},\"image\":{\"@id\":\"https:\/\/www.mpppst.gob.ve\/mpppstweb\/#\/schema\/logo\/image\/\"}},{\"@type\":\"Person\",\"@id\":\"https:\/\/www.mpppst.gob.ve\/mpppstweb\/#\/schema\/person\/fc187ee8ead412bd4c9304b62f900ea4\",\"name\":\"MPPPST Prensa\",\"url\":\"https:\/\/www.mpppst.gob.ve\/mpppstweb\/index.php\/author\/prensa-mpppst\/\"}]}<\/script>\n<!-- \/ Yoast SEO plugin. -->","yoast_head_json":{"title":"2019: UN A\u00d1O DE AVANCES SIGNIFICATIVOS PARA LOS CPT - MPPPST","robots":{"index":"index","follow":"follow","max-snippet":"max-snippet:-1","max-image-preview":"max-image-preview:large","max-video-preview":"max-video-preview:-1"},"canonical":"https:\/\/www.mpppst.gob.ve\/mpppstweb\/index.php\/2020\/01\/14\/2019-un-ano-de-avances-significativos-para-los-cpt\/","og_locale":"es_ES","og_type":"article","og_title":"2019: UN A\u00d1O DE AVANCES SIGNIFICATIVOS PARA LOS CPT - MPPPST","og_description":"( Prensa Min Proceso Social de Trabajo 14.01.2020) El Gobierno Bolivariano a trav\u00e9s del Ministerio del &hellip; 2019: UN A\u00d1O DE AVANCES SIGNIFICATIVOS PARA LOS CPTRead more","og_url":"https:\/\/www.mpppst.gob.ve\/mpppstweb\/index.php\/2020\/01\/14\/2019-un-ano-de-avances-significativos-para-los-cpt\/","og_site_name":"MPPPST","article_published_time":"2020-01-14T20:45:08+00:00","article_modified_time":"2020-01-14T20:45:09+00:00","og_image":[{"width":768,"height":614,"url":"https:\/\/www.mpppst.gob.ve\/mpppstweb\/wp-content\/uploads\/2019\/11\/cpt.png","type":"image\/png"}],"author":"MPPPST Prensa","twitter_card":"summary_large_image","twitter_misc":{"Escrito por":"MPPPST Prensa","Tiempo de lectura":"2 minutos"},"schema":{"@context":"https:\/\/schema.org","@graph":[{"@type":"Article","@id":"https:\/\/www.mpppst.gob.ve\/mpppstweb\/index.php\/2020\/01\/14\/2019-un-ano-de-avances-significativos-para-los-cpt\/#article","isPartOf":{"@id":"https:\/\/www.mpppst.gob.ve\/mpppstweb\/index.php\/2020\/01\/14\/2019-un-ano-de-avances-significativos-para-los-cpt\/"},"author":{"name":"MPPPST Prensa","@id":"https:\/\/www.mpppst.gob.ve\/mpppstweb\/#\/schema\/person\/fc187ee8ead412bd4c9304b62f900ea4"},"headline":"2019: UN A\u00d1O DE AVANCES SIGNIFICATIVOS PARA LOS CPT","datePublished":"2020-01-14T20:45:08+00:00","dateModified":"2020-01-14T20:45:09+00:00","mainEntityOfPage":{"@id":"https:\/\/www.mpppst.gob.ve\/mpppstweb\/index.php\/2020\/01\/14\/2019-un-ano-de-avances-significativos-para-los-cpt\/"},"wordCount":377,"publisher":{"@id":"https:\/\/www.mpppst.gob.ve\/mpppstweb\/#organization"},"image":{"@id":"https:\/\/www.mpppst.gob.ve\/mpppstweb\/index.php\/2020\/01\/14\/2019-un-ano-de-avances-significativos-para-los-cpt\/#primaryimage"},"thumbnailUrl":"https:\/\/www.mpppst.gob.ve\/mpppstweb\/wp-content\/uploads\/2019\/11\/cpt.png","keywords":["CPT","Nicol\u00e1s Maduro","Venezuela"],"articleSection":["Gobierno Nacional","Noticias"],"inLanguage":"es"},{"@type":"WebPage","@id":"https:\/\/www.mpppst.gob.ve\/mpppstweb\/index.php\/2020\/01\/14\/2019-un-ano-de-avances-significativos-para-los-cpt\/","url":"https:\/\/www.mpppst.gob.ve\/mpppstweb\/index.php\/2020\/01\/14\/2019-un-ano-de-avances-significativos-para-los-cpt\/","name":"2019: UN A\u00d1O DE AVANCES SIGNIFICATIVOS PARA LOS CPT - MPPPST","isPartOf":{"@id":"https:\/\/www.mpppst.gob.ve\/mpppstweb\/#website"},"primaryImageOfPage":{"@id":"https:\/\/www.mpppst.gob.ve\/mpppstweb\/index.php\/2020\/01\/14\/2019-un-ano-de-avances-significativos-para-los-cpt\/#primaryimage"},"image":{"@id":"https:\/\/www.mpppst.gob.ve\/mpppstweb\/index.php\/2020\/01\/14\/2019-un-ano-de-avances-significativos-para-los-cpt\/#primaryimage"},"thumbnailUrl":"https:\/\/www.mpppst.gob.ve\/mpppstweb\/wp-content\/uploads\/2019\/11\/cpt.png","datePublished":"2020-01-14T20:45:08+00:00","dateModified":"2020-01-14T20:45:09+00:00","breadcrumb":{"@id":"https:\/\/www.mpppst.gob.ve\/mpppstweb\/index.php\/2020\/01\/14\/2019-un-ano-de-avances-significativos-para-los-cpt\/#breadcrumb"},"inLanguage":"es","potentialAction":[{"@type":"ReadAction","target":["https:\/\/www.mpppst.gob.ve\/mpppstweb\/index.php\/2020\/01\/14\/2019-un-ano-de-avances-significativos-para-los-cpt\/"]}]},{"@type":"ImageObject","inLanguage":"es","@id":"https:\/\/www.mpppst.gob.ve\/mpppstweb\/index.php\/2020\/01\/14\/2019-un-ano-de-avances-significativos-para-los-cpt\/#primaryimage","url":"https:\/\/www.mpppst.gob.ve\/mpppstweb\/wp-content\/uploads\/2019\/11\/cpt.png","contentUrl":"https:\/\/www.mpppst.gob.ve\/mpppstweb\/wp-content\/uploads\/2019\/11\/cpt.png","width":768,"height":614},{"@type":"BreadcrumbList","@id":"https:\/\/www.mpppst.gob.ve\/mpppstweb\/index.php\/2020\/01\/14\/2019-un-ano-de-avances-significativos-para-los-cpt\/#breadcrumb","itemListElement":[{"@type":"ListItem","position":1,"name":"Home","item":"https:\/\/www.mpppst.gob.ve\/mpppstweb\/"},{"@type":"ListItem","position":2,"name":"2019: UN A\u00d1O DE AVANCES SIGNIFICATIVOS PARA LOS CPT"}]},{"@type":"WebSite","@id":"https:\/\/www.mpppst.gob.ve\/mpppstweb\/#website","url":"https:\/\/www.mpppst.gob.ve\/mpppstweb\/","name":"MPPPST","description":"Ministerio del Poder Popular para el Proceso Social de Trabajo","publisher":{"@id":"https:\/\/www.mpppst.gob.ve\/mpppstweb\/#organization"},"potentialAction":[{"@type":"SearchAction","target":{"@type":"EntryPoint","urlTemplate":"https:\/\/www.mpppst.gob.ve\/mpppstweb\/?s={search_term_string}"},"query-input":"required name=search_term_string"}],"inLanguage":"es"},{"@type":"Organization","@id":"https:\/\/www.mpppst.gob.ve\/mpppstweb\/#organization","name":"mpppst","url":"https:\/\/www.mpppst.gob.ve\/mpppstweb\/","logo":{"@type":"ImageObject","inLanguage":"es","@id":"https:\/\/www.mpppst.gob.ve\/mpppstweb\/#\/schema\/logo\/image\/","url":"https:\/\/www.mpppst.gob.ve\/mpppstweb\/wp-content\/uploads\/2025\/07\/cropped-cropped-g910.png","contentUrl":"https:\/\/www.mpppst.gob.ve\/mpppstweb\/wp-content\/uploads\/2025\/07\/cropped-cropped-g910.png","width":1080,"height":241,"caption":"mpppst"},"image":{"@id":"https:\/\/www.mpppst.gob.ve\/mpppstweb\/#\/schema\/logo\/image\/"}},{"@type":"Person","@id":"https:\/\/www.mpppst.gob.ve\/mpppstweb\/#\/schema\/person\/fc187ee8ead412bd4c9304b62f900ea4","name":"MPPPST Prensa","url":"https:\/\/www.mpppst.gob.ve\/mpppstweb\/index.php\/author\/prensa-mpppst\/"}]}},"_links":{"self":[{"href":"https:\/\/www.mpppst.gob.ve\/mpppstweb\/index.php\/wp-json\/wp\/v2\/posts\/17628"}],"collection":[{"href":"https:\/\/www.mpppst.gob.ve\/mpppstweb\/index.php\/wp-json\/wp\/v2\/posts"}],"about":[{"href":"https:\/\/www.mpppst.gob.ve\/mpppstweb\/index.php\/wp-json\/wp\/v2\/types\/post"}],"author":[{"embeddable":true,"href":"https:\/\/www.mpppst.gob.ve\/mpppstweb\/index.php\/wp-json\/wp\/v2\/users\/25"}],"replies":[{"embeddable":true,"href":"https:\/\/www.mpppst.gob.ve\/mpppstweb\/index.php\/wp-json\/wp\/v2\/comments?post=17628"}],"version-history":[{"count":1,"href":"https:\/\/www.mpppst.gob.ve\/mpppstweb\/index.php\/wp-json\/wp\/v2\/posts\/17628\/revisions"}],"predecessor-version":[{"id":17629,"href":"https:\/\/www.mpppst.gob.ve\/mpppstweb\/index.php\/wp-json\/wp\/v2\/posts\/17628\/revisions\/17629"}],"wp:featuredmedia":[{"embeddable":true,"href":"https:\/\/www.mpppst.gob.ve\/mpppstweb\/index.php\/wp-json\/wp\/v2\/media\/16724"}],"wp:attachment":[{"href":"https:\/\/www.mpppst.gob.ve\/mpppstweb\/index.php\/wp-json\/wp\/v2\/media?parent=17628"}],"wp:term":[{"taxonomy":"category","embeddable":true,"href":"https:\/\/www.mpppst.gob.ve\/mpppstweb\/index.php\/wp-json\/wp\/v2\/categories?post=17628"},{"taxonomy":"post_tag","embeddable":true,"href":"https:\/\/www.mpppst.gob.ve\/mpppstweb\/index.php\/wp-json\/wp\/v2\/tags?post=17628"}],"curies":[{"name":"wp","href":"https:\/\/api.w.org\/{rel}","templated":true}]}}